{"id":3579,"date":"2017-10-31T16:07:19","date_gmt":"2017-10-31T15:07:19","guid":{"rendered":"https:\/\/villena.salesianos.edu\/ampa\/blog\/2017\/10\/31\/tarjeta-asociado-familias-ampa\/"},"modified":"2017-10-31T16:07:19","modified_gmt":"2017-10-31T15:07:19","slug":"tarjeta-asociado-familias-ampa","status":"publish","type":"post","link":"https:\/\/villena.salesianos.edu\/ampa\/tarjeta-asociado-familias-ampa\/","title":{"rendered":"Tarjeta Asociado Familias AMPA"},"content":{"rendered":"<p>[et_pb_section bb_built=\u00bb1&#8243; admin_label=\u00bbsection\u00bb][et_pb_row admin_label=\u00bbrow\u00bb background_position=\u00bbtop_left\u00bb background_repeat=\u00bbrepeat\u00bb background_size=\u00bbinitial\u00bb][et_pb_column type=\u00bb4_4&#8243;][et_pb_text admin_label=\u00bbEntradilla (Texto)\u00bb _builder_version=\u00bb3.0.82&#8243; background_layout=\u00bblight\u00bb text_orientation=\u00bbjustified\u00bb text_font=\u00bb|on|||\u00bb border_style=\u00bbsolid\u00bb box_shadow_position=\u00bbouter\u00bb]<\/p>\n<p align=\"justify\"><span style=\"font-family: Arial, sans-serif;\">Desde la <strong>Federaci\u00f3n de AMPAS (FAPASI)<\/strong> que integra a 15 colegios de las Comunidades Valenciana, Murciana y Aragonesa (Alcoy, Alicante, Burriana, Cabezo de Torres, Cartagena, E Campello, Elche, Ibi, La Almunia de Do\u00f1a Godina, Valencia, Villena y Zaragoza), con <strong>m\u00e1s de 14.000 alumnos<\/strong> y alrededor de <strong>6.500 familias<\/strong>, hemos lanzado una <strong>TARJETA ASOCIADO<\/strong> para cada familia.<\/span><\/p>\n<p>[\/et_pb_text][et_pb_text admin_label=\u00bbAutor (Texto)\u00bb _builder_version=\u00bb3.0.82&#8243; background_layout=\u00bblight\u00bb text_font=\u00bb||on||\u00bb border_style=\u00bbsolid\u00bb box_shadow_position=\u00bbouter\u00bb]<\/p>\n<p><em>Por AMPA<\/em><\/p>\n<p>[\/et_pb_text][et_pb_text admin_label=\u00bbDesarrollo (Texto)\u00bb _builder_version=\u00bb3.0.82&#8243; background_layout=\u00bblight\u00bb text_orientation=\u00bbjustified\u00bb border_style=\u00bbsolid\u00bb box_shadow_position=\u00bbouter\u00bb]<\/p>\n<p align=\"justify\"><span style=\"font-family: Arial, sans-serif;\">En estos momentos FAPASI en colaboraci\u00f3n con las distintas AMPAS est\u00e1 realizando contactos con varios establecimientos y empresas para poder cerrar convenios de colaboraci\u00f3n de los cuales puedan ser beneficiarios nuestros asociados.<\/span><\/p>\n<p align=\"justify\"><span style=\"font-family: Arial, sans-serif;\">Mediante esta tarjeta, los asociados de las AMPAS, tanto de nuestro colegio de Villena como los de las distintas poblaciones de la Inspector\u00eda, esperamos que puedan acceder a futuro de interesantes ventajas en los comercios asociados. La realizaci\u00f3n de esta tarjeta es <strong>totalmente gratuita<\/strong> para las familias.<\/span><\/p>\n<p align=\"justify\"><span style=\"font-family: Arial, sans-serif;\">Se pretende negociar con los comercios interesados una oferta comercial por el simple hecho de ser miembros de la Asociaci\u00f3n. Cada comercio propondr\u00e1 una oferta y el AMPA las agrupar\u00e1 y las pondr\u00e1 en conocimeinto de los asociados. Os iremos comunicando por Qualitas o a trav\u00e9s de la Web del Colegio y del AMPA, los acuerdos alcanzados con los comercios.<\/span><\/p>\n<p align=\"justify\"><span style=\"font-family: Arial, sans-serif;\">La colaboraci\u00f3n <strong>no supone<\/strong> ning\u00fan <strong>coste para el Comercio<\/strong>, por lo que, desde el AMPA, os animamos a participar si diriges o trabajas en alguna empresa o comercio a la que puedira interesar. Si es as\u00ed puedes ponerte en contacto con el AMPA a trav\u00e9s del mail <a href=\"mailto:apas.villena@salesianos.edu\">apas.villena@salesianos.edu<\/a><\/span><\/p>\n<p align=\"justify\"><span style=\"font-family: Arial, sans-serif;\">La tarjeta se puede ir retirando en la Sala Domingo savio en el siguiente horario, viernes d\u00eda 3 y 10 de Noviembre por la tarde de 17:00 a 18:30 horas. Hay una tarjeta por cada familia social del AMPA.<\/span><\/p>\n<p align=\"justify\"><span style=\"font-family: Arial, sans-serif;\">Las tarjetas correspondientes a las familias de 3 INF y 4 INF por problemas en la impresi\u00f3n, no est\u00e1n todav\u00eda disponibles, se les avisar\u00e1 debidamente para su retirada.<\/span><\/p>\n<p align=\"justify\"><span style=\"font-family: Arial, sans-serif;\">Como primera colaboraci\u00f3n, se ha alcanzado un acuerdo con interesantes descuentos en el parque tem\u00e1tico TERRA NATURA. El bono descuento a presentar en el parque tem\u00e1stique acompa\u00f1ado del carnet FAPASI lo podr\u00e9is descargar en <a href=\"http:\/\/villena.salesianos.edu\/ampa\">villena.salesianos.edu\/ampa<\/a><\/span><\/p>\n<p>[\/et_pb_text][et_pb_text admin_label=\u00bbT\u00edtulo: Galer\u00eda de fotos (Texto)\u00bb _builder_version=\u00bb3.0.51&#8243; background_layout=\u00bblight\u00bb text_orientation=\u00bbleft\u00bb text_font=\u00bb|on|||\u00bb text_text_color=\u00bb#dc001b\u00bb border_style=\u00bbsolid\u00bb disabled=\u00bbon\u00bb disabled_on=\u00bbon|on|on\u00bb]<\/p>\n<p>Galer\u00eda de im\u00e1genes<\/p>\n<p>[\/et_pb_text][et_pb_gallery _builder_version=\u00bb3.0.51&#8243; posts_number=\u00bb8&#8243; show_title_and_caption=\u00bboff\u00bb show_pagination=\u00bbon\u00bb fullwidth=\u00bboff\u00bb orientation=\u00bblandscape\u00bb zoom_icon_color=\u00bb#dc001b\u00bb hover_overlay_color=\u00bbrgba(255,255,255,0.9)\u00bb hover_icon=\u00bb%%51%%\u00bb background_layout=\u00bblight\u00bb border_style=\u00bbsolid\u00bb auto=\u00bboff\u00bb disabled=\u00bbon\u00bb disabled_on=\u00bbon|on|on\u00bb \/][et_pb_video _builder_version=\u00bb3.0.51&#8243; disabled=\u00bbon\u00bb disabled_on=\u00bbon|on|on\u00bb \/][\/et_pb_column][\/et_pb_row][\/et_pb_section]<\/p>\n","protected":false},"excerpt":{"rendered":"<p>Desde la Federaci\u00f3n de AMPAS (FAPASI) que integra a 15 colegios de las Comunidades Valenciana, Murciana y Aragonesa (Alcoy, Alicante, Burriana, Cabezo de Torres, Cartagena, E Campello, Elche, Ibi, La Almunia de Do\u00f1a Godina, Valencia, Villena y Zaragoza), con m\u00e1s de 14.000 alumnos y alrededor de 6.500 familias, hemos lanzado una TARJETA ASOCIADO para cada [&hellip;]<\/p>\n","protected":false},"author":2,"featured_media":3580,"comment_status":"open","ping_status":"open","sticky":false,"template":"","format":"standard","meta":{"_et_pb_use_builder":"on","_et_pb_old_content":"","_et_gb_content_width":"","footnotes":""},"categories":[32,34,24],"tags":[],"class_list":["post-3579","post","type-post","status-publish","format-standard","has-post-thumbnail","hentry","category-ampa","category-colegio","category-portadanoticias"],"yoast_head":"<!-- This site is optimized with the Yoast SEO plugin v28.3 - https:\/\/yoast.com\/product\/yoast-seo-wordpress\/ -->\n<title>Tarjeta Asociado Familias AMPA - ampa<\/title>\n<meta name=\"robots\" content=\"index, follow, max-snippet:-1, max-image-preview:large, max-video-preview:-1\" \/>\n<link rel=\"canonical\" href=\"https:\/\/villena.salesianos.edu\/ampa\/tarjeta-asociado-familias-ampa\/\" \/>\n<meta property=\"og:locale\" content=\"es_ES\" \/>\n<meta property=\"og:type\" content=\"article\" \/>\n<meta property=\"og:title\" content=\"Tarjeta Asociado Familias AMPA - ampa\" \/>\n<meta property=\"og:description\" content=\"Desde la Federaci\u00f3n de AMPAS (FAPASI) que integra a 15 colegios de las Comunidades Valenciana, Murciana y Aragonesa (Alcoy, Alicante, Burriana, Cabezo de Torres, Cartagena, E Campello, Elche, Ibi, La Almunia de Do\u00f1a Godina, Valencia, Villena y Zaragoza), con m\u00e1s de 14.000 alumnos y alrededor de 6.500 familias, hemos lanzado una TARJETA ASOCIADO para cada [&hellip;]\" \/>\n<meta property=\"og:url\" content=\"https:\/\/villena.salesianos.edu\/ampa\/tarjeta-asociado-familias-ampa\/\" \/>\n<meta property=\"og:site_name\" content=\"ampa\" \/>\n<meta property=\"article:published_time\" content=\"2017-10-31T15:07:19+00:00\" \/>\n<meta property=\"og:image\" content=\"https:\/\/villena.salesianos.edu\/ampa\/wp-content\/uploads\/sites\/5\/2017\/10\/FAPASI.png\" \/>\n\t<meta property=\"og:image:width\" content=\"580\" \/>\n\t<meta property=\"og:image:height\" content=\"294\" \/>\n\t<meta property=\"og:image:type\" content=\"image\/png\" \/>\n<meta name=\"author\" content=\"Gestor Web\" \/>\n<meta name=\"twitter:card\" content=\"summary_large_image\" \/>\n<meta name=\"twitter:label1\" content=\"Escrito por\" \/>\n\t<meta name=\"twitter:data1\" content=\"Gestor Web\" \/>\n\t<meta name=\"twitter:label2\" content=\"Tiempo de lectura\" \/>\n\t<meta name=\"twitter:data2\" content=\"3 minutos\" \/>\n<script type=\"application\/ld+json\" class=\"yoast-schema-graph\">{\"@context\":\"https:\\\/\\\/schema.org\",\"@graph\":[{\"@type\":\"Article\",\"@id\":\"https:\\\/\\\/villena.salesianos.edu\\\/ampa\\\/tarjeta-asociado-familias-ampa\\\/#article\",\"isPartOf\":{\"@id\":\"https:\\\/\\\/villena.salesianos.edu\\\/ampa\\\/tarjeta-asociado-familias-ampa\\\/\"},\"author\":{\"name\":\"Gestor Web\",\"@id\":\"https:\\\/\\\/villena.salesianos.edu\\\/ampa\\\/#\\\/schema\\\/person\\\/737fd46edc5ae7d6c9b94da26c0e9302\"},\"headline\":\"Tarjeta Asociado Familias AMPA\",\"datePublished\":\"2017-10-31T15:07:19+00:00\",\"mainEntityOfPage\":{\"@id\":\"https:\\\/\\\/villena.salesianos.edu\\\/ampa\\\/tarjeta-asociado-familias-ampa\\\/\"},\"wordCount\":587,\"commentCount\":0,\"image\":{\"@id\":\"https:\\\/\\\/villena.salesianos.edu\\\/ampa\\\/tarjeta-asociado-familias-ampa\\\/#primaryimage\"},\"thumbnailUrl\":\"https:\\\/\\\/villena.salesianos.edu\\\/ampa\\\/wp-content\\\/uploads\\\/sites\\\/5\\\/2017\\\/10\\\/FAPASI.png\",\"articleSection\":[\"AMPA\",\"Colegio\",\"Portada Noticias\"],\"inLanguage\":\"es\",\"potentialAction\":[{\"@type\":\"CommentAction\",\"name\":\"Comment\",\"target\":[\"https:\\\/\\\/villena.salesianos.edu\\\/ampa\\\/tarjeta-asociado-familias-ampa\\\/#respond\"]}]},{\"@type\":\"WebPage\",\"@id\":\"https:\\\/\\\/villena.salesianos.edu\\\/ampa\\\/tarjeta-asociado-familias-ampa\\\/\",\"url\":\"https:\\\/\\\/villena.salesianos.edu\\\/ampa\\\/tarjeta-asociado-familias-ampa\\\/\",\"name\":\"Tarjeta Asociado Familias AMPA - ampa\",\"isPartOf\":{\"@id\":\"https:\\\/\\\/villena.salesianos.edu\\\/ampa\\\/#website\"},\"primaryImageOfPage\":{\"@id\":\"https:\\\/\\\/villena.salesianos.edu\\\/ampa\\\/tarjeta-asociado-familias-ampa\\\/#primaryimage\"},\"image\":{\"@id\":\"https:\\\/\\\/villena.salesianos.edu\\\/ampa\\\/tarjeta-asociado-familias-ampa\\\/#primaryimage\"},\"thumbnailUrl\":\"https:\\\/\\\/villena.salesianos.edu\\\/ampa\\\/wp-content\\\/uploads\\\/sites\\\/5\\\/2017\\\/10\\\/FAPASI.png\",\"datePublished\":\"2017-10-31T15:07:19+00:00\",\"author\":{\"@id\":\"https:\\\/\\\/villena.salesianos.edu\\\/ampa\\\/#\\\/schema\\\/person\\\/737fd46edc5ae7d6c9b94da26c0e9302\"},\"breadcrumb\":{\"@id\":\"https:\\\/\\\/villena.salesianos.edu\\\/ampa\\\/tarjeta-asociado-familias-ampa\\\/#breadcrumb\"},\"inLanguage\":\"es\",\"potentialAction\":[{\"@type\":\"ReadAction\",\"target\":[\"https:\\\/\\\/villena.salesianos.edu\\\/ampa\\\/tarjeta-asociado-familias-ampa\\\/\"]}]},{\"@type\":\"ImageObject\",\"inLanguage\":\"es\",\"@id\":\"https:\\\/\\\/villena.salesianos.edu\\\/ampa\\\/tarjeta-asociado-familias-ampa\\\/#primaryimage\",\"url\":\"https:\\\/\\\/villena.salesianos.edu\\\/ampa\\\/wp-content\\\/uploads\\\/sites\\\/5\\\/2017\\\/10\\\/FAPASI.png\",\"contentUrl\":\"https:\\\/\\\/villena.salesianos.edu\\\/ampa\\\/wp-content\\\/uploads\\\/sites\\\/5\\\/2017\\\/10\\\/FAPASI.png\",\"width\":580,\"height\":294},{\"@type\":\"BreadcrumbList\",\"@id\":\"https:\\\/\\\/villena.salesianos.edu\\\/ampa\\\/tarjeta-asociado-familias-ampa\\\/#breadcrumb\",\"itemListElement\":[{\"@type\":\"ListItem\",\"position\":1,\"name\":\"Portada\",\"item\":\"https:\\\/\\\/villena.salesianos.edu\\\/ampa\\\/\"},{\"@type\":\"ListItem\",\"position\":2,\"name\":\"Tarjeta Asociado Familias AMPA\"}]},{\"@type\":\"WebSite\",\"@id\":\"https:\\\/\\\/villena.salesianos.edu\\\/ampa\\\/#website\",\"url\":\"https:\\\/\\\/villena.salesianos.edu\\\/ampa\\\/\",\"name\":\"ampa\",\"description\":\"P\u00e1gina oficial AMPA Salesianos Villena\",\"potentialAction\":[{\"@type\":\"SearchAction\",\"target\":{\"@type\":\"EntryPoint\",\"urlTemplate\":\"https:\\\/\\\/villena.salesianos.edu\\\/ampa\\\/?s={search_term_string}\"},\"query-input\":{\"@type\":\"PropertyValueSpecification\",\"valueRequired\":true,\"valueName\":\"search_term_string\"}}],\"inLanguage\":\"es\"},{\"@type\":\"Person\",\"@id\":\"https:\\\/\\\/villena.salesianos.edu\\\/ampa\\\/#\\\/schema\\\/person\\\/737fd46edc5ae7d6c9b94da26c0e9302\",\"name\":\"Gestor Web\",\"image\":{\"@type\":\"ImageObject\",\"inLanguage\":\"es\",\"@id\":\"https:\\\/\\\/secure.gravatar.com\\\/avatar\\\/44469746e1b6443cd011d1759fdc3b9fdcdae4a08dc0ddd85247651cb065486d?s=96&d=mm&r=g\",\"url\":\"https:\\\/\\\/secure.gravatar.com\\\/avatar\\\/44469746e1b6443cd011d1759fdc3b9fdcdae4a08dc0ddd85247651cb065486d?s=96&d=mm&r=g\",\"contentUrl\":\"https:\\\/\\\/secure.gravatar.com\\\/avatar\\\/44469746e1b6443cd011d1759fdc3b9fdcdae4a08dc0ddd85247651cb065486d?s=96&d=mm&r=g\",\"caption\":\"Gestor Web\"}}]}<\/script>\n<!-- \/ Yoast SEO plugin. -->","yoast_head_json":{"title":"Tarjeta Asociado Familias AMPA - ampa","robots":{"index":"index","follow":"follow","max-snippet":"max-snippet:-1","max-image-preview":"max-image-preview:large","max-video-preview":"max-video-preview:-1"},"canonical":"https:\/\/villena.salesianos.edu\/ampa\/tarjeta-asociado-familias-ampa\/","og_locale":"es_ES","og_type":"article","og_title":"Tarjeta Asociado Familias AMPA - ampa","og_description":"Desde la Federaci\u00f3n de AMPAS (FAPASI) que integra a 15 colegios de las Comunidades Valenciana, Murciana y Aragonesa (Alcoy, Alicante, Burriana, Cabezo de Torres, Cartagena, E Campello, Elche, Ibi, La Almunia de Do\u00f1a Godina, Valencia, Villena y Zaragoza), con m\u00e1s de 14.000 alumnos y alrededor de 6.500 familias, hemos lanzado una TARJETA ASOCIADO para cada [&hellip;]","og_url":"https:\/\/villena.salesianos.edu\/ampa\/tarjeta-asociado-familias-ampa\/","og_site_name":"ampa","article_published_time":"2017-10-31T15:07:19+00:00","og_image":[{"width":580,"height":294,"url":"https:\/\/villena.salesianos.edu\/ampa\/wp-content\/uploads\/sites\/5\/2017\/10\/FAPASI.png","type":"image\/png"}],"author":"Gestor Web","twitter_card":"summary_large_image","twitter_misc":{"Escrito por":"Gestor Web","Tiempo de lectura":"3 minutos"},"schema":{"@context":"https:\/\/schema.org","@graph":[{"@type":"Article","@id":"https:\/\/villena.salesianos.edu\/ampa\/tarjeta-asociado-familias-ampa\/#article","isPartOf":{"@id":"https:\/\/villena.salesianos.edu\/ampa\/tarjeta-asociado-familias-ampa\/"},"author":{"name":"Gestor Web","@id":"https:\/\/villena.salesianos.edu\/ampa\/#\/schema\/person\/737fd46edc5ae7d6c9b94da26c0e9302"},"headline":"Tarjeta Asociado Familias AMPA","datePublished":"2017-10-31T15:07:19+00:00","mainEntityOfPage":{"@id":"https:\/\/villena.salesianos.edu\/ampa\/tarjeta-asociado-familias-ampa\/"},"wordCount":587,"commentCount":0,"image":{"@id":"https:\/\/villena.salesianos.edu\/ampa\/tarjeta-asociado-familias-ampa\/#primaryimage"},"thumbnailUrl":"https:\/\/villena.salesianos.edu\/ampa\/wp-content\/uploads\/sites\/5\/2017\/10\/FAPASI.png","articleSection":["AMPA","Colegio","Portada Noticias"],"inLanguage":"es","potentialAction":[{"@type":"CommentAction","name":"Comment","target":["https:\/\/villena.salesianos.edu\/ampa\/tarjeta-asociado-familias-ampa\/#respond"]}]},{"@type":"WebPage","@id":"https:\/\/villena.salesianos.edu\/ampa\/tarjeta-asociado-familias-ampa\/","url":"https:\/\/villena.salesianos.edu\/ampa\/tarjeta-asociado-familias-ampa\/","name":"Tarjeta Asociado Familias AMPA - ampa","isPartOf":{"@id":"https:\/\/villena.salesianos.edu\/ampa\/#website"},"primaryImageOfPage":{"@id":"https:\/\/villena.salesianos.edu\/ampa\/tarjeta-asociado-familias-ampa\/#primaryimage"},"image":{"@id":"https:\/\/villena.salesianos.edu\/ampa\/tarjeta-asociado-familias-ampa\/#primaryimage"},"thumbnailUrl":"https:\/\/villena.salesianos.edu\/ampa\/wp-content\/uploads\/sites\/5\/2017\/10\/FAPASI.png","datePublished":"2017-10-31T15:07:19+00:00","author":{"@id":"https:\/\/villena.salesianos.edu\/ampa\/#\/schema\/person\/737fd46edc5ae7d6c9b94da26c0e9302"},"breadcrumb":{"@id":"https:\/\/villena.salesianos.edu\/ampa\/tarjeta-asociado-familias-ampa\/#breadcrumb"},"inLanguage":"es","potentialAction":[{"@type":"ReadAction","target":["https:\/\/villena.salesianos.edu\/ampa\/tarjeta-asociado-familias-ampa\/"]}]},{"@type":"ImageObject","inLanguage":"es","@id":"https:\/\/villena.salesianos.edu\/ampa\/tarjeta-asociado-familias-ampa\/#primaryimage","url":"https:\/\/villena.salesianos.edu\/ampa\/wp-content\/uploads\/sites\/5\/2017\/10\/FAPASI.png","contentUrl":"https:\/\/villena.salesianos.edu\/ampa\/wp-content\/uploads\/sites\/5\/2017\/10\/FAPASI.png","width":580,"height":294},{"@type":"BreadcrumbList","@id":"https:\/\/villena.salesianos.edu\/ampa\/tarjeta-asociado-familias-ampa\/#breadcrumb","itemListElement":[{"@type":"ListItem","position":1,"name":"Portada","item":"https:\/\/villena.salesianos.edu\/ampa\/"},{"@type":"ListItem","position":2,"name":"Tarjeta Asociado Familias AMPA"}]},{"@type":"WebSite","@id":"https:\/\/villena.salesianos.edu\/ampa\/#website","url":"https:\/\/villena.salesianos.edu\/ampa\/","name":"ampa","description":"P\u00e1gina oficial AMPA Salesianos Villena","potentialAction":[{"@type":"SearchAction","target":{"@type":"EntryPoint","urlTemplate":"https:\/\/villena.salesianos.edu\/ampa\/?s={search_term_string}"},"query-input":{"@type":"PropertyValueSpecification","valueRequired":true,"valueName":"search_term_string"}}],"inLanguage":"es"},{"@type":"Person","@id":"https:\/\/villena.salesianos.edu\/ampa\/#\/schema\/person\/737fd46edc5ae7d6c9b94da26c0e9302","name":"Gestor Web","image":{"@type":"ImageObject","inLanguage":"es","@id":"https:\/\/secure.gravatar.com\/avatar\/44469746e1b6443cd011d1759fdc3b9fdcdae4a08dc0ddd85247651cb065486d?s=96&d=mm&r=g","url":"https:\/\/secure.gravatar.com\/avatar\/44469746e1b6443cd011d1759fdc3b9fdcdae4a08dc0ddd85247651cb065486d?s=96&d=mm&r=g","contentUrl":"https:\/\/secure.gravatar.com\/avatar\/44469746e1b6443cd011d1759fdc3b9fdcdae4a08dc0ddd85247651cb065486d?s=96&d=mm&r=g","caption":"Gestor Web"}}]}},"_links":{"self":[{"href":"https:\/\/villena.salesianos.edu\/ampa\/wp-json\/wp\/v2\/posts\/3579","targetHints":{"allow":["GET"]}}],"collection":[{"href":"https:\/\/villena.salesianos.edu\/ampa\/wp-json\/wp\/v2\/posts"}],"about":[{"href":"https:\/\/villena.salesianos.edu\/ampa\/wp-json\/wp\/v2\/types\/post"}],"author":[{"embeddable":true,"href":"https:\/\/villena.salesianos.edu\/ampa\/wp-json\/wp\/v2\/users\/2"}],"replies":[{"embeddable":true,"href":"https:\/\/villena.salesianos.edu\/ampa\/wp-json\/wp\/v2\/comments?post=3579"}],"version-history":[{"count":0,"href":"https:\/\/villena.salesianos.edu\/ampa\/wp-json\/wp\/v2\/posts\/3579\/revisions"}],"wp:featuredmedia":[{"embeddable":true,"href":"https:\/\/villena.salesianos.edu\/ampa\/wp-json\/wp\/v2\/media\/3580"}],"wp:attachment":[{"href":"https:\/\/villena.salesianos.edu\/ampa\/wp-json\/wp\/v2\/media?parent=3579"}],"wp:term":[{"taxonomy":"category","embeddable":true,"href":"https:\/\/villena.salesianos.edu\/ampa\/wp-json\/wp\/v2\/categories?post=3579"},{"taxonomy":"post_tag","embeddable":true,"href":"https:\/\/villena.salesianos.edu\/ampa\/wp-json\/wp\/v2\/tags?post=3579"}],"curies":[{"name":"wp","href":"https:\/\/api.w.org\/{rel}","templated":true}]}}