{"id":3718,"date":"2018-01-26T09:50:34","date_gmt":"2018-01-26T08:50:34","guid":{"rendered":"https:\/\/villena.salesianos.edu\/ampa\/blog\/2018\/01\/26\/don-bosco-gracias-por-venir\/"},"modified":"2018-01-26T10:01:41","modified_gmt":"2018-01-26T09:01:41","slug":"don-bosco-gracias-por-venir","status":"publish","type":"post","link":"https:\/\/villena.salesianos.edu\/ampa\/don-bosco-gracias-por-venir\/","title":{"rendered":"Don Bosco, Gracias por Venir"},"content":{"rendered":"<p>[et_pb_section bb_built=\u00bb1&#8243; admin_label=\u00bbsection\u00bb][et_pb_row admin_label=\u00bbrow\u00bb background_position=\u00bbtop_left\u00bb background_repeat=\u00bbrepeat\u00bb background_size=\u00bbinitial\u00bb][et_pb_column type=\u00bb4_4&#8243;][et_pb_text admin_label=\u00bbEntradilla (Texto)\u00bb _builder_version=\u00bb3.0.92&#8243; background_layout=\u00bblight\u00bb text_orientation=\u00bbjustified\u00bb text_font=\u00bb|on|||\u00bb border_style=\u00bbsolid\u00bb]<\/p>\n<p class=\"western\" align=\"justify\"><span style=\"color: #000000;\"><span style=\"font-family: 'Decima Nova Pro Lt', serif;\"><span style=\"font-size: medium;\">Actividades y celebraciones organizadas durante este mes tan especial<\/span><\/span><\/span><\/p>\n<p>[\/et_pb_text][et_pb_text admin_label=\u00bbAutor (Texto)\u00bb _builder_version=\u00bb3.0.92&#8243; background_layout=\u00bblight\u00bb text_font=\u00bb||on||\u00bb border_style=\u00bbsolid\u00bb]<\/p>\n<p class=\"western\" align=\"justify\"><span style=\"color: #000000;\"><span style=\"font-family: 'Decima Nova Pro Lt', serif;\"><span style=\"font-size: small;\"><i>Por Comunicaci\u00f3n y Marketing<\/i><\/span><\/span><\/span><\/p>\n<p>[\/et_pb_text][et_pb_text admin_label=\u00bbDesarrollo (Texto)\u00bb _builder_version=\u00bb3.0.92&#8243; background_layout=\u00bblight\u00bb text_orientation=\u00bbjustified\u00bb border_style=\u00bbsolid\u00bb]<\/p>\n<p class=\"western\" align=\"justify\"><span style=\"color: #000000;\"><span style=\"font-family: 'Decima Nova Pro Lt', serif;\"><span style=\"font-size: medium;\"><span lang=\"es-ES\">Don Bosco fue, sin duda, un hombre de acci\u00f3n. Dedic\u00f3 sus energ\u00edas a crear centros de acogida y formaci\u00f3n (conocidos con el nombre de \u201coratorios\u201d), escuelas, colegios de formaci\u00f3n profesional y residencias para j\u00f3venes, lugares todos ellos en donde realizar su proyecto de promoci\u00f3n humana, social y religiosa de los m\u00e1s desfavorecidos. Como culminaci\u00f3n a su labor y con intenci\u00f3n de perpetuarlo en el tiempo, fund\u00f3 la Congregaci\u00f3n de los Salesianos, que propagaron su visi\u00f3n, sus ideas y su carisma por todo el mundo.<\/span><\/span><\/span><\/span><\/p>\n<p class=\"western\" align=\"justify\"><span style=\"color: #000000;\"><span style=\"font-family: 'Decima Nova Pro Lt', serif;\"><span style=\"font-size: medium;\"><span lang=\"es-ES\">San Juan Bosco se distingue, sobre todo, por defender y llevar a la pr\u00e1ctica una forma muy original de entender la educaci\u00f3n: conceptos como prevenci\u00f3n, educaci\u00f3n en valores, ambiente educativo o protagonismo del educando, que hoy nos resultan familiares, convirti\u00e9ndose en armas centrales de su propuesta hace m\u00e1s de doscientos a\u00f1os.<\/span><\/span><\/span><\/span><\/p>\n<hr \/>\n<p>[\/et_pb_text][et_pb_text admin_label=\u00bbT\u00edtulo: Galer\u00eda de fotos (Texto)\u00bb _builder_version=\u00bb3.0.92&#8243; background_layout=\u00bblight\u00bb text_font=\u00bb|on|||\u00bb text_text_color=\u00bb#dc001b\u00bb border_style=\u00bbsolid\u00bb disabled=\u00bboff\u00bb disabled_on=\u00bboff|off|off\u00bb]<\/p>\n<p>Programa de Eventos en Honor a San Juan Bosco<\/p>\n<p>[\/et_pb_text][et_pb_gallery _builder_version=\u00bb3.0.92&#8243; posts_number=\u00bb8&#8243; show_title_and_caption=\u00bboff\u00bb show_pagination=\u00bbon\u00bb fullwidth=\u00bboff\u00bb orientation=\u00bblandscape\u00bb zoom_icon_color=\u00bb#dc001b\u00bb hover_overlay_color=\u00bbrgba(255,255,255,0.9)\u00bb hover_icon=\u00bb%%51%%\u00bb background_layout=\u00bblight\u00bb disabled=\u00bboff\u00bb disabled_on=\u00bboff|off|off\u00bb gallery_ids=\u00bb3721,3719&#8243; pagination_font_size_tablet=\u00bb51&#8243; pagination_line_height_tablet=\u00bb2&#8243; \/][et_pb_video _builder_version=\u00bb3.0.51&#8243; disabled=\u00bbon\u00bb disabled_on=\u00bbon|on|on\u00bb \/][\/et_pb_column][\/et_pb_row][\/et_pb_section]<\/p>\n","protected":false},"excerpt":{"rendered":"<p>Actividades y celebraciones organizadas durante este mes tan especial Por Comunicaci\u00f3n y Marketing Don Bosco fue, sin duda, un hombre de acci\u00f3n. Dedic\u00f3 sus energ\u00edas a crear centros de acogida y formaci\u00f3n (conocidos con el nombre de \u201coratorios\u201d), escuelas, colegios de formaci\u00f3n profesional y residencias para j\u00f3venes, lugares todos ellos en donde realizar su proyecto [&hellip;]<\/p>\n","protected":false},"author":2,"featured_media":3719,"comment_status":"open","ping_status":"open","sticky":false,"template":"","format":"standard","meta":{"_et_pb_use_builder":"on","_et_pb_old_content":"","_et_gb_content_width":"","footnotes":""},"categories":[24],"tags":[],"class_list":["post-3718","post","type-post","status-publish","format-standard","has-post-thumbnail","hentry","category-portadanoticias"],"yoast_head":"<!-- This site is optimized with the Yoast SEO plugin v28.3 - https:\/\/yoast.com\/product\/yoast-seo-wordpress\/ -->\n<title>Don Bosco, Gracias por Venir - ampa<\/title>\n<meta name=\"robots\" content=\"index, follow, max-snippet:-1, max-image-preview:large, max-video-preview:-1\" \/>\n<link rel=\"canonical\" href=\"https:\/\/villena.salesianos.edu\/ampa\/don-bosco-gracias-por-venir\/\" \/>\n<meta property=\"og:locale\" content=\"es_ES\" \/>\n<meta property=\"og:type\" content=\"article\" \/>\n<meta property=\"og:title\" content=\"Don Bosco, Gracias por Venir - ampa\" \/>\n<meta property=\"og:description\" content=\"Actividades y celebraciones organizadas durante este mes tan especial Por Comunicaci\u00f3n y Marketing Don Bosco fue, sin duda, un hombre de acci\u00f3n. Dedic\u00f3 sus energ\u00edas a crear centros de acogida y formaci\u00f3n (conocidos con el nombre de \u201coratorios\u201d), escuelas, colegios de formaci\u00f3n profesional y residencias para j\u00f3venes, lugares todos ellos en donde realizar su proyecto [&hellip;]\" \/>\n<meta property=\"og:url\" content=\"https:\/\/villena.salesianos.edu\/ampa\/don-bosco-gracias-por-venir\/\" \/>\n<meta property=\"og:site_name\" content=\"ampa\" \/>\n<meta property=\"article:published_time\" content=\"2018-01-26T08:50:34+00:00\" \/>\n<meta property=\"article:modified_time\" content=\"2018-01-26T09:01:41+00:00\" \/>\n<meta property=\"og:image\" content=\"https:\/\/villena.salesianos.edu\/ampa\/wp-content\/uploads\/sites\/5\/2018\/01\/Tr\u00edptico-exterior-D.Bosco-2018.jpg\" \/>\n\t<meta property=\"og:image:width\" content=\"1143\" \/>\n\t<meta property=\"og:image:height\" content=\"800\" \/>\n\t<meta property=\"og:image:type\" content=\"image\/jpeg\" \/>\n<meta name=\"author\" content=\"Gestor Web\" \/>\n<meta name=\"twitter:card\" content=\"summary_large_image\" \/>\n<meta name=\"twitter:label1\" content=\"Escrito por\" \/>\n\t<meta name=\"twitter:data1\" content=\"Gestor Web\" \/>\n\t<meta name=\"twitter:label2\" content=\"Tiempo de lectura\" \/>\n\t<meta name=\"twitter:data2\" content=\"2 minutos\" \/>\n<script type=\"application\/ld+json\" class=\"yoast-schema-graph\">{\"@context\":\"https:\\\/\\\/schema.org\",\"@graph\":[{\"@type\":\"Article\",\"@id\":\"https:\\\/\\\/villena.salesianos.edu\\\/ampa\\\/don-bosco-gracias-por-venir\\\/#article\",\"isPartOf\":{\"@id\":\"https:\\\/\\\/villena.salesianos.edu\\\/ampa\\\/don-bosco-gracias-por-venir\\\/\"},\"author\":{\"name\":\"Gestor Web\",\"@id\":\"https:\\\/\\\/villena.salesianos.edu\\\/ampa\\\/#\\\/schema\\\/person\\\/737fd46edc5ae7d6c9b94da26c0e9302\"},\"headline\":\"Don Bosco, Gracias por Venir\",\"datePublished\":\"2018-01-26T08:50:34+00:00\",\"dateModified\":\"2018-01-26T09:01:41+00:00\",\"mainEntityOfPage\":{\"@id\":\"https:\\\/\\\/villena.salesianos.edu\\\/ampa\\\/don-bosco-gracias-por-venir\\\/\"},\"wordCount\":384,\"commentCount\":0,\"image\":{\"@id\":\"https:\\\/\\\/villena.salesianos.edu\\\/ampa\\\/don-bosco-gracias-por-venir\\\/#primaryimage\"},\"thumbnailUrl\":\"https:\\\/\\\/villena.salesianos.edu\\\/ampa\\\/wp-content\\\/uploads\\\/sites\\\/5\\\/2018\\\/01\\\/Tr\u00edptico-exterior-D.Bosco-2018.jpg\",\"articleSection\":[\"Portada Noticias\"],\"inLanguage\":\"es\",\"potentialAction\":[{\"@type\":\"CommentAction\",\"name\":\"Comment\",\"target\":[\"https:\\\/\\\/villena.salesianos.edu\\\/ampa\\\/don-bosco-gracias-por-venir\\\/#respond\"]}]},{\"@type\":\"WebPage\",\"@id\":\"https:\\\/\\\/villena.salesianos.edu\\\/ampa\\\/don-bosco-gracias-por-venir\\\/\",\"url\":\"https:\\\/\\\/villena.salesianos.edu\\\/ampa\\\/don-bosco-gracias-por-venir\\\/\",\"name\":\"Don Bosco, Gracias por Venir - ampa\",\"isPartOf\":{\"@id\":\"https:\\\/\\\/villena.salesianos.edu\\\/ampa\\\/#website\"},\"primaryImageOfPage\":{\"@id\":\"https:\\\/\\\/villena.salesianos.edu\\\/ampa\\\/don-bosco-gracias-por-venir\\\/#primaryimage\"},\"image\":{\"@id\":\"https:\\\/\\\/villena.salesianos.edu\\\/ampa\\\/don-bosco-gracias-por-venir\\\/#primaryimage\"},\"thumbnailUrl\":\"https:\\\/\\\/villena.salesianos.edu\\\/ampa\\\/wp-content\\\/uploads\\\/sites\\\/5\\\/2018\\\/01\\\/Tr\u00edptico-exterior-D.Bosco-2018.jpg\",\"datePublished\":\"2018-01-26T08:50:34+00:00\",\"dateModified\":\"2018-01-26T09:01:41+00:00\",\"author\":{\"@id\":\"https:\\\/\\\/villena.salesianos.edu\\\/ampa\\\/#\\\/schema\\\/person\\\/737fd46edc5ae7d6c9b94da26c0e9302\"},\"breadcrumb\":{\"@id\":\"https:\\\/\\\/villena.salesianos.edu\\\/ampa\\\/don-bosco-gracias-por-venir\\\/#breadcrumb\"},\"inLanguage\":\"es\",\"potentialAction\":[{\"@type\":\"ReadAction\",\"target\":[\"https:\\\/\\\/villena.salesianos.edu\\\/ampa\\\/don-bosco-gracias-por-venir\\\/\"]}]},{\"@type\":\"ImageObject\",\"inLanguage\":\"es\",\"@id\":\"https:\\\/\\\/villena.salesianos.edu\\\/ampa\\\/don-bosco-gracias-por-venir\\\/#primaryimage\",\"url\":\"https:\\\/\\\/villena.salesianos.edu\\\/ampa\\\/wp-content\\\/uploads\\\/sites\\\/5\\\/2018\\\/01\\\/Tr\u00edptico-exterior-D.Bosco-2018.jpg\",\"contentUrl\":\"https:\\\/\\\/villena.salesianos.edu\\\/ampa\\\/wp-content\\\/uploads\\\/sites\\\/5\\\/2018\\\/01\\\/Tr\u00edptico-exterior-D.Bosco-2018.jpg\",\"width\":1143,\"height\":800},{\"@type\":\"BreadcrumbList\",\"@id\":\"https:\\\/\\\/villena.salesianos.edu\\\/ampa\\\/don-bosco-gracias-por-venir\\\/#breadcrumb\",\"itemListElement\":[{\"@type\":\"ListItem\",\"position\":1,\"name\":\"Portada\",\"item\":\"https:\\\/\\\/villena.salesianos.edu\\\/ampa\\\/\"},{\"@type\":\"ListItem\",\"position\":2,\"name\":\"Don Bosco, Gracias por Venir\"}]},{\"@type\":\"WebSite\",\"@id\":\"https:\\\/\\\/villena.salesianos.edu\\\/ampa\\\/#website\",\"url\":\"https:\\\/\\\/villena.salesianos.edu\\\/ampa\\\/\",\"name\":\"ampa\",\"description\":\"P\u00e1gina oficial AMPA Salesianos Villena\",\"potentialAction\":[{\"@type\":\"SearchAction\",\"target\":{\"@type\":\"EntryPoint\",\"urlTemplate\":\"https:\\\/\\\/villena.salesianos.edu\\\/ampa\\\/?s={search_term_string}\"},\"query-input\":{\"@type\":\"PropertyValueSpecification\",\"valueRequired\":true,\"valueName\":\"search_term_string\"}}],\"inLanguage\":\"es\"},{\"@type\":\"Person\",\"@id\":\"https:\\\/\\\/villena.salesianos.edu\\\/ampa\\\/#\\\/schema\\\/person\\\/737fd46edc5ae7d6c9b94da26c0e9302\",\"name\":\"Gestor Web\",\"image\":{\"@type\":\"ImageObject\",\"inLanguage\":\"es\",\"@id\":\"https:\\\/\\\/secure.gravatar.com\\\/avatar\\\/44469746e1b6443cd011d1759fdc3b9fdcdae4a08dc0ddd85247651cb065486d?s=96&d=mm&r=g\",\"url\":\"https:\\\/\\\/secure.gravatar.com\\\/avatar\\\/44469746e1b6443cd011d1759fdc3b9fdcdae4a08dc0ddd85247651cb065486d?s=96&d=mm&r=g\",\"contentUrl\":\"https:\\\/\\\/secure.gravatar.com\\\/avatar\\\/44469746e1b6443cd011d1759fdc3b9fdcdae4a08dc0ddd85247651cb065486d?s=96&d=mm&r=g\",\"caption\":\"Gestor Web\"}}]}<\/script>\n<!-- \/ Yoast SEO plugin. -->","yoast_head_json":{"title":"Don Bosco, Gracias por Venir - ampa","robots":{"index":"index","follow":"follow","max-snippet":"max-snippet:-1","max-image-preview":"max-image-preview:large","max-video-preview":"max-video-preview:-1"},"canonical":"https:\/\/villena.salesianos.edu\/ampa\/don-bosco-gracias-por-venir\/","og_locale":"es_ES","og_type":"article","og_title":"Don Bosco, Gracias por Venir - ampa","og_description":"Actividades y celebraciones organizadas durante este mes tan especial Por Comunicaci\u00f3n y Marketing Don Bosco fue, sin duda, un hombre de acci\u00f3n. Dedic\u00f3 sus energ\u00edas a crear centros de acogida y formaci\u00f3n (conocidos con el nombre de \u201coratorios\u201d), escuelas, colegios de formaci\u00f3n profesional y residencias para j\u00f3venes, lugares todos ellos en donde realizar su proyecto [&hellip;]","og_url":"https:\/\/villena.salesianos.edu\/ampa\/don-bosco-gracias-por-venir\/","og_site_name":"ampa","article_published_time":"2018-01-26T08:50:34+00:00","article_modified_time":"2018-01-26T09:01:41+00:00","og_image":[{"width":1143,"height":800,"url":"https:\/\/villena.salesianos.edu\/ampa\/wp-content\/uploads\/sites\/5\/2018\/01\/Tr\u00edptico-exterior-D.Bosco-2018.jpg","type":"image\/jpeg"}],"author":"Gestor Web","twitter_card":"summary_large_image","twitter_misc":{"Escrito por":"Gestor Web","Tiempo de lectura":"2 minutos"},"schema":{"@context":"https:\/\/schema.org","@graph":[{"@type":"Article","@id":"https:\/\/villena.salesianos.edu\/ampa\/don-bosco-gracias-por-venir\/#article","isPartOf":{"@id":"https:\/\/villena.salesianos.edu\/ampa\/don-bosco-gracias-por-venir\/"},"author":{"name":"Gestor Web","@id":"https:\/\/villena.salesianos.edu\/ampa\/#\/schema\/person\/737fd46edc5ae7d6c9b94da26c0e9302"},"headline":"Don Bosco, Gracias por Venir","datePublished":"2018-01-26T08:50:34+00:00","dateModified":"2018-01-26T09:01:41+00:00","mainEntityOfPage":{"@id":"https:\/\/villena.salesianos.edu\/ampa\/don-bosco-gracias-por-venir\/"},"wordCount":384,"commentCount":0,"image":{"@id":"https:\/\/villena.salesianos.edu\/ampa\/don-bosco-gracias-por-venir\/#primaryimage"},"thumbnailUrl":"https:\/\/villena.salesianos.edu\/ampa\/wp-content\/uploads\/sites\/5\/2018\/01\/Tr\u00edptico-exterior-D.Bosco-2018.jpg","articleSection":["Portada Noticias"],"inLanguage":"es","potentialAction":[{"@type":"CommentAction","name":"Comment","target":["https:\/\/villena.salesianos.edu\/ampa\/don-bosco-gracias-por-venir\/#respond"]}]},{"@type":"WebPage","@id":"https:\/\/villena.salesianos.edu\/ampa\/don-bosco-gracias-por-venir\/","url":"https:\/\/villena.salesianos.edu\/ampa\/don-bosco-gracias-por-venir\/","name":"Don Bosco, Gracias por Venir - ampa","isPartOf":{"@id":"https:\/\/villena.salesianos.edu\/ampa\/#website"},"primaryImageOfPage":{"@id":"https:\/\/villena.salesianos.edu\/ampa\/don-bosco-gracias-por-venir\/#primaryimage"},"image":{"@id":"https:\/\/villena.salesianos.edu\/ampa\/don-bosco-gracias-por-venir\/#primaryimage"},"thumbnailUrl":"https:\/\/villena.salesianos.edu\/ampa\/wp-content\/uploads\/sites\/5\/2018\/01\/Tr\u00edptico-exterior-D.Bosco-2018.jpg","datePublished":"2018-01-26T08:50:34+00:00","dateModified":"2018-01-26T09:01:41+00:00","author":{"@id":"https:\/\/villena.salesianos.edu\/ampa\/#\/schema\/person\/737fd46edc5ae7d6c9b94da26c0e9302"},"breadcrumb":{"@id":"https:\/\/villena.salesianos.edu\/ampa\/don-bosco-gracias-por-venir\/#breadcrumb"},"inLanguage":"es","potentialAction":[{"@type":"ReadAction","target":["https:\/\/villena.salesianos.edu\/ampa\/don-bosco-gracias-por-venir\/"]}]},{"@type":"ImageObject","inLanguage":"es","@id":"https:\/\/villena.salesianos.edu\/ampa\/don-bosco-gracias-por-venir\/#primaryimage","url":"https:\/\/villena.salesianos.edu\/ampa\/wp-content\/uploads\/sites\/5\/2018\/01\/Tr\u00edptico-exterior-D.Bosco-2018.jpg","contentUrl":"https:\/\/villena.salesianos.edu\/ampa\/wp-content\/uploads\/sites\/5\/2018\/01\/Tr\u00edptico-exterior-D.Bosco-2018.jpg","width":1143,"height":800},{"@type":"BreadcrumbList","@id":"https:\/\/villena.salesianos.edu\/ampa\/don-bosco-gracias-por-venir\/#breadcrumb","itemListElement":[{"@type":"ListItem","position":1,"name":"Portada","item":"https:\/\/villena.salesianos.edu\/ampa\/"},{"@type":"ListItem","position":2,"name":"Don Bosco, Gracias por Venir"}]},{"@type":"WebSite","@id":"https:\/\/villena.salesianos.edu\/ampa\/#website","url":"https:\/\/villena.salesianos.edu\/ampa\/","name":"ampa","description":"P\u00e1gina oficial AMPA Salesianos Villena","potentialAction":[{"@type":"SearchAction","target":{"@type":"EntryPoint","urlTemplate":"https:\/\/villena.salesianos.edu\/ampa\/?s={search_term_string}"},"query-input":{"@type":"PropertyValueSpecification","valueRequired":true,"valueName":"search_term_string"}}],"inLanguage":"es"},{"@type":"Person","@id":"https:\/\/villena.salesianos.edu\/ampa\/#\/schema\/person\/737fd46edc5ae7d6c9b94da26c0e9302","name":"Gestor Web","image":{"@type":"ImageObject","inLanguage":"es","@id":"https:\/\/secure.gravatar.com\/avatar\/44469746e1b6443cd011d1759fdc3b9fdcdae4a08dc0ddd85247651cb065486d?s=96&d=mm&r=g","url":"https:\/\/secure.gravatar.com\/avatar\/44469746e1b6443cd011d1759fdc3b9fdcdae4a08dc0ddd85247651cb065486d?s=96&d=mm&r=g","contentUrl":"https:\/\/secure.gravatar.com\/avatar\/44469746e1b6443cd011d1759fdc3b9fdcdae4a08dc0ddd85247651cb065486d?s=96&d=mm&r=g","caption":"Gestor Web"}}]}},"_links":{"self":[{"href":"https:\/\/villena.salesianos.edu\/ampa\/wp-json\/wp\/v2\/posts\/3718","targetHints":{"allow":["GET"]}}],"collection":[{"href":"https:\/\/villena.salesianos.edu\/ampa\/wp-json\/wp\/v2\/posts"}],"about":[{"href":"https:\/\/villena.salesianos.edu\/ampa\/wp-json\/wp\/v2\/types\/post"}],"author":[{"embeddable":true,"href":"https:\/\/villena.salesianos.edu\/ampa\/wp-json\/wp\/v2\/users\/2"}],"replies":[{"embeddable":true,"href":"https:\/\/villena.salesianos.edu\/ampa\/wp-json\/wp\/v2\/comments?post=3718"}],"version-history":[{"count":2,"href":"https:\/\/villena.salesianos.edu\/ampa\/wp-json\/wp\/v2\/posts\/3718\/revisions"}],"predecessor-version":[{"id":3722,"href":"https:\/\/villena.salesianos.edu\/ampa\/wp-json\/wp\/v2\/posts\/3718\/revisions\/3722"}],"wp:featuredmedia":[{"embeddable":true,"href":"https:\/\/villena.salesianos.edu\/ampa\/wp-json\/wp\/v2\/media\/3719"}],"wp:attachment":[{"href":"https:\/\/villena.salesianos.edu\/ampa\/wp-json\/wp\/v2\/media?parent=3718"}],"wp:term":[{"taxonomy":"category","embeddable":true,"href":"https:\/\/villena.salesianos.edu\/ampa\/wp-json\/wp\/v2\/categories?post=3718"},{"taxonomy":"post_tag","embeddable":true,"href":"https:\/\/villena.salesianos.edu\/ampa\/wp-json\/wp\/v2\/tags?post=3718"}],"curies":[{"name":"wp","href":"https:\/\/api.w.org\/{rel}","templated":true}]}}