{"id":3762,"date":"2018-02-28T12:16:28","date_gmt":"2018-02-28T11:16:28","guid":{"rendered":"https:\/\/villena.salesianos.edu\/ampa\/blog\/2018\/02\/28\/como-organizar-nuestro-trabajo\/"},"modified":"2018-02-28T12:18:58","modified_gmt":"2018-02-28T11:18:58","slug":"como-organizar-nuestro-trabajo","status":"publish","type":"post","link":"https:\/\/villena.salesianos.edu\/ampa\/como-organizar-nuestro-trabajo\/","title":{"rendered":"\u00bfC\u00f3mo organizar nuestro trabajo?"},"content":{"rendered":"<p>[et_pb_section bb_built=\u00bb1&#8243; admin_label=\u00bbsection\u00bb][et_pb_row admin_label=\u00bbrow\u00bb background_position=\u00bbtop_left\u00bb background_repeat=\u00bbrepeat\u00bb background_size=\u00bbinitial\u00bb][et_pb_column type=\u00bb4_4&#8243;][et_pb_text admin_label=\u00bbEntradilla (Texto)\u00bb _builder_version=\u00bb3.0.92&#8243; background_layout=\u00bblight\u00bb text_orientation=\u00bbjustified\u00bb text_font=\u00bb|on|||\u00bb border_style=\u00bbsolid\u00bb]<\/p>\n<p>Los alumnos de 6\u00ba de Primaria reciben una formaci\u00f3n sobre mapas mentales a cargo de Francisco Cobos Prada y organizada por el <a href=\"http:\/\/villena.salesianos.edu\/ampa\">AMPA<\/a> del colegio.<\/p>\n<p>&nbsp;<\/p>\n<p>[\/et_pb_text][et_pb_text admin_label=\u00bbAutor (Texto)\u00bb _builder_version=\u00bb3.0.92&#8243; background_layout=\u00bblight\u00bb text_font=\u00bb||on||\u00bb border_style=\u00bbsolid\u00bb]<\/p>\n<p><em>Por Equipo de Comunicaci\u00f3n y Marketing<\/em><\/p>\n<p>[\/et_pb_text][et_pb_text admin_label=\u00bbDesarrollo (Texto)\u00bb _builder_version=\u00bb3.0.92&#8243; background_layout=\u00bblight\u00bb text_orientation=\u00bbjustified\u00bb border_style=\u00bbsolid\u00bb]<\/p>\n<p>Estudiantes de todas las edades han descubierto las ventajas de aplicar\u00a0<a href=\"http:\/\/www.queesunmapamental.com\/mind-map.htm\">mapas mentales<\/a>\u00a0a su aprendizaje. Ya sea a la hora de\u00a0<em>tomar notas<\/em><em>\u00a0<\/em>de un profesor, un libro, una computadora o un medio audiovisual, o para\u00a0<em>expresar ideas mediante notas<\/em>\u00a0para un ensayo, un reporte o un sitio web, la recopilaci\u00f3n sencilla y flexible de datos clave facilita los procesos de aprendizaje, pensamiento, ordenaci\u00f3n, creaci\u00f3n y rememoraci\u00f3n. Incluso es posible crear mapas mentales de cualquier materia o libro de texto.<\/p>\n<p>Los mapas mentales tambi\u00e9n suponen un excelente instrumento mnemot\u00e9cnico que permite estructurar los hechos y los pensamientos de un modo absolutamente compatible con el funcionamiento natural del cerebro.<\/p>\n<p>Los mapas mentales ofrecen estas <strong>ventajas<\/strong>:<\/p>\n<ul>\n<li>Ayudan a la capacidad del cerebro para concentrarse.<\/li>\n<li>Destacan la esencia del material.<\/li>\n<li>Destacan visualmente el orden relativo de la informaci\u00f3n.<\/li>\n<li>Facilita la visi\u00f3n de las conexiones entre las ideas.<\/li>\n<li>Incentivan la confianza en nuestra capacidad de aprender.<\/li>\n<\/ul>\n<p>\u00bfY por qu\u00e9 formar a nuestros alumnos en mapas mentales? SENCILLO, porque fomentan el <strong>\u201camor al aprendizaje\u201d<\/strong>.<\/p>\n<hr \/>\n<p>&nbsp;<\/p>\n<p>[\/et_pb_text][et_pb_text admin_label=\u00bbT\u00edtulo: Galer\u00eda de fotos (Texto)\u00bb _builder_version=\u00bb3.0.92&#8243; background_layout=\u00bblight\u00bb text_font=\u00bb|on|||\u00bb text_text_color=\u00bb#dc001b\u00bb border_style=\u00bbsolid\u00bb disabled=\u00bboff\u00bb disabled_on=\u00bboff|off|off\u00bb]<\/p>\n<p>Momentos de la formaci\u00f3n en MAPAS MENTALES<\/p>\n<p>[\/et_pb_text][et_pb_gallery _builder_version=\u00bb3.0.92&#8243; posts_number=\u00bb8&#8243; show_title_and_caption=\u00bboff\u00bb show_pagination=\u00bbon\u00bb fullwidth=\u00bboff\u00bb orientation=\u00bblandscape\u00bb zoom_icon_color=\u00bb#dc001b\u00bb hover_overlay_color=\u00bbrgba(255,255,255,0.9)\u00bb hover_icon=\u00bb%%51%%\u00bb background_layout=\u00bblight\u00bb disabled=\u00bboff\u00bb disabled_on=\u00bboff|off|off\u00bb gallery_ids=\u00bb3764,3765,3766,3767,3768,3769,3770,3771,3772,3773,3774,3775,3776,3777,3778,3779,3780,3781,3782,3783,3784,3785,3786,3787,3788,3789,3790,3791,3792,3793,3794,3795,3796,3797,3798,3799,3800,3801,3802&#8243; pagination_font_size_tablet=\u00bb51&#8243; pagination_line_height_tablet=\u00bb2&#8243; \/][et_pb_video _builder_version=\u00bb3.0.51&#8243; disabled=\u00bbon\u00bb disabled_on=\u00bbon|on|on\u00bb \/][\/et_pb_column][\/et_pb_row][\/et_pb_section]<\/p>\n","protected":false},"excerpt":{"rendered":"<p>Los alumnos de 6\u00ba de Primaria reciben una formaci\u00f3n sobre mapas mentales a cargo de Francisco Cobos Prada y organizada por el AMPA del colegio. &nbsp; Por Equipo de Comunicaci\u00f3n y Marketing Estudiantes de todas las edades han descubierto las ventajas de aplicar\u00a0mapas mentales\u00a0a su aprendizaje. Ya sea a la hora de\u00a0tomar notas\u00a0de un profesor, [&hellip;]<\/p>\n","protected":false},"author":2,"featured_media":3763,"comment_status":"open","ping_status":"open","sticky":false,"template":"","format":"standard","meta":{"_et_pb_use_builder":"on","_et_pb_old_content":"","_et_gb_content_width":"","footnotes":""},"categories":[32,34,40],"tags":[],"class_list":["post-3762","post","type-post","status-publish","format-standard","has-post-thumbnail","hentry","category-ampa","category-colegio","category-primaria"],"yoast_head":"<!-- This site is optimized with the Yoast SEO plugin v28.3 - https:\/\/yoast.com\/product\/yoast-seo-wordpress\/ -->\n<title>\u00bfC\u00f3mo organizar nuestro trabajo? - ampa<\/title>\n<meta name=\"robots\" content=\"index, follow, max-snippet:-1, max-image-preview:large, max-video-preview:-1\" \/>\n<link rel=\"canonical\" href=\"https:\/\/villena.salesianos.edu\/ampa\/como-organizar-nuestro-trabajo\/\" \/>\n<meta property=\"og:locale\" content=\"es_ES\" \/>\n<meta property=\"og:type\" content=\"article\" \/>\n<meta property=\"og:title\" content=\"\u00bfC\u00f3mo organizar nuestro trabajo? - ampa\" \/>\n<meta property=\"og:description\" content=\"Los alumnos de 6\u00ba de Primaria reciben una formaci\u00f3n sobre mapas mentales a cargo de Francisco Cobos Prada y organizada por el AMPA del colegio. &nbsp; Por Equipo de Comunicaci\u00f3n y Marketing Estudiantes de todas las edades han descubierto las ventajas de aplicar\u00a0mapas mentales\u00a0a su aprendizaje. Ya sea a la hora de\u00a0tomar notas\u00a0de un profesor, [&hellip;]\" \/>\n<meta property=\"og:url\" content=\"https:\/\/villena.salesianos.edu\/ampa\/como-organizar-nuestro-trabajo\/\" \/>\n<meta property=\"og:site_name\" content=\"ampa\" \/>\n<meta property=\"article:published_time\" content=\"2018-02-28T11:16:28+00:00\" \/>\n<meta property=\"article:modified_time\" content=\"2018-02-28T11:18:58+00:00\" \/>\n<meta property=\"og:image\" content=\"https:\/\/villena.salesianos.edu\/ampa\/wp-content\/uploads\/sites\/5\/2018\/02\/mapasmentales08.jpg\" \/>\n\t<meta property=\"og:image:width\" content=\"1024\" \/>\n\t<meta property=\"og:image:height\" content=\"768\" \/>\n\t<meta property=\"og:image:type\" content=\"image\/jpeg\" \/>\n<meta name=\"author\" content=\"Gestor Web\" \/>\n<meta name=\"twitter:card\" content=\"summary_large_image\" \/>\n<meta name=\"twitter:label1\" content=\"Escrito por\" \/>\n\t<meta name=\"twitter:data1\" content=\"Gestor Web\" \/>\n\t<meta name=\"twitter:label2\" content=\"Tiempo de lectura\" \/>\n\t<meta name=\"twitter:data2\" content=\"2 minutos\" \/>\n<script type=\"application\/ld+json\" class=\"yoast-schema-graph\">{\"@context\":\"https:\\\/\\\/schema.org\",\"@graph\":[{\"@type\":\"Article\",\"@id\":\"https:\\\/\\\/villena.salesianos.edu\\\/ampa\\\/como-organizar-nuestro-trabajo\\\/#article\",\"isPartOf\":{\"@id\":\"https:\\\/\\\/villena.salesianos.edu\\\/ampa\\\/como-organizar-nuestro-trabajo\\\/\"},\"author\":{\"name\":\"Gestor Web\",\"@id\":\"https:\\\/\\\/villena.salesianos.edu\\\/ampa\\\/#\\\/schema\\\/person\\\/737fd46edc5ae7d6c9b94da26c0e9302\"},\"headline\":\"\u00bfC\u00f3mo organizar nuestro trabajo?\",\"datePublished\":\"2018-02-28T11:16:28+00:00\",\"dateModified\":\"2018-02-28T11:18:58+00:00\",\"mainEntityOfPage\":{\"@id\":\"https:\\\/\\\/villena.salesianos.edu\\\/ampa\\\/como-organizar-nuestro-trabajo\\\/\"},\"wordCount\":428,\"commentCount\":0,\"image\":{\"@id\":\"https:\\\/\\\/villena.salesianos.edu\\\/ampa\\\/como-organizar-nuestro-trabajo\\\/#primaryimage\"},\"thumbnailUrl\":\"https:\\\/\\\/villena.salesianos.edu\\\/ampa\\\/wp-content\\\/uploads\\\/sites\\\/5\\\/2018\\\/02\\\/mapasmentales08.jpg\",\"articleSection\":[\"AMPA\",\"Colegio\",\"Primaria\"],\"inLanguage\":\"es\",\"potentialAction\":[{\"@type\":\"CommentAction\",\"name\":\"Comment\",\"target\":[\"https:\\\/\\\/villena.salesianos.edu\\\/ampa\\\/como-organizar-nuestro-trabajo\\\/#respond\"]}]},{\"@type\":\"WebPage\",\"@id\":\"https:\\\/\\\/villena.salesianos.edu\\\/ampa\\\/como-organizar-nuestro-trabajo\\\/\",\"url\":\"https:\\\/\\\/villena.salesianos.edu\\\/ampa\\\/como-organizar-nuestro-trabajo\\\/\",\"name\":\"\u00bfC\u00f3mo organizar nuestro trabajo? - ampa\",\"isPartOf\":{\"@id\":\"https:\\\/\\\/villena.salesianos.edu\\\/ampa\\\/#website\"},\"primaryImageOfPage\":{\"@id\":\"https:\\\/\\\/villena.salesianos.edu\\\/ampa\\\/como-organizar-nuestro-trabajo\\\/#primaryimage\"},\"image\":{\"@id\":\"https:\\\/\\\/villena.salesianos.edu\\\/ampa\\\/como-organizar-nuestro-trabajo\\\/#primaryimage\"},\"thumbnailUrl\":\"https:\\\/\\\/villena.salesianos.edu\\\/ampa\\\/wp-content\\\/uploads\\\/sites\\\/5\\\/2018\\\/02\\\/mapasmentales08.jpg\",\"datePublished\":\"2018-02-28T11:16:28+00:00\",\"dateModified\":\"2018-02-28T11:18:58+00:00\",\"author\":{\"@id\":\"https:\\\/\\\/villena.salesianos.edu\\\/ampa\\\/#\\\/schema\\\/person\\\/737fd46edc5ae7d6c9b94da26c0e9302\"},\"breadcrumb\":{\"@id\":\"https:\\\/\\\/villena.salesianos.edu\\\/ampa\\\/como-organizar-nuestro-trabajo\\\/#breadcrumb\"},\"inLanguage\":\"es\",\"potentialAction\":[{\"@type\":\"ReadAction\",\"target\":[\"https:\\\/\\\/villena.salesianos.edu\\\/ampa\\\/como-organizar-nuestro-trabajo\\\/\"]}]},{\"@type\":\"ImageObject\",\"inLanguage\":\"es\",\"@id\":\"https:\\\/\\\/villena.salesianos.edu\\\/ampa\\\/como-organizar-nuestro-trabajo\\\/#primaryimage\",\"url\":\"https:\\\/\\\/villena.salesianos.edu\\\/ampa\\\/wp-content\\\/uploads\\\/sites\\\/5\\\/2018\\\/02\\\/mapasmentales08.jpg\",\"contentUrl\":\"https:\\\/\\\/villena.salesianos.edu\\\/ampa\\\/wp-content\\\/uploads\\\/sites\\\/5\\\/2018\\\/02\\\/mapasmentales08.jpg\",\"width\":1024,\"height\":768,\"caption\":\"cof\"},{\"@type\":\"BreadcrumbList\",\"@id\":\"https:\\\/\\\/villena.salesianos.edu\\\/ampa\\\/como-organizar-nuestro-trabajo\\\/#breadcrumb\",\"itemListElement\":[{\"@type\":\"ListItem\",\"position\":1,\"name\":\"Portada\",\"item\":\"https:\\\/\\\/villena.salesianos.edu\\\/ampa\\\/\"},{\"@type\":\"ListItem\",\"position\":2,\"name\":\"\u00bfC\u00f3mo organizar nuestro trabajo?\"}]},{\"@type\":\"WebSite\",\"@id\":\"https:\\\/\\\/villena.salesianos.edu\\\/ampa\\\/#website\",\"url\":\"https:\\\/\\\/villena.salesianos.edu\\\/ampa\\\/\",\"name\":\"ampa\",\"description\":\"P\u00e1gina oficial AMPA Salesianos Villena\",\"potentialAction\":[{\"@type\":\"SearchAction\",\"target\":{\"@type\":\"EntryPoint\",\"urlTemplate\":\"https:\\\/\\\/villena.salesianos.edu\\\/ampa\\\/?s={search_term_string}\"},\"query-input\":{\"@type\":\"PropertyValueSpecification\",\"valueRequired\":true,\"valueName\":\"search_term_string\"}}],\"inLanguage\":\"es\"},{\"@type\":\"Person\",\"@id\":\"https:\\\/\\\/villena.salesianos.edu\\\/ampa\\\/#\\\/schema\\\/person\\\/737fd46edc5ae7d6c9b94da26c0e9302\",\"name\":\"Gestor Web\",\"image\":{\"@type\":\"ImageObject\",\"inLanguage\":\"es\",\"@id\":\"https:\\\/\\\/secure.gravatar.com\\\/avatar\\\/44469746e1b6443cd011d1759fdc3b9fdcdae4a08dc0ddd85247651cb065486d?s=96&d=mm&r=g\",\"url\":\"https:\\\/\\\/secure.gravatar.com\\\/avatar\\\/44469746e1b6443cd011d1759fdc3b9fdcdae4a08dc0ddd85247651cb065486d?s=96&d=mm&r=g\",\"contentUrl\":\"https:\\\/\\\/secure.gravatar.com\\\/avatar\\\/44469746e1b6443cd011d1759fdc3b9fdcdae4a08dc0ddd85247651cb065486d?s=96&d=mm&r=g\",\"caption\":\"Gestor Web\"}}]}<\/script>\n<!-- \/ Yoast SEO plugin. -->","yoast_head_json":{"title":"\u00bfC\u00f3mo organizar nuestro trabajo? - ampa","robots":{"index":"index","follow":"follow","max-snippet":"max-snippet:-1","max-image-preview":"max-image-preview:large","max-video-preview":"max-video-preview:-1"},"canonical":"https:\/\/villena.salesianos.edu\/ampa\/como-organizar-nuestro-trabajo\/","og_locale":"es_ES","og_type":"article","og_title":"\u00bfC\u00f3mo organizar nuestro trabajo? - ampa","og_description":"Los alumnos de 6\u00ba de Primaria reciben una formaci\u00f3n sobre mapas mentales a cargo de Francisco Cobos Prada y organizada por el AMPA del colegio. &nbsp; Por Equipo de Comunicaci\u00f3n y Marketing Estudiantes de todas las edades han descubierto las ventajas de aplicar\u00a0mapas mentales\u00a0a su aprendizaje. Ya sea a la hora de\u00a0tomar notas\u00a0de un profesor, [&hellip;]","og_url":"https:\/\/villena.salesianos.edu\/ampa\/como-organizar-nuestro-trabajo\/","og_site_name":"ampa","article_published_time":"2018-02-28T11:16:28+00:00","article_modified_time":"2018-02-28T11:18:58+00:00","og_image":[{"width":1024,"height":768,"url":"https:\/\/villena.salesianos.edu\/ampa\/wp-content\/uploads\/sites\/5\/2018\/02\/mapasmentales08.jpg","type":"image\/jpeg"}],"author":"Gestor Web","twitter_card":"summary_large_image","twitter_misc":{"Escrito por":"Gestor Web","Tiempo de lectura":"2 minutos"},"schema":{"@context":"https:\/\/schema.org","@graph":[{"@type":"Article","@id":"https:\/\/villena.salesianos.edu\/ampa\/como-organizar-nuestro-trabajo\/#article","isPartOf":{"@id":"https:\/\/villena.salesianos.edu\/ampa\/como-organizar-nuestro-trabajo\/"},"author":{"name":"Gestor Web","@id":"https:\/\/villena.salesianos.edu\/ampa\/#\/schema\/person\/737fd46edc5ae7d6c9b94da26c0e9302"},"headline":"\u00bfC\u00f3mo organizar nuestro trabajo?","datePublished":"2018-02-28T11:16:28+00:00","dateModified":"2018-02-28T11:18:58+00:00","mainEntityOfPage":{"@id":"https:\/\/villena.salesianos.edu\/ampa\/como-organizar-nuestro-trabajo\/"},"wordCount":428,"commentCount":0,"image":{"@id":"https:\/\/villena.salesianos.edu\/ampa\/como-organizar-nuestro-trabajo\/#primaryimage"},"thumbnailUrl":"https:\/\/villena.salesianos.edu\/ampa\/wp-content\/uploads\/sites\/5\/2018\/02\/mapasmentales08.jpg","articleSection":["AMPA","Colegio","Primaria"],"inLanguage":"es","potentialAction":[{"@type":"CommentAction","name":"Comment","target":["https:\/\/villena.salesianos.edu\/ampa\/como-organizar-nuestro-trabajo\/#respond"]}]},{"@type":"WebPage","@id":"https:\/\/villena.salesianos.edu\/ampa\/como-organizar-nuestro-trabajo\/","url":"https:\/\/villena.salesianos.edu\/ampa\/como-organizar-nuestro-trabajo\/","name":"\u00bfC\u00f3mo organizar nuestro trabajo? - ampa","isPartOf":{"@id":"https:\/\/villena.salesianos.edu\/ampa\/#website"},"primaryImageOfPage":{"@id":"https:\/\/villena.salesianos.edu\/ampa\/como-organizar-nuestro-trabajo\/#primaryimage"},"image":{"@id":"https:\/\/villena.salesianos.edu\/ampa\/como-organizar-nuestro-trabajo\/#primaryimage"},"thumbnailUrl":"https:\/\/villena.salesianos.edu\/ampa\/wp-content\/uploads\/sites\/5\/2018\/02\/mapasmentales08.jpg","datePublished":"2018-02-28T11:16:28+00:00","dateModified":"2018-02-28T11:18:58+00:00","author":{"@id":"https:\/\/villena.salesianos.edu\/ampa\/#\/schema\/person\/737fd46edc5ae7d6c9b94da26c0e9302"},"breadcrumb":{"@id":"https:\/\/villena.salesianos.edu\/ampa\/como-organizar-nuestro-trabajo\/#breadcrumb"},"inLanguage":"es","potentialAction":[{"@type":"ReadAction","target":["https:\/\/villena.salesianos.edu\/ampa\/como-organizar-nuestro-trabajo\/"]}]},{"@type":"ImageObject","inLanguage":"es","@id":"https:\/\/villena.salesianos.edu\/ampa\/como-organizar-nuestro-trabajo\/#primaryimage","url":"https:\/\/villena.salesianos.edu\/ampa\/wp-content\/uploads\/sites\/5\/2018\/02\/mapasmentales08.jpg","contentUrl":"https:\/\/villena.salesianos.edu\/ampa\/wp-content\/uploads\/sites\/5\/2018\/02\/mapasmentales08.jpg","width":1024,"height":768,"caption":"cof"},{"@type":"BreadcrumbList","@id":"https:\/\/villena.salesianos.edu\/ampa\/como-organizar-nuestro-trabajo\/#breadcrumb","itemListElement":[{"@type":"ListItem","position":1,"name":"Portada","item":"https:\/\/villena.salesianos.edu\/ampa\/"},{"@type":"ListItem","position":2,"name":"\u00bfC\u00f3mo organizar nuestro trabajo?"}]},{"@type":"WebSite","@id":"https:\/\/villena.salesianos.edu\/ampa\/#website","url":"https:\/\/villena.salesianos.edu\/ampa\/","name":"ampa","description":"P\u00e1gina oficial AMPA Salesianos Villena","potentialAction":[{"@type":"SearchAction","target":{"@type":"EntryPoint","urlTemplate":"https:\/\/villena.salesianos.edu\/ampa\/?s={search_term_string}"},"query-input":{"@type":"PropertyValueSpecification","valueRequired":true,"valueName":"search_term_string"}}],"inLanguage":"es"},{"@type":"Person","@id":"https:\/\/villena.salesianos.edu\/ampa\/#\/schema\/person\/737fd46edc5ae7d6c9b94da26c0e9302","name":"Gestor Web","image":{"@type":"ImageObject","inLanguage":"es","@id":"https:\/\/secure.gravatar.com\/avatar\/44469746e1b6443cd011d1759fdc3b9fdcdae4a08dc0ddd85247651cb065486d?s=96&d=mm&r=g","url":"https:\/\/secure.gravatar.com\/avatar\/44469746e1b6443cd011d1759fdc3b9fdcdae4a08dc0ddd85247651cb065486d?s=96&d=mm&r=g","contentUrl":"https:\/\/secure.gravatar.com\/avatar\/44469746e1b6443cd011d1759fdc3b9fdcdae4a08dc0ddd85247651cb065486d?s=96&d=mm&r=g","caption":"Gestor Web"}}]}},"_links":{"self":[{"href":"https:\/\/villena.salesianos.edu\/ampa\/wp-json\/wp\/v2\/posts\/3762","targetHints":{"allow":["GET"]}}],"collection":[{"href":"https:\/\/villena.salesianos.edu\/ampa\/wp-json\/wp\/v2\/posts"}],"about":[{"href":"https:\/\/villena.salesianos.edu\/ampa\/wp-json\/wp\/v2\/types\/post"}],"author":[{"embeddable":true,"href":"https:\/\/villena.salesianos.edu\/ampa\/wp-json\/wp\/v2\/users\/2"}],"replies":[{"embeddable":true,"href":"https:\/\/villena.salesianos.edu\/ampa\/wp-json\/wp\/v2\/comments?post=3762"}],"version-history":[{"count":1,"href":"https:\/\/villena.salesianos.edu\/ampa\/wp-json\/wp\/v2\/posts\/3762\/revisions"}],"predecessor-version":[{"id":3803,"href":"https:\/\/villena.salesianos.edu\/ampa\/wp-json\/wp\/v2\/posts\/3762\/revisions\/3803"}],"wp:featuredmedia":[{"embeddable":true,"href":"https:\/\/villena.salesianos.edu\/ampa\/wp-json\/wp\/v2\/media\/3763"}],"wp:attachment":[{"href":"https:\/\/villena.salesianos.edu\/ampa\/wp-json\/wp\/v2\/media?parent=3762"}],"wp:term":[{"taxonomy":"category","embeddable":true,"href":"https:\/\/villena.salesianos.edu\/ampa\/wp-json\/wp\/v2\/categories?post=3762"},{"taxonomy":"post_tag","embeddable":true,"href":"https:\/\/villena.salesianos.edu\/ampa\/wp-json\/wp\/v2\/tags?post=3762"}],"curies":[{"name":"wp","href":"https:\/\/api.w.org\/{rel}","templated":true}]}}