{"id":3878,"date":"2018-05-28T14:26:02","date_gmt":"2018-05-28T13:26:02","guid":{"rendered":"https:\/\/villena.salesianos.edu\/ampa\/una-gran-familia-para-una-gran-madre\/"},"modified":"2018-05-28T14:56:17","modified_gmt":"2018-05-28T13:56:17","slug":"una-gran-madre-para-una-gran-familia","status":"publish","type":"post","link":"https:\/\/villena.salesianos.edu\/ampa\/una-gran-madre-para-una-gran-familia\/","title":{"rendered":"Una gran MADRE para una gran FAMILIA"},"content":{"rendered":"<p>[et_pb_section bb_built=\u00bb1&#8243; admin_label=\u00bbsection\u00bb][et_pb_row admin_label=\u00bbrow\u00bb background_position=\u00bbtop_left\u00bb background_repeat=\u00bbrepeat\u00bb background_size=\u00bbinitial\u00bb][et_pb_column type=\u00bb4_4&#8243;][et_pb_text admin_label=\u00bbEntradilla (Texto)\u00bb _builder_version=\u00bb3.0.92&#8243; background_layout=\u00bblight\u00bb text_orientation=\u00bbjustified\u00bb text_font=\u00bb|on|||\u00bb border_style=\u00bbsolid\u00bb]<\/p>\n<p class=\"western\" align=\"justify\"><b>La familia Salesiana de Villena conmemora los d\u00edas grandes en Honor a Mar\u00eda Auxiliadora.<\/b><\/p>\n<p>[\/et_pb_text][et_pb_text admin_label=\u00bbAutor (Texto)\u00bb _builder_version=\u00bb3.0.92&#8243; background_layout=\u00bblight\u00bb text_font=\u00bb||on||\u00bb border_style=\u00bbsolid\u00bb]<\/p>\n<p><em>Por Equipo de Comunicaci\u00f3n y Marketing<\/em><\/p>\n<p>[\/et_pb_text][et_pb_text admin_label=\u00bbDesarrollo (Texto)\u00bb _builder_version=\u00bb3.0.92&#8243; background_layout=\u00bblight\u00bb text_orientation=\u00bbjustified\u00bb]<\/p>\n<p class=\"western\" align=\"justify\">Durante todo el mes de Mayo se han ido realizando actividades, celebraciones y actos en honor a la Patrona de los Salesianos: el Musical organizado por el Centro Juvenil, Romer\u00eda al Santuario, Comuniones, Novenas, fiesta Escolar\u2026<\/p>\n<p class=\"western\" align=\"justify\">Pero este fin de semana se ha culminado con las <b>Fiesta de la Comunidad Educativa<\/b> realizada el s\u00e1bado 26 y la <b>Fiesta Externa<\/b> con la Eucarist\u00eda y Procesi\u00f3n durante el domingo 27 de Mayo.<\/p>\n<p class=\"western\" align=\"justify\">El s\u00e1bado, la <span style=\"color: #000080;\"><span lang=\"zxx\"><u><a href=\"http:\/\/villena.salesianos.edu\/ampa\">Asociaci\u00f3n de Madres y Padres<\/a><\/u><\/span><\/span> del <span style=\"color: #000080;\"><span lang=\"zxx\"><u><a href=\"http:\/\/villena.salesianos.edu\/colegio\">colegio<\/a><\/u><\/span><\/span> organizaba un d\u00eda festivo de convivencia y cercan\u00eda para toda la Comunidad Educativa; padres, madre, alumnos, profes, personal de administraci\u00f3n y servicios. Durante la ma\u00f1ana, exhibiciones de baile y gimnasia r\u00edtmica, junto con la escuela de F\u00fatbol para los ni\u00f1os de Primaria que ambientaron los patios del colegio. Seguidamente una espectacular paella gigante y por la tarde hinchables, la pasteler\u00eda del cole en beneficio del <span style=\"color: #000080;\"><span lang=\"zxx\"><u><a href=\"https:\/\/villena.salesianos.edu\/social\/pae-angel-tomas\/\">PAE \u00c1ngel Tom\u00e1s<\/a><\/u><\/span><\/span>, partidas de ajedrez, exposici\u00f3n de la actividad extraescolar Lego-Rob\u00f3tica y juegos organizados por el Centro Juvenil, todo ambientado por una banda tocando temas del pasado que nos hicieron bailar y disfrutar del d\u00eda.<\/p>\n<p class=\"western\" align=\"justify\">Ya el domingo, d\u00eda m\u00e1s solemne con la <b>misa y procesi\u00f3n<\/b>, vivimos un d\u00eda hist\u00f3rico de uni\u00f3n y hermandad. Este a\u00f1o con la novedad de la realizaci\u00f3n de la eucarist\u00eda, presidida por el <b>obispo de la Di\u00f3cesis Orihuela-Alicante, D. Jes\u00fas Murgui,<\/b> y salida de la procesi\u00f3n desde la Plaza de las Malvas para acompa\u00f1ar a nuestras Hermanas de los Ancianos Desamparados en la colocaci\u00f3n de la primera piedra del nuevo <span style=\"color: #000080;\"><span lang=\"zxx\"><u><a href=\"http:\/\/www.asilodevillena.com\/\">Asilo<\/a><\/u><\/span><\/span>. Finalizando el acto con la llegada de la imagen de nuestra Madre y Patrona a la <span style=\"color: #000080;\"><span lang=\"zxx\"><u><a href=\"http:\/\/villena.salesianos.edu\/iglesia\">Iglesia<\/a><\/u><\/span><\/span> del Colegio.<\/p>\n<p class=\"western\" align=\"justify\">\u201c<i>Somos lo que somos, porque somos lo que vivimos\u201d.<\/i> Y nuestras vivencias siempre van acompa\u00f1adas de momentos \u00fanicos y especiales, como los disfrutados durante estos d\u00edas en Honor a Nuestra Madre Mar\u00eda Auxiliadora.<\/p>\n<p>[\/et_pb_text][et_pb_text admin_label=\u00bbT\u00edtulo: Galer\u00eda de fotos (Texto)\u00bb _builder_version=\u00bb3.0.92&#8243; background_layout=\u00bblight\u00bb text_font=\u00bb|on|||\u00bb text_text_color=\u00bb#dc001b\u00bb disabled=\u00bboff\u00bb disabled_on=\u00bboff|off|off\u00bb]<\/p>\n<p>\u00c1lbumes de fotos<\/p>\n<p>[\/et_pb_text][et_pb_gallery _builder_version=\u00bb3.0.92&#8243; posts_number=\u00bb8&#8243; show_title_and_caption=\u00bboff\u00bb show_pagination=\u00bbon\u00bb fullwidth=\u00bboff\u00bb orientation=\u00bblandscape\u00bb zoom_icon_color=\u00bb#dc001b\u00bb hover_overlay_color=\u00bbrgba(255,255,255,0.9)\u00bb hover_icon=\u00bb%%51%%\u00bb background_layout=\u00bblight\u00bb border_style=\u00bbsolid\u00bb auto=\u00bboff\u00bb disabled=\u00bbon\u00bb disabled_on=\u00bbon|on|on\u00bb \/][et_pb_video _builder_version=\u00bb3.0.51&#8243; disabled=\u00bbon\u00bb disabled_on=\u00bbon|on|on\u00bb \/][\/et_pb_column][\/et_pb_row][et_pb_row][et_pb_column type=\u00bb1_2&#8243;][et_pb_image _builder_version=\u00bb3.0.92&#8243; src=\u00bbhttps:\/\/villena.salesianos.edu\/colegio\/wp-content\/uploads\/sites\/3\/2018\/05\/fiestaCEP08.jpg\u00bb show_in_lightbox=\u00bboff\u00bb url=\u00bbhttps:\/\/villena.salesianos.edu\/colegio\/galeria\/festividades-fotos\/\u00bb url_new_window=\u00bbon\u00bb use_overlay=\u00bboff\u00bb always_center_on_mobile=\u00bbon\u00bb force_fullwidth=\u00bboff\u00bb show_bottom_space=\u00bbon\u00bb max_width=\u00bb90%\u00bb border_width_all=\u00bb9px\u00bb border_color_all=\u00bbrgba(22,1,2,0.7)\u00bb align=\u00bbcenter\u00bb \/][et_pb_text _builder_version=\u00bb3.0.92&#8243; background_layout=\u00bblight\u00bb]<\/p>\n<p>&nbsp;<\/p>\n<h4 style=\"text-align: center;\"><a href=\"https:\/\/villena.salesianos.edu\/colegio\/galeria\/festividades-fotos\/\">Fiesta Comunidad Educativo Pastoral<\/a><\/h4>\n<p>[\/et_pb_text][\/et_pb_column][et_pb_column type=\u00bb1_2&#8243;][et_pb_image _builder_version=\u00bb3.0.92&#8243; src=\u00bbhttps:\/\/villena.salesianos.edu\/colegio\/wp-content\/uploads\/sites\/3\/2018\/05\/2018-05-27-PRIMERA-PIEDRA-ASILO-4.jpg\u00bb show_in_lightbox=\u00bboff\u00bb url=\u00bbhttps:\/\/villena.salesianos.edu\/colegio\/galeria\/festividades-fotos\/\u00bb url_new_window=\u00bbon\u00bb use_overlay=\u00bboff\u00bb always_center_on_mobile=\u00bbon\u00bb force_fullwidth=\u00bboff\u00bb show_bottom_space=\u00bbon\u00bb border_width_all=\u00bb9px\u00bb border_color_all=\u00bbrgba(22,1,2,0.7)\u00bb align=\u00bbcenter\u00bb \/][et_pb_text _builder_version=\u00bb3.0.92&#8243; background_layout=\u00bblight\u00bb]<\/p>\n<p>&nbsp;<\/p>\n<h4 style=\"text-align: center;\"><a href=\"https:\/\/villena.salesianos.edu\/colegio\/galeria\/festividades-fotos\/\">Eucarist\u00eda y Procesi\u00f3n<\/a><\/h4>\n<p>[\/et_pb_text][\/et_pb_column][\/et_pb_row][\/et_pb_section]<\/p>\n","protected":false},"excerpt":{"rendered":"<p>La familia Salesiana de Villena conmemora los d\u00edas grandes en Honor a Mar\u00eda Auxiliadora. Por Equipo de Comunicaci\u00f3n y Marketing Durante todo el mes de Mayo se han ido realizando actividades, celebraciones y actos en honor a la Patrona de los Salesianos: el Musical organizado por el Centro Juvenil, Romer\u00eda al Santuario, Comuniones, Novenas, fiesta [&hellip;]<\/p>\n","protected":false},"author":2,"featured_media":3879,"comment_status":"open","ping_status":"open","sticky":false,"template":"","format":"standard","meta":{"_et_pb_use_builder":"on","_et_pb_old_content":"","_et_gb_content_width":"","footnotes":""},"categories":[24],"tags":[],"class_list":["post-3878","post","type-post","status-publish","format-standard","has-post-thumbnail","hentry","category-portadanoticias"],"yoast_head":"<!-- This site is optimized with the Yoast SEO plugin v28.3 - https:\/\/yoast.com\/product\/yoast-seo-wordpress\/ -->\n<title>Una gran MADRE para una gran FAMILIA - ampa<\/title>\n<meta name=\"robots\" content=\"index, follow, max-snippet:-1, max-image-preview:large, max-video-preview:-1\" \/>\n<link rel=\"canonical\" href=\"https:\/\/villena.salesianos.edu\/ampa\/una-gran-madre-para-una-gran-familia\/\" \/>\n<meta property=\"og:locale\" content=\"es_ES\" \/>\n<meta property=\"og:type\" content=\"article\" \/>\n<meta property=\"og:title\" content=\"Una gran MADRE para una gran FAMILIA - ampa\" \/>\n<meta property=\"og:description\" content=\"La familia Salesiana de Villena conmemora los d\u00edas grandes en Honor a Mar\u00eda Auxiliadora. Por Equipo de Comunicaci\u00f3n y Marketing Durante todo el mes de Mayo se han ido realizando actividades, celebraciones y actos en honor a la Patrona de los Salesianos: el Musical organizado por el Centro Juvenil, Romer\u00eda al Santuario, Comuniones, Novenas, fiesta [&hellip;]\" \/>\n<meta property=\"og:url\" content=\"https:\/\/villena.salesianos.edu\/ampa\/una-gran-madre-para-una-gran-familia\/\" \/>\n<meta property=\"og:site_name\" content=\"ampa\" \/>\n<meta property=\"article:published_time\" content=\"2018-05-28T13:26:02+00:00\" \/>\n<meta property=\"article:modified_time\" content=\"2018-05-28T13:56:17+00:00\" \/>\n<meta property=\"og:image\" content=\"https:\/\/villena.salesianos.edu\/ampa\/wp-content\/uploads\/sites\/5\/2018\/05\/2018-05-27-PRIMERA-PIEDRA-ASILO-4-1024x683.jpg\" \/>\n\t<meta property=\"og:image:width\" content=\"1024\" \/>\n\t<meta property=\"og:image:height\" content=\"683\" \/>\n\t<meta property=\"og:image:type\" content=\"image\/jpeg\" \/>\n<meta name=\"author\" content=\"Gestor Web\" \/>\n<meta name=\"twitter:card\" content=\"summary_large_image\" \/>\n<meta name=\"twitter:label1\" content=\"Escrito por\" \/>\n\t<meta name=\"twitter:data1\" content=\"Gestor Web\" \/>\n\t<meta name=\"twitter:label2\" content=\"Tiempo de lectura\" \/>\n\t<meta name=\"twitter:data2\" content=\"4 minutos\" \/>\n<script type=\"application\/ld+json\" class=\"yoast-schema-graph\">{\"@context\":\"https:\\\/\\\/schema.org\",\"@graph\":[{\"@type\":\"Article\",\"@id\":\"https:\\\/\\\/villena.salesianos.edu\\\/ampa\\\/una-gran-madre-para-una-gran-familia\\\/#article\",\"isPartOf\":{\"@id\":\"https:\\\/\\\/villena.salesianos.edu\\\/ampa\\\/una-gran-madre-para-una-gran-familia\\\/\"},\"author\":{\"name\":\"Gestor Web\",\"@id\":\"https:\\\/\\\/villena.salesianos.edu\\\/ampa\\\/#\\\/schema\\\/person\\\/737fd46edc5ae7d6c9b94da26c0e9302\"},\"headline\":\"Una gran MADRE para una gran FAMILIA\",\"datePublished\":\"2018-05-28T13:26:02+00:00\",\"dateModified\":\"2018-05-28T13:56:17+00:00\",\"mainEntityOfPage\":{\"@id\":\"https:\\\/\\\/villena.salesianos.edu\\\/ampa\\\/una-gran-madre-para-una-gran-familia\\\/\"},\"wordCount\":733,\"commentCount\":0,\"image\":{\"@id\":\"https:\\\/\\\/villena.salesianos.edu\\\/ampa\\\/una-gran-madre-para-una-gran-familia\\\/#primaryimage\"},\"thumbnailUrl\":\"https:\\\/\\\/villena.salesianos.edu\\\/ampa\\\/wp-content\\\/uploads\\\/sites\\\/5\\\/2018\\\/05\\\/2018-05-27-PRIMERA-PIEDRA-ASILO-4.jpg\",\"articleSection\":[\"Portada Noticias\"],\"inLanguage\":\"es\",\"potentialAction\":[{\"@type\":\"CommentAction\",\"name\":\"Comment\",\"target\":[\"https:\\\/\\\/villena.salesianos.edu\\\/ampa\\\/una-gran-madre-para-una-gran-familia\\\/#respond\"]}]},{\"@type\":\"WebPage\",\"@id\":\"https:\\\/\\\/villena.salesianos.edu\\\/ampa\\\/una-gran-madre-para-una-gran-familia\\\/\",\"url\":\"https:\\\/\\\/villena.salesianos.edu\\\/ampa\\\/una-gran-madre-para-una-gran-familia\\\/\",\"name\":\"Una gran MADRE para una gran FAMILIA - ampa\",\"isPartOf\":{\"@id\":\"https:\\\/\\\/villena.salesianos.edu\\\/ampa\\\/#website\"},\"primaryImageOfPage\":{\"@id\":\"https:\\\/\\\/villena.salesianos.edu\\\/ampa\\\/una-gran-madre-para-una-gran-familia\\\/#primaryimage\"},\"image\":{\"@id\":\"https:\\\/\\\/villena.salesianos.edu\\\/ampa\\\/una-gran-madre-para-una-gran-familia\\\/#primaryimage\"},\"thumbnailUrl\":\"https:\\\/\\\/villena.salesianos.edu\\\/ampa\\\/wp-content\\\/uploads\\\/sites\\\/5\\\/2018\\\/05\\\/2018-05-27-PRIMERA-PIEDRA-ASILO-4.jpg\",\"datePublished\":\"2018-05-28T13:26:02+00:00\",\"dateModified\":\"2018-05-28T13:56:17+00:00\",\"author\":{\"@id\":\"https:\\\/\\\/villena.salesianos.edu\\\/ampa\\\/#\\\/schema\\\/person\\\/737fd46edc5ae7d6c9b94da26c0e9302\"},\"breadcrumb\":{\"@id\":\"https:\\\/\\\/villena.salesianos.edu\\\/ampa\\\/una-gran-madre-para-una-gran-familia\\\/#breadcrumb\"},\"inLanguage\":\"es\",\"potentialAction\":[{\"@type\":\"ReadAction\",\"target\":[\"https:\\\/\\\/villena.salesianos.edu\\\/ampa\\\/una-gran-madre-para-una-gran-familia\\\/\"]}]},{\"@type\":\"ImageObject\",\"inLanguage\":\"es\",\"@id\":\"https:\\\/\\\/villena.salesianos.edu\\\/ampa\\\/una-gran-madre-para-una-gran-familia\\\/#primaryimage\",\"url\":\"https:\\\/\\\/villena.salesianos.edu\\\/ampa\\\/wp-content\\\/uploads\\\/sites\\\/5\\\/2018\\\/05\\\/2018-05-27-PRIMERA-PIEDRA-ASILO-4.jpg\",\"contentUrl\":\"https:\\\/\\\/villena.salesianos.edu\\\/ampa\\\/wp-content\\\/uploads\\\/sites\\\/5\\\/2018\\\/05\\\/2018-05-27-PRIMERA-PIEDRA-ASILO-4.jpg\",\"width\":5568,\"height\":3712},{\"@type\":\"BreadcrumbList\",\"@id\":\"https:\\\/\\\/villena.salesianos.edu\\\/ampa\\\/una-gran-madre-para-una-gran-familia\\\/#breadcrumb\",\"itemListElement\":[{\"@type\":\"ListItem\",\"position\":1,\"name\":\"Portada\",\"item\":\"https:\\\/\\\/villena.salesianos.edu\\\/ampa\\\/\"},{\"@type\":\"ListItem\",\"position\":2,\"name\":\"Una gran MADRE para una gran FAMILIA\"}]},{\"@type\":\"WebSite\",\"@id\":\"https:\\\/\\\/villena.salesianos.edu\\\/ampa\\\/#website\",\"url\":\"https:\\\/\\\/villena.salesianos.edu\\\/ampa\\\/\",\"name\":\"ampa\",\"description\":\"P\u00e1gina oficial AMPA Salesianos Villena\",\"potentialAction\":[{\"@type\":\"SearchAction\",\"target\":{\"@type\":\"EntryPoint\",\"urlTemplate\":\"https:\\\/\\\/villena.salesianos.edu\\\/ampa\\\/?s={search_term_string}\"},\"query-input\":{\"@type\":\"PropertyValueSpecification\",\"valueRequired\":true,\"valueName\":\"search_term_string\"}}],\"inLanguage\":\"es\"},{\"@type\":\"Person\",\"@id\":\"https:\\\/\\\/villena.salesianos.edu\\\/ampa\\\/#\\\/schema\\\/person\\\/737fd46edc5ae7d6c9b94da26c0e9302\",\"name\":\"Gestor Web\",\"image\":{\"@type\":\"ImageObject\",\"inLanguage\":\"es\",\"@id\":\"https:\\\/\\\/secure.gravatar.com\\\/avatar\\\/44469746e1b6443cd011d1759fdc3b9fdcdae4a08dc0ddd85247651cb065486d?s=96&d=mm&r=g\",\"url\":\"https:\\\/\\\/secure.gravatar.com\\\/avatar\\\/44469746e1b6443cd011d1759fdc3b9fdcdae4a08dc0ddd85247651cb065486d?s=96&d=mm&r=g\",\"contentUrl\":\"https:\\\/\\\/secure.gravatar.com\\\/avatar\\\/44469746e1b6443cd011d1759fdc3b9fdcdae4a08dc0ddd85247651cb065486d?s=96&d=mm&r=g\",\"caption\":\"Gestor Web\"}}]}<\/script>\n<!-- \/ Yoast SEO plugin. -->","yoast_head_json":{"title":"Una gran MADRE para una gran FAMILIA - ampa","robots":{"index":"index","follow":"follow","max-snippet":"max-snippet:-1","max-image-preview":"max-image-preview:large","max-video-preview":"max-video-preview:-1"},"canonical":"https:\/\/villena.salesianos.edu\/ampa\/una-gran-madre-para-una-gran-familia\/","og_locale":"es_ES","og_type":"article","og_title":"Una gran MADRE para una gran FAMILIA - ampa","og_description":"La familia Salesiana de Villena conmemora los d\u00edas grandes en Honor a Mar\u00eda Auxiliadora. Por Equipo de Comunicaci\u00f3n y Marketing Durante todo el mes de Mayo se han ido realizando actividades, celebraciones y actos en honor a la Patrona de los Salesianos: el Musical organizado por el Centro Juvenil, Romer\u00eda al Santuario, Comuniones, Novenas, fiesta [&hellip;]","og_url":"https:\/\/villena.salesianos.edu\/ampa\/una-gran-madre-para-una-gran-familia\/","og_site_name":"ampa","article_published_time":"2018-05-28T13:26:02+00:00","article_modified_time":"2018-05-28T13:56:17+00:00","og_image":[{"width":1024,"height":683,"url":"https:\/\/villena.salesianos.edu\/ampa\/wp-content\/uploads\/sites\/5\/2018\/05\/2018-05-27-PRIMERA-PIEDRA-ASILO-4-1024x683.jpg","type":"image\/jpeg"}],"author":"Gestor Web","twitter_card":"summary_large_image","twitter_misc":{"Escrito por":"Gestor Web","Tiempo de lectura":"4 minutos"},"schema":{"@context":"https:\/\/schema.org","@graph":[{"@type":"Article","@id":"https:\/\/villena.salesianos.edu\/ampa\/una-gran-madre-para-una-gran-familia\/#article","isPartOf":{"@id":"https:\/\/villena.salesianos.edu\/ampa\/una-gran-madre-para-una-gran-familia\/"},"author":{"name":"Gestor Web","@id":"https:\/\/villena.salesianos.edu\/ampa\/#\/schema\/person\/737fd46edc5ae7d6c9b94da26c0e9302"},"headline":"Una gran MADRE para una gran FAMILIA","datePublished":"2018-05-28T13:26:02+00:00","dateModified":"2018-05-28T13:56:17+00:00","mainEntityOfPage":{"@id":"https:\/\/villena.salesianos.edu\/ampa\/una-gran-madre-para-una-gran-familia\/"},"wordCount":733,"commentCount":0,"image":{"@id":"https:\/\/villena.salesianos.edu\/ampa\/una-gran-madre-para-una-gran-familia\/#primaryimage"},"thumbnailUrl":"https:\/\/villena.salesianos.edu\/ampa\/wp-content\/uploads\/sites\/5\/2018\/05\/2018-05-27-PRIMERA-PIEDRA-ASILO-4.jpg","articleSection":["Portada Noticias"],"inLanguage":"es","potentialAction":[{"@type":"CommentAction","name":"Comment","target":["https:\/\/villena.salesianos.edu\/ampa\/una-gran-madre-para-una-gran-familia\/#respond"]}]},{"@type":"WebPage","@id":"https:\/\/villena.salesianos.edu\/ampa\/una-gran-madre-para-una-gran-familia\/","url":"https:\/\/villena.salesianos.edu\/ampa\/una-gran-madre-para-una-gran-familia\/","name":"Una gran MADRE para una gran FAMILIA - ampa","isPartOf":{"@id":"https:\/\/villena.salesianos.edu\/ampa\/#website"},"primaryImageOfPage":{"@id":"https:\/\/villena.salesianos.edu\/ampa\/una-gran-madre-para-una-gran-familia\/#primaryimage"},"image":{"@id":"https:\/\/villena.salesianos.edu\/ampa\/una-gran-madre-para-una-gran-familia\/#primaryimage"},"thumbnailUrl":"https:\/\/villena.salesianos.edu\/ampa\/wp-content\/uploads\/sites\/5\/2018\/05\/2018-05-27-PRIMERA-PIEDRA-ASILO-4.jpg","datePublished":"2018-05-28T13:26:02+00:00","dateModified":"2018-05-28T13:56:17+00:00","author":{"@id":"https:\/\/villena.salesianos.edu\/ampa\/#\/schema\/person\/737fd46edc5ae7d6c9b94da26c0e9302"},"breadcrumb":{"@id":"https:\/\/villena.salesianos.edu\/ampa\/una-gran-madre-para-una-gran-familia\/#breadcrumb"},"inLanguage":"es","potentialAction":[{"@type":"ReadAction","target":["https:\/\/villena.salesianos.edu\/ampa\/una-gran-madre-para-una-gran-familia\/"]}]},{"@type":"ImageObject","inLanguage":"es","@id":"https:\/\/villena.salesianos.edu\/ampa\/una-gran-madre-para-una-gran-familia\/#primaryimage","url":"https:\/\/villena.salesianos.edu\/ampa\/wp-content\/uploads\/sites\/5\/2018\/05\/2018-05-27-PRIMERA-PIEDRA-ASILO-4.jpg","contentUrl":"https:\/\/villena.salesianos.edu\/ampa\/wp-content\/uploads\/sites\/5\/2018\/05\/2018-05-27-PRIMERA-PIEDRA-ASILO-4.jpg","width":5568,"height":3712},{"@type":"BreadcrumbList","@id":"https:\/\/villena.salesianos.edu\/ampa\/una-gran-madre-para-una-gran-familia\/#breadcrumb","itemListElement":[{"@type":"ListItem","position":1,"name":"Portada","item":"https:\/\/villena.salesianos.edu\/ampa\/"},{"@type":"ListItem","position":2,"name":"Una gran MADRE para una gran FAMILIA"}]},{"@type":"WebSite","@id":"https:\/\/villena.salesianos.edu\/ampa\/#website","url":"https:\/\/villena.salesianos.edu\/ampa\/","name":"ampa","description":"P\u00e1gina oficial AMPA Salesianos Villena","potentialAction":[{"@type":"SearchAction","target":{"@type":"EntryPoint","urlTemplate":"https:\/\/villena.salesianos.edu\/ampa\/?s={search_term_string}"},"query-input":{"@type":"PropertyValueSpecification","valueRequired":true,"valueName":"search_term_string"}}],"inLanguage":"es"},{"@type":"Person","@id":"https:\/\/villena.salesianos.edu\/ampa\/#\/schema\/person\/737fd46edc5ae7d6c9b94da26c0e9302","name":"Gestor Web","image":{"@type":"ImageObject","inLanguage":"es","@id":"https:\/\/secure.gravatar.com\/avatar\/44469746e1b6443cd011d1759fdc3b9fdcdae4a08dc0ddd85247651cb065486d?s=96&d=mm&r=g","url":"https:\/\/secure.gravatar.com\/avatar\/44469746e1b6443cd011d1759fdc3b9fdcdae4a08dc0ddd85247651cb065486d?s=96&d=mm&r=g","contentUrl":"https:\/\/secure.gravatar.com\/avatar\/44469746e1b6443cd011d1759fdc3b9fdcdae4a08dc0ddd85247651cb065486d?s=96&d=mm&r=g","caption":"Gestor Web"}}]}},"_links":{"self":[{"href":"https:\/\/villena.salesianos.edu\/ampa\/wp-json\/wp\/v2\/posts\/3878","targetHints":{"allow":["GET"]}}],"collection":[{"href":"https:\/\/villena.salesianos.edu\/ampa\/wp-json\/wp\/v2\/posts"}],"about":[{"href":"https:\/\/villena.salesianos.edu\/ampa\/wp-json\/wp\/v2\/types\/post"}],"author":[{"embeddable":true,"href":"https:\/\/villena.salesianos.edu\/ampa\/wp-json\/wp\/v2\/users\/2"}],"replies":[{"embeddable":true,"href":"https:\/\/villena.salesianos.edu\/ampa\/wp-json\/wp\/v2\/comments?post=3878"}],"version-history":[{"count":14,"href":"https:\/\/villena.salesianos.edu\/ampa\/wp-json\/wp\/v2\/posts\/3878\/revisions"}],"predecessor-version":[{"id":3894,"href":"https:\/\/villena.salesianos.edu\/ampa\/wp-json\/wp\/v2\/posts\/3878\/revisions\/3894"}],"wp:featuredmedia":[{"embeddable":true,"href":"https:\/\/villena.salesianos.edu\/ampa\/wp-json\/wp\/v2\/media\/3879"}],"wp:attachment":[{"href":"https:\/\/villena.salesianos.edu\/ampa\/wp-json\/wp\/v2\/media?parent=3878"}],"wp:term":[{"taxonomy":"category","embeddable":true,"href":"https:\/\/villena.salesianos.edu\/ampa\/wp-json\/wp\/v2\/categories?post=3878"},{"taxonomy":"post_tag","embeddable":true,"href":"https:\/\/villena.salesianos.edu\/ampa\/wp-json\/wp\/v2\/tags?post=3878"}],"curies":[{"name":"wp","href":"https:\/\/api.w.org\/{rel}","templated":true}]}}