{"id":3944,"date":"2019-01-09T12:23:03","date_gmt":"2019-01-09T11:23:03","guid":{"rendered":"https:\/\/villena.salesianos.edu\/ampa\/jornadas-de-innovacion-educativa\/"},"modified":"2019-01-09T12:24:49","modified_gmt":"2019-01-09T11:24:49","slug":"jornadas-de-innovacion-educativa","status":"publish","type":"post","link":"https:\/\/villena.salesianos.edu\/ampa\/jornadas-de-innovacion-educativa\/","title":{"rendered":"Jornadas de Innovaci\u00f3n Educativa"},"content":{"rendered":"<p>[et_pb_section bb_built=\u00bb1&#8243; admin_label=\u00bbsection\u00bb][et_pb_row admin_label=\u00bbrow\u00bb background_position=\u00bbtop_left\u00bb background_repeat=\u00bbrepeat\u00bb background_size=\u00bbinitial\u00bb][et_pb_column type=\u00bb4_4&#8243;][et_pb_text admin_label=\u00bbEntradilla (Texto)\u00bb _builder_version=\u00bb3.18.7&#8243; text_orientation=\u00bbjustified\u00bb text_font=\u00bb|on|||\u00bb]<\/p>\n<p><span style=\"font-family: Arial, sans-serif;\"><b>\u00bfQuieres conocer algunas de las actuaciones educativas de \u00e9xito que se est\u00e1n llevando a cabo?<\/b><\/span><\/p>\n<p>[\/et_pb_text][et_pb_text admin_label=\u00bbAutor (Texto)\u00bb _builder_version=\u00bb3.18.7&#8243; text_font=\u00bb||on||\u00bb]<\/p>\n<p><em>Por Equipo Comunicaci\u00f3n y Marketing Educativo.<\/em><\/p>\n<p>[\/et_pb_text][et_pb_text admin_label=\u00bbDesarrollo (Texto)\u00bb _builder_version=\u00bb3.18.7&#8243; text_orientation=\u00bbjustified\u00bb]<\/p>\n<p><span style=\"font-family: Arial, sans-serif;\"><a href=\"https:\/\/villena.salesianos.edu\/colegio\/\">El colegio Salesiano Mar\u00eda Auxilidora de Villena<\/a>, junto con la <a href=\"https:\/\/villena.salesianos.edu\/ampa\/\">Asociaci\u00f3n de padres y madres<\/a> del Centro organizan una serie de charlas y talleres los d\u00edas 17, 22, 23 y 24 de Enero en el Teatro del colegio.<\/span><\/p>\n<p><span style=\"font-family: Arial, sans-serif;\">Las <strong>Actuaciones Educativas de \u00c9xito (AEE)<\/strong> identificadas a trav\u00e9s del <a href=\"http:\/\/www.includ-ed.eu\/es\/la-red\"><strong>Proyecto INCLUD-ED<\/strong><\/a> permiten obtener los mejores resultados educativos para todos los ni\u00f1os y ni\u00f1as en cualquier contexto que se apliquen tanto a nivel instrumental (materias educativas) como a nivel de desarrollo personal (valores, solidaridad, respeto\u2026).<\/span><\/p>\n<p><span style=\"font-family: Arial, sans-serif;\">Para inscribirse a las Jornadas <a href=\"https:\/\/docs.google.com\/forms\/d\/e\/1FAIpQLSd5A7PmXT7-MT9c57GJITHT6hAWXwn6IRG4Fuu8skI16SBM8Q\/viewform\"><b>pincha aqu\u00ed<\/b><\/a><\/span><\/p>\n<p>\u00a0<\/p>\n<h2><span style=\"font-family: Arial, sans-serif;\"><span style=\"font-size: large;\"><u><b>Programa de las Jornadas<\/b><\/u><\/span><\/span><\/h2>\n<h3><span style=\"font-family: Arial, sans-serif;\"><b>Jueves 17 Enero a las 20:00 horas. <\/b><\/span><\/h3>\n<p><span style=\"font-family: Arial, sans-serif;\"><i><b>Ponente: Don Luis Miralles.<\/b><\/i><\/span><\/p>\n<p><span style=\"font-family: Arial, sans-serif;\">Sociedad de la Informaci\u00f3n. Bases Cient\u00edficas. Caracter\u00edsticas de la Sociedad de la Informaci\u00f3n vs Sociedad Industrial.<\/span><\/p>\n<p>\u00a0<\/p>\n<h3><span style=\"font-family: Arial, sans-serif;\"><b>Martes 22 Enero a las 17:15 horas.<\/b><\/span><\/h3>\n<p><span style=\"font-family: Arial, sans-serif;\"><i><b>Ponente: Don Pedro J. Coronado.<\/b><\/i><\/span><\/p>\n<p><span style=\"font-family: Arial, sans-serif;\">Tertulia Literaria Dial\u00f3gica.<\/span><\/p>\n<p>\u00a0<\/p>\n<h3><span style=\"font-family: Arial, sans-serif;\"><b>Mi\u00e9rcoles 23 Enero a las 17:15 horas.<\/b><\/span><\/h3>\n<p><span style=\"font-family: Arial, sans-serif;\"><i><b>Ponente: Do\u00f1a Paqui G\u00f3mez.<\/b><\/i><\/span><\/p>\n<p><span style=\"font-family: Arial, sans-serif;\">Grupos interactivos y voluntariado.<\/span><\/p>\n<p>\u00a0<\/p>\n<h3><span style=\"font-family: Arial, sans-serif;\"><b>Jueves 24 Enero a las 17:15 horas.<\/b><\/span><\/h3>\n<p><span style=\"font-family: Arial, sans-serif;\"><i><b>Ponente: Don Luis Miralles.<\/b><\/i><\/span><\/p>\n<p><span style=\"font-family: Arial, sans-serif;\">Modelo dial\u00f3gico de prevenci\u00f3n de conflictos.<\/span><\/p>\n<p>\u00a0<\/p>\n<p><span style=\"font-family: Arial, sans-serif;\">Desc\u00e1rgate el tr\u00edptico de las Jornadas <a href=\"https:\/\/villena.salesianos.edu\/colegio\/wp-content\/uploads\/sites\/3\/2019\/01\/Tr\u00edptico-AEE.pdf\"><b>pinchando aqu\u00ed<\/b><\/a><\/span><\/p>\n<p>[\/et_pb_text][et_pb_text admin_label=\u00bbT\u00edtulo: Galer\u00eda de fotos (Texto)\u00bb _builder_version=\u00bb3.0.51&#8243; background_layout=\u00bblight\u00bb text_orientation=\u00bbleft\u00bb text_font=\u00bb|on|||\u00bb text_text_color=\u00bb#dc001b\u00bb border_style=\u00bbsolid\u00bb disabled=\u00bbon\u00bb disabled_on=\u00bbon|on|on\u00bb]<\/p>\n<p>Galer\u00eda de im\u00e1genes<\/p>\n<p>[\/et_pb_text][et_pb_gallery _builder_version=\u00bb3.0.51&#8243; posts_number=\u00bb8&#8243; show_title_and_caption=\u00bboff\u00bb show_pagination=\u00bbon\u00bb fullwidth=\u00bboff\u00bb orientation=\u00bblandscape\u00bb zoom_icon_color=\u00bb#dc001b\u00bb hover_overlay_color=\u00bbrgba(255,255,255,0.9)\u00bb hover_icon=\u00bb%%51%%\u00bb background_layout=\u00bblight\u00bb border_style=\u00bbsolid\u00bb auto=\u00bboff\u00bb disabled=\u00bbon\u00bb disabled_on=\u00bbon|on|on\u00bb \/][et_pb_video _builder_version=\u00bb3.0.51&#8243; disabled=\u00bbon\u00bb disabled_on=\u00bbon|on|on\u00bb \/][\/et_pb_column][\/et_pb_row][\/et_pb_section]<\/p>\n","protected":false},"excerpt":{"rendered":"<p>\u00bfQuieres conocer algunas de las actuaciones educativas de \u00e9xito que se est\u00e1n llevando a cabo? Por Equipo Comunicaci\u00f3n y Marketing Educativo. El colegio Salesiano Mar\u00eda Auxilidora de Villena, junto con la Asociaci\u00f3n de padres y madres del Centro organizan una serie de charlas y talleres los d\u00edas 17, 22, 23 y 24 de Enero en [&hellip;]<\/p>\n","protected":false},"author":2,"featured_media":3945,"comment_status":"open","ping_status":"open","sticky":false,"template":"","format":"standard","meta":{"_et_pb_use_builder":"on","_et_pb_old_content":"","_et_gb_content_width":"","footnotes":""},"categories":[32,34,24],"tags":[],"class_list":["post-3944","post","type-post","status-publish","format-standard","has-post-thumbnail","hentry","category-ampa","category-colegio","category-portadanoticias"],"yoast_head":"<!-- This site is optimized with the Yoast SEO plugin v28.3 - https:\/\/yoast.com\/product\/yoast-seo-wordpress\/ -->\n<title>Jornadas de Innovaci\u00f3n Educativa - ampa<\/title>\n<meta name=\"robots\" content=\"index, follow, max-snippet:-1, max-image-preview:large, max-video-preview:-1\" \/>\n<link rel=\"canonical\" href=\"https:\/\/villena.salesianos.edu\/ampa\/jornadas-de-innovacion-educativa\/\" \/>\n<meta property=\"og:locale\" content=\"es_ES\" \/>\n<meta property=\"og:type\" content=\"article\" \/>\n<meta property=\"og:title\" content=\"Jornadas de Innovaci\u00f3n Educativa - ampa\" \/>\n<meta property=\"og:description\" content=\"\u00bfQuieres conocer algunas de las actuaciones educativas de \u00e9xito que se est\u00e1n llevando a cabo? Por Equipo Comunicaci\u00f3n y Marketing Educativo. El colegio Salesiano Mar\u00eda Auxilidora de Villena, junto con la Asociaci\u00f3n de padres y madres del Centro organizan una serie de charlas y talleres los d\u00edas 17, 22, 23 y 24 de Enero en [&hellip;]\" \/>\n<meta property=\"og:url\" content=\"https:\/\/villena.salesianos.edu\/ampa\/jornadas-de-innovacion-educativa\/\" \/>\n<meta property=\"og:site_name\" content=\"ampa\" \/>\n<meta property=\"article:published_time\" content=\"2019-01-09T11:23:03+00:00\" \/>\n<meta property=\"article:modified_time\" content=\"2019-01-09T11:24:49+00:00\" \/>\n<meta property=\"og:image\" content=\"https:\/\/villena.salesianos.edu\/ampa\/wp-content\/uploads\/sites\/5\/2019\/01\/cartel.png\" \/>\n\t<meta property=\"og:image:width\" content=\"668\" \/>\n\t<meta property=\"og:image:height\" content=\"684\" \/>\n\t<meta property=\"og:image:type\" content=\"image\/png\" \/>\n<meta name=\"author\" content=\"Gestor Web\" \/>\n<meta name=\"twitter:card\" content=\"summary_large_image\" \/>\n<meta name=\"twitter:label1\" content=\"Escrito por\" \/>\n\t<meta name=\"twitter:data1\" content=\"Gestor Web\" \/>\n\t<meta name=\"twitter:label2\" content=\"Tiempo de lectura\" \/>\n\t<meta name=\"twitter:data2\" content=\"2 minutos\" \/>\n<script type=\"application\/ld+json\" class=\"yoast-schema-graph\">{\"@context\":\"https:\\\/\\\/schema.org\",\"@graph\":[{\"@type\":\"Article\",\"@id\":\"https:\\\/\\\/villena.salesianos.edu\\\/ampa\\\/jornadas-de-innovacion-educativa\\\/#article\",\"isPartOf\":{\"@id\":\"https:\\\/\\\/villena.salesianos.edu\\\/ampa\\\/jornadas-de-innovacion-educativa\\\/\"},\"author\":{\"name\":\"Gestor Web\",\"@id\":\"https:\\\/\\\/villena.salesianos.edu\\\/ampa\\\/#\\\/schema\\\/person\\\/737fd46edc5ae7d6c9b94da26c0e9302\"},\"headline\":\"Jornadas de Innovaci\u00f3n Educativa\",\"datePublished\":\"2019-01-09T11:23:03+00:00\",\"dateModified\":\"2019-01-09T11:24:49+00:00\",\"mainEntityOfPage\":{\"@id\":\"https:\\\/\\\/villena.salesianos.edu\\\/ampa\\\/jornadas-de-innovacion-educativa\\\/\"},\"wordCount\":398,\"commentCount\":0,\"image\":{\"@id\":\"https:\\\/\\\/villena.salesianos.edu\\\/ampa\\\/jornadas-de-innovacion-educativa\\\/#primaryimage\"},\"thumbnailUrl\":\"https:\\\/\\\/villena.salesianos.edu\\\/ampa\\\/wp-content\\\/uploads\\\/sites\\\/5\\\/2019\\\/01\\\/cartel.png\",\"articleSection\":[\"AMPA\",\"Colegio\",\"Portada Noticias\"],\"inLanguage\":\"es\",\"potentialAction\":[{\"@type\":\"CommentAction\",\"name\":\"Comment\",\"target\":[\"https:\\\/\\\/villena.salesianos.edu\\\/ampa\\\/jornadas-de-innovacion-educativa\\\/#respond\"]}]},{\"@type\":\"WebPage\",\"@id\":\"https:\\\/\\\/villena.salesianos.edu\\\/ampa\\\/jornadas-de-innovacion-educativa\\\/\",\"url\":\"https:\\\/\\\/villena.salesianos.edu\\\/ampa\\\/jornadas-de-innovacion-educativa\\\/\",\"name\":\"Jornadas de Innovaci\u00f3n Educativa - ampa\",\"isPartOf\":{\"@id\":\"https:\\\/\\\/villena.salesianos.edu\\\/ampa\\\/#website\"},\"primaryImageOfPage\":{\"@id\":\"https:\\\/\\\/villena.salesianos.edu\\\/ampa\\\/jornadas-de-innovacion-educativa\\\/#primaryimage\"},\"image\":{\"@id\":\"https:\\\/\\\/villena.salesianos.edu\\\/ampa\\\/jornadas-de-innovacion-educativa\\\/#primaryimage\"},\"thumbnailUrl\":\"https:\\\/\\\/villena.salesianos.edu\\\/ampa\\\/wp-content\\\/uploads\\\/sites\\\/5\\\/2019\\\/01\\\/cartel.png\",\"datePublished\":\"2019-01-09T11:23:03+00:00\",\"dateModified\":\"2019-01-09T11:24:49+00:00\",\"author\":{\"@id\":\"https:\\\/\\\/villena.salesianos.edu\\\/ampa\\\/#\\\/schema\\\/person\\\/737fd46edc5ae7d6c9b94da26c0e9302\"},\"breadcrumb\":{\"@id\":\"https:\\\/\\\/villena.salesianos.edu\\\/ampa\\\/jornadas-de-innovacion-educativa\\\/#breadcrumb\"},\"inLanguage\":\"es\",\"potentialAction\":[{\"@type\":\"ReadAction\",\"target\":[\"https:\\\/\\\/villena.salesianos.edu\\\/ampa\\\/jornadas-de-innovacion-educativa\\\/\"]}]},{\"@type\":\"ImageObject\",\"inLanguage\":\"es\",\"@id\":\"https:\\\/\\\/villena.salesianos.edu\\\/ampa\\\/jornadas-de-innovacion-educativa\\\/#primaryimage\",\"url\":\"https:\\\/\\\/villena.salesianos.edu\\\/ampa\\\/wp-content\\\/uploads\\\/sites\\\/5\\\/2019\\\/01\\\/cartel.png\",\"contentUrl\":\"https:\\\/\\\/villena.salesianos.edu\\\/ampa\\\/wp-content\\\/uploads\\\/sites\\\/5\\\/2019\\\/01\\\/cartel.png\",\"width\":668,\"height\":684},{\"@type\":\"BreadcrumbList\",\"@id\":\"https:\\\/\\\/villena.salesianos.edu\\\/ampa\\\/jornadas-de-innovacion-educativa\\\/#breadcrumb\",\"itemListElement\":[{\"@type\":\"ListItem\",\"position\":1,\"name\":\"Portada\",\"item\":\"https:\\\/\\\/villena.salesianos.edu\\\/ampa\\\/\"},{\"@type\":\"ListItem\",\"position\":2,\"name\":\"Jornadas de Innovaci\u00f3n Educativa\"}]},{\"@type\":\"WebSite\",\"@id\":\"https:\\\/\\\/villena.salesianos.edu\\\/ampa\\\/#website\",\"url\":\"https:\\\/\\\/villena.salesianos.edu\\\/ampa\\\/\",\"name\":\"ampa\",\"description\":\"P\u00e1gina oficial AMPA Salesianos Villena\",\"potentialAction\":[{\"@type\":\"SearchAction\",\"target\":{\"@type\":\"EntryPoint\",\"urlTemplate\":\"https:\\\/\\\/villena.salesianos.edu\\\/ampa\\\/?s={search_term_string}\"},\"query-input\":{\"@type\":\"PropertyValueSpecification\",\"valueRequired\":true,\"valueName\":\"search_term_string\"}}],\"inLanguage\":\"es\"},{\"@type\":\"Person\",\"@id\":\"https:\\\/\\\/villena.salesianos.edu\\\/ampa\\\/#\\\/schema\\\/person\\\/737fd46edc5ae7d6c9b94da26c0e9302\",\"name\":\"Gestor Web\",\"image\":{\"@type\":\"ImageObject\",\"inLanguage\":\"es\",\"@id\":\"https:\\\/\\\/secure.gravatar.com\\\/avatar\\\/44469746e1b6443cd011d1759fdc3b9fdcdae4a08dc0ddd85247651cb065486d?s=96&d=mm&r=g\",\"url\":\"https:\\\/\\\/secure.gravatar.com\\\/avatar\\\/44469746e1b6443cd011d1759fdc3b9fdcdae4a08dc0ddd85247651cb065486d?s=96&d=mm&r=g\",\"contentUrl\":\"https:\\\/\\\/secure.gravatar.com\\\/avatar\\\/44469746e1b6443cd011d1759fdc3b9fdcdae4a08dc0ddd85247651cb065486d?s=96&d=mm&r=g\",\"caption\":\"Gestor Web\"}}]}<\/script>\n<!-- \/ Yoast SEO plugin. -->","yoast_head_json":{"title":"Jornadas de Innovaci\u00f3n Educativa - ampa","robots":{"index":"index","follow":"follow","max-snippet":"max-snippet:-1","max-image-preview":"max-image-preview:large","max-video-preview":"max-video-preview:-1"},"canonical":"https:\/\/villena.salesianos.edu\/ampa\/jornadas-de-innovacion-educativa\/","og_locale":"es_ES","og_type":"article","og_title":"Jornadas de Innovaci\u00f3n Educativa - ampa","og_description":"\u00bfQuieres conocer algunas de las actuaciones educativas de \u00e9xito que se est\u00e1n llevando a cabo? Por Equipo Comunicaci\u00f3n y Marketing Educativo. El colegio Salesiano Mar\u00eda Auxilidora de Villena, junto con la Asociaci\u00f3n de padres y madres del Centro organizan una serie de charlas y talleres los d\u00edas 17, 22, 23 y 24 de Enero en [&hellip;]","og_url":"https:\/\/villena.salesianos.edu\/ampa\/jornadas-de-innovacion-educativa\/","og_site_name":"ampa","article_published_time":"2019-01-09T11:23:03+00:00","article_modified_time":"2019-01-09T11:24:49+00:00","og_image":[{"width":668,"height":684,"url":"https:\/\/villena.salesianos.edu\/ampa\/wp-content\/uploads\/sites\/5\/2019\/01\/cartel.png","type":"image\/png"}],"author":"Gestor Web","twitter_card":"summary_large_image","twitter_misc":{"Escrito por":"Gestor Web","Tiempo de lectura":"2 minutos"},"schema":{"@context":"https:\/\/schema.org","@graph":[{"@type":"Article","@id":"https:\/\/villena.salesianos.edu\/ampa\/jornadas-de-innovacion-educativa\/#article","isPartOf":{"@id":"https:\/\/villena.salesianos.edu\/ampa\/jornadas-de-innovacion-educativa\/"},"author":{"name":"Gestor Web","@id":"https:\/\/villena.salesianos.edu\/ampa\/#\/schema\/person\/737fd46edc5ae7d6c9b94da26c0e9302"},"headline":"Jornadas de Innovaci\u00f3n Educativa","datePublished":"2019-01-09T11:23:03+00:00","dateModified":"2019-01-09T11:24:49+00:00","mainEntityOfPage":{"@id":"https:\/\/villena.salesianos.edu\/ampa\/jornadas-de-innovacion-educativa\/"},"wordCount":398,"commentCount":0,"image":{"@id":"https:\/\/villena.salesianos.edu\/ampa\/jornadas-de-innovacion-educativa\/#primaryimage"},"thumbnailUrl":"https:\/\/villena.salesianos.edu\/ampa\/wp-content\/uploads\/sites\/5\/2019\/01\/cartel.png","articleSection":["AMPA","Colegio","Portada Noticias"],"inLanguage":"es","potentialAction":[{"@type":"CommentAction","name":"Comment","target":["https:\/\/villena.salesianos.edu\/ampa\/jornadas-de-innovacion-educativa\/#respond"]}]},{"@type":"WebPage","@id":"https:\/\/villena.salesianos.edu\/ampa\/jornadas-de-innovacion-educativa\/","url":"https:\/\/villena.salesianos.edu\/ampa\/jornadas-de-innovacion-educativa\/","name":"Jornadas de Innovaci\u00f3n Educativa - ampa","isPartOf":{"@id":"https:\/\/villena.salesianos.edu\/ampa\/#website"},"primaryImageOfPage":{"@id":"https:\/\/villena.salesianos.edu\/ampa\/jornadas-de-innovacion-educativa\/#primaryimage"},"image":{"@id":"https:\/\/villena.salesianos.edu\/ampa\/jornadas-de-innovacion-educativa\/#primaryimage"},"thumbnailUrl":"https:\/\/villena.salesianos.edu\/ampa\/wp-content\/uploads\/sites\/5\/2019\/01\/cartel.png","datePublished":"2019-01-09T11:23:03+00:00","dateModified":"2019-01-09T11:24:49+00:00","author":{"@id":"https:\/\/villena.salesianos.edu\/ampa\/#\/schema\/person\/737fd46edc5ae7d6c9b94da26c0e9302"},"breadcrumb":{"@id":"https:\/\/villena.salesianos.edu\/ampa\/jornadas-de-innovacion-educativa\/#breadcrumb"},"inLanguage":"es","potentialAction":[{"@type":"ReadAction","target":["https:\/\/villena.salesianos.edu\/ampa\/jornadas-de-innovacion-educativa\/"]}]},{"@type":"ImageObject","inLanguage":"es","@id":"https:\/\/villena.salesianos.edu\/ampa\/jornadas-de-innovacion-educativa\/#primaryimage","url":"https:\/\/villena.salesianos.edu\/ampa\/wp-content\/uploads\/sites\/5\/2019\/01\/cartel.png","contentUrl":"https:\/\/villena.salesianos.edu\/ampa\/wp-content\/uploads\/sites\/5\/2019\/01\/cartel.png","width":668,"height":684},{"@type":"BreadcrumbList","@id":"https:\/\/villena.salesianos.edu\/ampa\/jornadas-de-innovacion-educativa\/#breadcrumb","itemListElement":[{"@type":"ListItem","position":1,"name":"Portada","item":"https:\/\/villena.salesianos.edu\/ampa\/"},{"@type":"ListItem","position":2,"name":"Jornadas de Innovaci\u00f3n Educativa"}]},{"@type":"WebSite","@id":"https:\/\/villena.salesianos.edu\/ampa\/#website","url":"https:\/\/villena.salesianos.edu\/ampa\/","name":"ampa","description":"P\u00e1gina oficial AMPA Salesianos Villena","potentialAction":[{"@type":"SearchAction","target":{"@type":"EntryPoint","urlTemplate":"https:\/\/villena.salesianos.edu\/ampa\/?s={search_term_string}"},"query-input":{"@type":"PropertyValueSpecification","valueRequired":true,"valueName":"search_term_string"}}],"inLanguage":"es"},{"@type":"Person","@id":"https:\/\/villena.salesianos.edu\/ampa\/#\/schema\/person\/737fd46edc5ae7d6c9b94da26c0e9302","name":"Gestor Web","image":{"@type":"ImageObject","inLanguage":"es","@id":"https:\/\/secure.gravatar.com\/avatar\/44469746e1b6443cd011d1759fdc3b9fdcdae4a08dc0ddd85247651cb065486d?s=96&d=mm&r=g","url":"https:\/\/secure.gravatar.com\/avatar\/44469746e1b6443cd011d1759fdc3b9fdcdae4a08dc0ddd85247651cb065486d?s=96&d=mm&r=g","contentUrl":"https:\/\/secure.gravatar.com\/avatar\/44469746e1b6443cd011d1759fdc3b9fdcdae4a08dc0ddd85247651cb065486d?s=96&d=mm&r=g","caption":"Gestor Web"}}]}},"_links":{"self":[{"href":"https:\/\/villena.salesianos.edu\/ampa\/wp-json\/wp\/v2\/posts\/3944","targetHints":{"allow":["GET"]}}],"collection":[{"href":"https:\/\/villena.salesianos.edu\/ampa\/wp-json\/wp\/v2\/posts"}],"about":[{"href":"https:\/\/villena.salesianos.edu\/ampa\/wp-json\/wp\/v2\/types\/post"}],"author":[{"embeddable":true,"href":"https:\/\/villena.salesianos.edu\/ampa\/wp-json\/wp\/v2\/users\/2"}],"replies":[{"embeddable":true,"href":"https:\/\/villena.salesianos.edu\/ampa\/wp-json\/wp\/v2\/comments?post=3944"}],"version-history":[{"count":3,"href":"https:\/\/villena.salesianos.edu\/ampa\/wp-json\/wp\/v2\/posts\/3944\/revisions"}],"predecessor-version":[{"id":3949,"href":"https:\/\/villena.salesianos.edu\/ampa\/wp-json\/wp\/v2\/posts\/3944\/revisions\/3949"}],"wp:featuredmedia":[{"embeddable":true,"href":"https:\/\/villena.salesianos.edu\/ampa\/wp-json\/wp\/v2\/media\/3945"}],"wp:attachment":[{"href":"https:\/\/villena.salesianos.edu\/ampa\/wp-json\/wp\/v2\/media?parent=3944"}],"wp:term":[{"taxonomy":"category","embeddable":true,"href":"https:\/\/villena.salesianos.edu\/ampa\/wp-json\/wp\/v2\/categories?post=3944"},{"taxonomy":"post_tag","embeddable":true,"href":"https:\/\/villena.salesianos.edu\/ampa\/wp-json\/wp\/v2\/tags?post=3944"}],"curies":[{"name":"wp","href":"https:\/\/api.w.org\/{rel}","templated":true}]}}