{"id":3965,"date":"2019-01-16T10:32:45","date_gmt":"2019-01-16T09:32:45","guid":{"rendered":"https:\/\/villena.salesianos.edu\/ampa\/primero-los-ultimos-las-comunidades-educativas-reflexionan-en-las-jornadas-de-pastoral\/"},"modified":"2019-01-16T10:40:41","modified_gmt":"2019-01-16T09:40:41","slug":"primero-los-ultimos-las-comunidades-educativas-reflexionan-en-las-jornadas-de-pastoral","status":"publish","type":"post","link":"https:\/\/villena.salesianos.edu\/ampa\/primero-los-ultimos-las-comunidades-educativas-reflexionan-en-las-jornadas-de-pastoral\/","title":{"rendered":"\u00bfPrimero los \u00faltimos? Las comunidades educativas reflexionan en las Jornadas de Pastoral"},"content":{"rendered":"<p>[et_pb_section bb_built=\u00bb1&#8243; admin_label=\u00bbsection\u00bb][et_pb_row admin_label=\u00bbrow\u00bb background_position=\u00bbtop_left\u00bb background_repeat=\u00bbrepeat\u00bb background_size=\u00bbinitial\u00bb][et_pb_column type=\u00bb4_4&#8243;][et_pb_text admin_label=\u00bbEntradilla (Texto)\u00bb _builder_version=\u00bb3.18.7&#8243; text_orientation=\u00bbjustified\u00bb text_font=\u00bb|on|||\u00bb]<\/p>\n<p align=\"left\"><strong><span style=\"color: #000000;\"><span style=\"font-family: Arial, sans-serif;\"><span style=\"font-size: small;\">El pr\u00f3ximo s\u00e1bado 19 de Enero en el Teatro de nuestro colegio.<\/span><\/span><\/span><\/strong><\/p>\n<p>[\/et_pb_text][et_pb_text admin_label=\u00bbAutor (Texto)\u00bb _builder_version=\u00bb3.18.7&#8243; text_font=\u00bb||on||\u00bb]<\/p>\n<p align=\"left\"><span style=\"color: #000000;\"><span style=\"font-family: Arial, sans-serif;\"><span style=\"font-size: small;\"><i>Por Comunicaci\u00f3n SMX<\/i><\/span><\/span><\/span><\/p>\n<p>[\/et_pb_text][et_pb_text admin_label=\u00bbDesarrollo (Texto)\u00bb _builder_version=\u00bb3.18.7&#8243; text_orientation=\u00bbjustified\u00bb]<\/p>\n<p align=\"left\"><span style=\"color: #000000;\"><span style=\"font-family: Arial, sans-serif;\"><span style=\"font-size: small;\">Las Jornadas de Pastoral de las comunidades educativas de la Comunidad Valenciana, Regi\u00f3n de Murcia y Arag\u00f3n ya han dado comienzo. El primer encuentro se realiz\u00f3 en Zaragoza, el s\u00e1bado12 y reunieron a todos los agentes de la pastoral: salesianos, salesianas, profesores, catequistas, educadores de las plataformas sociales y monitores de centros juveniles.<\/span><\/span><\/span><\/p>\n<p align=\"left\"><span style=\"color: #000000;\"><span style=\"font-family: Arial, sans-serif;\"><span style=\"font-size: small;\">En esta nueva edici\u00f3n nos centraremos en el lema que este a\u00f1o orienta a la pastoral: bajo el t\u00edtulo <b>\u00bfPrimero los \u00faltimos?<\/b>, Josan Montull, director de la casa de Huesca, invitar\u00e1 a la reflexi\u00f3n.<\/span><\/span><\/span><\/p>\n<p align=\"left\"><span style=\"color: #000000;\"><span style=\"font-family: Arial, sans-serif;\"><span style=\"font-size: small;\">Como viene siendo habitual, una segunda parte m\u00e1s l\u00fadica, correr\u00e1 a cargo de Jaime Falc\u00f3, joven mago ilicitano y animador en la A.J Gentjove durante algunos a\u00f1os, que ofrecer\u00e1 un espect\u00e1culo de magia.<\/span><\/span><\/span><\/p>\n<p align=\"left\"><span style=\"color: #000000;\"><span style=\"font-family: Arial, sans-serif;\"><span style=\"font-size: small;\">Las fechas y los lugares de encuentro de las Jornadas de Pastoral son:<\/span><\/span><\/span><\/p>\n<ul>\n<li>\n<p align=\"justify\"><span style=\"color: #000000;\"><span style=\"font-family: Arial, sans-serif;\"><span style=\"font-size: small;\">12 de enero en Zaragoza<\/span><\/span><\/span><\/p>\n<\/li>\n<li>\n<p align=\"justify\"><span style=\"color: #000000;\"><span style=\"font-family: Arial, sans-serif;\"><span style=\"font-size: small;\"><b>19 de enero en Villena<\/b><\/span><\/span><\/span><\/p>\n<\/li>\n<li>\n<p align=\"justify\"><span style=\"color: #000000;\"><span style=\"font-family: Arial, sans-serif;\"><span style=\"font-size: small;\">26 de enero en Valencia San Antonio Abad<\/span><\/span><\/span><\/p>\n<\/li>\n<\/ul>\n<p>[\/et_pb_text][et_pb_text admin_label=\u00bbT\u00edtulo: Galer\u00eda de fotos (Texto)\u00bb _builder_version=\u00bb3.18.7&#8243; text_font=\u00bb|on|||\u00bb text_text_color=\u00bb#dc001b\u00bb disabled=\u00bboff\u00bb disabled_on=\u00bboff|off|off\u00bb]<\/p>\n<p>Cartel de las Jornadas<\/p>\n<p>[\/et_pb_text][et_pb_gallery _builder_version=\u00bb3.18.7&#8243; posts_number=\u00bb8&#8243; show_title_and_caption=\u00bboff\u00bb zoom_icon_color=\u00bb#dc001b\u00bb hover_overlay_color=\u00bbrgba(255,255,255,0.9)\u00bb hover_icon=\u00bb%%51%%\u00bb disabled=\u00bboff\u00bb disabled_on=\u00bboff|off|off\u00bb gallery_ids=\u00bb3966&#8243; \/][et_pb_video _builder_version=\u00bb3.0.51&#8243; disabled=\u00bbon\u00bb disabled_on=\u00bbon|on|on\u00bb \/][\/et_pb_column][\/et_pb_row][\/et_pb_section]<\/p>\n","protected":false},"excerpt":{"rendered":"<p>El pr\u00f3ximo s\u00e1bado 19 de Enero en el Teatro de nuestro colegio. Por Comunicaci\u00f3n SMX Las Jornadas de Pastoral de las comunidades educativas de la Comunidad Valenciana, Regi\u00f3n de Murcia y Arag\u00f3n ya han dado comienzo. El primer encuentro se realiz\u00f3 en Zaragoza, el s\u00e1bado12 y reunieron a todos los agentes de la pastoral: salesianos, [&hellip;]<\/p>\n","protected":false},"author":2,"featured_media":3969,"comment_status":"open","ping_status":"open","sticky":false,"template":"","format":"standard","meta":{"_et_pb_use_builder":"on","_et_pb_old_content":"","_et_gb_content_width":"","footnotes":""},"categories":[35,24],"tags":[],"class_list":["post-3965","post","type-post","status-publish","format-standard","has-post-thumbnail","hentry","category-familiasalesiana","category-portadanoticias"],"yoast_head":"<!-- This site is optimized with the Yoast SEO plugin v28.3 - https:\/\/yoast.com\/product\/yoast-seo-wordpress\/ -->\n<title>\u00bfPrimero los \u00faltimos? Las comunidades educativas reflexionan en las Jornadas de Pastoral - ampa<\/title>\n<meta name=\"robots\" content=\"index, follow, max-snippet:-1, max-image-preview:large, max-video-preview:-1\" \/>\n<link rel=\"canonical\" href=\"https:\/\/villena.salesianos.edu\/ampa\/primero-los-ultimos-las-comunidades-educativas-reflexionan-en-las-jornadas-de-pastoral\/\" \/>\n<meta property=\"og:locale\" content=\"es_ES\" \/>\n<meta property=\"og:type\" content=\"article\" \/>\n<meta property=\"og:title\" content=\"\u00bfPrimero los \u00faltimos? Las comunidades educativas reflexionan en las Jornadas de Pastoral - ampa\" \/>\n<meta property=\"og:description\" content=\"El pr\u00f3ximo s\u00e1bado 19 de Enero en el Teatro de nuestro colegio. Por Comunicaci\u00f3n SMX Las Jornadas de Pastoral de las comunidades educativas de la Comunidad Valenciana, Regi\u00f3n de Murcia y Arag\u00f3n ya han dado comienzo. El primer encuentro se realiz\u00f3 en Zaragoza, el s\u00e1bado12 y reunieron a todos los agentes de la pastoral: salesianos, [&hellip;]\" \/>\n<meta property=\"og:url\" content=\"https:\/\/villena.salesianos.edu\/ampa\/primero-los-ultimos-las-comunidades-educativas-reflexionan-en-las-jornadas-de-pastoral\/\" \/>\n<meta property=\"og:site_name\" content=\"ampa\" \/>\n<meta property=\"article:published_time\" content=\"2019-01-16T09:32:45+00:00\" \/>\n<meta property=\"article:modified_time\" content=\"2019-01-16T09:40:41+00:00\" \/>\n<meta property=\"og:image\" content=\"https:\/\/villena.salesianos.edu\/ampa\/wp-content\/uploads\/sites\/5\/2019\/01\/Cartel-JP-enero-2019a.jpg\" \/>\n\t<meta property=\"og:image:width\" content=\"1001\" \/>\n\t<meta property=\"og:image:height\" content=\"611\" \/>\n\t<meta property=\"og:image:type\" content=\"image\/jpeg\" \/>\n<meta name=\"author\" content=\"Gestor Web\" \/>\n<meta name=\"twitter:card\" content=\"summary_large_image\" \/>\n<meta name=\"twitter:label1\" content=\"Escrito por\" \/>\n\t<meta name=\"twitter:data1\" content=\"Gestor Web\" \/>\n\t<meta name=\"twitter:label2\" content=\"Tiempo de lectura\" \/>\n\t<meta name=\"twitter:data2\" content=\"2 minutos\" \/>\n<script type=\"application\/ld+json\" class=\"yoast-schema-graph\">{\"@context\":\"https:\\\/\\\/schema.org\",\"@graph\":[{\"@type\":\"Article\",\"@id\":\"https:\\\/\\\/villena.salesianos.edu\\\/ampa\\\/primero-los-ultimos-las-comunidades-educativas-reflexionan-en-las-jornadas-de-pastoral\\\/#article\",\"isPartOf\":{\"@id\":\"https:\\\/\\\/villena.salesianos.edu\\\/ampa\\\/primero-los-ultimos-las-comunidades-educativas-reflexionan-en-las-jornadas-de-pastoral\\\/\"},\"author\":{\"name\":\"Gestor Web\",\"@id\":\"https:\\\/\\\/villena.salesianos.edu\\\/ampa\\\/#\\\/schema\\\/person\\\/737fd46edc5ae7d6c9b94da26c0e9302\"},\"headline\":\"\u00bfPrimero los \u00faltimos? Las comunidades educativas reflexionan en las Jornadas de Pastoral\",\"datePublished\":\"2019-01-16T09:32:45+00:00\",\"dateModified\":\"2019-01-16T09:40:41+00:00\",\"mainEntityOfPage\":{\"@id\":\"https:\\\/\\\/villena.salesianos.edu\\\/ampa\\\/primero-los-ultimos-las-comunidades-educativas-reflexionan-en-las-jornadas-de-pastoral\\\/\"},\"wordCount\":354,\"commentCount\":0,\"image\":{\"@id\":\"https:\\\/\\\/villena.salesianos.edu\\\/ampa\\\/primero-los-ultimos-las-comunidades-educativas-reflexionan-en-las-jornadas-de-pastoral\\\/#primaryimage\"},\"thumbnailUrl\":\"https:\\\/\\\/villena.salesianos.edu\\\/ampa\\\/wp-content\\\/uploads\\\/sites\\\/5\\\/2019\\\/01\\\/Cartel-JP-enero-2019a.jpg\",\"articleSection\":[\"Familia Salesiana\",\"Portada Noticias\"],\"inLanguage\":\"es\",\"potentialAction\":[{\"@type\":\"CommentAction\",\"name\":\"Comment\",\"target\":[\"https:\\\/\\\/villena.salesianos.edu\\\/ampa\\\/primero-los-ultimos-las-comunidades-educativas-reflexionan-en-las-jornadas-de-pastoral\\\/#respond\"]}]},{\"@type\":\"WebPage\",\"@id\":\"https:\\\/\\\/villena.salesianos.edu\\\/ampa\\\/primero-los-ultimos-las-comunidades-educativas-reflexionan-en-las-jornadas-de-pastoral\\\/\",\"url\":\"https:\\\/\\\/villena.salesianos.edu\\\/ampa\\\/primero-los-ultimos-las-comunidades-educativas-reflexionan-en-las-jornadas-de-pastoral\\\/\",\"name\":\"\u00bfPrimero los \u00faltimos? Las comunidades educativas reflexionan en las Jornadas de Pastoral - ampa\",\"isPartOf\":{\"@id\":\"https:\\\/\\\/villena.salesianos.edu\\\/ampa\\\/#website\"},\"primaryImageOfPage\":{\"@id\":\"https:\\\/\\\/villena.salesianos.edu\\\/ampa\\\/primero-los-ultimos-las-comunidades-educativas-reflexionan-en-las-jornadas-de-pastoral\\\/#primaryimage\"},\"image\":{\"@id\":\"https:\\\/\\\/villena.salesianos.edu\\\/ampa\\\/primero-los-ultimos-las-comunidades-educativas-reflexionan-en-las-jornadas-de-pastoral\\\/#primaryimage\"},\"thumbnailUrl\":\"https:\\\/\\\/villena.salesianos.edu\\\/ampa\\\/wp-content\\\/uploads\\\/sites\\\/5\\\/2019\\\/01\\\/Cartel-JP-enero-2019a.jpg\",\"datePublished\":\"2019-01-16T09:32:45+00:00\",\"dateModified\":\"2019-01-16T09:40:41+00:00\",\"author\":{\"@id\":\"https:\\\/\\\/villena.salesianos.edu\\\/ampa\\\/#\\\/schema\\\/person\\\/737fd46edc5ae7d6c9b94da26c0e9302\"},\"breadcrumb\":{\"@id\":\"https:\\\/\\\/villena.salesianos.edu\\\/ampa\\\/primero-los-ultimos-las-comunidades-educativas-reflexionan-en-las-jornadas-de-pastoral\\\/#breadcrumb\"},\"inLanguage\":\"es\",\"potentialAction\":[{\"@type\":\"ReadAction\",\"target\":[\"https:\\\/\\\/villena.salesianos.edu\\\/ampa\\\/primero-los-ultimos-las-comunidades-educativas-reflexionan-en-las-jornadas-de-pastoral\\\/\"]}]},{\"@type\":\"ImageObject\",\"inLanguage\":\"es\",\"@id\":\"https:\\\/\\\/villena.salesianos.edu\\\/ampa\\\/primero-los-ultimos-las-comunidades-educativas-reflexionan-en-las-jornadas-de-pastoral\\\/#primaryimage\",\"url\":\"https:\\\/\\\/villena.salesianos.edu\\\/ampa\\\/wp-content\\\/uploads\\\/sites\\\/5\\\/2019\\\/01\\\/Cartel-JP-enero-2019a.jpg\",\"contentUrl\":\"https:\\\/\\\/villena.salesianos.edu\\\/ampa\\\/wp-content\\\/uploads\\\/sites\\\/5\\\/2019\\\/01\\\/Cartel-JP-enero-2019a.jpg\",\"width\":1001,\"height\":611},{\"@type\":\"BreadcrumbList\",\"@id\":\"https:\\\/\\\/villena.salesianos.edu\\\/ampa\\\/primero-los-ultimos-las-comunidades-educativas-reflexionan-en-las-jornadas-de-pastoral\\\/#breadcrumb\",\"itemListElement\":[{\"@type\":\"ListItem\",\"position\":1,\"name\":\"Portada\",\"item\":\"https:\\\/\\\/villena.salesianos.edu\\\/ampa\\\/\"},{\"@type\":\"ListItem\",\"position\":2,\"name\":\"\u00bfPrimero los \u00faltimos? Las comunidades educativas reflexionan en las Jornadas de Pastoral\"}]},{\"@type\":\"WebSite\",\"@id\":\"https:\\\/\\\/villena.salesianos.edu\\\/ampa\\\/#website\",\"url\":\"https:\\\/\\\/villena.salesianos.edu\\\/ampa\\\/\",\"name\":\"ampa\",\"description\":\"P\u00e1gina oficial AMPA Salesianos Villena\",\"potentialAction\":[{\"@type\":\"SearchAction\",\"target\":{\"@type\":\"EntryPoint\",\"urlTemplate\":\"https:\\\/\\\/villena.salesianos.edu\\\/ampa\\\/?s={search_term_string}\"},\"query-input\":{\"@type\":\"PropertyValueSpecification\",\"valueRequired\":true,\"valueName\":\"search_term_string\"}}],\"inLanguage\":\"es\"},{\"@type\":\"Person\",\"@id\":\"https:\\\/\\\/villena.salesianos.edu\\\/ampa\\\/#\\\/schema\\\/person\\\/737fd46edc5ae7d6c9b94da26c0e9302\",\"name\":\"Gestor Web\",\"image\":{\"@type\":\"ImageObject\",\"inLanguage\":\"es\",\"@id\":\"https:\\\/\\\/secure.gravatar.com\\\/avatar\\\/44469746e1b6443cd011d1759fdc3b9fdcdae4a08dc0ddd85247651cb065486d?s=96&d=mm&r=g\",\"url\":\"https:\\\/\\\/secure.gravatar.com\\\/avatar\\\/44469746e1b6443cd011d1759fdc3b9fdcdae4a08dc0ddd85247651cb065486d?s=96&d=mm&r=g\",\"contentUrl\":\"https:\\\/\\\/secure.gravatar.com\\\/avatar\\\/44469746e1b6443cd011d1759fdc3b9fdcdae4a08dc0ddd85247651cb065486d?s=96&d=mm&r=g\",\"caption\":\"Gestor Web\"}}]}<\/script>\n<!-- \/ Yoast SEO plugin. -->","yoast_head_json":{"title":"\u00bfPrimero los \u00faltimos? Las comunidades educativas reflexionan en las Jornadas de Pastoral - ampa","robots":{"index":"index","follow":"follow","max-snippet":"max-snippet:-1","max-image-preview":"max-image-preview:large","max-video-preview":"max-video-preview:-1"},"canonical":"https:\/\/villena.salesianos.edu\/ampa\/primero-los-ultimos-las-comunidades-educativas-reflexionan-en-las-jornadas-de-pastoral\/","og_locale":"es_ES","og_type":"article","og_title":"\u00bfPrimero los \u00faltimos? Las comunidades educativas reflexionan en las Jornadas de Pastoral - ampa","og_description":"El pr\u00f3ximo s\u00e1bado 19 de Enero en el Teatro de nuestro colegio. Por Comunicaci\u00f3n SMX Las Jornadas de Pastoral de las comunidades educativas de la Comunidad Valenciana, Regi\u00f3n de Murcia y Arag\u00f3n ya han dado comienzo. El primer encuentro se realiz\u00f3 en Zaragoza, el s\u00e1bado12 y reunieron a todos los agentes de la pastoral: salesianos, [&hellip;]","og_url":"https:\/\/villena.salesianos.edu\/ampa\/primero-los-ultimos-las-comunidades-educativas-reflexionan-en-las-jornadas-de-pastoral\/","og_site_name":"ampa","article_published_time":"2019-01-16T09:32:45+00:00","article_modified_time":"2019-01-16T09:40:41+00:00","og_image":[{"width":1001,"height":611,"url":"https:\/\/villena.salesianos.edu\/ampa\/wp-content\/uploads\/sites\/5\/2019\/01\/Cartel-JP-enero-2019a.jpg","type":"image\/jpeg"}],"author":"Gestor Web","twitter_card":"summary_large_image","twitter_misc":{"Escrito por":"Gestor Web","Tiempo de lectura":"2 minutos"},"schema":{"@context":"https:\/\/schema.org","@graph":[{"@type":"Article","@id":"https:\/\/villena.salesianos.edu\/ampa\/primero-los-ultimos-las-comunidades-educativas-reflexionan-en-las-jornadas-de-pastoral\/#article","isPartOf":{"@id":"https:\/\/villena.salesianos.edu\/ampa\/primero-los-ultimos-las-comunidades-educativas-reflexionan-en-las-jornadas-de-pastoral\/"},"author":{"name":"Gestor Web","@id":"https:\/\/villena.salesianos.edu\/ampa\/#\/schema\/person\/737fd46edc5ae7d6c9b94da26c0e9302"},"headline":"\u00bfPrimero los \u00faltimos? Las comunidades educativas reflexionan en las Jornadas de Pastoral","datePublished":"2019-01-16T09:32:45+00:00","dateModified":"2019-01-16T09:40:41+00:00","mainEntityOfPage":{"@id":"https:\/\/villena.salesianos.edu\/ampa\/primero-los-ultimos-las-comunidades-educativas-reflexionan-en-las-jornadas-de-pastoral\/"},"wordCount":354,"commentCount":0,"image":{"@id":"https:\/\/villena.salesianos.edu\/ampa\/primero-los-ultimos-las-comunidades-educativas-reflexionan-en-las-jornadas-de-pastoral\/#primaryimage"},"thumbnailUrl":"https:\/\/villena.salesianos.edu\/ampa\/wp-content\/uploads\/sites\/5\/2019\/01\/Cartel-JP-enero-2019a.jpg","articleSection":["Familia Salesiana","Portada Noticias"],"inLanguage":"es","potentialAction":[{"@type":"CommentAction","name":"Comment","target":["https:\/\/villena.salesianos.edu\/ampa\/primero-los-ultimos-las-comunidades-educativas-reflexionan-en-las-jornadas-de-pastoral\/#respond"]}]},{"@type":"WebPage","@id":"https:\/\/villena.salesianos.edu\/ampa\/primero-los-ultimos-las-comunidades-educativas-reflexionan-en-las-jornadas-de-pastoral\/","url":"https:\/\/villena.salesianos.edu\/ampa\/primero-los-ultimos-las-comunidades-educativas-reflexionan-en-las-jornadas-de-pastoral\/","name":"\u00bfPrimero los \u00faltimos? Las comunidades educativas reflexionan en las Jornadas de Pastoral - ampa","isPartOf":{"@id":"https:\/\/villena.salesianos.edu\/ampa\/#website"},"primaryImageOfPage":{"@id":"https:\/\/villena.salesianos.edu\/ampa\/primero-los-ultimos-las-comunidades-educativas-reflexionan-en-las-jornadas-de-pastoral\/#primaryimage"},"image":{"@id":"https:\/\/villena.salesianos.edu\/ampa\/primero-los-ultimos-las-comunidades-educativas-reflexionan-en-las-jornadas-de-pastoral\/#primaryimage"},"thumbnailUrl":"https:\/\/villena.salesianos.edu\/ampa\/wp-content\/uploads\/sites\/5\/2019\/01\/Cartel-JP-enero-2019a.jpg","datePublished":"2019-01-16T09:32:45+00:00","dateModified":"2019-01-16T09:40:41+00:00","author":{"@id":"https:\/\/villena.salesianos.edu\/ampa\/#\/schema\/person\/737fd46edc5ae7d6c9b94da26c0e9302"},"breadcrumb":{"@id":"https:\/\/villena.salesianos.edu\/ampa\/primero-los-ultimos-las-comunidades-educativas-reflexionan-en-las-jornadas-de-pastoral\/#breadcrumb"},"inLanguage":"es","potentialAction":[{"@type":"ReadAction","target":["https:\/\/villena.salesianos.edu\/ampa\/primero-los-ultimos-las-comunidades-educativas-reflexionan-en-las-jornadas-de-pastoral\/"]}]},{"@type":"ImageObject","inLanguage":"es","@id":"https:\/\/villena.salesianos.edu\/ampa\/primero-los-ultimos-las-comunidades-educativas-reflexionan-en-las-jornadas-de-pastoral\/#primaryimage","url":"https:\/\/villena.salesianos.edu\/ampa\/wp-content\/uploads\/sites\/5\/2019\/01\/Cartel-JP-enero-2019a.jpg","contentUrl":"https:\/\/villena.salesianos.edu\/ampa\/wp-content\/uploads\/sites\/5\/2019\/01\/Cartel-JP-enero-2019a.jpg","width":1001,"height":611},{"@type":"BreadcrumbList","@id":"https:\/\/villena.salesianos.edu\/ampa\/primero-los-ultimos-las-comunidades-educativas-reflexionan-en-las-jornadas-de-pastoral\/#breadcrumb","itemListElement":[{"@type":"ListItem","position":1,"name":"Portada","item":"https:\/\/villena.salesianos.edu\/ampa\/"},{"@type":"ListItem","position":2,"name":"\u00bfPrimero los \u00faltimos? Las comunidades educativas reflexionan en las Jornadas de Pastoral"}]},{"@type":"WebSite","@id":"https:\/\/villena.salesianos.edu\/ampa\/#website","url":"https:\/\/villena.salesianos.edu\/ampa\/","name":"ampa","description":"P\u00e1gina oficial AMPA Salesianos Villena","potentialAction":[{"@type":"SearchAction","target":{"@type":"EntryPoint","urlTemplate":"https:\/\/villena.salesianos.edu\/ampa\/?s={search_term_string}"},"query-input":{"@type":"PropertyValueSpecification","valueRequired":true,"valueName":"search_term_string"}}],"inLanguage":"es"},{"@type":"Person","@id":"https:\/\/villena.salesianos.edu\/ampa\/#\/schema\/person\/737fd46edc5ae7d6c9b94da26c0e9302","name":"Gestor Web","image":{"@type":"ImageObject","inLanguage":"es","@id":"https:\/\/secure.gravatar.com\/avatar\/44469746e1b6443cd011d1759fdc3b9fdcdae4a08dc0ddd85247651cb065486d?s=96&d=mm&r=g","url":"https:\/\/secure.gravatar.com\/avatar\/44469746e1b6443cd011d1759fdc3b9fdcdae4a08dc0ddd85247651cb065486d?s=96&d=mm&r=g","contentUrl":"https:\/\/secure.gravatar.com\/avatar\/44469746e1b6443cd011d1759fdc3b9fdcdae4a08dc0ddd85247651cb065486d?s=96&d=mm&r=g","caption":"Gestor Web"}}]}},"_links":{"self":[{"href":"https:\/\/villena.salesianos.edu\/ampa\/wp-json\/wp\/v2\/posts\/3965","targetHints":{"allow":["GET"]}}],"collection":[{"href":"https:\/\/villena.salesianos.edu\/ampa\/wp-json\/wp\/v2\/posts"}],"about":[{"href":"https:\/\/villena.salesianos.edu\/ampa\/wp-json\/wp\/v2\/types\/post"}],"author":[{"embeddable":true,"href":"https:\/\/villena.salesianos.edu\/ampa\/wp-json\/wp\/v2\/users\/2"}],"replies":[{"embeddable":true,"href":"https:\/\/villena.salesianos.edu\/ampa\/wp-json\/wp\/v2\/comments?post=3965"}],"version-history":[{"count":3,"href":"https:\/\/villena.salesianos.edu\/ampa\/wp-json\/wp\/v2\/posts\/3965\/revisions"}],"predecessor-version":[{"id":3970,"href":"https:\/\/villena.salesianos.edu\/ampa\/wp-json\/wp\/v2\/posts\/3965\/revisions\/3970"}],"wp:featuredmedia":[{"embeddable":true,"href":"https:\/\/villena.salesianos.edu\/ampa\/wp-json\/wp\/v2\/media\/3969"}],"wp:attachment":[{"href":"https:\/\/villena.salesianos.edu\/ampa\/wp-json\/wp\/v2\/media?parent=3965"}],"wp:term":[{"taxonomy":"category","embeddable":true,"href":"https:\/\/villena.salesianos.edu\/ampa\/wp-json\/wp\/v2\/categories?post=3965"},{"taxonomy":"post_tag","embeddable":true,"href":"https:\/\/villena.salesianos.edu\/ampa\/wp-json\/wp\/v2\/tags?post=3965"}],"curies":[{"name":"wp","href":"https:\/\/api.w.org\/{rel}","templated":true}]}}