{"id":2845,"date":"2017-08-11T15:35:31","date_gmt":"2017-08-11T14:35:31","guid":{"rendered":"https:\/\/villena.salesianos.edu\/centrojuvenil\/?p=2845"},"modified":"2017-08-11T15:35:31","modified_gmt":"2017-08-11T14:35:31","slug":"travesia-en-oz-un-mundo-de-fantasia-del-pirineo-aragones","status":"publish","type":"post","link":"https:\/\/villena.salesianos.edu\/centrojuvenil\/travesia-en-oz-un-mundo-de-fantasia-del-pirineo-aragones\/","title":{"rendered":"\u201cTraves\u00eda en Oz\u201d, un mundo de fantas\u00eda del Pirineo aragon\u00e9s"},"content":{"rendered":"<p>[et_pb_section bb_built=\u00bb1&#8243; admin_label=\u00bbsection\u00bb][et_pb_row admin_label=\u00bbrow\u00bb background_position=\u00bbtop_left\u00bb background_repeat=\u00bbrepeat\u00bb background_size=\u00bbinitial\u00bb][et_pb_column type=\u00bb4_4&#8243;][et_pb_text admin_label=\u00bbEntradilla (Texto)\u00bb _builder_version=\u00bb3.0.51&#8243; background_layout=\u00bblight\u00bb text_orientation=\u00bbjustified\u00bb text_font=\u00bb|on|||\u00bb border_style=\u00bbsolid\u00bb]<\/p>\n<p>Villan\u00faa 2017<\/p>\n<p>[\/et_pb_text][et_pb_text admin_label=\u00bbAutor (Texto)\u00bb _builder_version=\u00bb3.0.51&#8243; background_layout=\u00bblight\u00bb text_orientation=\u00bbleft\u00bb text_font=\u00bb||on||\u00bb border_style=\u00bbsolid\u00bb]<\/p>\n<p><em>Por Comunicaci\u00f3n CJDB<\/em><\/p>\n<p>[\/et_pb_text][et_pb_text admin_label=\u00bbDesarrollo (Texto)\u00bb _builder_version=\u00bb3.0.51&#8243; background_layout=\u00bblight\u00bb text_orientation=\u00bbjustified\u00bb border_style=\u00bbsolid\u00bb]<\/p>\n<p>A finales del pasado mes de Junio, por la ma\u00f1ana el patio del colegio salesiano se llen\u00f3 de mochilas, esterillas, y maletas, pero sobre todo, de muchos nervios e ilusi\u00f3n de m\u00e1s de 100 ni\u00f1os y j\u00f3venes deseando llegar a Oz, un mundo de fantas\u00eda en Villan\u00faa.<\/p>\n<p>Cuando aterrizaron en Villan\u00faa se encontraron con un aut\u00e9ntico mundo de fantas\u00eda, luces, m\u00fasica, y ambientaci\u00f3n, que junto con el marco de la naturaleza, forman un escenario perfecto para poder disfrutar de 12 d\u00edas incre\u00edbles. 12 d\u00edas de convivencias, de marchas, de aire libre, de grupos de juegos y formaci\u00f3n. 12 d\u00edas de encuentro con los amigos. Y sobre todo, 12 d\u00edas para vivir experiencias \u00fanicas.<\/p>\n<p>Durante estos d\u00edas en Oz, deberi\u00e1n recorrer todo el camino de baldosas amarillas hasta llegar a la gran \u201cCiudad Esmeralda\u201d. Pero no estari\u00e1n solos, ser\u00e1n guiados y acompa\u00f1ados por el equipazo de m\u00e1s 20 monitores, as\u00ed como el equipo de cocina, compras, botiqu\u00edn\u2026<\/p>\n<p>En estos primeros pasos por el camino de baldosas amarillas todo el engranaje funciona a la perfecci\u00f3n y cada d\u00eda estaban un poco m\u00e1s cerca de la meta\u2026, aunque la Bruja del Oeste y sus babuinos se empe\u00f1an cada d\u00eda en impedirlo.<\/p>\n<p>Los d\u00edas pasaban y los acampados disfrutaban de muchos juegos, gymkanas, talleres\u2026 Tambi\u00e9n se realizaron diferentes marchas para disfrutar de este gran entorno y paisaje que nos ofrecen los Pirineos.<\/p>\n<p>A pesar de que la lluvia amenaz\u00f3 en varias ocasiones, no nos impidi\u00f3 seguir con la marcha normal del campamento.<\/p>\n<p>Fueron muy importantes las actividades y din\u00e1micas para fortalecer la amistad superando cada prueba, aprendiendo muy bien que la uni\u00f3n del grupo hace la fuerza.<\/p>\n<p>Finalmente, la Bruja de Oeste, a pesar de ponernos a prueba cada d\u00eda, no pudo pararnos, consiguiendo todos los retos propuestos con valent\u00eda y valor.<\/p>\n<p>Llegamos sanos y salvos a Villena, un poco cansados pero con la alegr\u00eda de haber disfrutado unos d\u00edas de aventura rodeados de amigos.<\/p>\n<hr \/>\n<p>&nbsp;<\/p>\n<p>[\/et_pb_text][et_pb_text admin_label=\u00bbT\u00edtulo: Galer\u00eda de fotos (Texto)\u00bb _builder_version=\u00bb3.0.51&#8243; background_layout=\u00bblight\u00bb text_orientation=\u00bbleft\u00bb text_font=\u00bb|on|||\u00bb text_text_color=\u00bb#dc001b\u00bb border_style=\u00bbsolid\u00bb disabled=\u00bbon\u00bb disabled_on=\u00bbon|on|on\u00bb]<\/p>\n<p>Galer\u00eda de im\u00e1genes<\/p>\n<p>[\/et_pb_text][et_pb_gallery admin_label=\u00bbGaler\u00eda\u00bb _builder_version=\u00bb3.0.51&#8243; posts_number=\u00bb8&#8243; show_title_and_caption=\u00bboff\u00bb show_pagination=\u00bbon\u00bb fullwidth=\u00bboff\u00bb orientation=\u00bblandscape\u00bb zoom_icon_color=\u00bb#dc001b\u00bb hover_overlay_color=\u00bbrgba(255,255,255,0.9)\u00bb hover_icon=\u00bb%%51%%\u00bb background_layout=\u00bblight\u00bb border_style=\u00bbsolid\u00bb auto=\u00bboff\u00bb disabled=\u00bbon\u00bb disabled_on=\u00bbon|on|on\u00bb \/][et_pb_video admin_label=\u00bbV\u00eddeo\u00bb _builder_version=\u00bb3.0.51&#8243; disabled=\u00bbon\u00bb disabled_on=\u00bbon|on|on\u00bb \/][et_pb_gallery admin_label=\u00bbGaler\u00eda\u00bb _builder_version=\u00bb3.0.51&#8243; posts_number=\u00bb12&#8243; show_title_and_caption=\u00bbon\u00bb show_pagination=\u00bbon\u00bb gallery_ids=\u00bb2849,2850,2851,2852,2853,2854,2855,2856,2857,2858,2859&#8243; fullwidth=\u00bboff\u00bb orientation=\u00bblandscape\u00bb zoom_icon_color=\u00bb#dc001b\u00bb hover_overlay_color=\u00bbrgba(255,255,255,0.9)\u00bb background_layout=\u00bblight\u00bb border_style=\u00bbsolid\u00bb auto=\u00bboff\u00bb \/][\/et_pb_column][\/et_pb_row][\/et_pb_section]<\/p>\n","protected":false},"excerpt":{"rendered":"<p>Villan\u00faa 2017 Por Comunicaci\u00f3n CJDB A finales del pasado mes de Junio, por la ma\u00f1ana el patio del colegio salesiano se llen\u00f3 de mochilas, esterillas, y maletas, pero sobre todo, de muchos nervios e ilusi\u00f3n de m\u00e1s de 100 ni\u00f1os y j\u00f3venes deseando llegar a Oz, un mundo de fantas\u00eda en Villan\u00faa. Cuando aterrizaron en [&hellip;]<\/p>\n","protected":false},"author":2,"featured_media":2737,"comment_status":"open","ping_status":"open","sticky":false,"template":"","format":"standard","meta":{"_et_pb_use_builder":"on","_et_pb_old_content":"","_et_gb_content_width":"","footnotes":""},"categories":[27,14],"tags":[],"class_list":["post-2845","post","type-post","status-publish","format-standard","has-post-thumbnail","hentry","category-centrojuvenil","category-portadanoticias"],"yoast_head":"<!-- This site is optimized with the Yoast SEO plugin v28.3 - https:\/\/yoast.com\/product\/yoast-seo-wordpress\/ -->\n<title>\u201cTraves\u00eda en Oz\u201d, un mundo de fantas\u00eda del Pirineo aragon\u00e9s - Centro Juvenil Don Bosco<\/title>\n<meta name=\"robots\" content=\"index, follow, max-snippet:-1, max-image-preview:large, max-video-preview:-1\" \/>\n<link rel=\"canonical\" href=\"https:\/\/villena.salesianos.edu\/centrojuvenil\/travesia-en-oz-un-mundo-de-fantasia-del-pirineo-aragones\/\" \/>\n<meta property=\"og:locale\" content=\"es_ES\" \/>\n<meta property=\"og:type\" content=\"article\" \/>\n<meta property=\"og:title\" content=\"\u201cTraves\u00eda en Oz\u201d, un mundo de fantas\u00eda del Pirineo aragon\u00e9s - Centro Juvenil Don Bosco\" \/>\n<meta property=\"og:description\" content=\"Villan\u00faa 2017 Por Comunicaci\u00f3n CJDB A finales del pasado mes de Junio, por la ma\u00f1ana el patio del colegio salesiano se llen\u00f3 de mochilas, esterillas, y maletas, pero sobre todo, de muchos nervios e ilusi\u00f3n de m\u00e1s de 100 ni\u00f1os y j\u00f3venes deseando llegar a Oz, un mundo de fantas\u00eda en Villan\u00faa. Cuando aterrizaron en [&hellip;]\" \/>\n<meta property=\"og:url\" content=\"https:\/\/villena.salesianos.edu\/centrojuvenil\/travesia-en-oz-un-mundo-de-fantasia-del-pirineo-aragones\/\" \/>\n<meta property=\"og:site_name\" content=\"Centro Juvenil Don Bosco\" \/>\n<meta property=\"article:published_time\" content=\"2017-08-11T14:35:31+00:00\" \/>\n<meta property=\"og:image\" content=\"https:\/\/villena.salesianos.edu\/centrojuvenil\/wp-content\/uploads\/sites\/6\/2017\/06\/FB_IMG_1500902929063.jpg\" \/>\n\t<meta property=\"og:image:width\" content=\"1080\" \/>\n\t<meta property=\"og:image:height\" content=\"366\" \/>\n\t<meta property=\"og:image:type\" content=\"image\/jpeg\" \/>\n<meta name=\"author\" content=\"Gestor Web\" \/>\n<meta name=\"twitter:card\" content=\"summary_large_image\" \/>\n<meta name=\"twitter:label1\" content=\"Escrito por\" \/>\n\t<meta name=\"twitter:data1\" content=\"Gestor Web\" \/>\n\t<meta name=\"twitter:label2\" content=\"Tiempo de lectura\" \/>\n\t<meta name=\"twitter:data2\" content=\"3 minutos\" \/>\n<script type=\"application\/ld+json\" class=\"yoast-schema-graph\">{\"@context\":\"https:\\\/\\\/schema.org\",\"@graph\":[{\"@type\":\"Article\",\"@id\":\"https:\\\/\\\/villena.salesianos.edu\\\/centrojuvenil\\\/travesia-en-oz-un-mundo-de-fantasia-del-pirineo-aragones\\\/#article\",\"isPartOf\":{\"@id\":\"https:\\\/\\\/villena.salesianos.edu\\\/centrojuvenil\\\/travesia-en-oz-un-mundo-de-fantasia-del-pirineo-aragones\\\/\"},\"author\":{\"name\":\"Gestor Web\",\"@id\":\"https:\\\/\\\/villena.salesianos.edu\\\/centrojuvenil\\\/#\\\/schema\\\/person\\\/737fd46edc5ae7d6c9b94da26c0e9302\"},\"headline\":\"\u201cTraves\u00eda en Oz\u201d, un mundo de fantas\u00eda del Pirineo aragon\u00e9s\",\"datePublished\":\"2017-08-11T14:35:31+00:00\",\"mainEntityOfPage\":{\"@id\":\"https:\\\/\\\/villena.salesianos.edu\\\/centrojuvenil\\\/travesia-en-oz-un-mundo-de-fantasia-del-pirineo-aragones\\\/\"},\"wordCount\":632,\"commentCount\":0,\"image\":{\"@id\":\"https:\\\/\\\/villena.salesianos.edu\\\/centrojuvenil\\\/travesia-en-oz-un-mundo-de-fantasia-del-pirineo-aragones\\\/#primaryimage\"},\"thumbnailUrl\":\"https:\\\/\\\/villena.salesianos.edu\\\/centrojuvenil\\\/wp-content\\\/uploads\\\/sites\\\/6\\\/2017\\\/06\\\/FB_IMG_1500902929063.jpg\",\"articleSection\":[\"Centro Juvenil\",\"Portada Noticas\"],\"inLanguage\":\"es\",\"potentialAction\":[{\"@type\":\"CommentAction\",\"name\":\"Comment\",\"target\":[\"https:\\\/\\\/villena.salesianos.edu\\\/centrojuvenil\\\/travesia-en-oz-un-mundo-de-fantasia-del-pirineo-aragones\\\/#respond\"]}]},{\"@type\":\"WebPage\",\"@id\":\"https:\\\/\\\/villena.salesianos.edu\\\/centrojuvenil\\\/travesia-en-oz-un-mundo-de-fantasia-del-pirineo-aragones\\\/\",\"url\":\"https:\\\/\\\/villena.salesianos.edu\\\/centrojuvenil\\\/travesia-en-oz-un-mundo-de-fantasia-del-pirineo-aragones\\\/\",\"name\":\"\u201cTraves\u00eda en Oz\u201d, un mundo de fantas\u00eda del Pirineo aragon\u00e9s - Centro Juvenil Don Bosco\",\"isPartOf\":{\"@id\":\"https:\\\/\\\/villena.salesianos.edu\\\/centrojuvenil\\\/#website\"},\"primaryImageOfPage\":{\"@id\":\"https:\\\/\\\/villena.salesianos.edu\\\/centrojuvenil\\\/travesia-en-oz-un-mundo-de-fantasia-del-pirineo-aragones\\\/#primaryimage\"},\"image\":{\"@id\":\"https:\\\/\\\/villena.salesianos.edu\\\/centrojuvenil\\\/travesia-en-oz-un-mundo-de-fantasia-del-pirineo-aragones\\\/#primaryimage\"},\"thumbnailUrl\":\"https:\\\/\\\/villena.salesianos.edu\\\/centrojuvenil\\\/wp-content\\\/uploads\\\/sites\\\/6\\\/2017\\\/06\\\/FB_IMG_1500902929063.jpg\",\"datePublished\":\"2017-08-11T14:35:31+00:00\",\"author\":{\"@id\":\"https:\\\/\\\/villena.salesianos.edu\\\/centrojuvenil\\\/#\\\/schema\\\/person\\\/737fd46edc5ae7d6c9b94da26c0e9302\"},\"breadcrumb\":{\"@id\":\"https:\\\/\\\/villena.salesianos.edu\\\/centrojuvenil\\\/travesia-en-oz-un-mundo-de-fantasia-del-pirineo-aragones\\\/#breadcrumb\"},\"inLanguage\":\"es\",\"potentialAction\":[{\"@type\":\"ReadAction\",\"target\":[\"https:\\\/\\\/villena.salesianos.edu\\\/centrojuvenil\\\/travesia-en-oz-un-mundo-de-fantasia-del-pirineo-aragones\\\/\"]}]},{\"@type\":\"ImageObject\",\"inLanguage\":\"es\",\"@id\":\"https:\\\/\\\/villena.salesianos.edu\\\/centrojuvenil\\\/travesia-en-oz-un-mundo-de-fantasia-del-pirineo-aragones\\\/#primaryimage\",\"url\":\"https:\\\/\\\/villena.salesianos.edu\\\/centrojuvenil\\\/wp-content\\\/uploads\\\/sites\\\/6\\\/2017\\\/06\\\/FB_IMG_1500902929063.jpg\",\"contentUrl\":\"https:\\\/\\\/villena.salesianos.edu\\\/centrojuvenil\\\/wp-content\\\/uploads\\\/sites\\\/6\\\/2017\\\/06\\\/FB_IMG_1500902929063.jpg\",\"width\":1080,\"height\":366},{\"@type\":\"BreadcrumbList\",\"@id\":\"https:\\\/\\\/villena.salesianos.edu\\\/centrojuvenil\\\/travesia-en-oz-un-mundo-de-fantasia-del-pirineo-aragones\\\/#breadcrumb\",\"itemListElement\":[{\"@type\":\"ListItem\",\"position\":1,\"name\":\"Portada\",\"item\":\"https:\\\/\\\/villena.salesianos.edu\\\/centrojuvenil\\\/\"},{\"@type\":\"ListItem\",\"position\":2,\"name\":\"\u201cTraves\u00eda en Oz\u201d, un mundo de fantas\u00eda del Pirineo aragon\u00e9s\"}]},{\"@type\":\"WebSite\",\"@id\":\"https:\\\/\\\/villena.salesianos.edu\\\/centrojuvenil\\\/#website\",\"url\":\"https:\\\/\\\/villena.salesianos.edu\\\/centrojuvenil\\\/\",\"name\":\"Centro Juvenil Don Bosco\",\"description\":\"P\u00e1gina oficial Salesianos Villena\",\"potentialAction\":[{\"@type\":\"SearchAction\",\"target\":{\"@type\":\"EntryPoint\",\"urlTemplate\":\"https:\\\/\\\/villena.salesianos.edu\\\/centrojuvenil\\\/?s={search_term_string}\"},\"query-input\":{\"@type\":\"PropertyValueSpecification\",\"valueRequired\":true,\"valueName\":\"search_term_string\"}}],\"inLanguage\":\"es\"},{\"@type\":\"Person\",\"@id\":\"https:\\\/\\\/villena.salesianos.edu\\\/centrojuvenil\\\/#\\\/schema\\\/person\\\/737fd46edc5ae7d6c9b94da26c0e9302\",\"name\":\"Gestor Web\",\"image\":{\"@type\":\"ImageObject\",\"inLanguage\":\"es\",\"@id\":\"https:\\\/\\\/secure.gravatar.com\\\/avatar\\\/44469746e1b6443cd011d1759fdc3b9fdcdae4a08dc0ddd85247651cb065486d?s=96&d=mm&r=g\",\"url\":\"https:\\\/\\\/secure.gravatar.com\\\/avatar\\\/44469746e1b6443cd011d1759fdc3b9fdcdae4a08dc0ddd85247651cb065486d?s=96&d=mm&r=g\",\"contentUrl\":\"https:\\\/\\\/secure.gravatar.com\\\/avatar\\\/44469746e1b6443cd011d1759fdc3b9fdcdae4a08dc0ddd85247651cb065486d?s=96&d=mm&r=g\",\"caption\":\"Gestor Web\"}}]}<\/script>\n<!-- \/ Yoast SEO plugin. -->","yoast_head_json":{"title":"\u201cTraves\u00eda en Oz\u201d, un mundo de fantas\u00eda del Pirineo aragon\u00e9s - Centro Juvenil Don Bosco","robots":{"index":"index","follow":"follow","max-snippet":"max-snippet:-1","max-image-preview":"max-image-preview:large","max-video-preview":"max-video-preview:-1"},"canonical":"https:\/\/villena.salesianos.edu\/centrojuvenil\/travesia-en-oz-un-mundo-de-fantasia-del-pirineo-aragones\/","og_locale":"es_ES","og_type":"article","og_title":"\u201cTraves\u00eda en Oz\u201d, un mundo de fantas\u00eda del Pirineo aragon\u00e9s - Centro Juvenil Don Bosco","og_description":"Villan\u00faa 2017 Por Comunicaci\u00f3n CJDB A finales del pasado mes de Junio, por la ma\u00f1ana el patio del colegio salesiano se llen\u00f3 de mochilas, esterillas, y maletas, pero sobre todo, de muchos nervios e ilusi\u00f3n de m\u00e1s de 100 ni\u00f1os y j\u00f3venes deseando llegar a Oz, un mundo de fantas\u00eda en Villan\u00faa. Cuando aterrizaron en [&hellip;]","og_url":"https:\/\/villena.salesianos.edu\/centrojuvenil\/travesia-en-oz-un-mundo-de-fantasia-del-pirineo-aragones\/","og_site_name":"Centro Juvenil Don Bosco","article_published_time":"2017-08-11T14:35:31+00:00","og_image":[{"width":1080,"height":366,"url":"https:\/\/villena.salesianos.edu\/centrojuvenil\/wp-content\/uploads\/sites\/6\/2017\/06\/FB_IMG_1500902929063.jpg","type":"image\/jpeg"}],"author":"Gestor Web","twitter_card":"summary_large_image","twitter_misc":{"Escrito por":"Gestor Web","Tiempo de lectura":"3 minutos"},"schema":{"@context":"https:\/\/schema.org","@graph":[{"@type":"Article","@id":"https:\/\/villena.salesianos.edu\/centrojuvenil\/travesia-en-oz-un-mundo-de-fantasia-del-pirineo-aragones\/#article","isPartOf":{"@id":"https:\/\/villena.salesianos.edu\/centrojuvenil\/travesia-en-oz-un-mundo-de-fantasia-del-pirineo-aragones\/"},"author":{"name":"Gestor Web","@id":"https:\/\/villena.salesianos.edu\/centrojuvenil\/#\/schema\/person\/737fd46edc5ae7d6c9b94da26c0e9302"},"headline":"\u201cTraves\u00eda en Oz\u201d, un mundo de fantas\u00eda del Pirineo aragon\u00e9s","datePublished":"2017-08-11T14:35:31+00:00","mainEntityOfPage":{"@id":"https:\/\/villena.salesianos.edu\/centrojuvenil\/travesia-en-oz-un-mundo-de-fantasia-del-pirineo-aragones\/"},"wordCount":632,"commentCount":0,"image":{"@id":"https:\/\/villena.salesianos.edu\/centrojuvenil\/travesia-en-oz-un-mundo-de-fantasia-del-pirineo-aragones\/#primaryimage"},"thumbnailUrl":"https:\/\/villena.salesianos.edu\/centrojuvenil\/wp-content\/uploads\/sites\/6\/2017\/06\/FB_IMG_1500902929063.jpg","articleSection":["Centro Juvenil","Portada Noticas"],"inLanguage":"es","potentialAction":[{"@type":"CommentAction","name":"Comment","target":["https:\/\/villena.salesianos.edu\/centrojuvenil\/travesia-en-oz-un-mundo-de-fantasia-del-pirineo-aragones\/#respond"]}]},{"@type":"WebPage","@id":"https:\/\/villena.salesianos.edu\/centrojuvenil\/travesia-en-oz-un-mundo-de-fantasia-del-pirineo-aragones\/","url":"https:\/\/villena.salesianos.edu\/centrojuvenil\/travesia-en-oz-un-mundo-de-fantasia-del-pirineo-aragones\/","name":"\u201cTraves\u00eda en Oz\u201d, un mundo de fantas\u00eda del Pirineo aragon\u00e9s - Centro Juvenil Don Bosco","isPartOf":{"@id":"https:\/\/villena.salesianos.edu\/centrojuvenil\/#website"},"primaryImageOfPage":{"@id":"https:\/\/villena.salesianos.edu\/centrojuvenil\/travesia-en-oz-un-mundo-de-fantasia-del-pirineo-aragones\/#primaryimage"},"image":{"@id":"https:\/\/villena.salesianos.edu\/centrojuvenil\/travesia-en-oz-un-mundo-de-fantasia-del-pirineo-aragones\/#primaryimage"},"thumbnailUrl":"https:\/\/villena.salesianos.edu\/centrojuvenil\/wp-content\/uploads\/sites\/6\/2017\/06\/FB_IMG_1500902929063.jpg","datePublished":"2017-08-11T14:35:31+00:00","author":{"@id":"https:\/\/villena.salesianos.edu\/centrojuvenil\/#\/schema\/person\/737fd46edc5ae7d6c9b94da26c0e9302"},"breadcrumb":{"@id":"https:\/\/villena.salesianos.edu\/centrojuvenil\/travesia-en-oz-un-mundo-de-fantasia-del-pirineo-aragones\/#breadcrumb"},"inLanguage":"es","potentialAction":[{"@type":"ReadAction","target":["https:\/\/villena.salesianos.edu\/centrojuvenil\/travesia-en-oz-un-mundo-de-fantasia-del-pirineo-aragones\/"]}]},{"@type":"ImageObject","inLanguage":"es","@id":"https:\/\/villena.salesianos.edu\/centrojuvenil\/travesia-en-oz-un-mundo-de-fantasia-del-pirineo-aragones\/#primaryimage","url":"https:\/\/villena.salesianos.edu\/centrojuvenil\/wp-content\/uploads\/sites\/6\/2017\/06\/FB_IMG_1500902929063.jpg","contentUrl":"https:\/\/villena.salesianos.edu\/centrojuvenil\/wp-content\/uploads\/sites\/6\/2017\/06\/FB_IMG_1500902929063.jpg","width":1080,"height":366},{"@type":"BreadcrumbList","@id":"https:\/\/villena.salesianos.edu\/centrojuvenil\/travesia-en-oz-un-mundo-de-fantasia-del-pirineo-aragones\/#breadcrumb","itemListElement":[{"@type":"ListItem","position":1,"name":"Portada","item":"https:\/\/villena.salesianos.edu\/centrojuvenil\/"},{"@type":"ListItem","position":2,"name":"\u201cTraves\u00eda en Oz\u201d, un mundo de fantas\u00eda del Pirineo aragon\u00e9s"}]},{"@type":"WebSite","@id":"https:\/\/villena.salesianos.edu\/centrojuvenil\/#website","url":"https:\/\/villena.salesianos.edu\/centrojuvenil\/","name":"Centro Juvenil Don Bosco","description":"P\u00e1gina oficial Salesianos Villena","potentialAction":[{"@type":"SearchAction","target":{"@type":"EntryPoint","urlTemplate":"https:\/\/villena.salesianos.edu\/centrojuvenil\/?s={search_term_string}"},"query-input":{"@type":"PropertyValueSpecification","valueRequired":true,"valueName":"search_term_string"}}],"inLanguage":"es"},{"@type":"Person","@id":"https:\/\/villena.salesianos.edu\/centrojuvenil\/#\/schema\/person\/737fd46edc5ae7d6c9b94da26c0e9302","name":"Gestor Web","image":{"@type":"ImageObject","inLanguage":"es","@id":"https:\/\/secure.gravatar.com\/avatar\/44469746e1b6443cd011d1759fdc3b9fdcdae4a08dc0ddd85247651cb065486d?s=96&d=mm&r=g","url":"https:\/\/secure.gravatar.com\/avatar\/44469746e1b6443cd011d1759fdc3b9fdcdae4a08dc0ddd85247651cb065486d?s=96&d=mm&r=g","contentUrl":"https:\/\/secure.gravatar.com\/avatar\/44469746e1b6443cd011d1759fdc3b9fdcdae4a08dc0ddd85247651cb065486d?s=96&d=mm&r=g","caption":"Gestor Web"}}]}},"_links":{"self":[{"href":"https:\/\/villena.salesianos.edu\/centrojuvenil\/wp-json\/wp\/v2\/posts\/2845","targetHints":{"allow":["GET"]}}],"collection":[{"href":"https:\/\/villena.salesianos.edu\/centrojuvenil\/wp-json\/wp\/v2\/posts"}],"about":[{"href":"https:\/\/villena.salesianos.edu\/centrojuvenil\/wp-json\/wp\/v2\/types\/post"}],"author":[{"embeddable":true,"href":"https:\/\/villena.salesianos.edu\/centrojuvenil\/wp-json\/wp\/v2\/users\/2"}],"replies":[{"embeddable":true,"href":"https:\/\/villena.salesianos.edu\/centrojuvenil\/wp-json\/wp\/v2\/comments?post=2845"}],"version-history":[{"count":1,"href":"https:\/\/villena.salesianos.edu\/centrojuvenil\/wp-json\/wp\/v2\/posts\/2845\/revisions"}],"predecessor-version":[{"id":2860,"href":"https:\/\/villena.salesianos.edu\/centrojuvenil\/wp-json\/wp\/v2\/posts\/2845\/revisions\/2860"}],"wp:featuredmedia":[{"embeddable":true,"href":"https:\/\/villena.salesianos.edu\/centrojuvenil\/wp-json\/wp\/v2\/media\/2737"}],"wp:attachment":[{"href":"https:\/\/villena.salesianos.edu\/centrojuvenil\/wp-json\/wp\/v2\/media?parent=2845"}],"wp:term":[{"taxonomy":"category","embeddable":true,"href":"https:\/\/villena.salesianos.edu\/centrojuvenil\/wp-json\/wp\/v2\/categories?post=2845"},{"taxonomy":"post_tag","embeddable":true,"href":"https:\/\/villena.salesianos.edu\/centrojuvenil\/wp-json\/wp\/v2\/tags?post=2845"}],"curies":[{"name":"wp","href":"https:\/\/api.w.org\/{rel}","templated":true}]}}