{"id":3087,"date":"2018-04-12T09:19:03","date_gmt":"2018-04-12T08:19:03","guid":{"rendered":"https:\/\/villena.salesianos.edu\/centrojuvenil\/?p=3087"},"modified":"2018-04-12T09:26:10","modified_gmt":"2018-04-12T08:26:10","slug":"atencion-atencion-llega-el-gran-dia-del-cjdb","status":"publish","type":"post","link":"https:\/\/villena.salesianos.edu\/centrojuvenil\/atencion-atencion-llega-el-gran-dia-del-cjdb\/","title":{"rendered":"ATENCI\u00d3N ATENCI\u00d3N, LLEGA EL GRAN D\u00cdA DEL CJDB"},"content":{"rendered":"<p>[et_pb_section bb_built=\u00bb1&#8243; admin_label=\u00bbsection\u00bb][et_pb_row admin_label=\u00bbrow\u00bb background_position=\u00bbtop_left\u00bb background_repeat=\u00bbrepeat\u00bb background_size=\u00bbinitial\u00bb][et_pb_column type=\u00bb4_4&#8243;][et_pb_text admin_label=\u00bbEntradilla (Texto)\u00bb _builder_version=\u00bb3.0.92&#8243; background_layout=\u00bblight\u00bb text_orientation=\u00bbjustified\u00bb text_font=\u00bb|on|||\u00bb border_style=\u00bbsolid\u00bb]<\/p>\n<p>Un a\u00f1o m\u00e1s, adentrados en el mes de Abril llega el d\u00eda del Centro; siendo este a\u00f1o si cabe a\u00fan m\u00e1s especial ya que celebramos nuestro 45 aniversario.<\/p>\n<p>[\/et_pb_text][et_pb_text admin_label=\u00bbAutor (Texto)\u00bb _builder_version=\u00bb3.0.92&#8243; background_layout=\u00bblight\u00bb text_font=\u00bb||on||\u00bb border_style=\u00bbsolid\u00bb]<\/p>\n<p><em>Por Comunicaci\u00f3n CJDB<\/em><\/p>\n<p>[\/et_pb_text][et_pb_text admin_label=\u00bbDesarrollo (Texto)\u00bb _builder_version=\u00bb3.0.92&#8243; background_layout=\u00bblight\u00bb text_orientation=\u00bbjustified\u00bb]<\/p>\n<div dir=\"auto\">Ser\u00e1 un d\u00eda lleno de actividades, talleres, djs y un largo etc\u00e9tera que crear\u00e1 un entra\u00f1able recuerdo lleno de diversi\u00f3n y sentimiento de familia.<\/div>\n<div dir=\"auto\"><\/div>\n<div dir=\"auto\"><\/div>\n<div dir=\"auto\">Si quieres participar en este d\u00eda, tendr\u00e1s que descargar y rellenar esta circular d\u00f3nde pone lo que deber\u00e1s traer\u00a0 y cu\u00e1ndo podr\u00e1s entregar la inscripci\u00f3n.<\/div>\n<div dir=\"auto\"><\/div>\n<div dir=\"auto\"><\/div>\n<div dir=\"auto\">Y recuerda es una <strong>actividad s\u00f3lo para socios&#8230;<\/strong><\/div>\n<div dir=\"auto\">\u00a1Te esperamos!.<\/div>\n<div dir=\"auto\"><\/div>\n<div dir=\"auto\"><\/div>\n<div dir=\"auto\">Para descargar la circular informativa del D\u00eda del Centro, pincha <a href=\"https:\/\/villena.salesianos.edu\/centrojuvenil\/wp-content\/uploads\/sites\/6\/2018\/04\/Circular-dia-cjdb.pdf\">aqu\u00ed<\/a><\/div>\n<p>[\/et_pb_text][et_pb_text admin_label=\u00bbT\u00edtulo: Galer\u00eda de fotos (Texto)\u00bb _builder_version=\u00bb3.0.51&#8243; background_layout=\u00bblight\u00bb text_orientation=\u00bbleft\u00bb text_font=\u00bb|on|||\u00bb text_text_color=\u00bb#dc001b\u00bb border_style=\u00bbsolid\u00bb disabled=\u00bbon\u00bb disabled_on=\u00bbon|on|on\u00bb]<\/p>\n<p>Galer\u00eda de im\u00e1genes<\/p>\n<p>[\/et_pb_text][et_pb_gallery _builder_version=\u00bb3.0.51&#8243; posts_number=\u00bb8&#8243; show_title_and_caption=\u00bboff\u00bb show_pagination=\u00bbon\u00bb fullwidth=\u00bboff\u00bb orientation=\u00bblandscape\u00bb zoom_icon_color=\u00bb#dc001b\u00bb hover_overlay_color=\u00bbrgba(255,255,255,0.9)\u00bb hover_icon=\u00bb%%51%%\u00bb background_layout=\u00bblight\u00bb border_style=\u00bbsolid\u00bb auto=\u00bboff\u00bb disabled=\u00bbon\u00bb disabled_on=\u00bbon|on|on\u00bb \/][et_pb_video _builder_version=\u00bb3.0.92&#8243; disabled=\u00bboff\u00bb disabled_on=\u00bboff|off|off\u00bb src=\u00bbhttps:\/\/villena.salesianos.edu\/centrojuvenil\/wp-content\/uploads\/sites\/6\/2018\/04\/VID-20180411-WA0064.mp4&#8243; \/][\/et_pb_column][\/et_pb_row][\/et_pb_section]<\/p>\n","protected":false},"excerpt":{"rendered":"<p>Un a\u00f1o m\u00e1s, adentrados en el mes de Abril llega el d\u00eda del Centro; siendo este a\u00f1o si cabe a\u00fan m\u00e1s especial ya que celebramos nuestro 45 aniversario. Por Comunicaci\u00f3n CJDB Ser\u00e1 un d\u00eda lleno de actividades, talleres, djs y un largo etc\u00e9tera que crear\u00e1 un entra\u00f1able recuerdo lleno de diversi\u00f3n y sentimiento de familia. [&hellip;]<\/p>\n","protected":false},"author":2,"featured_media":3067,"comment_status":"open","ping_status":"open","sticky":false,"template":"","format":"standard","meta":{"_et_pb_use_builder":"on","_et_pb_old_content":"","_et_gb_content_width":"","footnotes":""},"categories":[27,14],"tags":[],"class_list":["post-3087","post","type-post","status-publish","format-standard","has-post-thumbnail","hentry","category-centrojuvenil","category-portadanoticias"],"yoast_head":"<!-- This site is optimized with the Yoast SEO plugin v28.3 - https:\/\/yoast.com\/product\/yoast-seo-wordpress\/ -->\n<title>ATENCI\u00d3N ATENCI\u00d3N, LLEGA EL GRAN D\u00cdA DEL CJDB - Centro Juvenil Don Bosco<\/title>\n<meta name=\"robots\" content=\"index, follow, max-snippet:-1, max-image-preview:large, max-video-preview:-1\" \/>\n<link rel=\"canonical\" href=\"https:\/\/villena.salesianos.edu\/centrojuvenil\/atencion-atencion-llega-el-gran-dia-del-cjdb\/\" \/>\n<meta property=\"og:locale\" content=\"es_ES\" \/>\n<meta property=\"og:type\" content=\"article\" \/>\n<meta property=\"og:title\" content=\"ATENCI\u00d3N ATENCI\u00d3N, LLEGA EL GRAN D\u00cdA DEL CJDB - Centro Juvenil Don Bosco\" \/>\n<meta property=\"og:description\" content=\"Un a\u00f1o m\u00e1s, adentrados en el mes de Abril llega el d\u00eda del Centro; siendo este a\u00f1o si cabe a\u00fan m\u00e1s especial ya que celebramos nuestro 45 aniversario. Por Comunicaci\u00f3n CJDB Ser\u00e1 un d\u00eda lleno de actividades, talleres, djs y un largo etc\u00e9tera que crear\u00e1 un entra\u00f1able recuerdo lleno de diversi\u00f3n y sentimiento de familia. [&hellip;]\" \/>\n<meta property=\"og:url\" content=\"https:\/\/villena.salesianos.edu\/centrojuvenil\/atencion-atencion-llega-el-gran-dia-del-cjdb\/\" \/>\n<meta property=\"og:site_name\" content=\"Centro Juvenil Don Bosco\" \/>\n<meta property=\"article:published_time\" content=\"2018-04-12T08:19:03+00:00\" \/>\n<meta property=\"article:modified_time\" content=\"2018-04-12T08:26:10+00:00\" \/>\n<meta property=\"og:image\" content=\"https:\/\/villena.salesianos.edu\/centrojuvenil\/wp-content\/uploads\/sites\/6\/2018\/02\/logocjdb-1.png\" \/>\n\t<meta property=\"og:image:width\" content=\"400\" \/>\n\t<meta property=\"og:image:height\" content=\"308\" \/>\n\t<meta property=\"og:image:type\" content=\"image\/png\" \/>\n<meta name=\"author\" content=\"Gestor Web\" \/>\n<meta name=\"twitter:card\" content=\"summary_large_image\" \/>\n<meta name=\"twitter:label1\" content=\"Escrito por\" \/>\n\t<meta name=\"twitter:data1\" content=\"Gestor Web\" \/>\n\t<meta name=\"twitter:label2\" content=\"Tiempo de lectura\" \/>\n\t<meta name=\"twitter:data2\" content=\"2 minutos\" \/>\n<script type=\"application\/ld+json\" class=\"yoast-schema-graph\">{\"@context\":\"https:\\\/\\\/schema.org\",\"@graph\":[{\"@type\":\"Article\",\"@id\":\"https:\\\/\\\/villena.salesianos.edu\\\/centrojuvenil\\\/atencion-atencion-llega-el-gran-dia-del-cjdb\\\/#article\",\"isPartOf\":{\"@id\":\"https:\\\/\\\/villena.salesianos.edu\\\/centrojuvenil\\\/atencion-atencion-llega-el-gran-dia-del-cjdb\\\/\"},\"author\":{\"name\":\"Gestor Web\",\"@id\":\"https:\\\/\\\/villena.salesianos.edu\\\/centrojuvenil\\\/#\\\/schema\\\/person\\\/737fd46edc5ae7d6c9b94da26c0e9302\"},\"headline\":\"ATENCI\u00d3N ATENCI\u00d3N, LLEGA EL GRAN D\u00cdA DEL CJDB\",\"datePublished\":\"2018-04-12T08:19:03+00:00\",\"dateModified\":\"2018-04-12T08:26:10+00:00\",\"mainEntityOfPage\":{\"@id\":\"https:\\\/\\\/villena.salesianos.edu\\\/centrojuvenil\\\/atencion-atencion-llega-el-gran-dia-del-cjdb\\\/\"},\"wordCount\":346,\"commentCount\":0,\"image\":{\"@id\":\"https:\\\/\\\/villena.salesianos.edu\\\/centrojuvenil\\\/atencion-atencion-llega-el-gran-dia-del-cjdb\\\/#primaryimage\"},\"thumbnailUrl\":\"https:\\\/\\\/villena.salesianos.edu\\\/centrojuvenil\\\/wp-content\\\/uploads\\\/sites\\\/6\\\/2018\\\/02\\\/logocjdb-1.png\",\"articleSection\":[\"Centro Juvenil\",\"Portada Noticas\"],\"inLanguage\":\"es\",\"potentialAction\":[{\"@type\":\"CommentAction\",\"name\":\"Comment\",\"target\":[\"https:\\\/\\\/villena.salesianos.edu\\\/centrojuvenil\\\/atencion-atencion-llega-el-gran-dia-del-cjdb\\\/#respond\"]}]},{\"@type\":\"WebPage\",\"@id\":\"https:\\\/\\\/villena.salesianos.edu\\\/centrojuvenil\\\/atencion-atencion-llega-el-gran-dia-del-cjdb\\\/\",\"url\":\"https:\\\/\\\/villena.salesianos.edu\\\/centrojuvenil\\\/atencion-atencion-llega-el-gran-dia-del-cjdb\\\/\",\"name\":\"ATENCI\u00d3N ATENCI\u00d3N, LLEGA EL GRAN D\u00cdA DEL CJDB - Centro Juvenil Don Bosco\",\"isPartOf\":{\"@id\":\"https:\\\/\\\/villena.salesianos.edu\\\/centrojuvenil\\\/#website\"},\"primaryImageOfPage\":{\"@id\":\"https:\\\/\\\/villena.salesianos.edu\\\/centrojuvenil\\\/atencion-atencion-llega-el-gran-dia-del-cjdb\\\/#primaryimage\"},\"image\":{\"@id\":\"https:\\\/\\\/villena.salesianos.edu\\\/centrojuvenil\\\/atencion-atencion-llega-el-gran-dia-del-cjdb\\\/#primaryimage\"},\"thumbnailUrl\":\"https:\\\/\\\/villena.salesianos.edu\\\/centrojuvenil\\\/wp-content\\\/uploads\\\/sites\\\/6\\\/2018\\\/02\\\/logocjdb-1.png\",\"datePublished\":\"2018-04-12T08:19:03+00:00\",\"dateModified\":\"2018-04-12T08:26:10+00:00\",\"author\":{\"@id\":\"https:\\\/\\\/villena.salesianos.edu\\\/centrojuvenil\\\/#\\\/schema\\\/person\\\/737fd46edc5ae7d6c9b94da26c0e9302\"},\"breadcrumb\":{\"@id\":\"https:\\\/\\\/villena.salesianos.edu\\\/centrojuvenil\\\/atencion-atencion-llega-el-gran-dia-del-cjdb\\\/#breadcrumb\"},\"inLanguage\":\"es\",\"potentialAction\":[{\"@type\":\"ReadAction\",\"target\":[\"https:\\\/\\\/villena.salesianos.edu\\\/centrojuvenil\\\/atencion-atencion-llega-el-gran-dia-del-cjdb\\\/\"]}]},{\"@type\":\"ImageObject\",\"inLanguage\":\"es\",\"@id\":\"https:\\\/\\\/villena.salesianos.edu\\\/centrojuvenil\\\/atencion-atencion-llega-el-gran-dia-del-cjdb\\\/#primaryimage\",\"url\":\"https:\\\/\\\/villena.salesianos.edu\\\/centrojuvenil\\\/wp-content\\\/uploads\\\/sites\\\/6\\\/2018\\\/02\\\/logocjdb-1.png\",\"contentUrl\":\"https:\\\/\\\/villena.salesianos.edu\\\/centrojuvenil\\\/wp-content\\\/uploads\\\/sites\\\/6\\\/2018\\\/02\\\/logocjdb-1.png\",\"width\":400,\"height\":308},{\"@type\":\"BreadcrumbList\",\"@id\":\"https:\\\/\\\/villena.salesianos.edu\\\/centrojuvenil\\\/atencion-atencion-llega-el-gran-dia-del-cjdb\\\/#breadcrumb\",\"itemListElement\":[{\"@type\":\"ListItem\",\"position\":1,\"name\":\"Portada\",\"item\":\"https:\\\/\\\/villena.salesianos.edu\\\/centrojuvenil\\\/\"},{\"@type\":\"ListItem\",\"position\":2,\"name\":\"ATENCI\u00d3N ATENCI\u00d3N, LLEGA EL GRAN D\u00cdA DEL CJDB\"}]},{\"@type\":\"WebSite\",\"@id\":\"https:\\\/\\\/villena.salesianos.edu\\\/centrojuvenil\\\/#website\",\"url\":\"https:\\\/\\\/villena.salesianos.edu\\\/centrojuvenil\\\/\",\"name\":\"Centro Juvenil Don Bosco\",\"description\":\"P\u00e1gina oficial Salesianos Villena\",\"potentialAction\":[{\"@type\":\"SearchAction\",\"target\":{\"@type\":\"EntryPoint\",\"urlTemplate\":\"https:\\\/\\\/villena.salesianos.edu\\\/centrojuvenil\\\/?s={search_term_string}\"},\"query-input\":{\"@type\":\"PropertyValueSpecification\",\"valueRequired\":true,\"valueName\":\"search_term_string\"}}],\"inLanguage\":\"es\"},{\"@type\":\"Person\",\"@id\":\"https:\\\/\\\/villena.salesianos.edu\\\/centrojuvenil\\\/#\\\/schema\\\/person\\\/737fd46edc5ae7d6c9b94da26c0e9302\",\"name\":\"Gestor Web\",\"image\":{\"@type\":\"ImageObject\",\"inLanguage\":\"es\",\"@id\":\"https:\\\/\\\/secure.gravatar.com\\\/avatar\\\/44469746e1b6443cd011d1759fdc3b9fdcdae4a08dc0ddd85247651cb065486d?s=96&d=mm&r=g\",\"url\":\"https:\\\/\\\/secure.gravatar.com\\\/avatar\\\/44469746e1b6443cd011d1759fdc3b9fdcdae4a08dc0ddd85247651cb065486d?s=96&d=mm&r=g\",\"contentUrl\":\"https:\\\/\\\/secure.gravatar.com\\\/avatar\\\/44469746e1b6443cd011d1759fdc3b9fdcdae4a08dc0ddd85247651cb065486d?s=96&d=mm&r=g\",\"caption\":\"Gestor Web\"}}]}<\/script>\n<!-- \/ Yoast SEO plugin. -->","yoast_head_json":{"title":"ATENCI\u00d3N ATENCI\u00d3N, LLEGA EL GRAN D\u00cdA DEL CJDB - Centro Juvenil Don Bosco","robots":{"index":"index","follow":"follow","max-snippet":"max-snippet:-1","max-image-preview":"max-image-preview:large","max-video-preview":"max-video-preview:-1"},"canonical":"https:\/\/villena.salesianos.edu\/centrojuvenil\/atencion-atencion-llega-el-gran-dia-del-cjdb\/","og_locale":"es_ES","og_type":"article","og_title":"ATENCI\u00d3N ATENCI\u00d3N, LLEGA EL GRAN D\u00cdA DEL CJDB - Centro Juvenil Don Bosco","og_description":"Un a\u00f1o m\u00e1s, adentrados en el mes de Abril llega el d\u00eda del Centro; siendo este a\u00f1o si cabe a\u00fan m\u00e1s especial ya que celebramos nuestro 45 aniversario. Por Comunicaci\u00f3n CJDB Ser\u00e1 un d\u00eda lleno de actividades, talleres, djs y un largo etc\u00e9tera que crear\u00e1 un entra\u00f1able recuerdo lleno de diversi\u00f3n y sentimiento de familia. [&hellip;]","og_url":"https:\/\/villena.salesianos.edu\/centrojuvenil\/atencion-atencion-llega-el-gran-dia-del-cjdb\/","og_site_name":"Centro Juvenil Don Bosco","article_published_time":"2018-04-12T08:19:03+00:00","article_modified_time":"2018-04-12T08:26:10+00:00","og_image":[{"width":400,"height":308,"url":"https:\/\/villena.salesianos.edu\/centrojuvenil\/wp-content\/uploads\/sites\/6\/2018\/02\/logocjdb-1.png","type":"image\/png"}],"author":"Gestor Web","twitter_card":"summary_large_image","twitter_misc":{"Escrito por":"Gestor Web","Tiempo de lectura":"2 minutos"},"schema":{"@context":"https:\/\/schema.org","@graph":[{"@type":"Article","@id":"https:\/\/villena.salesianos.edu\/centrojuvenil\/atencion-atencion-llega-el-gran-dia-del-cjdb\/#article","isPartOf":{"@id":"https:\/\/villena.salesianos.edu\/centrojuvenil\/atencion-atencion-llega-el-gran-dia-del-cjdb\/"},"author":{"name":"Gestor Web","@id":"https:\/\/villena.salesianos.edu\/centrojuvenil\/#\/schema\/person\/737fd46edc5ae7d6c9b94da26c0e9302"},"headline":"ATENCI\u00d3N ATENCI\u00d3N, LLEGA EL GRAN D\u00cdA DEL CJDB","datePublished":"2018-04-12T08:19:03+00:00","dateModified":"2018-04-12T08:26:10+00:00","mainEntityOfPage":{"@id":"https:\/\/villena.salesianos.edu\/centrojuvenil\/atencion-atencion-llega-el-gran-dia-del-cjdb\/"},"wordCount":346,"commentCount":0,"image":{"@id":"https:\/\/villena.salesianos.edu\/centrojuvenil\/atencion-atencion-llega-el-gran-dia-del-cjdb\/#primaryimage"},"thumbnailUrl":"https:\/\/villena.salesianos.edu\/centrojuvenil\/wp-content\/uploads\/sites\/6\/2018\/02\/logocjdb-1.png","articleSection":["Centro Juvenil","Portada Noticas"],"inLanguage":"es","potentialAction":[{"@type":"CommentAction","name":"Comment","target":["https:\/\/villena.salesianos.edu\/centrojuvenil\/atencion-atencion-llega-el-gran-dia-del-cjdb\/#respond"]}]},{"@type":"WebPage","@id":"https:\/\/villena.salesianos.edu\/centrojuvenil\/atencion-atencion-llega-el-gran-dia-del-cjdb\/","url":"https:\/\/villena.salesianos.edu\/centrojuvenil\/atencion-atencion-llega-el-gran-dia-del-cjdb\/","name":"ATENCI\u00d3N ATENCI\u00d3N, LLEGA EL GRAN D\u00cdA DEL CJDB - Centro Juvenil Don Bosco","isPartOf":{"@id":"https:\/\/villena.salesianos.edu\/centrojuvenil\/#website"},"primaryImageOfPage":{"@id":"https:\/\/villena.salesianos.edu\/centrojuvenil\/atencion-atencion-llega-el-gran-dia-del-cjdb\/#primaryimage"},"image":{"@id":"https:\/\/villena.salesianos.edu\/centrojuvenil\/atencion-atencion-llega-el-gran-dia-del-cjdb\/#primaryimage"},"thumbnailUrl":"https:\/\/villena.salesianos.edu\/centrojuvenil\/wp-content\/uploads\/sites\/6\/2018\/02\/logocjdb-1.png","datePublished":"2018-04-12T08:19:03+00:00","dateModified":"2018-04-12T08:26:10+00:00","author":{"@id":"https:\/\/villena.salesianos.edu\/centrojuvenil\/#\/schema\/person\/737fd46edc5ae7d6c9b94da26c0e9302"},"breadcrumb":{"@id":"https:\/\/villena.salesianos.edu\/centrojuvenil\/atencion-atencion-llega-el-gran-dia-del-cjdb\/#breadcrumb"},"inLanguage":"es","potentialAction":[{"@type":"ReadAction","target":["https:\/\/villena.salesianos.edu\/centrojuvenil\/atencion-atencion-llega-el-gran-dia-del-cjdb\/"]}]},{"@type":"ImageObject","inLanguage":"es","@id":"https:\/\/villena.salesianos.edu\/centrojuvenil\/atencion-atencion-llega-el-gran-dia-del-cjdb\/#primaryimage","url":"https:\/\/villena.salesianos.edu\/centrojuvenil\/wp-content\/uploads\/sites\/6\/2018\/02\/logocjdb-1.png","contentUrl":"https:\/\/villena.salesianos.edu\/centrojuvenil\/wp-content\/uploads\/sites\/6\/2018\/02\/logocjdb-1.png","width":400,"height":308},{"@type":"BreadcrumbList","@id":"https:\/\/villena.salesianos.edu\/centrojuvenil\/atencion-atencion-llega-el-gran-dia-del-cjdb\/#breadcrumb","itemListElement":[{"@type":"ListItem","position":1,"name":"Portada","item":"https:\/\/villena.salesianos.edu\/centrojuvenil\/"},{"@type":"ListItem","position":2,"name":"ATENCI\u00d3N ATENCI\u00d3N, LLEGA EL GRAN D\u00cdA DEL CJDB"}]},{"@type":"WebSite","@id":"https:\/\/villena.salesianos.edu\/centrojuvenil\/#website","url":"https:\/\/villena.salesianos.edu\/centrojuvenil\/","name":"Centro Juvenil Don Bosco","description":"P\u00e1gina oficial Salesianos Villena","potentialAction":[{"@type":"SearchAction","target":{"@type":"EntryPoint","urlTemplate":"https:\/\/villena.salesianos.edu\/centrojuvenil\/?s={search_term_string}"},"query-input":{"@type":"PropertyValueSpecification","valueRequired":true,"valueName":"search_term_string"}}],"inLanguage":"es"},{"@type":"Person","@id":"https:\/\/villena.salesianos.edu\/centrojuvenil\/#\/schema\/person\/737fd46edc5ae7d6c9b94da26c0e9302","name":"Gestor Web","image":{"@type":"ImageObject","inLanguage":"es","@id":"https:\/\/secure.gravatar.com\/avatar\/44469746e1b6443cd011d1759fdc3b9fdcdae4a08dc0ddd85247651cb065486d?s=96&d=mm&r=g","url":"https:\/\/secure.gravatar.com\/avatar\/44469746e1b6443cd011d1759fdc3b9fdcdae4a08dc0ddd85247651cb065486d?s=96&d=mm&r=g","contentUrl":"https:\/\/secure.gravatar.com\/avatar\/44469746e1b6443cd011d1759fdc3b9fdcdae4a08dc0ddd85247651cb065486d?s=96&d=mm&r=g","caption":"Gestor Web"}}]}},"_links":{"self":[{"href":"https:\/\/villena.salesianos.edu\/centrojuvenil\/wp-json\/wp\/v2\/posts\/3087","targetHints":{"allow":["GET"]}}],"collection":[{"href":"https:\/\/villena.salesianos.edu\/centrojuvenil\/wp-json\/wp\/v2\/posts"}],"about":[{"href":"https:\/\/villena.salesianos.edu\/centrojuvenil\/wp-json\/wp\/v2\/types\/post"}],"author":[{"embeddable":true,"href":"https:\/\/villena.salesianos.edu\/centrojuvenil\/wp-json\/wp\/v2\/users\/2"}],"replies":[{"embeddable":true,"href":"https:\/\/villena.salesianos.edu\/centrojuvenil\/wp-json\/wp\/v2\/comments?post=3087"}],"version-history":[{"count":2,"href":"https:\/\/villena.salesianos.edu\/centrojuvenil\/wp-json\/wp\/v2\/posts\/3087\/revisions"}],"predecessor-version":[{"id":3092,"href":"https:\/\/villena.salesianos.edu\/centrojuvenil\/wp-json\/wp\/v2\/posts\/3087\/revisions\/3092"}],"wp:featuredmedia":[{"embeddable":true,"href":"https:\/\/villena.salesianos.edu\/centrojuvenil\/wp-json\/wp\/v2\/media\/3067"}],"wp:attachment":[{"href":"https:\/\/villena.salesianos.edu\/centrojuvenil\/wp-json\/wp\/v2\/media?parent=3087"}],"wp:term":[{"taxonomy":"category","embeddable":true,"href":"https:\/\/villena.salesianos.edu\/centrojuvenil\/wp-json\/wp\/v2\/categories?post=3087"},{"taxonomy":"post_tag","embeddable":true,"href":"https:\/\/villena.salesianos.edu\/centrojuvenil\/wp-json\/wp\/v2\/tags?post=3087"}],"curies":[{"name":"wp","href":"https:\/\/api.w.org\/{rel}","templated":true}]}}