{"id":3120,"date":"2019-01-23T11:03:57","date_gmt":"2019-01-23T10:03:57","guid":{"rendered":"https:\/\/villena.salesianos.edu\/centrojuvenil\/don-bosco-2019-te-lo-vas-a-perder\/"},"modified":"2019-01-23T11:10:10","modified_gmt":"2019-01-23T10:10:10","slug":"don-bosco-2019-te-lo-vas-a-perder","status":"publish","type":"post","link":"https:\/\/villena.salesianos.edu\/centrojuvenil\/don-bosco-2019-te-lo-vas-a-perder\/","title":{"rendered":"Don Bosco 2019 \u00bfTe lo vas a perder?"},"content":{"rendered":"<p>[et_pb_section bb_built=\u00bb1&#8243; admin_label=\u00bbsection\u00bb][et_pb_row admin_label=\u00bbrow\u00bb background_position=\u00bbtop_left\u00bb background_repeat=\u00bbrepeat\u00bb background_size=\u00bbinitial\u00bb][et_pb_column type=\u00bb4_4&#8243;][et_pb_text admin_label=\u00bbEntradilla (Texto)\u00bb _builder_version=\u00bb3.18.7&#8243; text_orientation=\u00bbjustified\u00bb text_font=\u00bb|on|||\u00bb]<\/p>\n<p><strong>Inmersos ya en el mes de Enero, el mes de Don Bosco os presentamos el programa de eventos y actividades.<\/strong><\/p>\n<p>[\/et_pb_text][et_pb_text admin_label=\u00bbAutor (Texto)\u00bb _builder_version=\u00bb3.18.7&#8243; text_font=\u00bb||on||\u00bb]<\/p>\n<p><em>Por Equipo de Marketing y Comunicaci\u00f3n<\/em><\/p>\n<p>[\/et_pb_text][et_pb_text admin_label=\u00bbDesarrollo (Texto)\u00bb _builder_version=\u00bb3.18.7&#8243; text_orientation=\u00bbjustified\u00bb]<\/p>\n<p>Gran variedad de actividades organizadas en la <strong><a href=\"http:\/\/villena.salesianos.edu\">Casa Salesiana de Villena<\/a>,<\/strong> para celebrar y conmemorar al fundador de los Salesianos dec todo el mundo.<\/p>\n<p>El <a href=\"http:\/\/villena.salesianos.edu\/colegio\"><strong>colegio<\/strong><\/a> durante todo el mes est\u00e1 preparando el gran d\u00eda de Don Bosco, 31 de Enero, con actividades, buenas tardes, narraciones de su vida&#8230; para culminar con ese gran d\u00eda en donde las celebraciones, juegos, competiciones deportivas, talleres y cine dinamizaran toda la jornada festiva en el centro.<\/p>\n<p>El pr\u00f3ximo s\u00e1bado durante la ma\u00f1ana, la <a href=\"http:\/\/villena.salesianos.edu\/ampa\"><strong>Asociaci\u00f3n de Madres y Padres<\/strong><\/a> del centro organizan la tradicional chocolatada y concurso de dibujo de Primaria. Y por la tarde, degustaci\u00f3n de gachamigas, en donde familias, monitores del centro juvenil, antiguos alumnos y alumnos de secundaria preparan este t\u00edpico alimento villenero. Durante toda la tarde el <a href=\"https:\/\/villena.salesianos.edu\/centrojuvenil\/\"><strong>Centro Juvenil<\/strong> <\/a>amenizar\u00e1 con juegos y gymkanas la tarde a todos los ni\u00f1os que vengan al patio.<\/p>\n<p>El domingo 3 de Febrero, la <a href=\"https:\/\/villena.salesianos.edu\/familiasalesiana\/antiguosalumnos\/\"><strong>Asociaci\u00f3n de Antiguos Alumnos<\/strong><\/a> invita a toda la <a href=\"https:\/\/villena.salesianos.edu\/familiasalesiana\/\"><strong>familias salesiana<\/strong><\/a> a la\u00a0<strong>Fiesta de la Uni\u00f3n<\/strong>, con la celebraci\u00f3n de la eucarist\u00eda, imposici\u00f3n de insignias y la comida de la uni\u00f3n; previamente la asociaci\u00f3n realizar\u00e1 su asamblea general anual para todos sus socios.<\/p>\n<p>Durante esta semana de celebraciones, del 28 al 31 de Enero se llevar\u00e1 a cabo el\u00a0<strong>Triduo a Don Bosco\u00a0<\/strong>en la <a href=\"https:\/\/villena.salesianos.edu\/iglesia\/\"><strong>Iglesia Mar\u00eda Auxiliadora<\/strong><\/a>.<\/p>\n<p>&nbsp;<\/p>\n<p>Para descargar el tr\u00edptico de actividades y celebraciones <a href=\"https:\/\/villena.salesianos.edu\/wp-content\/uploads\/2019\/01\/tripticodonbosco.pdf\"><strong>pincha aqu\u00ed<\/strong><\/a><\/p>\n<p>[\/et_pb_text][et_pb_text admin_label=\u00bbT\u00edtulo: Galer\u00eda de fotos (Texto)\u00bb _builder_version=\u00bb3.0.51&#8243; background_layout=\u00bblight\u00bb text_orientation=\u00bbleft\u00bb text_font=\u00bb|on|||\u00bb text_text_color=\u00bb#dc001b\u00bb border_style=\u00bbsolid\u00bb disabled=\u00bbon\u00bb disabled_on=\u00bbon|on|on\u00bb]<\/p>\n<p>Galer\u00eda de im\u00e1genes<\/p>\n<p>[\/et_pb_text][et_pb_gallery _builder_version=\u00bb3.0.51&#8243; posts_number=\u00bb8&#8243; show_title_and_caption=\u00bboff\u00bb show_pagination=\u00bbon\u00bb fullwidth=\u00bboff\u00bb orientation=\u00bblandscape\u00bb zoom_icon_color=\u00bb#dc001b\u00bb hover_overlay_color=\u00bbrgba(255,255,255,0.9)\u00bb hover_icon=\u00bb%%51%%\u00bb background_layout=\u00bblight\u00bb border_style=\u00bbsolid\u00bb auto=\u00bboff\u00bb disabled=\u00bbon\u00bb disabled_on=\u00bbon|on|on\u00bb \/][et_pb_video _builder_version=\u00bb3.18.7&#8243; disabled=\u00bboff\u00bb disabled_on=\u00bboff|off|off\u00bb src=\u00bbhttps:\/\/villena.salesianos.edu\/centrojuvenil\/wp-content\/uploads\/sites\/6\/2019\/01\/promodonbosco.mp4&#8243; \/][\/et_pb_column][\/et_pb_row][\/et_pb_section]<\/p>\n","protected":false},"excerpt":{"rendered":"<p>Inmersos ya en el mes de Enero, el mes de Don Bosco os presentamos el programa de eventos y actividades. Por Equipo de Marketing y Comunicaci\u00f3n Gran variedad de actividades organizadas en la Casa Salesiana de Villena, para celebrar y conmemorar al fundador de los Salesianos dec todo el mundo. El colegio durante todo el [&hellip;]<\/p>\n","protected":false},"author":2,"featured_media":3121,"comment_status":"open","ping_status":"open","sticky":false,"template":"","format":"standard","meta":{"_et_pb_use_builder":"on","_et_pb_old_content":"","_et_gb_content_width":"","footnotes":""},"categories":[14],"tags":[],"class_list":["post-3120","post","type-post","status-publish","format-standard","has-post-thumbnail","hentry","category-portadanoticias"],"yoast_head":"<!-- This site is optimized with the Yoast SEO plugin v28.3 - https:\/\/yoast.com\/product\/yoast-seo-wordpress\/ -->\n<title>Don Bosco 2019 \u00bfTe lo vas a perder? - Centro Juvenil Don Bosco<\/title>\n<meta name=\"robots\" content=\"index, follow, max-snippet:-1, max-image-preview:large, max-video-preview:-1\" \/>\n<link rel=\"canonical\" href=\"https:\/\/villena.salesianos.edu\/centrojuvenil\/don-bosco-2019-te-lo-vas-a-perder\/\" \/>\n<meta property=\"og:locale\" content=\"es_ES\" \/>\n<meta property=\"og:type\" content=\"article\" \/>\n<meta property=\"og:title\" content=\"Don Bosco 2019 \u00bfTe lo vas a perder? - Centro Juvenil Don Bosco\" \/>\n<meta property=\"og:description\" content=\"Inmersos ya en el mes de Enero, el mes de Don Bosco os presentamos el programa de eventos y actividades. Por Equipo de Marketing y Comunicaci\u00f3n Gran variedad de actividades organizadas en la Casa Salesiana de Villena, para celebrar y conmemorar al fundador de los Salesianos dec todo el mundo. El colegio durante todo el [&hellip;]\" \/>\n<meta property=\"og:url\" content=\"https:\/\/villena.salesianos.edu\/centrojuvenil\/don-bosco-2019-te-lo-vas-a-perder\/\" \/>\n<meta property=\"og:site_name\" content=\"Centro Juvenil Don Bosco\" \/>\n<meta property=\"article:published_time\" content=\"2019-01-23T10:03:57+00:00\" \/>\n<meta property=\"article:modified_time\" content=\"2019-01-23T10:10:10+00:00\" \/>\n<meta property=\"og:image\" content=\"https:\/\/villena.salesianos.edu\/centrojuvenil\/wp-content\/uploads\/sites\/6\/2019\/01\/Exterior-2019-1024x717.jpg\" \/>\n\t<meta property=\"og:image:width\" content=\"1024\" \/>\n\t<meta property=\"og:image:height\" content=\"717\" \/>\n\t<meta property=\"og:image:type\" content=\"image\/jpeg\" \/>\n<meta name=\"author\" content=\"Gestor Web\" \/>\n<meta name=\"twitter:card\" content=\"summary_large_image\" \/>\n<meta name=\"twitter:label1\" content=\"Escrito por\" \/>\n\t<meta name=\"twitter:data1\" content=\"Gestor Web\" \/>\n\t<meta name=\"twitter:label2\" content=\"Tiempo de lectura\" \/>\n\t<meta name=\"twitter:data2\" content=\"2 minutos\" \/>\n<script type=\"application\/ld+json\" class=\"yoast-schema-graph\">{\"@context\":\"https:\\\/\\\/schema.org\",\"@graph\":[{\"@type\":\"Article\",\"@id\":\"https:\\\/\\\/villena.salesianos.edu\\\/centrojuvenil\\\/don-bosco-2019-te-lo-vas-a-perder\\\/#article\",\"isPartOf\":{\"@id\":\"https:\\\/\\\/villena.salesianos.edu\\\/centrojuvenil\\\/don-bosco-2019-te-lo-vas-a-perder\\\/\"},\"author\":{\"name\":\"Gestor Web\",\"@id\":\"https:\\\/\\\/villena.salesianos.edu\\\/centrojuvenil\\\/#\\\/schema\\\/person\\\/737fd46edc5ae7d6c9b94da26c0e9302\"},\"headline\":\"Don Bosco 2019 \u00bfTe lo vas a perder?\",\"datePublished\":\"2019-01-23T10:03:57+00:00\",\"dateModified\":\"2019-01-23T10:10:10+00:00\",\"mainEntityOfPage\":{\"@id\":\"https:\\\/\\\/villena.salesianos.edu\\\/centrojuvenil\\\/don-bosco-2019-te-lo-vas-a-perder\\\/\"},\"wordCount\":476,\"commentCount\":0,\"image\":{\"@id\":\"https:\\\/\\\/villena.salesianos.edu\\\/centrojuvenil\\\/don-bosco-2019-te-lo-vas-a-perder\\\/#primaryimage\"},\"thumbnailUrl\":\"https:\\\/\\\/villena.salesianos.edu\\\/centrojuvenil\\\/wp-content\\\/uploads\\\/sites\\\/6\\\/2019\\\/01\\\/Exterior-2019.jpg\",\"articleSection\":[\"Portada Noticas\"],\"inLanguage\":\"es\",\"potentialAction\":[{\"@type\":\"CommentAction\",\"name\":\"Comment\",\"target\":[\"https:\\\/\\\/villena.salesianos.edu\\\/centrojuvenil\\\/don-bosco-2019-te-lo-vas-a-perder\\\/#respond\"]}]},{\"@type\":\"WebPage\",\"@id\":\"https:\\\/\\\/villena.salesianos.edu\\\/centrojuvenil\\\/don-bosco-2019-te-lo-vas-a-perder\\\/\",\"url\":\"https:\\\/\\\/villena.salesianos.edu\\\/centrojuvenil\\\/don-bosco-2019-te-lo-vas-a-perder\\\/\",\"name\":\"Don Bosco 2019 \u00bfTe lo vas a perder? - Centro Juvenil Don Bosco\",\"isPartOf\":{\"@id\":\"https:\\\/\\\/villena.salesianos.edu\\\/centrojuvenil\\\/#website\"},\"primaryImageOfPage\":{\"@id\":\"https:\\\/\\\/villena.salesianos.edu\\\/centrojuvenil\\\/don-bosco-2019-te-lo-vas-a-perder\\\/#primaryimage\"},\"image\":{\"@id\":\"https:\\\/\\\/villena.salesianos.edu\\\/centrojuvenil\\\/don-bosco-2019-te-lo-vas-a-perder\\\/#primaryimage\"},\"thumbnailUrl\":\"https:\\\/\\\/villena.salesianos.edu\\\/centrojuvenil\\\/wp-content\\\/uploads\\\/sites\\\/6\\\/2019\\\/01\\\/Exterior-2019.jpg\",\"datePublished\":\"2019-01-23T10:03:57+00:00\",\"dateModified\":\"2019-01-23T10:10:10+00:00\",\"author\":{\"@id\":\"https:\\\/\\\/villena.salesianos.edu\\\/centrojuvenil\\\/#\\\/schema\\\/person\\\/737fd46edc5ae7d6c9b94da26c0e9302\"},\"breadcrumb\":{\"@id\":\"https:\\\/\\\/villena.salesianos.edu\\\/centrojuvenil\\\/don-bosco-2019-te-lo-vas-a-perder\\\/#breadcrumb\"},\"inLanguage\":\"es\",\"potentialAction\":[{\"@type\":\"ReadAction\",\"target\":[\"https:\\\/\\\/villena.salesianos.edu\\\/centrojuvenil\\\/don-bosco-2019-te-lo-vas-a-perder\\\/\"]}]},{\"@type\":\"ImageObject\",\"inLanguage\":\"es\",\"@id\":\"https:\\\/\\\/villena.salesianos.edu\\\/centrojuvenil\\\/don-bosco-2019-te-lo-vas-a-perder\\\/#primaryimage\",\"url\":\"https:\\\/\\\/villena.salesianos.edu\\\/centrojuvenil\\\/wp-content\\\/uploads\\\/sites\\\/6\\\/2019\\\/01\\\/Exterior-2019.jpg\",\"contentUrl\":\"https:\\\/\\\/villena.salesianos.edu\\\/centrojuvenil\\\/wp-content\\\/uploads\\\/sites\\\/6\\\/2019\\\/01\\\/Exterior-2019.jpg\",\"width\":3543,\"height\":2480},{\"@type\":\"BreadcrumbList\",\"@id\":\"https:\\\/\\\/villena.salesianos.edu\\\/centrojuvenil\\\/don-bosco-2019-te-lo-vas-a-perder\\\/#breadcrumb\",\"itemListElement\":[{\"@type\":\"ListItem\",\"position\":1,\"name\":\"Portada\",\"item\":\"https:\\\/\\\/villena.salesianos.edu\\\/centrojuvenil\\\/\"},{\"@type\":\"ListItem\",\"position\":2,\"name\":\"Don Bosco 2019 \u00bfTe lo vas a perder?\"}]},{\"@type\":\"WebSite\",\"@id\":\"https:\\\/\\\/villena.salesianos.edu\\\/centrojuvenil\\\/#website\",\"url\":\"https:\\\/\\\/villena.salesianos.edu\\\/centrojuvenil\\\/\",\"name\":\"Centro Juvenil Don Bosco\",\"description\":\"P\u00e1gina oficial Salesianos Villena\",\"potentialAction\":[{\"@type\":\"SearchAction\",\"target\":{\"@type\":\"EntryPoint\",\"urlTemplate\":\"https:\\\/\\\/villena.salesianos.edu\\\/centrojuvenil\\\/?s={search_term_string}\"},\"query-input\":{\"@type\":\"PropertyValueSpecification\",\"valueRequired\":true,\"valueName\":\"search_term_string\"}}],\"inLanguage\":\"es\"},{\"@type\":\"Person\",\"@id\":\"https:\\\/\\\/villena.salesianos.edu\\\/centrojuvenil\\\/#\\\/schema\\\/person\\\/737fd46edc5ae7d6c9b94da26c0e9302\",\"name\":\"Gestor Web\",\"image\":{\"@type\":\"ImageObject\",\"inLanguage\":\"es\",\"@id\":\"https:\\\/\\\/secure.gravatar.com\\\/avatar\\\/44469746e1b6443cd011d1759fdc3b9fdcdae4a08dc0ddd85247651cb065486d?s=96&d=mm&r=g\",\"url\":\"https:\\\/\\\/secure.gravatar.com\\\/avatar\\\/44469746e1b6443cd011d1759fdc3b9fdcdae4a08dc0ddd85247651cb065486d?s=96&d=mm&r=g\",\"contentUrl\":\"https:\\\/\\\/secure.gravatar.com\\\/avatar\\\/44469746e1b6443cd011d1759fdc3b9fdcdae4a08dc0ddd85247651cb065486d?s=96&d=mm&r=g\",\"caption\":\"Gestor Web\"}}]}<\/script>\n<!-- \/ Yoast SEO plugin. -->","yoast_head_json":{"title":"Don Bosco 2019 \u00bfTe lo vas a perder? - Centro Juvenil Don Bosco","robots":{"index":"index","follow":"follow","max-snippet":"max-snippet:-1","max-image-preview":"max-image-preview:large","max-video-preview":"max-video-preview:-1"},"canonical":"https:\/\/villena.salesianos.edu\/centrojuvenil\/don-bosco-2019-te-lo-vas-a-perder\/","og_locale":"es_ES","og_type":"article","og_title":"Don Bosco 2019 \u00bfTe lo vas a perder? - Centro Juvenil Don Bosco","og_description":"Inmersos ya en el mes de Enero, el mes de Don Bosco os presentamos el programa de eventos y actividades. Por Equipo de Marketing y Comunicaci\u00f3n Gran variedad de actividades organizadas en la Casa Salesiana de Villena, para celebrar y conmemorar al fundador de los Salesianos dec todo el mundo. El colegio durante todo el [&hellip;]","og_url":"https:\/\/villena.salesianos.edu\/centrojuvenil\/don-bosco-2019-te-lo-vas-a-perder\/","og_site_name":"Centro Juvenil Don Bosco","article_published_time":"2019-01-23T10:03:57+00:00","article_modified_time":"2019-01-23T10:10:10+00:00","og_image":[{"width":1024,"height":717,"url":"https:\/\/villena.salesianos.edu\/centrojuvenil\/wp-content\/uploads\/sites\/6\/2019\/01\/Exterior-2019-1024x717.jpg","type":"image\/jpeg"}],"author":"Gestor Web","twitter_card":"summary_large_image","twitter_misc":{"Escrito por":"Gestor Web","Tiempo de lectura":"2 minutos"},"schema":{"@context":"https:\/\/schema.org","@graph":[{"@type":"Article","@id":"https:\/\/villena.salesianos.edu\/centrojuvenil\/don-bosco-2019-te-lo-vas-a-perder\/#article","isPartOf":{"@id":"https:\/\/villena.salesianos.edu\/centrojuvenil\/don-bosco-2019-te-lo-vas-a-perder\/"},"author":{"name":"Gestor Web","@id":"https:\/\/villena.salesianos.edu\/centrojuvenil\/#\/schema\/person\/737fd46edc5ae7d6c9b94da26c0e9302"},"headline":"Don Bosco 2019 \u00bfTe lo vas a perder?","datePublished":"2019-01-23T10:03:57+00:00","dateModified":"2019-01-23T10:10:10+00:00","mainEntityOfPage":{"@id":"https:\/\/villena.salesianos.edu\/centrojuvenil\/don-bosco-2019-te-lo-vas-a-perder\/"},"wordCount":476,"commentCount":0,"image":{"@id":"https:\/\/villena.salesianos.edu\/centrojuvenil\/don-bosco-2019-te-lo-vas-a-perder\/#primaryimage"},"thumbnailUrl":"https:\/\/villena.salesianos.edu\/centrojuvenil\/wp-content\/uploads\/sites\/6\/2019\/01\/Exterior-2019.jpg","articleSection":["Portada Noticas"],"inLanguage":"es","potentialAction":[{"@type":"CommentAction","name":"Comment","target":["https:\/\/villena.salesianos.edu\/centrojuvenil\/don-bosco-2019-te-lo-vas-a-perder\/#respond"]}]},{"@type":"WebPage","@id":"https:\/\/villena.salesianos.edu\/centrojuvenil\/don-bosco-2019-te-lo-vas-a-perder\/","url":"https:\/\/villena.salesianos.edu\/centrojuvenil\/don-bosco-2019-te-lo-vas-a-perder\/","name":"Don Bosco 2019 \u00bfTe lo vas a perder? - Centro Juvenil Don Bosco","isPartOf":{"@id":"https:\/\/villena.salesianos.edu\/centrojuvenil\/#website"},"primaryImageOfPage":{"@id":"https:\/\/villena.salesianos.edu\/centrojuvenil\/don-bosco-2019-te-lo-vas-a-perder\/#primaryimage"},"image":{"@id":"https:\/\/villena.salesianos.edu\/centrojuvenil\/don-bosco-2019-te-lo-vas-a-perder\/#primaryimage"},"thumbnailUrl":"https:\/\/villena.salesianos.edu\/centrojuvenil\/wp-content\/uploads\/sites\/6\/2019\/01\/Exterior-2019.jpg","datePublished":"2019-01-23T10:03:57+00:00","dateModified":"2019-01-23T10:10:10+00:00","author":{"@id":"https:\/\/villena.salesianos.edu\/centrojuvenil\/#\/schema\/person\/737fd46edc5ae7d6c9b94da26c0e9302"},"breadcrumb":{"@id":"https:\/\/villena.salesianos.edu\/centrojuvenil\/don-bosco-2019-te-lo-vas-a-perder\/#breadcrumb"},"inLanguage":"es","potentialAction":[{"@type":"ReadAction","target":["https:\/\/villena.salesianos.edu\/centrojuvenil\/don-bosco-2019-te-lo-vas-a-perder\/"]}]},{"@type":"ImageObject","inLanguage":"es","@id":"https:\/\/villena.salesianos.edu\/centrojuvenil\/don-bosco-2019-te-lo-vas-a-perder\/#primaryimage","url":"https:\/\/villena.salesianos.edu\/centrojuvenil\/wp-content\/uploads\/sites\/6\/2019\/01\/Exterior-2019.jpg","contentUrl":"https:\/\/villena.salesianos.edu\/centrojuvenil\/wp-content\/uploads\/sites\/6\/2019\/01\/Exterior-2019.jpg","width":3543,"height":2480},{"@type":"BreadcrumbList","@id":"https:\/\/villena.salesianos.edu\/centrojuvenil\/don-bosco-2019-te-lo-vas-a-perder\/#breadcrumb","itemListElement":[{"@type":"ListItem","position":1,"name":"Portada","item":"https:\/\/villena.salesianos.edu\/centrojuvenil\/"},{"@type":"ListItem","position":2,"name":"Don Bosco 2019 \u00bfTe lo vas a perder?"}]},{"@type":"WebSite","@id":"https:\/\/villena.salesianos.edu\/centrojuvenil\/#website","url":"https:\/\/villena.salesianos.edu\/centrojuvenil\/","name":"Centro Juvenil Don Bosco","description":"P\u00e1gina oficial Salesianos Villena","potentialAction":[{"@type":"SearchAction","target":{"@type":"EntryPoint","urlTemplate":"https:\/\/villena.salesianos.edu\/centrojuvenil\/?s={search_term_string}"},"query-input":{"@type":"PropertyValueSpecification","valueRequired":true,"valueName":"search_term_string"}}],"inLanguage":"es"},{"@type":"Person","@id":"https:\/\/villena.salesianos.edu\/centrojuvenil\/#\/schema\/person\/737fd46edc5ae7d6c9b94da26c0e9302","name":"Gestor Web","image":{"@type":"ImageObject","inLanguage":"es","@id":"https:\/\/secure.gravatar.com\/avatar\/44469746e1b6443cd011d1759fdc3b9fdcdae4a08dc0ddd85247651cb065486d?s=96&d=mm&r=g","url":"https:\/\/secure.gravatar.com\/avatar\/44469746e1b6443cd011d1759fdc3b9fdcdae4a08dc0ddd85247651cb065486d?s=96&d=mm&r=g","contentUrl":"https:\/\/secure.gravatar.com\/avatar\/44469746e1b6443cd011d1759fdc3b9fdcdae4a08dc0ddd85247651cb065486d?s=96&d=mm&r=g","caption":"Gestor Web"}}]}},"_links":{"self":[{"href":"https:\/\/villena.salesianos.edu\/centrojuvenil\/wp-json\/wp\/v2\/posts\/3120","targetHints":{"allow":["GET"]}}],"collection":[{"href":"https:\/\/villena.salesianos.edu\/centrojuvenil\/wp-json\/wp\/v2\/posts"}],"about":[{"href":"https:\/\/villena.salesianos.edu\/centrojuvenil\/wp-json\/wp\/v2\/types\/post"}],"author":[{"embeddable":true,"href":"https:\/\/villena.salesianos.edu\/centrojuvenil\/wp-json\/wp\/v2\/users\/2"}],"replies":[{"embeddable":true,"href":"https:\/\/villena.salesianos.edu\/centrojuvenil\/wp-json\/wp\/v2\/comments?post=3120"}],"version-history":[{"count":1,"href":"https:\/\/villena.salesianos.edu\/centrojuvenil\/wp-json\/wp\/v2\/posts\/3120\/revisions"}],"predecessor-version":[{"id":3123,"href":"https:\/\/villena.salesianos.edu\/centrojuvenil\/wp-json\/wp\/v2\/posts\/3120\/revisions\/3123"}],"wp:featuredmedia":[{"embeddable":true,"href":"https:\/\/villena.salesianos.edu\/centrojuvenil\/wp-json\/wp\/v2\/media\/3121"}],"wp:attachment":[{"href":"https:\/\/villena.salesianos.edu\/centrojuvenil\/wp-json\/wp\/v2\/media?parent=3120"}],"wp:term":[{"taxonomy":"category","embeddable":true,"href":"https:\/\/villena.salesianos.edu\/centrojuvenil\/wp-json\/wp\/v2\/categories?post=3120"},{"taxonomy":"post_tag","embeddable":true,"href":"https:\/\/villena.salesianos.edu\/centrojuvenil\/wp-json\/wp\/v2\/tags?post=3120"}],"curies":[{"name":"wp","href":"https:\/\/api.w.org\/{rel}","templated":true}]}}