{"id":3179,"date":"2023-09-19T20:27:46","date_gmt":"2023-09-19T19:27:46","guid":{"rendered":"https:\/\/villena.salesianos.edu\/centrojuvenil\/inscripciones-centro-juvenil-don-bosco\/"},"modified":"2023-09-19T20:27:46","modified_gmt":"2023-09-19T19:27:46","slug":"inscripciones-centro-juvenil-don-bosco","status":"publish","type":"post","link":"https:\/\/villena.salesianos.edu\/centrojuvenil\/inscripciones-centro-juvenil-don-bosco\/","title":{"rendered":"INSCRIPCIONES CENTRO JUVENIL DON BOSCO"},"content":{"rendered":"<p>[et_pb_section fb_built=\u00bb1&#8243; admin_label=\u00bbsection\u00bb _builder_version=\u00bb4.16&#8243; global_colors_info=\u00bb{}\u00bb][et_pb_row admin_label=\u00bbrow\u00bb _builder_version=\u00bb4.16&#8243; background_size=\u00bbinitial\u00bb background_position=\u00bbtop_left\u00bb background_repeat=\u00bbrepeat\u00bb global_colors_info=\u00bb{}\u00bb][et_pb_column type=\u00bb4_4&#8243; _builder_version=\u00bb4.16&#8243; custom_padding=\u00bb|||\u00bb global_colors_info=\u00bb{}\u00bb custom_padding__hover=\u00bb|||\u00bb][et_pb_text admin_label=\u00bbEntradilla (Texto)\u00bb _builder_version=\u00bb4.22.0&#8243; text_font=\u00bb|on|||\u00bb text_orientation=\u00bbjustified\u00bb border_style=\u00bbsolid\u00bb global_colors_info=\u00bb{}\u00bb]<\/p>\n<p><em>Se ultiman los preparativos para el inicio de curso del Centro Juvenil Don Bosco.<\/em><\/p>\n<p>[\/et_pb_text][et_pb_text admin_label=\u00bbAutor (Texto)\u00bb _builder_version=\u00bb4.22.0&#8243; text_font=\u00bb||on||\u00bb border_style=\u00bbsolid\u00bb global_colors_info=\u00bb{}\u00bb]<\/p>\n<p>Por Centro Juvenil Don Bosco<\/p>\n<p>[\/et_pb_text][et_pb_text admin_label=\u00bbDesarrollo (Texto)\u00bb _builder_version=\u00bb4.22.0&#8243; text_orientation=\u00bbjustified\u00bb border_style=\u00bbsolid\u00bb global_colors_info=\u00bb{}\u00bb]<\/p>\n<p>Un a\u00f1o m\u00e1s el <a href=\"https:\/\/villena.salesianos.edu\/centrojuvenil\/\"><strong>Centro Juvenil Don Bosco<\/strong><\/a> iniciar\u00e1 su actividad en el mes de octubre.<\/p>\n<p>Como bien sab\u00e9is, el motor de esta asociaci\u00f3n es el equipo de animadores voluntarios que cada fin de semana animan, preparan y acompa\u00f1an las diferentes actividades con toda la ilusi\u00f3n y alegr\u00eda. El n\u00famero de socios\/as cada a\u00f1o aumenta notablemente y un a\u00f1o m\u00e1s, el equipo de monitores\/as quiere seguir dando el 100% con cada uno de los ni\u00f1os\/as y j\u00f3venes que llegan a ellos. Por lo que este a\u00f1o, en principio, solamente podr\u00e1n inscribirse aquellos socios\/as del pasado curso y los nuevos de 4\u00ba de Primaria. No descartan la posibilidad de realizar una lista de espera para aquellos\/as interesados\/as en unirse a la gran familia del Centro Juvenil y, en caso de disponer de plazas a lo largo de curso, poder contar con ellos\/as.<\/p>\n<p>Las fechas de inscripci\u00f3n ser\u00e1n las siguientes:<br \/>Socios\/as del curso 2022-2023 &#8211; <strong>29 y 30 de septiembre<\/strong> de 2023.<\/p>\n<p><strong>Nuevos socios<\/strong> de<strong> 4\u00ba<\/strong> de Primaria &#8211;<strong> 6 y 7 de octubre<\/strong> de 2023.<\/p>\n<p>Para apuntarte, tendr\u00e1s que dirigirte al centro juvenil en la fecha y hora indicada en cada caso. No olvides llevar tu hoja de inscripci\u00f3n rellanada y la cuota de socio en efectivo.<\/p>\n<p>Para <strong>descargar e imprimir<\/strong> la <strong>hoja de inscripci\u00f3n<\/strong> <a href=\"https:\/\/drive.google.com\/file\/d\/1T-e71XF5Fu3D3RFBMw0i6dA86e70Dz5B\/view\">pincha aqu\u00ed.<\/a><\/p>\n<p>Este a\u00f1o la cuota ser\u00e1 de <strong>50 \u20ac<\/strong>, <strong>pago \u00fanico al inicio de curso<\/strong>.<\/p>\n<p>El <strong>inicio de actividades<\/strong> ser\u00e1 el s\u00e1bado <strong>14 de octubre para todos los sectores: <\/strong>Prejuvenil y Juvenil. <strong><br \/><\/strong><\/p>\n<p>[\/et_pb_text][et_pb_text disabled_on=\u00bbon|on|on\u00bb admin_label=\u00bbT\u00edtulo: Galer\u00eda de fotos (Texto)\u00bb _builder_version=\u00bb4.16&#8243; text_font=\u00bb|on|||\u00bb text_text_color=\u00bb#dc001b\u00bb border_style=\u00bbsolid\u00bb disabled=\u00bbon\u00bb global_colors_info=\u00bb{}\u00bb]Galer\u00eda de im\u00e1genes<br \/>\n[\/et_pb_text][et_pb_gallery posts_number=\u00bb8&#8243; show_title_and_caption=\u00bboff\u00bb zoom_icon_color=\u00bb#dc001b\u00bb hover_icon=\u00bb&#x54;||divi||400&#8243; disabled_on=\u00bbon|on|on\u00bb admin_label=\u00bbGaler\u00eda\u00bb _builder_version=\u00bb4.16&#8243; border_style=\u00bbsolid\u00bb disabled=\u00bbon\u00bb global_colors_info=\u00bb{}\u00bb][\/et_pb_gallery][et_pb_video disabled_on=\u00bbon|on|on\u00bb admin_label=\u00bbV\u00eddeo\u00bb _builder_version=\u00bb4.16&#8243; disabled=\u00bbon\u00bb global_colors_info=\u00bb{}\u00bb][\/et_pb_video][\/et_pb_column][\/et_pb_row][\/et_pb_section]<\/p>\n","protected":false},"excerpt":{"rendered":"<p>Se ultiman los preparativos para el inicio de curso del Centro Juvenil Don Bosco.Por Centro Juvenil Don BoscoUn a\u00f1o m\u00e1s el Centro Juvenil Don Bosco iniciar\u00e1 su actividad en el mes de octubre. Como bien sab\u00e9is, el motor de esta asociaci\u00f3n es el equipo de animadores voluntarios que cada fin de semana animan, preparan y [&hellip;]<\/p>\n","protected":false},"author":2,"featured_media":3180,"comment_status":"open","ping_status":"open","sticky":false,"template":"","format":"standard","meta":{"_et_pb_use_builder":"on","_et_pb_old_content":"","_et_gb_content_width":"","footnotes":""},"categories":[27,14],"tags":[],"class_list":["post-3179","post","type-post","status-publish","format-standard","has-post-thumbnail","hentry","category-centrojuvenil","category-portadanoticias"],"yoast_head":"<!-- This site is optimized with the Yoast SEO plugin v28.3 - https:\/\/yoast.com\/product\/yoast-seo-wordpress\/ -->\n<title>INSCRIPCIONES CENTRO JUVENIL DON BOSCO - Centro Juvenil Don Bosco<\/title>\n<meta name=\"robots\" content=\"index, follow, max-snippet:-1, max-image-preview:large, max-video-preview:-1\" \/>\n<link rel=\"canonical\" href=\"https:\/\/villena.salesianos.edu\/centrojuvenil\/inscripciones-centro-juvenil-don-bosco\/\" \/>\n<meta property=\"og:locale\" content=\"es_ES\" \/>\n<meta property=\"og:type\" content=\"article\" \/>\n<meta property=\"og:title\" content=\"INSCRIPCIONES CENTRO JUVENIL DON BOSCO - Centro Juvenil Don Bosco\" \/>\n<meta property=\"og:description\" content=\"Se ultiman los preparativos para el inicio de curso del Centro Juvenil Don Bosco.Por Centro Juvenil Don BoscoUn a\u00f1o m\u00e1s el Centro Juvenil Don Bosco iniciar\u00e1 su actividad en el mes de octubre. Como bien sab\u00e9is, el motor de esta asociaci\u00f3n es el equipo de animadores voluntarios que cada fin de semana animan, preparan y [&hellip;]\" \/>\n<meta property=\"og:url\" content=\"https:\/\/villena.salesianos.edu\/centrojuvenil\/inscripciones-centro-juvenil-don-bosco\/\" \/>\n<meta property=\"og:site_name\" content=\"Centro Juvenil Don Bosco\" \/>\n<meta property=\"article:published_time\" content=\"2023-09-19T19:27:46+00:00\" \/>\n<meta property=\"og:image\" content=\"https:\/\/villena.salesianos.edu\/centrojuvenil\/wp-content\/uploads\/sites\/6\/2023\/09\/Diseno-sin-titulo60-1024x614.png\" \/>\n\t<meta property=\"og:image:width\" content=\"1024\" \/>\n\t<meta property=\"og:image:height\" content=\"614\" \/>\n\t<meta property=\"og:image:type\" content=\"image\/png\" \/>\n<meta name=\"author\" content=\"Gestor Web\" \/>\n<meta name=\"twitter:card\" content=\"summary_large_image\" \/>\n<meta name=\"twitter:label1\" content=\"Escrito por\" \/>\n\t<meta name=\"twitter:data1\" content=\"Gestor Web\" \/>\n\t<meta name=\"twitter:label2\" content=\"Tiempo de lectura\" \/>\n\t<meta name=\"twitter:data2\" content=\"2 minutos\" \/>\n<script type=\"application\/ld+json\" class=\"yoast-schema-graph\">{\"@context\":\"https:\\\/\\\/schema.org\",\"@graph\":[{\"@type\":\"Article\",\"@id\":\"https:\\\/\\\/villena.salesianos.edu\\\/centrojuvenil\\\/inscripciones-centro-juvenil-don-bosco\\\/#article\",\"isPartOf\":{\"@id\":\"https:\\\/\\\/villena.salesianos.edu\\\/centrojuvenil\\\/inscripciones-centro-juvenil-don-bosco\\\/\"},\"author\":{\"name\":\"Gestor Web\",\"@id\":\"https:\\\/\\\/villena.salesianos.edu\\\/centrojuvenil\\\/#\\\/schema\\\/person\\\/737fd46edc5ae7d6c9b94da26c0e9302\"},\"headline\":\"INSCRIPCIONES CENTRO JUVENIL DON BOSCO\",\"datePublished\":\"2023-09-19T19:27:46+00:00\",\"mainEntityOfPage\":{\"@id\":\"https:\\\/\\\/villena.salesianos.edu\\\/centrojuvenil\\\/inscripciones-centro-juvenil-don-bosco\\\/\"},\"wordCount\":518,\"commentCount\":0,\"image\":{\"@id\":\"https:\\\/\\\/villena.salesianos.edu\\\/centrojuvenil\\\/inscripciones-centro-juvenil-don-bosco\\\/#primaryimage\"},\"thumbnailUrl\":\"https:\\\/\\\/villena.salesianos.edu\\\/centrojuvenil\\\/wp-content\\\/uploads\\\/sites\\\/6\\\/2023\\\/09\\\/Diseno-sin-titulo60.png\",\"articleSection\":[\"Centro Juvenil\",\"Portada Noticas\"],\"inLanguage\":\"es\",\"potentialAction\":[{\"@type\":\"CommentAction\",\"name\":\"Comment\",\"target\":[\"https:\\\/\\\/villena.salesianos.edu\\\/centrojuvenil\\\/inscripciones-centro-juvenil-don-bosco\\\/#respond\"]}]},{\"@type\":\"WebPage\",\"@id\":\"https:\\\/\\\/villena.salesianos.edu\\\/centrojuvenil\\\/inscripciones-centro-juvenil-don-bosco\\\/\",\"url\":\"https:\\\/\\\/villena.salesianos.edu\\\/centrojuvenil\\\/inscripciones-centro-juvenil-don-bosco\\\/\",\"name\":\"INSCRIPCIONES CENTRO JUVENIL DON BOSCO - Centro Juvenil Don Bosco\",\"isPartOf\":{\"@id\":\"https:\\\/\\\/villena.salesianos.edu\\\/centrojuvenil\\\/#website\"},\"primaryImageOfPage\":{\"@id\":\"https:\\\/\\\/villena.salesianos.edu\\\/centrojuvenil\\\/inscripciones-centro-juvenil-don-bosco\\\/#primaryimage\"},\"image\":{\"@id\":\"https:\\\/\\\/villena.salesianos.edu\\\/centrojuvenil\\\/inscripciones-centro-juvenil-don-bosco\\\/#primaryimage\"},\"thumbnailUrl\":\"https:\\\/\\\/villena.salesianos.edu\\\/centrojuvenil\\\/wp-content\\\/uploads\\\/sites\\\/6\\\/2023\\\/09\\\/Diseno-sin-titulo60.png\",\"datePublished\":\"2023-09-19T19:27:46+00:00\",\"author\":{\"@id\":\"https:\\\/\\\/villena.salesianos.edu\\\/centrojuvenil\\\/#\\\/schema\\\/person\\\/737fd46edc5ae7d6c9b94da26c0e9302\"},\"breadcrumb\":{\"@id\":\"https:\\\/\\\/villena.salesianos.edu\\\/centrojuvenil\\\/inscripciones-centro-juvenil-don-bosco\\\/#breadcrumb\"},\"inLanguage\":\"es\",\"potentialAction\":[{\"@type\":\"ReadAction\",\"target\":[\"https:\\\/\\\/villena.salesianos.edu\\\/centrojuvenil\\\/inscripciones-centro-juvenil-don-bosco\\\/\"]}]},{\"@type\":\"ImageObject\",\"inLanguage\":\"es\",\"@id\":\"https:\\\/\\\/villena.salesianos.edu\\\/centrojuvenil\\\/inscripciones-centro-juvenil-don-bosco\\\/#primaryimage\",\"url\":\"https:\\\/\\\/villena.salesianos.edu\\\/centrojuvenil\\\/wp-content\\\/uploads\\\/sites\\\/6\\\/2023\\\/09\\\/Diseno-sin-titulo60.png\",\"contentUrl\":\"https:\\\/\\\/villena.salesianos.edu\\\/centrojuvenil\\\/wp-content\\\/uploads\\\/sites\\\/6\\\/2023\\\/09\\\/Diseno-sin-titulo60.png\",\"width\":6000,\"height\":3600},{\"@type\":\"BreadcrumbList\",\"@id\":\"https:\\\/\\\/villena.salesianos.edu\\\/centrojuvenil\\\/inscripciones-centro-juvenil-don-bosco\\\/#breadcrumb\",\"itemListElement\":[{\"@type\":\"ListItem\",\"position\":1,\"name\":\"Portada\",\"item\":\"https:\\\/\\\/villena.salesianos.edu\\\/centrojuvenil\\\/\"},{\"@type\":\"ListItem\",\"position\":2,\"name\":\"INSCRIPCIONES CENTRO JUVENIL DON BOSCO\"}]},{\"@type\":\"WebSite\",\"@id\":\"https:\\\/\\\/villena.salesianos.edu\\\/centrojuvenil\\\/#website\",\"url\":\"https:\\\/\\\/villena.salesianos.edu\\\/centrojuvenil\\\/\",\"name\":\"Centro Juvenil Don Bosco\",\"description\":\"P\u00e1gina oficial Salesianos Villena\",\"potentialAction\":[{\"@type\":\"SearchAction\",\"target\":{\"@type\":\"EntryPoint\",\"urlTemplate\":\"https:\\\/\\\/villena.salesianos.edu\\\/centrojuvenil\\\/?s={search_term_string}\"},\"query-input\":{\"@type\":\"PropertyValueSpecification\",\"valueRequired\":true,\"valueName\":\"search_term_string\"}}],\"inLanguage\":\"es\"},{\"@type\":\"Person\",\"@id\":\"https:\\\/\\\/villena.salesianos.edu\\\/centrojuvenil\\\/#\\\/schema\\\/person\\\/737fd46edc5ae7d6c9b94da26c0e9302\",\"name\":\"Gestor Web\",\"image\":{\"@type\":\"ImageObject\",\"inLanguage\":\"es\",\"@id\":\"https:\\\/\\\/secure.gravatar.com\\\/avatar\\\/44469746e1b6443cd011d1759fdc3b9fdcdae4a08dc0ddd85247651cb065486d?s=96&d=mm&r=g\",\"url\":\"https:\\\/\\\/secure.gravatar.com\\\/avatar\\\/44469746e1b6443cd011d1759fdc3b9fdcdae4a08dc0ddd85247651cb065486d?s=96&d=mm&r=g\",\"contentUrl\":\"https:\\\/\\\/secure.gravatar.com\\\/avatar\\\/44469746e1b6443cd011d1759fdc3b9fdcdae4a08dc0ddd85247651cb065486d?s=96&d=mm&r=g\",\"caption\":\"Gestor Web\"}}]}<\/script>\n<!-- \/ Yoast SEO plugin. -->","yoast_head_json":{"title":"INSCRIPCIONES CENTRO JUVENIL DON BOSCO - Centro Juvenil Don Bosco","robots":{"index":"index","follow":"follow","max-snippet":"max-snippet:-1","max-image-preview":"max-image-preview:large","max-video-preview":"max-video-preview:-1"},"canonical":"https:\/\/villena.salesianos.edu\/centrojuvenil\/inscripciones-centro-juvenil-don-bosco\/","og_locale":"es_ES","og_type":"article","og_title":"INSCRIPCIONES CENTRO JUVENIL DON BOSCO - Centro Juvenil Don Bosco","og_description":"Se ultiman los preparativos para el inicio de curso del Centro Juvenil Don Bosco.Por Centro Juvenil Don BoscoUn a\u00f1o m\u00e1s el Centro Juvenil Don Bosco iniciar\u00e1 su actividad en el mes de octubre. Como bien sab\u00e9is, el motor de esta asociaci\u00f3n es el equipo de animadores voluntarios que cada fin de semana animan, preparan y [&hellip;]","og_url":"https:\/\/villena.salesianos.edu\/centrojuvenil\/inscripciones-centro-juvenil-don-bosco\/","og_site_name":"Centro Juvenil Don Bosco","article_published_time":"2023-09-19T19:27:46+00:00","og_image":[{"width":1024,"height":614,"url":"https:\/\/villena.salesianos.edu\/centrojuvenil\/wp-content\/uploads\/sites\/6\/2023\/09\/Diseno-sin-titulo60-1024x614.png","type":"image\/png"}],"author":"Gestor Web","twitter_card":"summary_large_image","twitter_misc":{"Escrito por":"Gestor Web","Tiempo de lectura":"2 minutos"},"schema":{"@context":"https:\/\/schema.org","@graph":[{"@type":"Article","@id":"https:\/\/villena.salesianos.edu\/centrojuvenil\/inscripciones-centro-juvenil-don-bosco\/#article","isPartOf":{"@id":"https:\/\/villena.salesianos.edu\/centrojuvenil\/inscripciones-centro-juvenil-don-bosco\/"},"author":{"name":"Gestor Web","@id":"https:\/\/villena.salesianos.edu\/centrojuvenil\/#\/schema\/person\/737fd46edc5ae7d6c9b94da26c0e9302"},"headline":"INSCRIPCIONES CENTRO JUVENIL DON BOSCO","datePublished":"2023-09-19T19:27:46+00:00","mainEntityOfPage":{"@id":"https:\/\/villena.salesianos.edu\/centrojuvenil\/inscripciones-centro-juvenil-don-bosco\/"},"wordCount":518,"commentCount":0,"image":{"@id":"https:\/\/villena.salesianos.edu\/centrojuvenil\/inscripciones-centro-juvenil-don-bosco\/#primaryimage"},"thumbnailUrl":"https:\/\/villena.salesianos.edu\/centrojuvenil\/wp-content\/uploads\/sites\/6\/2023\/09\/Diseno-sin-titulo60.png","articleSection":["Centro Juvenil","Portada Noticas"],"inLanguage":"es","potentialAction":[{"@type":"CommentAction","name":"Comment","target":["https:\/\/villena.salesianos.edu\/centrojuvenil\/inscripciones-centro-juvenil-don-bosco\/#respond"]}]},{"@type":"WebPage","@id":"https:\/\/villena.salesianos.edu\/centrojuvenil\/inscripciones-centro-juvenil-don-bosco\/","url":"https:\/\/villena.salesianos.edu\/centrojuvenil\/inscripciones-centro-juvenil-don-bosco\/","name":"INSCRIPCIONES CENTRO JUVENIL DON BOSCO - Centro Juvenil Don Bosco","isPartOf":{"@id":"https:\/\/villena.salesianos.edu\/centrojuvenil\/#website"},"primaryImageOfPage":{"@id":"https:\/\/villena.salesianos.edu\/centrojuvenil\/inscripciones-centro-juvenil-don-bosco\/#primaryimage"},"image":{"@id":"https:\/\/villena.salesianos.edu\/centrojuvenil\/inscripciones-centro-juvenil-don-bosco\/#primaryimage"},"thumbnailUrl":"https:\/\/villena.salesianos.edu\/centrojuvenil\/wp-content\/uploads\/sites\/6\/2023\/09\/Diseno-sin-titulo60.png","datePublished":"2023-09-19T19:27:46+00:00","author":{"@id":"https:\/\/villena.salesianos.edu\/centrojuvenil\/#\/schema\/person\/737fd46edc5ae7d6c9b94da26c0e9302"},"breadcrumb":{"@id":"https:\/\/villena.salesianos.edu\/centrojuvenil\/inscripciones-centro-juvenil-don-bosco\/#breadcrumb"},"inLanguage":"es","potentialAction":[{"@type":"ReadAction","target":["https:\/\/villena.salesianos.edu\/centrojuvenil\/inscripciones-centro-juvenil-don-bosco\/"]}]},{"@type":"ImageObject","inLanguage":"es","@id":"https:\/\/villena.salesianos.edu\/centrojuvenil\/inscripciones-centro-juvenil-don-bosco\/#primaryimage","url":"https:\/\/villena.salesianos.edu\/centrojuvenil\/wp-content\/uploads\/sites\/6\/2023\/09\/Diseno-sin-titulo60.png","contentUrl":"https:\/\/villena.salesianos.edu\/centrojuvenil\/wp-content\/uploads\/sites\/6\/2023\/09\/Diseno-sin-titulo60.png","width":6000,"height":3600},{"@type":"BreadcrumbList","@id":"https:\/\/villena.salesianos.edu\/centrojuvenil\/inscripciones-centro-juvenil-don-bosco\/#breadcrumb","itemListElement":[{"@type":"ListItem","position":1,"name":"Portada","item":"https:\/\/villena.salesianos.edu\/centrojuvenil\/"},{"@type":"ListItem","position":2,"name":"INSCRIPCIONES CENTRO JUVENIL DON BOSCO"}]},{"@type":"WebSite","@id":"https:\/\/villena.salesianos.edu\/centrojuvenil\/#website","url":"https:\/\/villena.salesianos.edu\/centrojuvenil\/","name":"Centro Juvenil Don Bosco","description":"P\u00e1gina oficial Salesianos Villena","potentialAction":[{"@type":"SearchAction","target":{"@type":"EntryPoint","urlTemplate":"https:\/\/villena.salesianos.edu\/centrojuvenil\/?s={search_term_string}"},"query-input":{"@type":"PropertyValueSpecification","valueRequired":true,"valueName":"search_term_string"}}],"inLanguage":"es"},{"@type":"Person","@id":"https:\/\/villena.salesianos.edu\/centrojuvenil\/#\/schema\/person\/737fd46edc5ae7d6c9b94da26c0e9302","name":"Gestor Web","image":{"@type":"ImageObject","inLanguage":"es","@id":"https:\/\/secure.gravatar.com\/avatar\/44469746e1b6443cd011d1759fdc3b9fdcdae4a08dc0ddd85247651cb065486d?s=96&d=mm&r=g","url":"https:\/\/secure.gravatar.com\/avatar\/44469746e1b6443cd011d1759fdc3b9fdcdae4a08dc0ddd85247651cb065486d?s=96&d=mm&r=g","contentUrl":"https:\/\/secure.gravatar.com\/avatar\/44469746e1b6443cd011d1759fdc3b9fdcdae4a08dc0ddd85247651cb065486d?s=96&d=mm&r=g","caption":"Gestor Web"}}]}},"_links":{"self":[{"href":"https:\/\/villena.salesianos.edu\/centrojuvenil\/wp-json\/wp\/v2\/posts\/3179","targetHints":{"allow":["GET"]}}],"collection":[{"href":"https:\/\/villena.salesianos.edu\/centrojuvenil\/wp-json\/wp\/v2\/posts"}],"about":[{"href":"https:\/\/villena.salesianos.edu\/centrojuvenil\/wp-json\/wp\/v2\/types\/post"}],"author":[{"embeddable":true,"href":"https:\/\/villena.salesianos.edu\/centrojuvenil\/wp-json\/wp\/v2\/users\/2"}],"replies":[{"embeddable":true,"href":"https:\/\/villena.salesianos.edu\/centrojuvenil\/wp-json\/wp\/v2\/comments?post=3179"}],"version-history":[{"count":0,"href":"https:\/\/villena.salesianos.edu\/centrojuvenil\/wp-json\/wp\/v2\/posts\/3179\/revisions"}],"wp:featuredmedia":[{"embeddable":true,"href":"https:\/\/villena.salesianos.edu\/centrojuvenil\/wp-json\/wp\/v2\/media\/3180"}],"wp:attachment":[{"href":"https:\/\/villena.salesianos.edu\/centrojuvenil\/wp-json\/wp\/v2\/media?parent=3179"}],"wp:term":[{"taxonomy":"category","embeddable":true,"href":"https:\/\/villena.salesianos.edu\/centrojuvenil\/wp-json\/wp\/v2\/categories?post=3179"},{"taxonomy":"post_tag","embeddable":true,"href":"https:\/\/villena.salesianos.edu\/centrojuvenil\/wp-json\/wp\/v2\/tags?post=3179"}],"curies":[{"name":"wp","href":"https:\/\/api.w.org\/{rel}","templated":true}]}}