{"id":3186,"date":"2023-08-02T09:03:50","date_gmt":"2023-08-02T08:03:50","guid":{"rendered":"https:\/\/villena.salesianos.edu\/centrojuvenil\/hay-un-amigo-en-mi-campamento-de-verano-de-centro-juvenil-don-bosco\/"},"modified":"2023-08-02T09:03:50","modified_gmt":"2023-08-02T08:03:50","slug":"hay-un-amigo-en-mi-campamento-de-verano-de-centro-juvenil-don-bosco","status":"publish","type":"post","link":"https:\/\/villena.salesianos.edu\/centrojuvenil\/hay-un-amigo-en-mi-campamento-de-verano-de-centro-juvenil-don-bosco\/","title":{"rendered":"\u201cHAY UN AMIGO EN M\u00cd\u201d Campamento de verano de Centro Juvenil Don Bosco."},"content":{"rendered":"<p>[et_pb_section fb_built=\u00bb1&#8243; admin_label=\u00bbsection\u00bb _builder_version=\u00bb4.16&#8243; global_colors_info=\u00bb{}\u00bb][et_pb_row admin_label=\u00bbrow\u00bb _builder_version=\u00bb4.16&#8243; background_size=\u00bbinitial\u00bb background_position=\u00bbtop_left\u00bb background_repeat=\u00bbrepeat\u00bb global_colors_info=\u00bb{}\u00bb][et_pb_column type=\u00bb4_4&#8243; _builder_version=\u00bb4.16&#8243; custom_padding=\u00bb|||\u00bb global_colors_info=\u00bb{}\u00bb custom_padding__hover=\u00bb|||\u00bb][et_pb_text admin_label=\u00bbEntradilla (Texto)\u00bb _builder_version=\u00bb4.21.0&#8243; text_font=\u00bb|on|||\u00bb text_orientation=\u00bbjustified\u00bb border_style=\u00bbsolid\u00bb global_colors_info=\u00bb{}\u00bb]<\/p>\n<p><em>El Centro Juvenil Don Bosco ha disfrutado del Campamento de verano en Villan\u00faa.<\/em><\/p>\n<p>[\/et_pb_text][et_pb_text admin_label=\u00bbAutor (Texto)\u00bb _builder_version=\u00bb4.21.0&#8243; text_font=\u00bb||on||\u00bb border_style=\u00bbsolid\u00bb global_colors_info=\u00bb{}\u00bb]<\/p>\n<p>Por Equipo Comunicaci\u00f3n<\/p>\n<p>[\/et_pb_text][et_pb_text admin_label=\u00bbDesarrollo (Texto)\u00bb _builder_version=\u00bb4.21.0&#8243; text_orientation=\u00bbjustified\u00bb border_style=\u00bbsolid\u00bb global_colors_info=\u00bb{}\u00bb]<\/p>\n<p>Un verano m\u00e1s, el <a href=\"https:\/\/villena.salesianos.edu\/centrojuvenil\/\"><strong>Centro Juvenil Don Bosco de Villena<\/strong><\/a> ha viajado al Campamento Gabardip de Villan\u00faa para disfrutar de 12 intensos d\u00edas de convivencia y actividades con ni\u00f1os\/as y j\u00f3venes que han participado en las actividades durante todo el curso.<\/p>\n<p>El pasado d\u00eda 17 de julio 2 autobuses repletos de ni\u00f1os\/as y j\u00f3venes pusieron rumbo al pirineo oscense. Al llegar, el grupo de avanzadilla les esperaba con todo a punto para comenzar la aventura, en esta ocasi\u00f3n ambientada en Toy Story.<\/p>\n<p>Gymkhanas, juegos de agua, de tablero, momentos formativos, marchas al aire libre, celebraciones, danzas, \u2026Comida casera preparado por un fabuloso equipo de cocina y furgoneta formado por personas de la casa.<\/p>\n<p>El s\u00e1bado 29, lleg\u00f3 el momento de regresar a casa. Atr\u00e1s quedan 2 semanas que han hecho que todos los participantes traigan su mochila repleta de momentos, vivencias y personas.<\/p>\n<p>No podemos olvidarnos del motor de este ambiente de la casa: el equipo de animadores y animadoras que hacen que todo esto sea posible de manera desinteresada y trabajando desde el coraz\u00f3n.<\/p>\n<p>Con esta \u00faltima actividad del curso ponemos el broche final al a\u00f1o del <strong>50 aniversario del CJDB<\/strong>. <em>\u201cHasta el infinito y m\u00e1s all\u00e1\u201d.<\/em><\/p>\n<p>\u00a1Gracias a todos\/as los que lo han hecho posible!<\/p>\n<p>[\/et_pb_text][et_pb_text disabled_on=\u00bbon|on|on\u00bb admin_label=\u00bbT\u00edtulo: Galer\u00eda de fotos (Texto)\u00bb _builder_version=\u00bb4.16&#8243; text_font=\u00bb|on|||\u00bb text_text_color=\u00bb#dc001b\u00bb border_style=\u00bbsolid\u00bb disabled=\u00bbon\u00bb global_colors_info=\u00bb{}\u00bb]Galer\u00eda de im\u00e1genes<br \/>\n[\/et_pb_text][et_pb_gallery gallery_ids=\u00bb63110,63111,63112&#8243; posts_number=\u00bb8&#8243; show_title_and_caption=\u00bboff\u00bb zoom_icon_color=\u00bb#dc001b\u00bb hover_icon=\u00bb&#x54;||divi||400&#8243; disabled_on=\u00bboff|off|off\u00bb admin_label=\u00bbGaler\u00eda\u00bb _builder_version=\u00bb4.21.0&#8243; border_style=\u00bbsolid\u00bb global_colors_info=\u00bb{}\u00bb][\/et_pb_gallery][et_pb_video disabled_on=\u00bbon|on|on\u00bb admin_label=\u00bbV\u00eddeo\u00bb _builder_version=\u00bb4.16&#8243; disabled=\u00bbon\u00bb global_colors_info=\u00bb{}\u00bb][\/et_pb_video][\/et_pb_column][\/et_pb_row][\/et_pb_section]<\/p>\n","protected":false},"excerpt":{"rendered":"<p>El Centro Juvenil Don Bosco ha disfrutado del Campamento de verano en Villan\u00faa.Por Equipo Comunicaci\u00f3nUn verano m\u00e1s, el Centro Juvenil Don Bosco de Villena ha viajado al Campamento Gabardip de Villan\u00faa para disfrutar de 12 intensos d\u00edas de convivencia y actividades con ni\u00f1os\/as y j\u00f3venes que han participado en las actividades durante todo el curso. [&hellip;]<\/p>\n","protected":false},"author":2,"featured_media":3187,"comment_status":"open","ping_status":"open","sticky":false,"template":"","format":"standard","meta":{"_et_pb_use_builder":"on","_et_pb_old_content":"","_et_gb_content_width":"","footnotes":""},"categories":[27,14],"tags":[],"class_list":["post-3186","post","type-post","status-publish","format-standard","has-post-thumbnail","hentry","category-centrojuvenil","category-portadanoticias"],"yoast_head":"<!-- This site is optimized with the Yoast SEO plugin v28.3 - https:\/\/yoast.com\/product\/yoast-seo-wordpress\/ -->\n<title>\u201cHAY UN AMIGO EN M\u00cd\u201d Campamento de verano de Centro Juvenil Don Bosco. - Centro Juvenil Don Bosco<\/title>\n<meta name=\"robots\" content=\"index, follow, max-snippet:-1, max-image-preview:large, max-video-preview:-1\" \/>\n<link rel=\"canonical\" href=\"https:\/\/villena.salesianos.edu\/centrojuvenil\/hay-un-amigo-en-mi-campamento-de-verano-de-centro-juvenil-don-bosco\/\" \/>\n<meta property=\"og:locale\" content=\"es_ES\" \/>\n<meta property=\"og:type\" content=\"article\" \/>\n<meta property=\"og:title\" content=\"\u201cHAY UN AMIGO EN M\u00cd\u201d Campamento de verano de Centro Juvenil Don Bosco. - Centro Juvenil Don Bosco\" \/>\n<meta property=\"og:description\" content=\"El Centro Juvenil Don Bosco ha disfrutado del Campamento de verano en Villan\u00faa.Por Equipo Comunicaci\u00f3nUn verano m\u00e1s, el Centro Juvenil Don Bosco de Villena ha viajado al Campamento Gabardip de Villan\u00faa para disfrutar de 12 intensos d\u00edas de convivencia y actividades con ni\u00f1os\/as y j\u00f3venes que han participado en las actividades durante todo el curso. [&hellip;]\" \/>\n<meta property=\"og:url\" content=\"https:\/\/villena.salesianos.edu\/centrojuvenil\/hay-un-amigo-en-mi-campamento-de-verano-de-centro-juvenil-don-bosco\/\" \/>\n<meta property=\"og:site_name\" content=\"Centro Juvenil Don Bosco\" \/>\n<meta property=\"article:published_time\" content=\"2023-08-02T08:03:50+00:00\" \/>\n<meta property=\"og:image\" content=\"https:\/\/villena.salesianos.edu\/centrojuvenil\/wp-content\/uploads\/sites\/6\/2023\/09\/FOTO-GENERAL-VILLAN23-V1-scaled.jpg\" \/>\n\t<meta property=\"og:image:width\" content=\"2560\" \/>\n\t<meta property=\"og:image:height\" content=\"1707\" \/>\n\t<meta property=\"og:image:type\" content=\"image\/jpeg\" \/>\n<meta name=\"author\" content=\"Gestor Web\" \/>\n<meta name=\"twitter:card\" content=\"summary_large_image\" \/>\n<meta name=\"twitter:label1\" content=\"Escrito por\" \/>\n\t<meta name=\"twitter:data1\" content=\"Gestor Web\" \/>\n\t<meta name=\"twitter:label2\" content=\"Tiempo de lectura\" \/>\n\t<meta name=\"twitter:data2\" content=\"2 minutos\" \/>\n<script type=\"application\/ld+json\" class=\"yoast-schema-graph\">{\"@context\":\"https:\\\/\\\/schema.org\",\"@graph\":[{\"@type\":\"Article\",\"@id\":\"https:\\\/\\\/villena.salesianos.edu\\\/centrojuvenil\\\/hay-un-amigo-en-mi-campamento-de-verano-de-centro-juvenil-don-bosco\\\/#article\",\"isPartOf\":{\"@id\":\"https:\\\/\\\/villena.salesianos.edu\\\/centrojuvenil\\\/hay-un-amigo-en-mi-campamento-de-verano-de-centro-juvenil-don-bosco\\\/\"},\"author\":{\"name\":\"Gestor Web\",\"@id\":\"https:\\\/\\\/villena.salesianos.edu\\\/centrojuvenil\\\/#\\\/schema\\\/person\\\/737fd46edc5ae7d6c9b94da26c0e9302\"},\"headline\":\"\u201cHAY UN AMIGO EN M\u00cd\u201d Campamento de verano de Centro Juvenil Don Bosco.\",\"datePublished\":\"2023-08-02T08:03:50+00:00\",\"mainEntityOfPage\":{\"@id\":\"https:\\\/\\\/villena.salesianos.edu\\\/centrojuvenil\\\/hay-un-amigo-en-mi-campamento-de-verano-de-centro-juvenil-don-bosco\\\/\"},\"wordCount\":478,\"commentCount\":0,\"image\":{\"@id\":\"https:\\\/\\\/villena.salesianos.edu\\\/centrojuvenil\\\/hay-un-amigo-en-mi-campamento-de-verano-de-centro-juvenil-don-bosco\\\/#primaryimage\"},\"thumbnailUrl\":\"https:\\\/\\\/villena.salesianos.edu\\\/centrojuvenil\\\/wp-content\\\/uploads\\\/sites\\\/6\\\/2023\\\/09\\\/FOTO-GENERAL-VILLAN23-V1-scaled.jpg\",\"articleSection\":[\"Centro Juvenil\",\"Portada Noticas\"],\"inLanguage\":\"es\",\"potentialAction\":[{\"@type\":\"CommentAction\",\"name\":\"Comment\",\"target\":[\"https:\\\/\\\/villena.salesianos.edu\\\/centrojuvenil\\\/hay-un-amigo-en-mi-campamento-de-verano-de-centro-juvenil-don-bosco\\\/#respond\"]}]},{\"@type\":\"WebPage\",\"@id\":\"https:\\\/\\\/villena.salesianos.edu\\\/centrojuvenil\\\/hay-un-amigo-en-mi-campamento-de-verano-de-centro-juvenil-don-bosco\\\/\",\"url\":\"https:\\\/\\\/villena.salesianos.edu\\\/centrojuvenil\\\/hay-un-amigo-en-mi-campamento-de-verano-de-centro-juvenil-don-bosco\\\/\",\"name\":\"\u201cHAY UN AMIGO EN M\u00cd\u201d Campamento de verano de Centro Juvenil Don Bosco. - Centro Juvenil Don Bosco\",\"isPartOf\":{\"@id\":\"https:\\\/\\\/villena.salesianos.edu\\\/centrojuvenil\\\/#website\"},\"primaryImageOfPage\":{\"@id\":\"https:\\\/\\\/villena.salesianos.edu\\\/centrojuvenil\\\/hay-un-amigo-en-mi-campamento-de-verano-de-centro-juvenil-don-bosco\\\/#primaryimage\"},\"image\":{\"@id\":\"https:\\\/\\\/villena.salesianos.edu\\\/centrojuvenil\\\/hay-un-amigo-en-mi-campamento-de-verano-de-centro-juvenil-don-bosco\\\/#primaryimage\"},\"thumbnailUrl\":\"https:\\\/\\\/villena.salesianos.edu\\\/centrojuvenil\\\/wp-content\\\/uploads\\\/sites\\\/6\\\/2023\\\/09\\\/FOTO-GENERAL-VILLAN23-V1-scaled.jpg\",\"datePublished\":\"2023-08-02T08:03:50+00:00\",\"author\":{\"@id\":\"https:\\\/\\\/villena.salesianos.edu\\\/centrojuvenil\\\/#\\\/schema\\\/person\\\/737fd46edc5ae7d6c9b94da26c0e9302\"},\"breadcrumb\":{\"@id\":\"https:\\\/\\\/villena.salesianos.edu\\\/centrojuvenil\\\/hay-un-amigo-en-mi-campamento-de-verano-de-centro-juvenil-don-bosco\\\/#breadcrumb\"},\"inLanguage\":\"es\",\"potentialAction\":[{\"@type\":\"ReadAction\",\"target\":[\"https:\\\/\\\/villena.salesianos.edu\\\/centrojuvenil\\\/hay-un-amigo-en-mi-campamento-de-verano-de-centro-juvenil-don-bosco\\\/\"]}]},{\"@type\":\"ImageObject\",\"inLanguage\":\"es\",\"@id\":\"https:\\\/\\\/villena.salesianos.edu\\\/centrojuvenil\\\/hay-un-amigo-en-mi-campamento-de-verano-de-centro-juvenil-don-bosco\\\/#primaryimage\",\"url\":\"https:\\\/\\\/villena.salesianos.edu\\\/centrojuvenil\\\/wp-content\\\/uploads\\\/sites\\\/6\\\/2023\\\/09\\\/FOTO-GENERAL-VILLAN23-V1-scaled.jpg\",\"contentUrl\":\"https:\\\/\\\/villena.salesianos.edu\\\/centrojuvenil\\\/wp-content\\\/uploads\\\/sites\\\/6\\\/2023\\\/09\\\/FOTO-GENERAL-VILLAN23-V1-scaled.jpg\",\"width\":2560,\"height\":1707},{\"@type\":\"BreadcrumbList\",\"@id\":\"https:\\\/\\\/villena.salesianos.edu\\\/centrojuvenil\\\/hay-un-amigo-en-mi-campamento-de-verano-de-centro-juvenil-don-bosco\\\/#breadcrumb\",\"itemListElement\":[{\"@type\":\"ListItem\",\"position\":1,\"name\":\"Portada\",\"item\":\"https:\\\/\\\/villena.salesianos.edu\\\/centrojuvenil\\\/\"},{\"@type\":\"ListItem\",\"position\":2,\"name\":\"\u201cHAY UN AMIGO EN M\u00cd\u201d Campamento de verano de Centro Juvenil Don Bosco.\"}]},{\"@type\":\"WebSite\",\"@id\":\"https:\\\/\\\/villena.salesianos.edu\\\/centrojuvenil\\\/#website\",\"url\":\"https:\\\/\\\/villena.salesianos.edu\\\/centrojuvenil\\\/\",\"name\":\"Centro Juvenil Don Bosco\",\"description\":\"P\u00e1gina oficial Salesianos Villena\",\"potentialAction\":[{\"@type\":\"SearchAction\",\"target\":{\"@type\":\"EntryPoint\",\"urlTemplate\":\"https:\\\/\\\/villena.salesianos.edu\\\/centrojuvenil\\\/?s={search_term_string}\"},\"query-input\":{\"@type\":\"PropertyValueSpecification\",\"valueRequired\":true,\"valueName\":\"search_term_string\"}}],\"inLanguage\":\"es\"},{\"@type\":\"Person\",\"@id\":\"https:\\\/\\\/villena.salesianos.edu\\\/centrojuvenil\\\/#\\\/schema\\\/person\\\/737fd46edc5ae7d6c9b94da26c0e9302\",\"name\":\"Gestor Web\",\"image\":{\"@type\":\"ImageObject\",\"inLanguage\":\"es\",\"@id\":\"https:\\\/\\\/secure.gravatar.com\\\/avatar\\\/44469746e1b6443cd011d1759fdc3b9fdcdae4a08dc0ddd85247651cb065486d?s=96&d=mm&r=g\",\"url\":\"https:\\\/\\\/secure.gravatar.com\\\/avatar\\\/44469746e1b6443cd011d1759fdc3b9fdcdae4a08dc0ddd85247651cb065486d?s=96&d=mm&r=g\",\"contentUrl\":\"https:\\\/\\\/secure.gravatar.com\\\/avatar\\\/44469746e1b6443cd011d1759fdc3b9fdcdae4a08dc0ddd85247651cb065486d?s=96&d=mm&r=g\",\"caption\":\"Gestor Web\"}}]}<\/script>\n<!-- \/ Yoast SEO plugin. -->","yoast_head_json":{"title":"\u201cHAY UN AMIGO EN M\u00cd\u201d Campamento de verano de Centro Juvenil Don Bosco. - Centro Juvenil Don Bosco","robots":{"index":"index","follow":"follow","max-snippet":"max-snippet:-1","max-image-preview":"max-image-preview:large","max-video-preview":"max-video-preview:-1"},"canonical":"https:\/\/villena.salesianos.edu\/centrojuvenil\/hay-un-amigo-en-mi-campamento-de-verano-de-centro-juvenil-don-bosco\/","og_locale":"es_ES","og_type":"article","og_title":"\u201cHAY UN AMIGO EN M\u00cd\u201d Campamento de verano de Centro Juvenil Don Bosco. - Centro Juvenil Don Bosco","og_description":"El Centro Juvenil Don Bosco ha disfrutado del Campamento de verano en Villan\u00faa.Por Equipo Comunicaci\u00f3nUn verano m\u00e1s, el Centro Juvenil Don Bosco de Villena ha viajado al Campamento Gabardip de Villan\u00faa para disfrutar de 12 intensos d\u00edas de convivencia y actividades con ni\u00f1os\/as y j\u00f3venes que han participado en las actividades durante todo el curso. [&hellip;]","og_url":"https:\/\/villena.salesianos.edu\/centrojuvenil\/hay-un-amigo-en-mi-campamento-de-verano-de-centro-juvenil-don-bosco\/","og_site_name":"Centro Juvenil Don Bosco","article_published_time":"2023-08-02T08:03:50+00:00","og_image":[{"width":2560,"height":1707,"url":"https:\/\/villena.salesianos.edu\/centrojuvenil\/wp-content\/uploads\/sites\/6\/2023\/09\/FOTO-GENERAL-VILLAN23-V1-scaled.jpg","type":"image\/jpeg"}],"author":"Gestor Web","twitter_card":"summary_large_image","twitter_misc":{"Escrito por":"Gestor Web","Tiempo de lectura":"2 minutos"},"schema":{"@context":"https:\/\/schema.org","@graph":[{"@type":"Article","@id":"https:\/\/villena.salesianos.edu\/centrojuvenil\/hay-un-amigo-en-mi-campamento-de-verano-de-centro-juvenil-don-bosco\/#article","isPartOf":{"@id":"https:\/\/villena.salesianos.edu\/centrojuvenil\/hay-un-amigo-en-mi-campamento-de-verano-de-centro-juvenil-don-bosco\/"},"author":{"name":"Gestor Web","@id":"https:\/\/villena.salesianos.edu\/centrojuvenil\/#\/schema\/person\/737fd46edc5ae7d6c9b94da26c0e9302"},"headline":"\u201cHAY UN AMIGO EN M\u00cd\u201d Campamento de verano de Centro Juvenil Don Bosco.","datePublished":"2023-08-02T08:03:50+00:00","mainEntityOfPage":{"@id":"https:\/\/villena.salesianos.edu\/centrojuvenil\/hay-un-amigo-en-mi-campamento-de-verano-de-centro-juvenil-don-bosco\/"},"wordCount":478,"commentCount":0,"image":{"@id":"https:\/\/villena.salesianos.edu\/centrojuvenil\/hay-un-amigo-en-mi-campamento-de-verano-de-centro-juvenil-don-bosco\/#primaryimage"},"thumbnailUrl":"https:\/\/villena.salesianos.edu\/centrojuvenil\/wp-content\/uploads\/sites\/6\/2023\/09\/FOTO-GENERAL-VILLAN23-V1-scaled.jpg","articleSection":["Centro Juvenil","Portada Noticas"],"inLanguage":"es","potentialAction":[{"@type":"CommentAction","name":"Comment","target":["https:\/\/villena.salesianos.edu\/centrojuvenil\/hay-un-amigo-en-mi-campamento-de-verano-de-centro-juvenil-don-bosco\/#respond"]}]},{"@type":"WebPage","@id":"https:\/\/villena.salesianos.edu\/centrojuvenil\/hay-un-amigo-en-mi-campamento-de-verano-de-centro-juvenil-don-bosco\/","url":"https:\/\/villena.salesianos.edu\/centrojuvenil\/hay-un-amigo-en-mi-campamento-de-verano-de-centro-juvenil-don-bosco\/","name":"\u201cHAY UN AMIGO EN M\u00cd\u201d Campamento de verano de Centro Juvenil Don Bosco. - Centro Juvenil Don Bosco","isPartOf":{"@id":"https:\/\/villena.salesianos.edu\/centrojuvenil\/#website"},"primaryImageOfPage":{"@id":"https:\/\/villena.salesianos.edu\/centrojuvenil\/hay-un-amigo-en-mi-campamento-de-verano-de-centro-juvenil-don-bosco\/#primaryimage"},"image":{"@id":"https:\/\/villena.salesianos.edu\/centrojuvenil\/hay-un-amigo-en-mi-campamento-de-verano-de-centro-juvenil-don-bosco\/#primaryimage"},"thumbnailUrl":"https:\/\/villena.salesianos.edu\/centrojuvenil\/wp-content\/uploads\/sites\/6\/2023\/09\/FOTO-GENERAL-VILLAN23-V1-scaled.jpg","datePublished":"2023-08-02T08:03:50+00:00","author":{"@id":"https:\/\/villena.salesianos.edu\/centrojuvenil\/#\/schema\/person\/737fd46edc5ae7d6c9b94da26c0e9302"},"breadcrumb":{"@id":"https:\/\/villena.salesianos.edu\/centrojuvenil\/hay-un-amigo-en-mi-campamento-de-verano-de-centro-juvenil-don-bosco\/#breadcrumb"},"inLanguage":"es","potentialAction":[{"@type":"ReadAction","target":["https:\/\/villena.salesianos.edu\/centrojuvenil\/hay-un-amigo-en-mi-campamento-de-verano-de-centro-juvenil-don-bosco\/"]}]},{"@type":"ImageObject","inLanguage":"es","@id":"https:\/\/villena.salesianos.edu\/centrojuvenil\/hay-un-amigo-en-mi-campamento-de-verano-de-centro-juvenil-don-bosco\/#primaryimage","url":"https:\/\/villena.salesianos.edu\/centrojuvenil\/wp-content\/uploads\/sites\/6\/2023\/09\/FOTO-GENERAL-VILLAN23-V1-scaled.jpg","contentUrl":"https:\/\/villena.salesianos.edu\/centrojuvenil\/wp-content\/uploads\/sites\/6\/2023\/09\/FOTO-GENERAL-VILLAN23-V1-scaled.jpg","width":2560,"height":1707},{"@type":"BreadcrumbList","@id":"https:\/\/villena.salesianos.edu\/centrojuvenil\/hay-un-amigo-en-mi-campamento-de-verano-de-centro-juvenil-don-bosco\/#breadcrumb","itemListElement":[{"@type":"ListItem","position":1,"name":"Portada","item":"https:\/\/villena.salesianos.edu\/centrojuvenil\/"},{"@type":"ListItem","position":2,"name":"\u201cHAY UN AMIGO EN M\u00cd\u201d Campamento de verano de Centro Juvenil Don Bosco."}]},{"@type":"WebSite","@id":"https:\/\/villena.salesianos.edu\/centrojuvenil\/#website","url":"https:\/\/villena.salesianos.edu\/centrojuvenil\/","name":"Centro Juvenil Don Bosco","description":"P\u00e1gina oficial Salesianos Villena","potentialAction":[{"@type":"SearchAction","target":{"@type":"EntryPoint","urlTemplate":"https:\/\/villena.salesianos.edu\/centrojuvenil\/?s={search_term_string}"},"query-input":{"@type":"PropertyValueSpecification","valueRequired":true,"valueName":"search_term_string"}}],"inLanguage":"es"},{"@type":"Person","@id":"https:\/\/villena.salesianos.edu\/centrojuvenil\/#\/schema\/person\/737fd46edc5ae7d6c9b94da26c0e9302","name":"Gestor Web","image":{"@type":"ImageObject","inLanguage":"es","@id":"https:\/\/secure.gravatar.com\/avatar\/44469746e1b6443cd011d1759fdc3b9fdcdae4a08dc0ddd85247651cb065486d?s=96&d=mm&r=g","url":"https:\/\/secure.gravatar.com\/avatar\/44469746e1b6443cd011d1759fdc3b9fdcdae4a08dc0ddd85247651cb065486d?s=96&d=mm&r=g","contentUrl":"https:\/\/secure.gravatar.com\/avatar\/44469746e1b6443cd011d1759fdc3b9fdcdae4a08dc0ddd85247651cb065486d?s=96&d=mm&r=g","caption":"Gestor Web"}}]}},"_links":{"self":[{"href":"https:\/\/villena.salesianos.edu\/centrojuvenil\/wp-json\/wp\/v2\/posts\/3186","targetHints":{"allow":["GET"]}}],"collection":[{"href":"https:\/\/villena.salesianos.edu\/centrojuvenil\/wp-json\/wp\/v2\/posts"}],"about":[{"href":"https:\/\/villena.salesianos.edu\/centrojuvenil\/wp-json\/wp\/v2\/types\/post"}],"author":[{"embeddable":true,"href":"https:\/\/villena.salesianos.edu\/centrojuvenil\/wp-json\/wp\/v2\/users\/2"}],"replies":[{"embeddable":true,"href":"https:\/\/villena.salesianos.edu\/centrojuvenil\/wp-json\/wp\/v2\/comments?post=3186"}],"version-history":[{"count":0,"href":"https:\/\/villena.salesianos.edu\/centrojuvenil\/wp-json\/wp\/v2\/posts\/3186\/revisions"}],"wp:featuredmedia":[{"embeddable":true,"href":"https:\/\/villena.salesianos.edu\/centrojuvenil\/wp-json\/wp\/v2\/media\/3187"}],"wp:attachment":[{"href":"https:\/\/villena.salesianos.edu\/centrojuvenil\/wp-json\/wp\/v2\/media?parent=3186"}],"wp:term":[{"taxonomy":"category","embeddable":true,"href":"https:\/\/villena.salesianos.edu\/centrojuvenil\/wp-json\/wp\/v2\/categories?post=3186"},{"taxonomy":"post_tag","embeddable":true,"href":"https:\/\/villena.salesianos.edu\/centrojuvenil\/wp-json\/wp\/v2\/tags?post=3186"}],"curies":[{"name":"wp","href":"https:\/\/api.w.org\/{rel}","templated":true}]}}