{"id":3194,"date":"2024-07-26T16:57:27","date_gmt":"2024-07-26T15:57:27","guid":{"rendered":"https:\/\/villena.salesianos.edu\/centrojuvenil\/gran-aventura-en-el-pirineo-aragones\/"},"modified":"2025-08-27T13:42:06","modified_gmt":"2025-08-27T12:42:06","slug":"gran-aventura-en-el-pirineo-aragones","status":"publish","type":"post","link":"https:\/\/villena.salesianos.edu\/centrojuvenil\/gran-aventura-en-el-pirineo-aragones\/","title":{"rendered":"GRAN AVENTURA EN EL PIRINEO ARAGON\u00c9S"},"content":{"rendered":"<p>[et_pb_section fb_built=\u00bb1&#8243; admin_label=\u00bbsection\u00bb _builder_version=\u00bb4.16&#8243; global_colors_info=\u00bb{}\u00bb][et_pb_row admin_label=\u00bbrow\u00bb _builder_version=\u00bb4.16&#8243; background_size=\u00bbinitial\u00bb background_position=\u00bbtop_left\u00bb background_repeat=\u00bbrepeat\u00bb global_colors_info=\u00bb{}\u00bb][et_pb_column type=\u00bb4_4&#8243; _builder_version=\u00bb4.16&#8243; custom_padding=\u00bb|||\u00bb global_colors_info=\u00bb{}\u00bb custom_padding__hover=\u00bb|||\u00bb][et_pb_text admin_label=\u00bbEntradilla (Texto)\u00bb _builder_version=\u00bb4.26.1&#8243; text_font=\u00bb|on|||\u00bb text_orientation=\u00bbjustified\u00bb border_style=\u00bbsolid\u00bb global_colors_info=\u00bb{}\u00bb]<\/p>\n<p><span style=\"font-weight: 400;\">El Dentro Juvenil Don Bosco de Villena vive 12 d\u00edas intensos de campamento<\/span><\/p>\n<p>[\/et_pb_text][et_pb_text admin_label=\u00bbAutor (Texto)\u00bb _builder_version=\u00bb4.26.1&#8243; text_font=\u00bb||on||\u00bb border_style=\u00bbsolid\u00bb global_colors_info=\u00bb{}\u00bb]<\/p>\n<p>Por Comunicaci\u00f3n CCJJ<\/p>\n<p>[\/et_pb_text][et_pb_text admin_label=\u00bbDesarrollo (Texto)\u00bb _builder_version=\u00bb4.26.1&#8243; text_orientation=\u00bbjustified\u00bb border_style=\u00bbsolid\u00bb global_colors_info=\u00bb{}\u00bb]<\/p>\n<p><span style=\"font-weight: 400;\">En pleno Pirineo aragon\u00e9s, en el albergue \u201cGabardip\u201d de Villan\u00faa (HUESCA), 140 chicos y sus monitores estamos viviendo una experiencia inolvidable. Compartimos juntos doce d\u00edas de aventura, de convivencia, de superaci\u00f3n, de momentos formativos y amistad.<\/span><\/p>\n<p><span style=\"font-weight: 400;\">Con el marco tem\u00e1tico del juego \u201cEl Pueblo Duerme\u201d y en el marco natural del entorno que nos rodea (cerca del monte Collarada y a pocos Km de Canfranc), los ni\u00f1os-as, adolescentes y j\u00f3venes del C.J \u201cDon Bosco\u201d estamos disfrutando de esta experiencia intensa y maravillosa que nos ayuda a crecer juntos.<\/span><\/p>\n<p><span style=\"font-weight: 400;\">En los primeros d\u00edas tuvimos dos marchas de preparaci\u00f3n, llegando a la \u201cAventara de los Raid\u201d(Traves\u00edas) con varios recorridos y metas por conquistar: Gabardito, Viaducto del Canfranero, Ib\u00f3n de IP y L\u00f3pez Huici.<\/span><\/p>\n<p><span style=\"font-weight: 400;\">A estas jornadas de contacto directo con la naturaleza, han seguido d\u00edas m\u00e1s tranquilos de convivencia, talleres creativos y actividades diversas en la recta final del campamento. Cabe destacar sobre todo los momentos de grupo, la experiencia positiva de los \u201cBuenos D\u00edas (oraci\u00f3n)\u201d, \u201cBuenas Noches\u201d (bajo el cielo estrellado del pirineo), etc\u00e9tera. Recientemente hemos tenido el d\u00eda de Convivencia junto al C.J \u201cTrobada\u201d de Zaragoza, con la Eucarist\u00eda como un momento importante de celebraci\u00f3n y acci\u00f3n de gracias. Nos queda la satisfacci\u00f3n de haber superado momentos de debilidad o peque\u00f1a enfermedad en algunos acampados; Tambi\u00e9n esto forma parte de la aventura y clima de superaci\u00f3n que lleva consigo cualquier campamento.<\/span><\/p>\n<p><span style=\"font-weight: 400;\">Con todo lo vivido, la aventura continuar\u00e1 pronto en casa llevando los buenos momentos compartidos, con los diversos personajes de \u201cEl Pueblo Duerme\u201d en la memoria y en el coraz\u00f3n.<\/span><\/p>\n<p>\u200b<\/p>\n<p>[\/et_pb_text][et_pb_text disabled_on=\u00bboff|off|off\u00bb admin_label=\u00bbT\u00edtulo: Galer\u00eda de fotos (Texto)\u00bb _builder_version=\u00bb4.26.1&#8243; text_font=\u00bb|on|||\u00bb text_text_color=\u00bb#dc001b\u00bb border_style=\u00bbsolid\u00bb global_colors_info=\u00bb{}\u00bb]<\/p>\n<p><img loading=\"lazy\" decoding=\"async\" class=\"wp-image-3195 alignnone size-medium\" src=\"https:\/\/villena.salesianos.edu\/wp-content\/uploads\/2024\/07\/IMG_8746-225x300.jpg\" alt=\"\" width=\"225\" height=\"300\" \/> <img loading=\"lazy\" decoding=\"async\" class=\"wp-image-3197 alignnone size-medium\" src=\"https:\/\/villena.salesianos.edu\/wp-content\/uploads\/2024\/07\/IMG_9072-225x300.jpg\" alt=\"\" width=\"225\" height=\"300\" \/> <img loading=\"lazy\" decoding=\"async\" class=\"wp-image-3199 alignnone size-medium\" src=\"https:\/\/villena.salesianos.edu\/wp-content\/uploads\/2024\/07\/IMG_9196-1-300x186.jpg\" alt=\"\" width=\"300\" height=\"186\" \/> <img loading=\"lazy\" decoding=\"async\" class=\"wp-image-3201 alignnone size-medium\" src=\"https:\/\/villena.salesianos.edu\/wp-content\/uploads\/2024\/07\/IMG_8583-300x225.jpg\" alt=\"\" width=\"300\" height=\"225\" \/> <img loading=\"lazy\" decoding=\"async\" class=\"wp-image-3203 alignnone size-medium\" src=\"https:\/\/villena.salesianos.edu\/wp-content\/uploads\/2024\/07\/IMG_8616-225x300.jpg\" alt=\"\" width=\"225\" height=\"300\" \/> <img loading=\"lazy\" decoding=\"async\" class=\"wp-image-3205 alignnone size-medium\" src=\"https:\/\/villena.salesianos.edu\/wp-content\/uploads\/2024\/07\/IMG_8722-300x225.jpg\" alt=\"\" width=\"300\" height=\"225\" \/> <img loading=\"lazy\" decoding=\"async\" class=\"wp-image-3207 alignnone size-medium\" src=\"https:\/\/villena.salesianos.edu\/wp-content\/uploads\/2024\/07\/IMG_8734-300x225.jpg\" alt=\"\" width=\"300\" height=\"225\" \/> <img loading=\"lazy\" decoding=\"async\" class=\"wp-image-3209 alignnone size-medium\" src=\"https:\/\/villena.salesianos.edu\/wp-content\/uploads\/2024\/07\/IMG_8742-300x225.jpg\" alt=\"\" width=\"300\" height=\"225\" \/>Galer\u00eda de im\u00e1genes<\/p>\n<p>[\/et_pb_text][et_pb_gallery posts_number=\u00bb8&#8243; show_title_and_caption=\u00bboff\u00bb zoom_icon_color=\u00bb#dc001b\u00bb hover_icon=\u00bb&#x54;||divi||400&#8243; disabled_on=\u00bbon|on|on\u00bb admin_label=\u00bbGaler\u00eda\u00bb _builder_version=\u00bb4.16&#8243; border_style=\u00bbsolid\u00bb disabled=\u00bbon\u00bb global_colors_info=\u00bb{}\u00bb][\/et_pb_gallery][et_pb_video disabled_on=\u00bbon|on|on\u00bb admin_label=\u00bbV\u00eddeo\u00bb _builder_version=\u00bb4.16&#8243; disabled=\u00bbon\u00bb global_colors_info=\u00bb{}\u00bb][\/et_pb_video][\/et_pb_column][\/et_pb_row][\/et_pb_section]<\/p>\n","protected":false},"excerpt":{"rendered":"<p>El Dentro Juvenil Don Bosco de Villena vive 12 d\u00edas intensos de campamentoPor Comunicaci\u00f3n CCJJEn pleno Pirineo aragon\u00e9s, en el albergue \u201cGabardip\u201d de Villan\u00faa (HUESCA), 140 chicos y sus monitores estamos viviendo una experiencia inolvidable. Compartimos juntos doce d\u00edas de aventura, de convivencia, de superaci\u00f3n, de momentos formativos y amistad. Con el marco tem\u00e1tico del [&hellip;]<\/p>\n","protected":false},"author":2,"featured_media":3199,"comment_status":"open","ping_status":"open","sticky":false,"template":"","format":"standard","meta":{"_et_pb_use_builder":"on","_et_pb_old_content":"","_et_gb_content_width":"","footnotes":""},"categories":[27,14],"tags":[],"class_list":["post-3194","post","type-post","status-publish","format-standard","has-post-thumbnail","hentry","category-centrojuvenil","category-portadanoticias"],"yoast_head":"<!-- This site is optimized with the Yoast SEO plugin v28.3 - https:\/\/yoast.com\/product\/yoast-seo-wordpress\/ -->\n<title>GRAN AVENTURA EN EL PIRINEO ARAGON\u00c9S - Centro Juvenil Don Bosco<\/title>\n<meta name=\"robots\" content=\"index, follow, max-snippet:-1, max-image-preview:large, max-video-preview:-1\" \/>\n<link rel=\"canonical\" href=\"https:\/\/villena.salesianos.edu\/centrojuvenil\/gran-aventura-en-el-pirineo-aragones\/\" \/>\n<meta property=\"og:locale\" content=\"es_ES\" \/>\n<meta property=\"og:type\" content=\"article\" \/>\n<meta property=\"og:title\" content=\"GRAN AVENTURA EN EL PIRINEO ARAGON\u00c9S - Centro Juvenil Don Bosco\" \/>\n<meta property=\"og:description\" content=\"El Dentro Juvenil Don Bosco de Villena vive 12 d\u00edas intensos de campamentoPor Comunicaci\u00f3n CCJJEn pleno Pirineo aragon\u00e9s, en el albergue \u201cGabardip\u201d de Villan\u00faa (HUESCA), 140 chicos y sus monitores estamos viviendo una experiencia inolvidable. Compartimos juntos doce d\u00edas de aventura, de convivencia, de superaci\u00f3n, de momentos formativos y amistad. Con el marco tem\u00e1tico del [&hellip;]\" \/>\n<meta property=\"og:url\" content=\"https:\/\/villena.salesianos.edu\/centrojuvenil\/gran-aventura-en-el-pirineo-aragones\/\" \/>\n<meta property=\"og:site_name\" content=\"Centro Juvenil Don Bosco\" \/>\n<meta property=\"article:published_time\" content=\"2024-07-26T15:57:27+00:00\" \/>\n<meta property=\"article:modified_time\" content=\"2025-08-27T12:42:06+00:00\" \/>\n<meta property=\"og:image\" content=\"https:\/\/villena.salesianos.edu\/centrojuvenil\/wp-content\/uploads\/sites\/6\/2024\/07\/IMG_9196-1-scaled.jpg\" \/>\n\t<meta property=\"og:image:width\" content=\"2560\" \/>\n\t<meta property=\"og:image:height\" content=\"1591\" \/>\n\t<meta property=\"og:image:type\" content=\"image\/jpeg\" \/>\n<meta name=\"author\" content=\"Gestor Web\" \/>\n<meta name=\"twitter:card\" content=\"summary_large_image\" \/>\n<meta name=\"twitter:label1\" content=\"Escrito por\" \/>\n\t<meta name=\"twitter:data1\" content=\"Gestor Web\" \/>\n\t<meta name=\"twitter:label2\" content=\"Tiempo de lectura\" \/>\n\t<meta name=\"twitter:data2\" content=\"3 minutos\" \/>\n<script type=\"application\/ld+json\" class=\"yoast-schema-graph\">{\"@context\":\"https:\\\/\\\/schema.org\",\"@graph\":[{\"@type\":\"Article\",\"@id\":\"https:\\\/\\\/villena.salesianos.edu\\\/centrojuvenil\\\/gran-aventura-en-el-pirineo-aragones\\\/#article\",\"isPartOf\":{\"@id\":\"https:\\\/\\\/villena.salesianos.edu\\\/centrojuvenil\\\/gran-aventura-en-el-pirineo-aragones\\\/\"},\"author\":{\"name\":\"Gestor Web\",\"@id\":\"https:\\\/\\\/villena.salesianos.edu\\\/centrojuvenil\\\/#\\\/schema\\\/person\\\/737fd46edc5ae7d6c9b94da26c0e9302\"},\"headline\":\"GRAN AVENTURA EN EL PIRINEO ARAGON\u00c9S\",\"datePublished\":\"2024-07-26T15:57:27+00:00\",\"dateModified\":\"2025-08-27T12:42:06+00:00\",\"mainEntityOfPage\":{\"@id\":\"https:\\\/\\\/villena.salesianos.edu\\\/centrojuvenil\\\/gran-aventura-en-el-pirineo-aragones\\\/\"},\"wordCount\":540,\"commentCount\":0,\"image\":{\"@id\":\"https:\\\/\\\/villena.salesianos.edu\\\/centrojuvenil\\\/gran-aventura-en-el-pirineo-aragones\\\/#primaryimage\"},\"thumbnailUrl\":\"https:\\\/\\\/villena.salesianos.edu\\\/centrojuvenil\\\/wp-content\\\/uploads\\\/sites\\\/6\\\/2024\\\/07\\\/IMG_9196-1-scaled.jpg\",\"articleSection\":[\"Centro Juvenil\",\"Portada Noticas\"],\"inLanguage\":\"es\",\"potentialAction\":[{\"@type\":\"CommentAction\",\"name\":\"Comment\",\"target\":[\"https:\\\/\\\/villena.salesianos.edu\\\/centrojuvenil\\\/gran-aventura-en-el-pirineo-aragones\\\/#respond\"]}]},{\"@type\":\"WebPage\",\"@id\":\"https:\\\/\\\/villena.salesianos.edu\\\/centrojuvenil\\\/gran-aventura-en-el-pirineo-aragones\\\/\",\"url\":\"https:\\\/\\\/villena.salesianos.edu\\\/centrojuvenil\\\/gran-aventura-en-el-pirineo-aragones\\\/\",\"name\":\"GRAN AVENTURA EN EL PIRINEO ARAGON\u00c9S - Centro Juvenil Don Bosco\",\"isPartOf\":{\"@id\":\"https:\\\/\\\/villena.salesianos.edu\\\/centrojuvenil\\\/#website\"},\"primaryImageOfPage\":{\"@id\":\"https:\\\/\\\/villena.salesianos.edu\\\/centrojuvenil\\\/gran-aventura-en-el-pirineo-aragones\\\/#primaryimage\"},\"image\":{\"@id\":\"https:\\\/\\\/villena.salesianos.edu\\\/centrojuvenil\\\/gran-aventura-en-el-pirineo-aragones\\\/#primaryimage\"},\"thumbnailUrl\":\"https:\\\/\\\/villena.salesianos.edu\\\/centrojuvenil\\\/wp-content\\\/uploads\\\/sites\\\/6\\\/2024\\\/07\\\/IMG_9196-1-scaled.jpg\",\"datePublished\":\"2024-07-26T15:57:27+00:00\",\"dateModified\":\"2025-08-27T12:42:06+00:00\",\"author\":{\"@id\":\"https:\\\/\\\/villena.salesianos.edu\\\/centrojuvenil\\\/#\\\/schema\\\/person\\\/737fd46edc5ae7d6c9b94da26c0e9302\"},\"breadcrumb\":{\"@id\":\"https:\\\/\\\/villena.salesianos.edu\\\/centrojuvenil\\\/gran-aventura-en-el-pirineo-aragones\\\/#breadcrumb\"},\"inLanguage\":\"es\",\"potentialAction\":[{\"@type\":\"ReadAction\",\"target\":[\"https:\\\/\\\/villena.salesianos.edu\\\/centrojuvenil\\\/gran-aventura-en-el-pirineo-aragones\\\/\"]}]},{\"@type\":\"ImageObject\",\"inLanguage\":\"es\",\"@id\":\"https:\\\/\\\/villena.salesianos.edu\\\/centrojuvenil\\\/gran-aventura-en-el-pirineo-aragones\\\/#primaryimage\",\"url\":\"https:\\\/\\\/villena.salesianos.edu\\\/centrojuvenil\\\/wp-content\\\/uploads\\\/sites\\\/6\\\/2024\\\/07\\\/IMG_9196-1-scaled.jpg\",\"contentUrl\":\"https:\\\/\\\/villena.salesianos.edu\\\/centrojuvenil\\\/wp-content\\\/uploads\\\/sites\\\/6\\\/2024\\\/07\\\/IMG_9196-1-scaled.jpg\"},{\"@type\":\"BreadcrumbList\",\"@id\":\"https:\\\/\\\/villena.salesianos.edu\\\/centrojuvenil\\\/gran-aventura-en-el-pirineo-aragones\\\/#breadcrumb\",\"itemListElement\":[{\"@type\":\"ListItem\",\"position\":1,\"name\":\"Portada\",\"item\":\"https:\\\/\\\/villena.salesianos.edu\\\/centrojuvenil\\\/\"},{\"@type\":\"ListItem\",\"position\":2,\"name\":\"GRAN AVENTURA EN EL PIRINEO ARAGON\u00c9S\"}]},{\"@type\":\"WebSite\",\"@id\":\"https:\\\/\\\/villena.salesianos.edu\\\/centrojuvenil\\\/#website\",\"url\":\"https:\\\/\\\/villena.salesianos.edu\\\/centrojuvenil\\\/\",\"name\":\"Centro Juvenil Don Bosco\",\"description\":\"P\u00e1gina oficial Salesianos Villena\",\"potentialAction\":[{\"@type\":\"SearchAction\",\"target\":{\"@type\":\"EntryPoint\",\"urlTemplate\":\"https:\\\/\\\/villena.salesianos.edu\\\/centrojuvenil\\\/?s={search_term_string}\"},\"query-input\":{\"@type\":\"PropertyValueSpecification\",\"valueRequired\":true,\"valueName\":\"search_term_string\"}}],\"inLanguage\":\"es\"},{\"@type\":\"Person\",\"@id\":\"https:\\\/\\\/villena.salesianos.edu\\\/centrojuvenil\\\/#\\\/schema\\\/person\\\/737fd46edc5ae7d6c9b94da26c0e9302\",\"name\":\"Gestor Web\",\"image\":{\"@type\":\"ImageObject\",\"inLanguage\":\"es\",\"@id\":\"https:\\\/\\\/secure.gravatar.com\\\/avatar\\\/44469746e1b6443cd011d1759fdc3b9fdcdae4a08dc0ddd85247651cb065486d?s=96&d=mm&r=g\",\"url\":\"https:\\\/\\\/secure.gravatar.com\\\/avatar\\\/44469746e1b6443cd011d1759fdc3b9fdcdae4a08dc0ddd85247651cb065486d?s=96&d=mm&r=g\",\"contentUrl\":\"https:\\\/\\\/secure.gravatar.com\\\/avatar\\\/44469746e1b6443cd011d1759fdc3b9fdcdae4a08dc0ddd85247651cb065486d?s=96&d=mm&r=g\",\"caption\":\"Gestor Web\"}}]}<\/script>\n<!-- \/ Yoast SEO plugin. -->","yoast_head_json":{"title":"GRAN AVENTURA EN EL PIRINEO ARAGON\u00c9S - Centro Juvenil Don Bosco","robots":{"index":"index","follow":"follow","max-snippet":"max-snippet:-1","max-image-preview":"max-image-preview:large","max-video-preview":"max-video-preview:-1"},"canonical":"https:\/\/villena.salesianos.edu\/centrojuvenil\/gran-aventura-en-el-pirineo-aragones\/","og_locale":"es_ES","og_type":"article","og_title":"GRAN AVENTURA EN EL PIRINEO ARAGON\u00c9S - Centro Juvenil Don Bosco","og_description":"El Dentro Juvenil Don Bosco de Villena vive 12 d\u00edas intensos de campamentoPor Comunicaci\u00f3n CCJJEn pleno Pirineo aragon\u00e9s, en el albergue \u201cGabardip\u201d de Villan\u00faa (HUESCA), 140 chicos y sus monitores estamos viviendo una experiencia inolvidable. Compartimos juntos doce d\u00edas de aventura, de convivencia, de superaci\u00f3n, de momentos formativos y amistad. Con el marco tem\u00e1tico del [&hellip;]","og_url":"https:\/\/villena.salesianos.edu\/centrojuvenil\/gran-aventura-en-el-pirineo-aragones\/","og_site_name":"Centro Juvenil Don Bosco","article_published_time":"2024-07-26T15:57:27+00:00","article_modified_time":"2025-08-27T12:42:06+00:00","og_image":[{"width":2560,"height":1591,"url":"https:\/\/villena.salesianos.edu\/centrojuvenil\/wp-content\/uploads\/sites\/6\/2024\/07\/IMG_9196-1-scaled.jpg","type":"image\/jpeg"}],"author":"Gestor Web","twitter_card":"summary_large_image","twitter_misc":{"Escrito por":"Gestor Web","Tiempo de lectura":"3 minutos"},"schema":{"@context":"https:\/\/schema.org","@graph":[{"@type":"Article","@id":"https:\/\/villena.salesianos.edu\/centrojuvenil\/gran-aventura-en-el-pirineo-aragones\/#article","isPartOf":{"@id":"https:\/\/villena.salesianos.edu\/centrojuvenil\/gran-aventura-en-el-pirineo-aragones\/"},"author":{"name":"Gestor Web","@id":"https:\/\/villena.salesianos.edu\/centrojuvenil\/#\/schema\/person\/737fd46edc5ae7d6c9b94da26c0e9302"},"headline":"GRAN AVENTURA EN EL PIRINEO ARAGON\u00c9S","datePublished":"2024-07-26T15:57:27+00:00","dateModified":"2025-08-27T12:42:06+00:00","mainEntityOfPage":{"@id":"https:\/\/villena.salesianos.edu\/centrojuvenil\/gran-aventura-en-el-pirineo-aragones\/"},"wordCount":540,"commentCount":0,"image":{"@id":"https:\/\/villena.salesianos.edu\/centrojuvenil\/gran-aventura-en-el-pirineo-aragones\/#primaryimage"},"thumbnailUrl":"https:\/\/villena.salesianos.edu\/centrojuvenil\/wp-content\/uploads\/sites\/6\/2024\/07\/IMG_9196-1-scaled.jpg","articleSection":["Centro Juvenil","Portada Noticas"],"inLanguage":"es","potentialAction":[{"@type":"CommentAction","name":"Comment","target":["https:\/\/villena.salesianos.edu\/centrojuvenil\/gran-aventura-en-el-pirineo-aragones\/#respond"]}]},{"@type":"WebPage","@id":"https:\/\/villena.salesianos.edu\/centrojuvenil\/gran-aventura-en-el-pirineo-aragones\/","url":"https:\/\/villena.salesianos.edu\/centrojuvenil\/gran-aventura-en-el-pirineo-aragones\/","name":"GRAN AVENTURA EN EL PIRINEO ARAGON\u00c9S - Centro Juvenil Don Bosco","isPartOf":{"@id":"https:\/\/villena.salesianos.edu\/centrojuvenil\/#website"},"primaryImageOfPage":{"@id":"https:\/\/villena.salesianos.edu\/centrojuvenil\/gran-aventura-en-el-pirineo-aragones\/#primaryimage"},"image":{"@id":"https:\/\/villena.salesianos.edu\/centrojuvenil\/gran-aventura-en-el-pirineo-aragones\/#primaryimage"},"thumbnailUrl":"https:\/\/villena.salesianos.edu\/centrojuvenil\/wp-content\/uploads\/sites\/6\/2024\/07\/IMG_9196-1-scaled.jpg","datePublished":"2024-07-26T15:57:27+00:00","dateModified":"2025-08-27T12:42:06+00:00","author":{"@id":"https:\/\/villena.salesianos.edu\/centrojuvenil\/#\/schema\/person\/737fd46edc5ae7d6c9b94da26c0e9302"},"breadcrumb":{"@id":"https:\/\/villena.salesianos.edu\/centrojuvenil\/gran-aventura-en-el-pirineo-aragones\/#breadcrumb"},"inLanguage":"es","potentialAction":[{"@type":"ReadAction","target":["https:\/\/villena.salesianos.edu\/centrojuvenil\/gran-aventura-en-el-pirineo-aragones\/"]}]},{"@type":"ImageObject","inLanguage":"es","@id":"https:\/\/villena.salesianos.edu\/centrojuvenil\/gran-aventura-en-el-pirineo-aragones\/#primaryimage","url":"https:\/\/villena.salesianos.edu\/centrojuvenil\/wp-content\/uploads\/sites\/6\/2024\/07\/IMG_9196-1-scaled.jpg","contentUrl":"https:\/\/villena.salesianos.edu\/centrojuvenil\/wp-content\/uploads\/sites\/6\/2024\/07\/IMG_9196-1-scaled.jpg"},{"@type":"BreadcrumbList","@id":"https:\/\/villena.salesianos.edu\/centrojuvenil\/gran-aventura-en-el-pirineo-aragones\/#breadcrumb","itemListElement":[{"@type":"ListItem","position":1,"name":"Portada","item":"https:\/\/villena.salesianos.edu\/centrojuvenil\/"},{"@type":"ListItem","position":2,"name":"GRAN AVENTURA EN EL PIRINEO ARAGON\u00c9S"}]},{"@type":"WebSite","@id":"https:\/\/villena.salesianos.edu\/centrojuvenil\/#website","url":"https:\/\/villena.salesianos.edu\/centrojuvenil\/","name":"Centro Juvenil Don Bosco","description":"P\u00e1gina oficial Salesianos Villena","potentialAction":[{"@type":"SearchAction","target":{"@type":"EntryPoint","urlTemplate":"https:\/\/villena.salesianos.edu\/centrojuvenil\/?s={search_term_string}"},"query-input":{"@type":"PropertyValueSpecification","valueRequired":true,"valueName":"search_term_string"}}],"inLanguage":"es"},{"@type":"Person","@id":"https:\/\/villena.salesianos.edu\/centrojuvenil\/#\/schema\/person\/737fd46edc5ae7d6c9b94da26c0e9302","name":"Gestor Web","image":{"@type":"ImageObject","inLanguage":"es","@id":"https:\/\/secure.gravatar.com\/avatar\/44469746e1b6443cd011d1759fdc3b9fdcdae4a08dc0ddd85247651cb065486d?s=96&d=mm&r=g","url":"https:\/\/secure.gravatar.com\/avatar\/44469746e1b6443cd011d1759fdc3b9fdcdae4a08dc0ddd85247651cb065486d?s=96&d=mm&r=g","contentUrl":"https:\/\/secure.gravatar.com\/avatar\/44469746e1b6443cd011d1759fdc3b9fdcdae4a08dc0ddd85247651cb065486d?s=96&d=mm&r=g","caption":"Gestor Web"}}]}},"_links":{"self":[{"href":"https:\/\/villena.salesianos.edu\/centrojuvenil\/wp-json\/wp\/v2\/posts\/3194","targetHints":{"allow":["GET"]}}],"collection":[{"href":"https:\/\/villena.salesianos.edu\/centrojuvenil\/wp-json\/wp\/v2\/posts"}],"about":[{"href":"https:\/\/villena.salesianos.edu\/centrojuvenil\/wp-json\/wp\/v2\/types\/post"}],"author":[{"embeddable":true,"href":"https:\/\/villena.salesianos.edu\/centrojuvenil\/wp-json\/wp\/v2\/users\/2"}],"replies":[{"embeddable":true,"href":"https:\/\/villena.salesianos.edu\/centrojuvenil\/wp-json\/wp\/v2\/comments?post=3194"}],"version-history":[{"count":41,"href":"https:\/\/villena.salesianos.edu\/centrojuvenil\/wp-json\/wp\/v2\/posts\/3194\/revisions"}],"predecessor-version":[{"id":3246,"href":"https:\/\/villena.salesianos.edu\/centrojuvenil\/wp-json\/wp\/v2\/posts\/3194\/revisions\/3246"}],"wp:featuredmedia":[{"embeddable":true,"href":"https:\/\/villena.salesianos.edu\/centrojuvenil\/wp-json\/wp\/v2\/media\/3199"}],"wp:attachment":[{"href":"https:\/\/villena.salesianos.edu\/centrojuvenil\/wp-json\/wp\/v2\/media?parent=3194"}],"wp:term":[{"taxonomy":"category","embeddable":true,"href":"https:\/\/villena.salesianos.edu\/centrojuvenil\/wp-json\/wp\/v2\/categories?post=3194"},{"taxonomy":"post_tag","embeddable":true,"href":"https:\/\/villena.salesianos.edu\/centrojuvenil\/wp-json\/wp\/v2\/tags?post=3194"}],"curies":[{"name":"wp","href":"https:\/\/api.w.org\/{rel}","templated":true}]}}