{"id":24784,"date":"2026-02-02T07:02:04","date_gmt":"2026-02-02T06:02:04","guid":{"rendered":"https:\/\/villena.salesianos.edu\/clubdeportivo\/?p=24784"},"modified":"2026-02-02T07:02:08","modified_gmt":"2026-02-02T06:02:08","slug":"nos-recomponemos-a-tiempo-para-llevarnos-otro-gran-partido","status":"publish","type":"post","link":"https:\/\/villena.salesianos.edu\/clubdeportivo\/blog\/2026\/02\/02\/nos-recomponemos-a-tiempo-para-llevarnos-otro-gran-partido\/","title":{"rendered":"Nos recomponemos a tiempo para llevarnos otro gran partido"},"content":{"rendered":"<p>[et_pb_section fb_built=\u00bb1&#8243; admin_label=\u00bbsection\u00bb _builder_version=\u00bb4.16&#8243; global_colors_info=\u00bb{}\u00bb theme_builder_area=\u00bbpost_content\u00bb][et_pb_row admin_label=\u00bbrow\u00bb _builder_version=\u00bb4.16&#8243; background_size=\u00bbinitial\u00bb background_position=\u00bbtop_left\u00bb background_repeat=\u00bbrepeat\u00bb global_colors_info=\u00bb{}\u00bb theme_builder_area=\u00bbpost_content\u00bb][et_pb_column type=\u00bb4_4&#8243; _builder_version=\u00bb4.16&#8243; custom_padding=\u00bb|||\u00bb global_colors_info=\u00bb{}\u00bb custom_padding__hover=\u00bb|||\u00bb theme_builder_area=\u00bbpost_content\u00bb][et_pb_text admin_label=\u00bbEntradilla (Texto)\u00bb _builder_version=\u00bb4.27.4&#8243; text_font=\u00bb|on|||\u00bb text_orientation=\u00bbjustified\u00bb hover_enabled=\u00bb0&#8243; border_style=\u00bbsolid\u00bb global_colors_info=\u00bb{}\u00bb theme_builder_area=\u00bbpost_content\u00bb sticky_enabled=\u00bb0&#8243;]<\/p>\n<p><strong>Duro encuentro entre dos grandes equipos y que lo dieron todo en la pista.<\/strong><\/p>\n<p>&nbsp;<\/p>\n<p>[\/et_pb_text][et_pb_text admin_label=\u00bbAutor (Texto)\u00bb _builder_version=\u00bb4.27.4&#8243; text_font=\u00bb||on||\u00bb hover_enabled=\u00bb0&#8243; border_style=\u00bbsolid\u00bb global_colors_info=\u00bb{}\u00bb theme_builder_area=\u00bbpost_content\u00bb sticky_enabled=\u00bb0&#8243;]<\/p>\n<p><i>Por Vicente Mart\u00ednez, t\u00e9cnico asistente alev\u00edn federado de baloncesto<\/i><\/p>\n<p>[\/et_pb_text][et_pb_text admin_label=\u00bbDesarrollo (Texto)\u00bb _builder_version=\u00bb4.27.4&#8243; text_orientation=\u00bbjustified\u00bb hover_enabled=\u00bb0&#8243; border_style=\u00bbsolid\u00bb global_colors_info=\u00bb{}\u00bb theme_builder_area=\u00bbpost_content\u00bb sticky_enabled=\u00bb0&#8243;]<\/p>\n<hr \/>\n<p style=\"text-align: center;\"><em>CD SALESIANOS PINTURAS NAVARRO JORD\u00c1N \u2013 55<\/em><\/p>\n<p style=\"text-align: center;\"><em>I+G ARQUITECTOS ADESAVI \u2013 42<\/em><\/p>\n<hr \/>\n<p>&nbsp;<\/p>\n<p>El domingo por la ma\u00f1ana recibimos al conjunto de Adesavi, un equipo ya conocido, en un partido que se esperaba complicado y as\u00ed fue. El encuentro comenz\u00f3 con demasiados nervios en nuestros jugadores, la presi\u00f3n que se autoimponen y las ganas por seguir con estos resultados, provocaron muchos errores y fallos debidos a la precipitaci\u00f3n, lo que se tradujo en unos primeros cuartos muy malos, con tanteos muy bajos para nuestro estilo de juego y que s\u00f3lo se compensa por el buen trabajo defensivo que sosten\u00eda el resultado dejando un marcador muy bajo al descanso con empate a 16. Esta vez la charla en el descanso s\u00ed dio su fruto, el equipo dej\u00f3 los nervios a un lado y los jugadores dieron un paso adelante, practicando el juego que ellos saben hacer y con dos grandes cuartos de 13-6 y 20-6 daban una m\u00e1xima ventaja de 21 puntos con el que disputar el \u00faltimo cuarto, en el que nuestro equipo supo mantener la ventaja y pese al \u00faltimo arre\u00f3n de los visitantes se supo aguantar y disfrutar de una nueva victoria basada en el buen trabajo colectivo en la segunda parte de los 12 componentes del equipo, que nuevamente han demostrado que cuando unen fuerzas son dif\u00edciles de parar.<\/p>\n<p>Destacar esta semana como m\u00e1xima anotadora a nuestra chica, M\u00f3nica Ballester con 14 puntos, nuevamente empujando del equipo, y a Rafa Mart\u00ednez por su incansable trabajo defensivo. Agradecer una semana m\u00e1s a la afici\u00f3n que nos ha arropado y acompa\u00f1ado en este partido.<\/p>\n<p>Ahora, toca iniciar otro periplo de tres semanas seguidas en las que nos desplazamos a jugar fuera de casa.<\/p>\n<p><strong>PR\u00d3XIMO PARTIDO:<\/strong> S\u00c1BADO 07-02-2026\u00a0 \u00a0en ELCHE 11,00h<\/p>\n<p><em>CBI ELCHE &#8211; CD SALESIANOS PINTURAS NAVARRO JORD\u00c1N\u00a0<\/em><\/p>\n<p>&nbsp;<\/p>\n<p>[\/et_pb_text][et_pb_text disabled_on=\u00bbon|on|on\u00bb admin_label=\u00bbT\u00edtulo: Galer\u00eda de fotos (Texto)\u00bb _builder_version=\u00bb4.16&#8243; text_font=\u00bb|on|||\u00bb text_text_color=\u00bb#dc001b\u00bb border_style=\u00bbsolid\u00bb disabled=\u00bbon\u00bb global_colors_info=\u00bb{}\u00bb theme_builder_area=\u00bbpost_content\u00bb]Galer\u00eda de im\u00e1genes<br \/>\n[\/et_pb_text][et_pb_gallery posts_number=\u00bb8&#8243; show_title_and_caption=\u00bboff\u00bb zoom_icon_color=\u00bb#dc001b\u00bb hover_icon=\u00bb&#x54;||divi||400&#8243; disabled_on=\u00bbon|on|on\u00bb admin_label=\u00bbGaler\u00eda\u00bb _builder_version=\u00bb4.16&#8243; border_style=\u00bbsolid\u00bb disabled=\u00bbon\u00bb global_colors_info=\u00bb{}\u00bb theme_builder_area=\u00bbpost_content\u00bb][\/et_pb_gallery][et_pb_video disabled_on=\u00bbon|on|on\u00bb admin_label=\u00bbV\u00eddeo\u00bb _builder_version=\u00bb4.16&#8243; disabled=\u00bbon\u00bb global_colors_info=\u00bb{}\u00bb theme_builder_area=\u00bbpost_content\u00bb][\/et_pb_video][\/et_pb_column][\/et_pb_row][\/et_pb_section]<\/p>\n","protected":false},"excerpt":{"rendered":"<p>Duro encuentro entre dos grandes equipos y que lo dieron todo en la pista. &nbsp;Por Vicente Mart\u00ednez, t\u00e9cnico asistente alev\u00edn federado de baloncesto CD SALESIANOS PINTURAS NAVARRO JORD\u00c1N \u2013 55 I+G ARQUITECTOS ADESAVI \u2013 42 &nbsp; El domingo por la ma\u00f1ana recibimos al conjunto de Adesavi, un equipo ya conocido, en un partido que se [&hellip;]<\/p>\n","protected":false},"author":2,"featured_media":24791,"comment_status":"closed","ping_status":"open","sticky":false,"template":"","format":"standard","meta":{"_et_pb_use_builder":"on","_et_pb_old_content":"","_et_gb_content_width":"","footnotes":""},"categories":[38],"tags":[],"class_list":["post-24784","post","type-post","status-publish","format-standard","has-post-thumbnail","hentry","category-clubdeportivo"],"yoast_head":"<!-- This site is optimized with the Yoast SEO plugin v28.3 - https:\/\/yoast.com\/product\/yoast-seo-wordpress\/ -->\n<title>Nos recomponemos a tiempo para llevarnos otro gran partido - Club Deportivo Salesianos Villena<\/title>\n<meta name=\"robots\" content=\"index, follow, max-snippet:-1, max-image-preview:large, max-video-preview:-1\" \/>\n<link rel=\"canonical\" href=\"https:\/\/villena.salesianos.edu\/clubdeportivo\/blog\/2026\/02\/02\/nos-recomponemos-a-tiempo-para-llevarnos-otro-gran-partido\/\" \/>\n<meta property=\"og:locale\" content=\"es_ES\" \/>\n<meta property=\"og:type\" content=\"article\" \/>\n<meta property=\"og:title\" content=\"Nos recomponemos a tiempo para llevarnos otro gran partido - Club Deportivo Salesianos Villena\" \/>\n<meta property=\"og:description\" content=\"Duro encuentro entre dos grandes equipos y que lo dieron todo en la pista. &nbsp;Por Vicente Mart\u00ednez, t\u00e9cnico asistente alev\u00edn federado de baloncesto CD SALESIANOS PINTURAS NAVARRO JORD\u00c1N \u2013 55 I+G ARQUITECTOS ADESAVI \u2013 42 &nbsp; El domingo por la ma\u00f1ana recibimos al conjunto de Adesavi, un equipo ya conocido, en un partido que se [&hellip;]\" \/>\n<meta property=\"og:url\" content=\"https:\/\/villena.salesianos.edu\/clubdeportivo\/blog\/2026\/02\/02\/nos-recomponemos-a-tiempo-para-llevarnos-otro-gran-partido\/\" \/>\n<meta property=\"og:site_name\" content=\"Club Deportivo Salesianos Villena\" \/>\n<meta property=\"article:published_time\" content=\"2026-02-02T06:02:04+00:00\" \/>\n<meta property=\"article:modified_time\" content=\"2026-02-02T06:02:08+00:00\" \/>\n<meta property=\"og:image\" content=\"https:\/\/villena.salesianos.edu\/clubdeportivo\/wp-content\/uploads\/sites\/11\/2026\/02\/IMG_20260201_150825-scaled.jpg\" \/>\n\t<meta property=\"og:image:width\" content=\"2560\" \/>\n\t<meta property=\"og:image:height\" content=\"1920\" \/>\n\t<meta property=\"og:image:type\" content=\"image\/jpeg\" \/>\n<meta name=\"author\" content=\"Gestor Web\" \/>\n<meta name=\"twitter:card\" content=\"summary_large_image\" \/>\n<meta name=\"twitter:label1\" content=\"Escrito por\" \/>\n\t<meta name=\"twitter:data1\" content=\"Gestor Web\" \/>\n\t<meta name=\"twitter:label2\" content=\"Tiempo de lectura\" \/>\n\t<meta name=\"twitter:data2\" content=\"2 minutos\" \/>\n<script type=\"application\/ld+json\" class=\"yoast-schema-graph\">{\"@context\":\"https:\\\/\\\/schema.org\",\"@graph\":[{\"@type\":\"Article\",\"@id\":\"https:\\\/\\\/villena.salesianos.edu\\\/clubdeportivo\\\/blog\\\/2026\\\/02\\\/02\\\/nos-recomponemos-a-tiempo-para-llevarnos-otro-gran-partido\\\/#article\",\"isPartOf\":{\"@id\":\"https:\\\/\\\/villena.salesianos.edu\\\/clubdeportivo\\\/blog\\\/2026\\\/02\\\/02\\\/nos-recomponemos-a-tiempo-para-llevarnos-otro-gran-partido\\\/\"},\"author\":{\"name\":\"Gestor Web\",\"@id\":\"https:\\\/\\\/villena.salesianos.edu\\\/clubdeportivo\\\/#\\\/schema\\\/person\\\/737fd46edc5ae7d6c9b94da26c0e9302\"},\"headline\":\"Nos recomponemos a tiempo para llevarnos otro gran partido\",\"datePublished\":\"2026-02-02T06:02:04+00:00\",\"dateModified\":\"2026-02-02T06:02:08+00:00\",\"mainEntityOfPage\":{\"@id\":\"https:\\\/\\\/villena.salesianos.edu\\\/clubdeportivo\\\/blog\\\/2026\\\/02\\\/02\\\/nos-recomponemos-a-tiempo-para-llevarnos-otro-gran-partido\\\/\"},\"wordCount\":634,\"image\":{\"@id\":\"https:\\\/\\\/villena.salesianos.edu\\\/clubdeportivo\\\/blog\\\/2026\\\/02\\\/02\\\/nos-recomponemos-a-tiempo-para-llevarnos-otro-gran-partido\\\/#primaryimage\"},\"thumbnailUrl\":\"https:\\\/\\\/villena.salesianos.edu\\\/clubdeportivo\\\/wp-content\\\/uploads\\\/sites\\\/11\\\/2026\\\/02\\\/IMG_20260201_150825-scaled.jpg\",\"articleSection\":[\"Club Deportivo\"],\"inLanguage\":\"es\"},{\"@type\":\"WebPage\",\"@id\":\"https:\\\/\\\/villena.salesianos.edu\\\/clubdeportivo\\\/blog\\\/2026\\\/02\\\/02\\\/nos-recomponemos-a-tiempo-para-llevarnos-otro-gran-partido\\\/\",\"url\":\"https:\\\/\\\/villena.salesianos.edu\\\/clubdeportivo\\\/blog\\\/2026\\\/02\\\/02\\\/nos-recomponemos-a-tiempo-para-llevarnos-otro-gran-partido\\\/\",\"name\":\"Nos recomponemos a tiempo para llevarnos otro gran partido - Club Deportivo Salesianos Villena\",\"isPartOf\":{\"@id\":\"https:\\\/\\\/villena.salesianos.edu\\\/clubdeportivo\\\/#website\"},\"primaryImageOfPage\":{\"@id\":\"https:\\\/\\\/villena.salesianos.edu\\\/clubdeportivo\\\/blog\\\/2026\\\/02\\\/02\\\/nos-recomponemos-a-tiempo-para-llevarnos-otro-gran-partido\\\/#primaryimage\"},\"image\":{\"@id\":\"https:\\\/\\\/villena.salesianos.edu\\\/clubdeportivo\\\/blog\\\/2026\\\/02\\\/02\\\/nos-recomponemos-a-tiempo-para-llevarnos-otro-gran-partido\\\/#primaryimage\"},\"thumbnailUrl\":\"https:\\\/\\\/villena.salesianos.edu\\\/clubdeportivo\\\/wp-content\\\/uploads\\\/sites\\\/11\\\/2026\\\/02\\\/IMG_20260201_150825-scaled.jpg\",\"datePublished\":\"2026-02-02T06:02:04+00:00\",\"dateModified\":\"2026-02-02T06:02:08+00:00\",\"author\":{\"@id\":\"https:\\\/\\\/villena.salesianos.edu\\\/clubdeportivo\\\/#\\\/schema\\\/person\\\/737fd46edc5ae7d6c9b94da26c0e9302\"},\"breadcrumb\":{\"@id\":\"https:\\\/\\\/villena.salesianos.edu\\\/clubdeportivo\\\/blog\\\/2026\\\/02\\\/02\\\/nos-recomponemos-a-tiempo-para-llevarnos-otro-gran-partido\\\/#breadcrumb\"},\"inLanguage\":\"es\",\"potentialAction\":[{\"@type\":\"ReadAction\",\"target\":[\"https:\\\/\\\/villena.salesianos.edu\\\/clubdeportivo\\\/blog\\\/2026\\\/02\\\/02\\\/nos-recomponemos-a-tiempo-para-llevarnos-otro-gran-partido\\\/\"]}]},{\"@type\":\"ImageObject\",\"inLanguage\":\"es\",\"@id\":\"https:\\\/\\\/villena.salesianos.edu\\\/clubdeportivo\\\/blog\\\/2026\\\/02\\\/02\\\/nos-recomponemos-a-tiempo-para-llevarnos-otro-gran-partido\\\/#primaryimage\",\"url\":\"https:\\\/\\\/villena.salesianos.edu\\\/clubdeportivo\\\/wp-content\\\/uploads\\\/sites\\\/11\\\/2026\\\/02\\\/IMG_20260201_150825-scaled.jpg\",\"contentUrl\":\"https:\\\/\\\/villena.salesianos.edu\\\/clubdeportivo\\\/wp-content\\\/uploads\\\/sites\\\/11\\\/2026\\\/02\\\/IMG_20260201_150825-scaled.jpg\",\"width\":2560,\"height\":1920},{\"@type\":\"BreadcrumbList\",\"@id\":\"https:\\\/\\\/villena.salesianos.edu\\\/clubdeportivo\\\/blog\\\/2026\\\/02\\\/02\\\/nos-recomponemos-a-tiempo-para-llevarnos-otro-gran-partido\\\/#breadcrumb\",\"itemListElement\":[{\"@type\":\"ListItem\",\"position\":1,\"name\":\"Portada\",\"item\":\"https:\\\/\\\/villena.salesianos.edu\\\/clubdeportivo\\\/\"},{\"@type\":\"ListItem\",\"position\":2,\"name\":\"Nos recomponemos a tiempo para llevarnos otro gran partido\"}]},{\"@type\":\"WebSite\",\"@id\":\"https:\\\/\\\/villena.salesianos.edu\\\/clubdeportivo\\\/#website\",\"url\":\"https:\\\/\\\/villena.salesianos.edu\\\/clubdeportivo\\\/\",\"name\":\"Club Deportivo Salesianos Villena\",\"description\":\"P\u00e1gina oficial Salesianos Villena\",\"potentialAction\":[{\"@type\":\"SearchAction\",\"target\":{\"@type\":\"EntryPoint\",\"urlTemplate\":\"https:\\\/\\\/villena.salesianos.edu\\\/clubdeportivo\\\/?s={search_term_string}\"},\"query-input\":{\"@type\":\"PropertyValueSpecification\",\"valueRequired\":true,\"valueName\":\"search_term_string\"}}],\"inLanguage\":\"es\"},{\"@type\":\"Person\",\"@id\":\"https:\\\/\\\/villena.salesianos.edu\\\/clubdeportivo\\\/#\\\/schema\\\/person\\\/737fd46edc5ae7d6c9b94da26c0e9302\",\"name\":\"Gestor Web\",\"image\":{\"@type\":\"ImageObject\",\"inLanguage\":\"es\",\"@id\":\"https:\\\/\\\/secure.gravatar.com\\\/avatar\\\/44469746e1b6443cd011d1759fdc3b9fdcdae4a08dc0ddd85247651cb065486d?s=96&d=mm&r=g\",\"url\":\"https:\\\/\\\/secure.gravatar.com\\\/avatar\\\/44469746e1b6443cd011d1759fdc3b9fdcdae4a08dc0ddd85247651cb065486d?s=96&d=mm&r=g\",\"contentUrl\":\"https:\\\/\\\/secure.gravatar.com\\\/avatar\\\/44469746e1b6443cd011d1759fdc3b9fdcdae4a08dc0ddd85247651cb065486d?s=96&d=mm&r=g\",\"caption\":\"Gestor Web\"}}]}<\/script>\n<!-- \/ Yoast SEO plugin. -->","yoast_head_json":{"title":"Nos recomponemos a tiempo para llevarnos otro gran partido - Club Deportivo Salesianos Villena","robots":{"index":"index","follow":"follow","max-snippet":"max-snippet:-1","max-image-preview":"max-image-preview:large","max-video-preview":"max-video-preview:-1"},"canonical":"https:\/\/villena.salesianos.edu\/clubdeportivo\/blog\/2026\/02\/02\/nos-recomponemos-a-tiempo-para-llevarnos-otro-gran-partido\/","og_locale":"es_ES","og_type":"article","og_title":"Nos recomponemos a tiempo para llevarnos otro gran partido - Club Deportivo Salesianos Villena","og_description":"Duro encuentro entre dos grandes equipos y que lo dieron todo en la pista. &nbsp;Por Vicente Mart\u00ednez, t\u00e9cnico asistente alev\u00edn federado de baloncesto CD SALESIANOS PINTURAS NAVARRO JORD\u00c1N \u2013 55 I+G ARQUITECTOS ADESAVI \u2013 42 &nbsp; El domingo por la ma\u00f1ana recibimos al conjunto de Adesavi, un equipo ya conocido, en un partido que se [&hellip;]","og_url":"https:\/\/villena.salesianos.edu\/clubdeportivo\/blog\/2026\/02\/02\/nos-recomponemos-a-tiempo-para-llevarnos-otro-gran-partido\/","og_site_name":"Club Deportivo Salesianos Villena","article_published_time":"2026-02-02T06:02:04+00:00","article_modified_time":"2026-02-02T06:02:08+00:00","og_image":[{"width":2560,"height":1920,"url":"https:\/\/villena.salesianos.edu\/clubdeportivo\/wp-content\/uploads\/sites\/11\/2026\/02\/IMG_20260201_150825-scaled.jpg","type":"image\/jpeg"}],"author":"Gestor Web","twitter_card":"summary_large_image","twitter_misc":{"Escrito por":"Gestor Web","Tiempo de lectura":"2 minutos"},"schema":{"@context":"https:\/\/schema.org","@graph":[{"@type":"Article","@id":"https:\/\/villena.salesianos.edu\/clubdeportivo\/blog\/2026\/02\/02\/nos-recomponemos-a-tiempo-para-llevarnos-otro-gran-partido\/#article","isPartOf":{"@id":"https:\/\/villena.salesianos.edu\/clubdeportivo\/blog\/2026\/02\/02\/nos-recomponemos-a-tiempo-para-llevarnos-otro-gran-partido\/"},"author":{"name":"Gestor Web","@id":"https:\/\/villena.salesianos.edu\/clubdeportivo\/#\/schema\/person\/737fd46edc5ae7d6c9b94da26c0e9302"},"headline":"Nos recomponemos a tiempo para llevarnos otro gran partido","datePublished":"2026-02-02T06:02:04+00:00","dateModified":"2026-02-02T06:02:08+00:00","mainEntityOfPage":{"@id":"https:\/\/villena.salesianos.edu\/clubdeportivo\/blog\/2026\/02\/02\/nos-recomponemos-a-tiempo-para-llevarnos-otro-gran-partido\/"},"wordCount":634,"image":{"@id":"https:\/\/villena.salesianos.edu\/clubdeportivo\/blog\/2026\/02\/02\/nos-recomponemos-a-tiempo-para-llevarnos-otro-gran-partido\/#primaryimage"},"thumbnailUrl":"https:\/\/villena.salesianos.edu\/clubdeportivo\/wp-content\/uploads\/sites\/11\/2026\/02\/IMG_20260201_150825-scaled.jpg","articleSection":["Club Deportivo"],"inLanguage":"es"},{"@type":"WebPage","@id":"https:\/\/villena.salesianos.edu\/clubdeportivo\/blog\/2026\/02\/02\/nos-recomponemos-a-tiempo-para-llevarnos-otro-gran-partido\/","url":"https:\/\/villena.salesianos.edu\/clubdeportivo\/blog\/2026\/02\/02\/nos-recomponemos-a-tiempo-para-llevarnos-otro-gran-partido\/","name":"Nos recomponemos a tiempo para llevarnos otro gran partido - Club Deportivo Salesianos Villena","isPartOf":{"@id":"https:\/\/villena.salesianos.edu\/clubdeportivo\/#website"},"primaryImageOfPage":{"@id":"https:\/\/villena.salesianos.edu\/clubdeportivo\/blog\/2026\/02\/02\/nos-recomponemos-a-tiempo-para-llevarnos-otro-gran-partido\/#primaryimage"},"image":{"@id":"https:\/\/villena.salesianos.edu\/clubdeportivo\/blog\/2026\/02\/02\/nos-recomponemos-a-tiempo-para-llevarnos-otro-gran-partido\/#primaryimage"},"thumbnailUrl":"https:\/\/villena.salesianos.edu\/clubdeportivo\/wp-content\/uploads\/sites\/11\/2026\/02\/IMG_20260201_150825-scaled.jpg","datePublished":"2026-02-02T06:02:04+00:00","dateModified":"2026-02-02T06:02:08+00:00","author":{"@id":"https:\/\/villena.salesianos.edu\/clubdeportivo\/#\/schema\/person\/737fd46edc5ae7d6c9b94da26c0e9302"},"breadcrumb":{"@id":"https:\/\/villena.salesianos.edu\/clubdeportivo\/blog\/2026\/02\/02\/nos-recomponemos-a-tiempo-para-llevarnos-otro-gran-partido\/#breadcrumb"},"inLanguage":"es","potentialAction":[{"@type":"ReadAction","target":["https:\/\/villena.salesianos.edu\/clubdeportivo\/blog\/2026\/02\/02\/nos-recomponemos-a-tiempo-para-llevarnos-otro-gran-partido\/"]}]},{"@type":"ImageObject","inLanguage":"es","@id":"https:\/\/villena.salesianos.edu\/clubdeportivo\/blog\/2026\/02\/02\/nos-recomponemos-a-tiempo-para-llevarnos-otro-gran-partido\/#primaryimage","url":"https:\/\/villena.salesianos.edu\/clubdeportivo\/wp-content\/uploads\/sites\/11\/2026\/02\/IMG_20260201_150825-scaled.jpg","contentUrl":"https:\/\/villena.salesianos.edu\/clubdeportivo\/wp-content\/uploads\/sites\/11\/2026\/02\/IMG_20260201_150825-scaled.jpg","width":2560,"height":1920},{"@type":"BreadcrumbList","@id":"https:\/\/villena.salesianos.edu\/clubdeportivo\/blog\/2026\/02\/02\/nos-recomponemos-a-tiempo-para-llevarnos-otro-gran-partido\/#breadcrumb","itemListElement":[{"@type":"ListItem","position":1,"name":"Portada","item":"https:\/\/villena.salesianos.edu\/clubdeportivo\/"},{"@type":"ListItem","position":2,"name":"Nos recomponemos a tiempo para llevarnos otro gran partido"}]},{"@type":"WebSite","@id":"https:\/\/villena.salesianos.edu\/clubdeportivo\/#website","url":"https:\/\/villena.salesianos.edu\/clubdeportivo\/","name":"Club Deportivo Salesianos Villena","description":"P\u00e1gina oficial Salesianos Villena","potentialAction":[{"@type":"SearchAction","target":{"@type":"EntryPoint","urlTemplate":"https:\/\/villena.salesianos.edu\/clubdeportivo\/?s={search_term_string}"},"query-input":{"@type":"PropertyValueSpecification","valueRequired":true,"valueName":"search_term_string"}}],"inLanguage":"es"},{"@type":"Person","@id":"https:\/\/villena.salesianos.edu\/clubdeportivo\/#\/schema\/person\/737fd46edc5ae7d6c9b94da26c0e9302","name":"Gestor Web","image":{"@type":"ImageObject","inLanguage":"es","@id":"https:\/\/secure.gravatar.com\/avatar\/44469746e1b6443cd011d1759fdc3b9fdcdae4a08dc0ddd85247651cb065486d?s=96&d=mm&r=g","url":"https:\/\/secure.gravatar.com\/avatar\/44469746e1b6443cd011d1759fdc3b9fdcdae4a08dc0ddd85247651cb065486d?s=96&d=mm&r=g","contentUrl":"https:\/\/secure.gravatar.com\/avatar\/44469746e1b6443cd011d1759fdc3b9fdcdae4a08dc0ddd85247651cb065486d?s=96&d=mm&r=g","caption":"Gestor Web"}}]}},"_links":{"self":[{"href":"https:\/\/villena.salesianos.edu\/clubdeportivo\/wp-json\/wp\/v2\/posts\/24784","targetHints":{"allow":["GET"]}}],"collection":[{"href":"https:\/\/villena.salesianos.edu\/clubdeportivo\/wp-json\/wp\/v2\/posts"}],"about":[{"href":"https:\/\/villena.salesianos.edu\/clubdeportivo\/wp-json\/wp\/v2\/types\/post"}],"author":[{"embeddable":true,"href":"https:\/\/villena.salesianos.edu\/clubdeportivo\/wp-json\/wp\/v2\/users\/2"}],"replies":[{"embeddable":true,"href":"https:\/\/villena.salesianos.edu\/clubdeportivo\/wp-json\/wp\/v2\/comments?post=24784"}],"version-history":[{"count":4,"href":"https:\/\/villena.salesianos.edu\/clubdeportivo\/wp-json\/wp\/v2\/posts\/24784\/revisions"}],"predecessor-version":[{"id":24795,"href":"https:\/\/villena.salesianos.edu\/clubdeportivo\/wp-json\/wp\/v2\/posts\/24784\/revisions\/24795"}],"wp:featuredmedia":[{"embeddable":true,"href":"https:\/\/villena.salesianos.edu\/clubdeportivo\/wp-json\/wp\/v2\/media\/24791"}],"wp:attachment":[{"href":"https:\/\/villena.salesianos.edu\/clubdeportivo\/wp-json\/wp\/v2\/media?parent=24784"}],"wp:term":[{"taxonomy":"category","embeddable":true,"href":"https:\/\/villena.salesianos.edu\/clubdeportivo\/wp-json\/wp\/v2\/categories?post=24784"},{"taxonomy":"post_tag","embeddable":true,"href":"https:\/\/villena.salesianos.edu\/clubdeportivo\/wp-json\/wp\/v2\/tags?post=24784"}],"curies":[{"name":"wp","href":"https:\/\/api.w.org\/{rel}","templated":true}]}}