{"id":25285,"date":"2026-05-25T06:29:46","date_gmt":"2026-05-25T05:29:46","guid":{"rendered":"https:\/\/villena.salesianos.edu\/clubdeportivo\/?p=25285"},"modified":"2026-05-25T06:29:49","modified_gmt":"2026-05-25T05:29:49","slug":"el-futbol-sala-base-salesiano-cierra-otra-intensa-jornada-de-competicion-y-aprendizaje","status":"publish","type":"post","link":"https:\/\/villena.salesianos.edu\/clubdeportivo\/blog\/2026\/05\/25\/el-futbol-sala-base-salesiano-cierra-otra-intensa-jornada-de-competicion-y-aprendizaje\/","title":{"rendered":"El f\u00fatbol sala base salesiano cierra otra intensa jornada de competici\u00f3n y aprendizaje"},"content":{"rendered":"<p>[et_pb_section fb_built=\u00bb1&#8243; admin_label=\u00bbsection\u00bb _builder_version=\u00bb4.16&#8243; global_colors_info=\u00bb{}\u00bb theme_builder_area=\u00bbpost_content\u00bb][et_pb_row admin_label=\u00bbrow\u00bb _builder_version=\u00bb4.16&#8243; background_size=\u00bbinitial\u00bb background_position=\u00bbtop_left\u00bb background_repeat=\u00bbrepeat\u00bb global_colors_info=\u00bb{}\u00bb theme_builder_area=\u00bbpost_content\u00bb][et_pb_column type=\u00bb4_4&#8243; _builder_version=\u00bb4.16&#8243; custom_padding=\u00bb|||\u00bb global_colors_info=\u00bb{}\u00bb custom_padding__hover=\u00bb|||\u00bb theme_builder_area=\u00bbpost_content\u00bb][et_pb_text admin_label=\u00bbEntradilla (Texto)\u00bb _builder_version=\u00bb4.27.6&#8243; text_font=\u00bb|on|||\u00bb text_orientation=\u00bbjustified\u00bb hover_enabled=\u00bb0&#8243; border_style=\u00bbsolid\u00bb global_colors_info=\u00bb{}\u00bb theme_builder_area=\u00bbpost_content\u00bb sticky_enabled=\u00bb0&#8243;]<\/p>\n<p><strong>El infantil cay\u00f3 ante un superior Castalla FS y el alev\u00edn dijo adi\u00f3s a la Copa Plata tras competir hasta el final en un duelo muy igualado frente al Dianense FS.<\/strong><\/p>\n<p>&nbsp;<\/p>\n<p>[\/et_pb_text][et_pb_text admin_label=\u00bbAutor (Texto)\u00bb _builder_version=\u00bb4.27.6&#8243; text_font=\u00bb||on||\u00bb hover_enabled=\u00bb0&#8243; border_style=\u00bbsolid\u00bb global_colors_info=\u00bb{}\u00bb theme_builder_area=\u00bbpost_content\u00bb sticky_enabled=\u00bb0&#8243;][\/et_pb_text][et_pb_text admin_label=\u00bbDesarrollo (Texto)\u00bb _builder_version=\u00bb4.27.6&#8243; text_orientation=\u00bbjustified\u00bb hover_enabled=\u00bb0&#8243; border_style=\u00bbsolid\u00bb global_colors_info=\u00bb{}\u00bb theme_builder_area=\u00bbpost_content\u00bb sticky_enabled=\u00bb0&#8243;]<\/p>\n<p>&nbsp;<\/p>\n<p><strong>El infantil de f\u00fatbol sala no puede superar a un gran rival en Castalla<\/strong><\/p>\n<p><strong>El conjunto salesiano cay\u00f3 derrotado en una nueva jornada de copa, aunque mantiene intacta su confianza y compromiso de seguir creciendo<\/strong><\/p>\n<p>&nbsp;<\/p>\n<p><em>Por Toni Silva, entrenador infantil federado de f\u00fatbol sala<\/em><\/p>\n<p>&nbsp;<\/p>\n<p style=\"text-align: center;\"><em>CASTALLA FS &#8211; 10<\/em><\/p>\n<p style=\"text-align: center;\"><em>CDS VILLENA INFANTIL &#8211; 1<\/em><\/p>\n<p>&nbsp;<\/p>\n<p>El pasado viernes por la tarde, el equipo infantil de f\u00fatbol sala se desplaz\u00f3 hasta Castalla para disputar una nueva jornada de copa con la ilusi\u00f3n de continuar la buena din\u00e1mica mostrada en las \u00faltimas semanas y firmar un buen encuentro.<\/p>\n<p>Sin embargo, enfrente se encontr\u00f3 con un gran rival que fue superior durante gran parte del partido y no dio opci\u00f3n a los jugadores salesianos, que pese al esfuerzo y la entrega no pudieron competir el resultado.<\/p>\n<p>A pesar de la derrota, el equipo sigue trabajando con ilusi\u00f3n y confianza en el crecimiento del grupo. Desde el cuerpo t\u00e9cnico se mantiene la convicci\u00f3n de continuar mejorando y aprendiendo de cada partido para afrontar con optimismo los pr\u00f3ximos compromisos.<\/p>\n<p>&nbsp;<\/p>\n<p>&nbsp;<\/p>\n<p>&nbsp;<\/p>\n<p>&nbsp;<\/p>\n<p><strong>Cierre a una temporada de aprendizaje y grandes experiencias.<\/strong><\/p>\n<p><strong>El pasado s\u00e1bado la pista cubierta del polideportivo de Villena acogi\u00f3 a las 12:00 horas el encuentro correspondiente a la Copa Plata de la categor\u00eda alev\u00edn de f\u00fatbol sala, entre el CD Salesianos Villena y el FS Dianense, en un partido marcado por su trascendencia, puesto que la continuidad en la competici\u00f3n depend\u00eda de la victoria en este encuentro.<\/strong><\/p>\n<p>&nbsp;<\/p>\n<p style=\"text-align: left;\"><em>Por Jos\u00e9 David S\u00e1nchez, t\u00e9cnico asistente alev\u00edn federado de f\u00fatbol sala\u00a0<\/em><\/p>\n<p>&nbsp;<\/p>\n<p style=\"text-align: center;\"><em>CDS VILLENA ALEV\u00cdN &#8211; 2<\/em><\/p>\n<p style=\"text-align: center;\"><em>DIANENSE FS &#8211; 3<\/em><\/p>\n<p>&nbsp;<\/p>\n<p>El partido no destac\u00f3 precisamente por el juego vistoso de ninguno de los dos conjuntos. La igualdad y las imprecisiones marcaron gran parte de un choque muy trabado, con pocas ocasiones claras y escaso ritmo ofensivo, no parec\u00eda estar en juego la eliminaci\u00f3n de la competici\u00f3n. El CD Salesianos intent\u00f3 llevar la\u00a0<\/p>\n<p>iniciativa durante los minutos iniciales, pero en el primer saque de banda pr\u00f3ximo a la porter\u00eda local, de un disparo lejano, consegu\u00edan abrir el marcador a su favor.<\/p>\n<p>La primera parte no dio mucho m\u00e1s de s\u00ed, a los locales, a pesar de jugar en casa -aunque en esta pista era la primera vez que jugaban esta temporada-, les costaba mucho llegar a la porter\u00eda visitante y generar peligro, a duras penas consegu\u00edan aproximarse con jugadas de campo, intentaron varios disparos lejanos sin tener \u00e9xito.<\/p>\n<p>Con el marcador de 0-1 se llegaba al final de la primera parte.<\/p>\n<p>Tras la reanudaci\u00f3n del encuentro, la segunda mitad no iba a cambiar en exceso, el partido segu\u00eda trabado para ambos equipos, con muy pocas aproximaciones a la porter\u00eda contraria.<\/p>\n<p>El equipo local pag\u00f3 con la misma moneda al conjunto Dianense, cuando en un saque de banda, en una ejecuci\u00f3n perfecta de disparo lejano, consegu\u00edan igualar el encuentro.<\/p>\n<p>El equipo Dianense tuvo una gran efectividad en este partido, contando pr\u00e1cticamente sus aproximaciones a la porter\u00eda contraria por goles. Aunque a priori las jugadas no entra\u00f1aban peligro, estas finalmente acababan en gol, as\u00ed sucedi\u00f3 en dos ocasiones casi consecutivas, logrando distanciarse en el marcador hasta el 1-3.<\/p>\n<p>En lo que restaba de encuentro, los locales pusieron todo de su parte, pero no era su d\u00eda, ni en lo deportivo ni en lo mental ni con la salud de los jugadores, contando hasta con tres bajas de \u00faltima hora, a\u00fan as\u00ed consiguieron un tanto m\u00e1s, dejando el marcador en el 2-3 definitivo.<\/p>\n<p>De esta forma se llegaba al final del encuentro, y tambi\u00e9n de la temporada para los del CD Salesianos Alev\u00edn, al caer eliminado de esta competici\u00f3n.<\/p>\n<p>M\u00e1s all\u00e1 de los resultados, el equipo villenense cierra esta etapa de primer a\u00f1o de federados con el aprendizaje y la experiencia acumulada durante toda la temporada, siendo algo totalmente nuevo para todos ellos, aspectos fundamentales en la formaci\u00f3n deportiva y personal de los jugadores, porque las victorias gustan, pero las derrotas tambi\u00e9n ayudan a crecer.<\/p>\n<p>&nbsp;<\/p>\n<p>&nbsp;<\/p>\n<p>&nbsp;<\/p>\n<p>[\/et_pb_text][et_pb_text disabled_on=\u00bbon|on|on\u00bb admin_label=\u00bbT\u00edtulo: Galer\u00eda de fotos (Texto)\u00bb _builder_version=\u00bb4.16&#8243; text_font=\u00bb|on|||\u00bb text_text_color=\u00bb#dc001b\u00bb border_style=\u00bbsolid\u00bb disabled=\u00bbon\u00bb global_colors_info=\u00bb{}\u00bb theme_builder_area=\u00bbpost_content\u00bb]Galer\u00eda de im\u00e1genes<br \/>\n[\/et_pb_text][et_pb_gallery posts_number=\u00bb8&#8243; show_title_and_caption=\u00bboff\u00bb zoom_icon_color=\u00bb#dc001b\u00bb hover_icon=\u00bb&#x54;||divi||400&#8243; disabled_on=\u00bbon|on|on\u00bb admin_label=\u00bbGaler\u00eda\u00bb _builder_version=\u00bb4.16&#8243; border_style=\u00bbsolid\u00bb disabled=\u00bbon\u00bb global_colors_info=\u00bb{}\u00bb theme_builder_area=\u00bbpost_content\u00bb][\/et_pb_gallery][et_pb_video disabled_on=\u00bbon|on|on\u00bb admin_label=\u00bbV\u00eddeo\u00bb _builder_version=\u00bb4.16&#8243; disabled=\u00bbon\u00bb global_colors_info=\u00bb{}\u00bb theme_builder_area=\u00bbpost_content\u00bb][\/et_pb_video][\/et_pb_column][\/et_pb_row][\/et_pb_section]<\/p>\n","protected":false},"excerpt":{"rendered":"<p>El infantil cay\u00f3 ante un superior Castalla FS y el alev\u00edn dijo adi\u00f3s a la Copa Plata tras competir hasta el final en un duelo muy igualado frente al Dianense FS. &nbsp;&nbsp; El infantil de f\u00fatbol sala no puede superar a un gran rival en Castalla El conjunto salesiano cay\u00f3 derrotado en una nueva jornada [&hellip;]<\/p>\n","protected":false},"author":7,"featured_media":25288,"comment_status":"closed","ping_status":"open","sticky":false,"template":"","format":"standard","meta":{"_et_pb_use_builder":"on","_et_pb_old_content":"","_et_gb_content_width":"","footnotes":""},"categories":[38],"tags":[],"class_list":["post-25285","post","type-post","status-publish","format-standard","has-post-thumbnail","hentry","category-clubdeportivo"],"yoast_head":"<!-- This site is optimized with the Yoast SEO plugin v28.3 - https:\/\/yoast.com\/product\/yoast-seo-wordpress\/ -->\n<title>El f\u00fatbol sala base salesiano cierra otra intensa jornada de competici\u00f3n y aprendizaje - Club Deportivo Salesianos Villena<\/title>\n<meta name=\"robots\" content=\"index, follow, max-snippet:-1, max-image-preview:large, max-video-preview:-1\" \/>\n<link rel=\"canonical\" href=\"https:\/\/villena.salesianos.edu\/clubdeportivo\/blog\/2026\/05\/25\/el-futbol-sala-base-salesiano-cierra-otra-intensa-jornada-de-competicion-y-aprendizaje\/\" \/>\n<meta property=\"og:locale\" content=\"es_ES\" \/>\n<meta property=\"og:type\" content=\"article\" \/>\n<meta property=\"og:title\" content=\"El f\u00fatbol sala base salesiano cierra otra intensa jornada de competici\u00f3n y aprendizaje - Club Deportivo Salesianos Villena\" \/>\n<meta property=\"og:description\" content=\"El infantil cay\u00f3 ante un superior Castalla FS y el alev\u00edn dijo adi\u00f3s a la Copa Plata tras competir hasta el final en un duelo muy igualado frente al Dianense FS. &nbsp;&nbsp; El infantil de f\u00fatbol sala no puede superar a un gran rival en Castalla El conjunto salesiano cay\u00f3 derrotado en una nueva jornada [&hellip;]\" \/>\n<meta property=\"og:url\" content=\"https:\/\/villena.salesianos.edu\/clubdeportivo\/blog\/2026\/05\/25\/el-futbol-sala-base-salesiano-cierra-otra-intensa-jornada-de-competicion-y-aprendizaje\/\" \/>\n<meta property=\"og:site_name\" content=\"Club Deportivo Salesianos Villena\" \/>\n<meta property=\"article:published_time\" content=\"2026-05-25T05:29:46+00:00\" \/>\n<meta property=\"article:modified_time\" content=\"2026-05-25T05:29:49+00:00\" \/>\n<meta property=\"og:image\" content=\"https:\/\/villena.salesianos.edu\/clubdeportivo\/wp-content\/uploads\/sites\/11\/2026\/05\/IMG-20260523-WA00132.jpg\" \/>\n\t<meta property=\"og:image:width\" content=\"1500\" \/>\n\t<meta property=\"og:image:height\" content=\"1159\" \/>\n\t<meta property=\"og:image:type\" content=\"image\/jpeg\" \/>\n<meta name=\"author\" content=\"vicengarcia\" \/>\n<meta name=\"twitter:card\" content=\"summary_large_image\" \/>\n<meta name=\"twitter:label1\" content=\"Escrito por\" \/>\n\t<meta name=\"twitter:data1\" content=\"vicengarcia\" \/>\n\t<meta name=\"twitter:label2\" content=\"Tiempo de lectura\" \/>\n\t<meta name=\"twitter:data2\" content=\"4 minutos\" \/>\n<script type=\"application\/ld+json\" class=\"yoast-schema-graph\">{\"@context\":\"https:\\\/\\\/schema.org\",\"@graph\":[{\"@type\":\"Article\",\"@id\":\"https:\\\/\\\/villena.salesianos.edu\\\/clubdeportivo\\\/blog\\\/2026\\\/05\\\/25\\\/el-futbol-sala-base-salesiano-cierra-otra-intensa-jornada-de-competicion-y-aprendizaje\\\/#article\",\"isPartOf\":{\"@id\":\"https:\\\/\\\/villena.salesianos.edu\\\/clubdeportivo\\\/blog\\\/2026\\\/05\\\/25\\\/el-futbol-sala-base-salesiano-cierra-otra-intensa-jornada-de-competicion-y-aprendizaje\\\/\"},\"author\":{\"name\":\"vicengarcia\",\"@id\":\"https:\\\/\\\/villena.salesianos.edu\\\/clubdeportivo\\\/#\\\/schema\\\/person\\\/aa599e52acddfa16f7e3c1062cdd33cf\"},\"headline\":\"El f\u00fatbol sala base salesiano cierra otra intensa jornada de competici\u00f3n y aprendizaje\",\"datePublished\":\"2026-05-25T05:29:46+00:00\",\"dateModified\":\"2026-05-25T05:29:49+00:00\",\"mainEntityOfPage\":{\"@id\":\"https:\\\/\\\/villena.salesianos.edu\\\/clubdeportivo\\\/blog\\\/2026\\\/05\\\/25\\\/el-futbol-sala-base-salesiano-cierra-otra-intensa-jornada-de-competicion-y-aprendizaje\\\/\"},\"wordCount\":1043,\"image\":{\"@id\":\"https:\\\/\\\/villena.salesianos.edu\\\/clubdeportivo\\\/blog\\\/2026\\\/05\\\/25\\\/el-futbol-sala-base-salesiano-cierra-otra-intensa-jornada-de-competicion-y-aprendizaje\\\/#primaryimage\"},\"thumbnailUrl\":\"https:\\\/\\\/villena.salesianos.edu\\\/clubdeportivo\\\/wp-content\\\/uploads\\\/sites\\\/11\\\/2026\\\/05\\\/IMG-20260523-WA00132.jpg\",\"articleSection\":[\"Club Deportivo\"],\"inLanguage\":\"es\"},{\"@type\":\"WebPage\",\"@id\":\"https:\\\/\\\/villena.salesianos.edu\\\/clubdeportivo\\\/blog\\\/2026\\\/05\\\/25\\\/el-futbol-sala-base-salesiano-cierra-otra-intensa-jornada-de-competicion-y-aprendizaje\\\/\",\"url\":\"https:\\\/\\\/villena.salesianos.edu\\\/clubdeportivo\\\/blog\\\/2026\\\/05\\\/25\\\/el-futbol-sala-base-salesiano-cierra-otra-intensa-jornada-de-competicion-y-aprendizaje\\\/\",\"name\":\"El f\u00fatbol sala base salesiano cierra otra intensa jornada de competici\u00f3n y aprendizaje - Club Deportivo Salesianos Villena\",\"isPartOf\":{\"@id\":\"https:\\\/\\\/villena.salesianos.edu\\\/clubdeportivo\\\/#website\"},\"primaryImageOfPage\":{\"@id\":\"https:\\\/\\\/villena.salesianos.edu\\\/clubdeportivo\\\/blog\\\/2026\\\/05\\\/25\\\/el-futbol-sala-base-salesiano-cierra-otra-intensa-jornada-de-competicion-y-aprendizaje\\\/#primaryimage\"},\"image\":{\"@id\":\"https:\\\/\\\/villena.salesianos.edu\\\/clubdeportivo\\\/blog\\\/2026\\\/05\\\/25\\\/el-futbol-sala-base-salesiano-cierra-otra-intensa-jornada-de-competicion-y-aprendizaje\\\/#primaryimage\"},\"thumbnailUrl\":\"https:\\\/\\\/villena.salesianos.edu\\\/clubdeportivo\\\/wp-content\\\/uploads\\\/sites\\\/11\\\/2026\\\/05\\\/IMG-20260523-WA00132.jpg\",\"datePublished\":\"2026-05-25T05:29:46+00:00\",\"dateModified\":\"2026-05-25T05:29:49+00:00\",\"author\":{\"@id\":\"https:\\\/\\\/villena.salesianos.edu\\\/clubdeportivo\\\/#\\\/schema\\\/person\\\/aa599e52acddfa16f7e3c1062cdd33cf\"},\"breadcrumb\":{\"@id\":\"https:\\\/\\\/villena.salesianos.edu\\\/clubdeportivo\\\/blog\\\/2026\\\/05\\\/25\\\/el-futbol-sala-base-salesiano-cierra-otra-intensa-jornada-de-competicion-y-aprendizaje\\\/#breadcrumb\"},\"inLanguage\":\"es\",\"potentialAction\":[{\"@type\":\"ReadAction\",\"target\":[\"https:\\\/\\\/villena.salesianos.edu\\\/clubdeportivo\\\/blog\\\/2026\\\/05\\\/25\\\/el-futbol-sala-base-salesiano-cierra-otra-intensa-jornada-de-competicion-y-aprendizaje\\\/\"]}]},{\"@type\":\"ImageObject\",\"inLanguage\":\"es\",\"@id\":\"https:\\\/\\\/villena.salesianos.edu\\\/clubdeportivo\\\/blog\\\/2026\\\/05\\\/25\\\/el-futbol-sala-base-salesiano-cierra-otra-intensa-jornada-de-competicion-y-aprendizaje\\\/#primaryimage\",\"url\":\"https:\\\/\\\/villena.salesianos.edu\\\/clubdeportivo\\\/wp-content\\\/uploads\\\/sites\\\/11\\\/2026\\\/05\\\/IMG-20260523-WA00132.jpg\",\"contentUrl\":\"https:\\\/\\\/villena.salesianos.edu\\\/clubdeportivo\\\/wp-content\\\/uploads\\\/sites\\\/11\\\/2026\\\/05\\\/IMG-20260523-WA00132.jpg\",\"width\":1500,\"height\":1159},{\"@type\":\"BreadcrumbList\",\"@id\":\"https:\\\/\\\/villena.salesianos.edu\\\/clubdeportivo\\\/blog\\\/2026\\\/05\\\/25\\\/el-futbol-sala-base-salesiano-cierra-otra-intensa-jornada-de-competicion-y-aprendizaje\\\/#breadcrumb\",\"itemListElement\":[{\"@type\":\"ListItem\",\"position\":1,\"name\":\"Portada\",\"item\":\"https:\\\/\\\/villena.salesianos.edu\\\/clubdeportivo\\\/\"},{\"@type\":\"ListItem\",\"position\":2,\"name\":\"El f\u00fatbol sala base salesiano cierra otra intensa jornada de competici\u00f3n y aprendizaje\"}]},{\"@type\":\"WebSite\",\"@id\":\"https:\\\/\\\/villena.salesianos.edu\\\/clubdeportivo\\\/#website\",\"url\":\"https:\\\/\\\/villena.salesianos.edu\\\/clubdeportivo\\\/\",\"name\":\"Club Deportivo Salesianos Villena\",\"description\":\"P\u00e1gina oficial Salesianos Villena\",\"potentialAction\":[{\"@type\":\"SearchAction\",\"target\":{\"@type\":\"EntryPoint\",\"urlTemplate\":\"https:\\\/\\\/villena.salesianos.edu\\\/clubdeportivo\\\/?s={search_term_string}\"},\"query-input\":{\"@type\":\"PropertyValueSpecification\",\"valueRequired\":true,\"valueName\":\"search_term_string\"}}],\"inLanguage\":\"es\"},{\"@type\":\"Person\",\"@id\":\"https:\\\/\\\/villena.salesianos.edu\\\/clubdeportivo\\\/#\\\/schema\\\/person\\\/aa599e52acddfa16f7e3c1062cdd33cf\",\"name\":\"vicengarcia\",\"image\":{\"@type\":\"ImageObject\",\"inLanguage\":\"es\",\"@id\":\"https:\\\/\\\/secure.gravatar.com\\\/avatar\\\/85e60396a09bf8056ae231c63512fcb8dbbd938bdf617471788ab03ff6dcc2ec?s=96&d=mm&r=g\",\"url\":\"https:\\\/\\\/secure.gravatar.com\\\/avatar\\\/85e60396a09bf8056ae231c63512fcb8dbbd938bdf617471788ab03ff6dcc2ec?s=96&d=mm&r=g\",\"contentUrl\":\"https:\\\/\\\/secure.gravatar.com\\\/avatar\\\/85e60396a09bf8056ae231c63512fcb8dbbd938bdf617471788ab03ff6dcc2ec?s=96&d=mm&r=g\",\"caption\":\"vicengarcia\"}}]}<\/script>\n<!-- \/ Yoast SEO plugin. -->","yoast_head_json":{"title":"El f\u00fatbol sala base salesiano cierra otra intensa jornada de competici\u00f3n y aprendizaje - Club Deportivo Salesianos Villena","robots":{"index":"index","follow":"follow","max-snippet":"max-snippet:-1","max-image-preview":"max-image-preview:large","max-video-preview":"max-video-preview:-1"},"canonical":"https:\/\/villena.salesianos.edu\/clubdeportivo\/blog\/2026\/05\/25\/el-futbol-sala-base-salesiano-cierra-otra-intensa-jornada-de-competicion-y-aprendizaje\/","og_locale":"es_ES","og_type":"article","og_title":"El f\u00fatbol sala base salesiano cierra otra intensa jornada de competici\u00f3n y aprendizaje - Club Deportivo Salesianos Villena","og_description":"El infantil cay\u00f3 ante un superior Castalla FS y el alev\u00edn dijo adi\u00f3s a la Copa Plata tras competir hasta el final en un duelo muy igualado frente al Dianense FS. &nbsp;&nbsp; El infantil de f\u00fatbol sala no puede superar a un gran rival en Castalla El conjunto salesiano cay\u00f3 derrotado en una nueva jornada [&hellip;]","og_url":"https:\/\/villena.salesianos.edu\/clubdeportivo\/blog\/2026\/05\/25\/el-futbol-sala-base-salesiano-cierra-otra-intensa-jornada-de-competicion-y-aprendizaje\/","og_site_name":"Club Deportivo Salesianos Villena","article_published_time":"2026-05-25T05:29:46+00:00","article_modified_time":"2026-05-25T05:29:49+00:00","og_image":[{"width":1500,"height":1159,"url":"https:\/\/villena.salesianos.edu\/clubdeportivo\/wp-content\/uploads\/sites\/11\/2026\/05\/IMG-20260523-WA00132.jpg","type":"image\/jpeg"}],"author":"vicengarcia","twitter_card":"summary_large_image","twitter_misc":{"Escrito por":"vicengarcia","Tiempo de lectura":"4 minutos"},"schema":{"@context":"https:\/\/schema.org","@graph":[{"@type":"Article","@id":"https:\/\/villena.salesianos.edu\/clubdeportivo\/blog\/2026\/05\/25\/el-futbol-sala-base-salesiano-cierra-otra-intensa-jornada-de-competicion-y-aprendizaje\/#article","isPartOf":{"@id":"https:\/\/villena.salesianos.edu\/clubdeportivo\/blog\/2026\/05\/25\/el-futbol-sala-base-salesiano-cierra-otra-intensa-jornada-de-competicion-y-aprendizaje\/"},"author":{"name":"vicengarcia","@id":"https:\/\/villena.salesianos.edu\/clubdeportivo\/#\/schema\/person\/aa599e52acddfa16f7e3c1062cdd33cf"},"headline":"El f\u00fatbol sala base salesiano cierra otra intensa jornada de competici\u00f3n y aprendizaje","datePublished":"2026-05-25T05:29:46+00:00","dateModified":"2026-05-25T05:29:49+00:00","mainEntityOfPage":{"@id":"https:\/\/villena.salesianos.edu\/clubdeportivo\/blog\/2026\/05\/25\/el-futbol-sala-base-salesiano-cierra-otra-intensa-jornada-de-competicion-y-aprendizaje\/"},"wordCount":1043,"image":{"@id":"https:\/\/villena.salesianos.edu\/clubdeportivo\/blog\/2026\/05\/25\/el-futbol-sala-base-salesiano-cierra-otra-intensa-jornada-de-competicion-y-aprendizaje\/#primaryimage"},"thumbnailUrl":"https:\/\/villena.salesianos.edu\/clubdeportivo\/wp-content\/uploads\/sites\/11\/2026\/05\/IMG-20260523-WA00132.jpg","articleSection":["Club Deportivo"],"inLanguage":"es"},{"@type":"WebPage","@id":"https:\/\/villena.salesianos.edu\/clubdeportivo\/blog\/2026\/05\/25\/el-futbol-sala-base-salesiano-cierra-otra-intensa-jornada-de-competicion-y-aprendizaje\/","url":"https:\/\/villena.salesianos.edu\/clubdeportivo\/blog\/2026\/05\/25\/el-futbol-sala-base-salesiano-cierra-otra-intensa-jornada-de-competicion-y-aprendizaje\/","name":"El f\u00fatbol sala base salesiano cierra otra intensa jornada de competici\u00f3n y aprendizaje - Club Deportivo Salesianos Villena","isPartOf":{"@id":"https:\/\/villena.salesianos.edu\/clubdeportivo\/#website"},"primaryImageOfPage":{"@id":"https:\/\/villena.salesianos.edu\/clubdeportivo\/blog\/2026\/05\/25\/el-futbol-sala-base-salesiano-cierra-otra-intensa-jornada-de-competicion-y-aprendizaje\/#primaryimage"},"image":{"@id":"https:\/\/villena.salesianos.edu\/clubdeportivo\/blog\/2026\/05\/25\/el-futbol-sala-base-salesiano-cierra-otra-intensa-jornada-de-competicion-y-aprendizaje\/#primaryimage"},"thumbnailUrl":"https:\/\/villena.salesianos.edu\/clubdeportivo\/wp-content\/uploads\/sites\/11\/2026\/05\/IMG-20260523-WA00132.jpg","datePublished":"2026-05-25T05:29:46+00:00","dateModified":"2026-05-25T05:29:49+00:00","author":{"@id":"https:\/\/villena.salesianos.edu\/clubdeportivo\/#\/schema\/person\/aa599e52acddfa16f7e3c1062cdd33cf"},"breadcrumb":{"@id":"https:\/\/villena.salesianos.edu\/clubdeportivo\/blog\/2026\/05\/25\/el-futbol-sala-base-salesiano-cierra-otra-intensa-jornada-de-competicion-y-aprendizaje\/#breadcrumb"},"inLanguage":"es","potentialAction":[{"@type":"ReadAction","target":["https:\/\/villena.salesianos.edu\/clubdeportivo\/blog\/2026\/05\/25\/el-futbol-sala-base-salesiano-cierra-otra-intensa-jornada-de-competicion-y-aprendizaje\/"]}]},{"@type":"ImageObject","inLanguage":"es","@id":"https:\/\/villena.salesianos.edu\/clubdeportivo\/blog\/2026\/05\/25\/el-futbol-sala-base-salesiano-cierra-otra-intensa-jornada-de-competicion-y-aprendizaje\/#primaryimage","url":"https:\/\/villena.salesianos.edu\/clubdeportivo\/wp-content\/uploads\/sites\/11\/2026\/05\/IMG-20260523-WA00132.jpg","contentUrl":"https:\/\/villena.salesianos.edu\/clubdeportivo\/wp-content\/uploads\/sites\/11\/2026\/05\/IMG-20260523-WA00132.jpg","width":1500,"height":1159},{"@type":"BreadcrumbList","@id":"https:\/\/villena.salesianos.edu\/clubdeportivo\/blog\/2026\/05\/25\/el-futbol-sala-base-salesiano-cierra-otra-intensa-jornada-de-competicion-y-aprendizaje\/#breadcrumb","itemListElement":[{"@type":"ListItem","position":1,"name":"Portada","item":"https:\/\/villena.salesianos.edu\/clubdeportivo\/"},{"@type":"ListItem","position":2,"name":"El f\u00fatbol sala base salesiano cierra otra intensa jornada de competici\u00f3n y aprendizaje"}]},{"@type":"WebSite","@id":"https:\/\/villena.salesianos.edu\/clubdeportivo\/#website","url":"https:\/\/villena.salesianos.edu\/clubdeportivo\/","name":"Club Deportivo Salesianos Villena","description":"P\u00e1gina oficial Salesianos Villena","potentialAction":[{"@type":"SearchAction","target":{"@type":"EntryPoint","urlTemplate":"https:\/\/villena.salesianos.edu\/clubdeportivo\/?s={search_term_string}"},"query-input":{"@type":"PropertyValueSpecification","valueRequired":true,"valueName":"search_term_string"}}],"inLanguage":"es"},{"@type":"Person","@id":"https:\/\/villena.salesianos.edu\/clubdeportivo\/#\/schema\/person\/aa599e52acddfa16f7e3c1062cdd33cf","name":"vicengarcia","image":{"@type":"ImageObject","inLanguage":"es","@id":"https:\/\/secure.gravatar.com\/avatar\/85e60396a09bf8056ae231c63512fcb8dbbd938bdf617471788ab03ff6dcc2ec?s=96&d=mm&r=g","url":"https:\/\/secure.gravatar.com\/avatar\/85e60396a09bf8056ae231c63512fcb8dbbd938bdf617471788ab03ff6dcc2ec?s=96&d=mm&r=g","contentUrl":"https:\/\/secure.gravatar.com\/avatar\/85e60396a09bf8056ae231c63512fcb8dbbd938bdf617471788ab03ff6dcc2ec?s=96&d=mm&r=g","caption":"vicengarcia"}}]}},"_links":{"self":[{"href":"https:\/\/villena.salesianos.edu\/clubdeportivo\/wp-json\/wp\/v2\/posts\/25285","targetHints":{"allow":["GET"]}}],"collection":[{"href":"https:\/\/villena.salesianos.edu\/clubdeportivo\/wp-json\/wp\/v2\/posts"}],"about":[{"href":"https:\/\/villena.salesianos.edu\/clubdeportivo\/wp-json\/wp\/v2\/types\/post"}],"author":[{"embeddable":true,"href":"https:\/\/villena.salesianos.edu\/clubdeportivo\/wp-json\/wp\/v2\/users\/7"}],"replies":[{"embeddable":true,"href":"https:\/\/villena.salesianos.edu\/clubdeportivo\/wp-json\/wp\/v2\/comments?post=25285"}],"version-history":[{"count":2,"href":"https:\/\/villena.salesianos.edu\/clubdeportivo\/wp-json\/wp\/v2\/posts\/25285\/revisions"}],"predecessor-version":[{"id":25289,"href":"https:\/\/villena.salesianos.edu\/clubdeportivo\/wp-json\/wp\/v2\/posts\/25285\/revisions\/25289"}],"wp:featuredmedia":[{"embeddable":true,"href":"https:\/\/villena.salesianos.edu\/clubdeportivo\/wp-json\/wp\/v2\/media\/25288"}],"wp:attachment":[{"href":"https:\/\/villena.salesianos.edu\/clubdeportivo\/wp-json\/wp\/v2\/media?parent=25285"}],"wp:term":[{"taxonomy":"category","embeddable":true,"href":"https:\/\/villena.salesianos.edu\/clubdeportivo\/wp-json\/wp\/v2\/categories?post=25285"},{"taxonomy":"post_tag","embeddable":true,"href":"https:\/\/villena.salesianos.edu\/clubdeportivo\/wp-json\/wp\/v2\/tags?post=25285"}],"curies":[{"name":"wp","href":"https:\/\/api.w.org\/{rel}","templated":true}]}}