{"id":25296,"date":"2026-05-31T19:41:09","date_gmt":"2026-05-31T18:41:09","guid":{"rendered":"https:\/\/villena.salesianos.edu\/clubdeportivo\/?p=25296"},"modified":"2026-05-31T19:41:13","modified_gmt":"2026-05-31T18:41:13","slug":"final-a-una-temporada-de-ensueno","status":"publish","type":"post","link":"https:\/\/villena.salesianos.edu\/clubdeportivo\/blog\/2026\/05\/31\/final-a-una-temporada-de-ensueno\/","title":{"rendered":"Final a una temporada de ensue\u00f1o"},"content":{"rendered":"<p>[et_pb_section fb_built=\u00bb1&#8243; admin_label=\u00bbsection\u00bb _builder_version=\u00bb4.16&#8243; global_colors_info=\u00bb{}\u00bb theme_builder_area=\u00bbpost_content\u00bb][et_pb_row admin_label=\u00bbrow\u00bb _builder_version=\u00bb4.16&#8243; background_size=\u00bbinitial\u00bb background_position=\u00bbtop_left\u00bb background_repeat=\u00bbrepeat\u00bb global_colors_info=\u00bb{}\u00bb theme_builder_area=\u00bbpost_content\u00bb][et_pb_column type=\u00bb4_4&#8243; _builder_version=\u00bb4.16&#8243; custom_padding=\u00bb|||\u00bb global_colors_info=\u00bb{}\u00bb custom_padding__hover=\u00bb|||\u00bb theme_builder_area=\u00bbpost_content\u00bb][et_pb_text admin_label=\u00bbEntradilla (Texto)\u00bb _builder_version=\u00bb4.27.6&#8243; text_font=\u00bb|on|||\u00bb text_orientation=\u00bbjustified\u00bb hover_enabled=\u00bb0&#8243; border_style=\u00bbsolid\u00bb global_colors_info=\u00bb{}\u00bb theme_builder_area=\u00bbpost_content\u00bb sticky_enabled=\u00bb0&#8243;]<\/p>\n<p><strong>El s\u00e1bado por la ma\u00f1ana se cerraba la temporada disputando el partido de vuelta de las semifinales, bajo un intenso sol y un calor de justicia, pero en nuestra pista, en nuestro colegio y, sobre todo, delante de nuestra afici\u00f3n, la que nos ha arropado durante dos temporadas y nos ha acompa\u00f1ado pese al fr\u00edo o el calor.<\/strong><\/p>\n<p>&nbsp;<\/p>\n<p>[\/et_pb_text][et_pb_text admin_label=\u00bbAutor (Texto)\u00bb _builder_version=\u00bb4.27.6&#8243; text_font=\u00bb||on||\u00bb hover_enabled=\u00bb0&#8243; border_style=\u00bbsolid\u00bb global_colors_info=\u00bb{}\u00bb theme_builder_area=\u00bbpost_content\u00bb sticky_enabled=\u00bb0&#8243;]<\/p>\n<p><i>Por Vicente Mart\u00ednez, t\u00e9cnico asistente alev\u00edn federado de baloncesto<\/i><\/p>\n<p>[\/et_pb_text][et_pb_text admin_label=\u00bbDesarrollo (Texto)\u00bb _builder_version=\u00bb4.27.6&#8243; text_orientation=\u00bbjustified\u00bb hover_enabled=\u00bb0&#8243; border_style=\u00bbsolid\u00bb global_colors_info=\u00bb{}\u00bb theme_builder_area=\u00bbpost_content\u00bb sticky_enabled=\u00bb0&#8243;]<\/p>\n<p>&nbsp;<\/p>\n<p style=\"text-align: center;\"><em>CD SALESIANOS PINTURAS NAVARRO JORD\u00c1N \u2013 59<\/em><\/p>\n<p style=\"text-align: center;\"><em>CB GODELLA \u2013 77<\/em><\/p>\n<p>&nbsp;<\/p>\n<p>El partido de ida dejaba la eliminatoria decidida, pero el equipo quer\u00eda despedirse dando la cara y con un buen partido, con todos los jugadores que las normas nos permiten en la pista y con dos descartes obligados apoyando tambi\u00e9n, se ofreci\u00f3 un buen espect\u00e1culo, entre dos equipos que quer\u00edan jugar e hicieron disfrutar a los presentes de un buen encuentro. Un mal primer cuarto, casi sin puntos, por parte de ambos equipos daba paso a un mejor segundo cuarto donde los Salesianos consegu\u00edan una peque\u00f1a ventaja en el marcador que era invertida en el siguiente por el equipo de Godella, llegando al descanso con un resultado ajustado de 33-37. La segunda parte fue un constante intercambio de canastas por parte de ambos equipos y solo las rotaciones finales con las que poder dar minutos a todos y poder despedir a todos los jugadores ampliaron la diferencia final. Una derrota que no empa\u00f1a el buen partido realizado y el poder jugarle de t\u00fa a t\u00fa a un gran Godella, que se ha ganado el poder disputar la final.<\/p>\n<p>Destacar nuevamente la presencia y el apoyo de nuestro patrocinador principal, Pinturas y Decoraci\u00f3n Navarro Jord\u00e1n, que quiso acompa\u00f1ar al equipo y felicitarlos en primera persona, al igual que agradecer una vez m\u00e1s a la multitud de aficionados all\u00ed presentes que despidieron con una gran ovaci\u00f3n a los chicos y a los que nuevamente le agradecemos su apoyo.<\/p>\n<p>Pero los que se merecen un reconocimiento son los chicos, Adri\u00e1n, David, Lucas, M\u00f3nica, Marcos Martinez, Mauro, Jos\u00e9 Ram\u00f3n, Jorge, Marcos Ballester, Rafa, Mario, Erik, \u00cd\u00f1igo y Ra\u00fal, un equipo que ha trabajado muy duro, han progresado hasta llegar hasta aqu\u00ed, abriendo un camino para los equipos que les siguen.<\/p>\n<p>Cerramos una etapa de dos a\u00f1os en los que se ha pasado de jugar en la liga local a poder pelear contra cualquier equipo de la provincia, quedando entre los 12 mejores equipos de la comunidad valenciana en categor\u00eda Alev\u00edn, consiguiendo ascenso tras ascenso, a base de trabajo y esfuerzo, pero sobre todo de disfrutar de jugar al BALONCESTO.<\/p>\n<p>&nbsp;<\/p>\n<p style=\"text-align: center;\"><strong>GRACIAS CHICOS POR CONFIAR EN NOSOTROS, POR VUESTRO ESFUERZO, DEDICACION Y PASION POR ESTE DEPORTE.<\/strong><\/p>\n<p>&nbsp;<\/p>\n<p>[\/et_pb_text][et_pb_text disabled_on=\u00bbon|on|on\u00bb admin_label=\u00bbT\u00edtulo: Galer\u00eda de fotos (Texto)\u00bb _builder_version=\u00bb4.16&#8243; text_font=\u00bb|on|||\u00bb text_text_color=\u00bb#dc001b\u00bb border_style=\u00bbsolid\u00bb disabled=\u00bbon\u00bb global_colors_info=\u00bb{}\u00bb theme_builder_area=\u00bbpost_content\u00bb]Galer\u00eda de im\u00e1genes<br \/>\n[\/et_pb_text][et_pb_gallery posts_number=\u00bb8&#8243; show_title_and_caption=\u00bboff\u00bb zoom_icon_color=\u00bb#dc001b\u00bb hover_icon=\u00bb&#x54;||divi||400&#8243; disabled_on=\u00bbon|on|on\u00bb admin_label=\u00bbGaler\u00eda\u00bb _builder_version=\u00bb4.16&#8243; border_style=\u00bbsolid\u00bb disabled=\u00bbon\u00bb global_colors_info=\u00bb{}\u00bb theme_builder_area=\u00bbpost_content\u00bb][\/et_pb_gallery][et_pb_video disabled_on=\u00bbon|on|on\u00bb admin_label=\u00bbV\u00eddeo\u00bb _builder_version=\u00bb4.16&#8243; disabled=\u00bbon\u00bb global_colors_info=\u00bb{}\u00bb theme_builder_area=\u00bbpost_content\u00bb][\/et_pb_video][\/et_pb_column][\/et_pb_row][\/et_pb_section]<\/p>\n","protected":false},"excerpt":{"rendered":"<p>El s\u00e1bado por la ma\u00f1ana se cerraba la temporada disputando el partido de vuelta de las semifinales, bajo un intenso sol y un calor de justicia, pero en nuestra pista, en nuestro colegio y, sobre todo, delante de nuestra afici\u00f3n, la que nos ha arropado durante dos temporadas y nos ha acompa\u00f1ado pese al fr\u00edo [&hellip;]<\/p>\n","protected":false},"author":7,"featured_media":25299,"comment_status":"closed","ping_status":"open","sticky":false,"template":"","format":"standard","meta":{"_et_pb_use_builder":"on","_et_pb_old_content":"","_et_gb_content_width":"","footnotes":""},"categories":[38],"tags":[],"class_list":["post-25296","post","type-post","status-publish","format-standard","has-post-thumbnail","hentry","category-clubdeportivo"],"yoast_head":"<!-- This site is optimized with the Yoast SEO plugin v28.3 - https:\/\/yoast.com\/product\/yoast-seo-wordpress\/ -->\n<title>Final a una temporada de ensue\u00f1o - Club Deportivo Salesianos Villena<\/title>\n<meta name=\"robots\" content=\"index, follow, max-snippet:-1, max-image-preview:large, max-video-preview:-1\" \/>\n<link rel=\"canonical\" href=\"https:\/\/villena.salesianos.edu\/clubdeportivo\/blog\/2026\/05\/31\/final-a-una-temporada-de-ensueno\/\" \/>\n<meta property=\"og:locale\" content=\"es_ES\" \/>\n<meta property=\"og:type\" content=\"article\" \/>\n<meta property=\"og:title\" content=\"Final a una temporada de ensue\u00f1o - Club Deportivo Salesianos Villena\" \/>\n<meta property=\"og:description\" content=\"El s\u00e1bado por la ma\u00f1ana se cerraba la temporada disputando el partido de vuelta de las semifinales, bajo un intenso sol y un calor de justicia, pero en nuestra pista, en nuestro colegio y, sobre todo, delante de nuestra afici\u00f3n, la que nos ha arropado durante dos temporadas y nos ha acompa\u00f1ado pese al fr\u00edo [&hellip;]\" \/>\n<meta property=\"og:url\" content=\"https:\/\/villena.salesianos.edu\/clubdeportivo\/blog\/2026\/05\/31\/final-a-una-temporada-de-ensueno\/\" \/>\n<meta property=\"og:site_name\" content=\"Club Deportivo Salesianos Villena\" \/>\n<meta property=\"article:published_time\" content=\"2026-05-31T18:41:09+00:00\" \/>\n<meta property=\"article:modified_time\" content=\"2026-05-31T18:41:13+00:00\" \/>\n<meta property=\"og:image\" content=\"https:\/\/villena.salesianos.edu\/clubdeportivo\/wp-content\/uploads\/sites\/11\/2026\/05\/IMG_20260530_133638-scaled.jpg\" \/>\n\t<meta property=\"og:image:width\" content=\"2560\" \/>\n\t<meta property=\"og:image:height\" content=\"1440\" \/>\n\t<meta property=\"og:image:type\" content=\"image\/jpeg\" \/>\n<meta name=\"author\" content=\"vicengarcia\" \/>\n<meta name=\"twitter:card\" content=\"summary_large_image\" \/>\n<meta name=\"twitter:label1\" content=\"Escrito por\" \/>\n\t<meta name=\"twitter:data1\" content=\"vicengarcia\" \/>\n\t<meta name=\"twitter:label2\" content=\"Tiempo de lectura\" \/>\n\t<meta name=\"twitter:data2\" content=\"3 minutos\" \/>\n<script type=\"application\/ld+json\" class=\"yoast-schema-graph\">{\"@context\":\"https:\\\/\\\/schema.org\",\"@graph\":[{\"@type\":\"Article\",\"@id\":\"https:\\\/\\\/villena.salesianos.edu\\\/clubdeportivo\\\/blog\\\/2026\\\/05\\\/31\\\/final-a-una-temporada-de-ensueno\\\/#article\",\"isPartOf\":{\"@id\":\"https:\\\/\\\/villena.salesianos.edu\\\/clubdeportivo\\\/blog\\\/2026\\\/05\\\/31\\\/final-a-una-temporada-de-ensueno\\\/\"},\"author\":{\"name\":\"vicengarcia\",\"@id\":\"https:\\\/\\\/villena.salesianos.edu\\\/clubdeportivo\\\/#\\\/schema\\\/person\\\/aa599e52acddfa16f7e3c1062cdd33cf\"},\"headline\":\"Final a una temporada de ensue\u00f1o\",\"datePublished\":\"2026-05-31T18:41:09+00:00\",\"dateModified\":\"2026-05-31T18:41:13+00:00\",\"mainEntityOfPage\":{\"@id\":\"https:\\\/\\\/villena.salesianos.edu\\\/clubdeportivo\\\/blog\\\/2026\\\/05\\\/31\\\/final-a-una-temporada-de-ensueno\\\/\"},\"wordCount\":759,\"image\":{\"@id\":\"https:\\\/\\\/villena.salesianos.edu\\\/clubdeportivo\\\/blog\\\/2026\\\/05\\\/31\\\/final-a-una-temporada-de-ensueno\\\/#primaryimage\"},\"thumbnailUrl\":\"https:\\\/\\\/villena.salesianos.edu\\\/clubdeportivo\\\/wp-content\\\/uploads\\\/sites\\\/11\\\/2026\\\/05\\\/IMG_20260530_133638-scaled.jpg\",\"articleSection\":[\"Club Deportivo\"],\"inLanguage\":\"es\"},{\"@type\":\"WebPage\",\"@id\":\"https:\\\/\\\/villena.salesianos.edu\\\/clubdeportivo\\\/blog\\\/2026\\\/05\\\/31\\\/final-a-una-temporada-de-ensueno\\\/\",\"url\":\"https:\\\/\\\/villena.salesianos.edu\\\/clubdeportivo\\\/blog\\\/2026\\\/05\\\/31\\\/final-a-una-temporada-de-ensueno\\\/\",\"name\":\"Final a una temporada de ensue\u00f1o - Club Deportivo Salesianos Villena\",\"isPartOf\":{\"@id\":\"https:\\\/\\\/villena.salesianos.edu\\\/clubdeportivo\\\/#website\"},\"primaryImageOfPage\":{\"@id\":\"https:\\\/\\\/villena.salesianos.edu\\\/clubdeportivo\\\/blog\\\/2026\\\/05\\\/31\\\/final-a-una-temporada-de-ensueno\\\/#primaryimage\"},\"image\":{\"@id\":\"https:\\\/\\\/villena.salesianos.edu\\\/clubdeportivo\\\/blog\\\/2026\\\/05\\\/31\\\/final-a-una-temporada-de-ensueno\\\/#primaryimage\"},\"thumbnailUrl\":\"https:\\\/\\\/villena.salesianos.edu\\\/clubdeportivo\\\/wp-content\\\/uploads\\\/sites\\\/11\\\/2026\\\/05\\\/IMG_20260530_133638-scaled.jpg\",\"datePublished\":\"2026-05-31T18:41:09+00:00\",\"dateModified\":\"2026-05-31T18:41:13+00:00\",\"author\":{\"@id\":\"https:\\\/\\\/villena.salesianos.edu\\\/clubdeportivo\\\/#\\\/schema\\\/person\\\/aa599e52acddfa16f7e3c1062cdd33cf\"},\"breadcrumb\":{\"@id\":\"https:\\\/\\\/villena.salesianos.edu\\\/clubdeportivo\\\/blog\\\/2026\\\/05\\\/31\\\/final-a-una-temporada-de-ensueno\\\/#breadcrumb\"},\"inLanguage\":\"es\",\"potentialAction\":[{\"@type\":\"ReadAction\",\"target\":[\"https:\\\/\\\/villena.salesianos.edu\\\/clubdeportivo\\\/blog\\\/2026\\\/05\\\/31\\\/final-a-una-temporada-de-ensueno\\\/\"]}]},{\"@type\":\"ImageObject\",\"inLanguage\":\"es\",\"@id\":\"https:\\\/\\\/villena.salesianos.edu\\\/clubdeportivo\\\/blog\\\/2026\\\/05\\\/31\\\/final-a-una-temporada-de-ensueno\\\/#primaryimage\",\"url\":\"https:\\\/\\\/villena.salesianos.edu\\\/clubdeportivo\\\/wp-content\\\/uploads\\\/sites\\\/11\\\/2026\\\/05\\\/IMG_20260530_133638-scaled.jpg\",\"contentUrl\":\"https:\\\/\\\/villena.salesianos.edu\\\/clubdeportivo\\\/wp-content\\\/uploads\\\/sites\\\/11\\\/2026\\\/05\\\/IMG_20260530_133638-scaled.jpg\",\"width\":2560,\"height\":1440,\"caption\":\"filter: 0; fileterIntensity: 0.0; filterMask: 0; captureOrientation: 0; module: photo;hw-remosaic: false;touch: (-1.0, -1.0);sceneMode: 128;cct_value: 0;AI_Scene: (-1, -1);aec_lux: 0.0;aec_lux_index: 0;HdrStatus: auto;albedo: ;confidence: ;motionLevel: 0;weatherinfo: null;temperature: 43;\"},{\"@type\":\"BreadcrumbList\",\"@id\":\"https:\\\/\\\/villena.salesianos.edu\\\/clubdeportivo\\\/blog\\\/2026\\\/05\\\/31\\\/final-a-una-temporada-de-ensueno\\\/#breadcrumb\",\"itemListElement\":[{\"@type\":\"ListItem\",\"position\":1,\"name\":\"Portada\",\"item\":\"https:\\\/\\\/villena.salesianos.edu\\\/clubdeportivo\\\/\"},{\"@type\":\"ListItem\",\"position\":2,\"name\":\"Final a una temporada de ensue\u00f1o\"}]},{\"@type\":\"WebSite\",\"@id\":\"https:\\\/\\\/villena.salesianos.edu\\\/clubdeportivo\\\/#website\",\"url\":\"https:\\\/\\\/villena.salesianos.edu\\\/clubdeportivo\\\/\",\"name\":\"Club Deportivo Salesianos Villena\",\"description\":\"P\u00e1gina oficial Salesianos Villena\",\"potentialAction\":[{\"@type\":\"SearchAction\",\"target\":{\"@type\":\"EntryPoint\",\"urlTemplate\":\"https:\\\/\\\/villena.salesianos.edu\\\/clubdeportivo\\\/?s={search_term_string}\"},\"query-input\":{\"@type\":\"PropertyValueSpecification\",\"valueRequired\":true,\"valueName\":\"search_term_string\"}}],\"inLanguage\":\"es\"},{\"@type\":\"Person\",\"@id\":\"https:\\\/\\\/villena.salesianos.edu\\\/clubdeportivo\\\/#\\\/schema\\\/person\\\/aa599e52acddfa16f7e3c1062cdd33cf\",\"name\":\"vicengarcia\",\"image\":{\"@type\":\"ImageObject\",\"inLanguage\":\"es\",\"@id\":\"https:\\\/\\\/secure.gravatar.com\\\/avatar\\\/85e60396a09bf8056ae231c63512fcb8dbbd938bdf617471788ab03ff6dcc2ec?s=96&d=mm&r=g\",\"url\":\"https:\\\/\\\/secure.gravatar.com\\\/avatar\\\/85e60396a09bf8056ae231c63512fcb8dbbd938bdf617471788ab03ff6dcc2ec?s=96&d=mm&r=g\",\"contentUrl\":\"https:\\\/\\\/secure.gravatar.com\\\/avatar\\\/85e60396a09bf8056ae231c63512fcb8dbbd938bdf617471788ab03ff6dcc2ec?s=96&d=mm&r=g\",\"caption\":\"vicengarcia\"}}]}<\/script>\n<!-- \/ Yoast SEO plugin. -->","yoast_head_json":{"title":"Final a una temporada de ensue\u00f1o - Club Deportivo Salesianos Villena","robots":{"index":"index","follow":"follow","max-snippet":"max-snippet:-1","max-image-preview":"max-image-preview:large","max-video-preview":"max-video-preview:-1"},"canonical":"https:\/\/villena.salesianos.edu\/clubdeportivo\/blog\/2026\/05\/31\/final-a-una-temporada-de-ensueno\/","og_locale":"es_ES","og_type":"article","og_title":"Final a una temporada de ensue\u00f1o - Club Deportivo Salesianos Villena","og_description":"El s\u00e1bado por la ma\u00f1ana se cerraba la temporada disputando el partido de vuelta de las semifinales, bajo un intenso sol y un calor de justicia, pero en nuestra pista, en nuestro colegio y, sobre todo, delante de nuestra afici\u00f3n, la que nos ha arropado durante dos temporadas y nos ha acompa\u00f1ado pese al fr\u00edo [&hellip;]","og_url":"https:\/\/villena.salesianos.edu\/clubdeportivo\/blog\/2026\/05\/31\/final-a-una-temporada-de-ensueno\/","og_site_name":"Club Deportivo Salesianos Villena","article_published_time":"2026-05-31T18:41:09+00:00","article_modified_time":"2026-05-31T18:41:13+00:00","og_image":[{"width":2560,"height":1440,"url":"https:\/\/villena.salesianos.edu\/clubdeportivo\/wp-content\/uploads\/sites\/11\/2026\/05\/IMG_20260530_133638-scaled.jpg","type":"image\/jpeg"}],"author":"vicengarcia","twitter_card":"summary_large_image","twitter_misc":{"Escrito por":"vicengarcia","Tiempo de lectura":"3 minutos"},"schema":{"@context":"https:\/\/schema.org","@graph":[{"@type":"Article","@id":"https:\/\/villena.salesianos.edu\/clubdeportivo\/blog\/2026\/05\/31\/final-a-una-temporada-de-ensueno\/#article","isPartOf":{"@id":"https:\/\/villena.salesianos.edu\/clubdeportivo\/blog\/2026\/05\/31\/final-a-una-temporada-de-ensueno\/"},"author":{"name":"vicengarcia","@id":"https:\/\/villena.salesianos.edu\/clubdeportivo\/#\/schema\/person\/aa599e52acddfa16f7e3c1062cdd33cf"},"headline":"Final a una temporada de ensue\u00f1o","datePublished":"2026-05-31T18:41:09+00:00","dateModified":"2026-05-31T18:41:13+00:00","mainEntityOfPage":{"@id":"https:\/\/villena.salesianos.edu\/clubdeportivo\/blog\/2026\/05\/31\/final-a-una-temporada-de-ensueno\/"},"wordCount":759,"image":{"@id":"https:\/\/villena.salesianos.edu\/clubdeportivo\/blog\/2026\/05\/31\/final-a-una-temporada-de-ensueno\/#primaryimage"},"thumbnailUrl":"https:\/\/villena.salesianos.edu\/clubdeportivo\/wp-content\/uploads\/sites\/11\/2026\/05\/IMG_20260530_133638-scaled.jpg","articleSection":["Club Deportivo"],"inLanguage":"es"},{"@type":"WebPage","@id":"https:\/\/villena.salesianos.edu\/clubdeportivo\/blog\/2026\/05\/31\/final-a-una-temporada-de-ensueno\/","url":"https:\/\/villena.salesianos.edu\/clubdeportivo\/blog\/2026\/05\/31\/final-a-una-temporada-de-ensueno\/","name":"Final a una temporada de ensue\u00f1o - Club Deportivo Salesianos Villena","isPartOf":{"@id":"https:\/\/villena.salesianos.edu\/clubdeportivo\/#website"},"primaryImageOfPage":{"@id":"https:\/\/villena.salesianos.edu\/clubdeportivo\/blog\/2026\/05\/31\/final-a-una-temporada-de-ensueno\/#primaryimage"},"image":{"@id":"https:\/\/villena.salesianos.edu\/clubdeportivo\/blog\/2026\/05\/31\/final-a-una-temporada-de-ensueno\/#primaryimage"},"thumbnailUrl":"https:\/\/villena.salesianos.edu\/clubdeportivo\/wp-content\/uploads\/sites\/11\/2026\/05\/IMG_20260530_133638-scaled.jpg","datePublished":"2026-05-31T18:41:09+00:00","dateModified":"2026-05-31T18:41:13+00:00","author":{"@id":"https:\/\/villena.salesianos.edu\/clubdeportivo\/#\/schema\/person\/aa599e52acddfa16f7e3c1062cdd33cf"},"breadcrumb":{"@id":"https:\/\/villena.salesianos.edu\/clubdeportivo\/blog\/2026\/05\/31\/final-a-una-temporada-de-ensueno\/#breadcrumb"},"inLanguage":"es","potentialAction":[{"@type":"ReadAction","target":["https:\/\/villena.salesianos.edu\/clubdeportivo\/blog\/2026\/05\/31\/final-a-una-temporada-de-ensueno\/"]}]},{"@type":"ImageObject","inLanguage":"es","@id":"https:\/\/villena.salesianos.edu\/clubdeportivo\/blog\/2026\/05\/31\/final-a-una-temporada-de-ensueno\/#primaryimage","url":"https:\/\/villena.salesianos.edu\/clubdeportivo\/wp-content\/uploads\/sites\/11\/2026\/05\/IMG_20260530_133638-scaled.jpg","contentUrl":"https:\/\/villena.salesianos.edu\/clubdeportivo\/wp-content\/uploads\/sites\/11\/2026\/05\/IMG_20260530_133638-scaled.jpg","width":2560,"height":1440,"caption":"filter: 0; fileterIntensity: 0.0; filterMask: 0; captureOrientation: 0; module: photo;hw-remosaic: false;touch: (-1.0, -1.0);sceneMode: 128;cct_value: 0;AI_Scene: (-1, -1);aec_lux: 0.0;aec_lux_index: 0;HdrStatus: auto;albedo: ;confidence: ;motionLevel: 0;weatherinfo: null;temperature: 43;"},{"@type":"BreadcrumbList","@id":"https:\/\/villena.salesianos.edu\/clubdeportivo\/blog\/2026\/05\/31\/final-a-una-temporada-de-ensueno\/#breadcrumb","itemListElement":[{"@type":"ListItem","position":1,"name":"Portada","item":"https:\/\/villena.salesianos.edu\/clubdeportivo\/"},{"@type":"ListItem","position":2,"name":"Final a una temporada de ensue\u00f1o"}]},{"@type":"WebSite","@id":"https:\/\/villena.salesianos.edu\/clubdeportivo\/#website","url":"https:\/\/villena.salesianos.edu\/clubdeportivo\/","name":"Club Deportivo Salesianos Villena","description":"P\u00e1gina oficial Salesianos Villena","potentialAction":[{"@type":"SearchAction","target":{"@type":"EntryPoint","urlTemplate":"https:\/\/villena.salesianos.edu\/clubdeportivo\/?s={search_term_string}"},"query-input":{"@type":"PropertyValueSpecification","valueRequired":true,"valueName":"search_term_string"}}],"inLanguage":"es"},{"@type":"Person","@id":"https:\/\/villena.salesianos.edu\/clubdeportivo\/#\/schema\/person\/aa599e52acddfa16f7e3c1062cdd33cf","name":"vicengarcia","image":{"@type":"ImageObject","inLanguage":"es","@id":"https:\/\/secure.gravatar.com\/avatar\/85e60396a09bf8056ae231c63512fcb8dbbd938bdf617471788ab03ff6dcc2ec?s=96&d=mm&r=g","url":"https:\/\/secure.gravatar.com\/avatar\/85e60396a09bf8056ae231c63512fcb8dbbd938bdf617471788ab03ff6dcc2ec?s=96&d=mm&r=g","contentUrl":"https:\/\/secure.gravatar.com\/avatar\/85e60396a09bf8056ae231c63512fcb8dbbd938bdf617471788ab03ff6dcc2ec?s=96&d=mm&r=g","caption":"vicengarcia"}}]}},"_links":{"self":[{"href":"https:\/\/villena.salesianos.edu\/clubdeportivo\/wp-json\/wp\/v2\/posts\/25296","targetHints":{"allow":["GET"]}}],"collection":[{"href":"https:\/\/villena.salesianos.edu\/clubdeportivo\/wp-json\/wp\/v2\/posts"}],"about":[{"href":"https:\/\/villena.salesianos.edu\/clubdeportivo\/wp-json\/wp\/v2\/types\/post"}],"author":[{"embeddable":true,"href":"https:\/\/villena.salesianos.edu\/clubdeportivo\/wp-json\/wp\/v2\/users\/7"}],"replies":[{"embeddable":true,"href":"https:\/\/villena.salesianos.edu\/clubdeportivo\/wp-json\/wp\/v2\/comments?post=25296"}],"version-history":[{"count":2,"href":"https:\/\/villena.salesianos.edu\/clubdeportivo\/wp-json\/wp\/v2\/posts\/25296\/revisions"}],"predecessor-version":[{"id":25300,"href":"https:\/\/villena.salesianos.edu\/clubdeportivo\/wp-json\/wp\/v2\/posts\/25296\/revisions\/25300"}],"wp:featuredmedia":[{"embeddable":true,"href":"https:\/\/villena.salesianos.edu\/clubdeportivo\/wp-json\/wp\/v2\/media\/25299"}],"wp:attachment":[{"href":"https:\/\/villena.salesianos.edu\/clubdeportivo\/wp-json\/wp\/v2\/media?parent=25296"}],"wp:term":[{"taxonomy":"category","embeddable":true,"href":"https:\/\/villena.salesianos.edu\/clubdeportivo\/wp-json\/wp\/v2\/categories?post=25296"},{"taxonomy":"post_tag","embeddable":true,"href":"https:\/\/villena.salesianos.edu\/clubdeportivo\/wp-json\/wp\/v2\/tags?post=25296"}],"curies":[{"name":"wp","href":"https:\/\/api.w.org\/{rel}","templated":true}]}}