{"id":11029,"date":"2021-02-12T12:11:12","date_gmt":"2021-02-12T11:11:12","guid":{"rendered":"https:\/\/villena.salesianos.edu\/colegio\/?p=11029"},"modified":"2021-02-12T12:11:14","modified_gmt":"2021-02-12T11:11:14","slug":"entrega-premios-ampa-don-bosco","status":"publish","type":"post","link":"https:\/\/villena.salesianos.edu\/colegio\/entrega-premios-ampa-don-bosco\/","title":{"rendered":"Entrega Premios Concursos AMPA Don Bosco"},"content":{"rendered":"<p>[et_pb_section fb_built=\u00bb1&#8243; admin_label=\u00bbsection\u00bb _builder_version=\u00bb3.22&#8243;][et_pb_row admin_label=\u00bbrow\u00bb _builder_version=\u00bb3.25&#8243; background_size=\u00bbinitial\u00bb background_position=\u00bbtop_left\u00bb background_repeat=\u00bbrepeat\u00bb][et_pb_column type=\u00bb4_4&#8243; _builder_version=\u00bb3.25&#8243; custom_padding=\u00bb|||\u00bb custom_padding__hover=\u00bb|||\u00bb][et_pb_text admin_label=\u00bbEntradilla (Texto)\u00bb _builder_version=\u00bb4.6.1&#8243; text_font=\u00bb|on|||\u00bb text_orientation=\u00bbjustified\u00bb hover_enabled=\u00bb0&#8243; border_style=\u00bbsolid\u00bb sticky_enabled=\u00bb0&#8243;]<\/p>\n<p><b>Durante todo el mes de Enero nuestra Asociaci\u00f3n de Madres y Padres del cole han propuesto diferentes concursos para familias y alumnos del centro, en honor a San Juan Bosco.<\/b><\/p>\n<p>[\/et_pb_text][et_pb_text admin_label=\u00bbAutor (Texto)\u00bb _builder_version=\u00bb4.6.1&#8243; text_font=\u00bb||on||\u00bb hover_enabled=\u00bb0&#8243; border_style=\u00bbsolid\u00bb sticky_enabled=\u00bb0&#8243;]<\/p>\n<p><i><span style=\"font-weight: 400;\">Por Equipo de Comunicaci\u00f3n y Marketing<\/span><\/i><\/p>\n<p>[\/et_pb_text][et_pb_text admin_label=\u00bbDesarrollo (Texto)\u00bb _builder_version=\u00bb4.6.1&#8243; text_orientation=\u00bbjustified\u00bb hover_enabled=\u00bb0&#8243; border_style=\u00bbsolid\u00bb sticky_enabled=\u00bb0&#8243;]<\/p>\n<p><span style=\"font-weight: 400;\">Los concursos propuestos fueron:<\/span><\/p>\n<ul>\n<li style=\"font-weight: 400;\" aria-level=\"1\"><span style=\"font-weight: 400;\">Para <a href=\"https:\/\/villena.salesianos.edu\/colegio\/infantil\/\">Educaci\u00f3n Infantil<\/a>: Concurso de dibujo en donde los m\u00e1s peques realizaban un dibujo por equipos cooperativos de Don Bosco.<\/span><\/li>\n<li style=\"font-weight: 400;\" aria-level=\"1\"><span style=\"font-weight: 400;\">Para Educaci\u00f3n <a href=\"https:\/\/villena.salesianos.edu\/colegio\/primaria\/\">Primaria<\/a>: Colorean dibujos de las diferentes etapas de la vida de nuestro patr\u00f3n.<\/span><\/li>\n<li style=\"font-weight: 400;\" aria-level=\"1\"><span style=\"font-weight: 400;\">Para Educaci\u00f3n <a href=\"https:\/\/villena.salesianos.edu\/colegio\/secundaria\/\">Secundaria<\/a>: dos concursos diferentes de redacci\u00f3n y elaboraci\u00f3n de Power Points.<\/span><\/li>\n<li style=\"font-weight: 400;\" aria-level=\"1\"><span style=\"font-weight: 400;\">Para todas las familias y asociados del AMPA: FotoGachamiga. Ya que este a\u00f1o no hemos podido elaborar las t\u00edpicas gachamigas villeneras durante la tarde del s\u00e1bado 30, nuestra asociaci\u00f3n propuso una degustaci\u00f3n virtual&#8230;<\/span><\/li>\n<\/ul>\n<p>&nbsp;<\/p>\n<p><span style=\"font-weight: 400;\">Finalmente, y aunque el nivel era muy alto los premiados han sido:<\/span><\/p>\n<p><b>DIBUJO EDUCACI\u00d3N INFANTIL<\/b><\/p>\n<p><i><span style=\"font-weight: 400;\">Premio: Mochila y juguete para cada componente de cada equipo de las clases.<\/span><\/i><\/p>\n<p style=\"padding-left: 40px;\"><b>3INFA <\/b><span style=\"font-weight: 400;\">\u00a0grupo Amalia\/Luna\/Alejandro\/Dilan<\/span><\/p>\n<p style=\"padding-left: 40px;\"><b>3INFB <\/b><span style=\"font-weight: 400;\">grupo Cloe\/Gema\/Leo\/Aitana\/Arnau<\/span><\/p>\n<p style=\"padding-left: 40px;\"><b>4INFA <\/b><span style=\"font-weight: 400;\">grupo Olga\/V\u00edctor Domene\/Gema\/\u00cdker\/Unai<\/span><\/p>\n<p style=\"padding-left: 40px;\"><b>4INFB <\/b><span style=\"font-weight: 400;\">grupo Yanay\/Berta\/Pepe\/Miguel\/Jose Antonio<\/span><\/p>\n<p style=\"padding-left: 40px;\"><b>5INFA <\/b><span style=\"font-weight: 400;\">grupo Eva\/Leo\/Manuel\/Leire<\/span><\/p>\n<p style=\"padding-left: 40px;\"><b>5INFB <\/b><span style=\"font-weight: 400;\">grupo Leyre\/Alberto\/Maron\/Rodrigo<\/span><\/p>\n<hr \/>\n<p>&nbsp;<\/p>\n<p><b>DIBUJO\u00a0 EDUCACI\u00d3N PRIMARIA<\/b><\/p>\n<p><i><span style=\"font-weight: 400;\">Premio: lote de productos de papeler\u00eda escolares para cada ganador<\/span><\/i><\/p>\n<p style=\"padding-left: 40px;\"><b>1\u00baA <\/b><span style=\"font-weight: 400;\">Edurne Jaramillo Alvarado<\/span><\/p>\n<p style=\"padding-left: 40px;\"><b>1\u00baB <\/b><span style=\"font-weight: 400;\">Mauro garcia Martinez<\/span><\/p>\n<p style=\"padding-left: 40px;\"><b>2\u00baA <\/b><span style=\"font-weight: 400;\">Fabiola<\/span><\/p>\n<p style=\"padding-left: 40px;\"><b>2\u00baB <\/b><span style=\"font-weight: 400;\">Rodrigo Martinez Cordoba<\/span><\/p>\n<p style=\"padding-left: 40px;\"><b>3\u00baA <\/b><span style=\"font-weight: 400;\">Iker Beltran Gandia<\/span><\/p>\n<p style=\"padding-left: 40px;\"><b>3\u00baB <\/b><span style=\"font-weight: 400;\">Marina<\/span><\/p>\n<p style=\"padding-left: 40px;\"><b>3\u00baC <\/b><span style=\"font-weight: 400;\">David Puche Ferri<\/span><\/p>\n<p style=\"padding-left: 40px;\"><b>4\u00baA <\/b><span style=\"font-weight: 400;\">Lucia Soler Fita<\/span><\/p>\n<p style=\"padding-left: 40px;\"><b>4\u00baB <\/b><span style=\"font-weight: 400;\">Alexandra Pardo Alvarez<\/span><\/p>\n<p style=\"padding-left: 40px;\"><b>4\u00baC <\/b><span style=\"font-weight: 400;\">Paola Navarro Ferriz<\/span><\/p>\n<p style=\"padding-left: 40px;\"><b>5\u00baA <\/b><span style=\"font-weight: 400;\">Cristian Mu\u00f1oz Iba\u00f1ez<\/span><\/p>\n<p style=\"padding-left: 40px;\"><b>5\u00baB <\/b><span style=\"font-weight: 400;\">Mirian Martinez Samper<\/span><\/p>\n<p style=\"padding-left: 40px;\"><b>5\u00baC <\/b><span style=\"font-weight: 400;\">Carlota Amoros Garcia<\/span><\/p>\n<p style=\"padding-left: 40px;\"><b>6\u00baA <\/b><span style=\"font-weight: 400;\">Nyurka Saca Nicolalde<\/span><\/p>\n<p style=\"padding-left: 40px;\"><b>6\u00baB <\/b><span style=\"font-weight: 400;\">Carlos Cabanes Galbis<\/span><\/p>\n<p style=\"padding-left: 40px;\"><b>6\u00baC <\/b><span style=\"font-weight: 400;\">Daniela Mico Azor\u00edn<\/span><\/p>\n<hr \/>\n<p>&nbsp;<\/p>\n<p><b>REDACCIONES\u00a0 ESO<\/b><\/p>\n<p><i><span style=\"font-weight: 400;\">Premio: Bono regalo 50\u20ac en comercio Sport Moda\u00a0<\/span><\/i><\/p>\n<p style=\"padding-left: 40px;\"><b>1\u00baESO <\/b><span style=\"font-weight: 400;\">Pablo Sirera Leones<\/span><\/p>\n<p style=\"padding-left: 40px;\"><b>2\u00baESO <\/b><span style=\"font-weight: 400;\">Marcos Martinez Valera<\/span><\/p>\n<p style=\"padding-left: 40px;\"><b>3\u00baESO <\/b><span style=\"font-weight: 400;\">Vicente Soler Leal<\/span><\/p>\n<p style=\"padding-left: 40px;\"><b>4\u00baESO <\/b><span style=\"font-weight: 400;\">Sara Usura Guiraldo<\/span><\/p>\n<hr \/>\n<p>&nbsp;<\/p>\n<p><b>POWERPOINT ESO<\/b><\/p>\n<p><i><span style=\"font-weight: 400;\">Premio: Bono regalo 50\u20ac Sport Moda<\/span><\/i><\/p>\n<p style=\"padding-left: 40px;\"><b>4\u00baESO <\/b><span style=\"font-weight: 400;\">ADRI y CARLOS<\/span><\/p>\n<hr \/>\n<p>&nbsp;<\/p>\n<p><b>FOTOGACHAMIGA<\/b><\/p>\n<p><i><span style=\"font-weight: 400;\">Premio: bono regalo 50\u20ac Sport Moda para cada uno<\/span><\/i><\/p>\n<p style=\"padding-left: 40px;\"><b>1\u00baprimaria B:<\/b><span style=\"font-weight: 400;\"> Marco Alvarez Verdu<\/span><\/p>\n<p style=\"padding-left: 40px;\"><b>5 a\u00f1os infantil B y 2\u00b0 primaria\u00a0 B: <\/b><span style=\"font-weight: 400;\">Aroa y Alex Moldovan Navarro<\/span><\/p>\n<p style=\"padding-left: 40px;\"><b>4 infantil B:<\/b><span style=\"font-weight: 400;\">\u00a0 Daniel Ferriz y Mario Ferriz\u00a0<\/span><\/p>\n<p>\u200b<\/p>\n<p>Para ver las fotos de todos los premiados <a href=\"https:\/\/villena.salesianos.edu\/colegio\/galeria\/\"><strong>pincha aqu\u00ed<\/strong><\/a><\/p>\n<p>[\/et_pb_text][et_pb_text disabled_on=\u00bbon|on|on\u00bb admin_label=\u00bbT\u00edtulo: Galer\u00eda de fotos (Texto)\u00bb _builder_version=\u00bb3.27.4&#8243; text_font=\u00bb|on|||\u00bb text_text_color=\u00bb#dc001b\u00bb border_style=\u00bbsolid\u00bb disabled=\u00bbon\u00bb]Galer\u00eda de im\u00e1genes<br \/>\n[\/et_pb_text][et_pb_gallery posts_number=\u00bb8&#8243; show_title_and_caption=\u00bboff\u00bb zoom_icon_color=\u00bb#dc001b\u00bb hover_icon=\u00bb%%51%%\u00bb disabled_on=\u00bbon|on|on\u00bb admin_label=\u00bbGaler\u00eda\u00bb _builder_version=\u00bb3.0.87&#8243; border_style=\u00bbsolid\u00bb disabled=\u00bbon\u00bb][\/et_pb_gallery][et_pb_video disabled_on=\u00bbon|on|on\u00bb admin_label=\u00bbV\u00eddeo\u00bb _builder_version=\u00bb3.0.51&#8243; disabled=\u00bbon\u00bb][\/et_pb_video][\/et_pb_column][\/et_pb_row][\/et_pb_section]<\/p>\n","protected":false},"excerpt":{"rendered":"<p>Durante todo el mes de Enero nuestra Asociaci\u00f3n de Madres y Padres del cole han propuesto diferentes concursos para familias y alumnos del centro, en honor a San Juan Bosco. Por Equipo de Comunicaci\u00f3n y Marketing Los concursos propuestos fueron: Para Educaci\u00f3n Infantil: Concurso de dibujo en donde los m\u00e1s peques realizaban un dibujo por [&hellip;]<\/p>\n","protected":false},"author":2,"featured_media":11032,"comment_status":"open","ping_status":"open","sticky":false,"template":"","format":"standard","meta":{"_et_pb_use_builder":"on","_et_pb_old_content":"","_et_gb_content_width":"","footnotes":""},"categories":[32,22,24],"tags":[],"class_list":["post-11029","post","type-post","status-publish","format-standard","has-post-thumbnail","hentry","category-ampa","category-colegio","category-portadanoticias"],"yoast_head":"<!-- This site is optimized with the Yoast SEO plugin v28.3 - https:\/\/yoast.com\/product\/yoast-seo-wordpress\/ -->\n<title>Entrega Premios Concursos AMPA Don Bosco - Colegio Salesiano M\u00aa Auxiliadora Villena<\/title>\n<meta name=\"robots\" content=\"index, follow, max-snippet:-1, max-image-preview:large, max-video-preview:-1\" \/>\n<link rel=\"canonical\" href=\"https:\/\/villena.salesianos.edu\/colegio\/entrega-premios-ampa-don-bosco\/\" \/>\n<meta property=\"og:locale\" content=\"es_ES\" \/>\n<meta property=\"og:type\" content=\"article\" \/>\n<meta property=\"og:title\" content=\"Entrega Premios Concursos AMPA Don Bosco - Colegio Salesiano M\u00aa Auxiliadora Villena\" \/>\n<meta property=\"og:description\" content=\"Durante todo el mes de Enero nuestra Asociaci\u00f3n de Madres y Padres del cole han propuesto diferentes concursos para familias y alumnos del centro, en honor a San Juan Bosco. Por Equipo de Comunicaci\u00f3n y Marketing Los concursos propuestos fueron: Para Educaci\u00f3n Infantil: Concurso de dibujo en donde los m\u00e1s peques realizaban un dibujo por [&hellip;]\" \/>\n<meta property=\"og:url\" content=\"https:\/\/villena.salesianos.edu\/colegio\/entrega-premios-ampa-don-bosco\/\" \/>\n<meta property=\"og:site_name\" content=\"Colegio Salesiano M\u00aa Auxiliadora Villena\" \/>\n<meta property=\"article:published_time\" content=\"2021-02-12T11:11:12+00:00\" \/>\n<meta property=\"article:modified_time\" content=\"2021-02-12T11:11:14+00:00\" \/>\n<meta property=\"og:image\" content=\"https:\/\/villena.salesianos.edu\/colegio\/wp-content\/uploads\/sites\/3\/2021\/02\/IMG_20210212_113020-scaled.jpg\" \/>\n\t<meta property=\"og:image:width\" content=\"2560\" \/>\n\t<meta property=\"og:image:height\" content=\"1915\" \/>\n\t<meta property=\"og:image:type\" content=\"image\/jpeg\" \/>\n<meta name=\"author\" content=\"Gestor Web\" \/>\n<meta name=\"twitter:card\" content=\"summary_large_image\" \/>\n<meta name=\"twitter:label1\" content=\"Escrito por\" \/>\n\t<meta name=\"twitter:data1\" content=\"Gestor Web\" \/>\n\t<meta name=\"twitter:label2\" content=\"Tiempo de lectura\" \/>\n\t<meta name=\"twitter:data2\" content=\"3 minutos\" \/>\n<script type=\"application\/ld+json\" class=\"yoast-schema-graph\">{\"@context\":\"https:\\\/\\\/schema.org\",\"@graph\":[{\"@type\":\"Article\",\"@id\":\"https:\\\/\\\/villena.salesianos.edu\\\/colegio\\\/entrega-premios-ampa-don-bosco\\\/#article\",\"isPartOf\":{\"@id\":\"https:\\\/\\\/villena.salesianos.edu\\\/colegio\\\/entrega-premios-ampa-don-bosco\\\/\"},\"author\":{\"name\":\"Gestor Web\",\"@id\":\"https:\\\/\\\/villena.salesianos.edu\\\/colegio\\\/#\\\/schema\\\/person\\\/737fd46edc5ae7d6c9b94da26c0e9302\"},\"headline\":\"Entrega Premios Concursos AMPA Don Bosco\",\"datePublished\":\"2021-02-12T11:11:12+00:00\",\"dateModified\":\"2021-02-12T11:11:14+00:00\",\"mainEntityOfPage\":{\"@id\":\"https:\\\/\\\/villena.salesianos.edu\\\/colegio\\\/entrega-premios-ampa-don-bosco\\\/\"},\"wordCount\":585,\"commentCount\":0,\"image\":{\"@id\":\"https:\\\/\\\/villena.salesianos.edu\\\/colegio\\\/entrega-premios-ampa-don-bosco\\\/#primaryimage\"},\"thumbnailUrl\":\"https:\\\/\\\/villena.salesianos.edu\\\/colegio\\\/wp-content\\\/uploads\\\/sites\\\/3\\\/2021\\\/02\\\/IMG_20210212_113020-scaled.jpg\",\"articleSection\":[\"AMPA\",\"Colegio\",\"Portada Noticias\"],\"inLanguage\":\"es\",\"potentialAction\":[{\"@type\":\"CommentAction\",\"name\":\"Comment\",\"target\":[\"https:\\\/\\\/villena.salesianos.edu\\\/colegio\\\/entrega-premios-ampa-don-bosco\\\/#respond\"]}]},{\"@type\":\"WebPage\",\"@id\":\"https:\\\/\\\/villena.salesianos.edu\\\/colegio\\\/entrega-premios-ampa-don-bosco\\\/\",\"url\":\"https:\\\/\\\/villena.salesianos.edu\\\/colegio\\\/entrega-premios-ampa-don-bosco\\\/\",\"name\":\"Entrega Premios Concursos AMPA Don Bosco - Colegio Salesiano M\u00aa Auxiliadora Villena\",\"isPartOf\":{\"@id\":\"https:\\\/\\\/villena.salesianos.edu\\\/colegio\\\/#website\"},\"primaryImageOfPage\":{\"@id\":\"https:\\\/\\\/villena.salesianos.edu\\\/colegio\\\/entrega-premios-ampa-don-bosco\\\/#primaryimage\"},\"image\":{\"@id\":\"https:\\\/\\\/villena.salesianos.edu\\\/colegio\\\/entrega-premios-ampa-don-bosco\\\/#primaryimage\"},\"thumbnailUrl\":\"https:\\\/\\\/villena.salesianos.edu\\\/colegio\\\/wp-content\\\/uploads\\\/sites\\\/3\\\/2021\\\/02\\\/IMG_20210212_113020-scaled.jpg\",\"datePublished\":\"2021-02-12T11:11:12+00:00\",\"dateModified\":\"2021-02-12T11:11:14+00:00\",\"author\":{\"@id\":\"https:\\\/\\\/villena.salesianos.edu\\\/colegio\\\/#\\\/schema\\\/person\\\/737fd46edc5ae7d6c9b94da26c0e9302\"},\"breadcrumb\":{\"@id\":\"https:\\\/\\\/villena.salesianos.edu\\\/colegio\\\/entrega-premios-ampa-don-bosco\\\/#breadcrumb\"},\"inLanguage\":\"es\",\"potentialAction\":[{\"@type\":\"ReadAction\",\"target\":[\"https:\\\/\\\/villena.salesianos.edu\\\/colegio\\\/entrega-premios-ampa-don-bosco\\\/\"]}]},{\"@type\":\"ImageObject\",\"inLanguage\":\"es\",\"@id\":\"https:\\\/\\\/villena.salesianos.edu\\\/colegio\\\/entrega-premios-ampa-don-bosco\\\/#primaryimage\",\"url\":\"https:\\\/\\\/villena.salesianos.edu\\\/colegio\\\/wp-content\\\/uploads\\\/sites\\\/3\\\/2021\\\/02\\\/IMG_20210212_113020-scaled.jpg\",\"contentUrl\":\"https:\\\/\\\/villena.salesianos.edu\\\/colegio\\\/wp-content\\\/uploads\\\/sites\\\/3\\\/2021\\\/02\\\/IMG_20210212_113020-scaled.jpg\",\"width\":2560,\"height\":1915},{\"@type\":\"BreadcrumbList\",\"@id\":\"https:\\\/\\\/villena.salesianos.edu\\\/colegio\\\/entrega-premios-ampa-don-bosco\\\/#breadcrumb\",\"itemListElement\":[{\"@type\":\"ListItem\",\"position\":1,\"name\":\"Portada\",\"item\":\"https:\\\/\\\/villena.salesianos.edu\\\/colegio\\\/\"},{\"@type\":\"ListItem\",\"position\":2,\"name\":\"Entrega Premios Concursos AMPA Don Bosco\"}]},{\"@type\":\"WebSite\",\"@id\":\"https:\\\/\\\/villena.salesianos.edu\\\/colegio\\\/#website\",\"url\":\"https:\\\/\\\/villena.salesianos.edu\\\/colegio\\\/\",\"name\":\"Colegio Salesiano M\u00aa Auxiliadora Villena\",\"description\":\"P\u00e1gina oficial Salesianos Villena\",\"potentialAction\":[{\"@type\":\"SearchAction\",\"target\":{\"@type\":\"EntryPoint\",\"urlTemplate\":\"https:\\\/\\\/villena.salesianos.edu\\\/colegio\\\/?s={search_term_string}\"},\"query-input\":{\"@type\":\"PropertyValueSpecification\",\"valueRequired\":true,\"valueName\":\"search_term_string\"}}],\"inLanguage\":\"es\"},{\"@type\":\"Person\",\"@id\":\"https:\\\/\\\/villena.salesianos.edu\\\/colegio\\\/#\\\/schema\\\/person\\\/737fd46edc5ae7d6c9b94da26c0e9302\",\"name\":\"Gestor Web\",\"image\":{\"@type\":\"ImageObject\",\"inLanguage\":\"es\",\"@id\":\"https:\\\/\\\/secure.gravatar.com\\\/avatar\\\/44469746e1b6443cd011d1759fdc3b9fdcdae4a08dc0ddd85247651cb065486d?s=96&d=mm&r=g\",\"url\":\"https:\\\/\\\/secure.gravatar.com\\\/avatar\\\/44469746e1b6443cd011d1759fdc3b9fdcdae4a08dc0ddd85247651cb065486d?s=96&d=mm&r=g\",\"contentUrl\":\"https:\\\/\\\/secure.gravatar.com\\\/avatar\\\/44469746e1b6443cd011d1759fdc3b9fdcdae4a08dc0ddd85247651cb065486d?s=96&d=mm&r=g\",\"caption\":\"Gestor Web\"}}]}<\/script>\n<!-- \/ Yoast SEO plugin. -->","yoast_head_json":{"title":"Entrega Premios Concursos AMPA Don Bosco - Colegio Salesiano M\u00aa Auxiliadora Villena","robots":{"index":"index","follow":"follow","max-snippet":"max-snippet:-1","max-image-preview":"max-image-preview:large","max-video-preview":"max-video-preview:-1"},"canonical":"https:\/\/villena.salesianos.edu\/colegio\/entrega-premios-ampa-don-bosco\/","og_locale":"es_ES","og_type":"article","og_title":"Entrega Premios Concursos AMPA Don Bosco - Colegio Salesiano M\u00aa Auxiliadora Villena","og_description":"Durante todo el mes de Enero nuestra Asociaci\u00f3n de Madres y Padres del cole han propuesto diferentes concursos para familias y alumnos del centro, en honor a San Juan Bosco. Por Equipo de Comunicaci\u00f3n y Marketing Los concursos propuestos fueron: Para Educaci\u00f3n Infantil: Concurso de dibujo en donde los m\u00e1s peques realizaban un dibujo por [&hellip;]","og_url":"https:\/\/villena.salesianos.edu\/colegio\/entrega-premios-ampa-don-bosco\/","og_site_name":"Colegio Salesiano M\u00aa Auxiliadora Villena","article_published_time":"2021-02-12T11:11:12+00:00","article_modified_time":"2021-02-12T11:11:14+00:00","og_image":[{"width":2560,"height":1915,"url":"https:\/\/villena.salesianos.edu\/colegio\/wp-content\/uploads\/sites\/3\/2021\/02\/IMG_20210212_113020-scaled.jpg","type":"image\/jpeg"}],"author":"Gestor Web","twitter_card":"summary_large_image","twitter_misc":{"Escrito por":"Gestor Web","Tiempo de lectura":"3 minutos"},"schema":{"@context":"https:\/\/schema.org","@graph":[{"@type":"Article","@id":"https:\/\/villena.salesianos.edu\/colegio\/entrega-premios-ampa-don-bosco\/#article","isPartOf":{"@id":"https:\/\/villena.salesianos.edu\/colegio\/entrega-premios-ampa-don-bosco\/"},"author":{"name":"Gestor Web","@id":"https:\/\/villena.salesianos.edu\/colegio\/#\/schema\/person\/737fd46edc5ae7d6c9b94da26c0e9302"},"headline":"Entrega Premios Concursos AMPA Don Bosco","datePublished":"2021-02-12T11:11:12+00:00","dateModified":"2021-02-12T11:11:14+00:00","mainEntityOfPage":{"@id":"https:\/\/villena.salesianos.edu\/colegio\/entrega-premios-ampa-don-bosco\/"},"wordCount":585,"commentCount":0,"image":{"@id":"https:\/\/villena.salesianos.edu\/colegio\/entrega-premios-ampa-don-bosco\/#primaryimage"},"thumbnailUrl":"https:\/\/villena.salesianos.edu\/colegio\/wp-content\/uploads\/sites\/3\/2021\/02\/IMG_20210212_113020-scaled.jpg","articleSection":["AMPA","Colegio","Portada Noticias"],"inLanguage":"es","potentialAction":[{"@type":"CommentAction","name":"Comment","target":["https:\/\/villena.salesianos.edu\/colegio\/entrega-premios-ampa-don-bosco\/#respond"]}]},{"@type":"WebPage","@id":"https:\/\/villena.salesianos.edu\/colegio\/entrega-premios-ampa-don-bosco\/","url":"https:\/\/villena.salesianos.edu\/colegio\/entrega-premios-ampa-don-bosco\/","name":"Entrega Premios Concursos AMPA Don Bosco - Colegio Salesiano M\u00aa Auxiliadora Villena","isPartOf":{"@id":"https:\/\/villena.salesianos.edu\/colegio\/#website"},"primaryImageOfPage":{"@id":"https:\/\/villena.salesianos.edu\/colegio\/entrega-premios-ampa-don-bosco\/#primaryimage"},"image":{"@id":"https:\/\/villena.salesianos.edu\/colegio\/entrega-premios-ampa-don-bosco\/#primaryimage"},"thumbnailUrl":"https:\/\/villena.salesianos.edu\/colegio\/wp-content\/uploads\/sites\/3\/2021\/02\/IMG_20210212_113020-scaled.jpg","datePublished":"2021-02-12T11:11:12+00:00","dateModified":"2021-02-12T11:11:14+00:00","author":{"@id":"https:\/\/villena.salesianos.edu\/colegio\/#\/schema\/person\/737fd46edc5ae7d6c9b94da26c0e9302"},"breadcrumb":{"@id":"https:\/\/villena.salesianos.edu\/colegio\/entrega-premios-ampa-don-bosco\/#breadcrumb"},"inLanguage":"es","potentialAction":[{"@type":"ReadAction","target":["https:\/\/villena.salesianos.edu\/colegio\/entrega-premios-ampa-don-bosco\/"]}]},{"@type":"ImageObject","inLanguage":"es","@id":"https:\/\/villena.salesianos.edu\/colegio\/entrega-premios-ampa-don-bosco\/#primaryimage","url":"https:\/\/villena.salesianos.edu\/colegio\/wp-content\/uploads\/sites\/3\/2021\/02\/IMG_20210212_113020-scaled.jpg","contentUrl":"https:\/\/villena.salesianos.edu\/colegio\/wp-content\/uploads\/sites\/3\/2021\/02\/IMG_20210212_113020-scaled.jpg","width":2560,"height":1915},{"@type":"BreadcrumbList","@id":"https:\/\/villena.salesianos.edu\/colegio\/entrega-premios-ampa-don-bosco\/#breadcrumb","itemListElement":[{"@type":"ListItem","position":1,"name":"Portada","item":"https:\/\/villena.salesianos.edu\/colegio\/"},{"@type":"ListItem","position":2,"name":"Entrega Premios Concursos AMPA Don Bosco"}]},{"@type":"WebSite","@id":"https:\/\/villena.salesianos.edu\/colegio\/#website","url":"https:\/\/villena.salesianos.edu\/colegio\/","name":"Colegio Salesiano M\u00aa Auxiliadora Villena","description":"P\u00e1gina oficial Salesianos Villena","potentialAction":[{"@type":"SearchAction","target":{"@type":"EntryPoint","urlTemplate":"https:\/\/villena.salesianos.edu\/colegio\/?s={search_term_string}"},"query-input":{"@type":"PropertyValueSpecification","valueRequired":true,"valueName":"search_term_string"}}],"inLanguage":"es"},{"@type":"Person","@id":"https:\/\/villena.salesianos.edu\/colegio\/#\/schema\/person\/737fd46edc5ae7d6c9b94da26c0e9302","name":"Gestor Web","image":{"@type":"ImageObject","inLanguage":"es","@id":"https:\/\/secure.gravatar.com\/avatar\/44469746e1b6443cd011d1759fdc3b9fdcdae4a08dc0ddd85247651cb065486d?s=96&d=mm&r=g","url":"https:\/\/secure.gravatar.com\/avatar\/44469746e1b6443cd011d1759fdc3b9fdcdae4a08dc0ddd85247651cb065486d?s=96&d=mm&r=g","contentUrl":"https:\/\/secure.gravatar.com\/avatar\/44469746e1b6443cd011d1759fdc3b9fdcdae4a08dc0ddd85247651cb065486d?s=96&d=mm&r=g","caption":"Gestor Web"}}]}},"_links":{"self":[{"href":"https:\/\/villena.salesianos.edu\/colegio\/wp-json\/wp\/v2\/posts\/11029","targetHints":{"allow":["GET"]}}],"collection":[{"href":"https:\/\/villena.salesianos.edu\/colegio\/wp-json\/wp\/v2\/posts"}],"about":[{"href":"https:\/\/villena.salesianos.edu\/colegio\/wp-json\/wp\/v2\/types\/post"}],"author":[{"embeddable":true,"href":"https:\/\/villena.salesianos.edu\/colegio\/wp-json\/wp\/v2\/users\/2"}],"replies":[{"embeddable":true,"href":"https:\/\/villena.salesianos.edu\/colegio\/wp-json\/wp\/v2\/comments?post=11029"}],"version-history":[{"count":4,"href":"https:\/\/villena.salesianos.edu\/colegio\/wp-json\/wp\/v2\/posts\/11029\/revisions"}],"predecessor-version":[{"id":11035,"href":"https:\/\/villena.salesianos.edu\/colegio\/wp-json\/wp\/v2\/posts\/11029\/revisions\/11035"}],"wp:featuredmedia":[{"embeddable":true,"href":"https:\/\/villena.salesianos.edu\/colegio\/wp-json\/wp\/v2\/media\/11032"}],"wp:attachment":[{"href":"https:\/\/villena.salesianos.edu\/colegio\/wp-json\/wp\/v2\/media?parent=11029"}],"wp:term":[{"taxonomy":"category","embeddable":true,"href":"https:\/\/villena.salesianos.edu\/colegio\/wp-json\/wp\/v2\/categories?post=11029"},{"taxonomy":"post_tag","embeddable":true,"href":"https:\/\/villena.salesianos.edu\/colegio\/wp-json\/wp\/v2\/tags?post=11029"}],"curies":[{"name":"wp","href":"https:\/\/api.w.org\/{rel}","templated":true}]}}