{"id":11661,"date":"2022-06-10T09:30:38","date_gmt":"2022-06-10T08:30:38","guid":{"rendered":"https:\/\/villena.salesianos.edu\/colegio\/?p=11661"},"modified":"2022-06-10T09:40:58","modified_gmt":"2022-06-10T08:40:58","slug":"ayudas-de-comedor-escolar-curso-2022-2023","status":"publish","type":"post","link":"https:\/\/villena.salesianos.edu\/colegio\/ayudas-de-comedor-escolar-curso-2022-2023\/","title":{"rendered":"AYUDAS DE COMEDOR ESCOLAR curso 2022-2023"},"content":{"rendered":"<p>[et_pb_section fb_built=\u00bb1&#8243; admin_label=\u00bbsection\u00bb _builder_version=\u00bb4.16&#8243; global_colors_info=\u00bb{}\u00bb][et_pb_row admin_label=\u00bbrow\u00bb _builder_version=\u00bb4.16&#8243; background_size=\u00bbinitial\u00bb background_position=\u00bbtop_left\u00bb background_repeat=\u00bbrepeat\u00bb global_colors_info=\u00bb{}\u00bb][et_pb_column type=\u00bb4_4&#8243; _builder_version=\u00bb4.16&#8243; custom_padding=\u00bb|||\u00bb global_colors_info=\u00bb{}\u00bb custom_padding__hover=\u00bb|||\u00bb][et_pb_text admin_label=\u00bbEntradilla (Texto)\u00bb _builder_version=\u00bb4.17.4&#8243; text_font=\u00bb|on|||\u00bb text_orientation=\u00bbjustified\u00bb border_style=\u00bbsolid\u00bb global_colors_info=\u00bb{}\u00bb]<\/p>\n<p><strong>Ya est\u00e1 disponible la Resoluci\u00f3n para las ayudas de comedor escolar 2022-23<\/strong><\/p>\n<p>\u200b<\/p>\n<p>[\/et_pb_text][et_pb_text admin_label=\u00bbAutor (Texto)\u00bb _builder_version=\u00bb4.17.4&#8243; text_font=\u00bb||on||\u00bb border_style=\u00bbsolid\u00bb global_colors_info=\u00bb{}\u00bb]<\/p>\n<p><em>Por Secretar\u00eda del Centro<\/em><\/p>\n<p>[\/et_pb_text][et_pb_text admin_label=\u00bbDesarrollo (Texto)\u00bb _builder_version=\u00bb4.17.4&#8243; text_orientation=\u00bbjustified\u00bb hover_enabled=\u00bb0&#8243; border_style=\u00bbsolid\u00bb global_colors_info=\u00bb{}\u00bb sticky_enabled=\u00bb0&#8243;]<\/p>\n<p>El <strong>PLAZO DE PRESENTACI\u00d3N<\/strong> ser\u00e1 desde el martes 14 de junio de 2022 hasta el 13 de julio. Se podr\u00e1 presentar de lunes a jueves en horario de 09:00h a 13:00h.<\/p>\n<p>Ten\u00e9is dos formas de presentar la documentaci\u00f3n:<\/p>\n<ol>\n<li><strong>Para los alumnos\/as que SOLICITARON la ayuda de Comedor Escolar para el presente curso 21-22<\/strong>:<\/li>\n<\/ol>\n<p>Los padres podr\u00e1n solicitar en Secretar\u00eda un borrador de solicitud donde constan pregrabados los datos que ya obran en poder de la Conseller\u00eda.<\/p>\n<p>2. Para<strong> los alumnos\/as que NO SOLICITARON la ayuda de Comedor Escolar para el presente curso 21-221<\/strong>:<\/p>\n<ul>\n<li>Solicitud ANEXO I (se puede recoger en Secretar\u00eda)<\/li>\n<li>Fotocopia del DNI del padre, madre, tutores o solicitantes y del alumno\/a (SI DISPONE).<\/li>\n<li>Fotocopia del Libro de Familia.<\/li>\n<li>Fotocopia del t\u00edtulo de familia numerosa (en caso de acreditar familia numerosa).<\/li>\n<li>Fotocopia del certificado de grado de discapacidad del alumno,hermanos o padres (en caso de tener que acreditar dicha circunstancia).<\/li>\n<li>Para acreditar FAMILIA MONOPARENTAL: esta condici\u00f3n deber\u00e1 quedar fehacientemente acreditada por medio del t\u00edtulo de familia monoparental. En caso de no disponer de este carn\u00e9, tambi\u00e9n se podr\u00e1 acreditar con la aportaci\u00f3n del libro de familia y del certificado de defunci\u00f3n en el caso de viudedad, o de la sentencia judicial firme de separaci\u00f3n o divorcio, convenio regulador y certificado de empadronamiento colectivo donde resida el alumno.<\/li>\n<\/ul>\n<p>Para cualquier duda o problema poneros en contacto con la Secretar\u00eda del centro y os atenderemos.<\/p>\n<p>[\/et_pb_text][et_pb_text disabled_on=\u00bbon|on|on\u00bb admin_label=\u00bbT\u00edtulo: Galer\u00eda de fotos (Texto)\u00bb _builder_version=\u00bb4.16&#8243; text_font=\u00bb|on|||\u00bb text_text_color=\u00bb#dc001b\u00bb border_style=\u00bbsolid\u00bb disabled=\u00bbon\u00bb global_colors_info=\u00bb{}\u00bb]Galer\u00eda de im\u00e1genes<br \/>\n[\/et_pb_text][et_pb_gallery posts_number=\u00bb8&#8243; show_title_and_caption=\u00bboff\u00bb zoom_icon_color=\u00bb#dc001b\u00bb hover_icon=\u00bb&#x54;||divi||400&#8243; disabled_on=\u00bbon|on|on\u00bb admin_label=\u00bbGaler\u00eda\u00bb _builder_version=\u00bb4.16&#8243; border_style=\u00bbsolid\u00bb disabled=\u00bbon\u00bb global_colors_info=\u00bb{}\u00bb][\/et_pb_gallery][et_pb_video disabled_on=\u00bbon|on|on\u00bb admin_label=\u00bbV\u00eddeo\u00bb _builder_version=\u00bb4.16&#8243; disabled=\u00bbon\u00bb global_colors_info=\u00bb{}\u00bb][\/et_pb_video][\/et_pb_column][\/et_pb_row][\/et_pb_section]<\/p>\n","protected":false},"excerpt":{"rendered":"<p>Ya est\u00e1 disponible la Resoluci\u00f3n para las ayudas de comedor escolar 2022-23 \u200bPor Secretar\u00eda del CentroEl PLAZO DE PRESENTACI\u00d3N ser\u00e1 desde el martes 14 de junio de 2022 hasta el 13 de julio. Se podr\u00e1 presentar de lunes a jueves en horario de 09:00h a 13:00h. Ten\u00e9is dos formas de presentar la documentaci\u00f3n: Para los [&hellip;]<\/p>\n","protected":false},"author":2,"featured_media":11664,"comment_status":"open","ping_status":"open","sticky":false,"template":"","format":"standard","meta":{"_et_pb_use_builder":"on","_et_pb_old_content":"","_et_gb_content_width":"","footnotes":""},"categories":[22,24,48],"tags":[],"class_list":["post-11661","post","type-post","status-publish","format-standard","has-post-thumbnail","hentry","category-colegio","category-portadanoticias","category-secretaria"],"yoast_head":"<!-- This site is optimized with the Yoast SEO plugin v28.3 - https:\/\/yoast.com\/product\/yoast-seo-wordpress\/ -->\n<title>AYUDAS DE COMEDOR ESCOLAR curso 2022-2023 - Colegio Salesiano M\u00aa Auxiliadora Villena<\/title>\n<meta name=\"robots\" content=\"index, follow, max-snippet:-1, max-image-preview:large, max-video-preview:-1\" \/>\n<link rel=\"canonical\" href=\"https:\/\/villena.salesianos.edu\/colegio\/ayudas-de-comedor-escolar-curso-2022-2023\/\" \/>\n<meta property=\"og:locale\" content=\"es_ES\" \/>\n<meta property=\"og:type\" content=\"article\" \/>\n<meta property=\"og:title\" content=\"AYUDAS DE COMEDOR ESCOLAR curso 2022-2023 - Colegio Salesiano M\u00aa Auxiliadora Villena\" \/>\n<meta property=\"og:description\" content=\"Ya est\u00e1 disponible la Resoluci\u00f3n para las ayudas de comedor escolar 2022-23 \u200bPor Secretar\u00eda del CentroEl PLAZO DE PRESENTACI\u00d3N ser\u00e1 desde el martes 14 de junio de 2022 hasta el 13 de julio. Se podr\u00e1 presentar de lunes a jueves en horario de 09:00h a 13:00h. Ten\u00e9is dos formas de presentar la documentaci\u00f3n: Para los [&hellip;]\" \/>\n<meta property=\"og:url\" content=\"https:\/\/villena.salesianos.edu\/colegio\/ayudas-de-comedor-escolar-curso-2022-2023\/\" \/>\n<meta property=\"og:site_name\" content=\"Colegio Salesiano M\u00aa Auxiliadora Villena\" \/>\n<meta property=\"article:published_time\" content=\"2022-06-10T08:30:38+00:00\" \/>\n<meta property=\"article:modified_time\" content=\"2022-06-10T08:40:58+00:00\" \/>\n<meta property=\"og:image\" content=\"https:\/\/villena.salesianos.edu\/colegio\/wp-content\/uploads\/sites\/3\/2021\/06\/ValBeca-1.jpg\" \/>\n\t<meta property=\"og:image:width\" content=\"656\" \/>\n\t<meta property=\"og:image:height\" content=\"174\" \/>\n\t<meta property=\"og:image:type\" content=\"image\/jpeg\" \/>\n<meta name=\"author\" content=\"Gestor Web\" \/>\n<meta name=\"twitter:card\" content=\"summary_large_image\" \/>\n<meta name=\"twitter:label1\" content=\"Escrito por\" \/>\n\t<meta name=\"twitter:data1\" content=\"Gestor Web\" \/>\n\t<meta name=\"twitter:label2\" content=\"Tiempo de lectura\" \/>\n\t<meta name=\"twitter:data2\" content=\"3 minutos\" \/>\n<script type=\"application\/ld+json\" class=\"yoast-schema-graph\">{\"@context\":\"https:\\\/\\\/schema.org\",\"@graph\":[{\"@type\":\"Article\",\"@id\":\"https:\\\/\\\/villena.salesianos.edu\\\/colegio\\\/ayudas-de-comedor-escolar-curso-2022-2023\\\/#article\",\"isPartOf\":{\"@id\":\"https:\\\/\\\/villena.salesianos.edu\\\/colegio\\\/ayudas-de-comedor-escolar-curso-2022-2023\\\/\"},\"author\":{\"name\":\"Gestor Web\",\"@id\":\"https:\\\/\\\/villena.salesianos.edu\\\/colegio\\\/#\\\/schema\\\/person\\\/737fd46edc5ae7d6c9b94da26c0e9302\"},\"headline\":\"AYUDAS DE COMEDOR ESCOLAR curso 2022-2023\",\"datePublished\":\"2022-06-10T08:30:38+00:00\",\"dateModified\":\"2022-06-10T08:40:58+00:00\",\"mainEntityOfPage\":{\"@id\":\"https:\\\/\\\/villena.salesianos.edu\\\/colegio\\\/ayudas-de-comedor-escolar-curso-2022-2023\\\/\"},\"wordCount\":506,\"commentCount\":0,\"image\":{\"@id\":\"https:\\\/\\\/villena.salesianos.edu\\\/colegio\\\/ayudas-de-comedor-escolar-curso-2022-2023\\\/#primaryimage\"},\"thumbnailUrl\":\"https:\\\/\\\/villena.salesianos.edu\\\/colegio\\\/wp-content\\\/uploads\\\/sites\\\/3\\\/2021\\\/06\\\/ValBeca-1.jpg\",\"articleSection\":[\"Colegio\",\"Portada Noticias\",\"Secretar\u00eda\"],\"inLanguage\":\"es\",\"potentialAction\":[{\"@type\":\"CommentAction\",\"name\":\"Comment\",\"target\":[\"https:\\\/\\\/villena.salesianos.edu\\\/colegio\\\/ayudas-de-comedor-escolar-curso-2022-2023\\\/#respond\"]}]},{\"@type\":\"WebPage\",\"@id\":\"https:\\\/\\\/villena.salesianos.edu\\\/colegio\\\/ayudas-de-comedor-escolar-curso-2022-2023\\\/\",\"url\":\"https:\\\/\\\/villena.salesianos.edu\\\/colegio\\\/ayudas-de-comedor-escolar-curso-2022-2023\\\/\",\"name\":\"AYUDAS DE COMEDOR ESCOLAR curso 2022-2023 - Colegio Salesiano M\u00aa Auxiliadora Villena\",\"isPartOf\":{\"@id\":\"https:\\\/\\\/villena.salesianos.edu\\\/colegio\\\/#website\"},\"primaryImageOfPage\":{\"@id\":\"https:\\\/\\\/villena.salesianos.edu\\\/colegio\\\/ayudas-de-comedor-escolar-curso-2022-2023\\\/#primaryimage\"},\"image\":{\"@id\":\"https:\\\/\\\/villena.salesianos.edu\\\/colegio\\\/ayudas-de-comedor-escolar-curso-2022-2023\\\/#primaryimage\"},\"thumbnailUrl\":\"https:\\\/\\\/villena.salesianos.edu\\\/colegio\\\/wp-content\\\/uploads\\\/sites\\\/3\\\/2021\\\/06\\\/ValBeca-1.jpg\",\"datePublished\":\"2022-06-10T08:30:38+00:00\",\"dateModified\":\"2022-06-10T08:40:58+00:00\",\"author\":{\"@id\":\"https:\\\/\\\/villena.salesianos.edu\\\/colegio\\\/#\\\/schema\\\/person\\\/737fd46edc5ae7d6c9b94da26c0e9302\"},\"breadcrumb\":{\"@id\":\"https:\\\/\\\/villena.salesianos.edu\\\/colegio\\\/ayudas-de-comedor-escolar-curso-2022-2023\\\/#breadcrumb\"},\"inLanguage\":\"es\",\"potentialAction\":[{\"@type\":\"ReadAction\",\"target\":[\"https:\\\/\\\/villena.salesianos.edu\\\/colegio\\\/ayudas-de-comedor-escolar-curso-2022-2023\\\/\"]}]},{\"@type\":\"ImageObject\",\"inLanguage\":\"es\",\"@id\":\"https:\\\/\\\/villena.salesianos.edu\\\/colegio\\\/ayudas-de-comedor-escolar-curso-2022-2023\\\/#primaryimage\",\"url\":\"https:\\\/\\\/villena.salesianos.edu\\\/colegio\\\/wp-content\\\/uploads\\\/sites\\\/3\\\/2021\\\/06\\\/ValBeca-1.jpg\",\"contentUrl\":\"https:\\\/\\\/villena.salesianos.edu\\\/colegio\\\/wp-content\\\/uploads\\\/sites\\\/3\\\/2021\\\/06\\\/ValBeca-1.jpg\",\"width\":656,\"height\":174},{\"@type\":\"BreadcrumbList\",\"@id\":\"https:\\\/\\\/villena.salesianos.edu\\\/colegio\\\/ayudas-de-comedor-escolar-curso-2022-2023\\\/#breadcrumb\",\"itemListElement\":[{\"@type\":\"ListItem\",\"position\":1,\"name\":\"Portada\",\"item\":\"https:\\\/\\\/villena.salesianos.edu\\\/colegio\\\/\"},{\"@type\":\"ListItem\",\"position\":2,\"name\":\"AYUDAS DE COMEDOR ESCOLAR curso 2022-2023\"}]},{\"@type\":\"WebSite\",\"@id\":\"https:\\\/\\\/villena.salesianos.edu\\\/colegio\\\/#website\",\"url\":\"https:\\\/\\\/villena.salesianos.edu\\\/colegio\\\/\",\"name\":\"Colegio Salesiano M\u00aa Auxiliadora Villena\",\"description\":\"P\u00e1gina oficial Salesianos Villena\",\"potentialAction\":[{\"@type\":\"SearchAction\",\"target\":{\"@type\":\"EntryPoint\",\"urlTemplate\":\"https:\\\/\\\/villena.salesianos.edu\\\/colegio\\\/?s={search_term_string}\"},\"query-input\":{\"@type\":\"PropertyValueSpecification\",\"valueRequired\":true,\"valueName\":\"search_term_string\"}}],\"inLanguage\":\"es\"},{\"@type\":\"Person\",\"@id\":\"https:\\\/\\\/villena.salesianos.edu\\\/colegio\\\/#\\\/schema\\\/person\\\/737fd46edc5ae7d6c9b94da26c0e9302\",\"name\":\"Gestor Web\",\"image\":{\"@type\":\"ImageObject\",\"inLanguage\":\"es\",\"@id\":\"https:\\\/\\\/secure.gravatar.com\\\/avatar\\\/44469746e1b6443cd011d1759fdc3b9fdcdae4a08dc0ddd85247651cb065486d?s=96&d=mm&r=g\",\"url\":\"https:\\\/\\\/secure.gravatar.com\\\/avatar\\\/44469746e1b6443cd011d1759fdc3b9fdcdae4a08dc0ddd85247651cb065486d?s=96&d=mm&r=g\",\"contentUrl\":\"https:\\\/\\\/secure.gravatar.com\\\/avatar\\\/44469746e1b6443cd011d1759fdc3b9fdcdae4a08dc0ddd85247651cb065486d?s=96&d=mm&r=g\",\"caption\":\"Gestor Web\"}}]}<\/script>\n<!-- \/ Yoast SEO plugin. -->","yoast_head_json":{"title":"AYUDAS DE COMEDOR ESCOLAR curso 2022-2023 - Colegio Salesiano M\u00aa Auxiliadora Villena","robots":{"index":"index","follow":"follow","max-snippet":"max-snippet:-1","max-image-preview":"max-image-preview:large","max-video-preview":"max-video-preview:-1"},"canonical":"https:\/\/villena.salesianos.edu\/colegio\/ayudas-de-comedor-escolar-curso-2022-2023\/","og_locale":"es_ES","og_type":"article","og_title":"AYUDAS DE COMEDOR ESCOLAR curso 2022-2023 - Colegio Salesiano M\u00aa Auxiliadora Villena","og_description":"Ya est\u00e1 disponible la Resoluci\u00f3n para las ayudas de comedor escolar 2022-23 \u200bPor Secretar\u00eda del CentroEl PLAZO DE PRESENTACI\u00d3N ser\u00e1 desde el martes 14 de junio de 2022 hasta el 13 de julio. Se podr\u00e1 presentar de lunes a jueves en horario de 09:00h a 13:00h. Ten\u00e9is dos formas de presentar la documentaci\u00f3n: Para los [&hellip;]","og_url":"https:\/\/villena.salesianos.edu\/colegio\/ayudas-de-comedor-escolar-curso-2022-2023\/","og_site_name":"Colegio Salesiano M\u00aa Auxiliadora Villena","article_published_time":"2022-06-10T08:30:38+00:00","article_modified_time":"2022-06-10T08:40:58+00:00","og_image":[{"width":656,"height":174,"url":"https:\/\/villena.salesianos.edu\/colegio\/wp-content\/uploads\/sites\/3\/2021\/06\/ValBeca-1.jpg","type":"image\/jpeg"}],"author":"Gestor Web","twitter_card":"summary_large_image","twitter_misc":{"Escrito por":"Gestor Web","Tiempo de lectura":"3 minutos"},"schema":{"@context":"https:\/\/schema.org","@graph":[{"@type":"Article","@id":"https:\/\/villena.salesianos.edu\/colegio\/ayudas-de-comedor-escolar-curso-2022-2023\/#article","isPartOf":{"@id":"https:\/\/villena.salesianos.edu\/colegio\/ayudas-de-comedor-escolar-curso-2022-2023\/"},"author":{"name":"Gestor Web","@id":"https:\/\/villena.salesianos.edu\/colegio\/#\/schema\/person\/737fd46edc5ae7d6c9b94da26c0e9302"},"headline":"AYUDAS DE COMEDOR ESCOLAR curso 2022-2023","datePublished":"2022-06-10T08:30:38+00:00","dateModified":"2022-06-10T08:40:58+00:00","mainEntityOfPage":{"@id":"https:\/\/villena.salesianos.edu\/colegio\/ayudas-de-comedor-escolar-curso-2022-2023\/"},"wordCount":506,"commentCount":0,"image":{"@id":"https:\/\/villena.salesianos.edu\/colegio\/ayudas-de-comedor-escolar-curso-2022-2023\/#primaryimage"},"thumbnailUrl":"https:\/\/villena.salesianos.edu\/colegio\/wp-content\/uploads\/sites\/3\/2021\/06\/ValBeca-1.jpg","articleSection":["Colegio","Portada Noticias","Secretar\u00eda"],"inLanguage":"es","potentialAction":[{"@type":"CommentAction","name":"Comment","target":["https:\/\/villena.salesianos.edu\/colegio\/ayudas-de-comedor-escolar-curso-2022-2023\/#respond"]}]},{"@type":"WebPage","@id":"https:\/\/villena.salesianos.edu\/colegio\/ayudas-de-comedor-escolar-curso-2022-2023\/","url":"https:\/\/villena.salesianos.edu\/colegio\/ayudas-de-comedor-escolar-curso-2022-2023\/","name":"AYUDAS DE COMEDOR ESCOLAR curso 2022-2023 - Colegio Salesiano M\u00aa Auxiliadora Villena","isPartOf":{"@id":"https:\/\/villena.salesianos.edu\/colegio\/#website"},"primaryImageOfPage":{"@id":"https:\/\/villena.salesianos.edu\/colegio\/ayudas-de-comedor-escolar-curso-2022-2023\/#primaryimage"},"image":{"@id":"https:\/\/villena.salesianos.edu\/colegio\/ayudas-de-comedor-escolar-curso-2022-2023\/#primaryimage"},"thumbnailUrl":"https:\/\/villena.salesianos.edu\/colegio\/wp-content\/uploads\/sites\/3\/2021\/06\/ValBeca-1.jpg","datePublished":"2022-06-10T08:30:38+00:00","dateModified":"2022-06-10T08:40:58+00:00","author":{"@id":"https:\/\/villena.salesianos.edu\/colegio\/#\/schema\/person\/737fd46edc5ae7d6c9b94da26c0e9302"},"breadcrumb":{"@id":"https:\/\/villena.salesianos.edu\/colegio\/ayudas-de-comedor-escolar-curso-2022-2023\/#breadcrumb"},"inLanguage":"es","potentialAction":[{"@type":"ReadAction","target":["https:\/\/villena.salesianos.edu\/colegio\/ayudas-de-comedor-escolar-curso-2022-2023\/"]}]},{"@type":"ImageObject","inLanguage":"es","@id":"https:\/\/villena.salesianos.edu\/colegio\/ayudas-de-comedor-escolar-curso-2022-2023\/#primaryimage","url":"https:\/\/villena.salesianos.edu\/colegio\/wp-content\/uploads\/sites\/3\/2021\/06\/ValBeca-1.jpg","contentUrl":"https:\/\/villena.salesianos.edu\/colegio\/wp-content\/uploads\/sites\/3\/2021\/06\/ValBeca-1.jpg","width":656,"height":174},{"@type":"BreadcrumbList","@id":"https:\/\/villena.salesianos.edu\/colegio\/ayudas-de-comedor-escolar-curso-2022-2023\/#breadcrumb","itemListElement":[{"@type":"ListItem","position":1,"name":"Portada","item":"https:\/\/villena.salesianos.edu\/colegio\/"},{"@type":"ListItem","position":2,"name":"AYUDAS DE COMEDOR ESCOLAR curso 2022-2023"}]},{"@type":"WebSite","@id":"https:\/\/villena.salesianos.edu\/colegio\/#website","url":"https:\/\/villena.salesianos.edu\/colegio\/","name":"Colegio Salesiano M\u00aa Auxiliadora Villena","description":"P\u00e1gina oficial Salesianos Villena","potentialAction":[{"@type":"SearchAction","target":{"@type":"EntryPoint","urlTemplate":"https:\/\/villena.salesianos.edu\/colegio\/?s={search_term_string}"},"query-input":{"@type":"PropertyValueSpecification","valueRequired":true,"valueName":"search_term_string"}}],"inLanguage":"es"},{"@type":"Person","@id":"https:\/\/villena.salesianos.edu\/colegio\/#\/schema\/person\/737fd46edc5ae7d6c9b94da26c0e9302","name":"Gestor Web","image":{"@type":"ImageObject","inLanguage":"es","@id":"https:\/\/secure.gravatar.com\/avatar\/44469746e1b6443cd011d1759fdc3b9fdcdae4a08dc0ddd85247651cb065486d?s=96&d=mm&r=g","url":"https:\/\/secure.gravatar.com\/avatar\/44469746e1b6443cd011d1759fdc3b9fdcdae4a08dc0ddd85247651cb065486d?s=96&d=mm&r=g","contentUrl":"https:\/\/secure.gravatar.com\/avatar\/44469746e1b6443cd011d1759fdc3b9fdcdae4a08dc0ddd85247651cb065486d?s=96&d=mm&r=g","caption":"Gestor Web"}}]}},"_links":{"self":[{"href":"https:\/\/villena.salesianos.edu\/colegio\/wp-json\/wp\/v2\/posts\/11661","targetHints":{"allow":["GET"]}}],"collection":[{"href":"https:\/\/villena.salesianos.edu\/colegio\/wp-json\/wp\/v2\/posts"}],"about":[{"href":"https:\/\/villena.salesianos.edu\/colegio\/wp-json\/wp\/v2\/types\/post"}],"author":[{"embeddable":true,"href":"https:\/\/villena.salesianos.edu\/colegio\/wp-json\/wp\/v2\/users\/2"}],"replies":[{"embeddable":true,"href":"https:\/\/villena.salesianos.edu\/colegio\/wp-json\/wp\/v2\/comments?post=11661"}],"version-history":[{"count":5,"href":"https:\/\/villena.salesianos.edu\/colegio\/wp-json\/wp\/v2\/posts\/11661\/revisions"}],"predecessor-version":[{"id":13177,"href":"https:\/\/villena.salesianos.edu\/colegio\/wp-json\/wp\/v2\/posts\/11661\/revisions\/13177"}],"wp:featuredmedia":[{"embeddable":true,"href":"https:\/\/villena.salesianos.edu\/colegio\/wp-json\/wp\/v2\/media\/11664"}],"wp:attachment":[{"href":"https:\/\/villena.salesianos.edu\/colegio\/wp-json\/wp\/v2\/media?parent=11661"}],"wp:term":[{"taxonomy":"category","embeddable":true,"href":"https:\/\/villena.salesianos.edu\/colegio\/wp-json\/wp\/v2\/categories?post=11661"},{"taxonomy":"post_tag","embeddable":true,"href":"https:\/\/villena.salesianos.edu\/colegio\/wp-json\/wp\/v2\/tags?post=11661"}],"curies":[{"name":"wp","href":"https:\/\/api.w.org\/{rel}","templated":true}]}}