{"id":12065,"date":"2021-11-04T08:09:18","date_gmt":"2021-11-04T07:09:18","guid":{"rendered":"https:\/\/villena.salesianos.edu\/colegio\/?p=12065"},"modified":"2021-11-04T08:15:59","modified_gmt":"2021-11-04T07:15:59","slug":"dia-de-las-castanas","status":"publish","type":"post","link":"https:\/\/villena.salesianos.edu\/colegio\/dia-de-las-castanas\/","title":{"rendered":"\u00a1D\u00cdA DE CASTA\u00d1AS EN NUESTRO COLE!"},"content":{"rendered":"<p>[et_pb_section fb_built=\u00bb1&#8243; admin_label=\u00bbsection\u00bb _builder_version=\u00bb3.22&#8243; global_colors_info=\u00bb{}\u00bb][et_pb_row admin_label=\u00bbrow\u00bb _builder_version=\u00bb3.25&#8243; background_size=\u00bbinitial\u00bb background_position=\u00bbtop_left\u00bb background_repeat=\u00bbrepeat\u00bb global_colors_info=\u00bb{}\u00bb][et_pb_column type=\u00bb4_4&#8243; _builder_version=\u00bb3.25&#8243; custom_padding=\u00bb|||\u00bb global_colors_info=\u00bb{}\u00bb custom_padding__hover=\u00bb|||\u00bb][et_pb_text admin_label=\u00bbEntradilla (Texto)\u00bb _builder_version=\u00bb4.11.4&#8243; text_font=\u00bb|on|||\u00bb text_orientation=\u00bbjustified\u00bb border_style=\u00bbsolid\u00bb global_colors_info=\u00bb{}\u00bb]<\/p>\n<p>Los alumnos de Infantil, 1\u00ba y 2\u00ba de Primaria recuerdan el milagro de las casta\u00f1as de Don Bosco.<\/p>\n<p>[\/et_pb_text][et_pb_text admin_label=\u00bbAutor (Texto)\u00bb _builder_version=\u00bb4.11.4&#8243; text_font=\u00bb||on||\u00bb border_style=\u00bbsolid\u00bb global_colors_info=\u00bb{}\u00bb]<\/p>\n<p>Por Comunicaci\u00f3n<\/p>\n<p>[\/et_pb_text][et_pb_text admin_label=\u00bbDesarrollo (Texto)\u00bb _builder_version=\u00bb4.11.4&#8243; text_orientation=\u00bbjustified\u00bb hover_enabled=\u00bb0&#8243; border_style=\u00bbsolid\u00bb global_colors_info=\u00bb{}\u00bb sticky_enabled=\u00bb0&#8243;]<\/p>\n<p>Con mucha alegr\u00eda por poder retomar muchas de nuestras actividades m\u00e1s tradicionales, nuestro patio se ha llenado de olor a casta\u00f1as reci\u00e9n hechas para recordar el Milagro de las Casta\u00f1as de Don Bosco.<\/p>\n<p>Para los curiosos, as\u00ed describe Teresio Bosco este pasaje de la vida de Juan Bosco:<\/p>\n<p><em>\u00a0\u00a0\u00a0\u00a0\u00a0\u00a0\u00a0\u00a0\u00a0\u00a0\u00a0 <\/em>El di\u0301a de Difuntos llevo\u0301 Don Bosco a todos los Muchachos del Oratorio a visitar el cementerio y rezar. Les habi\u0301a prometido, para la vuelta, castan\u0303as cocidas. Y habi\u0301a hecho comprar tres grandes sacos. Pero Mama Margarita no habi\u0301a entendido bien sus deseos y no hizo cocer ma\u0301s que tres o cuatro kilos. Jose\u0301 Buzzetti, el jovenci\u0301smo \u201ceco\u0301nomo\u201d, llego\u0301 antes que los dema\u0301s a casa, vio lo sucedido y dijo:- Don Bosco va a quedar mal. Hay que deci\u0301rselo enseguida. Pero con el alboroto de la vuelta de la hambrienta tropa, Buzzetti no supo explicarse. Tomo\u0301 en sus manos Don Bosco la pequen\u0303a cesta y empezo\u0301 a repartir castan\u0303as con un gran cucharo\u0301n.<\/p>\n<p>En medio de la barahu\u0301nda le gritaba Buzzetti:- \u00a1Asi\u0301 no! \u00a1No hay para todos!- Hay tres sacos en la cocina- \u00a1No! \u00a1So\u0301lo esas! \u00a1So\u0301lo esas!. Intentaba decirle Buzzetti. Don Bosco no queri\u0301a creerle.- Yo les he prometido a todos. Sigamos mientras haya.Siguio\u0301 entregando un cazo a cada uno. Buzzetti miraba nervioso los pocos pun\u0303ados que quedaban en el fondo del cesto, y la fila de los que se acercaban, que pareci\u0301a cada vez ma\u0301s larga. Alguno empezo\u0301 a mirar con e\u0301l. De pronto casi se hizo silencio. Centenares de ojos desencajados miraban a aquel cesto que no se vaciaba nunca; Hubo para todos. Quiza\u0301s por primera vez, con las manos llenas de castan\u0303as, gritaron los muchachos aquella tarde: \u201c\u00a1Don Bosco es un santo!\u201d.<\/p>\n<p>Es por ello, que cada a\u00f1o llevamos a cabo esta celebraci\u00f3n. La <a href=\"https:\/\/villena.salesianos.edu\/familiasalesiana\/antiguosalumnos\/\"><b>Asociaci\u00f3n de Antiguos Alumnos<\/b><\/a> del colegio, junto con nuestro querido casta\u00f1ero, han preparado casta\u00f1as para todos los alumnos\/as de infantil, 1\u00ba y 2\u00ba de Primaria.<\/p>\n<p>Alumnos\/as de 4\u00ba de Secundaria han teatralizado este episodio de la vida de D.Bosco. Antes de deborar las tan preciadas casta\u00f1as, hemos podido bailar juntos la coreografia preparada para la ocasi\u00f3n.<\/p>\n<p>\u00a1Gracias a todos los colaboradores por hacer posible esta celebraci\u00f3n!<\/p>\n<p>Os dejamos un peque\u00f1o videoresumen del acto:<\/p>\n<p><iframe loading=\"lazy\" title=\"D\u00eda de las casta\u00f1as - Curso 21-22\" width=\"1080\" height=\"608\" src=\"https:\/\/www.youtube.com\/embed\/dgIJhKNIruM?feature=oembed\"  allow=\"accelerometer; autoplay; clipboard-write; encrypted-media; gyroscope; picture-in-picture\" allowfullscreen><\/iframe><\/p>\n<p>&nbsp;<\/p>\n<p>[\/et_pb_text][et_pb_text disabled_on=\u00bbon|on|on\u00bb admin_label=\u00bbT\u00edtulo: Galer\u00eda de fotos (Texto)\u00bb _builder_version=\u00bb3.27.4&#8243; text_font=\u00bb|on|||\u00bb text_text_color=\u00bb#dc001b\u00bb border_style=\u00bbsolid\u00bb disabled=\u00bbon\u00bb global_colors_info=\u00bb{}\u00bb]Galer\u00eda de im\u00e1genes<br \/>\n[\/et_pb_text][et_pb_gallery posts_number=\u00bb8&#8243; show_title_and_caption=\u00bboff\u00bb zoom_icon_color=\u00bb#dc001b\u00bb hover_icon=\u00bb%%51%%\u00bb disabled_on=\u00bbon|on|on\u00bb admin_label=\u00bbGaler\u00eda\u00bb _builder_version=\u00bb3.0.87&#8243; border_style=\u00bbsolid\u00bb disabled=\u00bbon\u00bb global_colors_info=\u00bb{}\u00bb][\/et_pb_gallery][et_pb_video src=\u00bbhttps:\/\/www.youtube.com\/watch?v=dgIJhKNIruM\u00bb disabled_on=\u00bboff|off|off\u00bb admin_label=\u00bbV\u00eddeo\u00bb _builder_version=\u00bb4.11.4&#8243; hover_enabled=\u00bb0&#8243; global_colors_info=\u00bb{}\u00bb sticky_enabled=\u00bb0&#8243;][\/et_pb_video][\/et_pb_column][\/et_pb_row][\/et_pb_section]<\/p>\n","protected":false},"excerpt":{"rendered":"<p>Los alumnos de Infantil, 1\u00ba y 2\u00ba de Primaria recuerdan el milagro de las casta\u00f1as de Don Bosco.Por Comunicaci\u00f3nCon mucha alegr\u00eda por poder retomar muchas de nuestras actividades m\u00e1s tradicionales, nuestro patio se ha llenado de olor a casta\u00f1as reci\u00e9n hechas para recordar el Milagro de las Casta\u00f1as de Don Bosco. Para los curiosos, as\u00ed [&hellip;]<\/p>\n","protected":false},"author":2,"featured_media":12069,"comment_status":"open","ping_status":"open","sticky":false,"template":"","format":"standard","meta":{"_et_pb_use_builder":"on","_et_pb_old_content":"","_et_gb_content_width":"","footnotes":""},"categories":[49,24],"tags":[],"class_list":["post-12065","post","type-post","status-publish","format-standard","has-post-thumbnail","hentry","category-antiguosalumnos","category-portadanoticias"],"yoast_head":"<!-- This site is optimized with the Yoast SEO plugin v28.3 - https:\/\/yoast.com\/product\/yoast-seo-wordpress\/ -->\n<title>\u00a1D\u00cdA DE CASTA\u00d1AS EN NUESTRO COLE! - Colegio Salesiano M\u00aa Auxiliadora Villena<\/title>\n<meta name=\"robots\" content=\"index, follow, max-snippet:-1, max-image-preview:large, max-video-preview:-1\" \/>\n<link rel=\"canonical\" href=\"https:\/\/villena.salesianos.edu\/colegio\/dia-de-las-castanas\/\" \/>\n<meta property=\"og:locale\" content=\"es_ES\" \/>\n<meta property=\"og:type\" content=\"article\" \/>\n<meta property=\"og:title\" content=\"\u00a1D\u00cdA DE CASTA\u00d1AS EN NUESTRO COLE! - Colegio Salesiano M\u00aa Auxiliadora Villena\" \/>\n<meta property=\"og:description\" content=\"Los alumnos de Infantil, 1\u00ba y 2\u00ba de Primaria recuerdan el milagro de las casta\u00f1as de Don Bosco.Por Comunicaci\u00f3nCon mucha alegr\u00eda por poder retomar muchas de nuestras actividades m\u00e1s tradicionales, nuestro patio se ha llenado de olor a casta\u00f1as reci\u00e9n hechas para recordar el Milagro de las Casta\u00f1as de Don Bosco. Para los curiosos, as\u00ed [&hellip;]\" \/>\n<meta property=\"og:url\" content=\"https:\/\/villena.salesianos.edu\/colegio\/dia-de-las-castanas\/\" \/>\n<meta property=\"og:site_name\" content=\"Colegio Salesiano M\u00aa Auxiliadora Villena\" \/>\n<meta property=\"article:published_time\" content=\"2021-11-04T07:09:18+00:00\" \/>\n<meta property=\"article:modified_time\" content=\"2021-11-04T07:15:59+00:00\" \/>\n<meta property=\"og:image\" content=\"https:\/\/villena.salesianos.edu\/colegio\/wp-content\/uploads\/sites\/3\/2021\/11\/Copia-de-Castanas-2021-Diseno-2-Facebook-2-e1636009125450.png\" \/>\n\t<meta property=\"og:image:width\" content=\"1496\" \/>\n\t<meta property=\"og:image:height\" content=\"876\" \/>\n\t<meta property=\"og:image:type\" content=\"image\/png\" \/>\n<meta name=\"author\" content=\"Gestor Web\" \/>\n<meta name=\"twitter:card\" content=\"summary_large_image\" \/>\n<meta name=\"twitter:label1\" content=\"Escrito por\" \/>\n\t<meta name=\"twitter:data1\" content=\"Gestor Web\" \/>\n\t<meta name=\"twitter:label2\" content=\"Tiempo de lectura\" \/>\n\t<meta name=\"twitter:data2\" content=\"3 minutos\" \/>\n<script type=\"application\/ld+json\" class=\"yoast-schema-graph\">{\"@context\":\"https:\\\/\\\/schema.org\",\"@graph\":[{\"@type\":\"Article\",\"@id\":\"https:\\\/\\\/villena.salesianos.edu\\\/colegio\\\/dia-de-las-castanas\\\/#article\",\"isPartOf\":{\"@id\":\"https:\\\/\\\/villena.salesianos.edu\\\/colegio\\\/dia-de-las-castanas\\\/\"},\"author\":{\"name\":\"Gestor Web\",\"@id\":\"https:\\\/\\\/villena.salesianos.edu\\\/colegio\\\/#\\\/schema\\\/person\\\/737fd46edc5ae7d6c9b94da26c0e9302\"},\"headline\":\"\u00a1D\u00cdA DE CASTA\u00d1AS EN NUESTRO COLE!\",\"datePublished\":\"2021-11-04T07:09:18+00:00\",\"dateModified\":\"2021-11-04T07:15:59+00:00\",\"mainEntityOfPage\":{\"@id\":\"https:\\\/\\\/villena.salesianos.edu\\\/colegio\\\/dia-de-las-castanas\\\/\"},\"wordCount\":688,\"commentCount\":0,\"image\":{\"@id\":\"https:\\\/\\\/villena.salesianos.edu\\\/colegio\\\/dia-de-las-castanas\\\/#primaryimage\"},\"thumbnailUrl\":\"https:\\\/\\\/villena.salesianos.edu\\\/colegio\\\/wp-content\\\/uploads\\\/sites\\\/3\\\/2021\\\/11\\\/Copia-de-Castanas-2021-Diseno-2-Facebook-2-e1636009125450.png\",\"articleSection\":[\"Antiguos Alumnos\",\"Portada Noticias\"],\"inLanguage\":\"es\",\"potentialAction\":[{\"@type\":\"CommentAction\",\"name\":\"Comment\",\"target\":[\"https:\\\/\\\/villena.salesianos.edu\\\/colegio\\\/dia-de-las-castanas\\\/#respond\"]}]},{\"@type\":\"WebPage\",\"@id\":\"https:\\\/\\\/villena.salesianos.edu\\\/colegio\\\/dia-de-las-castanas\\\/\",\"url\":\"https:\\\/\\\/villena.salesianos.edu\\\/colegio\\\/dia-de-las-castanas\\\/\",\"name\":\"\u00a1D\u00cdA DE CASTA\u00d1AS EN NUESTRO COLE! - Colegio Salesiano M\u00aa Auxiliadora Villena\",\"isPartOf\":{\"@id\":\"https:\\\/\\\/villena.salesianos.edu\\\/colegio\\\/#website\"},\"primaryImageOfPage\":{\"@id\":\"https:\\\/\\\/villena.salesianos.edu\\\/colegio\\\/dia-de-las-castanas\\\/#primaryimage\"},\"image\":{\"@id\":\"https:\\\/\\\/villena.salesianos.edu\\\/colegio\\\/dia-de-las-castanas\\\/#primaryimage\"},\"thumbnailUrl\":\"https:\\\/\\\/villena.salesianos.edu\\\/colegio\\\/wp-content\\\/uploads\\\/sites\\\/3\\\/2021\\\/11\\\/Copia-de-Castanas-2021-Diseno-2-Facebook-2-e1636009125450.png\",\"datePublished\":\"2021-11-04T07:09:18+00:00\",\"dateModified\":\"2021-11-04T07:15:59+00:00\",\"author\":{\"@id\":\"https:\\\/\\\/villena.salesianos.edu\\\/colegio\\\/#\\\/schema\\\/person\\\/737fd46edc5ae7d6c9b94da26c0e9302\"},\"breadcrumb\":{\"@id\":\"https:\\\/\\\/villena.salesianos.edu\\\/colegio\\\/dia-de-las-castanas\\\/#breadcrumb\"},\"inLanguage\":\"es\",\"potentialAction\":[{\"@type\":\"ReadAction\",\"target\":[\"https:\\\/\\\/villena.salesianos.edu\\\/colegio\\\/dia-de-las-castanas\\\/\"]}]},{\"@type\":\"ImageObject\",\"inLanguage\":\"es\",\"@id\":\"https:\\\/\\\/villena.salesianos.edu\\\/colegio\\\/dia-de-las-castanas\\\/#primaryimage\",\"url\":\"https:\\\/\\\/villena.salesianos.edu\\\/colegio\\\/wp-content\\\/uploads\\\/sites\\\/3\\\/2021\\\/11\\\/Copia-de-Castanas-2021-Diseno-2-Facebook-2-e1636009125450.png\",\"contentUrl\":\"https:\\\/\\\/villena.salesianos.edu\\\/colegio\\\/wp-content\\\/uploads\\\/sites\\\/3\\\/2021\\\/11\\\/Copia-de-Castanas-2021-Diseno-2-Facebook-2-e1636009125450.png\",\"width\":1496,\"height\":876},{\"@type\":\"BreadcrumbList\",\"@id\":\"https:\\\/\\\/villena.salesianos.edu\\\/colegio\\\/dia-de-las-castanas\\\/#breadcrumb\",\"itemListElement\":[{\"@type\":\"ListItem\",\"position\":1,\"name\":\"Portada\",\"item\":\"https:\\\/\\\/villena.salesianos.edu\\\/colegio\\\/\"},{\"@type\":\"ListItem\",\"position\":2,\"name\":\"\u00a1D\u00cdA DE CASTA\u00d1AS EN NUESTRO COLE!\"}]},{\"@type\":\"WebSite\",\"@id\":\"https:\\\/\\\/villena.salesianos.edu\\\/colegio\\\/#website\",\"url\":\"https:\\\/\\\/villena.salesianos.edu\\\/colegio\\\/\",\"name\":\"Colegio Salesiano M\u00aa Auxiliadora Villena\",\"description\":\"P\u00e1gina oficial Salesianos Villena\",\"potentialAction\":[{\"@type\":\"SearchAction\",\"target\":{\"@type\":\"EntryPoint\",\"urlTemplate\":\"https:\\\/\\\/villena.salesianos.edu\\\/colegio\\\/?s={search_term_string}\"},\"query-input\":{\"@type\":\"PropertyValueSpecification\",\"valueRequired\":true,\"valueName\":\"search_term_string\"}}],\"inLanguage\":\"es\"},{\"@type\":\"Person\",\"@id\":\"https:\\\/\\\/villena.salesianos.edu\\\/colegio\\\/#\\\/schema\\\/person\\\/737fd46edc5ae7d6c9b94da26c0e9302\",\"name\":\"Gestor Web\",\"image\":{\"@type\":\"ImageObject\",\"inLanguage\":\"es\",\"@id\":\"https:\\\/\\\/secure.gravatar.com\\\/avatar\\\/44469746e1b6443cd011d1759fdc3b9fdcdae4a08dc0ddd85247651cb065486d?s=96&d=mm&r=g\",\"url\":\"https:\\\/\\\/secure.gravatar.com\\\/avatar\\\/44469746e1b6443cd011d1759fdc3b9fdcdae4a08dc0ddd85247651cb065486d?s=96&d=mm&r=g\",\"contentUrl\":\"https:\\\/\\\/secure.gravatar.com\\\/avatar\\\/44469746e1b6443cd011d1759fdc3b9fdcdae4a08dc0ddd85247651cb065486d?s=96&d=mm&r=g\",\"caption\":\"Gestor Web\"}}]}<\/script>\n<!-- \/ Yoast SEO plugin. -->","yoast_head_json":{"title":"\u00a1D\u00cdA DE CASTA\u00d1AS EN NUESTRO COLE! - Colegio Salesiano M\u00aa Auxiliadora Villena","robots":{"index":"index","follow":"follow","max-snippet":"max-snippet:-1","max-image-preview":"max-image-preview:large","max-video-preview":"max-video-preview:-1"},"canonical":"https:\/\/villena.salesianos.edu\/colegio\/dia-de-las-castanas\/","og_locale":"es_ES","og_type":"article","og_title":"\u00a1D\u00cdA DE CASTA\u00d1AS EN NUESTRO COLE! - Colegio Salesiano M\u00aa Auxiliadora Villena","og_description":"Los alumnos de Infantil, 1\u00ba y 2\u00ba de Primaria recuerdan el milagro de las casta\u00f1as de Don Bosco.Por Comunicaci\u00f3nCon mucha alegr\u00eda por poder retomar muchas de nuestras actividades m\u00e1s tradicionales, nuestro patio se ha llenado de olor a casta\u00f1as reci\u00e9n hechas para recordar el Milagro de las Casta\u00f1as de Don Bosco. Para los curiosos, as\u00ed [&hellip;]","og_url":"https:\/\/villena.salesianos.edu\/colegio\/dia-de-las-castanas\/","og_site_name":"Colegio Salesiano M\u00aa Auxiliadora Villena","article_published_time":"2021-11-04T07:09:18+00:00","article_modified_time":"2021-11-04T07:15:59+00:00","og_image":[{"width":1496,"height":876,"url":"https:\/\/villena.salesianos.edu\/colegio\/wp-content\/uploads\/sites\/3\/2021\/11\/Copia-de-Castanas-2021-Diseno-2-Facebook-2-e1636009125450.png","type":"image\/png"}],"author":"Gestor Web","twitter_card":"summary_large_image","twitter_misc":{"Escrito por":"Gestor Web","Tiempo de lectura":"3 minutos"},"schema":{"@context":"https:\/\/schema.org","@graph":[{"@type":"Article","@id":"https:\/\/villena.salesianos.edu\/colegio\/dia-de-las-castanas\/#article","isPartOf":{"@id":"https:\/\/villena.salesianos.edu\/colegio\/dia-de-las-castanas\/"},"author":{"name":"Gestor Web","@id":"https:\/\/villena.salesianos.edu\/colegio\/#\/schema\/person\/737fd46edc5ae7d6c9b94da26c0e9302"},"headline":"\u00a1D\u00cdA DE CASTA\u00d1AS EN NUESTRO COLE!","datePublished":"2021-11-04T07:09:18+00:00","dateModified":"2021-11-04T07:15:59+00:00","mainEntityOfPage":{"@id":"https:\/\/villena.salesianos.edu\/colegio\/dia-de-las-castanas\/"},"wordCount":688,"commentCount":0,"image":{"@id":"https:\/\/villena.salesianos.edu\/colegio\/dia-de-las-castanas\/#primaryimage"},"thumbnailUrl":"https:\/\/villena.salesianos.edu\/colegio\/wp-content\/uploads\/sites\/3\/2021\/11\/Copia-de-Castanas-2021-Diseno-2-Facebook-2-e1636009125450.png","articleSection":["Antiguos Alumnos","Portada Noticias"],"inLanguage":"es","potentialAction":[{"@type":"CommentAction","name":"Comment","target":["https:\/\/villena.salesianos.edu\/colegio\/dia-de-las-castanas\/#respond"]}]},{"@type":"WebPage","@id":"https:\/\/villena.salesianos.edu\/colegio\/dia-de-las-castanas\/","url":"https:\/\/villena.salesianos.edu\/colegio\/dia-de-las-castanas\/","name":"\u00a1D\u00cdA DE CASTA\u00d1AS EN NUESTRO COLE! - Colegio Salesiano M\u00aa Auxiliadora Villena","isPartOf":{"@id":"https:\/\/villena.salesianos.edu\/colegio\/#website"},"primaryImageOfPage":{"@id":"https:\/\/villena.salesianos.edu\/colegio\/dia-de-las-castanas\/#primaryimage"},"image":{"@id":"https:\/\/villena.salesianos.edu\/colegio\/dia-de-las-castanas\/#primaryimage"},"thumbnailUrl":"https:\/\/villena.salesianos.edu\/colegio\/wp-content\/uploads\/sites\/3\/2021\/11\/Copia-de-Castanas-2021-Diseno-2-Facebook-2-e1636009125450.png","datePublished":"2021-11-04T07:09:18+00:00","dateModified":"2021-11-04T07:15:59+00:00","author":{"@id":"https:\/\/villena.salesianos.edu\/colegio\/#\/schema\/person\/737fd46edc5ae7d6c9b94da26c0e9302"},"breadcrumb":{"@id":"https:\/\/villena.salesianos.edu\/colegio\/dia-de-las-castanas\/#breadcrumb"},"inLanguage":"es","potentialAction":[{"@type":"ReadAction","target":["https:\/\/villena.salesianos.edu\/colegio\/dia-de-las-castanas\/"]}]},{"@type":"ImageObject","inLanguage":"es","@id":"https:\/\/villena.salesianos.edu\/colegio\/dia-de-las-castanas\/#primaryimage","url":"https:\/\/villena.salesianos.edu\/colegio\/wp-content\/uploads\/sites\/3\/2021\/11\/Copia-de-Castanas-2021-Diseno-2-Facebook-2-e1636009125450.png","contentUrl":"https:\/\/villena.salesianos.edu\/colegio\/wp-content\/uploads\/sites\/3\/2021\/11\/Copia-de-Castanas-2021-Diseno-2-Facebook-2-e1636009125450.png","width":1496,"height":876},{"@type":"BreadcrumbList","@id":"https:\/\/villena.salesianos.edu\/colegio\/dia-de-las-castanas\/#breadcrumb","itemListElement":[{"@type":"ListItem","position":1,"name":"Portada","item":"https:\/\/villena.salesianos.edu\/colegio\/"},{"@type":"ListItem","position":2,"name":"\u00a1D\u00cdA DE CASTA\u00d1AS EN NUESTRO COLE!"}]},{"@type":"WebSite","@id":"https:\/\/villena.salesianos.edu\/colegio\/#website","url":"https:\/\/villena.salesianos.edu\/colegio\/","name":"Colegio Salesiano M\u00aa Auxiliadora Villena","description":"P\u00e1gina oficial Salesianos Villena","potentialAction":[{"@type":"SearchAction","target":{"@type":"EntryPoint","urlTemplate":"https:\/\/villena.salesianos.edu\/colegio\/?s={search_term_string}"},"query-input":{"@type":"PropertyValueSpecification","valueRequired":true,"valueName":"search_term_string"}}],"inLanguage":"es"},{"@type":"Person","@id":"https:\/\/villena.salesianos.edu\/colegio\/#\/schema\/person\/737fd46edc5ae7d6c9b94da26c0e9302","name":"Gestor Web","image":{"@type":"ImageObject","inLanguage":"es","@id":"https:\/\/secure.gravatar.com\/avatar\/44469746e1b6443cd011d1759fdc3b9fdcdae4a08dc0ddd85247651cb065486d?s=96&d=mm&r=g","url":"https:\/\/secure.gravatar.com\/avatar\/44469746e1b6443cd011d1759fdc3b9fdcdae4a08dc0ddd85247651cb065486d?s=96&d=mm&r=g","contentUrl":"https:\/\/secure.gravatar.com\/avatar\/44469746e1b6443cd011d1759fdc3b9fdcdae4a08dc0ddd85247651cb065486d?s=96&d=mm&r=g","caption":"Gestor Web"}}]}},"_links":{"self":[{"href":"https:\/\/villena.salesianos.edu\/colegio\/wp-json\/wp\/v2\/posts\/12065","targetHints":{"allow":["GET"]}}],"collection":[{"href":"https:\/\/villena.salesianos.edu\/colegio\/wp-json\/wp\/v2\/posts"}],"about":[{"href":"https:\/\/villena.salesianos.edu\/colegio\/wp-json\/wp\/v2\/types\/post"}],"author":[{"embeddable":true,"href":"https:\/\/villena.salesianos.edu\/colegio\/wp-json\/wp\/v2\/users\/2"}],"replies":[{"embeddable":true,"href":"https:\/\/villena.salesianos.edu\/colegio\/wp-json\/wp\/v2\/comments?post=12065"}],"version-history":[{"count":9,"href":"https:\/\/villena.salesianos.edu\/colegio\/wp-json\/wp\/v2\/posts\/12065\/revisions"}],"predecessor-version":[{"id":12082,"href":"https:\/\/villena.salesianos.edu\/colegio\/wp-json\/wp\/v2\/posts\/12065\/revisions\/12082"}],"wp:featuredmedia":[{"embeddable":true,"href":"https:\/\/villena.salesianos.edu\/colegio\/wp-json\/wp\/v2\/media\/12069"}],"wp:attachment":[{"href":"https:\/\/villena.salesianos.edu\/colegio\/wp-json\/wp\/v2\/media?parent=12065"}],"wp:term":[{"taxonomy":"category","embeddable":true,"href":"https:\/\/villena.salesianos.edu\/colegio\/wp-json\/wp\/v2\/categories?post=12065"},{"taxonomy":"post_tag","embeddable":true,"href":"https:\/\/villena.salesianos.edu\/colegio\/wp-json\/wp\/v2\/tags?post=12065"}],"curies":[{"name":"wp","href":"https:\/\/api.w.org\/{rel}","templated":true}]}}