{"id":12222,"date":"2021-12-15T21:50:29","date_gmt":"2021-12-15T20:50:29","guid":{"rendered":"https:\/\/villena.salesianos.edu\/colegio\/?p=12222"},"modified":"2021-12-15T21:55:42","modified_gmt":"2021-12-15T20:55:42","slug":"premiados-concurso-de-dibujo-antiguos-alumnos","status":"publish","type":"post","link":"https:\/\/villena.salesianos.edu\/colegio\/premiados-concurso-de-dibujo-antiguos-alumnos\/","title":{"rendered":"CONCURSO DE POSTALES NAVIDE\u00d1AS &#8211; ANTIGUOS ALUMNOS"},"content":{"rendered":"<p>[et_pb_section fb_built=\u00bb1&#8243; admin_label=\u00bbsection\u00bb _builder_version=\u00bb3.22&#8243; global_colors_info=\u00bb{}\u00bb][et_pb_row admin_label=\u00bbrow\u00bb _builder_version=\u00bb3.25&#8243; background_size=\u00bbinitial\u00bb background_position=\u00bbtop_left\u00bb background_repeat=\u00bbrepeat\u00bb global_colors_info=\u00bb{}\u00bb][et_pb_column type=\u00bb4_4&#8243; _builder_version=\u00bb3.25&#8243; custom_padding=\u00bb|||\u00bb global_colors_info=\u00bb{}\u00bb custom_padding__hover=\u00bb|||\u00bb][et_pb_text admin_label=\u00bbEntradilla (Texto)\u00bb _builder_version=\u00bb4.14.2&#8243; text_font=\u00bb|on|||\u00bb text_orientation=\u00bbjustified\u00bb border_style=\u00bbsolid\u00bb global_colors_info=\u00bb{}\u00bb]<\/p>\n<p><strong>Antiguos Alumnos celebra su tradicional Concurso de Dibujo navide\u00f1o.<\/strong> <\/p>\n<p>[\/et_pb_text][et_pb_text admin_label=\u00bbAutor (Texto)\u00bb _builder_version=\u00bb3.27.4&#8243; text_font=\u00bb||on||\u00bb border_style=\u00bbsolid\u00bb global_colors_info=\u00bb{}\u00bb]Por<br \/>\n[\/et_pb_text][et_pb_text admin_label=\u00bbDesarrollo (Texto)\u00bb _builder_version=\u00bb4.14.2&#8243; text_orientation=\u00bbjustified\u00bb border_style=\u00bbsolid\u00bb global_colors_info=\u00bb{}\u00bb]<\/p>\n<p>Un a\u00f1o m\u00e1s, la Asociaci\u00f3n de Antiguos Alumnos de nuestra casa lanza el Concurso de Postales Navide\u00f1as. En \u00e9l, todos los alumnos\/as de Primaria y Secundaria elaboran un dibujo\/postal en el que aparece el nacimiento del ni\u00f1o Jes\u00fas.<\/p>\n<p>Tras una dif\u00edcil deliberaci\u00f3n, los premiados de las diferentes categor\u00edas son los siguientes:<\/p>\n<p><strong>CATEGOR\u00cdA 1\u00ba A 3\u00ba DE PRIMARIA:\u00a0<\/strong><\/p>\n<p>1\u00ba PREMIO: Marcos M. J. de 2\u00ba A de Primaria<\/p>\n<p>2\u00ba PREMIO: Jade C. B.\u00a0 de 3\u00baA de Primaria<\/p>\n<p><strong>CATEGOR\u00cdA 4\u00ba A 6\u00ba DE PRIMARIA:\u00a0<\/strong><\/p>\n<p>1\u00ba PREMIO: Jimena H.G. de 6\u00baB de Primaria<\/p>\n<p>2\u00ba PREMIO: Victoria P.V.\u00a0 de 3\u00baA de 6\u00baA Primaria<\/p>\n<p><strong>CATEGOR\u00cdA SECUNDARIA:\u00a0<\/strong><\/p>\n<p>1\u00ba PREMIO: Luc\u00eda G.M. de 4\u00baA de ESO<\/p>\n<p>2\u00ba PREMIO: Mar\u00eda F. D. de 4\u00baB de ESO<\/p>\n<p>La ganadora de Secundaria ser\u00e1 la imagen de la postal de Navidad de nuestra Casa.<\/p>\n<p>A todos los participantes \u00a1enhorabuena por tanto talento y creatividad!<\/p>\n<p>[\/et_pb_text][et_pb_text disabled_on=\u00bbon|on|on\u00bb admin_label=\u00bbT\u00edtulo: Galer\u00eda de fotos (Texto)\u00bb _builder_version=\u00bb4.14.2&#8243; text_font=\u00bb|on|||\u00bb text_text_color=\u00bb#dc001b\u00bb border_style=\u00bbsolid\u00bb disabled=\u00bbon\u00bb global_colors_info=\u00bb{}\u00bb]<\/p>\n<p>Galer\u00eda de im\u00e1genes<\/p>\n<p>[\/et_pb_text][et_pb_gallery gallery_ids=\u00bb12234,12246,12238,12231,12233,12237,12230,12236,12232,12239&#8243; posts_number=\u00bb8&#8243; show_title_and_caption=\u00bboff\u00bb zoom_icon_color=\u00bb#dc001b\u00bb hover_icon=\u00bb&#x54;||divi||400&#8243; disabled_on=\u00bboff|off|off\u00bb admin_label=\u00bbGaler\u00eda\u00bb _builder_version=\u00bb4.14.2&#8243; hover_enabled=\u00bb0&#8243; border_style=\u00bbsolid\u00bb global_colors_info=\u00bb{}\u00bb sticky_enabled=\u00bb0&#8243;][\/et_pb_gallery][et_pb_video disabled_on=\u00bbon|on|on\u00bb admin_label=\u00bbV\u00eddeo\u00bb _builder_version=\u00bb3.0.51&#8243; disabled=\u00bbon\u00bb global_colors_info=\u00bb{}\u00bb][\/et_pb_video][\/et_pb_column][\/et_pb_row][\/et_pb_section]<\/p>\n","protected":false},"excerpt":{"rendered":"<p>Antiguos Alumnos celebra su tradicional Concurso de Dibujo navide\u00f1o. Por Un a\u00f1o m\u00e1s, la Asociaci\u00f3n de Antiguos Alumnos de nuestra casa lanza el Concurso de Postales Navide\u00f1as. En \u00e9l, todos los alumnos\/as de Primaria y Secundaria elaboran un dibujo\/postal en el que aparece el nacimiento del ni\u00f1o Jes\u00fas. Tras una dif\u00edcil deliberaci\u00f3n, los premiados de [&hellip;]<\/p>\n","protected":false},"author":2,"featured_media":12225,"comment_status":"open","ping_status":"open","sticky":false,"template":"","format":"standard","meta":{"_et_pb_use_builder":"on","_et_pb_old_content":"","_et_gb_content_width":"","footnotes":""},"categories":[49,24],"tags":[],"class_list":["post-12222","post","type-post","status-publish","format-standard","has-post-thumbnail","hentry","category-antiguosalumnos","category-portadanoticias"],"yoast_head":"<!-- This site is optimized with the Yoast SEO plugin v28.3 - https:\/\/yoast.com\/product\/yoast-seo-wordpress\/ -->\n<title>CONCURSO DE POSTALES NAVIDE\u00d1AS - ANTIGUOS ALUMNOS - Colegio Salesiano M\u00aa Auxiliadora Villena<\/title>\n<meta name=\"robots\" content=\"index, follow, max-snippet:-1, max-image-preview:large, max-video-preview:-1\" \/>\n<link rel=\"canonical\" href=\"https:\/\/villena.salesianos.edu\/colegio\/premiados-concurso-de-dibujo-antiguos-alumnos\/\" \/>\n<meta property=\"og:locale\" content=\"es_ES\" \/>\n<meta property=\"og:type\" content=\"article\" \/>\n<meta property=\"og:title\" content=\"CONCURSO DE POSTALES NAVIDE\u00d1AS - ANTIGUOS ALUMNOS - Colegio Salesiano M\u00aa Auxiliadora Villena\" \/>\n<meta property=\"og:description\" content=\"Antiguos Alumnos celebra su tradicional Concurso de Dibujo navide\u00f1o. Por Un a\u00f1o m\u00e1s, la Asociaci\u00f3n de Antiguos Alumnos de nuestra casa lanza el Concurso de Postales Navide\u00f1as. En \u00e9l, todos los alumnos\/as de Primaria y Secundaria elaboran un dibujo\/postal en el que aparece el nacimiento del ni\u00f1o Jes\u00fas. Tras una dif\u00edcil deliberaci\u00f3n, los premiados de [&hellip;]\" \/>\n<meta property=\"og:url\" content=\"https:\/\/villena.salesianos.edu\/colegio\/premiados-concurso-de-dibujo-antiguos-alumnos\/\" \/>\n<meta property=\"og:site_name\" content=\"Colegio Salesiano M\u00aa Auxiliadora Villena\" \/>\n<meta property=\"article:published_time\" content=\"2021-12-15T20:50:29+00:00\" \/>\n<meta property=\"article:modified_time\" content=\"2021-12-15T20:55:42+00:00\" \/>\n<meta property=\"og:image\" content=\"https:\/\/villena.salesianos.edu\/colegio\/wp-content\/uploads\/sites\/3\/2021\/12\/1o-PREMIO-4o-6oPRI-Jimena-Hernandez-Garcia-6oB-1-scaled.jpg\" \/>\n\t<meta property=\"og:image:width\" content=\"2560\" \/>\n\t<meta property=\"og:image:height\" content=\"1854\" \/>\n\t<meta property=\"og:image:type\" content=\"image\/jpeg\" \/>\n<meta name=\"author\" content=\"Gestor Web\" \/>\n<meta name=\"twitter:card\" content=\"summary_large_image\" \/>\n<meta name=\"twitter:label1\" content=\"Escrito por\" \/>\n\t<meta name=\"twitter:data1\" content=\"Gestor Web\" \/>\n\t<meta name=\"twitter:label2\" content=\"Tiempo de lectura\" \/>\n\t<meta name=\"twitter:data2\" content=\"2 minutos\" \/>\n<script type=\"application\/ld+json\" class=\"yoast-schema-graph\">{\"@context\":\"https:\\\/\\\/schema.org\",\"@graph\":[{\"@type\":\"Article\",\"@id\":\"https:\\\/\\\/villena.salesianos.edu\\\/colegio\\\/premiados-concurso-de-dibujo-antiguos-alumnos\\\/#article\",\"isPartOf\":{\"@id\":\"https:\\\/\\\/villena.salesianos.edu\\\/colegio\\\/premiados-concurso-de-dibujo-antiguos-alumnos\\\/\"},\"author\":{\"name\":\"Gestor Web\",\"@id\":\"https:\\\/\\\/villena.salesianos.edu\\\/colegio\\\/#\\\/schema\\\/person\\\/737fd46edc5ae7d6c9b94da26c0e9302\"},\"headline\":\"CONCURSO DE POSTALES NAVIDE\u00d1AS &#8211; ANTIGUOS ALUMNOS\",\"datePublished\":\"2021-12-15T20:50:29+00:00\",\"dateModified\":\"2021-12-15T20:55:42+00:00\",\"mainEntityOfPage\":{\"@id\":\"https:\\\/\\\/villena.salesianos.edu\\\/colegio\\\/premiados-concurso-de-dibujo-antiguos-alumnos\\\/\"},\"wordCount\":403,\"commentCount\":0,\"image\":{\"@id\":\"https:\\\/\\\/villena.salesianos.edu\\\/colegio\\\/premiados-concurso-de-dibujo-antiguos-alumnos\\\/#primaryimage\"},\"thumbnailUrl\":\"https:\\\/\\\/villena.salesianos.edu\\\/colegio\\\/wp-content\\\/uploads\\\/sites\\\/3\\\/2021\\\/12\\\/1o-PREMIO-4o-6oPRI-Jimena-Hernandez-Garcia-6oB-1-scaled.jpg\",\"articleSection\":[\"Antiguos Alumnos\",\"Portada Noticias\"],\"inLanguage\":\"es\",\"potentialAction\":[{\"@type\":\"CommentAction\",\"name\":\"Comment\",\"target\":[\"https:\\\/\\\/villena.salesianos.edu\\\/colegio\\\/premiados-concurso-de-dibujo-antiguos-alumnos\\\/#respond\"]}]},{\"@type\":\"WebPage\",\"@id\":\"https:\\\/\\\/villena.salesianos.edu\\\/colegio\\\/premiados-concurso-de-dibujo-antiguos-alumnos\\\/\",\"url\":\"https:\\\/\\\/villena.salesianos.edu\\\/colegio\\\/premiados-concurso-de-dibujo-antiguos-alumnos\\\/\",\"name\":\"CONCURSO DE POSTALES NAVIDE\u00d1AS - ANTIGUOS ALUMNOS - Colegio Salesiano M\u00aa Auxiliadora Villena\",\"isPartOf\":{\"@id\":\"https:\\\/\\\/villena.salesianos.edu\\\/colegio\\\/#website\"},\"primaryImageOfPage\":{\"@id\":\"https:\\\/\\\/villena.salesianos.edu\\\/colegio\\\/premiados-concurso-de-dibujo-antiguos-alumnos\\\/#primaryimage\"},\"image\":{\"@id\":\"https:\\\/\\\/villena.salesianos.edu\\\/colegio\\\/premiados-concurso-de-dibujo-antiguos-alumnos\\\/#primaryimage\"},\"thumbnailUrl\":\"https:\\\/\\\/villena.salesianos.edu\\\/colegio\\\/wp-content\\\/uploads\\\/sites\\\/3\\\/2021\\\/12\\\/1o-PREMIO-4o-6oPRI-Jimena-Hernandez-Garcia-6oB-1-scaled.jpg\",\"datePublished\":\"2021-12-15T20:50:29+00:00\",\"dateModified\":\"2021-12-15T20:55:42+00:00\",\"author\":{\"@id\":\"https:\\\/\\\/villena.salesianos.edu\\\/colegio\\\/#\\\/schema\\\/person\\\/737fd46edc5ae7d6c9b94da26c0e9302\"},\"breadcrumb\":{\"@id\":\"https:\\\/\\\/villena.salesianos.edu\\\/colegio\\\/premiados-concurso-de-dibujo-antiguos-alumnos\\\/#breadcrumb\"},\"inLanguage\":\"es\",\"potentialAction\":[{\"@type\":\"ReadAction\",\"target\":[\"https:\\\/\\\/villena.salesianos.edu\\\/colegio\\\/premiados-concurso-de-dibujo-antiguos-alumnos\\\/\"]}]},{\"@type\":\"ImageObject\",\"inLanguage\":\"es\",\"@id\":\"https:\\\/\\\/villena.salesianos.edu\\\/colegio\\\/premiados-concurso-de-dibujo-antiguos-alumnos\\\/#primaryimage\",\"url\":\"https:\\\/\\\/villena.salesianos.edu\\\/colegio\\\/wp-content\\\/uploads\\\/sites\\\/3\\\/2021\\\/12\\\/1o-PREMIO-4o-6oPRI-Jimena-Hernandez-Garcia-6oB-1-scaled.jpg\",\"contentUrl\":\"https:\\\/\\\/villena.salesianos.edu\\\/colegio\\\/wp-content\\\/uploads\\\/sites\\\/3\\\/2021\\\/12\\\/1o-PREMIO-4o-6oPRI-Jimena-Hernandez-Garcia-6oB-1-scaled.jpg\",\"width\":2560,\"height\":1854},{\"@type\":\"BreadcrumbList\",\"@id\":\"https:\\\/\\\/villena.salesianos.edu\\\/colegio\\\/premiados-concurso-de-dibujo-antiguos-alumnos\\\/#breadcrumb\",\"itemListElement\":[{\"@type\":\"ListItem\",\"position\":1,\"name\":\"Portada\",\"item\":\"https:\\\/\\\/villena.salesianos.edu\\\/colegio\\\/\"},{\"@type\":\"ListItem\",\"position\":2,\"name\":\"CONCURSO DE POSTALES NAVIDE\u00d1AS &#8211; ANTIGUOS ALUMNOS\"}]},{\"@type\":\"WebSite\",\"@id\":\"https:\\\/\\\/villena.salesianos.edu\\\/colegio\\\/#website\",\"url\":\"https:\\\/\\\/villena.salesianos.edu\\\/colegio\\\/\",\"name\":\"Colegio Salesiano M\u00aa Auxiliadora Villena\",\"description\":\"P\u00e1gina oficial Salesianos Villena\",\"potentialAction\":[{\"@type\":\"SearchAction\",\"target\":{\"@type\":\"EntryPoint\",\"urlTemplate\":\"https:\\\/\\\/villena.salesianos.edu\\\/colegio\\\/?s={search_term_string}\"},\"query-input\":{\"@type\":\"PropertyValueSpecification\",\"valueRequired\":true,\"valueName\":\"search_term_string\"}}],\"inLanguage\":\"es\"},{\"@type\":\"Person\",\"@id\":\"https:\\\/\\\/villena.salesianos.edu\\\/colegio\\\/#\\\/schema\\\/person\\\/737fd46edc5ae7d6c9b94da26c0e9302\",\"name\":\"Gestor Web\",\"image\":{\"@type\":\"ImageObject\",\"inLanguage\":\"es\",\"@id\":\"https:\\\/\\\/secure.gravatar.com\\\/avatar\\\/44469746e1b6443cd011d1759fdc3b9fdcdae4a08dc0ddd85247651cb065486d?s=96&d=mm&r=g\",\"url\":\"https:\\\/\\\/secure.gravatar.com\\\/avatar\\\/44469746e1b6443cd011d1759fdc3b9fdcdae4a08dc0ddd85247651cb065486d?s=96&d=mm&r=g\",\"contentUrl\":\"https:\\\/\\\/secure.gravatar.com\\\/avatar\\\/44469746e1b6443cd011d1759fdc3b9fdcdae4a08dc0ddd85247651cb065486d?s=96&d=mm&r=g\",\"caption\":\"Gestor Web\"}}]}<\/script>\n<!-- \/ Yoast SEO plugin. -->","yoast_head_json":{"title":"CONCURSO DE POSTALES NAVIDE\u00d1AS - ANTIGUOS ALUMNOS - Colegio Salesiano M\u00aa Auxiliadora Villena","robots":{"index":"index","follow":"follow","max-snippet":"max-snippet:-1","max-image-preview":"max-image-preview:large","max-video-preview":"max-video-preview:-1"},"canonical":"https:\/\/villena.salesianos.edu\/colegio\/premiados-concurso-de-dibujo-antiguos-alumnos\/","og_locale":"es_ES","og_type":"article","og_title":"CONCURSO DE POSTALES NAVIDE\u00d1AS - ANTIGUOS ALUMNOS - Colegio Salesiano M\u00aa Auxiliadora Villena","og_description":"Antiguos Alumnos celebra su tradicional Concurso de Dibujo navide\u00f1o. Por Un a\u00f1o m\u00e1s, la Asociaci\u00f3n de Antiguos Alumnos de nuestra casa lanza el Concurso de Postales Navide\u00f1as. En \u00e9l, todos los alumnos\/as de Primaria y Secundaria elaboran un dibujo\/postal en el que aparece el nacimiento del ni\u00f1o Jes\u00fas. Tras una dif\u00edcil deliberaci\u00f3n, los premiados de [&hellip;]","og_url":"https:\/\/villena.salesianos.edu\/colegio\/premiados-concurso-de-dibujo-antiguos-alumnos\/","og_site_name":"Colegio Salesiano M\u00aa Auxiliadora Villena","article_published_time":"2021-12-15T20:50:29+00:00","article_modified_time":"2021-12-15T20:55:42+00:00","og_image":[{"width":2560,"height":1854,"url":"https:\/\/villena.salesianos.edu\/colegio\/wp-content\/uploads\/sites\/3\/2021\/12\/1o-PREMIO-4o-6oPRI-Jimena-Hernandez-Garcia-6oB-1-scaled.jpg","type":"image\/jpeg"}],"author":"Gestor Web","twitter_card":"summary_large_image","twitter_misc":{"Escrito por":"Gestor Web","Tiempo de lectura":"2 minutos"},"schema":{"@context":"https:\/\/schema.org","@graph":[{"@type":"Article","@id":"https:\/\/villena.salesianos.edu\/colegio\/premiados-concurso-de-dibujo-antiguos-alumnos\/#article","isPartOf":{"@id":"https:\/\/villena.salesianos.edu\/colegio\/premiados-concurso-de-dibujo-antiguos-alumnos\/"},"author":{"name":"Gestor Web","@id":"https:\/\/villena.salesianos.edu\/colegio\/#\/schema\/person\/737fd46edc5ae7d6c9b94da26c0e9302"},"headline":"CONCURSO DE POSTALES NAVIDE\u00d1AS &#8211; ANTIGUOS ALUMNOS","datePublished":"2021-12-15T20:50:29+00:00","dateModified":"2021-12-15T20:55:42+00:00","mainEntityOfPage":{"@id":"https:\/\/villena.salesianos.edu\/colegio\/premiados-concurso-de-dibujo-antiguos-alumnos\/"},"wordCount":403,"commentCount":0,"image":{"@id":"https:\/\/villena.salesianos.edu\/colegio\/premiados-concurso-de-dibujo-antiguos-alumnos\/#primaryimage"},"thumbnailUrl":"https:\/\/villena.salesianos.edu\/colegio\/wp-content\/uploads\/sites\/3\/2021\/12\/1o-PREMIO-4o-6oPRI-Jimena-Hernandez-Garcia-6oB-1-scaled.jpg","articleSection":["Antiguos Alumnos","Portada Noticias"],"inLanguage":"es","potentialAction":[{"@type":"CommentAction","name":"Comment","target":["https:\/\/villena.salesianos.edu\/colegio\/premiados-concurso-de-dibujo-antiguos-alumnos\/#respond"]}]},{"@type":"WebPage","@id":"https:\/\/villena.salesianos.edu\/colegio\/premiados-concurso-de-dibujo-antiguos-alumnos\/","url":"https:\/\/villena.salesianos.edu\/colegio\/premiados-concurso-de-dibujo-antiguos-alumnos\/","name":"CONCURSO DE POSTALES NAVIDE\u00d1AS - ANTIGUOS ALUMNOS - Colegio Salesiano M\u00aa Auxiliadora Villena","isPartOf":{"@id":"https:\/\/villena.salesianos.edu\/colegio\/#website"},"primaryImageOfPage":{"@id":"https:\/\/villena.salesianos.edu\/colegio\/premiados-concurso-de-dibujo-antiguos-alumnos\/#primaryimage"},"image":{"@id":"https:\/\/villena.salesianos.edu\/colegio\/premiados-concurso-de-dibujo-antiguos-alumnos\/#primaryimage"},"thumbnailUrl":"https:\/\/villena.salesianos.edu\/colegio\/wp-content\/uploads\/sites\/3\/2021\/12\/1o-PREMIO-4o-6oPRI-Jimena-Hernandez-Garcia-6oB-1-scaled.jpg","datePublished":"2021-12-15T20:50:29+00:00","dateModified":"2021-12-15T20:55:42+00:00","author":{"@id":"https:\/\/villena.salesianos.edu\/colegio\/#\/schema\/person\/737fd46edc5ae7d6c9b94da26c0e9302"},"breadcrumb":{"@id":"https:\/\/villena.salesianos.edu\/colegio\/premiados-concurso-de-dibujo-antiguos-alumnos\/#breadcrumb"},"inLanguage":"es","potentialAction":[{"@type":"ReadAction","target":["https:\/\/villena.salesianos.edu\/colegio\/premiados-concurso-de-dibujo-antiguos-alumnos\/"]}]},{"@type":"ImageObject","inLanguage":"es","@id":"https:\/\/villena.salesianos.edu\/colegio\/premiados-concurso-de-dibujo-antiguos-alumnos\/#primaryimage","url":"https:\/\/villena.salesianos.edu\/colegio\/wp-content\/uploads\/sites\/3\/2021\/12\/1o-PREMIO-4o-6oPRI-Jimena-Hernandez-Garcia-6oB-1-scaled.jpg","contentUrl":"https:\/\/villena.salesianos.edu\/colegio\/wp-content\/uploads\/sites\/3\/2021\/12\/1o-PREMIO-4o-6oPRI-Jimena-Hernandez-Garcia-6oB-1-scaled.jpg","width":2560,"height":1854},{"@type":"BreadcrumbList","@id":"https:\/\/villena.salesianos.edu\/colegio\/premiados-concurso-de-dibujo-antiguos-alumnos\/#breadcrumb","itemListElement":[{"@type":"ListItem","position":1,"name":"Portada","item":"https:\/\/villena.salesianos.edu\/colegio\/"},{"@type":"ListItem","position":2,"name":"CONCURSO DE POSTALES NAVIDE\u00d1AS &#8211; ANTIGUOS ALUMNOS"}]},{"@type":"WebSite","@id":"https:\/\/villena.salesianos.edu\/colegio\/#website","url":"https:\/\/villena.salesianos.edu\/colegio\/","name":"Colegio Salesiano M\u00aa Auxiliadora Villena","description":"P\u00e1gina oficial Salesianos Villena","potentialAction":[{"@type":"SearchAction","target":{"@type":"EntryPoint","urlTemplate":"https:\/\/villena.salesianos.edu\/colegio\/?s={search_term_string}"},"query-input":{"@type":"PropertyValueSpecification","valueRequired":true,"valueName":"search_term_string"}}],"inLanguage":"es"},{"@type":"Person","@id":"https:\/\/villena.salesianos.edu\/colegio\/#\/schema\/person\/737fd46edc5ae7d6c9b94da26c0e9302","name":"Gestor Web","image":{"@type":"ImageObject","inLanguage":"es","@id":"https:\/\/secure.gravatar.com\/avatar\/44469746e1b6443cd011d1759fdc3b9fdcdae4a08dc0ddd85247651cb065486d?s=96&d=mm&r=g","url":"https:\/\/secure.gravatar.com\/avatar\/44469746e1b6443cd011d1759fdc3b9fdcdae4a08dc0ddd85247651cb065486d?s=96&d=mm&r=g","contentUrl":"https:\/\/secure.gravatar.com\/avatar\/44469746e1b6443cd011d1759fdc3b9fdcdae4a08dc0ddd85247651cb065486d?s=96&d=mm&r=g","caption":"Gestor Web"}}]}},"_links":{"self":[{"href":"https:\/\/villena.salesianos.edu\/colegio\/wp-json\/wp\/v2\/posts\/12222","targetHints":{"allow":["GET"]}}],"collection":[{"href":"https:\/\/villena.salesianos.edu\/colegio\/wp-json\/wp\/v2\/posts"}],"about":[{"href":"https:\/\/villena.salesianos.edu\/colegio\/wp-json\/wp\/v2\/types\/post"}],"author":[{"embeddable":true,"href":"https:\/\/villena.salesianos.edu\/colegio\/wp-json\/wp\/v2\/users\/2"}],"replies":[{"embeddable":true,"href":"https:\/\/villena.salesianos.edu\/colegio\/wp-json\/wp\/v2\/comments?post=12222"}],"version-history":[{"count":6,"href":"https:\/\/villena.salesianos.edu\/colegio\/wp-json\/wp\/v2\/posts\/12222\/revisions"}],"predecessor-version":[{"id":12247,"href":"https:\/\/villena.salesianos.edu\/colegio\/wp-json\/wp\/v2\/posts\/12222\/revisions\/12247"}],"wp:featuredmedia":[{"embeddable":true,"href":"https:\/\/villena.salesianos.edu\/colegio\/wp-json\/wp\/v2\/media\/12225"}],"wp:attachment":[{"href":"https:\/\/villena.salesianos.edu\/colegio\/wp-json\/wp\/v2\/media?parent=12222"}],"wp:term":[{"taxonomy":"category","embeddable":true,"href":"https:\/\/villena.salesianos.edu\/colegio\/wp-json\/wp\/v2\/categories?post=12222"},{"taxonomy":"post_tag","embeddable":true,"href":"https:\/\/villena.salesianos.edu\/colegio\/wp-json\/wp\/v2\/tags?post=12222"}],"curies":[{"name":"wp","href":"https:\/\/api.w.org\/{rel}","templated":true}]}}