{"id":14939,"date":"2024-01-30T17:55:34","date_gmt":"2024-01-30T16:55:34","guid":{"rendered":"https:\/\/villena.salesianos.edu\/colegio\/?p=14939"},"modified":"2024-02-01T21:25:35","modified_gmt":"2024-02-01T20:25:35","slug":"que-estalle-la-paz","status":"publish","type":"post","link":"https:\/\/villena.salesianos.edu\/colegio\/que-estalle-la-paz\/","title":{"rendered":"\u00a1QUE ESTALLE LA PAZ!"},"content":{"rendered":"<p>[et_pb_section fb_built=\u00bb1&#8243; admin_label=\u00bbsection\u00bb _builder_version=\u00bb4.16&#8243; global_colors_info=\u00bb{}\u00bb][et_pb_row admin_label=\u00bbrow\u00bb _builder_version=\u00bb4.16&#8243; background_size=\u00bbinitial\u00bb background_position=\u00bbtop_left\u00bb background_repeat=\u00bbrepeat\u00bb global_colors_info=\u00bb{}\u00bb][et_pb_column type=\u00bb4_4&#8243; _builder_version=\u00bb4.16&#8243; custom_padding=\u00bb|||\u00bb global_colors_info=\u00bb{}\u00bb custom_padding__hover=\u00bb|||\u00bb][et_pb_text admin_label=\u00bbEntradilla (Texto)\u00bb _builder_version=\u00bb4.22.0&#8243; text_font=\u00bb|on|||\u00bb text_orientation=\u00bbjustified\u00bb border_style=\u00bbsolid\u00bb global_colors_info=\u00bb{}\u00bb]<\/p>\n<p>Hoy, 30 de enero, nuestros alumnos de Infantil, Primaria y Secundaria junto con el Centro de D\u00eda de APADIS se han reunido en favor de la paz y en contra de la violencia.<\/p>\n<p>[\/et_pb_text][et_pb_text admin_label=\u00bbAutor (Texto)\u00bb _builder_version=\u00bb4.22.0&#8243; text_font=\u00bb||on||\u00bb border_style=\u00bbsolid\u00bb global_colors_info=\u00bb{}\u00bb]<\/p>\n<p>Por Comisi\u00f3n de D\u00eda de la Paz<\/p>\n<p>[\/et_pb_text][et_pb_text admin_label=\u00bbDesarrollo (Texto)\u00bb _builder_version=\u00bb4.22.0&#8243; text_orientation=\u00bbjustified\u00bb border_style=\u00bbsolid\u00bb global_colors_info=\u00bb{}\u00bb]<\/p>\n<p>El 30 de enero se celebra la <strong>Jornada Escolar por la Paz y la No Violencia<\/strong>. Colegios de todo el mundo paran hoy su actividad lectiva para dar un grito en favor de la paz y educar en los valores de tolerancia, respeto, concordia\u2026 Nuestro cole no pod\u00eda faltar a esta cita.<\/p>\n<p>Durante la semana, los mayores del cole hemos estado hablando en clase sobre la guerra, el conflicto de Israel y Palestina y los m\u00e1s de 30 pa\u00edses que est\u00e1n en guerra actualmente. Hemos hablado de c\u00f3mo esto afecta a la infancia y hemos hablado de la \u201cloter\u00eda de la vida\u201d y la injusticia que sufren los m\u00e1s vulnerables. Los peque\u00f1os del cole han estado pensando c\u00f3mo podr\u00edamos convertir nuestra mochila en una mochila de la PAZ, llen\u00e1ndola de objetos que nos pueden ayudar, como el pegamento para mantenernos unidos, las tijeras para romper con las peleas y los malos tratos y el l\u00e1piz, para escribir mensajes e historias de paz.<\/p>\n<p>Hoy hemos ense\u00f1ado a los compa\u00f1eros todo lo que hemos trabajado en dos murales que han quedado expuestos en el patio. Por otro lado, hemos tenido la suerte de contar con el Centro de D\u00eda de APADIS, que ha querido compartir con nosotros esta Jornada, sum\u00e1ndose a nosotros y dejando claro que todos somos diferentes y que todos debemos respetarnos y valorarnos.<\/p>\n<p>Todos juntos hemos acabado el acto acompa\u00f1ando con percusi\u00f3n corporal la canci\u00f3n \u201c<strong>One Day<\/strong>\u201d, cantada en hebreo, \u00e1rabe e ingl\u00e9s. La m\u00fasica se ha convertido as\u00ed en nuestro instrumento de PAZ. Y es que a veces pensamos que solo nosotros no podemos cambiar todo esto, pero son las peque\u00f1as acciones las que cambian el mundo.<\/p>\n<p>\u00a1Feliz d\u00eda de la PAZ!<\/p>\n<p>[\/et_pb_text][et_pb_text disabled_on=\u00bbon|on|on\u00bb admin_label=\u00bbT\u00edtulo: Galer\u00eda de fotos (Texto)\u00bb _builder_version=\u00bb4.16&#8243; text_font=\u00bb|on|||\u00bb text_text_color=\u00bb#dc001b\u00bb border_style=\u00bbsolid\u00bb disabled=\u00bbon\u00bb global_colors_info=\u00bb{}\u00bb]Galer\u00eda de im\u00e1genes<br \/>\n[\/et_pb_text][et_pb_gallery posts_number=\u00bb8&#8243; show_title_and_caption=\u00bboff\u00bb zoom_icon_color=\u00bb#dc001b\u00bb hover_icon=\u00bb&#x54;||divi||400&#8243; disabled_on=\u00bbon|on|on\u00bb admin_label=\u00bbGaler\u00eda\u00bb _builder_version=\u00bb4.16&#8243; border_style=\u00bbsolid\u00bb disabled=\u00bbon\u00bb global_colors_info=\u00bb{}\u00bb][\/et_pb_gallery][et_pb_video src=\u00bbhttps:\/\/villena.salesianos.edu\/colegio\/wp-content\/uploads\/sites\/3\/2024\/01\/Montaje-Paz-2024UV.mp4&#8243; disabled_on=\u00bboff|off|off\u00bb admin_label=\u00bbV\u00eddeo\u00bb _builder_version=\u00bb4.22.0&#8243; global_colors_info=\u00bb{}\u00bb][\/et_pb_video][\/et_pb_column][\/et_pb_row][\/et_pb_section]<\/p>\n","protected":false},"excerpt":{"rendered":"<p>Hoy, 30 de enero, nuestros alumnos de Infantil, Primaria y Secundaria junto con el Centro de D\u00eda de APADIS se han reunido en favor de la paz y en contra de la violencia.Por Comisi\u00f3n de D\u00eda de la PazEl 30 de enero se celebra la Jornada Escolar por la Paz y la No Violencia. Colegios [&hellip;]<\/p>\n","protected":false},"author":2,"featured_media":14942,"comment_status":"open","ping_status":"open","sticky":false,"template":"","format":"standard","meta":{"_et_pb_use_builder":"on","_et_pb_old_content":"","_et_gb_content_width":"","footnotes":""},"categories":[23,24,25,26],"tags":[],"class_list":["post-14939","post","type-post","status-publish","format-standard","has-post-thumbnail","hentry","category-infantil","category-portadanoticias","category-primaria","category-secundaria"],"yoast_head":"<!-- This site is optimized with the Yoast SEO plugin v28.3 - https:\/\/yoast.com\/product\/yoast-seo-wordpress\/ -->\n<title>\u00a1QUE ESTALLE LA PAZ! - Colegio Salesiano M\u00aa Auxiliadora Villena<\/title>\n<meta name=\"robots\" content=\"index, follow, max-snippet:-1, max-image-preview:large, max-video-preview:-1\" \/>\n<link rel=\"canonical\" href=\"https:\/\/villena.salesianos.edu\/colegio\/que-estalle-la-paz\/\" \/>\n<meta property=\"og:locale\" content=\"es_ES\" \/>\n<meta property=\"og:type\" content=\"article\" \/>\n<meta property=\"og:title\" content=\"\u00a1QUE ESTALLE LA PAZ! - Colegio Salesiano M\u00aa Auxiliadora Villena\" \/>\n<meta property=\"og:description\" content=\"Hoy, 30 de enero, nuestros alumnos de Infantil, Primaria y Secundaria junto con el Centro de D\u00eda de APADIS se han reunido en favor de la paz y en contra de la violencia.Por Comisi\u00f3n de D\u00eda de la PazEl 30 de enero se celebra la Jornada Escolar por la Paz y la No Violencia. Colegios [&hellip;]\" \/>\n<meta property=\"og:url\" content=\"https:\/\/villena.salesianos.edu\/colegio\/que-estalle-la-paz\/\" \/>\n<meta property=\"og:site_name\" content=\"Colegio Salesiano M\u00aa Auxiliadora Villena\" \/>\n<meta property=\"article:published_time\" content=\"2024-01-30T16:55:34+00:00\" \/>\n<meta property=\"article:modified_time\" content=\"2024-02-01T20:25:35+00:00\" \/>\n<meta property=\"og:image\" content=\"https:\/\/villena.salesianos.edu\/colegio\/wp-content\/uploads\/sites\/3\/2024\/01\/IMG_20240130_120015-scaled-e1706633548556.jpg\" \/>\n\t<meta property=\"og:image:width\" content=\"2483\" \/>\n\t<meta property=\"og:image:height\" content=\"1203\" \/>\n\t<meta property=\"og:image:type\" content=\"image\/jpeg\" \/>\n<meta name=\"author\" content=\"Gestor Web\" \/>\n<meta name=\"twitter:card\" content=\"summary_large_image\" \/>\n<meta name=\"twitter:label1\" content=\"Escrito por\" \/>\n\t<meta name=\"twitter:data1\" content=\"Gestor Web\" \/>\n\t<meta name=\"twitter:label2\" content=\"Tiempo de lectura\" \/>\n\t<meta name=\"twitter:data2\" content=\"2 minutos\" \/>\n<script type=\"application\/ld+json\" class=\"yoast-schema-graph\">{\"@context\":\"https:\\\/\\\/schema.org\",\"@graph\":[{\"@type\":\"Article\",\"@id\":\"https:\\\/\\\/villena.salesianos.edu\\\/colegio\\\/que-estalle-la-paz\\\/#article\",\"isPartOf\":{\"@id\":\"https:\\\/\\\/villena.salesianos.edu\\\/colegio\\\/que-estalle-la-paz\\\/\"},\"author\":{\"name\":\"Gestor Web\",\"@id\":\"https:\\\/\\\/villena.salesianos.edu\\\/colegio\\\/#\\\/schema\\\/person\\\/737fd46edc5ae7d6c9b94da26c0e9302\"},\"headline\":\"\u00a1QUE ESTALLE LA PAZ!\",\"datePublished\":\"2024-01-30T16:55:34+00:00\",\"dateModified\":\"2024-02-01T20:25:35+00:00\",\"mainEntityOfPage\":{\"@id\":\"https:\\\/\\\/villena.salesianos.edu\\\/colegio\\\/que-estalle-la-paz\\\/\"},\"wordCount\":590,\"commentCount\":0,\"image\":{\"@id\":\"https:\\\/\\\/villena.salesianos.edu\\\/colegio\\\/que-estalle-la-paz\\\/#primaryimage\"},\"thumbnailUrl\":\"https:\\\/\\\/villena.salesianos.edu\\\/colegio\\\/wp-content\\\/uploads\\\/sites\\\/3\\\/2024\\\/01\\\/IMG_20240130_120015-scaled-e1706633548556.jpg\",\"articleSection\":[\"Infantil\",\"Portada Noticias\",\"Primaria\",\"Secundaria\"],\"inLanguage\":\"es\",\"potentialAction\":[{\"@type\":\"CommentAction\",\"name\":\"Comment\",\"target\":[\"https:\\\/\\\/villena.salesianos.edu\\\/colegio\\\/que-estalle-la-paz\\\/#respond\"]}]},{\"@type\":\"WebPage\",\"@id\":\"https:\\\/\\\/villena.salesianos.edu\\\/colegio\\\/que-estalle-la-paz\\\/\",\"url\":\"https:\\\/\\\/villena.salesianos.edu\\\/colegio\\\/que-estalle-la-paz\\\/\",\"name\":\"\u00a1QUE ESTALLE LA PAZ! - Colegio Salesiano M\u00aa Auxiliadora Villena\",\"isPartOf\":{\"@id\":\"https:\\\/\\\/villena.salesianos.edu\\\/colegio\\\/#website\"},\"primaryImageOfPage\":{\"@id\":\"https:\\\/\\\/villena.salesianos.edu\\\/colegio\\\/que-estalle-la-paz\\\/#primaryimage\"},\"image\":{\"@id\":\"https:\\\/\\\/villena.salesianos.edu\\\/colegio\\\/que-estalle-la-paz\\\/#primaryimage\"},\"thumbnailUrl\":\"https:\\\/\\\/villena.salesianos.edu\\\/colegio\\\/wp-content\\\/uploads\\\/sites\\\/3\\\/2024\\\/01\\\/IMG_20240130_120015-scaled-e1706633548556.jpg\",\"datePublished\":\"2024-01-30T16:55:34+00:00\",\"dateModified\":\"2024-02-01T20:25:35+00:00\",\"author\":{\"@id\":\"https:\\\/\\\/villena.salesianos.edu\\\/colegio\\\/#\\\/schema\\\/person\\\/737fd46edc5ae7d6c9b94da26c0e9302\"},\"breadcrumb\":{\"@id\":\"https:\\\/\\\/villena.salesianos.edu\\\/colegio\\\/que-estalle-la-paz\\\/#breadcrumb\"},\"inLanguage\":\"es\",\"potentialAction\":[{\"@type\":\"ReadAction\",\"target\":[\"https:\\\/\\\/villena.salesianos.edu\\\/colegio\\\/que-estalle-la-paz\\\/\"]}]},{\"@type\":\"ImageObject\",\"inLanguage\":\"es\",\"@id\":\"https:\\\/\\\/villena.salesianos.edu\\\/colegio\\\/que-estalle-la-paz\\\/#primaryimage\",\"url\":\"https:\\\/\\\/villena.salesianos.edu\\\/colegio\\\/wp-content\\\/uploads\\\/sites\\\/3\\\/2024\\\/01\\\/IMG_20240130_120015-scaled-e1706633548556.jpg\",\"contentUrl\":\"https:\\\/\\\/villena.salesianos.edu\\\/colegio\\\/wp-content\\\/uploads\\\/sites\\\/3\\\/2024\\\/01\\\/IMG_20240130_120015-scaled-e1706633548556.jpg\",\"width\":2483,\"height\":1203},{\"@type\":\"BreadcrumbList\",\"@id\":\"https:\\\/\\\/villena.salesianos.edu\\\/colegio\\\/que-estalle-la-paz\\\/#breadcrumb\",\"itemListElement\":[{\"@type\":\"ListItem\",\"position\":1,\"name\":\"Portada\",\"item\":\"https:\\\/\\\/villena.salesianos.edu\\\/colegio\\\/\"},{\"@type\":\"ListItem\",\"position\":2,\"name\":\"\u00a1QUE ESTALLE LA PAZ!\"}]},{\"@type\":\"WebSite\",\"@id\":\"https:\\\/\\\/villena.salesianos.edu\\\/colegio\\\/#website\",\"url\":\"https:\\\/\\\/villena.salesianos.edu\\\/colegio\\\/\",\"name\":\"Colegio Salesiano M\u00aa Auxiliadora Villena\",\"description\":\"P\u00e1gina oficial Salesianos Villena\",\"potentialAction\":[{\"@type\":\"SearchAction\",\"target\":{\"@type\":\"EntryPoint\",\"urlTemplate\":\"https:\\\/\\\/villena.salesianos.edu\\\/colegio\\\/?s={search_term_string}\"},\"query-input\":{\"@type\":\"PropertyValueSpecification\",\"valueRequired\":true,\"valueName\":\"search_term_string\"}}],\"inLanguage\":\"es\"},{\"@type\":\"Person\",\"@id\":\"https:\\\/\\\/villena.salesianos.edu\\\/colegio\\\/#\\\/schema\\\/person\\\/737fd46edc5ae7d6c9b94da26c0e9302\",\"name\":\"Gestor Web\",\"image\":{\"@type\":\"ImageObject\",\"inLanguage\":\"es\",\"@id\":\"https:\\\/\\\/secure.gravatar.com\\\/avatar\\\/44469746e1b6443cd011d1759fdc3b9fdcdae4a08dc0ddd85247651cb065486d?s=96&d=mm&r=g\",\"url\":\"https:\\\/\\\/secure.gravatar.com\\\/avatar\\\/44469746e1b6443cd011d1759fdc3b9fdcdae4a08dc0ddd85247651cb065486d?s=96&d=mm&r=g\",\"contentUrl\":\"https:\\\/\\\/secure.gravatar.com\\\/avatar\\\/44469746e1b6443cd011d1759fdc3b9fdcdae4a08dc0ddd85247651cb065486d?s=96&d=mm&r=g\",\"caption\":\"Gestor Web\"}}]}<\/script>\n<!-- \/ Yoast SEO plugin. -->","yoast_head_json":{"title":"\u00a1QUE ESTALLE LA PAZ! - Colegio Salesiano M\u00aa Auxiliadora Villena","robots":{"index":"index","follow":"follow","max-snippet":"max-snippet:-1","max-image-preview":"max-image-preview:large","max-video-preview":"max-video-preview:-1"},"canonical":"https:\/\/villena.salesianos.edu\/colegio\/que-estalle-la-paz\/","og_locale":"es_ES","og_type":"article","og_title":"\u00a1QUE ESTALLE LA PAZ! - Colegio Salesiano M\u00aa Auxiliadora Villena","og_description":"Hoy, 30 de enero, nuestros alumnos de Infantil, Primaria y Secundaria junto con el Centro de D\u00eda de APADIS se han reunido en favor de la paz y en contra de la violencia.Por Comisi\u00f3n de D\u00eda de la PazEl 30 de enero se celebra la Jornada Escolar por la Paz y la No Violencia. Colegios [&hellip;]","og_url":"https:\/\/villena.salesianos.edu\/colegio\/que-estalle-la-paz\/","og_site_name":"Colegio Salesiano M\u00aa Auxiliadora Villena","article_published_time":"2024-01-30T16:55:34+00:00","article_modified_time":"2024-02-01T20:25:35+00:00","og_image":[{"width":2483,"height":1203,"url":"https:\/\/villena.salesianos.edu\/colegio\/wp-content\/uploads\/sites\/3\/2024\/01\/IMG_20240130_120015-scaled-e1706633548556.jpg","type":"image\/jpeg"}],"author":"Gestor Web","twitter_card":"summary_large_image","twitter_misc":{"Escrito por":"Gestor Web","Tiempo de lectura":"2 minutos"},"schema":{"@context":"https:\/\/schema.org","@graph":[{"@type":"Article","@id":"https:\/\/villena.salesianos.edu\/colegio\/que-estalle-la-paz\/#article","isPartOf":{"@id":"https:\/\/villena.salesianos.edu\/colegio\/que-estalle-la-paz\/"},"author":{"name":"Gestor Web","@id":"https:\/\/villena.salesianos.edu\/colegio\/#\/schema\/person\/737fd46edc5ae7d6c9b94da26c0e9302"},"headline":"\u00a1QUE ESTALLE LA PAZ!","datePublished":"2024-01-30T16:55:34+00:00","dateModified":"2024-02-01T20:25:35+00:00","mainEntityOfPage":{"@id":"https:\/\/villena.salesianos.edu\/colegio\/que-estalle-la-paz\/"},"wordCount":590,"commentCount":0,"image":{"@id":"https:\/\/villena.salesianos.edu\/colegio\/que-estalle-la-paz\/#primaryimage"},"thumbnailUrl":"https:\/\/villena.salesianos.edu\/colegio\/wp-content\/uploads\/sites\/3\/2024\/01\/IMG_20240130_120015-scaled-e1706633548556.jpg","articleSection":["Infantil","Portada Noticias","Primaria","Secundaria"],"inLanguage":"es","potentialAction":[{"@type":"CommentAction","name":"Comment","target":["https:\/\/villena.salesianos.edu\/colegio\/que-estalle-la-paz\/#respond"]}]},{"@type":"WebPage","@id":"https:\/\/villena.salesianos.edu\/colegio\/que-estalle-la-paz\/","url":"https:\/\/villena.salesianos.edu\/colegio\/que-estalle-la-paz\/","name":"\u00a1QUE ESTALLE LA PAZ! - Colegio Salesiano M\u00aa Auxiliadora Villena","isPartOf":{"@id":"https:\/\/villena.salesianos.edu\/colegio\/#website"},"primaryImageOfPage":{"@id":"https:\/\/villena.salesianos.edu\/colegio\/que-estalle-la-paz\/#primaryimage"},"image":{"@id":"https:\/\/villena.salesianos.edu\/colegio\/que-estalle-la-paz\/#primaryimage"},"thumbnailUrl":"https:\/\/villena.salesianos.edu\/colegio\/wp-content\/uploads\/sites\/3\/2024\/01\/IMG_20240130_120015-scaled-e1706633548556.jpg","datePublished":"2024-01-30T16:55:34+00:00","dateModified":"2024-02-01T20:25:35+00:00","author":{"@id":"https:\/\/villena.salesianos.edu\/colegio\/#\/schema\/person\/737fd46edc5ae7d6c9b94da26c0e9302"},"breadcrumb":{"@id":"https:\/\/villena.salesianos.edu\/colegio\/que-estalle-la-paz\/#breadcrumb"},"inLanguage":"es","potentialAction":[{"@type":"ReadAction","target":["https:\/\/villena.salesianos.edu\/colegio\/que-estalle-la-paz\/"]}]},{"@type":"ImageObject","inLanguage":"es","@id":"https:\/\/villena.salesianos.edu\/colegio\/que-estalle-la-paz\/#primaryimage","url":"https:\/\/villena.salesianos.edu\/colegio\/wp-content\/uploads\/sites\/3\/2024\/01\/IMG_20240130_120015-scaled-e1706633548556.jpg","contentUrl":"https:\/\/villena.salesianos.edu\/colegio\/wp-content\/uploads\/sites\/3\/2024\/01\/IMG_20240130_120015-scaled-e1706633548556.jpg","width":2483,"height":1203},{"@type":"BreadcrumbList","@id":"https:\/\/villena.salesianos.edu\/colegio\/que-estalle-la-paz\/#breadcrumb","itemListElement":[{"@type":"ListItem","position":1,"name":"Portada","item":"https:\/\/villena.salesianos.edu\/colegio\/"},{"@type":"ListItem","position":2,"name":"\u00a1QUE ESTALLE LA PAZ!"}]},{"@type":"WebSite","@id":"https:\/\/villena.salesianos.edu\/colegio\/#website","url":"https:\/\/villena.salesianos.edu\/colegio\/","name":"Colegio Salesiano M\u00aa Auxiliadora Villena","description":"P\u00e1gina oficial Salesianos Villena","potentialAction":[{"@type":"SearchAction","target":{"@type":"EntryPoint","urlTemplate":"https:\/\/villena.salesianos.edu\/colegio\/?s={search_term_string}"},"query-input":{"@type":"PropertyValueSpecification","valueRequired":true,"valueName":"search_term_string"}}],"inLanguage":"es"},{"@type":"Person","@id":"https:\/\/villena.salesianos.edu\/colegio\/#\/schema\/person\/737fd46edc5ae7d6c9b94da26c0e9302","name":"Gestor Web","image":{"@type":"ImageObject","inLanguage":"es","@id":"https:\/\/secure.gravatar.com\/avatar\/44469746e1b6443cd011d1759fdc3b9fdcdae4a08dc0ddd85247651cb065486d?s=96&d=mm&r=g","url":"https:\/\/secure.gravatar.com\/avatar\/44469746e1b6443cd011d1759fdc3b9fdcdae4a08dc0ddd85247651cb065486d?s=96&d=mm&r=g","contentUrl":"https:\/\/secure.gravatar.com\/avatar\/44469746e1b6443cd011d1759fdc3b9fdcdae4a08dc0ddd85247651cb065486d?s=96&d=mm&r=g","caption":"Gestor Web"}}]}},"_links":{"self":[{"href":"https:\/\/villena.salesianos.edu\/colegio\/wp-json\/wp\/v2\/posts\/14939","targetHints":{"allow":["GET"]}}],"collection":[{"href":"https:\/\/villena.salesianos.edu\/colegio\/wp-json\/wp\/v2\/posts"}],"about":[{"href":"https:\/\/villena.salesianos.edu\/colegio\/wp-json\/wp\/v2\/types\/post"}],"author":[{"embeddable":true,"href":"https:\/\/villena.salesianos.edu\/colegio\/wp-json\/wp\/v2\/users\/2"}],"replies":[{"embeddable":true,"href":"https:\/\/villena.salesianos.edu\/colegio\/wp-json\/wp\/v2\/comments?post=14939"}],"version-history":[{"count":4,"href":"https:\/\/villena.salesianos.edu\/colegio\/wp-json\/wp\/v2\/posts\/14939\/revisions"}],"predecessor-version":[{"id":14991,"href":"https:\/\/villena.salesianos.edu\/colegio\/wp-json\/wp\/v2\/posts\/14939\/revisions\/14991"}],"wp:featuredmedia":[{"embeddable":true,"href":"https:\/\/villena.salesianos.edu\/colegio\/wp-json\/wp\/v2\/media\/14942"}],"wp:attachment":[{"href":"https:\/\/villena.salesianos.edu\/colegio\/wp-json\/wp\/v2\/media?parent=14939"}],"wp:term":[{"taxonomy":"category","embeddable":true,"href":"https:\/\/villena.salesianos.edu\/colegio\/wp-json\/wp\/v2\/categories?post=14939"},{"taxonomy":"post_tag","embeddable":true,"href":"https:\/\/villena.salesianos.edu\/colegio\/wp-json\/wp\/v2\/tags?post=14939"}],"curies":[{"name":"wp","href":"https:\/\/api.w.org\/{rel}","templated":true}]}}