{"id":14966,"date":"2024-02-01T15:17:18","date_gmt":"2024-02-01T14:17:18","guid":{"rendered":"https:\/\/villena.salesianos.edu\/colegio\/?p=14966"},"modified":"2024-02-06T15:25:58","modified_gmt":"2024-02-06T14:25:58","slug":"viva-juan-bosco","status":"publish","type":"post","link":"https:\/\/villena.salesianos.edu\/colegio\/viva-juan-bosco\/","title":{"rendered":"\u00a1VIVA JUAN BOSCO!"},"content":{"rendered":"<p>[et_pb_section fb_built=\u00bb1&#8243; admin_label=\u00bbsection\u00bb _builder_version=\u00bb4.16&#8243; global_colors_info=\u00bb{}\u00bb][et_pb_row admin_label=\u00bbrow\u00bb _builder_version=\u00bb4.16&#8243; background_size=\u00bbinitial\u00bb background_position=\u00bbtop_left\u00bb background_repeat=\u00bbrepeat\u00bb global_colors_info=\u00bb{}\u00bb][et_pb_column type=\u00bb4_4&#8243; _builder_version=\u00bb4.16&#8243; custom_padding=\u00bb|||\u00bb global_colors_info=\u00bb{}\u00bb custom_padding__hover=\u00bb|||\u00bb][et_pb_text admin_label=\u00bbEntradilla (Texto)\u00bb _builder_version=\u00bb4.22.0&#8243; text_font=\u00bb|on|||\u00bb text_orientation=\u00bbjustified\u00bb border_style=\u00bbsolid\u00bb global_colors_info=\u00bb{}\u00bb]<\/p>\n<p>Fiesta escolar de nuestro fundador SAN JUAN BOSCO<\/p>\n<p>[\/et_pb_text][et_pb_text admin_label=\u00bbAutor (Texto)\u00bb _builder_version=\u00bb4.22.0&#8243; text_font=\u00bb||on||\u00bb border_style=\u00bbsolid\u00bb global_colors_info=\u00bb{}\u00bb]<\/p>\n<p>Por Pastoral<\/p>\n<p>[\/et_pb_text][et_pb_text admin_label=\u00bbDesarrollo (Texto)\u00bb _builder_version=\u00bb4.22.0&#8243; text_orientation=\u00bbjustified\u00bb border_style=\u00bbsolid\u00bb global_colors_info=\u00bb{}\u00bb]<\/p>\n<p>Como cada mes de enero, con la proximidad del d\u00eda 31, el colegio llev\u00f3 a cabo las diferentes actividades en honor a <strong>San Juan Bosco<\/strong>.<\/p>\n<p>El s\u00e1bado 27, tuvo lugar la <strong>Fiesta de la Comunidad Educativa Pastoral <\/strong>organizada por el <a href=\"https:\/\/villena.salesianos.edu\/ampa\/\">AMPA<\/a> junto con el <a href=\"https:\/\/www.fededonbosco.org\/villena\/\">Centro Juvenil Don Bosco<\/a>. Por la ma\u00f1ana tuvo lugar la chocolatada y, a continuaci\u00f3n el concurso de dibujo. Tras la entrega de premios a los ganadores, en el patio del colegio, comenz\u00f3 la elaboraci\u00f3n de las gachamigas. Despu\u00e9s de la degustaci\u00f3n, comenzaron las actividades preparadas y animadas por los voluntarios\/as del CJDB para los ni\u00f1os y ni\u00f1as.<\/p>\n<p>El d\u00eda 31, d\u00eda de San Juan Bosco, tuvo lugar la <strong>Fiesta Escolar de San Juan Bosco<\/strong>.<\/p>\n<p>La jornada comenz\u00f3 con una eucarist\u00eda. El alumnado de <a href=\"https:\/\/villena.salesianos.edu\/colegio\/primaria\/\">Primaria<\/a> en el teatro de la casa y <a href=\"https:\/\/villena.salesianos.edu\/colegio\/secundaria\/\">Secundaria<\/a> en la Iglesia Mar\u00eda Auxiliadora. Despu\u00e9s, cada etapa particip\u00f3 en diferentes actividades propias:<\/p>\n<p>El alumnado de <strong>infantil<\/strong>, durante las tardes de lunes, martes y mi\u00e9rcoles participaron en los <strong>\u00abTalleres Don Bosco\u00bb<\/strong>. Estos talleres, fueron preparados por muchas de las familias de esta etapa, este a\u00f1o centrados en magia, m\u00fasica y juegos populares. En el Taller de Magia, se sumergieron en un ambiente misterioso, donde aprendieron unas palabras m\u00e1gicas que ayudaron a las estupendas magas a llevar a cabo un gran repertorio de trucos de magia que dejaron a los ni\u00f1os\/as con la boca abierta. En el Taller de Juegos Populares, aprendieron que lo importante es participar con juegos de siempre. En el Taller de M\u00fasica, conocieron instrumentos de las distintas familias, experimentaron con ellos y jugaron a adivinarlos. \u00a1Gracias a todas las familias por hacerlo posible!<\/p>\n<p>Los ni\u00f1os\/as de<strong> Primer ciclo de primaria<\/strong>, disfrut\u00f3 de una divertida gymkhana por el patio organizada y animada por alumnos\/as de 3\u00ba y 4\u00ba de Secundaria que se ofrecieron voluntariamente a participar por la tarde. \u00a1Gracias por hacerla posible chicos\/as!.<\/p>\n<p>El alumnado de <strong>Segundo ciclo de primaria<\/strong>, particip\u00f3 en una gymkhana de juegos populares en el patio durante la ma\u00f1ana. Paraca\u00eddas, juego del pa\u00f1uelo, el juego de las sillas, la comba, maquillaje&#8230; El <strong>tercer ciclo<\/strong>, disfrut\u00f3 de juegos de mesa y de interior en sus aulas. Por la tarde, disfrutaron de una divertida sesi\u00f3n de cine el la gran pantalla del teatro.<\/p>\n<p>El alumnado de <strong>Secundaria<\/strong>, llev\u00f3 a cabo diferentes campeonatos deportivos en el patio del colegio y campeonatos de interior en las aulas.<\/p>\n<p>\u00a1Ha sido una jornada muy completa y festiva en nuestra casa!<\/p>\n<p>\u00a1Gracias a todos\/as los que la han hecho posible!<\/p>\n<p>Para ver las fotos de infantil <a href=\"https:\/\/villena.salesianos.edu\/colegio\/infantil-fotos\/\">pincha aqu\u00ed.<\/a><\/p>\n<p>Para ver las fotos de Primaria <a href=\"https:\/\/villena.salesianos.edu\/colegio\/galeria\/primaria-fotos\/\">pincha aqu\u00ed.<\/a> <\/p>\n<p>Para ver las fotos de secundaria<a href=\"https:\/\/villena.salesianos.edu\/colegio\/galeria\/secundaria-fotos\/\"> pincha aqu\u00ed.<\/a><\/p>\n<p>[\/et_pb_text][et_pb_text disabled_on=\u00bbon|on|on\u00bb admin_label=\u00bbT\u00edtulo: Galer\u00eda de fotos (Texto)\u00bb _builder_version=\u00bb4.16&#8243; text_font=\u00bb|on|||\u00bb text_text_color=\u00bb#dc001b\u00bb border_style=\u00bbsolid\u00bb disabled=\u00bbon\u00bb global_colors_info=\u00bb{}\u00bb]Galer\u00eda de im\u00e1genes<br \/>\n[\/et_pb_text][et_pb_gallery posts_number=\u00bb8&#8243; show_title_and_caption=\u00bboff\u00bb zoom_icon_color=\u00bb#dc001b\u00bb hover_icon=\u00bb&#x54;||divi||400&#8243; disabled_on=\u00bbon|on|on\u00bb admin_label=\u00bbGaler\u00eda\u00bb _builder_version=\u00bb4.16&#8243; border_style=\u00bbsolid\u00bb disabled=\u00bbon\u00bb global_colors_info=\u00bb{}\u00bb][\/et_pb_gallery][et_pb_video disabled_on=\u00bbon|on|on\u00bb admin_label=\u00bbV\u00eddeo\u00bb _builder_version=\u00bb4.16&#8243; disabled=\u00bbon\u00bb global_colors_info=\u00bb{}\u00bb][\/et_pb_video][\/et_pb_column][\/et_pb_row][\/et_pb_section]<\/p>\n","protected":false},"excerpt":{"rendered":"<p>Fiesta escolar de nuestro fundador SAN JUAN BOSCOPor PastoralComo cada mes de enero, con la proximidad del d\u00eda 31, el colegio llev\u00f3 a cabo las diferentes actividades en honor a San Juan Bosco. El s\u00e1bado 27, tuvo lugar la Fiesta de la Comunidad Educativa Pastoral organizada por el AMPA junto con el Centro Juvenil Don [&hellip;]<\/p>\n","protected":false},"author":2,"featured_media":15008,"comment_status":"open","ping_status":"open","sticky":false,"template":"","format":"standard","meta":{"_et_pb_use_builder":"on","_et_pb_old_content":"","_et_gb_content_width":"","footnotes":""},"categories":[24],"tags":[],"class_list":["post-14966","post","type-post","status-publish","format-standard","has-post-thumbnail","hentry","category-portadanoticias"],"yoast_head":"<!-- This site is optimized with the Yoast SEO plugin v28.3 - https:\/\/yoast.com\/product\/yoast-seo-wordpress\/ -->\n<title>\u00a1VIVA JUAN BOSCO! - Colegio Salesiano M\u00aa Auxiliadora Villena<\/title>\n<meta name=\"robots\" content=\"index, follow, max-snippet:-1, max-image-preview:large, max-video-preview:-1\" \/>\n<link rel=\"canonical\" href=\"https:\/\/villena.salesianos.edu\/colegio\/viva-juan-bosco\/\" \/>\n<meta property=\"og:locale\" content=\"es_ES\" \/>\n<meta property=\"og:type\" content=\"article\" \/>\n<meta property=\"og:title\" content=\"\u00a1VIVA JUAN BOSCO! - Colegio Salesiano M\u00aa Auxiliadora Villena\" \/>\n<meta property=\"og:description\" content=\"Fiesta escolar de nuestro fundador SAN JUAN BOSCOPor PastoralComo cada mes de enero, con la proximidad del d\u00eda 31, el colegio llev\u00f3 a cabo las diferentes actividades en honor a San Juan Bosco. El s\u00e1bado 27, tuvo lugar la Fiesta de la Comunidad Educativa Pastoral organizada por el AMPA junto con el Centro Juvenil Don [&hellip;]\" \/>\n<meta property=\"og:url\" content=\"https:\/\/villena.salesianos.edu\/colegio\/viva-juan-bosco\/\" \/>\n<meta property=\"og:site_name\" content=\"Colegio Salesiano M\u00aa Auxiliadora Villena\" \/>\n<meta property=\"article:published_time\" content=\"2024-02-01T14:17:18+00:00\" \/>\n<meta property=\"article:modified_time\" content=\"2024-02-06T14:25:58+00:00\" \/>\n<meta property=\"og:image\" content=\"https:\/\/villena.salesianos.edu\/colegio\/wp-content\/uploads\/sites\/3\/2024\/02\/IMG_0234-e1707229543830.jpg\" \/>\n\t<meta property=\"og:image:width\" content=\"1625\" \/>\n\t<meta property=\"og:image:height\" content=\"979\" \/>\n\t<meta property=\"og:image:type\" content=\"image\/jpeg\" \/>\n<meta name=\"author\" content=\"Gestor Web\" \/>\n<meta name=\"twitter:card\" content=\"summary_large_image\" \/>\n<meta name=\"twitter:label1\" content=\"Escrito por\" \/>\n\t<meta name=\"twitter:data1\" content=\"Gestor Web\" \/>\n\t<meta name=\"twitter:label2\" content=\"Tiempo de lectura\" \/>\n\t<meta name=\"twitter:data2\" content=\"3 minutos\" \/>\n<script type=\"application\/ld+json\" class=\"yoast-schema-graph\">{\"@context\":\"https:\\\/\\\/schema.org\",\"@graph\":[{\"@type\":\"Article\",\"@id\":\"https:\\\/\\\/villena.salesianos.edu\\\/colegio\\\/viva-juan-bosco\\\/#article\",\"isPartOf\":{\"@id\":\"https:\\\/\\\/villena.salesianos.edu\\\/colegio\\\/viva-juan-bosco\\\/\"},\"author\":{\"name\":\"Gestor Web\",\"@id\":\"https:\\\/\\\/villena.salesianos.edu\\\/colegio\\\/#\\\/schema\\\/person\\\/737fd46edc5ae7d6c9b94da26c0e9302\"},\"headline\":\"\u00a1VIVA JUAN BOSCO!\",\"datePublished\":\"2024-02-01T14:17:18+00:00\",\"dateModified\":\"2024-02-06T14:25:58+00:00\",\"mainEntityOfPage\":{\"@id\":\"https:\\\/\\\/villena.salesianos.edu\\\/colegio\\\/viva-juan-bosco\\\/\"},\"wordCount\":708,\"commentCount\":0,\"image\":{\"@id\":\"https:\\\/\\\/villena.salesianos.edu\\\/colegio\\\/viva-juan-bosco\\\/#primaryimage\"},\"thumbnailUrl\":\"https:\\\/\\\/villena.salesianos.edu\\\/colegio\\\/wp-content\\\/uploads\\\/sites\\\/3\\\/2024\\\/02\\\/IMG_0234-e1707229543830.jpg\",\"articleSection\":[\"Portada Noticias\"],\"inLanguage\":\"es\",\"potentialAction\":[{\"@type\":\"CommentAction\",\"name\":\"Comment\",\"target\":[\"https:\\\/\\\/villena.salesianos.edu\\\/colegio\\\/viva-juan-bosco\\\/#respond\"]}]},{\"@type\":\"WebPage\",\"@id\":\"https:\\\/\\\/villena.salesianos.edu\\\/colegio\\\/viva-juan-bosco\\\/\",\"url\":\"https:\\\/\\\/villena.salesianos.edu\\\/colegio\\\/viva-juan-bosco\\\/\",\"name\":\"\u00a1VIVA JUAN BOSCO! - Colegio Salesiano M\u00aa Auxiliadora Villena\",\"isPartOf\":{\"@id\":\"https:\\\/\\\/villena.salesianos.edu\\\/colegio\\\/#website\"},\"primaryImageOfPage\":{\"@id\":\"https:\\\/\\\/villena.salesianos.edu\\\/colegio\\\/viva-juan-bosco\\\/#primaryimage\"},\"image\":{\"@id\":\"https:\\\/\\\/villena.salesianos.edu\\\/colegio\\\/viva-juan-bosco\\\/#primaryimage\"},\"thumbnailUrl\":\"https:\\\/\\\/villena.salesianos.edu\\\/colegio\\\/wp-content\\\/uploads\\\/sites\\\/3\\\/2024\\\/02\\\/IMG_0234-e1707229543830.jpg\",\"datePublished\":\"2024-02-01T14:17:18+00:00\",\"dateModified\":\"2024-02-06T14:25:58+00:00\",\"author\":{\"@id\":\"https:\\\/\\\/villena.salesianos.edu\\\/colegio\\\/#\\\/schema\\\/person\\\/737fd46edc5ae7d6c9b94da26c0e9302\"},\"breadcrumb\":{\"@id\":\"https:\\\/\\\/villena.salesianos.edu\\\/colegio\\\/viva-juan-bosco\\\/#breadcrumb\"},\"inLanguage\":\"es\",\"potentialAction\":[{\"@type\":\"ReadAction\",\"target\":[\"https:\\\/\\\/villena.salesianos.edu\\\/colegio\\\/viva-juan-bosco\\\/\"]}]},{\"@type\":\"ImageObject\",\"inLanguage\":\"es\",\"@id\":\"https:\\\/\\\/villena.salesianos.edu\\\/colegio\\\/viva-juan-bosco\\\/#primaryimage\",\"url\":\"https:\\\/\\\/villena.salesianos.edu\\\/colegio\\\/wp-content\\\/uploads\\\/sites\\\/3\\\/2024\\\/02\\\/IMG_0234-e1707229543830.jpg\",\"contentUrl\":\"https:\\\/\\\/villena.salesianos.edu\\\/colegio\\\/wp-content\\\/uploads\\\/sites\\\/3\\\/2024\\\/02\\\/IMG_0234-e1707229543830.jpg\",\"width\":1625,\"height\":979},{\"@type\":\"BreadcrumbList\",\"@id\":\"https:\\\/\\\/villena.salesianos.edu\\\/colegio\\\/viva-juan-bosco\\\/#breadcrumb\",\"itemListElement\":[{\"@type\":\"ListItem\",\"position\":1,\"name\":\"Portada\",\"item\":\"https:\\\/\\\/villena.salesianos.edu\\\/colegio\\\/\"},{\"@type\":\"ListItem\",\"position\":2,\"name\":\"\u00a1VIVA JUAN BOSCO!\"}]},{\"@type\":\"WebSite\",\"@id\":\"https:\\\/\\\/villena.salesianos.edu\\\/colegio\\\/#website\",\"url\":\"https:\\\/\\\/villena.salesianos.edu\\\/colegio\\\/\",\"name\":\"Colegio Salesiano M\u00aa Auxiliadora Villena\",\"description\":\"P\u00e1gina oficial Salesianos Villena\",\"potentialAction\":[{\"@type\":\"SearchAction\",\"target\":{\"@type\":\"EntryPoint\",\"urlTemplate\":\"https:\\\/\\\/villena.salesianos.edu\\\/colegio\\\/?s={search_term_string}\"},\"query-input\":{\"@type\":\"PropertyValueSpecification\",\"valueRequired\":true,\"valueName\":\"search_term_string\"}}],\"inLanguage\":\"es\"},{\"@type\":\"Person\",\"@id\":\"https:\\\/\\\/villena.salesianos.edu\\\/colegio\\\/#\\\/schema\\\/person\\\/737fd46edc5ae7d6c9b94da26c0e9302\",\"name\":\"Gestor Web\",\"image\":{\"@type\":\"ImageObject\",\"inLanguage\":\"es\",\"@id\":\"https:\\\/\\\/secure.gravatar.com\\\/avatar\\\/44469746e1b6443cd011d1759fdc3b9fdcdae4a08dc0ddd85247651cb065486d?s=96&d=mm&r=g\",\"url\":\"https:\\\/\\\/secure.gravatar.com\\\/avatar\\\/44469746e1b6443cd011d1759fdc3b9fdcdae4a08dc0ddd85247651cb065486d?s=96&d=mm&r=g\",\"contentUrl\":\"https:\\\/\\\/secure.gravatar.com\\\/avatar\\\/44469746e1b6443cd011d1759fdc3b9fdcdae4a08dc0ddd85247651cb065486d?s=96&d=mm&r=g\",\"caption\":\"Gestor Web\"}}]}<\/script>\n<!-- \/ Yoast SEO plugin. -->","yoast_head_json":{"title":"\u00a1VIVA JUAN BOSCO! - Colegio Salesiano M\u00aa Auxiliadora Villena","robots":{"index":"index","follow":"follow","max-snippet":"max-snippet:-1","max-image-preview":"max-image-preview:large","max-video-preview":"max-video-preview:-1"},"canonical":"https:\/\/villena.salesianos.edu\/colegio\/viva-juan-bosco\/","og_locale":"es_ES","og_type":"article","og_title":"\u00a1VIVA JUAN BOSCO! - Colegio Salesiano M\u00aa Auxiliadora Villena","og_description":"Fiesta escolar de nuestro fundador SAN JUAN BOSCOPor PastoralComo cada mes de enero, con la proximidad del d\u00eda 31, el colegio llev\u00f3 a cabo las diferentes actividades en honor a San Juan Bosco. El s\u00e1bado 27, tuvo lugar la Fiesta de la Comunidad Educativa Pastoral organizada por el AMPA junto con el Centro Juvenil Don [&hellip;]","og_url":"https:\/\/villena.salesianos.edu\/colegio\/viva-juan-bosco\/","og_site_name":"Colegio Salesiano M\u00aa Auxiliadora Villena","article_published_time":"2024-02-01T14:17:18+00:00","article_modified_time":"2024-02-06T14:25:58+00:00","og_image":[{"width":1625,"height":979,"url":"https:\/\/villena.salesianos.edu\/colegio\/wp-content\/uploads\/sites\/3\/2024\/02\/IMG_0234-e1707229543830.jpg","type":"image\/jpeg"}],"author":"Gestor Web","twitter_card":"summary_large_image","twitter_misc":{"Escrito por":"Gestor Web","Tiempo de lectura":"3 minutos"},"schema":{"@context":"https:\/\/schema.org","@graph":[{"@type":"Article","@id":"https:\/\/villena.salesianos.edu\/colegio\/viva-juan-bosco\/#article","isPartOf":{"@id":"https:\/\/villena.salesianos.edu\/colegio\/viva-juan-bosco\/"},"author":{"name":"Gestor Web","@id":"https:\/\/villena.salesianos.edu\/colegio\/#\/schema\/person\/737fd46edc5ae7d6c9b94da26c0e9302"},"headline":"\u00a1VIVA JUAN BOSCO!","datePublished":"2024-02-01T14:17:18+00:00","dateModified":"2024-02-06T14:25:58+00:00","mainEntityOfPage":{"@id":"https:\/\/villena.salesianos.edu\/colegio\/viva-juan-bosco\/"},"wordCount":708,"commentCount":0,"image":{"@id":"https:\/\/villena.salesianos.edu\/colegio\/viva-juan-bosco\/#primaryimage"},"thumbnailUrl":"https:\/\/villena.salesianos.edu\/colegio\/wp-content\/uploads\/sites\/3\/2024\/02\/IMG_0234-e1707229543830.jpg","articleSection":["Portada Noticias"],"inLanguage":"es","potentialAction":[{"@type":"CommentAction","name":"Comment","target":["https:\/\/villena.salesianos.edu\/colegio\/viva-juan-bosco\/#respond"]}]},{"@type":"WebPage","@id":"https:\/\/villena.salesianos.edu\/colegio\/viva-juan-bosco\/","url":"https:\/\/villena.salesianos.edu\/colegio\/viva-juan-bosco\/","name":"\u00a1VIVA JUAN BOSCO! - Colegio Salesiano M\u00aa Auxiliadora Villena","isPartOf":{"@id":"https:\/\/villena.salesianos.edu\/colegio\/#website"},"primaryImageOfPage":{"@id":"https:\/\/villena.salesianos.edu\/colegio\/viva-juan-bosco\/#primaryimage"},"image":{"@id":"https:\/\/villena.salesianos.edu\/colegio\/viva-juan-bosco\/#primaryimage"},"thumbnailUrl":"https:\/\/villena.salesianos.edu\/colegio\/wp-content\/uploads\/sites\/3\/2024\/02\/IMG_0234-e1707229543830.jpg","datePublished":"2024-02-01T14:17:18+00:00","dateModified":"2024-02-06T14:25:58+00:00","author":{"@id":"https:\/\/villena.salesianos.edu\/colegio\/#\/schema\/person\/737fd46edc5ae7d6c9b94da26c0e9302"},"breadcrumb":{"@id":"https:\/\/villena.salesianos.edu\/colegio\/viva-juan-bosco\/#breadcrumb"},"inLanguage":"es","potentialAction":[{"@type":"ReadAction","target":["https:\/\/villena.salesianos.edu\/colegio\/viva-juan-bosco\/"]}]},{"@type":"ImageObject","inLanguage":"es","@id":"https:\/\/villena.salesianos.edu\/colegio\/viva-juan-bosco\/#primaryimage","url":"https:\/\/villena.salesianos.edu\/colegio\/wp-content\/uploads\/sites\/3\/2024\/02\/IMG_0234-e1707229543830.jpg","contentUrl":"https:\/\/villena.salesianos.edu\/colegio\/wp-content\/uploads\/sites\/3\/2024\/02\/IMG_0234-e1707229543830.jpg","width":1625,"height":979},{"@type":"BreadcrumbList","@id":"https:\/\/villena.salesianos.edu\/colegio\/viva-juan-bosco\/#breadcrumb","itemListElement":[{"@type":"ListItem","position":1,"name":"Portada","item":"https:\/\/villena.salesianos.edu\/colegio\/"},{"@type":"ListItem","position":2,"name":"\u00a1VIVA JUAN BOSCO!"}]},{"@type":"WebSite","@id":"https:\/\/villena.salesianos.edu\/colegio\/#website","url":"https:\/\/villena.salesianos.edu\/colegio\/","name":"Colegio Salesiano M\u00aa Auxiliadora Villena","description":"P\u00e1gina oficial Salesianos Villena","potentialAction":[{"@type":"SearchAction","target":{"@type":"EntryPoint","urlTemplate":"https:\/\/villena.salesianos.edu\/colegio\/?s={search_term_string}"},"query-input":{"@type":"PropertyValueSpecification","valueRequired":true,"valueName":"search_term_string"}}],"inLanguage":"es"},{"@type":"Person","@id":"https:\/\/villena.salesianos.edu\/colegio\/#\/schema\/person\/737fd46edc5ae7d6c9b94da26c0e9302","name":"Gestor Web","image":{"@type":"ImageObject","inLanguage":"es","@id":"https:\/\/secure.gravatar.com\/avatar\/44469746e1b6443cd011d1759fdc3b9fdcdae4a08dc0ddd85247651cb065486d?s=96&d=mm&r=g","url":"https:\/\/secure.gravatar.com\/avatar\/44469746e1b6443cd011d1759fdc3b9fdcdae4a08dc0ddd85247651cb065486d?s=96&d=mm&r=g","contentUrl":"https:\/\/secure.gravatar.com\/avatar\/44469746e1b6443cd011d1759fdc3b9fdcdae4a08dc0ddd85247651cb065486d?s=96&d=mm&r=g","caption":"Gestor Web"}}]}},"_links":{"self":[{"href":"https:\/\/villena.salesianos.edu\/colegio\/wp-json\/wp\/v2\/posts\/14966","targetHints":{"allow":["GET"]}}],"collection":[{"href":"https:\/\/villena.salesianos.edu\/colegio\/wp-json\/wp\/v2\/posts"}],"about":[{"href":"https:\/\/villena.salesianos.edu\/colegio\/wp-json\/wp\/v2\/types\/post"}],"author":[{"embeddable":true,"href":"https:\/\/villena.salesianos.edu\/colegio\/wp-json\/wp\/v2\/users\/2"}],"replies":[{"embeddable":true,"href":"https:\/\/villena.salesianos.edu\/colegio\/wp-json\/wp\/v2\/comments?post=14966"}],"version-history":[{"count":7,"href":"https:\/\/villena.salesianos.edu\/colegio\/wp-json\/wp\/v2\/posts\/14966\/revisions"}],"predecessor-version":[{"id":15007,"href":"https:\/\/villena.salesianos.edu\/colegio\/wp-json\/wp\/v2\/posts\/14966\/revisions\/15007"}],"wp:featuredmedia":[{"embeddable":true,"href":"https:\/\/villena.salesianos.edu\/colegio\/wp-json\/wp\/v2\/media\/15008"}],"wp:attachment":[{"href":"https:\/\/villena.salesianos.edu\/colegio\/wp-json\/wp\/v2\/media?parent=14966"}],"wp:term":[{"taxonomy":"category","embeddable":true,"href":"https:\/\/villena.salesianos.edu\/colegio\/wp-json\/wp\/v2\/categories?post=14966"},{"taxonomy":"post_tag","embeddable":true,"href":"https:\/\/villena.salesianos.edu\/colegio\/wp-json\/wp\/v2\/tags?post=14966"}],"curies":[{"name":"wp","href":"https:\/\/api.w.org\/{rel}","templated":true}]}}