{"id":16683,"date":"2025-12-02T21:28:03","date_gmt":"2025-12-02T20:28:03","guid":{"rendered":"https:\/\/villena.salesianos.edu\/colegio\/?p=16683"},"modified":"2025-12-02T21:28:09","modified_gmt":"2025-12-02T20:28:09","slug":"tres-estudiantes-del-colegio-reciben-un-reconocimiento-del-m-i-ayuntamiento-de-villena","status":"publish","type":"post","link":"https:\/\/villena.salesianos.edu\/colegio\/tres-estudiantes-del-colegio-reciben-un-reconocimiento-del-m-i-ayuntamiento-de-villena\/","title":{"rendered":"TRES ESTUDIANTES DEL COLEGIO RECIBEN UN RECONOCIMIENTO DEL M.I. AYUNTAMIENTO DE VILLENA."},"content":{"rendered":"<p>[et_pb_section fb_built=\u00bb1&#8243; admin_label=\u00bbsection\u00bb _builder_version=\u00bb4.16&#8243; global_colors_info=\u00bb{}\u00bb theme_builder_area=\u00bbpost_content\u00bb][et_pb_row admin_label=\u00bbrow\u00bb _builder_version=\u00bb4.16&#8243; background_size=\u00bbinitial\u00bb background_position=\u00bbtop_left\u00bb background_repeat=\u00bbrepeat\u00bb global_colors_info=\u00bb{}\u00bb theme_builder_area=\u00bbpost_content\u00bb][et_pb_column type=\u00bb4_4&#8243; _builder_version=\u00bb4.16&#8243; custom_padding=\u00bb|||\u00bb global_colors_info=\u00bb{}\u00bb custom_padding__hover=\u00bb|||\u00bb theme_builder_area=\u00bbpost_content\u00bb][et_pb_text admin_label=\u00bbEntradilla (Texto)\u00bb _builder_version=\u00bb4.27.4&#8243; text_font=\u00bb|on|||\u00bb text_orientation=\u00bbjustified\u00bb hover_enabled=\u00bb0&#8243; border_style=\u00bbsolid\u00bb global_colors_info=\u00bb{}\u00bb theme_builder_area=\u00bbpost_content\u00bb sticky_enabled=\u00bb0&#8243;][\/et_pb_text][et_pb_text admin_label=\u00bbAutor (Texto)\u00bb _builder_version=\u00bb4.27.4&#8243; text_font=\u00bb||on||\u00bb hover_enabled=\u00bb0&#8243; border_style=\u00bbsolid\u00bb global_colors_info=\u00bb{}\u00bb theme_builder_area=\u00bbpost_content\u00bb sticky_enabled=\u00bb0&#8243;]<\/p>\n<p>Por Direcci\u00f3n<\/p>\n<p>[\/et_pb_text][et_pb_text admin_label=\u00bbDesarrollo (Texto)\u00bb _builder_version=\u00bb4.27.4&#8243; text_orientation=\u00bbjustified\u00bb hover_enabled=\u00bb0&#8243; border_style=\u00bbsolid\u00bb global_colors_info=\u00bb{}\u00bb theme_builder_area=\u00bbpost_content\u00bb sticky_enabled=\u00bb0&#8243;]<\/p>\n<p>El pasado mi\u00e9rcoles 26 de noviembre a las 19:30 h, y con motivo de la conmemoraci\u00f3n del D\u00eda Internacional de la Ciudad Educadora 2025, en el Sal\u00f3n de Actos de<br \/>la Casa de la Cultura, el M.I. Ayuntamiento de Villena realiz\u00f3 un reconocimiento p\u00fablico a tres alumnos del Colegio Salesiano Mar\u00eda Auxiliadora de Villena.<br \/>El reconocimiento a estos tres alumnos, <strong>Marcos Sirera M\u00e1s, Nerea Vilches Sirera y Rosa Mar\u00eda Ballester Torres<\/strong> fue por la obtenci\u00f3n del premio extraordinario al rendimiento acad\u00e9mico en la etapa de secundaria en el curso 2024- 2025.<\/p>\n<p>En el acto se hizo entrega de un diploma a cada uno de ellos por parte del Sr. Alcalde y concejala de Educaci\u00f3n del Ilustre Ayuntamiento de Villena. Adem\u00e1s en dicha ceremonia, aprovechando la celebraci\u00f3n del V centenario de la Ciudad de Villena, Fulgencio Cerd\u00e1n hizo entrega a todos los directores de los centros educativos de la localidad, de una copia facs\u00edmil del T\u00edtulo de Ciudad.<\/p>\n<p>Desde el Colegio queremos dar la enhorabuena a Marcos, Nerea y Rosa y desearle que su rendimiento acad\u00e9mico contin\u00fae igual en otros Centros Educativos.<\/p>\n<p>\u00a1Muchas gracias a los tres!<\/p>\n<p>[\/et_pb_text][et_pb_text disabled_on=\u00bbon|on|on\u00bb admin_label=\u00bbT\u00edtulo: Galer\u00eda de fotos (Texto)\u00bb _builder_version=\u00bb4.16&#8243; text_font=\u00bb|on|||\u00bb text_text_color=\u00bb#dc001b\u00bb border_style=\u00bbsolid\u00bb disabled=\u00bbon\u00bb global_colors_info=\u00bb{}\u00bb theme_builder_area=\u00bbpost_content\u00bb]Galer\u00eda de im\u00e1genes<br \/>\n[\/et_pb_text][et_pb_gallery posts_number=\u00bb8&#8243; show_title_and_caption=\u00bboff\u00bb zoom_icon_color=\u00bb#dc001b\u00bb hover_icon=\u00bb&#x54;||divi||400&#8243; disabled_on=\u00bboff|off|off\u00bb admin_label=\u00bbGaler\u00eda\u00bb _builder_version=\u00bb4.27.4&#8243; hover_enabled=\u00bb0&#8243; border_style=\u00bbsolid\u00bb global_colors_info=\u00bb{}\u00bb theme_builder_area=\u00bbpost_content\u00bb gallery_ids=\u00bb16688,16689,16687,16686&#8243; sticky_enabled=\u00bb0&#8243;][\/et_pb_gallery][et_pb_video disabled_on=\u00bbon|on|on\u00bb admin_label=\u00bbV\u00eddeo\u00bb _builder_version=\u00bb4.16&#8243; disabled=\u00bbon\u00bb global_colors_info=\u00bb{}\u00bb theme_builder_area=\u00bbpost_content\u00bb][\/et_pb_video][\/et_pb_column][\/et_pb_row][\/et_pb_section]<\/p>\n","protected":false},"excerpt":{"rendered":"<p>Por Direcci\u00f3nEl pasado mi\u00e9rcoles 26 de noviembre a las 19:30 h, y con motivo de la conmemoraci\u00f3n del D\u00eda Internacional de la Ciudad Educadora 2025, en el Sal\u00f3n de Actos dela Casa de la Cultura, el M.I. Ayuntamiento de Villena realiz\u00f3 un reconocimiento p\u00fablico a tres alumnos del Colegio Salesiano Mar\u00eda Auxiliadora de Villena.El reconocimiento [&hellip;]<\/p>\n","protected":false},"author":2,"featured_media":16686,"comment_status":"closed","ping_status":"open","sticky":false,"template":"","format":"standard","meta":{"_et_pb_use_builder":"on","_et_pb_old_content":"","_et_gb_content_width":"","footnotes":""},"categories":[24],"tags":[],"class_list":["post-16683","post","type-post","status-publish","format-standard","has-post-thumbnail","hentry","category-portadanoticias"],"yoast_head":"<!-- This site is optimized with the Yoast SEO plugin v28.3 - https:\/\/yoast.com\/product\/yoast-seo-wordpress\/ -->\n<title>TRES ESTUDIANTES DEL COLEGIO RECIBEN UN RECONOCIMIENTO DEL M.I. AYUNTAMIENTO DE VILLENA. - Colegio Salesiano M\u00aa Auxiliadora Villena<\/title>\n<meta name=\"robots\" content=\"index, follow, max-snippet:-1, max-image-preview:large, max-video-preview:-1\" \/>\n<link rel=\"canonical\" href=\"https:\/\/villena.salesianos.edu\/colegio\/tres-estudiantes-del-colegio-reciben-un-reconocimiento-del-m-i-ayuntamiento-de-villena\/\" \/>\n<meta property=\"og:locale\" content=\"es_ES\" \/>\n<meta property=\"og:type\" content=\"article\" \/>\n<meta property=\"og:title\" content=\"TRES ESTUDIANTES DEL COLEGIO RECIBEN UN RECONOCIMIENTO DEL M.I. AYUNTAMIENTO DE VILLENA. - Colegio Salesiano M\u00aa Auxiliadora Villena\" \/>\n<meta property=\"og:description\" content=\"Por Direcci\u00f3nEl pasado mi\u00e9rcoles 26 de noviembre a las 19:30 h, y con motivo de la conmemoraci\u00f3n del D\u00eda Internacional de la Ciudad Educadora 2025, en el Sal\u00f3n de Actos dela Casa de la Cultura, el M.I. Ayuntamiento de Villena realiz\u00f3 un reconocimiento p\u00fablico a tres alumnos del Colegio Salesiano Mar\u00eda Auxiliadora de Villena.El reconocimiento [&hellip;]\" \/>\n<meta property=\"og:url\" content=\"https:\/\/villena.salesianos.edu\/colegio\/tres-estudiantes-del-colegio-reciben-un-reconocimiento-del-m-i-ayuntamiento-de-villena\/\" \/>\n<meta property=\"og:site_name\" content=\"Colegio Salesiano M\u00aa Auxiliadora Villena\" \/>\n<meta property=\"article:published_time\" content=\"2025-12-02T20:28:03+00:00\" \/>\n<meta property=\"article:modified_time\" content=\"2025-12-02T20:28:09+00:00\" \/>\n<meta property=\"og:image\" content=\"https:\/\/villena.salesianos.edu\/colegio\/wp-content\/uploads\/sites\/3\/2025\/12\/WhatsApp-Image-2025-11-26-at-21.58.56-9.jpeg\" \/>\n\t<meta property=\"og:image:width\" content=\"1600\" \/>\n\t<meta property=\"og:image:height\" content=\"1200\" \/>\n\t<meta property=\"og:image:type\" content=\"image\/jpeg\" \/>\n<meta name=\"author\" content=\"Gestor Web\" \/>\n<meta name=\"twitter:card\" content=\"summary_large_image\" \/>\n<meta name=\"twitter:label1\" content=\"Escrito por\" \/>\n\t<meta name=\"twitter:data1\" content=\"Gestor Web\" \/>\n\t<meta name=\"twitter:label2\" content=\"Tiempo de lectura\" \/>\n\t<meta name=\"twitter:data2\" content=\"2 minutos\" \/>\n<script type=\"application\/ld+json\" class=\"yoast-schema-graph\">{\"@context\":\"https:\\\/\\\/schema.org\",\"@graph\":[{\"@type\":\"Article\",\"@id\":\"https:\\\/\\\/villena.salesianos.edu\\\/colegio\\\/tres-estudiantes-del-colegio-reciben-un-reconocimiento-del-m-i-ayuntamiento-de-villena\\\/#article\",\"isPartOf\":{\"@id\":\"https:\\\/\\\/villena.salesianos.edu\\\/colegio\\\/tres-estudiantes-del-colegio-reciben-un-reconocimiento-del-m-i-ayuntamiento-de-villena\\\/\"},\"author\":{\"name\":\"Gestor Web\",\"@id\":\"https:\\\/\\\/villena.salesianos.edu\\\/colegio\\\/#\\\/schema\\\/person\\\/737fd46edc5ae7d6c9b94da26c0e9302\"},\"headline\":\"TRES ESTUDIANTES DEL COLEGIO RECIBEN UN RECONOCIMIENTO DEL M.I. AYUNTAMIENTO DE VILLENA.\",\"datePublished\":\"2025-12-02T20:28:03+00:00\",\"dateModified\":\"2025-12-02T20:28:09+00:00\",\"mainEntityOfPage\":{\"@id\":\"https:\\\/\\\/villena.salesianos.edu\\\/colegio\\\/tres-estudiantes-del-colegio-reciben-un-reconocimiento-del-m-i-ayuntamiento-de-villena\\\/\"},\"wordCount\":506,\"image\":{\"@id\":\"https:\\\/\\\/villena.salesianos.edu\\\/colegio\\\/tres-estudiantes-del-colegio-reciben-un-reconocimiento-del-m-i-ayuntamiento-de-villena\\\/#primaryimage\"},\"thumbnailUrl\":\"https:\\\/\\\/villena.salesianos.edu\\\/colegio\\\/wp-content\\\/uploads\\\/sites\\\/3\\\/2025\\\/12\\\/WhatsApp-Image-2025-11-26-at-21.58.56-9.jpeg\",\"articleSection\":[\"Portada Noticias\"],\"inLanguage\":\"es\"},{\"@type\":\"WebPage\",\"@id\":\"https:\\\/\\\/villena.salesianos.edu\\\/colegio\\\/tres-estudiantes-del-colegio-reciben-un-reconocimiento-del-m-i-ayuntamiento-de-villena\\\/\",\"url\":\"https:\\\/\\\/villena.salesianos.edu\\\/colegio\\\/tres-estudiantes-del-colegio-reciben-un-reconocimiento-del-m-i-ayuntamiento-de-villena\\\/\",\"name\":\"TRES ESTUDIANTES DEL COLEGIO RECIBEN UN RECONOCIMIENTO DEL M.I. AYUNTAMIENTO DE VILLENA. - Colegio Salesiano M\u00aa Auxiliadora Villena\",\"isPartOf\":{\"@id\":\"https:\\\/\\\/villena.salesianos.edu\\\/colegio\\\/#website\"},\"primaryImageOfPage\":{\"@id\":\"https:\\\/\\\/villena.salesianos.edu\\\/colegio\\\/tres-estudiantes-del-colegio-reciben-un-reconocimiento-del-m-i-ayuntamiento-de-villena\\\/#primaryimage\"},\"image\":{\"@id\":\"https:\\\/\\\/villena.salesianos.edu\\\/colegio\\\/tres-estudiantes-del-colegio-reciben-un-reconocimiento-del-m-i-ayuntamiento-de-villena\\\/#primaryimage\"},\"thumbnailUrl\":\"https:\\\/\\\/villena.salesianos.edu\\\/colegio\\\/wp-content\\\/uploads\\\/sites\\\/3\\\/2025\\\/12\\\/WhatsApp-Image-2025-11-26-at-21.58.56-9.jpeg\",\"datePublished\":\"2025-12-02T20:28:03+00:00\",\"dateModified\":\"2025-12-02T20:28:09+00:00\",\"author\":{\"@id\":\"https:\\\/\\\/villena.salesianos.edu\\\/colegio\\\/#\\\/schema\\\/person\\\/737fd46edc5ae7d6c9b94da26c0e9302\"},\"breadcrumb\":{\"@id\":\"https:\\\/\\\/villena.salesianos.edu\\\/colegio\\\/tres-estudiantes-del-colegio-reciben-un-reconocimiento-del-m-i-ayuntamiento-de-villena\\\/#breadcrumb\"},\"inLanguage\":\"es\",\"potentialAction\":[{\"@type\":\"ReadAction\",\"target\":[\"https:\\\/\\\/villena.salesianos.edu\\\/colegio\\\/tres-estudiantes-del-colegio-reciben-un-reconocimiento-del-m-i-ayuntamiento-de-villena\\\/\"]}]},{\"@type\":\"ImageObject\",\"inLanguage\":\"es\",\"@id\":\"https:\\\/\\\/villena.salesianos.edu\\\/colegio\\\/tres-estudiantes-del-colegio-reciben-un-reconocimiento-del-m-i-ayuntamiento-de-villena\\\/#primaryimage\",\"url\":\"https:\\\/\\\/villena.salesianos.edu\\\/colegio\\\/wp-content\\\/uploads\\\/sites\\\/3\\\/2025\\\/12\\\/WhatsApp-Image-2025-11-26-at-21.58.56-9.jpeg\",\"contentUrl\":\"https:\\\/\\\/villena.salesianos.edu\\\/colegio\\\/wp-content\\\/uploads\\\/sites\\\/3\\\/2025\\\/12\\\/WhatsApp-Image-2025-11-26-at-21.58.56-9.jpeg\",\"width\":1600,\"height\":1200},{\"@type\":\"BreadcrumbList\",\"@id\":\"https:\\\/\\\/villena.salesianos.edu\\\/colegio\\\/tres-estudiantes-del-colegio-reciben-un-reconocimiento-del-m-i-ayuntamiento-de-villena\\\/#breadcrumb\",\"itemListElement\":[{\"@type\":\"ListItem\",\"position\":1,\"name\":\"Portada\",\"item\":\"https:\\\/\\\/villena.salesianos.edu\\\/colegio\\\/\"},{\"@type\":\"ListItem\",\"position\":2,\"name\":\"TRES ESTUDIANTES DEL COLEGIO RECIBEN UN RECONOCIMIENTO DEL M.I. AYUNTAMIENTO DE VILLENA.\"}]},{\"@type\":\"WebSite\",\"@id\":\"https:\\\/\\\/villena.salesianos.edu\\\/colegio\\\/#website\",\"url\":\"https:\\\/\\\/villena.salesianos.edu\\\/colegio\\\/\",\"name\":\"Colegio Salesiano M\u00aa Auxiliadora Villena\",\"description\":\"P\u00e1gina oficial Salesianos Villena\",\"potentialAction\":[{\"@type\":\"SearchAction\",\"target\":{\"@type\":\"EntryPoint\",\"urlTemplate\":\"https:\\\/\\\/villena.salesianos.edu\\\/colegio\\\/?s={search_term_string}\"},\"query-input\":{\"@type\":\"PropertyValueSpecification\",\"valueRequired\":true,\"valueName\":\"search_term_string\"}}],\"inLanguage\":\"es\"},{\"@type\":\"Person\",\"@id\":\"https:\\\/\\\/villena.salesianos.edu\\\/colegio\\\/#\\\/schema\\\/person\\\/737fd46edc5ae7d6c9b94da26c0e9302\",\"name\":\"Gestor Web\",\"image\":{\"@type\":\"ImageObject\",\"inLanguage\":\"es\",\"@id\":\"https:\\\/\\\/secure.gravatar.com\\\/avatar\\\/44469746e1b6443cd011d1759fdc3b9fdcdae4a08dc0ddd85247651cb065486d?s=96&d=mm&r=g\",\"url\":\"https:\\\/\\\/secure.gravatar.com\\\/avatar\\\/44469746e1b6443cd011d1759fdc3b9fdcdae4a08dc0ddd85247651cb065486d?s=96&d=mm&r=g\",\"contentUrl\":\"https:\\\/\\\/secure.gravatar.com\\\/avatar\\\/44469746e1b6443cd011d1759fdc3b9fdcdae4a08dc0ddd85247651cb065486d?s=96&d=mm&r=g\",\"caption\":\"Gestor Web\"}}]}<\/script>\n<!-- \/ Yoast SEO plugin. -->","yoast_head_json":{"title":"TRES ESTUDIANTES DEL COLEGIO RECIBEN UN RECONOCIMIENTO DEL M.I. AYUNTAMIENTO DE VILLENA. - Colegio Salesiano M\u00aa Auxiliadora Villena","robots":{"index":"index","follow":"follow","max-snippet":"max-snippet:-1","max-image-preview":"max-image-preview:large","max-video-preview":"max-video-preview:-1"},"canonical":"https:\/\/villena.salesianos.edu\/colegio\/tres-estudiantes-del-colegio-reciben-un-reconocimiento-del-m-i-ayuntamiento-de-villena\/","og_locale":"es_ES","og_type":"article","og_title":"TRES ESTUDIANTES DEL COLEGIO RECIBEN UN RECONOCIMIENTO DEL M.I. AYUNTAMIENTO DE VILLENA. - Colegio Salesiano M\u00aa Auxiliadora Villena","og_description":"Por Direcci\u00f3nEl pasado mi\u00e9rcoles 26 de noviembre a las 19:30 h, y con motivo de la conmemoraci\u00f3n del D\u00eda Internacional de la Ciudad Educadora 2025, en el Sal\u00f3n de Actos dela Casa de la Cultura, el M.I. Ayuntamiento de Villena realiz\u00f3 un reconocimiento p\u00fablico a tres alumnos del Colegio Salesiano Mar\u00eda Auxiliadora de Villena.El reconocimiento [&hellip;]","og_url":"https:\/\/villena.salesianos.edu\/colegio\/tres-estudiantes-del-colegio-reciben-un-reconocimiento-del-m-i-ayuntamiento-de-villena\/","og_site_name":"Colegio Salesiano M\u00aa Auxiliadora Villena","article_published_time":"2025-12-02T20:28:03+00:00","article_modified_time":"2025-12-02T20:28:09+00:00","og_image":[{"width":1600,"height":1200,"url":"https:\/\/villena.salesianos.edu\/colegio\/wp-content\/uploads\/sites\/3\/2025\/12\/WhatsApp-Image-2025-11-26-at-21.58.56-9.jpeg","type":"image\/jpeg"}],"author":"Gestor Web","twitter_card":"summary_large_image","twitter_misc":{"Escrito por":"Gestor Web","Tiempo de lectura":"2 minutos"},"schema":{"@context":"https:\/\/schema.org","@graph":[{"@type":"Article","@id":"https:\/\/villena.salesianos.edu\/colegio\/tres-estudiantes-del-colegio-reciben-un-reconocimiento-del-m-i-ayuntamiento-de-villena\/#article","isPartOf":{"@id":"https:\/\/villena.salesianos.edu\/colegio\/tres-estudiantes-del-colegio-reciben-un-reconocimiento-del-m-i-ayuntamiento-de-villena\/"},"author":{"name":"Gestor Web","@id":"https:\/\/villena.salesianos.edu\/colegio\/#\/schema\/person\/737fd46edc5ae7d6c9b94da26c0e9302"},"headline":"TRES ESTUDIANTES DEL COLEGIO RECIBEN UN RECONOCIMIENTO DEL M.I. AYUNTAMIENTO DE VILLENA.","datePublished":"2025-12-02T20:28:03+00:00","dateModified":"2025-12-02T20:28:09+00:00","mainEntityOfPage":{"@id":"https:\/\/villena.salesianos.edu\/colegio\/tres-estudiantes-del-colegio-reciben-un-reconocimiento-del-m-i-ayuntamiento-de-villena\/"},"wordCount":506,"image":{"@id":"https:\/\/villena.salesianos.edu\/colegio\/tres-estudiantes-del-colegio-reciben-un-reconocimiento-del-m-i-ayuntamiento-de-villena\/#primaryimage"},"thumbnailUrl":"https:\/\/villena.salesianos.edu\/colegio\/wp-content\/uploads\/sites\/3\/2025\/12\/WhatsApp-Image-2025-11-26-at-21.58.56-9.jpeg","articleSection":["Portada Noticias"],"inLanguage":"es"},{"@type":"WebPage","@id":"https:\/\/villena.salesianos.edu\/colegio\/tres-estudiantes-del-colegio-reciben-un-reconocimiento-del-m-i-ayuntamiento-de-villena\/","url":"https:\/\/villena.salesianos.edu\/colegio\/tres-estudiantes-del-colegio-reciben-un-reconocimiento-del-m-i-ayuntamiento-de-villena\/","name":"TRES ESTUDIANTES DEL COLEGIO RECIBEN UN RECONOCIMIENTO DEL M.I. AYUNTAMIENTO DE VILLENA. - Colegio Salesiano M\u00aa Auxiliadora Villena","isPartOf":{"@id":"https:\/\/villena.salesianos.edu\/colegio\/#website"},"primaryImageOfPage":{"@id":"https:\/\/villena.salesianos.edu\/colegio\/tres-estudiantes-del-colegio-reciben-un-reconocimiento-del-m-i-ayuntamiento-de-villena\/#primaryimage"},"image":{"@id":"https:\/\/villena.salesianos.edu\/colegio\/tres-estudiantes-del-colegio-reciben-un-reconocimiento-del-m-i-ayuntamiento-de-villena\/#primaryimage"},"thumbnailUrl":"https:\/\/villena.salesianos.edu\/colegio\/wp-content\/uploads\/sites\/3\/2025\/12\/WhatsApp-Image-2025-11-26-at-21.58.56-9.jpeg","datePublished":"2025-12-02T20:28:03+00:00","dateModified":"2025-12-02T20:28:09+00:00","author":{"@id":"https:\/\/villena.salesianos.edu\/colegio\/#\/schema\/person\/737fd46edc5ae7d6c9b94da26c0e9302"},"breadcrumb":{"@id":"https:\/\/villena.salesianos.edu\/colegio\/tres-estudiantes-del-colegio-reciben-un-reconocimiento-del-m-i-ayuntamiento-de-villena\/#breadcrumb"},"inLanguage":"es","potentialAction":[{"@type":"ReadAction","target":["https:\/\/villena.salesianos.edu\/colegio\/tres-estudiantes-del-colegio-reciben-un-reconocimiento-del-m-i-ayuntamiento-de-villena\/"]}]},{"@type":"ImageObject","inLanguage":"es","@id":"https:\/\/villena.salesianos.edu\/colegio\/tres-estudiantes-del-colegio-reciben-un-reconocimiento-del-m-i-ayuntamiento-de-villena\/#primaryimage","url":"https:\/\/villena.salesianos.edu\/colegio\/wp-content\/uploads\/sites\/3\/2025\/12\/WhatsApp-Image-2025-11-26-at-21.58.56-9.jpeg","contentUrl":"https:\/\/villena.salesianos.edu\/colegio\/wp-content\/uploads\/sites\/3\/2025\/12\/WhatsApp-Image-2025-11-26-at-21.58.56-9.jpeg","width":1600,"height":1200},{"@type":"BreadcrumbList","@id":"https:\/\/villena.salesianos.edu\/colegio\/tres-estudiantes-del-colegio-reciben-un-reconocimiento-del-m-i-ayuntamiento-de-villena\/#breadcrumb","itemListElement":[{"@type":"ListItem","position":1,"name":"Portada","item":"https:\/\/villena.salesianos.edu\/colegio\/"},{"@type":"ListItem","position":2,"name":"TRES ESTUDIANTES DEL COLEGIO RECIBEN UN RECONOCIMIENTO DEL M.I. AYUNTAMIENTO DE VILLENA."}]},{"@type":"WebSite","@id":"https:\/\/villena.salesianos.edu\/colegio\/#website","url":"https:\/\/villena.salesianos.edu\/colegio\/","name":"Colegio Salesiano M\u00aa Auxiliadora Villena","description":"P\u00e1gina oficial Salesianos Villena","potentialAction":[{"@type":"SearchAction","target":{"@type":"EntryPoint","urlTemplate":"https:\/\/villena.salesianos.edu\/colegio\/?s={search_term_string}"},"query-input":{"@type":"PropertyValueSpecification","valueRequired":true,"valueName":"search_term_string"}}],"inLanguage":"es"},{"@type":"Person","@id":"https:\/\/villena.salesianos.edu\/colegio\/#\/schema\/person\/737fd46edc5ae7d6c9b94da26c0e9302","name":"Gestor Web","image":{"@type":"ImageObject","inLanguage":"es","@id":"https:\/\/secure.gravatar.com\/avatar\/44469746e1b6443cd011d1759fdc3b9fdcdae4a08dc0ddd85247651cb065486d?s=96&d=mm&r=g","url":"https:\/\/secure.gravatar.com\/avatar\/44469746e1b6443cd011d1759fdc3b9fdcdae4a08dc0ddd85247651cb065486d?s=96&d=mm&r=g","contentUrl":"https:\/\/secure.gravatar.com\/avatar\/44469746e1b6443cd011d1759fdc3b9fdcdae4a08dc0ddd85247651cb065486d?s=96&d=mm&r=g","caption":"Gestor Web"}}]}},"_links":{"self":[{"href":"https:\/\/villena.salesianos.edu\/colegio\/wp-json\/wp\/v2\/posts\/16683","targetHints":{"allow":["GET"]}}],"collection":[{"href":"https:\/\/villena.salesianos.edu\/colegio\/wp-json\/wp\/v2\/posts"}],"about":[{"href":"https:\/\/villena.salesianos.edu\/colegio\/wp-json\/wp\/v2\/types\/post"}],"author":[{"embeddable":true,"href":"https:\/\/villena.salesianos.edu\/colegio\/wp-json\/wp\/v2\/users\/2"}],"replies":[{"embeddable":true,"href":"https:\/\/villena.salesianos.edu\/colegio\/wp-json\/wp\/v2\/comments?post=16683"}],"version-history":[{"count":4,"href":"https:\/\/villena.salesianos.edu\/colegio\/wp-json\/wp\/v2\/posts\/16683\/revisions"}],"predecessor-version":[{"id":16693,"href":"https:\/\/villena.salesianos.edu\/colegio\/wp-json\/wp\/v2\/posts\/16683\/revisions\/16693"}],"wp:featuredmedia":[{"embeddable":true,"href":"https:\/\/villena.salesianos.edu\/colegio\/wp-json\/wp\/v2\/media\/16686"}],"wp:attachment":[{"href":"https:\/\/villena.salesianos.edu\/colegio\/wp-json\/wp\/v2\/media?parent=16683"}],"wp:term":[{"taxonomy":"category","embeddable":true,"href":"https:\/\/villena.salesianos.edu\/colegio\/wp-json\/wp\/v2\/categories?post=16683"},{"taxonomy":"post_tag","embeddable":true,"href":"https:\/\/villena.salesianos.edu\/colegio\/wp-json\/wp\/v2\/tags?post=16683"}],"curies":[{"name":"wp","href":"https:\/\/api.w.org\/{rel}","templated":true}]}}