{"id":16708,"date":"2025-12-06T11:35:14","date_gmt":"2025-12-06T10:35:14","guid":{"rendered":"https:\/\/villena.salesianos.edu\/colegio\/?p=16708"},"modified":"2025-12-06T11:35:20","modified_gmt":"2025-12-06T10:35:20","slug":"tierra-a-la-vista-2","status":"publish","type":"post","link":"https:\/\/villena.salesianos.edu\/colegio\/tierra-a-la-vista-2\/","title":{"rendered":"\u00a1TIERRA A LA VISTA!"},"content":{"rendered":"<p>[et_pb_section fb_built=\u00bb1&#8243; admin_label=\u00bbsection\u00bb _builder_version=\u00bb4.16&#8243; global_colors_info=\u00bb{}\u00bb][et_pb_row admin_label=\u00bbrow\u00bb _builder_version=\u00bb4.16&#8243; background_size=\u00bbinitial\u00bb background_position=\u00bbtop_left\u00bb background_repeat=\u00bbrepeat\u00bb global_colors_info=\u00bb{}\u00bb][et_pb_column type=\u00bb4_4&#8243; _builder_version=\u00bb4.16&#8243; custom_padding=\u00bb|||\u00bb global_colors_info=\u00bb{}\u00bb custom_padding__hover=\u00bb|||\u00bb][et_pb_text admin_label=\u00bbEntradilla (Texto)\u00bb _builder_version=\u00bb4.27.4&#8243; text_font=\u00bb|on|||\u00bb text_orientation=\u00bbjustified\u00bb hover_enabled=\u00bb0&#8243; border_style=\u00bbsolid\u00bb global_colors_info=\u00bb{}\u00bb sticky_enabled=\u00bb0&#8243;]<\/p>\n<p>El proyecto de los Piratas de los peques de Infantil ha llegado a su fin.<\/p>\n<p>[\/et_pb_text][et_pb_text admin_label=\u00bbAutor (Texto)\u00bb _builder_version=\u00bb4.27.4&#8243; text_font=\u00bb||on||\u00bb hover_enabled=\u00bb0&#8243; border_style=\u00bbsolid\u00bb global_colors_info=\u00bb{}\u00bb sticky_enabled=\u00bb0&#8243;]<\/p>\n<p>Por Mari Virtu y Raquel (tutoras de 3 a\u00f1os)<\/p>\n<p>[\/et_pb_text][et_pb_text admin_label=\u00bbDesarrollo (Texto)\u00bb _builder_version=\u00bb4.27.4&#8243; text_orientation=\u00bbjustified\u00bb hover_enabled=\u00bb0&#8243; border_style=\u00bbsolid\u00bb global_colors_info=\u00bb{}\u00bb sticky_enabled=\u00bb0&#8243;]<\/p>\n<p>Los alumnos y alumnas de 3 a\u00f1os <a href=\"https:\/\/villena.salesianos.edu\/colegio\/infantil\/\">de Infantil<\/a> han estado explorando el mundo de los Piratas durante este primer trimestre.<\/p>\n<p>A lo largo de las semanas han estado recibiendo mensajes en una botella que el Pirata Barbarroja les dejaba en sus aulas. En esos pergaminos, Barbarroja le propon\u00eda una serie de retos para convertirse en aut\u00e9nticos piratas como crear un catalejo m\u00e1gico que lo pintara todo de color rojo, elaborar unos medallones dorados y decorar unos cofres del tesoro.<\/p>\n<p>Entre canciones, poes\u00edas y bailes estos peques han vivido incre\u00edbles aventuras Piratas que le han ayudado a aprender vocabulario, conceptos y hasta curiosidades sobre los piratas.<\/p>\n<p>El pasado viernes, los ni\u00f1os y las ni\u00f1as vinieron vestidos de color rojo y con un pa\u00f1uelo en su cabeza pues iban a celebrar que por fin eran piratas.<\/p>\n<p>Pero lo que no sab\u00edan es que Barbarroja les hab\u00eda mandando el \u00faltimo reto, superar un entrenamiento pirata en el que ten\u00edan que surcar los mares, buscar los objetos rojos y, ayudar al pirata a recuperar todos sus objetos personales.<\/p>\n<p>Y&#8230; Lo hicieron tan bien que consiguieron el mapa que les ayud\u00f3 a encontrar el esperado tesoro. \u00a1Por fin somos Piratas!<\/p>\n<p>Sin duda ha sido un trimestre cargado de aprendizaje, risas y buenos momentos de la mano del Pirata Barbarroja y el Loro Bartolo pico de Oro.<\/p>\n<p>Si quieres ver im\u00e1genes de esta fiesta Pirata, <a href=\"https:\/\/villena.salesianos.edu\/colegio\/galeria\/infantil-fotos\/\">haz clic aqu\u00ed<\/a><\/p>\n<p>[\/et_pb_text][et_pb_text disabled_on=\u00bbon|on|on\u00bb admin_label=\u00bbT\u00edtulo: Galer\u00eda de fotos (Texto)\u00bb _builder_version=\u00bb4.16&#8243; text_font=\u00bb|on|||\u00bb text_text_color=\u00bb#dc001b\u00bb border_style=\u00bbsolid\u00bb disabled=\u00bbon\u00bb global_colors_info=\u00bb{}\u00bb]Galer\u00eda de im\u00e1genes<br \/>\n[\/et_pb_text][et_pb_gallery posts_number=\u00bb8&#8243; show_title_and_caption=\u00bboff\u00bb zoom_icon_color=\u00bb#dc001b\u00bb hover_icon=\u00bb&#x54;||divi||400&#8243; disabled_on=\u00bbon|on|on\u00bb admin_label=\u00bbGaler\u00eda\u00bb _builder_version=\u00bb4.16&#8243; border_style=\u00bbsolid\u00bb disabled=\u00bbon\u00bb global_colors_info=\u00bb{}\u00bb][\/et_pb_gallery][et_pb_video disabled_on=\u00bbon|on|on\u00bb admin_label=\u00bbV\u00eddeo\u00bb _builder_version=\u00bb4.16&#8243; disabled=\u00bbon\u00bb global_colors_info=\u00bb{}\u00bb][\/et_pb_video][\/et_pb_column][\/et_pb_row][\/et_pb_section]<\/p>\n","protected":false},"excerpt":{"rendered":"<p>El proyecto de los Piratas de los peques de Infantil ha llegado a su fin.Por Mari Virtu y Raquel (tutoras de 3 a\u00f1os)Los alumnos y alumnas de 3 a\u00f1os de Infantil han estado explorando el mundo de los Piratas durante este primer trimestre. A lo largo de las semanas han estado recibiendo mensajes en una [&hellip;]<\/p>\n","protected":false},"author":2,"featured_media":16713,"comment_status":"closed","ping_status":"open","sticky":false,"template":"","format":"standard","meta":{"_et_pb_use_builder":"on","_et_pb_old_content":"","_et_gb_content_width":"","footnotes":""},"categories":[22,23],"tags":[],"class_list":["post-16708","post","type-post","status-publish","format-standard","has-post-thumbnail","hentry","category-colegio","category-infantil"],"yoast_head":"<!-- This site is optimized with the Yoast SEO plugin v28.3 - https:\/\/yoast.com\/product\/yoast-seo-wordpress\/ -->\n<title>\u00a1TIERRA A LA VISTA! - Colegio Salesiano M\u00aa Auxiliadora Villena<\/title>\n<meta name=\"robots\" content=\"index, follow, max-snippet:-1, max-image-preview:large, max-video-preview:-1\" \/>\n<link rel=\"canonical\" href=\"https:\/\/villena.salesianos.edu\/colegio\/tierra-a-la-vista-2\/\" \/>\n<meta property=\"og:locale\" content=\"es_ES\" \/>\n<meta property=\"og:type\" content=\"article\" \/>\n<meta property=\"og:title\" content=\"\u00a1TIERRA A LA VISTA! - Colegio Salesiano M\u00aa Auxiliadora Villena\" \/>\n<meta property=\"og:description\" content=\"El proyecto de los Piratas de los peques de Infantil ha llegado a su fin.Por Mari Virtu y Raquel (tutoras de 3 a\u00f1os)Los alumnos y alumnas de 3 a\u00f1os de Infantil han estado explorando el mundo de los Piratas durante este primer trimestre. A lo largo de las semanas han estado recibiendo mensajes en una [&hellip;]\" \/>\n<meta property=\"og:url\" content=\"https:\/\/villena.salesianos.edu\/colegio\/tierra-a-la-vista-2\/\" \/>\n<meta property=\"og:site_name\" content=\"Colegio Salesiano M\u00aa Auxiliadora Villena\" \/>\n<meta property=\"article:published_time\" content=\"2025-12-06T10:35:14+00:00\" \/>\n<meta property=\"article:modified_time\" content=\"2025-12-06T10:35:20+00:00\" \/>\n<meta property=\"og:image\" content=\"https:\/\/villena.salesianos.edu\/colegio\/wp-content\/uploads\/sites\/3\/2025\/12\/WhatsApp-Image-2025-12-06-at-11.29.47-2.jpeg\" \/>\n\t<meta property=\"og:image:width\" content=\"2040\" \/>\n\t<meta property=\"og:image:height\" content=\"1536\" \/>\n\t<meta property=\"og:image:type\" content=\"image\/jpeg\" \/>\n<meta name=\"author\" content=\"Gestor Web\" \/>\n<meta name=\"twitter:card\" content=\"summary_large_image\" \/>\n<meta name=\"twitter:label1\" content=\"Escrito por\" \/>\n\t<meta name=\"twitter:data1\" content=\"Gestor Web\" \/>\n\t<meta name=\"twitter:label2\" content=\"Tiempo de lectura\" \/>\n\t<meta name=\"twitter:data2\" content=\"2 minutos\" \/>\n<script type=\"application\/ld+json\" class=\"yoast-schema-graph\">{\"@context\":\"https:\\\/\\\/schema.org\",\"@graph\":[{\"@type\":\"Article\",\"@id\":\"https:\\\/\\\/villena.salesianos.edu\\\/colegio\\\/tierra-a-la-vista-2\\\/#article\",\"isPartOf\":{\"@id\":\"https:\\\/\\\/villena.salesianos.edu\\\/colegio\\\/tierra-a-la-vista-2\\\/\"},\"author\":{\"name\":\"Gestor Web\",\"@id\":\"https:\\\/\\\/villena.salesianos.edu\\\/colegio\\\/#\\\/schema\\\/person\\\/737fd46edc5ae7d6c9b94da26c0e9302\"},\"headline\":\"\u00a1TIERRA A LA VISTA!\",\"datePublished\":\"2025-12-06T10:35:14+00:00\",\"dateModified\":\"2025-12-06T10:35:20+00:00\",\"mainEntityOfPage\":{\"@id\":\"https:\\\/\\\/villena.salesianos.edu\\\/colegio\\\/tierra-a-la-vista-2\\\/\"},\"wordCount\":514,\"image\":{\"@id\":\"https:\\\/\\\/villena.salesianos.edu\\\/colegio\\\/tierra-a-la-vista-2\\\/#primaryimage\"},\"thumbnailUrl\":\"https:\\\/\\\/villena.salesianos.edu\\\/colegio\\\/wp-content\\\/uploads\\\/sites\\\/3\\\/2025\\\/12\\\/WhatsApp-Image-2025-12-06-at-11.29.47-2.jpeg\",\"articleSection\":[\"Colegio\",\"Infantil\"],\"inLanguage\":\"es\"},{\"@type\":\"WebPage\",\"@id\":\"https:\\\/\\\/villena.salesianos.edu\\\/colegio\\\/tierra-a-la-vista-2\\\/\",\"url\":\"https:\\\/\\\/villena.salesianos.edu\\\/colegio\\\/tierra-a-la-vista-2\\\/\",\"name\":\"\u00a1TIERRA A LA VISTA! - Colegio Salesiano M\u00aa Auxiliadora Villena\",\"isPartOf\":{\"@id\":\"https:\\\/\\\/villena.salesianos.edu\\\/colegio\\\/#website\"},\"primaryImageOfPage\":{\"@id\":\"https:\\\/\\\/villena.salesianos.edu\\\/colegio\\\/tierra-a-la-vista-2\\\/#primaryimage\"},\"image\":{\"@id\":\"https:\\\/\\\/villena.salesianos.edu\\\/colegio\\\/tierra-a-la-vista-2\\\/#primaryimage\"},\"thumbnailUrl\":\"https:\\\/\\\/villena.salesianos.edu\\\/colegio\\\/wp-content\\\/uploads\\\/sites\\\/3\\\/2025\\\/12\\\/WhatsApp-Image-2025-12-06-at-11.29.47-2.jpeg\",\"datePublished\":\"2025-12-06T10:35:14+00:00\",\"dateModified\":\"2025-12-06T10:35:20+00:00\",\"author\":{\"@id\":\"https:\\\/\\\/villena.salesianos.edu\\\/colegio\\\/#\\\/schema\\\/person\\\/737fd46edc5ae7d6c9b94da26c0e9302\"},\"breadcrumb\":{\"@id\":\"https:\\\/\\\/villena.salesianos.edu\\\/colegio\\\/tierra-a-la-vista-2\\\/#breadcrumb\"},\"inLanguage\":\"es\",\"potentialAction\":[{\"@type\":\"ReadAction\",\"target\":[\"https:\\\/\\\/villena.salesianos.edu\\\/colegio\\\/tierra-a-la-vista-2\\\/\"]}]},{\"@type\":\"ImageObject\",\"inLanguage\":\"es\",\"@id\":\"https:\\\/\\\/villena.salesianos.edu\\\/colegio\\\/tierra-a-la-vista-2\\\/#primaryimage\",\"url\":\"https:\\\/\\\/villena.salesianos.edu\\\/colegio\\\/wp-content\\\/uploads\\\/sites\\\/3\\\/2025\\\/12\\\/WhatsApp-Image-2025-12-06-at-11.29.47-2.jpeg\",\"contentUrl\":\"https:\\\/\\\/villena.salesianos.edu\\\/colegio\\\/wp-content\\\/uploads\\\/sites\\\/3\\\/2025\\\/12\\\/WhatsApp-Image-2025-12-06-at-11.29.47-2.jpeg\",\"width\":2040,\"height\":1536},{\"@type\":\"BreadcrumbList\",\"@id\":\"https:\\\/\\\/villena.salesianos.edu\\\/colegio\\\/tierra-a-la-vista-2\\\/#breadcrumb\",\"itemListElement\":[{\"@type\":\"ListItem\",\"position\":1,\"name\":\"Portada\",\"item\":\"https:\\\/\\\/villena.salesianos.edu\\\/colegio\\\/\"},{\"@type\":\"ListItem\",\"position\":2,\"name\":\"\u00a1TIERRA A LA VISTA!\"}]},{\"@type\":\"WebSite\",\"@id\":\"https:\\\/\\\/villena.salesianos.edu\\\/colegio\\\/#website\",\"url\":\"https:\\\/\\\/villena.salesianos.edu\\\/colegio\\\/\",\"name\":\"Colegio Salesiano M\u00aa Auxiliadora Villena\",\"description\":\"P\u00e1gina oficial Salesianos Villena\",\"potentialAction\":[{\"@type\":\"SearchAction\",\"target\":{\"@type\":\"EntryPoint\",\"urlTemplate\":\"https:\\\/\\\/villena.salesianos.edu\\\/colegio\\\/?s={search_term_string}\"},\"query-input\":{\"@type\":\"PropertyValueSpecification\",\"valueRequired\":true,\"valueName\":\"search_term_string\"}}],\"inLanguage\":\"es\"},{\"@type\":\"Person\",\"@id\":\"https:\\\/\\\/villena.salesianos.edu\\\/colegio\\\/#\\\/schema\\\/person\\\/737fd46edc5ae7d6c9b94da26c0e9302\",\"name\":\"Gestor Web\",\"image\":{\"@type\":\"ImageObject\",\"inLanguage\":\"es\",\"@id\":\"https:\\\/\\\/secure.gravatar.com\\\/avatar\\\/44469746e1b6443cd011d1759fdc3b9fdcdae4a08dc0ddd85247651cb065486d?s=96&d=mm&r=g\",\"url\":\"https:\\\/\\\/secure.gravatar.com\\\/avatar\\\/44469746e1b6443cd011d1759fdc3b9fdcdae4a08dc0ddd85247651cb065486d?s=96&d=mm&r=g\",\"contentUrl\":\"https:\\\/\\\/secure.gravatar.com\\\/avatar\\\/44469746e1b6443cd011d1759fdc3b9fdcdae4a08dc0ddd85247651cb065486d?s=96&d=mm&r=g\",\"caption\":\"Gestor Web\"}}]}<\/script>\n<!-- \/ Yoast SEO plugin. -->","yoast_head_json":{"title":"\u00a1TIERRA A LA VISTA! - Colegio Salesiano M\u00aa Auxiliadora Villena","robots":{"index":"index","follow":"follow","max-snippet":"max-snippet:-1","max-image-preview":"max-image-preview:large","max-video-preview":"max-video-preview:-1"},"canonical":"https:\/\/villena.salesianos.edu\/colegio\/tierra-a-la-vista-2\/","og_locale":"es_ES","og_type":"article","og_title":"\u00a1TIERRA A LA VISTA! - Colegio Salesiano M\u00aa Auxiliadora Villena","og_description":"El proyecto de los Piratas de los peques de Infantil ha llegado a su fin.Por Mari Virtu y Raquel (tutoras de 3 a\u00f1os)Los alumnos y alumnas de 3 a\u00f1os de Infantil han estado explorando el mundo de los Piratas durante este primer trimestre. A lo largo de las semanas han estado recibiendo mensajes en una [&hellip;]","og_url":"https:\/\/villena.salesianos.edu\/colegio\/tierra-a-la-vista-2\/","og_site_name":"Colegio Salesiano M\u00aa Auxiliadora Villena","article_published_time":"2025-12-06T10:35:14+00:00","article_modified_time":"2025-12-06T10:35:20+00:00","og_image":[{"width":2040,"height":1536,"url":"https:\/\/villena.salesianos.edu\/colegio\/wp-content\/uploads\/sites\/3\/2025\/12\/WhatsApp-Image-2025-12-06-at-11.29.47-2.jpeg","type":"image\/jpeg"}],"author":"Gestor Web","twitter_card":"summary_large_image","twitter_misc":{"Escrito por":"Gestor Web","Tiempo de lectura":"2 minutos"},"schema":{"@context":"https:\/\/schema.org","@graph":[{"@type":"Article","@id":"https:\/\/villena.salesianos.edu\/colegio\/tierra-a-la-vista-2\/#article","isPartOf":{"@id":"https:\/\/villena.salesianos.edu\/colegio\/tierra-a-la-vista-2\/"},"author":{"name":"Gestor Web","@id":"https:\/\/villena.salesianos.edu\/colegio\/#\/schema\/person\/737fd46edc5ae7d6c9b94da26c0e9302"},"headline":"\u00a1TIERRA A LA VISTA!","datePublished":"2025-12-06T10:35:14+00:00","dateModified":"2025-12-06T10:35:20+00:00","mainEntityOfPage":{"@id":"https:\/\/villena.salesianos.edu\/colegio\/tierra-a-la-vista-2\/"},"wordCount":514,"image":{"@id":"https:\/\/villena.salesianos.edu\/colegio\/tierra-a-la-vista-2\/#primaryimage"},"thumbnailUrl":"https:\/\/villena.salesianos.edu\/colegio\/wp-content\/uploads\/sites\/3\/2025\/12\/WhatsApp-Image-2025-12-06-at-11.29.47-2.jpeg","articleSection":["Colegio","Infantil"],"inLanguage":"es"},{"@type":"WebPage","@id":"https:\/\/villena.salesianos.edu\/colegio\/tierra-a-la-vista-2\/","url":"https:\/\/villena.salesianos.edu\/colegio\/tierra-a-la-vista-2\/","name":"\u00a1TIERRA A LA VISTA! - Colegio Salesiano M\u00aa Auxiliadora Villena","isPartOf":{"@id":"https:\/\/villena.salesianos.edu\/colegio\/#website"},"primaryImageOfPage":{"@id":"https:\/\/villena.salesianos.edu\/colegio\/tierra-a-la-vista-2\/#primaryimage"},"image":{"@id":"https:\/\/villena.salesianos.edu\/colegio\/tierra-a-la-vista-2\/#primaryimage"},"thumbnailUrl":"https:\/\/villena.salesianos.edu\/colegio\/wp-content\/uploads\/sites\/3\/2025\/12\/WhatsApp-Image-2025-12-06-at-11.29.47-2.jpeg","datePublished":"2025-12-06T10:35:14+00:00","dateModified":"2025-12-06T10:35:20+00:00","author":{"@id":"https:\/\/villena.salesianos.edu\/colegio\/#\/schema\/person\/737fd46edc5ae7d6c9b94da26c0e9302"},"breadcrumb":{"@id":"https:\/\/villena.salesianos.edu\/colegio\/tierra-a-la-vista-2\/#breadcrumb"},"inLanguage":"es","potentialAction":[{"@type":"ReadAction","target":["https:\/\/villena.salesianos.edu\/colegio\/tierra-a-la-vista-2\/"]}]},{"@type":"ImageObject","inLanguage":"es","@id":"https:\/\/villena.salesianos.edu\/colegio\/tierra-a-la-vista-2\/#primaryimage","url":"https:\/\/villena.salesianos.edu\/colegio\/wp-content\/uploads\/sites\/3\/2025\/12\/WhatsApp-Image-2025-12-06-at-11.29.47-2.jpeg","contentUrl":"https:\/\/villena.salesianos.edu\/colegio\/wp-content\/uploads\/sites\/3\/2025\/12\/WhatsApp-Image-2025-12-06-at-11.29.47-2.jpeg","width":2040,"height":1536},{"@type":"BreadcrumbList","@id":"https:\/\/villena.salesianos.edu\/colegio\/tierra-a-la-vista-2\/#breadcrumb","itemListElement":[{"@type":"ListItem","position":1,"name":"Portada","item":"https:\/\/villena.salesianos.edu\/colegio\/"},{"@type":"ListItem","position":2,"name":"\u00a1TIERRA A LA VISTA!"}]},{"@type":"WebSite","@id":"https:\/\/villena.salesianos.edu\/colegio\/#website","url":"https:\/\/villena.salesianos.edu\/colegio\/","name":"Colegio Salesiano M\u00aa Auxiliadora Villena","description":"P\u00e1gina oficial Salesianos Villena","potentialAction":[{"@type":"SearchAction","target":{"@type":"EntryPoint","urlTemplate":"https:\/\/villena.salesianos.edu\/colegio\/?s={search_term_string}"},"query-input":{"@type":"PropertyValueSpecification","valueRequired":true,"valueName":"search_term_string"}}],"inLanguage":"es"},{"@type":"Person","@id":"https:\/\/villena.salesianos.edu\/colegio\/#\/schema\/person\/737fd46edc5ae7d6c9b94da26c0e9302","name":"Gestor Web","image":{"@type":"ImageObject","inLanguage":"es","@id":"https:\/\/secure.gravatar.com\/avatar\/44469746e1b6443cd011d1759fdc3b9fdcdae4a08dc0ddd85247651cb065486d?s=96&d=mm&r=g","url":"https:\/\/secure.gravatar.com\/avatar\/44469746e1b6443cd011d1759fdc3b9fdcdae4a08dc0ddd85247651cb065486d?s=96&d=mm&r=g","contentUrl":"https:\/\/secure.gravatar.com\/avatar\/44469746e1b6443cd011d1759fdc3b9fdcdae4a08dc0ddd85247651cb065486d?s=96&d=mm&r=g","caption":"Gestor Web"}}]}},"_links":{"self":[{"href":"https:\/\/villena.salesianos.edu\/colegio\/wp-json\/wp\/v2\/posts\/16708","targetHints":{"allow":["GET"]}}],"collection":[{"href":"https:\/\/villena.salesianos.edu\/colegio\/wp-json\/wp\/v2\/posts"}],"about":[{"href":"https:\/\/villena.salesianos.edu\/colegio\/wp-json\/wp\/v2\/types\/post"}],"author":[{"embeddable":true,"href":"https:\/\/villena.salesianos.edu\/colegio\/wp-json\/wp\/v2\/users\/2"}],"replies":[{"embeddable":true,"href":"https:\/\/villena.salesianos.edu\/colegio\/wp-json\/wp\/v2\/comments?post=16708"}],"version-history":[{"count":3,"href":"https:\/\/villena.salesianos.edu\/colegio\/wp-json\/wp\/v2\/posts\/16708\/revisions"}],"predecessor-version":[{"id":16714,"href":"https:\/\/villena.salesianos.edu\/colegio\/wp-json\/wp\/v2\/posts\/16708\/revisions\/16714"}],"wp:featuredmedia":[{"embeddable":true,"href":"https:\/\/villena.salesianos.edu\/colegio\/wp-json\/wp\/v2\/media\/16713"}],"wp:attachment":[{"href":"https:\/\/villena.salesianos.edu\/colegio\/wp-json\/wp\/v2\/media?parent=16708"}],"wp:term":[{"taxonomy":"category","embeddable":true,"href":"https:\/\/villena.salesianos.edu\/colegio\/wp-json\/wp\/v2\/categories?post=16708"},{"taxonomy":"post_tag","embeddable":true,"href":"https:\/\/villena.salesianos.edu\/colegio\/wp-json\/wp\/v2\/tags?post=16708"}],"curies":[{"name":"wp","href":"https:\/\/api.w.org\/{rel}","templated":true}]}}