{"id":16948,"date":"2026-03-04T15:54:45","date_gmt":"2026-03-04T14:54:45","guid":{"rendered":"https:\/\/villena.salesianos.edu\/colegio\/?p=16948"},"modified":"2026-03-04T15:58:02","modified_gmt":"2026-03-04T14:58:02","slug":"exito-solidario-de-la-campana-un-bocata-que-cambia-historias","status":"publish","type":"post","link":"https:\/\/villena.salesianos.edu\/colegio\/exito-solidario-de-la-campana-un-bocata-que-cambia-historias\/","title":{"rendered":"\u00c9XITO SOLIDARIO DE LA CAMPA\u00d1A: \u201cUN BOCATA QUE CAMBIA HISTORIAS\u201d"},"content":{"rendered":"<p>[et_pb_section fb_built=\u00bb1&#8243; admin_label=\u00bbsection\u00bb _builder_version=\u00bb4.16&#8243; global_colors_info=\u00bb{}\u00bb][et_pb_row admin_label=\u00bbrow\u00bb _builder_version=\u00bb4.16&#8243; background_size=\u00bbinitial\u00bb background_position=\u00bbtop_left\u00bb background_repeat=\u00bbrepeat\u00bb global_colors_info=\u00bb{}\u00bb][et_pb_column type=\u00bb4_4&#8243; _builder_version=\u00bb4.16&#8243; custom_padding=\u00bb|||\u00bb global_colors_info=\u00bb{}\u00bb custom_padding__hover=\u00bb|||\u00bb][et_pb_text admin_label=\u00bbEntradilla (Texto)\u00bb _builder_version=\u00bb4.27.4&#8243; text_font=\u00bb|on|||\u00bb text_orientation=\u00bbjustified\u00bb border_style=\u00bbsolid\u00bb global_colors_info=\u00bb{}\u00bb]<\/p>\n<p>La campa\u00f1a solidaria \u201cBocata Solidario\u201d, bajo el lema <em data-start=\"136\" data-end=\"170\">\u201cUn bocata que cambia historias\u201d<\/em>, ha sido todo un \u00e9xito en nuestro colegio.<\/p>\n<p>[\/et_pb_text][et_pb_text admin_label=\u00bbAutor (Texto)\u00bb _builder_version=\u00bb4.27.4&#8243; text_font=\u00bb||on||\u00bb border_style=\u00bbsolid\u00bb global_colors_info=\u00bb{}\u00bb]<\/p>\n<p>Por Pastoral<\/p>\n<p>[\/et_pb_text][et_pb_text admin_label=\u00bbDesarrollo (Texto)\u00bb _builder_version=\u00bb4.27.4&#8243; text_orientation=\u00bbjustified\u00bb border_style=\u00bbsolid\u00bb global_colors_info=\u00bb{}\u00bb]<\/p>\n<p data-start=\"157\" data-end=\"373\">Los alumnos de nuestro colegio participaron el pasado jueves, d\u00eda 26, en la campa\u00f1a <strong data-start=\"241\" data-end=\"263\">\u201cBocata Solidario\u201d<\/strong>, organizada por el equipo de Pastoral del centro y apoyada por profesores, familias y la comunidad salesiana.<\/p>\n<p data-start=\"375\" data-end=\"663\">La jornada estuvo marcada por un gran ambiente de participaci\u00f3n y solidaridad. Los alumnos colaboraron ambientando el patio con banderines, mientras que algunos familiares y alumnos de <strong data-start=\"555\" data-end=\"569\">4.\u00ba de ESO<\/strong> se encargaron de preparar los bocadillos que despu\u00e9s compartir\u00eda toda la comunidad educativa.<\/p>\n<p data-start=\"665\" data-end=\"854\">La alta participaci\u00f3n del alumnado permitir\u00e1 que <strong data-start=\"714\" data-end=\"730\">Manos Unidas<\/strong> reciba una aportaci\u00f3n econ\u00f3mica destinada a ayudar a paliar el hambre en algunas de las zonas m\u00e1s desfavorecidas en la India, donde Salesianos est\u00e1n desarrollando proyectos.\u00a0<\/p>\n<p data-start=\"856\" data-end=\"1072\">Con esta iniciativa se han querido alcanzar varios objetivos: colaborar con los m\u00e1s necesitados y tomar conciencia de lo mucho que tenemos y de las dificultades que viven muchas personas en otros lugares del planeta.<\/p>\n<p data-start=\"1074\" data-end=\"1308\">Desde el colegio queremos agradecer tambi\u00e9n la colaboraci\u00f3n de las carnicer\u00edas <strong data-start=\"1153\" data-end=\"1163\">\u201cTani\u201d<\/strong> y <strong data-start=\"1166\" data-end=\"1176\">\u201cClua\u201d<\/strong>, as\u00ed como de las panader\u00edas <strong data-start=\"1205\" data-end=\"1224\">\u201cHnos. Navarro\u201d<\/strong> y <strong data-start=\"1227\" data-end=\"1240\">\u201cChispes\u201d<\/strong>, cuya ayuda hizo posible el desarrollo de esta actividad solidaria.<\/p>\n<p data-start=\"1310\" data-end=\"1404\"><strong data-start=\"1310\" data-end=\"1404\">Entre todos seguimos demostrando que peque\u00f1os gestos pueden contribuir a mejorar el mundo.<\/strong><\/p>\n<p>[\/et_pb_text][et_pb_text disabled_on=\u00bbon|on|on\u00bb admin_label=\u00bbT\u00edtulo: Galer\u00eda de fotos (Texto)\u00bb _builder_version=\u00bb4.16&#8243; text_font=\u00bb|on|||\u00bb text_text_color=\u00bb#dc001b\u00bb border_style=\u00bbsolid\u00bb disabled=\u00bbon\u00bb global_colors_info=\u00bb{}\u00bb]Galer\u00eda de im\u00e1genes<br \/>\n[\/et_pb_text][et_pb_gallery posts_number=\u00bb8&#8243; show_title_and_caption=\u00bboff\u00bb zoom_icon_color=\u00bb#dc001b\u00bb hover_icon=\u00bb&#x54;||divi||400&#8243; disabled_on=\u00bboff|off|off\u00bb admin_label=\u00bbGaler\u00eda\u00bb _builder_version=\u00bb4.27.4&#8243; hover_enabled=\u00bb0&#8243; border_style=\u00bbsolid\u00bb global_colors_info=\u00bb{}\u00bb gallery_ids=\u00bb16954,16955,16956,16957,16958,16959&#8243; sticky_enabled=\u00bb0&#8243;][\/et_pb_gallery][et_pb_video disabled_on=\u00bbon|on|on\u00bb admin_label=\u00bbV\u00eddeo\u00bb _builder_version=\u00bb4.16&#8243; disabled=\u00bbon\u00bb global_colors_info=\u00bb{}\u00bb][\/et_pb_video][et_pb_image src=\u00bbhttps:\/\/villena.salesianos.edu\/colegio\/wp-content\/uploads\/sites\/3\/2023\/10\/Campa-Octubre-23-241.png\u00bb title_text=\u00bbCampa Octubre 23-24(1)\u00bb _builder_version=\u00bb4.22.0&#8243; _module_preset=\u00bbdefault\u00bb global_colors_info=\u00bb{}\u00bb disabled_on=\u00bbon|on|on\u00bb disabled=\u00bbon\u00bb][\/et_pb_image][\/et_pb_column][\/et_pb_row][\/et_pb_section]<\/p>\n","protected":false},"excerpt":{"rendered":"<p>La campa\u00f1a solidaria \u201cBocata Solidario\u201d, bajo el lema \u201cUn bocata que cambia historias\u201d, ha sido todo un \u00e9xito en nuestro colegio.Por PastoralLos alumnos de nuestro colegio participaron el pasado jueves, d\u00eda 26, en la campa\u00f1a \u201cBocata Solidario\u201d, organizada por el equipo de Pastoral del centro y apoyada por profesores, familias y la comunidad salesiana. La [&hellip;]<\/p>\n","protected":false},"author":2,"featured_media":16950,"comment_status":"closed","ping_status":"open","sticky":false,"template":"","format":"standard","meta":{"_et_pb_use_builder":"on","_et_pb_old_content":"","_et_gb_content_width":"","footnotes":""},"categories":[24],"tags":[],"class_list":["post-16948","post","type-post","status-publish","format-standard","has-post-thumbnail","hentry","category-portadanoticias"],"yoast_head":"<!-- This site is optimized with the Yoast SEO plugin v28.3 - https:\/\/yoast.com\/product\/yoast-seo-wordpress\/ -->\n<title>\u00c9XITO SOLIDARIO DE LA CAMPA\u00d1A: \u201cUN BOCATA QUE CAMBIA HISTORIAS\u201d - Colegio Salesiano M\u00aa Auxiliadora Villena<\/title>\n<meta name=\"robots\" content=\"index, follow, max-snippet:-1, max-image-preview:large, max-video-preview:-1\" \/>\n<link rel=\"canonical\" href=\"https:\/\/villena.salesianos.edu\/colegio\/exito-solidario-de-la-campana-un-bocata-que-cambia-historias\/\" \/>\n<meta property=\"og:locale\" content=\"es_ES\" \/>\n<meta property=\"og:type\" content=\"article\" \/>\n<meta property=\"og:title\" content=\"\u00c9XITO SOLIDARIO DE LA CAMPA\u00d1A: \u201cUN BOCATA QUE CAMBIA HISTORIAS\u201d - Colegio Salesiano M\u00aa Auxiliadora Villena\" \/>\n<meta property=\"og:description\" content=\"La campa\u00f1a solidaria \u201cBocata Solidario\u201d, bajo el lema \u201cUn bocata que cambia historias\u201d, ha sido todo un \u00e9xito en nuestro colegio.Por PastoralLos alumnos de nuestro colegio participaron el pasado jueves, d\u00eda 26, en la campa\u00f1a \u201cBocata Solidario\u201d, organizada por el equipo de Pastoral del centro y apoyada por profesores, familias y la comunidad salesiana. La [&hellip;]\" \/>\n<meta property=\"og:url\" content=\"https:\/\/villena.salesianos.edu\/colegio\/exito-solidario-de-la-campana-un-bocata-que-cambia-historias\/\" \/>\n<meta property=\"og:site_name\" content=\"Colegio Salesiano M\u00aa Auxiliadora Villena\" \/>\n<meta property=\"article:published_time\" content=\"2026-03-04T14:54:45+00:00\" \/>\n<meta property=\"article:modified_time\" content=\"2026-03-04T14:58:02+00:00\" \/>\n<meta property=\"og:image\" content=\"https:\/\/villena.salesianos.edu\/colegio\/wp-content\/uploads\/sites\/3\/2026\/03\/IMG_9390-scaled.jpg\" \/>\n\t<meta property=\"og:image:width\" content=\"2560\" \/>\n\t<meta property=\"og:image:height\" content=\"1707\" \/>\n\t<meta property=\"og:image:type\" content=\"image\/jpeg\" \/>\n<meta name=\"author\" content=\"Gestor Web\" \/>\n<meta name=\"twitter:card\" content=\"summary_large_image\" \/>\n<meta name=\"twitter:label1\" content=\"Escrito por\" \/>\n\t<meta name=\"twitter:data1\" content=\"Gestor Web\" \/>\n\t<meta name=\"twitter:label2\" content=\"Tiempo de lectura\" \/>\n\t<meta name=\"twitter:data2\" content=\"3 minutos\" \/>\n<script type=\"application\/ld+json\" class=\"yoast-schema-graph\">{\"@context\":\"https:\\\/\\\/schema.org\",\"@graph\":[{\"@type\":\"Article\",\"@id\":\"https:\\\/\\\/villena.salesianos.edu\\\/colegio\\\/exito-solidario-de-la-campana-un-bocata-que-cambia-historias\\\/#article\",\"isPartOf\":{\"@id\":\"https:\\\/\\\/villena.salesianos.edu\\\/colegio\\\/exito-solidario-de-la-campana-un-bocata-que-cambia-historias\\\/\"},\"author\":{\"name\":\"Gestor Web\",\"@id\":\"https:\\\/\\\/villena.salesianos.edu\\\/colegio\\\/#\\\/schema\\\/person\\\/737fd46edc5ae7d6c9b94da26c0e9302\"},\"headline\":\"\u00c9XITO SOLIDARIO DE LA CAMPA\u00d1A: \u201cUN BOCATA QUE CAMBIA HISTORIAS\u201d\",\"datePublished\":\"2026-03-04T14:54:45+00:00\",\"dateModified\":\"2026-03-04T14:58:02+00:00\",\"mainEntityOfPage\":{\"@id\":\"https:\\\/\\\/villena.salesianos.edu\\\/colegio\\\/exito-solidario-de-la-campana-un-bocata-que-cambia-historias\\\/\"},\"wordCount\":512,\"image\":{\"@id\":\"https:\\\/\\\/villena.salesianos.edu\\\/colegio\\\/exito-solidario-de-la-campana-un-bocata-que-cambia-historias\\\/#primaryimage\"},\"thumbnailUrl\":\"https:\\\/\\\/villena.salesianos.edu\\\/colegio\\\/wp-content\\\/uploads\\\/sites\\\/3\\\/2026\\\/03\\\/IMG_9390-scaled.jpg\",\"articleSection\":[\"Portada Noticias\"],\"inLanguage\":\"es\"},{\"@type\":\"WebPage\",\"@id\":\"https:\\\/\\\/villena.salesianos.edu\\\/colegio\\\/exito-solidario-de-la-campana-un-bocata-que-cambia-historias\\\/\",\"url\":\"https:\\\/\\\/villena.salesianos.edu\\\/colegio\\\/exito-solidario-de-la-campana-un-bocata-que-cambia-historias\\\/\",\"name\":\"\u00c9XITO SOLIDARIO DE LA CAMPA\u00d1A: \u201cUN BOCATA QUE CAMBIA HISTORIAS\u201d - Colegio Salesiano M\u00aa Auxiliadora Villena\",\"isPartOf\":{\"@id\":\"https:\\\/\\\/villena.salesianos.edu\\\/colegio\\\/#website\"},\"primaryImageOfPage\":{\"@id\":\"https:\\\/\\\/villena.salesianos.edu\\\/colegio\\\/exito-solidario-de-la-campana-un-bocata-que-cambia-historias\\\/#primaryimage\"},\"image\":{\"@id\":\"https:\\\/\\\/villena.salesianos.edu\\\/colegio\\\/exito-solidario-de-la-campana-un-bocata-que-cambia-historias\\\/#primaryimage\"},\"thumbnailUrl\":\"https:\\\/\\\/villena.salesianos.edu\\\/colegio\\\/wp-content\\\/uploads\\\/sites\\\/3\\\/2026\\\/03\\\/IMG_9390-scaled.jpg\",\"datePublished\":\"2026-03-04T14:54:45+00:00\",\"dateModified\":\"2026-03-04T14:58:02+00:00\",\"author\":{\"@id\":\"https:\\\/\\\/villena.salesianos.edu\\\/colegio\\\/#\\\/schema\\\/person\\\/737fd46edc5ae7d6c9b94da26c0e9302\"},\"breadcrumb\":{\"@id\":\"https:\\\/\\\/villena.salesianos.edu\\\/colegio\\\/exito-solidario-de-la-campana-un-bocata-que-cambia-historias\\\/#breadcrumb\"},\"inLanguage\":\"es\",\"potentialAction\":[{\"@type\":\"ReadAction\",\"target\":[\"https:\\\/\\\/villena.salesianos.edu\\\/colegio\\\/exito-solidario-de-la-campana-un-bocata-que-cambia-historias\\\/\"]}]},{\"@type\":\"ImageObject\",\"inLanguage\":\"es\",\"@id\":\"https:\\\/\\\/villena.salesianos.edu\\\/colegio\\\/exito-solidario-de-la-campana-un-bocata-que-cambia-historias\\\/#primaryimage\",\"url\":\"https:\\\/\\\/villena.salesianos.edu\\\/colegio\\\/wp-content\\\/uploads\\\/sites\\\/3\\\/2026\\\/03\\\/IMG_9390-scaled.jpg\",\"contentUrl\":\"https:\\\/\\\/villena.salesianos.edu\\\/colegio\\\/wp-content\\\/uploads\\\/sites\\\/3\\\/2026\\\/03\\\/IMG_9390-scaled.jpg\",\"width\":2560,\"height\":1707},{\"@type\":\"BreadcrumbList\",\"@id\":\"https:\\\/\\\/villena.salesianos.edu\\\/colegio\\\/exito-solidario-de-la-campana-un-bocata-que-cambia-historias\\\/#breadcrumb\",\"itemListElement\":[{\"@type\":\"ListItem\",\"position\":1,\"name\":\"Portada\",\"item\":\"https:\\\/\\\/villena.salesianos.edu\\\/colegio\\\/\"},{\"@type\":\"ListItem\",\"position\":2,\"name\":\"\u00c9XITO SOLIDARIO DE LA CAMPA\u00d1A: \u201cUN BOCATA QUE CAMBIA HISTORIAS\u201d\"}]},{\"@type\":\"WebSite\",\"@id\":\"https:\\\/\\\/villena.salesianos.edu\\\/colegio\\\/#website\",\"url\":\"https:\\\/\\\/villena.salesianos.edu\\\/colegio\\\/\",\"name\":\"Colegio Salesiano M\u00aa Auxiliadora Villena\",\"description\":\"P\u00e1gina oficial Salesianos Villena\",\"potentialAction\":[{\"@type\":\"SearchAction\",\"target\":{\"@type\":\"EntryPoint\",\"urlTemplate\":\"https:\\\/\\\/villena.salesianos.edu\\\/colegio\\\/?s={search_term_string}\"},\"query-input\":{\"@type\":\"PropertyValueSpecification\",\"valueRequired\":true,\"valueName\":\"search_term_string\"}}],\"inLanguage\":\"es\"},{\"@type\":\"Person\",\"@id\":\"https:\\\/\\\/villena.salesianos.edu\\\/colegio\\\/#\\\/schema\\\/person\\\/737fd46edc5ae7d6c9b94da26c0e9302\",\"name\":\"Gestor Web\",\"image\":{\"@type\":\"ImageObject\",\"inLanguage\":\"es\",\"@id\":\"https:\\\/\\\/secure.gravatar.com\\\/avatar\\\/44469746e1b6443cd011d1759fdc3b9fdcdae4a08dc0ddd85247651cb065486d?s=96&d=mm&r=g\",\"url\":\"https:\\\/\\\/secure.gravatar.com\\\/avatar\\\/44469746e1b6443cd011d1759fdc3b9fdcdae4a08dc0ddd85247651cb065486d?s=96&d=mm&r=g\",\"contentUrl\":\"https:\\\/\\\/secure.gravatar.com\\\/avatar\\\/44469746e1b6443cd011d1759fdc3b9fdcdae4a08dc0ddd85247651cb065486d?s=96&d=mm&r=g\",\"caption\":\"Gestor Web\"}}]}<\/script>\n<!-- \/ Yoast SEO plugin. -->","yoast_head_json":{"title":"\u00c9XITO SOLIDARIO DE LA CAMPA\u00d1A: \u201cUN BOCATA QUE CAMBIA HISTORIAS\u201d - Colegio Salesiano M\u00aa Auxiliadora Villena","robots":{"index":"index","follow":"follow","max-snippet":"max-snippet:-1","max-image-preview":"max-image-preview:large","max-video-preview":"max-video-preview:-1"},"canonical":"https:\/\/villena.salesianos.edu\/colegio\/exito-solidario-de-la-campana-un-bocata-que-cambia-historias\/","og_locale":"es_ES","og_type":"article","og_title":"\u00c9XITO SOLIDARIO DE LA CAMPA\u00d1A: \u201cUN BOCATA QUE CAMBIA HISTORIAS\u201d - Colegio Salesiano M\u00aa Auxiliadora Villena","og_description":"La campa\u00f1a solidaria \u201cBocata Solidario\u201d, bajo el lema \u201cUn bocata que cambia historias\u201d, ha sido todo un \u00e9xito en nuestro colegio.Por PastoralLos alumnos de nuestro colegio participaron el pasado jueves, d\u00eda 26, en la campa\u00f1a \u201cBocata Solidario\u201d, organizada por el equipo de Pastoral del centro y apoyada por profesores, familias y la comunidad salesiana. La [&hellip;]","og_url":"https:\/\/villena.salesianos.edu\/colegio\/exito-solidario-de-la-campana-un-bocata-que-cambia-historias\/","og_site_name":"Colegio Salesiano M\u00aa Auxiliadora Villena","article_published_time":"2026-03-04T14:54:45+00:00","article_modified_time":"2026-03-04T14:58:02+00:00","og_image":[{"width":2560,"height":1707,"url":"https:\/\/villena.salesianos.edu\/colegio\/wp-content\/uploads\/sites\/3\/2026\/03\/IMG_9390-scaled.jpg","type":"image\/jpeg"}],"author":"Gestor Web","twitter_card":"summary_large_image","twitter_misc":{"Escrito por":"Gestor Web","Tiempo de lectura":"3 minutos"},"schema":{"@context":"https:\/\/schema.org","@graph":[{"@type":"Article","@id":"https:\/\/villena.salesianos.edu\/colegio\/exito-solidario-de-la-campana-un-bocata-que-cambia-historias\/#article","isPartOf":{"@id":"https:\/\/villena.salesianos.edu\/colegio\/exito-solidario-de-la-campana-un-bocata-que-cambia-historias\/"},"author":{"name":"Gestor Web","@id":"https:\/\/villena.salesianos.edu\/colegio\/#\/schema\/person\/737fd46edc5ae7d6c9b94da26c0e9302"},"headline":"\u00c9XITO SOLIDARIO DE LA CAMPA\u00d1A: \u201cUN BOCATA QUE CAMBIA HISTORIAS\u201d","datePublished":"2026-03-04T14:54:45+00:00","dateModified":"2026-03-04T14:58:02+00:00","mainEntityOfPage":{"@id":"https:\/\/villena.salesianos.edu\/colegio\/exito-solidario-de-la-campana-un-bocata-que-cambia-historias\/"},"wordCount":512,"image":{"@id":"https:\/\/villena.salesianos.edu\/colegio\/exito-solidario-de-la-campana-un-bocata-que-cambia-historias\/#primaryimage"},"thumbnailUrl":"https:\/\/villena.salesianos.edu\/colegio\/wp-content\/uploads\/sites\/3\/2026\/03\/IMG_9390-scaled.jpg","articleSection":["Portada Noticias"],"inLanguage":"es"},{"@type":"WebPage","@id":"https:\/\/villena.salesianos.edu\/colegio\/exito-solidario-de-la-campana-un-bocata-que-cambia-historias\/","url":"https:\/\/villena.salesianos.edu\/colegio\/exito-solidario-de-la-campana-un-bocata-que-cambia-historias\/","name":"\u00c9XITO SOLIDARIO DE LA CAMPA\u00d1A: \u201cUN BOCATA QUE CAMBIA HISTORIAS\u201d - Colegio Salesiano M\u00aa Auxiliadora Villena","isPartOf":{"@id":"https:\/\/villena.salesianos.edu\/colegio\/#website"},"primaryImageOfPage":{"@id":"https:\/\/villena.salesianos.edu\/colegio\/exito-solidario-de-la-campana-un-bocata-que-cambia-historias\/#primaryimage"},"image":{"@id":"https:\/\/villena.salesianos.edu\/colegio\/exito-solidario-de-la-campana-un-bocata-que-cambia-historias\/#primaryimage"},"thumbnailUrl":"https:\/\/villena.salesianos.edu\/colegio\/wp-content\/uploads\/sites\/3\/2026\/03\/IMG_9390-scaled.jpg","datePublished":"2026-03-04T14:54:45+00:00","dateModified":"2026-03-04T14:58:02+00:00","author":{"@id":"https:\/\/villena.salesianos.edu\/colegio\/#\/schema\/person\/737fd46edc5ae7d6c9b94da26c0e9302"},"breadcrumb":{"@id":"https:\/\/villena.salesianos.edu\/colegio\/exito-solidario-de-la-campana-un-bocata-que-cambia-historias\/#breadcrumb"},"inLanguage":"es","potentialAction":[{"@type":"ReadAction","target":["https:\/\/villena.salesianos.edu\/colegio\/exito-solidario-de-la-campana-un-bocata-que-cambia-historias\/"]}]},{"@type":"ImageObject","inLanguage":"es","@id":"https:\/\/villena.salesianos.edu\/colegio\/exito-solidario-de-la-campana-un-bocata-que-cambia-historias\/#primaryimage","url":"https:\/\/villena.salesianos.edu\/colegio\/wp-content\/uploads\/sites\/3\/2026\/03\/IMG_9390-scaled.jpg","contentUrl":"https:\/\/villena.salesianos.edu\/colegio\/wp-content\/uploads\/sites\/3\/2026\/03\/IMG_9390-scaled.jpg","width":2560,"height":1707},{"@type":"BreadcrumbList","@id":"https:\/\/villena.salesianos.edu\/colegio\/exito-solidario-de-la-campana-un-bocata-que-cambia-historias\/#breadcrumb","itemListElement":[{"@type":"ListItem","position":1,"name":"Portada","item":"https:\/\/villena.salesianos.edu\/colegio\/"},{"@type":"ListItem","position":2,"name":"\u00c9XITO SOLIDARIO DE LA CAMPA\u00d1A: \u201cUN BOCATA QUE CAMBIA HISTORIAS\u201d"}]},{"@type":"WebSite","@id":"https:\/\/villena.salesianos.edu\/colegio\/#website","url":"https:\/\/villena.salesianos.edu\/colegio\/","name":"Colegio Salesiano M\u00aa Auxiliadora Villena","description":"P\u00e1gina oficial Salesianos Villena","potentialAction":[{"@type":"SearchAction","target":{"@type":"EntryPoint","urlTemplate":"https:\/\/villena.salesianos.edu\/colegio\/?s={search_term_string}"},"query-input":{"@type":"PropertyValueSpecification","valueRequired":true,"valueName":"search_term_string"}}],"inLanguage":"es"},{"@type":"Person","@id":"https:\/\/villena.salesianos.edu\/colegio\/#\/schema\/person\/737fd46edc5ae7d6c9b94da26c0e9302","name":"Gestor Web","image":{"@type":"ImageObject","inLanguage":"es","@id":"https:\/\/secure.gravatar.com\/avatar\/44469746e1b6443cd011d1759fdc3b9fdcdae4a08dc0ddd85247651cb065486d?s=96&d=mm&r=g","url":"https:\/\/secure.gravatar.com\/avatar\/44469746e1b6443cd011d1759fdc3b9fdcdae4a08dc0ddd85247651cb065486d?s=96&d=mm&r=g","contentUrl":"https:\/\/secure.gravatar.com\/avatar\/44469746e1b6443cd011d1759fdc3b9fdcdae4a08dc0ddd85247651cb065486d?s=96&d=mm&r=g","caption":"Gestor Web"}}]}},"_links":{"self":[{"href":"https:\/\/villena.salesianos.edu\/colegio\/wp-json\/wp\/v2\/posts\/16948","targetHints":{"allow":["GET"]}}],"collection":[{"href":"https:\/\/villena.salesianos.edu\/colegio\/wp-json\/wp\/v2\/posts"}],"about":[{"href":"https:\/\/villena.salesianos.edu\/colegio\/wp-json\/wp\/v2\/types\/post"}],"author":[{"embeddable":true,"href":"https:\/\/villena.salesianos.edu\/colegio\/wp-json\/wp\/v2\/users\/2"}],"replies":[{"embeddable":true,"href":"https:\/\/villena.salesianos.edu\/colegio\/wp-json\/wp\/v2\/comments?post=16948"}],"version-history":[{"count":3,"href":"https:\/\/villena.salesianos.edu\/colegio\/wp-json\/wp\/v2\/posts\/16948\/revisions"}],"predecessor-version":[{"id":16960,"href":"https:\/\/villena.salesianos.edu\/colegio\/wp-json\/wp\/v2\/posts\/16948\/revisions\/16960"}],"wp:featuredmedia":[{"embeddable":true,"href":"https:\/\/villena.salesianos.edu\/colegio\/wp-json\/wp\/v2\/media\/16950"}],"wp:attachment":[{"href":"https:\/\/villena.salesianos.edu\/colegio\/wp-json\/wp\/v2\/media?parent=16948"}],"wp:term":[{"taxonomy":"category","embeddable":true,"href":"https:\/\/villena.salesianos.edu\/colegio\/wp-json\/wp\/v2\/categories?post=16948"},{"taxonomy":"post_tag","embeddable":true,"href":"https:\/\/villena.salesianos.edu\/colegio\/wp-json\/wp\/v2\/tags?post=16948"}],"curies":[{"name":"wp","href":"https:\/\/api.w.org\/{rel}","templated":true}]}}