{"id":16973,"date":"2026-03-16T13:15:01","date_gmt":"2026-03-16T12:15:01","guid":{"rendered":"https:\/\/villena.salesianos.edu\/colegio\/?p=16973"},"modified":"2026-03-16T13:15:07","modified_gmt":"2026-03-16T12:15:07","slug":"ahi-viene-un-caballero","status":"publish","type":"post","link":"https:\/\/villena.salesianos.edu\/colegio\/ahi-viene-un-caballero\/","title":{"rendered":"AH\u00cd VIENE UN CABALLERO"},"content":{"rendered":"<p>[et_pb_section fb_built=\u00bb1&#8243; admin_label=\u00bbsection\u00bb _builder_version=\u00bb4.16&#8243; global_colors_info=\u00bb{}\u00bb][et_pb_row admin_label=\u00bbrow\u00bb _builder_version=\u00bb4.16&#8243; background_size=\u00bbinitial\u00bb background_position=\u00bbtop_left\u00bb background_repeat=\u00bbrepeat\u00bb global_colors_info=\u00bb{}\u00bb][et_pb_column type=\u00bb4_4&#8243; _builder_version=\u00bb4.16&#8243; custom_padding=\u00bb|||\u00bb global_colors_info=\u00bb{}\u00bb custom_padding__hover=\u00bb|||\u00bb][et_pb_text admin_label=\u00bbEntradilla (Texto)\u00bb _builder_version=\u00bb4.27.4&#8243; text_font=\u00bb|on|||\u00bb text_orientation=\u00bbjustified\u00bb border_style=\u00bbsolid\u00bb global_colors_info=\u00bb{}\u00bb]<\/p>\n<p>Los ni\u00f1os y ni\u00f1as de 3 a\u00f1os de Infantil viajan a la Edad Media para trabajar el segundo proyecto de este curso<\/p>\n<p>[\/et_pb_text][et_pb_text admin_label=\u00bbAutor (Texto)\u00bb _builder_version=\u00bb4.27.4&#8243; text_font=\u00bb||on||\u00bb border_style=\u00bbsolid\u00bb global_colors_info=\u00bb{}\u00bb]<\/p>\n<p>Por Mari Virtu y Raquel (tutoras de 3 a\u00f1os)<\/p>\n<p>[\/et_pb_text][et_pb_text admin_label=\u00bbDesarrollo (Texto)\u00bb _builder_version=\u00bb4.27.4&#8243; text_orientation=\u00bbjustified\u00bb border_style=\u00bbsolid\u00bb global_colors_info=\u00bb{}\u00bb]<\/p>\n<p>El pasado mes de enero, los peques de <a href=\"https:\/\/villena.salesianos.edu\/colegio\/infantil\/\">Infantil<\/a> recibieron un mensaje junto a una trompeta que dec\u00eda: \u00a1Ah del Castillo!<br \/>Por aquel entonces no sab\u00edan qui\u00e9n hab\u00eda dejado el mensaje, tampoco lo qu\u00e9 significaba aquella frase, pero lo que si sab\u00edan era que ten\u00edan muchas ganas e ilusi\u00f3n de seguir recibiendo m\u00e1s cartas para descubrir curiosidades acerca de esta \u00e9poca\u2026<\/p>\n<p>A trav\u00e9s de cuentos, juegos, poes\u00edas y canciones los ni\u00f1os y ni\u00f1as han ido acerc\u00e1ndose al mundo de los castillos para conocer c\u00f3mo viv\u00edan en esa \u00e9poca. Tambi\u00e9n, han aprendido sus diferentes partes: la torre del homenaje, las murallas, el foso o el puente levadizo. Asimismo, han ido descubriendo qui\u00e9nes habitaban en los castillos destacando figuras como el trovador, el buf\u00f3n, las princesas, la bruja, el drag\u00f3n, el rey y la reina\u2026 Pero, sobre todo, durante el proyecto les ha acompa\u00f1ado dos personajes principales: El Trompetista Real y el Caballero.<\/p>\n<p>Y es que, semana a semana iban recibiendo diferentes mensajes del Trompetista Real en los que, con adivinanzas y juegos, les propon\u00eda diferentes retos para ser aut\u00e9nticos caballeros.<\/p>\n<p>Primero tuvieron que convertir la clase en un Castillo, as\u00ed que se pusieron manos a la obra y decoraron coloridos banderines que m\u00e1s tarde colgamos del techo.<\/p>\n<p>Tambi\u00e9n, superaron distintos desaf\u00edos de psicomotricidad fina como crear p\u00f3cimas de bruja, rescatar a los habitantes del pueblo que el drag\u00f3n y el cocodrilo hab\u00edan encerrado, decorar las melenas de los caballos y decorar las torres de los castillos.<\/p>\n<p>M\u00e1s tarde, con paciencia y arte pintaron los complementos que le har\u00edan falta para ser verdaderos caballeros: su escudo, su espada y su yelmo. Y, finalmente consiguieron el \u00faltimo reto, la cruz de color rojo para pegar en su ropa.<\/p>\n<p>Y, para celebrar que lo hab\u00edan conseguido, todos se vistieron de caballeros con sus complementos y disfrutaron de la tradicional Fiesta de la Lechuguina junto a sus compa\u00f1eros de 1 y 2 a\u00f1os, creando un momento muy especial de convivencia entre los m\u00e1s peques. All\u00ed, conocieron la historia de esta fiesta y con alegr\u00eda lanzaron lechuga todos juntos.<br \/>Por otro lado, para demostrar todo lo que hab\u00edan aprendido, disfrutaron de una instalaci\u00f3n con materiales reciclados, con la que levantar murallas y torres, construir puentes levadizos\u2026 un espacio preparado para la exploraci\u00f3n y la creaci\u00f3n.<\/p>\n<p>Sin duda, ha sido un proyecto muy enriquecedor en el que los ni\u00f1os y ni\u00f1as han aprendido de una forma l\u00fadica y significativa, investigando, creando y compartiendo grandes momentos con sus compa\u00f1eros. A lo largo de esta aventura medieval se han convertido en los verdaderos protagonistas de su propio castillo, demostrando que aprender puede ser tambi\u00e9n una gran aventura.<\/p>\n<p>\u00a1Nos vemos en el siguiente proyecto!<\/p>\n<p>[\/et_pb_text][et_pb_text disabled_on=\u00bbon|on|on\u00bb admin_label=\u00bbT\u00edtulo: Galer\u00eda de fotos (Texto)\u00bb _builder_version=\u00bb4.16&#8243; text_font=\u00bb|on|||\u00bb text_text_color=\u00bb#dc001b\u00bb border_style=\u00bbsolid\u00bb disabled=\u00bbon\u00bb global_colors_info=\u00bb{}\u00bb]Galer\u00eda de im\u00e1genes<br \/>\n[\/et_pb_text][et_pb_gallery posts_number=\u00bb8&#8243; show_title_and_caption=\u00bboff\u00bb zoom_icon_color=\u00bb#dc001b\u00bb hover_icon=\u00bb&#x54;||divi||400&#8243; disabled_on=\u00bbon|on|on\u00bb admin_label=\u00bbGaler\u00eda\u00bb _builder_version=\u00bb4.16&#8243; border_style=\u00bbsolid\u00bb disabled=\u00bbon\u00bb global_colors_info=\u00bb{}\u00bb][\/et_pb_gallery][et_pb_video disabled_on=\u00bbon|on|on\u00bb admin_label=\u00bbV\u00eddeo\u00bb _builder_version=\u00bb4.16&#8243; disabled=\u00bbon\u00bb global_colors_info=\u00bb{}\u00bb][\/et_pb_video][\/et_pb_column][\/et_pb_row][\/et_pb_section]<\/p>\n","protected":false},"excerpt":{"rendered":"<p>Los ni\u00f1os y ni\u00f1as de 3 a\u00f1os de Infantil viajan a la Edad Media para trabajar el segundo proyecto de este cursoPor Mari Virtu y Raquel (tutoras de 3 a\u00f1os)El pasado mes de enero, los peques de Infantil recibieron un mensaje junto a una trompeta que dec\u00eda: \u00a1Ah del Castillo!Por aquel entonces no sab\u00edan qui\u00e9n [&hellip;]<\/p>\n","protected":false},"author":2,"featured_media":16976,"comment_status":"closed","ping_status":"open","sticky":false,"template":"","format":"standard","meta":{"_et_pb_use_builder":"on","_et_pb_old_content":"","_et_gb_content_width":"","footnotes":""},"categories":[22,23],"tags":[],"class_list":["post-16973","post","type-post","status-publish","format-standard","has-post-thumbnail","hentry","category-colegio","category-infantil"],"yoast_head":"<!-- This site is optimized with the Yoast SEO plugin v28.3 - https:\/\/yoast.com\/product\/yoast-seo-wordpress\/ -->\n<title>AH\u00cd VIENE UN CABALLERO - Colegio Salesiano M\u00aa Auxiliadora Villena<\/title>\n<meta name=\"robots\" content=\"index, follow, max-snippet:-1, max-image-preview:large, max-video-preview:-1\" \/>\n<link rel=\"canonical\" href=\"https:\/\/villena.salesianos.edu\/colegio\/ahi-viene-un-caballero\/\" \/>\n<meta property=\"og:locale\" content=\"es_ES\" \/>\n<meta property=\"og:type\" content=\"article\" \/>\n<meta property=\"og:title\" content=\"AH\u00cd VIENE UN CABALLERO - Colegio Salesiano M\u00aa Auxiliadora Villena\" \/>\n<meta property=\"og:description\" content=\"Los ni\u00f1os y ni\u00f1as de 3 a\u00f1os de Infantil viajan a la Edad Media para trabajar el segundo proyecto de este cursoPor Mari Virtu y Raquel (tutoras de 3 a\u00f1os)El pasado mes de enero, los peques de Infantil recibieron un mensaje junto a una trompeta que dec\u00eda: \u00a1Ah del Castillo!Por aquel entonces no sab\u00edan qui\u00e9n [&hellip;]\" \/>\n<meta property=\"og:url\" content=\"https:\/\/villena.salesianos.edu\/colegio\/ahi-viene-un-caballero\/\" \/>\n<meta property=\"og:site_name\" content=\"Colegio Salesiano M\u00aa Auxiliadora Villena\" \/>\n<meta property=\"article:published_time\" content=\"2026-03-16T12:15:01+00:00\" \/>\n<meta property=\"article:modified_time\" content=\"2026-03-16T12:15:07+00:00\" \/>\n<meta property=\"og:image\" content=\"https:\/\/villena.salesianos.edu\/colegio\/wp-content\/uploads\/sites\/3\/2026\/03\/IMG_20260306_094236-scaled.jpg\" \/>\n\t<meta property=\"og:image:width\" content=\"2560\" \/>\n\t<meta property=\"og:image:height\" content=\"1920\" \/>\n\t<meta property=\"og:image:type\" content=\"image\/jpeg\" \/>\n<meta name=\"author\" content=\"Gestor Web\" \/>\n<meta name=\"twitter:card\" content=\"summary_large_image\" \/>\n<meta name=\"twitter:label1\" content=\"Escrito por\" \/>\n\t<meta name=\"twitter:data1\" content=\"Gestor Web\" \/>\n\t<meta name=\"twitter:label2\" content=\"Tiempo de lectura\" \/>\n\t<meta name=\"twitter:data2\" content=\"3 minutos\" \/>\n<script type=\"application\/ld+json\" class=\"yoast-schema-graph\">{\"@context\":\"https:\\\/\\\/schema.org\",\"@graph\":[{\"@type\":\"Article\",\"@id\":\"https:\\\/\\\/villena.salesianos.edu\\\/colegio\\\/ahi-viene-un-caballero\\\/#article\",\"isPartOf\":{\"@id\":\"https:\\\/\\\/villena.salesianos.edu\\\/colegio\\\/ahi-viene-un-caballero\\\/\"},\"author\":{\"name\":\"Gestor Web\",\"@id\":\"https:\\\/\\\/villena.salesianos.edu\\\/colegio\\\/#\\\/schema\\\/person\\\/737fd46edc5ae7d6c9b94da26c0e9302\"},\"headline\":\"AH\u00cd VIENE UN CABALLERO\",\"datePublished\":\"2026-03-16T12:15:01+00:00\",\"dateModified\":\"2026-03-16T12:15:07+00:00\",\"mainEntityOfPage\":{\"@id\":\"https:\\\/\\\/villena.salesianos.edu\\\/colegio\\\/ahi-viene-un-caballero\\\/\"},\"wordCount\":752,\"image\":{\"@id\":\"https:\\\/\\\/villena.salesianos.edu\\\/colegio\\\/ahi-viene-un-caballero\\\/#primaryimage\"},\"thumbnailUrl\":\"https:\\\/\\\/villena.salesianos.edu\\\/colegio\\\/wp-content\\\/uploads\\\/sites\\\/3\\\/2026\\\/03\\\/IMG_20260306_094236-scaled.jpg\",\"articleSection\":[\"Colegio\",\"Infantil\"],\"inLanguage\":\"es\"},{\"@type\":\"WebPage\",\"@id\":\"https:\\\/\\\/villena.salesianos.edu\\\/colegio\\\/ahi-viene-un-caballero\\\/\",\"url\":\"https:\\\/\\\/villena.salesianos.edu\\\/colegio\\\/ahi-viene-un-caballero\\\/\",\"name\":\"AH\u00cd VIENE UN CABALLERO - Colegio Salesiano M\u00aa Auxiliadora Villena\",\"isPartOf\":{\"@id\":\"https:\\\/\\\/villena.salesianos.edu\\\/colegio\\\/#website\"},\"primaryImageOfPage\":{\"@id\":\"https:\\\/\\\/villena.salesianos.edu\\\/colegio\\\/ahi-viene-un-caballero\\\/#primaryimage\"},\"image\":{\"@id\":\"https:\\\/\\\/villena.salesianos.edu\\\/colegio\\\/ahi-viene-un-caballero\\\/#primaryimage\"},\"thumbnailUrl\":\"https:\\\/\\\/villena.salesianos.edu\\\/colegio\\\/wp-content\\\/uploads\\\/sites\\\/3\\\/2026\\\/03\\\/IMG_20260306_094236-scaled.jpg\",\"datePublished\":\"2026-03-16T12:15:01+00:00\",\"dateModified\":\"2026-03-16T12:15:07+00:00\",\"author\":{\"@id\":\"https:\\\/\\\/villena.salesianos.edu\\\/colegio\\\/#\\\/schema\\\/person\\\/737fd46edc5ae7d6c9b94da26c0e9302\"},\"breadcrumb\":{\"@id\":\"https:\\\/\\\/villena.salesianos.edu\\\/colegio\\\/ahi-viene-un-caballero\\\/#breadcrumb\"},\"inLanguage\":\"es\",\"potentialAction\":[{\"@type\":\"ReadAction\",\"target\":[\"https:\\\/\\\/villena.salesianos.edu\\\/colegio\\\/ahi-viene-un-caballero\\\/\"]}]},{\"@type\":\"ImageObject\",\"inLanguage\":\"es\",\"@id\":\"https:\\\/\\\/villena.salesianos.edu\\\/colegio\\\/ahi-viene-un-caballero\\\/#primaryimage\",\"url\":\"https:\\\/\\\/villena.salesianos.edu\\\/colegio\\\/wp-content\\\/uploads\\\/sites\\\/3\\\/2026\\\/03\\\/IMG_20260306_094236-scaled.jpg\",\"contentUrl\":\"https:\\\/\\\/villena.salesianos.edu\\\/colegio\\\/wp-content\\\/uploads\\\/sites\\\/3\\\/2026\\\/03\\\/IMG_20260306_094236-scaled.jpg\",\"width\":2560,\"height\":1920},{\"@type\":\"BreadcrumbList\",\"@id\":\"https:\\\/\\\/villena.salesianos.edu\\\/colegio\\\/ahi-viene-un-caballero\\\/#breadcrumb\",\"itemListElement\":[{\"@type\":\"ListItem\",\"position\":1,\"name\":\"Portada\",\"item\":\"https:\\\/\\\/villena.salesianos.edu\\\/colegio\\\/\"},{\"@type\":\"ListItem\",\"position\":2,\"name\":\"AH\u00cd VIENE UN CABALLERO\"}]},{\"@type\":\"WebSite\",\"@id\":\"https:\\\/\\\/villena.salesianos.edu\\\/colegio\\\/#website\",\"url\":\"https:\\\/\\\/villena.salesianos.edu\\\/colegio\\\/\",\"name\":\"Colegio Salesiano M\u00aa Auxiliadora Villena\",\"description\":\"P\u00e1gina oficial Salesianos Villena\",\"potentialAction\":[{\"@type\":\"SearchAction\",\"target\":{\"@type\":\"EntryPoint\",\"urlTemplate\":\"https:\\\/\\\/villena.salesianos.edu\\\/colegio\\\/?s={search_term_string}\"},\"query-input\":{\"@type\":\"PropertyValueSpecification\",\"valueRequired\":true,\"valueName\":\"search_term_string\"}}],\"inLanguage\":\"es\"},{\"@type\":\"Person\",\"@id\":\"https:\\\/\\\/villena.salesianos.edu\\\/colegio\\\/#\\\/schema\\\/person\\\/737fd46edc5ae7d6c9b94da26c0e9302\",\"name\":\"Gestor Web\",\"image\":{\"@type\":\"ImageObject\",\"inLanguage\":\"es\",\"@id\":\"https:\\\/\\\/secure.gravatar.com\\\/avatar\\\/44469746e1b6443cd011d1759fdc3b9fdcdae4a08dc0ddd85247651cb065486d?s=96&d=mm&r=g\",\"url\":\"https:\\\/\\\/secure.gravatar.com\\\/avatar\\\/44469746e1b6443cd011d1759fdc3b9fdcdae4a08dc0ddd85247651cb065486d?s=96&d=mm&r=g\",\"contentUrl\":\"https:\\\/\\\/secure.gravatar.com\\\/avatar\\\/44469746e1b6443cd011d1759fdc3b9fdcdae4a08dc0ddd85247651cb065486d?s=96&d=mm&r=g\",\"caption\":\"Gestor Web\"}}]}<\/script>\n<!-- \/ Yoast SEO plugin. -->","yoast_head_json":{"title":"AH\u00cd VIENE UN CABALLERO - Colegio Salesiano M\u00aa Auxiliadora Villena","robots":{"index":"index","follow":"follow","max-snippet":"max-snippet:-1","max-image-preview":"max-image-preview:large","max-video-preview":"max-video-preview:-1"},"canonical":"https:\/\/villena.salesianos.edu\/colegio\/ahi-viene-un-caballero\/","og_locale":"es_ES","og_type":"article","og_title":"AH\u00cd VIENE UN CABALLERO - Colegio Salesiano M\u00aa Auxiliadora Villena","og_description":"Los ni\u00f1os y ni\u00f1as de 3 a\u00f1os de Infantil viajan a la Edad Media para trabajar el segundo proyecto de este cursoPor Mari Virtu y Raquel (tutoras de 3 a\u00f1os)El pasado mes de enero, los peques de Infantil recibieron un mensaje junto a una trompeta que dec\u00eda: \u00a1Ah del Castillo!Por aquel entonces no sab\u00edan qui\u00e9n [&hellip;]","og_url":"https:\/\/villena.salesianos.edu\/colegio\/ahi-viene-un-caballero\/","og_site_name":"Colegio Salesiano M\u00aa Auxiliadora Villena","article_published_time":"2026-03-16T12:15:01+00:00","article_modified_time":"2026-03-16T12:15:07+00:00","og_image":[{"width":2560,"height":1920,"url":"https:\/\/villena.salesianos.edu\/colegio\/wp-content\/uploads\/sites\/3\/2026\/03\/IMG_20260306_094236-scaled.jpg","type":"image\/jpeg"}],"author":"Gestor Web","twitter_card":"summary_large_image","twitter_misc":{"Escrito por":"Gestor Web","Tiempo de lectura":"3 minutos"},"schema":{"@context":"https:\/\/schema.org","@graph":[{"@type":"Article","@id":"https:\/\/villena.salesianos.edu\/colegio\/ahi-viene-un-caballero\/#article","isPartOf":{"@id":"https:\/\/villena.salesianos.edu\/colegio\/ahi-viene-un-caballero\/"},"author":{"name":"Gestor Web","@id":"https:\/\/villena.salesianos.edu\/colegio\/#\/schema\/person\/737fd46edc5ae7d6c9b94da26c0e9302"},"headline":"AH\u00cd VIENE UN CABALLERO","datePublished":"2026-03-16T12:15:01+00:00","dateModified":"2026-03-16T12:15:07+00:00","mainEntityOfPage":{"@id":"https:\/\/villena.salesianos.edu\/colegio\/ahi-viene-un-caballero\/"},"wordCount":752,"image":{"@id":"https:\/\/villena.salesianos.edu\/colegio\/ahi-viene-un-caballero\/#primaryimage"},"thumbnailUrl":"https:\/\/villena.salesianos.edu\/colegio\/wp-content\/uploads\/sites\/3\/2026\/03\/IMG_20260306_094236-scaled.jpg","articleSection":["Colegio","Infantil"],"inLanguage":"es"},{"@type":"WebPage","@id":"https:\/\/villena.salesianos.edu\/colegio\/ahi-viene-un-caballero\/","url":"https:\/\/villena.salesianos.edu\/colegio\/ahi-viene-un-caballero\/","name":"AH\u00cd VIENE UN CABALLERO - Colegio Salesiano M\u00aa Auxiliadora Villena","isPartOf":{"@id":"https:\/\/villena.salesianos.edu\/colegio\/#website"},"primaryImageOfPage":{"@id":"https:\/\/villena.salesianos.edu\/colegio\/ahi-viene-un-caballero\/#primaryimage"},"image":{"@id":"https:\/\/villena.salesianos.edu\/colegio\/ahi-viene-un-caballero\/#primaryimage"},"thumbnailUrl":"https:\/\/villena.salesianos.edu\/colegio\/wp-content\/uploads\/sites\/3\/2026\/03\/IMG_20260306_094236-scaled.jpg","datePublished":"2026-03-16T12:15:01+00:00","dateModified":"2026-03-16T12:15:07+00:00","author":{"@id":"https:\/\/villena.salesianos.edu\/colegio\/#\/schema\/person\/737fd46edc5ae7d6c9b94da26c0e9302"},"breadcrumb":{"@id":"https:\/\/villena.salesianos.edu\/colegio\/ahi-viene-un-caballero\/#breadcrumb"},"inLanguage":"es","potentialAction":[{"@type":"ReadAction","target":["https:\/\/villena.salesianos.edu\/colegio\/ahi-viene-un-caballero\/"]}]},{"@type":"ImageObject","inLanguage":"es","@id":"https:\/\/villena.salesianos.edu\/colegio\/ahi-viene-un-caballero\/#primaryimage","url":"https:\/\/villena.salesianos.edu\/colegio\/wp-content\/uploads\/sites\/3\/2026\/03\/IMG_20260306_094236-scaled.jpg","contentUrl":"https:\/\/villena.salesianos.edu\/colegio\/wp-content\/uploads\/sites\/3\/2026\/03\/IMG_20260306_094236-scaled.jpg","width":2560,"height":1920},{"@type":"BreadcrumbList","@id":"https:\/\/villena.salesianos.edu\/colegio\/ahi-viene-un-caballero\/#breadcrumb","itemListElement":[{"@type":"ListItem","position":1,"name":"Portada","item":"https:\/\/villena.salesianos.edu\/colegio\/"},{"@type":"ListItem","position":2,"name":"AH\u00cd VIENE UN CABALLERO"}]},{"@type":"WebSite","@id":"https:\/\/villena.salesianos.edu\/colegio\/#website","url":"https:\/\/villena.salesianos.edu\/colegio\/","name":"Colegio Salesiano M\u00aa Auxiliadora Villena","description":"P\u00e1gina oficial Salesianos Villena","potentialAction":[{"@type":"SearchAction","target":{"@type":"EntryPoint","urlTemplate":"https:\/\/villena.salesianos.edu\/colegio\/?s={search_term_string}"},"query-input":{"@type":"PropertyValueSpecification","valueRequired":true,"valueName":"search_term_string"}}],"inLanguage":"es"},{"@type":"Person","@id":"https:\/\/villena.salesianos.edu\/colegio\/#\/schema\/person\/737fd46edc5ae7d6c9b94da26c0e9302","name":"Gestor Web","image":{"@type":"ImageObject","inLanguage":"es","@id":"https:\/\/secure.gravatar.com\/avatar\/44469746e1b6443cd011d1759fdc3b9fdcdae4a08dc0ddd85247651cb065486d?s=96&d=mm&r=g","url":"https:\/\/secure.gravatar.com\/avatar\/44469746e1b6443cd011d1759fdc3b9fdcdae4a08dc0ddd85247651cb065486d?s=96&d=mm&r=g","contentUrl":"https:\/\/secure.gravatar.com\/avatar\/44469746e1b6443cd011d1759fdc3b9fdcdae4a08dc0ddd85247651cb065486d?s=96&d=mm&r=g","caption":"Gestor Web"}}]}},"_links":{"self":[{"href":"https:\/\/villena.salesianos.edu\/colegio\/wp-json\/wp\/v2\/posts\/16973","targetHints":{"allow":["GET"]}}],"collection":[{"href":"https:\/\/villena.salesianos.edu\/colegio\/wp-json\/wp\/v2\/posts"}],"about":[{"href":"https:\/\/villena.salesianos.edu\/colegio\/wp-json\/wp\/v2\/types\/post"}],"author":[{"embeddable":true,"href":"https:\/\/villena.salesianos.edu\/colegio\/wp-json\/wp\/v2\/users\/2"}],"replies":[{"embeddable":true,"href":"https:\/\/villena.salesianos.edu\/colegio\/wp-json\/wp\/v2\/comments?post=16973"}],"version-history":[{"count":4,"href":"https:\/\/villena.salesianos.edu\/colegio\/wp-json\/wp\/v2\/posts\/16973\/revisions"}],"predecessor-version":[{"id":16999,"href":"https:\/\/villena.salesianos.edu\/colegio\/wp-json\/wp\/v2\/posts\/16973\/revisions\/16999"}],"wp:featuredmedia":[{"embeddable":true,"href":"https:\/\/villena.salesianos.edu\/colegio\/wp-json\/wp\/v2\/media\/16976"}],"wp:attachment":[{"href":"https:\/\/villena.salesianos.edu\/colegio\/wp-json\/wp\/v2\/media?parent=16973"}],"wp:term":[{"taxonomy":"category","embeddable":true,"href":"https:\/\/villena.salesianos.edu\/colegio\/wp-json\/wp\/v2\/categories?post=16973"},{"taxonomy":"post_tag","embeddable":true,"href":"https:\/\/villena.salesianos.edu\/colegio\/wp-json\/wp\/v2\/tags?post=16973"}],"curies":[{"name":"wp","href":"https:\/\/api.w.org\/{rel}","templated":true}]}}