{"id":17106,"date":"2026-05-18T06:50:21","date_gmt":"2026-05-18T05:50:21","guid":{"rendered":"https:\/\/villena.salesianos.edu\/colegio\/?p=17106"},"modified":"2026-05-18T06:51:02","modified_gmt":"2026-05-18T05:51:02","slug":"pequenos_granjeros","status":"publish","type":"post","link":"https:\/\/villena.salesianos.edu\/colegio\/pequenos_granjeros\/","title":{"rendered":"PEQUE\u00d1OS GRANJEROS"},"content":{"rendered":"<p>[et_pb_section fb_built=\u00bb1&#8243; admin_label=\u00bbsection\u00bb _builder_version=\u00bb4.16&#8243; global_colors_info=\u00bb{}\u00bb][et_pb_row admin_label=\u00bbrow\u00bb _builder_version=\u00bb4.16&#8243; background_size=\u00bbinitial\u00bb background_position=\u00bbtop_left\u00bb background_repeat=\u00bbrepeat\u00bb global_colors_info=\u00bb{}\u00bb][et_pb_column type=\u00bb4_4&#8243; _builder_version=\u00bb4.16&#8243; custom_padding=\u00bb|||\u00bb global_colors_info=\u00bb{}\u00bb custom_padding__hover=\u00bb|||\u00bb][et_pb_text admin_label=\u00bbEntradilla (Texto)\u00bb _builder_version=\u00bb4.27.6&#8243; text_font=\u00bb|on|||\u00bb text_orientation=\u00bbjustified\u00bb border_style=\u00bbsolid\u00bb global_colors_info=\u00bb{}\u00bb]<\/p>\n<p>Inolvidable excursi\u00f3n del alumnado de Infantil a la granja escuela, donde aprender se ha convertido en toda una aventura.<\/p>\n<p>[\/et_pb_text][et_pb_text admin_label=\u00bbAutor (Texto)\u00bb _builder_version=\u00bb4.27.6&#8243; text_font=\u00bb||on||\u00bb border_style=\u00bbsolid\u00bb global_colors_info=\u00bb{}\u00bb]<\/p>\n<p>Por Equipo de Infantil<\/p>\n<p>[\/et_pb_text][et_pb_text admin_label=\u00bbDesarrollo (Texto)\u00bb _builder_version=\u00bb4.27.6&#8243; text_orientation=\u00bbjustified\u00bb border_style=\u00bbsolid\u00bb global_colors_info=\u00bb{}\u00bb]<\/p>\n<p>Los ni\u00f1os y ni\u00f1as de 3, 4 y 5 a\u00f1os de <a href=\"https:\/\/villena.salesianos.edu\/colegio\/infantil\/\">Educaci\u00f3n Infantil<\/a> han disfrutado de una jornada muy especial en la granja escuela de las Lomas de Biar, un entorno natural privilegiado que se ha convertido, por un d\u00eda, en su aula al aire libre.<\/p>\n<p>Organizados por clases y acompa\u00f1ados de sus tutores y monitoras, los peque\u00f1os han participado en una gran variedad de actividades dise\u00f1adas para aprender a trav\u00e9s de la experiencia. A lo largo de la ma\u00f1ana, han descubierto el fascinante mundo de las abejas, conociendo de cerca c\u00f3mo viven y c\u00f3mo elaboran la miel, despertando as\u00ed su curiosidad por la naturaleza y la importancia de estos peque\u00f1os insectos.<\/p>\n<p>Adem\u00e1s, han puesto las manos en la masa en un divertido taller de pan, donde han podido experimentar el proceso de elaboraci\u00f3n de este alimento tan cotidiano, disfrutando de cada paso como aut\u00e9nticos panaderos.<\/p>\n<p>La aventura tambi\u00e9n ha tenido su dosis de emoci\u00f3n con dos actividades de multiaventura, en las que los ni\u00f1os y ni\u00f1as han superado diferentes obst\u00e1culos adaptados a su edad y se han atrevido con una mini tirolina y una cama el\u00e1stica, siempre con una gran sonrisa y muchas ganas de superarse.<\/p>\n<p>Durante la visita, han tenido la oportunidad de conocer de cerca a diversos animales de granja como burros, caballos, ovejas, gallinas y cerdos, aprendiendo a respetarlos y cuidarlos. Uno de los momentos m\u00e1s especiales del d\u00eda ha sido la b\u00fasqueda de huevos para ayudar a la gallina que los hab\u00eda perdido.\u00a0<\/p>\n<p>Sin duda, ha sido un d\u00eda muy completo, lleno de descubrimientos, emociones y aprendizaje. Una jornada en la que el contacto con la naturaleza y los animales ha dejado huella, y que los ni\u00f1os y ni\u00f1as han vivido con enorme ilusi\u00f3n, alegr\u00eda y entusiasmo.<\/p>\n<p>[\/et_pb_text][et_pb_text disabled_on=\u00bbon|on|on\u00bb admin_label=\u00bbT\u00edtulo: Galer\u00eda de fotos (Texto)\u00bb _builder_version=\u00bb4.16&#8243; text_font=\u00bb|on|||\u00bb text_text_color=\u00bb#dc001b\u00bb border_style=\u00bbsolid\u00bb disabled=\u00bbon\u00bb global_colors_info=\u00bb{}\u00bb]Galer\u00eda de im\u00e1genes<br \/>\n[\/et_pb_text][et_pb_gallery posts_number=\u00bb8&#8243; show_title_and_caption=\u00bboff\u00bb zoom_icon_color=\u00bb#dc001b\u00bb hover_icon=\u00bb&#x54;||divi||400&#8243; disabled_on=\u00bbon|on|on\u00bb admin_label=\u00bbGaler\u00eda\u00bb _builder_version=\u00bb4.16&#8243; border_style=\u00bbsolid\u00bb disabled=\u00bbon\u00bb global_colors_info=\u00bb{}\u00bb][\/et_pb_gallery][et_pb_video disabled_on=\u00bbon|on|on\u00bb admin_label=\u00bbV\u00eddeo\u00bb _builder_version=\u00bb4.16&#8243; disabled=\u00bbon\u00bb global_colors_info=\u00bb{}\u00bb][\/et_pb_video][\/et_pb_column][\/et_pb_row][\/et_pb_section]<\/p>\n","protected":false},"excerpt":{"rendered":"<p>Inolvidable excursi\u00f3n del alumnado de Infantil a la granja escuela, donde aprender se ha convertido en toda una aventura.Por Equipo de InfantilLos ni\u00f1os y ni\u00f1as de 3, 4 y 5 a\u00f1os de Educaci\u00f3n Infantil han disfrutado de una jornada muy especial en la granja escuela de las Lomas de Biar, un entorno natural privilegiado que [&hellip;]<\/p>\n","protected":false},"author":2,"featured_media":17109,"comment_status":"closed","ping_status":"open","sticky":false,"template":"","format":"standard","meta":{"_et_pb_use_builder":"on","_et_pb_old_content":"","_et_gb_content_width":"","footnotes":""},"categories":[22,23],"tags":[],"class_list":["post-17106","post","type-post","status-publish","format-standard","has-post-thumbnail","hentry","category-colegio","category-infantil"],"yoast_head":"<!-- This site is optimized with the Yoast SEO plugin v28.3 - https:\/\/yoast.com\/product\/yoast-seo-wordpress\/ -->\n<title>PEQUE\u00d1OS GRANJEROS - Colegio Salesiano M\u00aa Auxiliadora Villena<\/title>\n<meta name=\"robots\" content=\"index, follow, max-snippet:-1, max-image-preview:large, max-video-preview:-1\" \/>\n<link rel=\"canonical\" href=\"https:\/\/villena.salesianos.edu\/colegio\/pequenos_granjeros\/\" \/>\n<meta property=\"og:locale\" content=\"es_ES\" \/>\n<meta property=\"og:type\" content=\"article\" \/>\n<meta property=\"og:title\" content=\"PEQUE\u00d1OS GRANJEROS - Colegio Salesiano M\u00aa Auxiliadora Villena\" \/>\n<meta property=\"og:description\" content=\"Inolvidable excursi\u00f3n del alumnado de Infantil a la granja escuela, donde aprender se ha convertido en toda una aventura.Por Equipo de InfantilLos ni\u00f1os y ni\u00f1as de 3, 4 y 5 a\u00f1os de Educaci\u00f3n Infantil han disfrutado de una jornada muy especial en la granja escuela de las Lomas de Biar, un entorno natural privilegiado que [&hellip;]\" \/>\n<meta property=\"og:url\" content=\"https:\/\/villena.salesianos.edu\/colegio\/pequenos_granjeros\/\" \/>\n<meta property=\"og:site_name\" content=\"Colegio Salesiano M\u00aa Auxiliadora Villena\" \/>\n<meta property=\"article:published_time\" content=\"2026-05-18T05:50:21+00:00\" \/>\n<meta property=\"article:modified_time\" content=\"2026-05-18T05:51:02+00:00\" \/>\n<meta property=\"og:image\" content=\"https:\/\/villena.salesianos.edu\/colegio\/wp-content\/uploads\/sites\/3\/2026\/05\/WhatsApp-Image-2026-05-18-at-07.47.01.jpeg\" \/>\n\t<meta property=\"og:image:width\" content=\"2040\" \/>\n\t<meta property=\"og:image:height\" content=\"1536\" \/>\n\t<meta property=\"og:image:type\" content=\"image\/jpeg\" \/>\n<meta name=\"author\" content=\"Gestor Web\" \/>\n<meta name=\"twitter:card\" content=\"summary_large_image\" \/>\n<meta name=\"twitter:label1\" content=\"Escrito por\" \/>\n\t<meta name=\"twitter:data1\" content=\"Gestor Web\" \/>\n\t<meta name=\"twitter:label2\" content=\"Tiempo de lectura\" \/>\n\t<meta name=\"twitter:data2\" content=\"2 minutos\" \/>\n<script type=\"application\/ld+json\" class=\"yoast-schema-graph\">{\"@context\":\"https:\\\/\\\/schema.org\",\"@graph\":[{\"@type\":\"Article\",\"@id\":\"https:\\\/\\\/villena.salesianos.edu\\\/colegio\\\/pequenos_granjeros\\\/#article\",\"isPartOf\":{\"@id\":\"https:\\\/\\\/villena.salesianos.edu\\\/colegio\\\/pequenos_granjeros\\\/\"},\"author\":{\"name\":\"Gestor Web\",\"@id\":\"https:\\\/\\\/villena.salesianos.edu\\\/colegio\\\/#\\\/schema\\\/person\\\/737fd46edc5ae7d6c9b94da26c0e9302\"},\"headline\":\"PEQUE\u00d1OS GRANJEROS\",\"datePublished\":\"2026-05-18T05:50:21+00:00\",\"dateModified\":\"2026-05-18T05:51:02+00:00\",\"mainEntityOfPage\":{\"@id\":\"https:\\\/\\\/villena.salesianos.edu\\\/colegio\\\/pequenos_granjeros\\\/\"},\"wordCount\":576,\"image\":{\"@id\":\"https:\\\/\\\/villena.salesianos.edu\\\/colegio\\\/pequenos_granjeros\\\/#primaryimage\"},\"thumbnailUrl\":\"https:\\\/\\\/villena.salesianos.edu\\\/colegio\\\/wp-content\\\/uploads\\\/sites\\\/3\\\/2026\\\/05\\\/WhatsApp-Image-2026-05-18-at-07.47.01.jpeg\",\"articleSection\":[\"Colegio\",\"Infantil\"],\"inLanguage\":\"es\"},{\"@type\":\"WebPage\",\"@id\":\"https:\\\/\\\/villena.salesianos.edu\\\/colegio\\\/pequenos_granjeros\\\/\",\"url\":\"https:\\\/\\\/villena.salesianos.edu\\\/colegio\\\/pequenos_granjeros\\\/\",\"name\":\"PEQUE\u00d1OS GRANJEROS - Colegio Salesiano M\u00aa Auxiliadora Villena\",\"isPartOf\":{\"@id\":\"https:\\\/\\\/villena.salesianos.edu\\\/colegio\\\/#website\"},\"primaryImageOfPage\":{\"@id\":\"https:\\\/\\\/villena.salesianos.edu\\\/colegio\\\/pequenos_granjeros\\\/#primaryimage\"},\"image\":{\"@id\":\"https:\\\/\\\/villena.salesianos.edu\\\/colegio\\\/pequenos_granjeros\\\/#primaryimage\"},\"thumbnailUrl\":\"https:\\\/\\\/villena.salesianos.edu\\\/colegio\\\/wp-content\\\/uploads\\\/sites\\\/3\\\/2026\\\/05\\\/WhatsApp-Image-2026-05-18-at-07.47.01.jpeg\",\"datePublished\":\"2026-05-18T05:50:21+00:00\",\"dateModified\":\"2026-05-18T05:51:02+00:00\",\"author\":{\"@id\":\"https:\\\/\\\/villena.salesianos.edu\\\/colegio\\\/#\\\/schema\\\/person\\\/737fd46edc5ae7d6c9b94da26c0e9302\"},\"breadcrumb\":{\"@id\":\"https:\\\/\\\/villena.salesianos.edu\\\/colegio\\\/pequenos_granjeros\\\/#breadcrumb\"},\"inLanguage\":\"es\",\"potentialAction\":[{\"@type\":\"ReadAction\",\"target\":[\"https:\\\/\\\/villena.salesianos.edu\\\/colegio\\\/pequenos_granjeros\\\/\"]}]},{\"@type\":\"ImageObject\",\"inLanguage\":\"es\",\"@id\":\"https:\\\/\\\/villena.salesianos.edu\\\/colegio\\\/pequenos_granjeros\\\/#primaryimage\",\"url\":\"https:\\\/\\\/villena.salesianos.edu\\\/colegio\\\/wp-content\\\/uploads\\\/sites\\\/3\\\/2026\\\/05\\\/WhatsApp-Image-2026-05-18-at-07.47.01.jpeg\",\"contentUrl\":\"https:\\\/\\\/villena.salesianos.edu\\\/colegio\\\/wp-content\\\/uploads\\\/sites\\\/3\\\/2026\\\/05\\\/WhatsApp-Image-2026-05-18-at-07.47.01.jpeg\",\"width\":2040,\"height\":1536},{\"@type\":\"BreadcrumbList\",\"@id\":\"https:\\\/\\\/villena.salesianos.edu\\\/colegio\\\/pequenos_granjeros\\\/#breadcrumb\",\"itemListElement\":[{\"@type\":\"ListItem\",\"position\":1,\"name\":\"Portada\",\"item\":\"https:\\\/\\\/villena.salesianos.edu\\\/colegio\\\/\"},{\"@type\":\"ListItem\",\"position\":2,\"name\":\"PEQUE\u00d1OS GRANJEROS\"}]},{\"@type\":\"WebSite\",\"@id\":\"https:\\\/\\\/villena.salesianos.edu\\\/colegio\\\/#website\",\"url\":\"https:\\\/\\\/villena.salesianos.edu\\\/colegio\\\/\",\"name\":\"Colegio Salesiano M\u00aa Auxiliadora Villena\",\"description\":\"P\u00e1gina oficial Salesianos Villena\",\"potentialAction\":[{\"@type\":\"SearchAction\",\"target\":{\"@type\":\"EntryPoint\",\"urlTemplate\":\"https:\\\/\\\/villena.salesianos.edu\\\/colegio\\\/?s={search_term_string}\"},\"query-input\":{\"@type\":\"PropertyValueSpecification\",\"valueRequired\":true,\"valueName\":\"search_term_string\"}}],\"inLanguage\":\"es\"},{\"@type\":\"Person\",\"@id\":\"https:\\\/\\\/villena.salesianos.edu\\\/colegio\\\/#\\\/schema\\\/person\\\/737fd46edc5ae7d6c9b94da26c0e9302\",\"name\":\"Gestor Web\",\"image\":{\"@type\":\"ImageObject\",\"inLanguage\":\"es\",\"@id\":\"https:\\\/\\\/secure.gravatar.com\\\/avatar\\\/44469746e1b6443cd011d1759fdc3b9fdcdae4a08dc0ddd85247651cb065486d?s=96&d=mm&r=g\",\"url\":\"https:\\\/\\\/secure.gravatar.com\\\/avatar\\\/44469746e1b6443cd011d1759fdc3b9fdcdae4a08dc0ddd85247651cb065486d?s=96&d=mm&r=g\",\"contentUrl\":\"https:\\\/\\\/secure.gravatar.com\\\/avatar\\\/44469746e1b6443cd011d1759fdc3b9fdcdae4a08dc0ddd85247651cb065486d?s=96&d=mm&r=g\",\"caption\":\"Gestor Web\"}}]}<\/script>\n<!-- \/ Yoast SEO plugin. -->","yoast_head_json":{"title":"PEQUE\u00d1OS GRANJEROS - Colegio Salesiano M\u00aa Auxiliadora Villena","robots":{"index":"index","follow":"follow","max-snippet":"max-snippet:-1","max-image-preview":"max-image-preview:large","max-video-preview":"max-video-preview:-1"},"canonical":"https:\/\/villena.salesianos.edu\/colegio\/pequenos_granjeros\/","og_locale":"es_ES","og_type":"article","og_title":"PEQUE\u00d1OS GRANJEROS - Colegio Salesiano M\u00aa Auxiliadora Villena","og_description":"Inolvidable excursi\u00f3n del alumnado de Infantil a la granja escuela, donde aprender se ha convertido en toda una aventura.Por Equipo de InfantilLos ni\u00f1os y ni\u00f1as de 3, 4 y 5 a\u00f1os de Educaci\u00f3n Infantil han disfrutado de una jornada muy especial en la granja escuela de las Lomas de Biar, un entorno natural privilegiado que [&hellip;]","og_url":"https:\/\/villena.salesianos.edu\/colegio\/pequenos_granjeros\/","og_site_name":"Colegio Salesiano M\u00aa Auxiliadora Villena","article_published_time":"2026-05-18T05:50:21+00:00","article_modified_time":"2026-05-18T05:51:02+00:00","og_image":[{"width":2040,"height":1536,"url":"https:\/\/villena.salesianos.edu\/colegio\/wp-content\/uploads\/sites\/3\/2026\/05\/WhatsApp-Image-2026-05-18-at-07.47.01.jpeg","type":"image\/jpeg"}],"author":"Gestor Web","twitter_card":"summary_large_image","twitter_misc":{"Escrito por":"Gestor Web","Tiempo de lectura":"2 minutos"},"schema":{"@context":"https:\/\/schema.org","@graph":[{"@type":"Article","@id":"https:\/\/villena.salesianos.edu\/colegio\/pequenos_granjeros\/#article","isPartOf":{"@id":"https:\/\/villena.salesianos.edu\/colegio\/pequenos_granjeros\/"},"author":{"name":"Gestor Web","@id":"https:\/\/villena.salesianos.edu\/colegio\/#\/schema\/person\/737fd46edc5ae7d6c9b94da26c0e9302"},"headline":"PEQUE\u00d1OS GRANJEROS","datePublished":"2026-05-18T05:50:21+00:00","dateModified":"2026-05-18T05:51:02+00:00","mainEntityOfPage":{"@id":"https:\/\/villena.salesianos.edu\/colegio\/pequenos_granjeros\/"},"wordCount":576,"image":{"@id":"https:\/\/villena.salesianos.edu\/colegio\/pequenos_granjeros\/#primaryimage"},"thumbnailUrl":"https:\/\/villena.salesianos.edu\/colegio\/wp-content\/uploads\/sites\/3\/2026\/05\/WhatsApp-Image-2026-05-18-at-07.47.01.jpeg","articleSection":["Colegio","Infantil"],"inLanguage":"es"},{"@type":"WebPage","@id":"https:\/\/villena.salesianos.edu\/colegio\/pequenos_granjeros\/","url":"https:\/\/villena.salesianos.edu\/colegio\/pequenos_granjeros\/","name":"PEQUE\u00d1OS GRANJEROS - Colegio Salesiano M\u00aa Auxiliadora Villena","isPartOf":{"@id":"https:\/\/villena.salesianos.edu\/colegio\/#website"},"primaryImageOfPage":{"@id":"https:\/\/villena.salesianos.edu\/colegio\/pequenos_granjeros\/#primaryimage"},"image":{"@id":"https:\/\/villena.salesianos.edu\/colegio\/pequenos_granjeros\/#primaryimage"},"thumbnailUrl":"https:\/\/villena.salesianos.edu\/colegio\/wp-content\/uploads\/sites\/3\/2026\/05\/WhatsApp-Image-2026-05-18-at-07.47.01.jpeg","datePublished":"2026-05-18T05:50:21+00:00","dateModified":"2026-05-18T05:51:02+00:00","author":{"@id":"https:\/\/villena.salesianos.edu\/colegio\/#\/schema\/person\/737fd46edc5ae7d6c9b94da26c0e9302"},"breadcrumb":{"@id":"https:\/\/villena.salesianos.edu\/colegio\/pequenos_granjeros\/#breadcrumb"},"inLanguage":"es","potentialAction":[{"@type":"ReadAction","target":["https:\/\/villena.salesianos.edu\/colegio\/pequenos_granjeros\/"]}]},{"@type":"ImageObject","inLanguage":"es","@id":"https:\/\/villena.salesianos.edu\/colegio\/pequenos_granjeros\/#primaryimage","url":"https:\/\/villena.salesianos.edu\/colegio\/wp-content\/uploads\/sites\/3\/2026\/05\/WhatsApp-Image-2026-05-18-at-07.47.01.jpeg","contentUrl":"https:\/\/villena.salesianos.edu\/colegio\/wp-content\/uploads\/sites\/3\/2026\/05\/WhatsApp-Image-2026-05-18-at-07.47.01.jpeg","width":2040,"height":1536},{"@type":"BreadcrumbList","@id":"https:\/\/villena.salesianos.edu\/colegio\/pequenos_granjeros\/#breadcrumb","itemListElement":[{"@type":"ListItem","position":1,"name":"Portada","item":"https:\/\/villena.salesianos.edu\/colegio\/"},{"@type":"ListItem","position":2,"name":"PEQUE\u00d1OS GRANJEROS"}]},{"@type":"WebSite","@id":"https:\/\/villena.salesianos.edu\/colegio\/#website","url":"https:\/\/villena.salesianos.edu\/colegio\/","name":"Colegio Salesiano M\u00aa Auxiliadora Villena","description":"P\u00e1gina oficial Salesianos Villena","potentialAction":[{"@type":"SearchAction","target":{"@type":"EntryPoint","urlTemplate":"https:\/\/villena.salesianos.edu\/colegio\/?s={search_term_string}"},"query-input":{"@type":"PropertyValueSpecification","valueRequired":true,"valueName":"search_term_string"}}],"inLanguage":"es"},{"@type":"Person","@id":"https:\/\/villena.salesianos.edu\/colegio\/#\/schema\/person\/737fd46edc5ae7d6c9b94da26c0e9302","name":"Gestor Web","image":{"@type":"ImageObject","inLanguage":"es","@id":"https:\/\/secure.gravatar.com\/avatar\/44469746e1b6443cd011d1759fdc3b9fdcdae4a08dc0ddd85247651cb065486d?s=96&d=mm&r=g","url":"https:\/\/secure.gravatar.com\/avatar\/44469746e1b6443cd011d1759fdc3b9fdcdae4a08dc0ddd85247651cb065486d?s=96&d=mm&r=g","contentUrl":"https:\/\/secure.gravatar.com\/avatar\/44469746e1b6443cd011d1759fdc3b9fdcdae4a08dc0ddd85247651cb065486d?s=96&d=mm&r=g","caption":"Gestor Web"}}]}},"_links":{"self":[{"href":"https:\/\/villena.salesianos.edu\/colegio\/wp-json\/wp\/v2\/posts\/17106","targetHints":{"allow":["GET"]}}],"collection":[{"href":"https:\/\/villena.salesianos.edu\/colegio\/wp-json\/wp\/v2\/posts"}],"about":[{"href":"https:\/\/villena.salesianos.edu\/colegio\/wp-json\/wp\/v2\/types\/post"}],"author":[{"embeddable":true,"href":"https:\/\/villena.salesianos.edu\/colegio\/wp-json\/wp\/v2\/users\/2"}],"replies":[{"embeddable":true,"href":"https:\/\/villena.salesianos.edu\/colegio\/wp-json\/wp\/v2\/comments?post=17106"}],"version-history":[{"count":4,"href":"https:\/\/villena.salesianos.edu\/colegio\/wp-json\/wp\/v2\/posts\/17106\/revisions"}],"predecessor-version":[{"id":17112,"href":"https:\/\/villena.salesianos.edu\/colegio\/wp-json\/wp\/v2\/posts\/17106\/revisions\/17112"}],"wp:featuredmedia":[{"embeddable":true,"href":"https:\/\/villena.salesianos.edu\/colegio\/wp-json\/wp\/v2\/media\/17109"}],"wp:attachment":[{"href":"https:\/\/villena.salesianos.edu\/colegio\/wp-json\/wp\/v2\/media?parent=17106"}],"wp:term":[{"taxonomy":"category","embeddable":true,"href":"https:\/\/villena.salesianos.edu\/colegio\/wp-json\/wp\/v2\/categories?post=17106"},{"taxonomy":"post_tag","embeddable":true,"href":"https:\/\/villena.salesianos.edu\/colegio\/wp-json\/wp\/v2\/tags?post=17106"}],"curies":[{"name":"wp","href":"https:\/\/api.w.org\/{rel}","templated":true}]}}