{"id":4631,"date":"2017-10-03T06:42:00","date_gmt":"2017-10-03T05:42:00","guid":{"rendered":"https:\/\/villena.salesianos.edu\/colegio\/?p=4631"},"modified":"2017-10-03T06:46:33","modified_gmt":"2017-10-03T05:46:33","slug":"semana-de-intercambio-linguistico-con-el-instituto-varlaskolan","status":"publish","type":"post","link":"https:\/\/villena.salesianos.edu\/colegio\/semana-de-intercambio-linguistico-con-el-instituto-varlaskolan\/","title":{"rendered":"Semana de intercambio  ling\u00fc\u00edstico con el instituto VARLASKOLAN"},"content":{"rendered":"<p>[et_pb_section bb_built=\u00bb1&#8243; admin_label=\u00bbsection\u00bb][et_pb_row admin_label=\u00bbrow\u00bb background_position=\u00bbtop_left\u00bb background_repeat=\u00bbrepeat\u00bb background_size=\u00bbinitial\u00bb][et_pb_column type=\u00bb4_4&#8243;][et_pb_text admin_label=\u00bbEntradilla (Texto)\u00bb _builder_version=\u00bb3.0.76&#8243; background_layout=\u00bblight\u00bb text_orientation=\u00bbjustified\u00bb text_font=\u00bb|on|||\u00bb border_style=\u00bbsolid\u00bb module_alignment=\u00bbjustified\u00bb]<\/p>\n<p>de KUNGSBACKA en Suecia<\/p>\n<p>[\/et_pb_text][et_pb_text admin_label=\u00bbAutor (Texto)\u00bb _builder_version=\u00bb3.0.76&#8243; background_layout=\u00bblight\u00bb text_font=\u00bb||on||\u00bb border_style=\u00bbsolid\u00bb]<\/p>\n<p><em>Por Equipo Plutiling\u00fcismo<\/em><\/p>\n<p>[\/et_pb_text][et_pb_text admin_label=\u00bbDesarrollo (Texto)\u00bb _builder_version=\u00bb3.0.76&#8243; background_layout=\u00bblight\u00bb text_orientation=\u00bbjustified\u00bb border_style=\u00bbsolid\u00bb]<\/p>\n<p>Este inicio de curso ha sido un tanto especial y muy diferente para 13 de nuestros alumnos de 3\u00ba ESO de Salesianos de Villena.<\/p>\n<p>Despu\u00e9s de haber sido seleccionados por sus resultados en la asignatura de Ingl\u00e9s y por su actitud, estas 10 chicas y 3 chicos de nuestro colegio han podido realizar su sue\u00f1o de visitar y conocer a otros tantos chicos y chicas de una poblaci\u00f3n situada al norte de Gotemburgo, la segunda ciudad m\u00e1s grande de Suecia.<\/p>\n<p>Hace ya tres a\u00f1os desde que mantuvimos el primer contacto con el instituto Varlaskolan y el inter\u00e9s y la ilusi\u00f3n que han mantenidos profesores de ambos centros han hecho posible , siempre contando con el apoyo de los equipos directivos, que esta experiencia se haya realizado un a\u00f1o m\u00e1s.<\/p>\n<h4><\/h4>\n<h4>El viaje<\/h4>\n<p>Todos partimos muy expectantes el pasado martes 19 de septiembre y podemos estar orgullosos de haber superado con creces todas nuestras expectativas.<\/p>\n<p>Nuestros alumnos han tenido la oportunidad de usar el idioma ingl\u00e9s como lengua vehicular, siendo \u00e9ste uno de nuestros principales objetivos. Pero no nos quedamos ah\u00ed, esta experiencia ha ido mucho m\u00e1s all\u00e1.<\/p>\n<p>Los chicos han podido convivir con familias que compartieron sus tradiciones, sus costumbres, su cultura, su gastronom\u00eda y su m\u00e1s cercana realidad.<\/p>\n<p>Han podido asistir a clases con sus compa\u00f1eros y conocer otros sistemas educativos.<\/p>\n<p>Se han presentado en distintas clases y han participado como asistentes de conversaci\u00f3n en clases de espa\u00f1ol y tambi\u00e9n se han atrevido con algo se sueco.<\/p>\n<p>Han participado en clases de costura, m\u00fasica, tecnolog\u00eda, etc\u2026<\/p>\n<p>Sin duda alguna, todo este compendio de experiencias les ha enriquecido su bagaje y les proporciona\u00a0 un punto de vista y una perspectiva mucho m\u00e1s amplia que le ser\u00e1 muy \u00fatil para desarrollarse \u00edntegramente como personas.<\/p>\n<p>&nbsp;<\/p>\n<h4>A\u00fan nos queda&#8230;<\/h4>\n<p>No obstante, nuestra aventura no acaba aqu\u00ed y para cerrar completamente el ciclo de este intercambio estamos todos deseando recibir a nuestros compa\u00f1eros escandinavos el pr\u00f3ximo mes de marzo del 2018.<\/p>\n<p>Seguro que ellos tambi\u00e9n se llevar\u00e1n un buen recuerdo de su paso por Villena.<\/p>\n<p>Nuestra hospitalidad y nuestro saber hacer ser\u00e1n las mejores armas para conseguir nuestro pr\u00f3ximo objetivo.<\/p>\n<p>HASTA PRONTO AMIGOS DE VARLASKOLAN.<\/p>\n<hr \/>\n<p>&nbsp;<\/p>\n<p>&nbsp;<\/p>\n<p>[\/et_pb_text][et_pb_text admin_label=\u00bbT\u00edtulo: Galer\u00eda de fotos (Texto)\u00bb _builder_version=\u00bb3.0.76&#8243; background_layout=\u00bblight\u00bb text_font=\u00bb|on|||\u00bb text_text_color=\u00bb#dc001b\u00bb border_style=\u00bbsolid\u00bb disabled=\u00bboff\u00bb disabled_on=\u00bboff|off|off\u00bb module_alignment=\u00bbleft\u00bb]<\/p>\n<p>Viaje a Suecia<\/p>\n<p>[\/et_pb_text][et_pb_gallery _builder_version=\u00bb3.0.76&#8243; posts_number=\u00bb8&#8243; show_title_and_caption=\u00bboff\u00bb show_pagination=\u00bbon\u00bb fullwidth=\u00bboff\u00bb orientation=\u00bblandscape\u00bb zoom_icon_color=\u00bb#dc001b\u00bb hover_overlay_color=\u00bbrgba(255,255,255,0.9)\u00bb hover_icon=\u00bb%%51%%\u00bb background_layout=\u00bblight\u00bb border_style=\u00bbsolid\u00bb disabled=\u00bboff\u00bb disabled_on=\u00bboff|off|off\u00bb gallery_ids=\u00bb4612,4611,4610,4609,4608,4607,3731,3730,3729,3728,3727,3726,3717,3716,3706,3707,3708,3714,3715,3704&#8243; pagination_font_size_tablet=\u00bb51&#8243; pagination_line_height_tablet=\u00bb2&#8243; \/][et_pb_video _builder_version=\u00bb3.0.51&#8243; disabled=\u00bbon\u00bb disabled_on=\u00bbon|on|on\u00bb \/][\/et_pb_column][\/et_pb_row][\/et_pb_section]<\/p>\n","protected":false},"excerpt":{"rendered":"<p>de KUNGSBACKA en Suecia Por Equipo Plutiling\u00fcismo Este inicio de curso ha sido un tanto especial y muy diferente para 13 de nuestros alumnos de 3\u00ba ESO de Salesianos de Villena. Despu\u00e9s de haber sido seleccionados por sus resultados en la asignatura de Ingl\u00e9s y por su actitud, estas 10 chicas y 3 chicos de [&hellip;]<\/p>\n","protected":false},"author":2,"featured_media":4610,"comment_status":"open","ping_status":"open","sticky":false,"template":"","format":"standard","meta":{"_et_pb_use_builder":"on","_et_pb_old_content":"","_et_gb_content_width":"","footnotes":""},"categories":[22,26],"tags":[],"class_list":["post-4631","post","type-post","status-publish","format-standard","has-post-thumbnail","hentry","category-colegio","category-secundaria"],"yoast_head":"<!-- This site is optimized with the Yoast SEO plugin v28.3 - https:\/\/yoast.com\/product\/yoast-seo-wordpress\/ -->\n<title>Semana de intercambio ling\u00fc\u00edstico con el instituto VARLASKOLAN - Colegio Salesiano M\u00aa Auxiliadora Villena<\/title>\n<meta name=\"robots\" content=\"index, follow, max-snippet:-1, max-image-preview:large, max-video-preview:-1\" \/>\n<link rel=\"canonical\" href=\"https:\/\/villena.salesianos.edu\/colegio\/semana-de-intercambio-linguistico-con-el-instituto-varlaskolan\/\" \/>\n<meta property=\"og:locale\" content=\"es_ES\" \/>\n<meta property=\"og:type\" content=\"article\" \/>\n<meta property=\"og:title\" content=\"Semana de intercambio ling\u00fc\u00edstico con el instituto VARLASKOLAN - Colegio Salesiano M\u00aa Auxiliadora Villena\" \/>\n<meta property=\"og:description\" content=\"de KUNGSBACKA en Suecia Por Equipo Plutiling\u00fcismo Este inicio de curso ha sido un tanto especial y muy diferente para 13 de nuestros alumnos de 3\u00ba ESO de Salesianos de Villena. Despu\u00e9s de haber sido seleccionados por sus resultados en la asignatura de Ingl\u00e9s y por su actitud, estas 10 chicas y 3 chicos de [&hellip;]\" \/>\n<meta property=\"og:url\" content=\"https:\/\/villena.salesianos.edu\/colegio\/semana-de-intercambio-linguistico-con-el-instituto-varlaskolan\/\" \/>\n<meta property=\"og:site_name\" content=\"Colegio Salesiano M\u00aa Auxiliadora Villena\" \/>\n<meta property=\"article:published_time\" content=\"2017-10-03T05:42:00+00:00\" \/>\n<meta property=\"article:modified_time\" content=\"2017-10-03T05:46:33+00:00\" \/>\n<meta property=\"og:image\" content=\"https:\/\/villena.salesianos.edu\/colegio\/wp-content\/uploads\/sites\/3\/2017\/09\/IMG-20170927-WA0005.jpg\" \/>\n\t<meta property=\"og:image:width\" content=\"1600\" \/>\n\t<meta property=\"og:image:height\" content=\"1195\" \/>\n\t<meta property=\"og:image:type\" content=\"image\/jpeg\" \/>\n<meta name=\"author\" content=\"Gestor Web\" \/>\n<meta name=\"twitter:card\" content=\"summary_large_image\" \/>\n<meta name=\"twitter:label1\" content=\"Escrito por\" \/>\n\t<meta name=\"twitter:data1\" content=\"Gestor Web\" \/>\n\t<meta name=\"twitter:label2\" content=\"Tiempo de lectura\" \/>\n\t<meta name=\"twitter:data2\" content=\"3 minutos\" \/>\n<script type=\"application\/ld+json\" class=\"yoast-schema-graph\">{\"@context\":\"https:\\\/\\\/schema.org\",\"@graph\":[{\"@type\":\"Article\",\"@id\":\"https:\\\/\\\/villena.salesianos.edu\\\/colegio\\\/semana-de-intercambio-linguistico-con-el-instituto-varlaskolan\\\/#article\",\"isPartOf\":{\"@id\":\"https:\\\/\\\/villena.salesianos.edu\\\/colegio\\\/semana-de-intercambio-linguistico-con-el-instituto-varlaskolan\\\/\"},\"author\":{\"name\":\"Gestor Web\",\"@id\":\"https:\\\/\\\/villena.salesianos.edu\\\/colegio\\\/#\\\/schema\\\/person\\\/737fd46edc5ae7d6c9b94da26c0e9302\"},\"headline\":\"Semana de intercambio ling\u00fc\u00edstico con el instituto VARLASKOLAN\",\"datePublished\":\"2017-10-03T05:42:00+00:00\",\"dateModified\":\"2017-10-03T05:46:33+00:00\",\"mainEntityOfPage\":{\"@id\":\"https:\\\/\\\/villena.salesianos.edu\\\/colegio\\\/semana-de-intercambio-linguistico-con-el-instituto-varlaskolan\\\/\"},\"wordCount\":616,\"commentCount\":0,\"image\":{\"@id\":\"https:\\\/\\\/villena.salesianos.edu\\\/colegio\\\/semana-de-intercambio-linguistico-con-el-instituto-varlaskolan\\\/#primaryimage\"},\"thumbnailUrl\":\"https:\\\/\\\/villena.salesianos.edu\\\/colegio\\\/wp-content\\\/uploads\\\/sites\\\/3\\\/2017\\\/09\\\/IMG-20170927-WA0005.jpg\",\"articleSection\":[\"Colegio\",\"Secundaria\"],\"inLanguage\":\"es\",\"potentialAction\":[{\"@type\":\"CommentAction\",\"name\":\"Comment\",\"target\":[\"https:\\\/\\\/villena.salesianos.edu\\\/colegio\\\/semana-de-intercambio-linguistico-con-el-instituto-varlaskolan\\\/#respond\"]}]},{\"@type\":\"WebPage\",\"@id\":\"https:\\\/\\\/villena.salesianos.edu\\\/colegio\\\/semana-de-intercambio-linguistico-con-el-instituto-varlaskolan\\\/\",\"url\":\"https:\\\/\\\/villena.salesianos.edu\\\/colegio\\\/semana-de-intercambio-linguistico-con-el-instituto-varlaskolan\\\/\",\"name\":\"Semana de intercambio ling\u00fc\u00edstico con el instituto VARLASKOLAN - Colegio Salesiano M\u00aa Auxiliadora Villena\",\"isPartOf\":{\"@id\":\"https:\\\/\\\/villena.salesianos.edu\\\/colegio\\\/#website\"},\"primaryImageOfPage\":{\"@id\":\"https:\\\/\\\/villena.salesianos.edu\\\/colegio\\\/semana-de-intercambio-linguistico-con-el-instituto-varlaskolan\\\/#primaryimage\"},\"image\":{\"@id\":\"https:\\\/\\\/villena.salesianos.edu\\\/colegio\\\/semana-de-intercambio-linguistico-con-el-instituto-varlaskolan\\\/#primaryimage\"},\"thumbnailUrl\":\"https:\\\/\\\/villena.salesianos.edu\\\/colegio\\\/wp-content\\\/uploads\\\/sites\\\/3\\\/2017\\\/09\\\/IMG-20170927-WA0005.jpg\",\"datePublished\":\"2017-10-03T05:42:00+00:00\",\"dateModified\":\"2017-10-03T05:46:33+00:00\",\"author\":{\"@id\":\"https:\\\/\\\/villena.salesianos.edu\\\/colegio\\\/#\\\/schema\\\/person\\\/737fd46edc5ae7d6c9b94da26c0e9302\"},\"breadcrumb\":{\"@id\":\"https:\\\/\\\/villena.salesianos.edu\\\/colegio\\\/semana-de-intercambio-linguistico-con-el-instituto-varlaskolan\\\/#breadcrumb\"},\"inLanguage\":\"es\",\"potentialAction\":[{\"@type\":\"ReadAction\",\"target\":[\"https:\\\/\\\/villena.salesianos.edu\\\/colegio\\\/semana-de-intercambio-linguistico-con-el-instituto-varlaskolan\\\/\"]}]},{\"@type\":\"ImageObject\",\"inLanguage\":\"es\",\"@id\":\"https:\\\/\\\/villena.salesianos.edu\\\/colegio\\\/semana-de-intercambio-linguistico-con-el-instituto-varlaskolan\\\/#primaryimage\",\"url\":\"https:\\\/\\\/villena.salesianos.edu\\\/colegio\\\/wp-content\\\/uploads\\\/sites\\\/3\\\/2017\\\/09\\\/IMG-20170927-WA0005.jpg\",\"contentUrl\":\"https:\\\/\\\/villena.salesianos.edu\\\/colegio\\\/wp-content\\\/uploads\\\/sites\\\/3\\\/2017\\\/09\\\/IMG-20170927-WA0005.jpg\",\"width\":1600,\"height\":1195},{\"@type\":\"BreadcrumbList\",\"@id\":\"https:\\\/\\\/villena.salesianos.edu\\\/colegio\\\/semana-de-intercambio-linguistico-con-el-instituto-varlaskolan\\\/#breadcrumb\",\"itemListElement\":[{\"@type\":\"ListItem\",\"position\":1,\"name\":\"Portada\",\"item\":\"https:\\\/\\\/villena.salesianos.edu\\\/colegio\\\/\"},{\"@type\":\"ListItem\",\"position\":2,\"name\":\"Semana de intercambio ling\u00fc\u00edstico con el instituto VARLASKOLAN\"}]},{\"@type\":\"WebSite\",\"@id\":\"https:\\\/\\\/villena.salesianos.edu\\\/colegio\\\/#website\",\"url\":\"https:\\\/\\\/villena.salesianos.edu\\\/colegio\\\/\",\"name\":\"Colegio Salesiano M\u00aa Auxiliadora Villena\",\"description\":\"P\u00e1gina oficial Salesianos Villena\",\"potentialAction\":[{\"@type\":\"SearchAction\",\"target\":{\"@type\":\"EntryPoint\",\"urlTemplate\":\"https:\\\/\\\/villena.salesianos.edu\\\/colegio\\\/?s={search_term_string}\"},\"query-input\":{\"@type\":\"PropertyValueSpecification\",\"valueRequired\":true,\"valueName\":\"search_term_string\"}}],\"inLanguage\":\"es\"},{\"@type\":\"Person\",\"@id\":\"https:\\\/\\\/villena.salesianos.edu\\\/colegio\\\/#\\\/schema\\\/person\\\/737fd46edc5ae7d6c9b94da26c0e9302\",\"name\":\"Gestor Web\",\"image\":{\"@type\":\"ImageObject\",\"inLanguage\":\"es\",\"@id\":\"https:\\\/\\\/secure.gravatar.com\\\/avatar\\\/44469746e1b6443cd011d1759fdc3b9fdcdae4a08dc0ddd85247651cb065486d?s=96&d=mm&r=g\",\"url\":\"https:\\\/\\\/secure.gravatar.com\\\/avatar\\\/44469746e1b6443cd011d1759fdc3b9fdcdae4a08dc0ddd85247651cb065486d?s=96&d=mm&r=g\",\"contentUrl\":\"https:\\\/\\\/secure.gravatar.com\\\/avatar\\\/44469746e1b6443cd011d1759fdc3b9fdcdae4a08dc0ddd85247651cb065486d?s=96&d=mm&r=g\",\"caption\":\"Gestor Web\"}}]}<\/script>\n<!-- \/ Yoast SEO plugin. -->","yoast_head_json":{"title":"Semana de intercambio ling\u00fc\u00edstico con el instituto VARLASKOLAN - Colegio Salesiano M\u00aa Auxiliadora Villena","robots":{"index":"index","follow":"follow","max-snippet":"max-snippet:-1","max-image-preview":"max-image-preview:large","max-video-preview":"max-video-preview:-1"},"canonical":"https:\/\/villena.salesianos.edu\/colegio\/semana-de-intercambio-linguistico-con-el-instituto-varlaskolan\/","og_locale":"es_ES","og_type":"article","og_title":"Semana de intercambio ling\u00fc\u00edstico con el instituto VARLASKOLAN - Colegio Salesiano M\u00aa Auxiliadora Villena","og_description":"de KUNGSBACKA en Suecia Por Equipo Plutiling\u00fcismo Este inicio de curso ha sido un tanto especial y muy diferente para 13 de nuestros alumnos de 3\u00ba ESO de Salesianos de Villena. Despu\u00e9s de haber sido seleccionados por sus resultados en la asignatura de Ingl\u00e9s y por su actitud, estas 10 chicas y 3 chicos de [&hellip;]","og_url":"https:\/\/villena.salesianos.edu\/colegio\/semana-de-intercambio-linguistico-con-el-instituto-varlaskolan\/","og_site_name":"Colegio Salesiano M\u00aa Auxiliadora Villena","article_published_time":"2017-10-03T05:42:00+00:00","article_modified_time":"2017-10-03T05:46:33+00:00","og_image":[{"width":1600,"height":1195,"url":"https:\/\/villena.salesianos.edu\/colegio\/wp-content\/uploads\/sites\/3\/2017\/09\/IMG-20170927-WA0005.jpg","type":"image\/jpeg"}],"author":"Gestor Web","twitter_card":"summary_large_image","twitter_misc":{"Escrito por":"Gestor Web","Tiempo de lectura":"3 minutos"},"schema":{"@context":"https:\/\/schema.org","@graph":[{"@type":"Article","@id":"https:\/\/villena.salesianos.edu\/colegio\/semana-de-intercambio-linguistico-con-el-instituto-varlaskolan\/#article","isPartOf":{"@id":"https:\/\/villena.salesianos.edu\/colegio\/semana-de-intercambio-linguistico-con-el-instituto-varlaskolan\/"},"author":{"name":"Gestor Web","@id":"https:\/\/villena.salesianos.edu\/colegio\/#\/schema\/person\/737fd46edc5ae7d6c9b94da26c0e9302"},"headline":"Semana de intercambio ling\u00fc\u00edstico con el instituto VARLASKOLAN","datePublished":"2017-10-03T05:42:00+00:00","dateModified":"2017-10-03T05:46:33+00:00","mainEntityOfPage":{"@id":"https:\/\/villena.salesianos.edu\/colegio\/semana-de-intercambio-linguistico-con-el-instituto-varlaskolan\/"},"wordCount":616,"commentCount":0,"image":{"@id":"https:\/\/villena.salesianos.edu\/colegio\/semana-de-intercambio-linguistico-con-el-instituto-varlaskolan\/#primaryimage"},"thumbnailUrl":"https:\/\/villena.salesianos.edu\/colegio\/wp-content\/uploads\/sites\/3\/2017\/09\/IMG-20170927-WA0005.jpg","articleSection":["Colegio","Secundaria"],"inLanguage":"es","potentialAction":[{"@type":"CommentAction","name":"Comment","target":["https:\/\/villena.salesianos.edu\/colegio\/semana-de-intercambio-linguistico-con-el-instituto-varlaskolan\/#respond"]}]},{"@type":"WebPage","@id":"https:\/\/villena.salesianos.edu\/colegio\/semana-de-intercambio-linguistico-con-el-instituto-varlaskolan\/","url":"https:\/\/villena.salesianos.edu\/colegio\/semana-de-intercambio-linguistico-con-el-instituto-varlaskolan\/","name":"Semana de intercambio ling\u00fc\u00edstico con el instituto VARLASKOLAN - Colegio Salesiano M\u00aa Auxiliadora Villena","isPartOf":{"@id":"https:\/\/villena.salesianos.edu\/colegio\/#website"},"primaryImageOfPage":{"@id":"https:\/\/villena.salesianos.edu\/colegio\/semana-de-intercambio-linguistico-con-el-instituto-varlaskolan\/#primaryimage"},"image":{"@id":"https:\/\/villena.salesianos.edu\/colegio\/semana-de-intercambio-linguistico-con-el-instituto-varlaskolan\/#primaryimage"},"thumbnailUrl":"https:\/\/villena.salesianos.edu\/colegio\/wp-content\/uploads\/sites\/3\/2017\/09\/IMG-20170927-WA0005.jpg","datePublished":"2017-10-03T05:42:00+00:00","dateModified":"2017-10-03T05:46:33+00:00","author":{"@id":"https:\/\/villena.salesianos.edu\/colegio\/#\/schema\/person\/737fd46edc5ae7d6c9b94da26c0e9302"},"breadcrumb":{"@id":"https:\/\/villena.salesianos.edu\/colegio\/semana-de-intercambio-linguistico-con-el-instituto-varlaskolan\/#breadcrumb"},"inLanguage":"es","potentialAction":[{"@type":"ReadAction","target":["https:\/\/villena.salesianos.edu\/colegio\/semana-de-intercambio-linguistico-con-el-instituto-varlaskolan\/"]}]},{"@type":"ImageObject","inLanguage":"es","@id":"https:\/\/villena.salesianos.edu\/colegio\/semana-de-intercambio-linguistico-con-el-instituto-varlaskolan\/#primaryimage","url":"https:\/\/villena.salesianos.edu\/colegio\/wp-content\/uploads\/sites\/3\/2017\/09\/IMG-20170927-WA0005.jpg","contentUrl":"https:\/\/villena.salesianos.edu\/colegio\/wp-content\/uploads\/sites\/3\/2017\/09\/IMG-20170927-WA0005.jpg","width":1600,"height":1195},{"@type":"BreadcrumbList","@id":"https:\/\/villena.salesianos.edu\/colegio\/semana-de-intercambio-linguistico-con-el-instituto-varlaskolan\/#breadcrumb","itemListElement":[{"@type":"ListItem","position":1,"name":"Portada","item":"https:\/\/villena.salesianos.edu\/colegio\/"},{"@type":"ListItem","position":2,"name":"Semana de intercambio ling\u00fc\u00edstico con el instituto VARLASKOLAN"}]},{"@type":"WebSite","@id":"https:\/\/villena.salesianos.edu\/colegio\/#website","url":"https:\/\/villena.salesianos.edu\/colegio\/","name":"Colegio Salesiano M\u00aa Auxiliadora Villena","description":"P\u00e1gina oficial Salesianos Villena","potentialAction":[{"@type":"SearchAction","target":{"@type":"EntryPoint","urlTemplate":"https:\/\/villena.salesianos.edu\/colegio\/?s={search_term_string}"},"query-input":{"@type":"PropertyValueSpecification","valueRequired":true,"valueName":"search_term_string"}}],"inLanguage":"es"},{"@type":"Person","@id":"https:\/\/villena.salesianos.edu\/colegio\/#\/schema\/person\/737fd46edc5ae7d6c9b94da26c0e9302","name":"Gestor Web","image":{"@type":"ImageObject","inLanguage":"es","@id":"https:\/\/secure.gravatar.com\/avatar\/44469746e1b6443cd011d1759fdc3b9fdcdae4a08dc0ddd85247651cb065486d?s=96&d=mm&r=g","url":"https:\/\/secure.gravatar.com\/avatar\/44469746e1b6443cd011d1759fdc3b9fdcdae4a08dc0ddd85247651cb065486d?s=96&d=mm&r=g","contentUrl":"https:\/\/secure.gravatar.com\/avatar\/44469746e1b6443cd011d1759fdc3b9fdcdae4a08dc0ddd85247651cb065486d?s=96&d=mm&r=g","caption":"Gestor Web"}}]}},"_links":{"self":[{"href":"https:\/\/villena.salesianos.edu\/colegio\/wp-json\/wp\/v2\/posts\/4631","targetHints":{"allow":["GET"]}}],"collection":[{"href":"https:\/\/villena.salesianos.edu\/colegio\/wp-json\/wp\/v2\/posts"}],"about":[{"href":"https:\/\/villena.salesianos.edu\/colegio\/wp-json\/wp\/v2\/types\/post"}],"author":[{"embeddable":true,"href":"https:\/\/villena.salesianos.edu\/colegio\/wp-json\/wp\/v2\/users\/2"}],"replies":[{"embeddable":true,"href":"https:\/\/villena.salesianos.edu\/colegio\/wp-json\/wp\/v2\/comments?post=4631"}],"version-history":[{"count":4,"href":"https:\/\/villena.salesianos.edu\/colegio\/wp-json\/wp\/v2\/posts\/4631\/revisions"}],"predecessor-version":[{"id":4828,"href":"https:\/\/villena.salesianos.edu\/colegio\/wp-json\/wp\/v2\/posts\/4631\/revisions\/4828"}],"wp:featuredmedia":[{"embeddable":true,"href":"https:\/\/villena.salesianos.edu\/colegio\/wp-json\/wp\/v2\/media\/4610"}],"wp:attachment":[{"href":"https:\/\/villena.salesianos.edu\/colegio\/wp-json\/wp\/v2\/media?parent=4631"}],"wp:term":[{"taxonomy":"category","embeddable":true,"href":"https:\/\/villena.salesianos.edu\/colegio\/wp-json\/wp\/v2\/categories?post=4631"},{"taxonomy":"post_tag","embeddable":true,"href":"https:\/\/villena.salesianos.edu\/colegio\/wp-json\/wp\/v2\/tags?post=4631"}],"curies":[{"name":"wp","href":"https:\/\/api.w.org\/{rel}","templated":true}]}}