{"id":4751,"date":"2017-10-13T14:29:30","date_gmt":"2017-10-13T13:29:30","guid":{"rendered":"https:\/\/villena.salesianos.edu\/colegio\/?p=4751"},"modified":"2017-10-13T14:29:30","modified_gmt":"2017-10-13T13:29:30","slug":"dos-de-nuestros-profes-nominados-para-la-iv-gala-del-deporte","status":"publish","type":"post","link":"https:\/\/villena.salesianos.edu\/colegio\/dos-de-nuestros-profes-nominados-para-la-iv-gala-del-deporte\/","title":{"rendered":"Dos de nuestros profes nominados para la IV Gala del Deporte"},"content":{"rendered":"<p>[et_pb_section bb_built=\u00bb1&#8243; admin_label=\u00bbsection\u00bb][et_pb_row admin_label=\u00bbrow\u00bb background_position=\u00bbtop_left\u00bb background_repeat=\u00bbrepeat\u00bb background_size=\u00bbinitial\u00bb][et_pb_column type=\u00bb4_4&#8243;][et_pb_text admin_label=\u00bbEntradilla (Texto)\u00bb _builder_version=\u00bb3.0.76&#8243; background_layout=\u00bblight\u00bb text_orientation=\u00bbjustified\u00bb text_font=\u00bb|on|||\u00bb border_style=\u00bbsolid\u00bb]<\/p>\n<p><span style=\"font-weight: 400;\">Eduardo Verd\u00fa en la categor\u00eda Mejor Deportista Masculino y Pochola Hern\u00e1ndez en la categor\u00eda Mejor Deportista Femenina.<\/span><\/p>\n<p>[\/et_pb_text][et_pb_text admin_label=\u00bbAutor (Texto)\u00bb _builder_version=\u00bb3.0.76&#8243; background_layout=\u00bblight\u00bb text_font=\u00bb||on||\u00bb border_style=\u00bbsolid\u00bb]<\/p>\n<p><em>Por Equipo Comunicaci\u00f3n y Marketing<\/em><\/p>\n<p>[\/et_pb_text][et_pb_text admin_label=\u00bbDesarrollo (Texto)\u00bb _builder_version=\u00bb3.0.76&#8243; background_layout=\u00bblight\u00bb text_orientation=\u00bbjustified\u00bb border_style=\u00bbsolid\u00bb]<\/p>\n<p><span style=\"font-weight: 400;\">Hace ya unos d\u00edas se dieron a conocer los nombres y categor\u00edas nominadas en el presente a\u00f1o para la IV Gala del Deporte que se celebrar\u00e1 <\/span><\/p>\n<p><span style=\"font-weight: 400;\">Eduardo Verd\u00fa, se estrena en esta Gala tras la gran temporada vivida en el Club Promesas de Villena, en donde ha resultado ser una de las grandes revelaciones en cada carrera.<\/span><\/p>\n<p><span style=\"font-weight: 400;\">Por su parte, Pochola Hern\u00e1ndez, copiloto del equipo MetalLube lleva cosechadas muchas nominaciones y varios reconocimientos que hace meritoria, a\u00f1o a a\u00f1o su trayectoria deportiva.<\/span><\/p>\n<p><span style=\"font-weight: 400;\">Grandes compa\u00f1eros y personas que transmiten los grandes valores deportivos por lo que tanto aboga el <a href=\"https:\/\/villena.salesianos.edu\/colegio\/deporte\/\">deporte educativo<\/a> en nuestro centro: compromiso, trabajo en equipo, responsabilidad, esfuerzo, autoconocimiento, confianza, \u00a0perseverancia, convivencia, obediencia y cuidado de la salud.<\/span><\/p>\n<hr \/>\n<p>&nbsp;<\/p>\n<p><span style=\"font-weight: 400;\"><a href=\"https:\/\/es.surveymonkey.com\/r\/IVgaladeldeporte\">Ya puedes votar a los nominados para la IV Gala del Deporte<\/a>. Tienes hasta el d\u00eda 14 de octubre a las 23:45h para votar a tus ganadores.<\/span><\/p>\n<p>&nbsp;<\/p>\n<p>[\/et_pb_text][et_pb_text admin_label=\u00bbT\u00edtulo: Galer\u00eda de fotos (Texto)\u00bb _builder_version=\u00bb3.0.51&#8243; background_layout=\u00bblight\u00bb text_orientation=\u00bbleft\u00bb text_font=\u00bb|on|||\u00bb text_text_color=\u00bb#dc001b\u00bb border_style=\u00bbsolid\u00bb disabled=\u00bbon\u00bb disabled_on=\u00bbon|on|on\u00bb]<\/p>\n<p>Galer\u00eda de im\u00e1genes<\/p>\n<p>[\/et_pb_text][et_pb_gallery _builder_version=\u00bb3.0.51&#8243; posts_number=\u00bb8&#8243; show_title_and_caption=\u00bboff\u00bb show_pagination=\u00bbon\u00bb fullwidth=\u00bboff\u00bb orientation=\u00bblandscape\u00bb zoom_icon_color=\u00bb#dc001b\u00bb hover_overlay_color=\u00bbrgba(255,255,255,0.9)\u00bb hover_icon=\u00bb%%51%%\u00bb background_layout=\u00bblight\u00bb border_style=\u00bbsolid\u00bb auto=\u00bboff\u00bb disabled=\u00bbon\u00bb disabled_on=\u00bbon|on|on\u00bb \/][et_pb_video _builder_version=\u00bb3.0.51&#8243; disabled=\u00bbon\u00bb disabled_on=\u00bbon|on|on\u00bb \/][\/et_pb_column][\/et_pb_row][\/et_pb_section]<\/p>\n","protected":false},"excerpt":{"rendered":"<p>Eduardo Verd\u00fa en la categor\u00eda Mejor Deportista Masculino y Pochola Hern\u00e1ndez en la categor\u00eda Mejor Deportista Femenina. Por Equipo Comunicaci\u00f3n y Marketing Hace ya unos d\u00edas se dieron a conocer los nombres y categor\u00edas nominadas en el presente a\u00f1o para la IV Gala del Deporte que se celebrar\u00e1 Eduardo Verd\u00fa, se estrena en esta Gala [&hellip;]<\/p>\n","protected":false},"author":2,"featured_media":4752,"comment_status":"open","ping_status":"open","sticky":false,"template":"","format":"standard","meta":{"_et_pb_use_builder":"on","_et_pb_old_content":"","_et_gb_content_width":"","footnotes":""},"categories":[22,30,26],"tags":[],"class_list":["post-4751","post","type-post","status-publish","format-standard","has-post-thumbnail","hentry","category-colegio","category-deporteeducativo","category-secundaria"],"yoast_head":"<!-- This site is optimized with the Yoast SEO plugin v28.3 - https:\/\/yoast.com\/product\/yoast-seo-wordpress\/ -->\n<title>Dos de nuestros profes nominados para la IV Gala del Deporte - Colegio Salesiano M\u00aa Auxiliadora Villena<\/title>\n<meta name=\"robots\" content=\"index, follow, max-snippet:-1, max-image-preview:large, max-video-preview:-1\" \/>\n<link rel=\"canonical\" href=\"https:\/\/villena.salesianos.edu\/colegio\/dos-de-nuestros-profes-nominados-para-la-iv-gala-del-deporte\/\" \/>\n<meta property=\"og:locale\" content=\"es_ES\" \/>\n<meta property=\"og:type\" content=\"article\" \/>\n<meta property=\"og:title\" content=\"Dos de nuestros profes nominados para la IV Gala del Deporte - Colegio Salesiano M\u00aa Auxiliadora Villena\" \/>\n<meta property=\"og:description\" content=\"Eduardo Verd\u00fa en la categor\u00eda Mejor Deportista Masculino y Pochola Hern\u00e1ndez en la categor\u00eda Mejor Deportista Femenina. Por Equipo Comunicaci\u00f3n y Marketing Hace ya unos d\u00edas se dieron a conocer los nombres y categor\u00edas nominadas en el presente a\u00f1o para la IV Gala del Deporte que se celebrar\u00e1 Eduardo Verd\u00fa, se estrena en esta Gala [&hellip;]\" \/>\n<meta property=\"og:url\" content=\"https:\/\/villena.salesianos.edu\/colegio\/dos-de-nuestros-profes-nominados-para-la-iv-gala-del-deporte\/\" \/>\n<meta property=\"og:site_name\" content=\"Colegio Salesiano M\u00aa Auxiliadora Villena\" \/>\n<meta property=\"article:published_time\" content=\"2017-10-13T13:29:30+00:00\" \/>\n<meta property=\"og:image\" content=\"https:\/\/villena.salesianos.edu\/colegio\/wp-content\/uploads\/sites\/3\/2017\/10\/portadadeporte.jpg\" \/>\n\t<meta property=\"og:image:width\" content=\"2048\" \/>\n\t<meta property=\"og:image:height\" content=\"1536\" \/>\n\t<meta property=\"og:image:type\" content=\"image\/jpeg\" \/>\n<meta name=\"author\" content=\"Gestor Web\" \/>\n<meta name=\"twitter:card\" content=\"summary_large_image\" \/>\n<meta name=\"twitter:label1\" content=\"Escrito por\" \/>\n\t<meta name=\"twitter:data1\" content=\"Gestor Web\" \/>\n\t<meta name=\"twitter:label2\" content=\"Tiempo de lectura\" \/>\n\t<meta name=\"twitter:data2\" content=\"2 minutos\" \/>\n<script type=\"application\/ld+json\" class=\"yoast-schema-graph\">{\"@context\":\"https:\\\/\\\/schema.org\",\"@graph\":[{\"@type\":\"Article\",\"@id\":\"https:\\\/\\\/villena.salesianos.edu\\\/colegio\\\/dos-de-nuestros-profes-nominados-para-la-iv-gala-del-deporte\\\/#article\",\"isPartOf\":{\"@id\":\"https:\\\/\\\/villena.salesianos.edu\\\/colegio\\\/dos-de-nuestros-profes-nominados-para-la-iv-gala-del-deporte\\\/\"},\"author\":{\"name\":\"Gestor Web\",\"@id\":\"https:\\\/\\\/villena.salesianos.edu\\\/colegio\\\/#\\\/schema\\\/person\\\/737fd46edc5ae7d6c9b94da26c0e9302\"},\"headline\":\"Dos de nuestros profes nominados para la IV Gala del Deporte\",\"datePublished\":\"2017-10-13T13:29:30+00:00\",\"mainEntityOfPage\":{\"@id\":\"https:\\\/\\\/villena.salesianos.edu\\\/colegio\\\/dos-de-nuestros-profes-nominados-para-la-iv-gala-del-deporte\\\/\"},\"wordCount\":398,\"commentCount\":0,\"image\":{\"@id\":\"https:\\\/\\\/villena.salesianos.edu\\\/colegio\\\/dos-de-nuestros-profes-nominados-para-la-iv-gala-del-deporte\\\/#primaryimage\"},\"thumbnailUrl\":\"https:\\\/\\\/villena.salesianos.edu\\\/colegio\\\/wp-content\\\/uploads\\\/sites\\\/3\\\/2017\\\/10\\\/portadadeporte.jpg\",\"articleSection\":[\"Colegio\",\"Deporte educativo\",\"Secundaria\"],\"inLanguage\":\"es\",\"potentialAction\":[{\"@type\":\"CommentAction\",\"name\":\"Comment\",\"target\":[\"https:\\\/\\\/villena.salesianos.edu\\\/colegio\\\/dos-de-nuestros-profes-nominados-para-la-iv-gala-del-deporte\\\/#respond\"]}]},{\"@type\":\"WebPage\",\"@id\":\"https:\\\/\\\/villena.salesianos.edu\\\/colegio\\\/dos-de-nuestros-profes-nominados-para-la-iv-gala-del-deporte\\\/\",\"url\":\"https:\\\/\\\/villena.salesianos.edu\\\/colegio\\\/dos-de-nuestros-profes-nominados-para-la-iv-gala-del-deporte\\\/\",\"name\":\"Dos de nuestros profes nominados para la IV Gala del Deporte - Colegio Salesiano M\u00aa Auxiliadora Villena\",\"isPartOf\":{\"@id\":\"https:\\\/\\\/villena.salesianos.edu\\\/colegio\\\/#website\"},\"primaryImageOfPage\":{\"@id\":\"https:\\\/\\\/villena.salesianos.edu\\\/colegio\\\/dos-de-nuestros-profes-nominados-para-la-iv-gala-del-deporte\\\/#primaryimage\"},\"image\":{\"@id\":\"https:\\\/\\\/villena.salesianos.edu\\\/colegio\\\/dos-de-nuestros-profes-nominados-para-la-iv-gala-del-deporte\\\/#primaryimage\"},\"thumbnailUrl\":\"https:\\\/\\\/villena.salesianos.edu\\\/colegio\\\/wp-content\\\/uploads\\\/sites\\\/3\\\/2017\\\/10\\\/portadadeporte.jpg\",\"datePublished\":\"2017-10-13T13:29:30+00:00\",\"author\":{\"@id\":\"https:\\\/\\\/villena.salesianos.edu\\\/colegio\\\/#\\\/schema\\\/person\\\/737fd46edc5ae7d6c9b94da26c0e9302\"},\"breadcrumb\":{\"@id\":\"https:\\\/\\\/villena.salesianos.edu\\\/colegio\\\/dos-de-nuestros-profes-nominados-para-la-iv-gala-del-deporte\\\/#breadcrumb\"},\"inLanguage\":\"es\",\"potentialAction\":[{\"@type\":\"ReadAction\",\"target\":[\"https:\\\/\\\/villena.salesianos.edu\\\/colegio\\\/dos-de-nuestros-profes-nominados-para-la-iv-gala-del-deporte\\\/\"]}]},{\"@type\":\"ImageObject\",\"inLanguage\":\"es\",\"@id\":\"https:\\\/\\\/villena.salesianos.edu\\\/colegio\\\/dos-de-nuestros-profes-nominados-para-la-iv-gala-del-deporte\\\/#primaryimage\",\"url\":\"https:\\\/\\\/villena.salesianos.edu\\\/colegio\\\/wp-content\\\/uploads\\\/sites\\\/3\\\/2017\\\/10\\\/portadadeporte.jpg\",\"contentUrl\":\"https:\\\/\\\/villena.salesianos.edu\\\/colegio\\\/wp-content\\\/uploads\\\/sites\\\/3\\\/2017\\\/10\\\/portadadeporte.jpg\",\"width\":2048,\"height\":1536},{\"@type\":\"BreadcrumbList\",\"@id\":\"https:\\\/\\\/villena.salesianos.edu\\\/colegio\\\/dos-de-nuestros-profes-nominados-para-la-iv-gala-del-deporte\\\/#breadcrumb\",\"itemListElement\":[{\"@type\":\"ListItem\",\"position\":1,\"name\":\"Portada\",\"item\":\"https:\\\/\\\/villena.salesianos.edu\\\/colegio\\\/\"},{\"@type\":\"ListItem\",\"position\":2,\"name\":\"Dos de nuestros profes nominados para la IV Gala del Deporte\"}]},{\"@type\":\"WebSite\",\"@id\":\"https:\\\/\\\/villena.salesianos.edu\\\/colegio\\\/#website\",\"url\":\"https:\\\/\\\/villena.salesianos.edu\\\/colegio\\\/\",\"name\":\"Colegio Salesiano M\u00aa Auxiliadora Villena\",\"description\":\"P\u00e1gina oficial Salesianos Villena\",\"potentialAction\":[{\"@type\":\"SearchAction\",\"target\":{\"@type\":\"EntryPoint\",\"urlTemplate\":\"https:\\\/\\\/villena.salesianos.edu\\\/colegio\\\/?s={search_term_string}\"},\"query-input\":{\"@type\":\"PropertyValueSpecification\",\"valueRequired\":true,\"valueName\":\"search_term_string\"}}],\"inLanguage\":\"es\"},{\"@type\":\"Person\",\"@id\":\"https:\\\/\\\/villena.salesianos.edu\\\/colegio\\\/#\\\/schema\\\/person\\\/737fd46edc5ae7d6c9b94da26c0e9302\",\"name\":\"Gestor Web\",\"image\":{\"@type\":\"ImageObject\",\"inLanguage\":\"es\",\"@id\":\"https:\\\/\\\/secure.gravatar.com\\\/avatar\\\/44469746e1b6443cd011d1759fdc3b9fdcdae4a08dc0ddd85247651cb065486d?s=96&d=mm&r=g\",\"url\":\"https:\\\/\\\/secure.gravatar.com\\\/avatar\\\/44469746e1b6443cd011d1759fdc3b9fdcdae4a08dc0ddd85247651cb065486d?s=96&d=mm&r=g\",\"contentUrl\":\"https:\\\/\\\/secure.gravatar.com\\\/avatar\\\/44469746e1b6443cd011d1759fdc3b9fdcdae4a08dc0ddd85247651cb065486d?s=96&d=mm&r=g\",\"caption\":\"Gestor Web\"}}]}<\/script>\n<!-- \/ Yoast SEO plugin. -->","yoast_head_json":{"title":"Dos de nuestros profes nominados para la IV Gala del Deporte - Colegio Salesiano M\u00aa Auxiliadora Villena","robots":{"index":"index","follow":"follow","max-snippet":"max-snippet:-1","max-image-preview":"max-image-preview:large","max-video-preview":"max-video-preview:-1"},"canonical":"https:\/\/villena.salesianos.edu\/colegio\/dos-de-nuestros-profes-nominados-para-la-iv-gala-del-deporte\/","og_locale":"es_ES","og_type":"article","og_title":"Dos de nuestros profes nominados para la IV Gala del Deporte - Colegio Salesiano M\u00aa Auxiliadora Villena","og_description":"Eduardo Verd\u00fa en la categor\u00eda Mejor Deportista Masculino y Pochola Hern\u00e1ndez en la categor\u00eda Mejor Deportista Femenina. Por Equipo Comunicaci\u00f3n y Marketing Hace ya unos d\u00edas se dieron a conocer los nombres y categor\u00edas nominadas en el presente a\u00f1o para la IV Gala del Deporte que se celebrar\u00e1 Eduardo Verd\u00fa, se estrena en esta Gala [&hellip;]","og_url":"https:\/\/villena.salesianos.edu\/colegio\/dos-de-nuestros-profes-nominados-para-la-iv-gala-del-deporte\/","og_site_name":"Colegio Salesiano M\u00aa Auxiliadora Villena","article_published_time":"2017-10-13T13:29:30+00:00","og_image":[{"width":2048,"height":1536,"url":"https:\/\/villena.salesianos.edu\/colegio\/wp-content\/uploads\/sites\/3\/2017\/10\/portadadeporte.jpg","type":"image\/jpeg"}],"author":"Gestor Web","twitter_card":"summary_large_image","twitter_misc":{"Escrito por":"Gestor Web","Tiempo de lectura":"2 minutos"},"schema":{"@context":"https:\/\/schema.org","@graph":[{"@type":"Article","@id":"https:\/\/villena.salesianos.edu\/colegio\/dos-de-nuestros-profes-nominados-para-la-iv-gala-del-deporte\/#article","isPartOf":{"@id":"https:\/\/villena.salesianos.edu\/colegio\/dos-de-nuestros-profes-nominados-para-la-iv-gala-del-deporte\/"},"author":{"name":"Gestor Web","@id":"https:\/\/villena.salesianos.edu\/colegio\/#\/schema\/person\/737fd46edc5ae7d6c9b94da26c0e9302"},"headline":"Dos de nuestros profes nominados para la IV Gala del Deporte","datePublished":"2017-10-13T13:29:30+00:00","mainEntityOfPage":{"@id":"https:\/\/villena.salesianos.edu\/colegio\/dos-de-nuestros-profes-nominados-para-la-iv-gala-del-deporte\/"},"wordCount":398,"commentCount":0,"image":{"@id":"https:\/\/villena.salesianos.edu\/colegio\/dos-de-nuestros-profes-nominados-para-la-iv-gala-del-deporte\/#primaryimage"},"thumbnailUrl":"https:\/\/villena.salesianos.edu\/colegio\/wp-content\/uploads\/sites\/3\/2017\/10\/portadadeporte.jpg","articleSection":["Colegio","Deporte educativo","Secundaria"],"inLanguage":"es","potentialAction":[{"@type":"CommentAction","name":"Comment","target":["https:\/\/villena.salesianos.edu\/colegio\/dos-de-nuestros-profes-nominados-para-la-iv-gala-del-deporte\/#respond"]}]},{"@type":"WebPage","@id":"https:\/\/villena.salesianos.edu\/colegio\/dos-de-nuestros-profes-nominados-para-la-iv-gala-del-deporte\/","url":"https:\/\/villena.salesianos.edu\/colegio\/dos-de-nuestros-profes-nominados-para-la-iv-gala-del-deporte\/","name":"Dos de nuestros profes nominados para la IV Gala del Deporte - Colegio Salesiano M\u00aa Auxiliadora Villena","isPartOf":{"@id":"https:\/\/villena.salesianos.edu\/colegio\/#website"},"primaryImageOfPage":{"@id":"https:\/\/villena.salesianos.edu\/colegio\/dos-de-nuestros-profes-nominados-para-la-iv-gala-del-deporte\/#primaryimage"},"image":{"@id":"https:\/\/villena.salesianos.edu\/colegio\/dos-de-nuestros-profes-nominados-para-la-iv-gala-del-deporte\/#primaryimage"},"thumbnailUrl":"https:\/\/villena.salesianos.edu\/colegio\/wp-content\/uploads\/sites\/3\/2017\/10\/portadadeporte.jpg","datePublished":"2017-10-13T13:29:30+00:00","author":{"@id":"https:\/\/villena.salesianos.edu\/colegio\/#\/schema\/person\/737fd46edc5ae7d6c9b94da26c0e9302"},"breadcrumb":{"@id":"https:\/\/villena.salesianos.edu\/colegio\/dos-de-nuestros-profes-nominados-para-la-iv-gala-del-deporte\/#breadcrumb"},"inLanguage":"es","potentialAction":[{"@type":"ReadAction","target":["https:\/\/villena.salesianos.edu\/colegio\/dos-de-nuestros-profes-nominados-para-la-iv-gala-del-deporte\/"]}]},{"@type":"ImageObject","inLanguage":"es","@id":"https:\/\/villena.salesianos.edu\/colegio\/dos-de-nuestros-profes-nominados-para-la-iv-gala-del-deporte\/#primaryimage","url":"https:\/\/villena.salesianos.edu\/colegio\/wp-content\/uploads\/sites\/3\/2017\/10\/portadadeporte.jpg","contentUrl":"https:\/\/villena.salesianos.edu\/colegio\/wp-content\/uploads\/sites\/3\/2017\/10\/portadadeporte.jpg","width":2048,"height":1536},{"@type":"BreadcrumbList","@id":"https:\/\/villena.salesianos.edu\/colegio\/dos-de-nuestros-profes-nominados-para-la-iv-gala-del-deporte\/#breadcrumb","itemListElement":[{"@type":"ListItem","position":1,"name":"Portada","item":"https:\/\/villena.salesianos.edu\/colegio\/"},{"@type":"ListItem","position":2,"name":"Dos de nuestros profes nominados para la IV Gala del Deporte"}]},{"@type":"WebSite","@id":"https:\/\/villena.salesianos.edu\/colegio\/#website","url":"https:\/\/villena.salesianos.edu\/colegio\/","name":"Colegio Salesiano M\u00aa Auxiliadora Villena","description":"P\u00e1gina oficial Salesianos Villena","potentialAction":[{"@type":"SearchAction","target":{"@type":"EntryPoint","urlTemplate":"https:\/\/villena.salesianos.edu\/colegio\/?s={search_term_string}"},"query-input":{"@type":"PropertyValueSpecification","valueRequired":true,"valueName":"search_term_string"}}],"inLanguage":"es"},{"@type":"Person","@id":"https:\/\/villena.salesianos.edu\/colegio\/#\/schema\/person\/737fd46edc5ae7d6c9b94da26c0e9302","name":"Gestor Web","image":{"@type":"ImageObject","inLanguage":"es","@id":"https:\/\/secure.gravatar.com\/avatar\/44469746e1b6443cd011d1759fdc3b9fdcdae4a08dc0ddd85247651cb065486d?s=96&d=mm&r=g","url":"https:\/\/secure.gravatar.com\/avatar\/44469746e1b6443cd011d1759fdc3b9fdcdae4a08dc0ddd85247651cb065486d?s=96&d=mm&r=g","contentUrl":"https:\/\/secure.gravatar.com\/avatar\/44469746e1b6443cd011d1759fdc3b9fdcdae4a08dc0ddd85247651cb065486d?s=96&d=mm&r=g","caption":"Gestor Web"}}]}},"_links":{"self":[{"href":"https:\/\/villena.salesianos.edu\/colegio\/wp-json\/wp\/v2\/posts\/4751","targetHints":{"allow":["GET"]}}],"collection":[{"href":"https:\/\/villena.salesianos.edu\/colegio\/wp-json\/wp\/v2\/posts"}],"about":[{"href":"https:\/\/villena.salesianos.edu\/colegio\/wp-json\/wp\/v2\/types\/post"}],"author":[{"embeddable":true,"href":"https:\/\/villena.salesianos.edu\/colegio\/wp-json\/wp\/v2\/users\/2"}],"replies":[{"embeddable":true,"href":"https:\/\/villena.salesianos.edu\/colegio\/wp-json\/wp\/v2\/comments?post=4751"}],"version-history":[{"count":1,"href":"https:\/\/villena.salesianos.edu\/colegio\/wp-json\/wp\/v2\/posts\/4751\/revisions"}],"predecessor-version":[{"id":4753,"href":"https:\/\/villena.salesianos.edu\/colegio\/wp-json\/wp\/v2\/posts\/4751\/revisions\/4753"}],"wp:featuredmedia":[{"embeddable":true,"href":"https:\/\/villena.salesianos.edu\/colegio\/wp-json\/wp\/v2\/media\/4752"}],"wp:attachment":[{"href":"https:\/\/villena.salesianos.edu\/colegio\/wp-json\/wp\/v2\/media?parent=4751"}],"wp:term":[{"taxonomy":"category","embeddable":true,"href":"https:\/\/villena.salesianos.edu\/colegio\/wp-json\/wp\/v2\/categories?post=4751"},{"taxonomy":"post_tag","embeddable":true,"href":"https:\/\/villena.salesianos.edu\/colegio\/wp-json\/wp\/v2\/tags?post=4751"}],"curies":[{"name":"wp","href":"https:\/\/api.w.org\/{rel}","templated":true}]}}