{"id":4754,"date":"2017-10-16T18:55:35","date_gmt":"2017-10-16T17:55:35","guid":{"rendered":"https:\/\/villena.salesianos.edu\/colegio\/?p=4754"},"modified":"2017-10-16T21:53:47","modified_gmt":"2017-10-16T20:53:47","slug":"a-cubierto-elche-que-venimos-los-salesianos","status":"publish","type":"post","link":"https:\/\/villena.salesianos.edu\/colegio\/a-cubierto-elche-que-venimos-los-salesianos\/","title":{"rendered":"\u00a1A cubierto Elche, que venimos los Salesianos!"},"content":{"rendered":"<p>[et_pb_section bb_built=\u00bb1&#8243; admin_label=\u00bbsection\u00bb][et_pb_row admin_label=\u00bbrow\u00bb background_position=\u00bbtop_left\u00bb background_repeat=\u00bbrepeat\u00bb background_size=\u00bbinitial\u00bb][et_pb_column type=\u00bb4_4&#8243;][et_pb_text admin_label=\u00bbEntradilla (Texto)\u00bb _builder_version=\u00bb3.0.82&#8243; background_layout=\u00bblight\u00bb text_orientation=\u00bbjustified\u00bb text_font=\u00bb|on|||\u00bb border_style=\u00bbsolid\u00bb box_shadow_position=\u00bbouter\u00bb module_alignment=\u00bbjustified\u00bb]<\/p>\n<p>El pasado mi\u00e9rcoles, 11 de octubre, los cursos de quinto y sexto de primaria partimos en direcci\u00f3n a Elche.<\/p>\n<p>[\/et_pb_text][et_pb_text admin_label=\u00bbAutor (Texto)\u00bb _builder_version=\u00bb3.0.82&#8243; background_layout=\u00bblight\u00bb text_font=\u00bb||on||\u00bb border_style=\u00bbsolid\u00bb box_shadow_position=\u00bbouter\u00bb]<\/p>\n<p>Por<\/p>\n<p>Alumnos y alumnas de tercer ciclo<\/p>\n<p>[\/et_pb_text][et_pb_text admin_label=\u00bbDesarrollo (Texto)\u00bb _builder_version=\u00bb3.0.82&#8243; background_layout=\u00bblight\u00bb text_orientation=\u00bbjustified\u00bb border_style=\u00bbsolid\u00bb box_shadow_position=\u00bbouter\u00bb]<\/p>\n<p>Nos lanzamos a la aventura<br \/>\nSalimos a las 9.15 del cole para emprender un divertido viaje entre canciones e ilusi\u00f3n y, cerca de las 10 de la ma\u00f1ana lleg\u00e1bamos a un inmenso parque que nos dej\u00f3 \u201calucinados\u201d.<br \/>\nEl recinto era enorme y estaba coronado por una inmensa torre-tirolina que hizo temblar a los m\u00e1s valientes.<\/p>\n<p>Tan solo entrar, nos recibieron unos monitores muy majos. Nos sentamos a almorzar y acto seguido nos dividieron en 4 grupos, uno por curso, para empezar a realizar las 4 actividades que nos ofrec\u00eda el parque: tirolina, tiro con arco, barcas y circuito. Las barcas nos permitieron refrescarnos y aprender a remar. El tiro con arco aunque parec\u00eda f\u00e1cil, no lo era pero los monitores nos ense\u00f1aron a manejarlo con gran seguridad. Para montar los ocho pisos de la tirolina, tuvimos que asegurarnos con una \u201cl\u00ednea de vida\u201d y, conforme sub\u00edamos, m\u00e1s de uno se ech\u00f3 atr\u00e1s, pero la inmensa mayor\u00eda disfrutamos del lanzamiento. El circuito result\u00f3 muy divertido y seguro, tambi\u00e9n \u00edbamos con arn\u00e9s y las pruebas, esta vez a baja altura, eran de equilibrio.<\/p>\n<p>A las dos del mediod\u00eda, partimos en direcci\u00f3n al Palmeral de Elche, un precioso jard\u00edn en el que los m\u00e1s curiosos dimos una vuelta para descubrir este bonito lugar. Despu\u00e9 comimos y realizamos actividades con los monitores de Iberanima. La Gymcana englobaba juegos como \u201c el director de orquesta, el escondite&#8230;.\u201d y, aunque nos cost\u00f3, tuvimos que despedirnos y montar al autob\u00fas para estar de vuelta a Villena a las 5.<\/p>\n<p>Fue un d\u00eda estupendo en el que destacamos la convivencia con nuestros compa\u00f1eros en el Palmeraly la impresionante tirolina que nos hizo temblar a ni\u00f1os y mayores (los profes tambi\u00e9n se tiraron). Ejercicio, amistad y adrenalina&#8230;resumen perfectamente nuestro d\u00eda. Repetiremos en familia.<\/p>\n<div style=\"width:100%\"><div class=\"wd_error\"><p><strong>No hay una galer\u00eda seleccionada o la galer\u00eda se ha eliminado.<\/strong><\/p><\/div><\/div>\n<p>[\/et_pb_text][et_pb_text admin_label=\u00bbT\u00edtulo: Galer\u00eda de fotos (Texto)\u00bb _builder_version=\u00bb3.0.51&#8243; background_layout=\u00bblight\u00bb text_orientation=\u00bbleft\u00bb text_font=\u00bb|on|||\u00bb text_text_color=\u00bb#dc001b\u00bb border_style=\u00bbsolid\u00bb disabled=\u00bbon\u00bb disabled_on=\u00bbon|on|on\u00bb module_alignment=\u00bbleft\u00bb]<\/p>\n<p>Galer\u00eda de im\u00e1genes<\/p>\n<p>[\/et_pb_text][et_pb_gallery _builder_version=\u00bb3.0.82&#8243; posts_number=\u00bb8&#8243; show_title_and_caption=\u00bboff\u00bb show_pagination=\u00bbon\u00bb fullwidth=\u00bboff\u00bb orientation=\u00bblandscape\u00bb zoom_icon_color=\u00bb#dc001b\u00bb hover_overlay_color=\u00bbrgba(255,255,255,0.9)\u00bb hover_icon=\u00bb%%51%%\u00bb background_layout=\u00bblight\u00bb border_style=\u00bbsolid\u00bb disabled=\u00bbon\u00bb disabled_on=\u00bbon|on|on\u00bb box_shadow_position_image=\u00bbouter\u00bb pagination_font_size_tablet=\u00bb51&#8243; pagination_line_height_tablet=\u00bb2&#8243; box_shadow_position=\u00bbouter\u00bb \/][et_pb_video _builder_version=\u00bb3.0.51&#8243; disabled=\u00bbon\u00bb disabled_on=\u00bbon|on|on\u00bb \/][\/et_pb_column][\/et_pb_row][\/et_pb_section]<\/p>\n","protected":false},"excerpt":{"rendered":"<p>El pasado mi\u00e9rcoles, 11 de octubre, los cursos de quinto y sexto de primaria partimos en direcci\u00f3n a Elche. Por Alumnos y alumnas de tercer ciclo Nos lanzamos a la aventura Salimos a las 9.15 del cole para emprender un divertido viaje entre canciones e ilusi\u00f3n y, cerca de las 10 de la ma\u00f1ana lleg\u00e1bamos [&hellip;]<\/p>\n","protected":false},"author":8,"featured_media":0,"comment_status":"open","ping_status":"open","sticky":false,"template":"","format":"standard","meta":{"_et_pb_use_builder":"on","_et_pb_old_content":"[et_pb_section bb_built=\"1\" admin_label=\"section\"][et_pb_row admin_label=\"row\" background_position=\"top_left\" background_repeat=\"repeat\" background_size=\"initial\"][et_pb_column type=\"4_4\"][et_pb_text admin_label=\"Entradilla (Texto)\" _builder_version=\"3.0.82\" background_layout=\"light\" text_orientation=\"justified\" text_font=\"|on|||\" border_style=\"solid\" box_shadow_position=\"outer\"]\r\n\r\nEl pasado mi\u00e9rcoles, 11 de octubre, los cursos de quinto y sexto de primaria partimos en direcci\u00f3n a Elche.\r\n\r\n[\/et_pb_text][et_pb_text admin_label=\"Autor (Texto)\" _builder_version=\"3.0.82\" background_layout=\"light\" text_font=\"||on||\" border_style=\"solid\" box_shadow_position=\"outer\"]\r\n\r\n<p>Por<\/p> Alumnos y alumnas de tercer ciclo\r\n\r\n[\/et_pb_text][et_pb_text admin_label=\"Desarrollo (Texto)\" _builder_version=\"3.0.82\" background_layout=\"light\" text_orientation=\"justified\" border_style=\"solid\" box_shadow_position=\"outer\"]\r\n\r\nNos lanzamos a la aventura\r\nSalimos a las 9.15 del cole para emprender un divertido viaje entre canciones e ilusi\u00f3n y, cerca de las 10 de la ma\u00f1ana lleg\u00e1bamos a un inmenso parque que nos dej\u00f3 \u201calucinados\u201d.\r\n El recinto era enorme y estaba coronado por una inmensa torre-tirolina que hizo temblar a los m\u00e1s valientes.\r\n\r\n\tTan solo entrar, nos recibieron unos monitores muy majos. Nos sentamos a almorzar y acto seguido nos dividieron en 4 grupos, uno por curso, para empezar a realizar las 4 actividades que nos ofrec\u00eda el parque: tirolina, tiro con arco, barcas y circuito. Las barcas nos permitieron refrescarnos y aprender a remar. El tiro con arco aunque parec\u00eda f\u00e1cil, no lo era pero los monitores nos ense\u00f1aron a manejarlo con gran seguridad. Para montar los ocho pisos de la tirolina, tuvimos que asegurarnos con una \u201cl\u00ednea de vida\u201d y, conforme sub\u00edamos, m\u00e1s de uno se ech\u00f3 atr\u00e1s, pero la inmensa mayor\u00eda disfrutamos del lanzamiento. El circuito result\u00f3 muy divertido y seguro, tambi\u00e9n \u00edbamos con arn\u00e9s y las pruebas, esta vez a baja altura, eran de equilibrio.\r\n\r\n\tA las dos del mediod\u00eda, partimos en direcci\u00f3n al Palmeral de Elche, un precioso jard\u00edn en el que los m\u00e1s curiosos dimos una vuelta para descubrir este bonito lugar. Despu\u00e9 comimos y realizamos actividades con los monitores de Iberanima. La Gymcana englobaba juegos como \u201c el director de orquesta, el escondite....\u201d y, aunque nos cost\u00f3, tuvimos que despedirnos y montar al autob\u00fas para estar de vuelta a Villena a las 5.\r\n\r\n\tFue un d\u00eda estupendo en el que destacamos la convivencia con nuestros compa\u00f1eros en el Palmeraly la impresionante tirolina que nos hizo temblar a ni\u00f1os y mayores (los profes tambi\u00e9n se tiraron). Ejercicio, amistad y adrenalina...resumen perfectamente nuestro d\u00eda. Repetiremos en familia.\r\n\r\n[\/et_pb_text][et_pb_text admin_label=\"T\u00edtulo: Galer\u00eda de fotos (Texto)\" _builder_version=\"3.0.51\" background_layout=\"light\" text_orientation=\"left\" text_font=\"|on|||\" text_text_color=\"#dc001b\" border_style=\"solid\" disabled=\"on\" disabled_on=\"on|on|on\"]\r\n\r\n<p>Galer\u00eda de im\u00e1genes<\/p>\r\n\r\n[\/et_pb_text][et_pb_gallery _builder_version=\"3.0.51\" posts_number=\"8\" show_title_and_caption=\"off\" show_pagination=\"on\" fullwidth=\"off\" orientation=\"landscape\" zoom_icon_color=\"#dc001b\" hover_overlay_color=\"rgba(255,255,255,0.9)\" hover_icon=\"%%51%%\" background_layout=\"light\" border_style=\"solid\" auto=\"off\" disabled=\"on\" disabled_on=\"on|on|on\" \/][et_pb_video _builder_version=\"3.0.51\" disabled=\"on\" disabled_on=\"on|on|on\" \/][\/et_pb_column][\/et_pb_row][\/et_pb_section]","_et_gb_content_width":"","footnotes":""},"categories":[22],"tags":[],"class_list":["post-4754","post","type-post","status-publish","format-standard","hentry","category-colegio"],"yoast_head":"<!-- This site is optimized with the Yoast SEO plugin v28.3 - https:\/\/yoast.com\/product\/yoast-seo-wordpress\/ -->\n<title>\u00a1A cubierto Elche, que venimos los Salesianos! - Colegio Salesiano M\u00aa Auxiliadora Villena<\/title>\n<meta name=\"robots\" content=\"index, follow, max-snippet:-1, max-image-preview:large, max-video-preview:-1\" \/>\n<link rel=\"canonical\" href=\"https:\/\/villena.salesianos.edu\/colegio\/a-cubierto-elche-que-venimos-los-salesianos\/\" \/>\n<meta property=\"og:locale\" content=\"es_ES\" \/>\n<meta property=\"og:type\" content=\"article\" \/>\n<meta property=\"og:title\" content=\"\u00a1A cubierto Elche, que venimos los Salesianos! - Colegio Salesiano M\u00aa Auxiliadora Villena\" \/>\n<meta property=\"og:description\" content=\"El pasado mi\u00e9rcoles, 11 de octubre, los cursos de quinto y sexto de primaria partimos en direcci\u00f3n a Elche. Por Alumnos y alumnas de tercer ciclo Nos lanzamos a la aventura Salimos a las 9.15 del cole para emprender un divertido viaje entre canciones e ilusi\u00f3n y, cerca de las 10 de la ma\u00f1ana lleg\u00e1bamos [&hellip;]\" \/>\n<meta property=\"og:url\" content=\"https:\/\/villena.salesianos.edu\/colegio\/a-cubierto-elche-que-venimos-los-salesianos\/\" \/>\n<meta property=\"og:site_name\" content=\"Colegio Salesiano M\u00aa Auxiliadora Villena\" \/>\n<meta property=\"article:published_time\" content=\"2017-10-16T17:55:35+00:00\" \/>\n<meta property=\"article:modified_time\" content=\"2017-10-16T20:53:47+00:00\" \/>\n<meta name=\"twitter:card\" content=\"summary_large_image\" \/>\n<meta name=\"twitter:label1\" content=\"Escrito por\" \/>\n\t<meta name=\"twitter:data1\" content=\"\" \/>\n\t<meta name=\"twitter:label2\" content=\"Tiempo de lectura\" \/>\n\t<meta name=\"twitter:data2\" content=\"3 minutos\" \/>\n<script type=\"application\/ld+json\" class=\"yoast-schema-graph\">{\"@context\":\"https:\\\/\\\/schema.org\",\"@graph\":[{\"@type\":\"Article\",\"@id\":\"https:\\\/\\\/villena.salesianos.edu\\\/colegio\\\/a-cubierto-elche-que-venimos-los-salesianos\\\/#article\",\"isPartOf\":{\"@id\":\"https:\\\/\\\/villena.salesianos.edu\\\/colegio\\\/a-cubierto-elche-que-venimos-los-salesianos\\\/\"},\"author\":{\"name\":\"\",\"@id\":\"\"},\"headline\":\"\u00a1A cubierto Elche, que venimos los Salesianos!\",\"datePublished\":\"2017-10-16T17:55:35+00:00\",\"dateModified\":\"2017-10-16T20:53:47+00:00\",\"mainEntityOfPage\":{\"@id\":\"https:\\\/\\\/villena.salesianos.edu\\\/colegio\\\/a-cubierto-elche-que-venimos-los-salesianos\\\/\"},\"wordCount\":596,\"commentCount\":0,\"articleSection\":[\"Colegio\"],\"inLanguage\":\"es\",\"potentialAction\":[{\"@type\":\"CommentAction\",\"name\":\"Comment\",\"target\":[\"https:\\\/\\\/villena.salesianos.edu\\\/colegio\\\/a-cubierto-elche-que-venimos-los-salesianos\\\/#respond\"]}]},{\"@type\":\"WebPage\",\"@id\":\"https:\\\/\\\/villena.salesianos.edu\\\/colegio\\\/a-cubierto-elche-que-venimos-los-salesianos\\\/\",\"url\":\"https:\\\/\\\/villena.salesianos.edu\\\/colegio\\\/a-cubierto-elche-que-venimos-los-salesianos\\\/\",\"name\":\"\u00a1A cubierto Elche, que venimos los Salesianos! - Colegio Salesiano M\u00aa Auxiliadora Villena\",\"isPartOf\":{\"@id\":\"https:\\\/\\\/villena.salesianos.edu\\\/colegio\\\/#website\"},\"datePublished\":\"2017-10-16T17:55:35+00:00\",\"dateModified\":\"2017-10-16T20:53:47+00:00\",\"author\":{\"@id\":\"\"},\"breadcrumb\":{\"@id\":\"https:\\\/\\\/villena.salesianos.edu\\\/colegio\\\/a-cubierto-elche-que-venimos-los-salesianos\\\/#breadcrumb\"},\"inLanguage\":\"es\",\"potentialAction\":[{\"@type\":\"ReadAction\",\"target\":[\"https:\\\/\\\/villena.salesianos.edu\\\/colegio\\\/a-cubierto-elche-que-venimos-los-salesianos\\\/\"]}]},{\"@type\":\"BreadcrumbList\",\"@id\":\"https:\\\/\\\/villena.salesianos.edu\\\/colegio\\\/a-cubierto-elche-que-venimos-los-salesianos\\\/#breadcrumb\",\"itemListElement\":[{\"@type\":\"ListItem\",\"position\":1,\"name\":\"Portada\",\"item\":\"https:\\\/\\\/villena.salesianos.edu\\\/colegio\\\/\"},{\"@type\":\"ListItem\",\"position\":2,\"name\":\"\u00a1A cubierto Elche, que venimos los Salesianos!\"}]},{\"@type\":\"WebSite\",\"@id\":\"https:\\\/\\\/villena.salesianos.edu\\\/colegio\\\/#website\",\"url\":\"https:\\\/\\\/villena.salesianos.edu\\\/colegio\\\/\",\"name\":\"Colegio Salesiano M\u00aa Auxiliadora Villena\",\"description\":\"P\u00e1gina oficial Salesianos Villena\",\"potentialAction\":[{\"@type\":\"SearchAction\",\"target\":{\"@type\":\"EntryPoint\",\"urlTemplate\":\"https:\\\/\\\/villena.salesianos.edu\\\/colegio\\\/?s={search_term_string}\"},\"query-input\":{\"@type\":\"PropertyValueSpecification\",\"valueRequired\":true,\"valueName\":\"search_term_string\"}}],\"inLanguage\":\"es\"},{\"@type\":\"Person\",\"@id\":\"\"}]}<\/script>\n<!-- \/ Yoast SEO plugin. -->","yoast_head_json":{"title":"\u00a1A cubierto Elche, que venimos los Salesianos! - Colegio Salesiano M\u00aa Auxiliadora Villena","robots":{"index":"index","follow":"follow","max-snippet":"max-snippet:-1","max-image-preview":"max-image-preview:large","max-video-preview":"max-video-preview:-1"},"canonical":"https:\/\/villena.salesianos.edu\/colegio\/a-cubierto-elche-que-venimos-los-salesianos\/","og_locale":"es_ES","og_type":"article","og_title":"\u00a1A cubierto Elche, que venimos los Salesianos! - Colegio Salesiano M\u00aa Auxiliadora Villena","og_description":"El pasado mi\u00e9rcoles, 11 de octubre, los cursos de quinto y sexto de primaria partimos en direcci\u00f3n a Elche. Por Alumnos y alumnas de tercer ciclo Nos lanzamos a la aventura Salimos a las 9.15 del cole para emprender un divertido viaje entre canciones e ilusi\u00f3n y, cerca de las 10 de la ma\u00f1ana lleg\u00e1bamos [&hellip;]","og_url":"https:\/\/villena.salesianos.edu\/colegio\/a-cubierto-elche-que-venimos-los-salesianos\/","og_site_name":"Colegio Salesiano M\u00aa Auxiliadora Villena","article_published_time":"2017-10-16T17:55:35+00:00","article_modified_time":"2017-10-16T20:53:47+00:00","twitter_card":"summary_large_image","twitter_misc":{"Escrito por":"","Tiempo de lectura":"3 minutos"},"schema":{"@context":"https:\/\/schema.org","@graph":[{"@type":"Article","@id":"https:\/\/villena.salesianos.edu\/colegio\/a-cubierto-elche-que-venimos-los-salesianos\/#article","isPartOf":{"@id":"https:\/\/villena.salesianos.edu\/colegio\/a-cubierto-elche-que-venimos-los-salesianos\/"},"author":{"name":"","@id":""},"headline":"\u00a1A cubierto Elche, que venimos los Salesianos!","datePublished":"2017-10-16T17:55:35+00:00","dateModified":"2017-10-16T20:53:47+00:00","mainEntityOfPage":{"@id":"https:\/\/villena.salesianos.edu\/colegio\/a-cubierto-elche-que-venimos-los-salesianos\/"},"wordCount":596,"commentCount":0,"articleSection":["Colegio"],"inLanguage":"es","potentialAction":[{"@type":"CommentAction","name":"Comment","target":["https:\/\/villena.salesianos.edu\/colegio\/a-cubierto-elche-que-venimos-los-salesianos\/#respond"]}]},{"@type":"WebPage","@id":"https:\/\/villena.salesianos.edu\/colegio\/a-cubierto-elche-que-venimos-los-salesianos\/","url":"https:\/\/villena.salesianos.edu\/colegio\/a-cubierto-elche-que-venimos-los-salesianos\/","name":"\u00a1A cubierto Elche, que venimos los Salesianos! - Colegio Salesiano M\u00aa Auxiliadora Villena","isPartOf":{"@id":"https:\/\/villena.salesianos.edu\/colegio\/#website"},"datePublished":"2017-10-16T17:55:35+00:00","dateModified":"2017-10-16T20:53:47+00:00","author":{"@id":""},"breadcrumb":{"@id":"https:\/\/villena.salesianos.edu\/colegio\/a-cubierto-elche-que-venimos-los-salesianos\/#breadcrumb"},"inLanguage":"es","potentialAction":[{"@type":"ReadAction","target":["https:\/\/villena.salesianos.edu\/colegio\/a-cubierto-elche-que-venimos-los-salesianos\/"]}]},{"@type":"BreadcrumbList","@id":"https:\/\/villena.salesianos.edu\/colegio\/a-cubierto-elche-que-venimos-los-salesianos\/#breadcrumb","itemListElement":[{"@type":"ListItem","position":1,"name":"Portada","item":"https:\/\/villena.salesianos.edu\/colegio\/"},{"@type":"ListItem","position":2,"name":"\u00a1A cubierto Elche, que venimos los Salesianos!"}]},{"@type":"WebSite","@id":"https:\/\/villena.salesianos.edu\/colegio\/#website","url":"https:\/\/villena.salesianos.edu\/colegio\/","name":"Colegio Salesiano M\u00aa Auxiliadora Villena","description":"P\u00e1gina oficial Salesianos Villena","potentialAction":[{"@type":"SearchAction","target":{"@type":"EntryPoint","urlTemplate":"https:\/\/villena.salesianos.edu\/colegio\/?s={search_term_string}"},"query-input":{"@type":"PropertyValueSpecification","valueRequired":true,"valueName":"search_term_string"}}],"inLanguage":"es"},{"@type":"Person","@id":""}]}},"_links":{"self":[{"href":"https:\/\/villena.salesianos.edu\/colegio\/wp-json\/wp\/v2\/posts\/4754","targetHints":{"allow":["GET"]}}],"collection":[{"href":"https:\/\/villena.salesianos.edu\/colegio\/wp-json\/wp\/v2\/posts"}],"about":[{"href":"https:\/\/villena.salesianos.edu\/colegio\/wp-json\/wp\/v2\/types\/post"}],"author":[{"embeddable":true,"href":"https:\/\/villena.salesianos.edu\/colegio\/wp-json\/wp\/v2\/users\/8"}],"replies":[{"embeddable":true,"href":"https:\/\/villena.salesianos.edu\/colegio\/wp-json\/wp\/v2\/comments?post=4754"}],"version-history":[{"count":4,"href":"https:\/\/villena.salesianos.edu\/colegio\/wp-json\/wp\/v2\/posts\/4754\/revisions"}],"predecessor-version":[{"id":4764,"href":"https:\/\/villena.salesianos.edu\/colegio\/wp-json\/wp\/v2\/posts\/4754\/revisions\/4764"}],"wp:attachment":[{"href":"https:\/\/villena.salesianos.edu\/colegio\/wp-json\/wp\/v2\/media?parent=4754"}],"wp:term":[{"taxonomy":"category","embeddable":true,"href":"https:\/\/villena.salesianos.edu\/colegio\/wp-json\/wp\/v2\/categories?post=4754"},{"taxonomy":"post_tag","embeddable":true,"href":"https:\/\/villena.salesianos.edu\/colegio\/wp-json\/wp\/v2\/tags?post=4754"}],"curies":[{"name":"wp","href":"https:\/\/api.w.org\/{rel}","templated":true}]}}