{"id":4774,"date":"2017-10-19T10:15:59","date_gmt":"2017-10-19T09:15:59","guid":{"rendered":"https:\/\/villena.salesianos.edu\/colegio\/?p=4774"},"modified":"2017-10-19T13:25:22","modified_gmt":"2017-10-19T12:25:22","slug":"grandes-sonrisas-en-el-colegio-de-apadis","status":"publish","type":"post","link":"https:\/\/villena.salesianos.edu\/colegio\/grandes-sonrisas-en-el-colegio-de-apadis\/","title":{"rendered":"GRANDES SONRISAS EN EL COLEGIO DE APADIS"},"content":{"rendered":"<p>[et_pb_section bb_built=\u00bb1&#8243; admin_label=\u00bbsection\u00bb][et_pb_row admin_label=\u00bbrow\u00bb background_position=\u00bbtop_left\u00bb background_repeat=\u00bbrepeat\u00bb background_size=\u00bbinitial\u00bb][et_pb_column type=\u00bb4_4&#8243;][et_pb_text admin_label=\u00bbEntradilla (Texto)\u00bb _builder_version=\u00bb3.0.82&#8243; background_layout=\u00bblight\u00bb text_orientation=\u00bbjustified\u00bb text_font=\u00bb|on|||\u00bb border_style=\u00bbsolid\u00bb box_shadow_position=\u00bbouter\u00bb module_alignment=\u00bbjustified\u00bb]<\/p>\n<p align=\"justify\">LOS NI\u00d1OS DE 3\u00ba DE PRIMARIA VISITAN EL COLEGIO DE APADIS.<\/p>\n<p>[\/et_pb_text][et_pb_text admin_label=\u00bbAutor (Texto)\u00bb _builder_version=\u00bb3.0.82&#8243; background_layout=\u00bblight\u00bb text_font=\u00bb||on||\u00bb border_style=\u00bbsolid\u00bb box_shadow_position=\u00bbouter\u00bb]<\/p>\n<p>Por 3\u00ba Primaria<\/p>\n<p>[\/et_pb_text][et_pb_text admin_label=\u00bbDesarrollo (Texto)\u00bb _builder_version=\u00bb3.0.82&#8243; background_layout=\u00bblight\u00bb text_orientation=\u00bbjustified\u00bb border_style=\u00bbsolid\u00bb box_shadow_position=\u00bbouter\u00bb]<\/p>\n<p align=\"justify\">La ma\u00f1ana del martes, 17 de octubre, qued\u00f3 marcada en el coraz\u00f3n de los ni\u00f1os y ni\u00f1as de 3\u00ba de Primaria. Asistimos al colegio de APADIS para que nos ense\u00f1aran c\u00f3mo trabajan, c\u00f3mo juegan y, sobre todo, c\u00f3mo aprenden estos ni\u00f1os tan especiales. El colegio cuenta con 44 alumnos, cada uno diferente, cada uno con unas necesidades, pero todos con una gran sonrisa.<\/p>\n<p align=\"justify\">Nos ense\u00f1aron cada una de las 7 aulas del colegio, donde los mismos alumnos nos mostraron sus trabajos, qu\u00e9 estudian y c\u00f3mo lo hacen. Sillas especiales para los que no pueden mantener la postura corporal, tablets y c\u00f3digos para los que tienen dificultades en el habla, bicicletas especiales para los que tienen menos movilidad\u2026 Aprendimos que, con alegr\u00eda e ilusi\u00f3n, todos podemos aprender y conseguir lo que nos propongamos. Las dificultades que encontremos por el camino no deben frenarnos.<\/p>\n<p align=\"justify\">Muchas gracias a los ni\u00f1os y a los profesionales del colegio de APADIS por ense\u00f1arnos tanto. Nunca olvidaremos esta experiencia.<\/p>\n<p>&nbsp;<\/p>\n<p>&nbsp;<\/p>\n<p>&nbsp;<\/p>\n<p>&nbsp;<\/p>\n<p>&nbsp;<\/p>\n<p>&nbsp;<\/p>\n<p>&nbsp;<\/p>\n<p>&nbsp;<\/p>\n<p>&nbsp;<\/p>\n<p>[\/et_pb_text][et_pb_text admin_label=\u00bbT\u00edtulo: Galer\u00eda de fotos (Texto)\u00bb _builder_version=\u00bb3.0.51&#8243; background_layout=\u00bblight\u00bb text_orientation=\u00bbleft\u00bb text_font=\u00bb|on|||\u00bb text_text_color=\u00bb#dc001b\u00bb border_style=\u00bbsolid\u00bb disabled=\u00bbon\u00bb disabled_on=\u00bbon|on|on\u00bb module_alignment=\u00bbleft\u00bb]<\/p>\n<p>Galer\u00eda de im\u00e1genes<\/p>\n<p>[\/et_pb_text][et_pb_gallery _builder_version=\u00bb3.0.82&#8243; posts_number=\u00bb8&#8243; show_title_and_caption=\u00bboff\u00bb show_pagination=\u00bbon\u00bb fullwidth=\u00bbon\u00bb orientation=\u00bblandscape\u00bb zoom_icon_color=\u00bb#dc001b\u00bb hover_overlay_color=\u00bbrgba(255,255,255,0.9)\u00bb hover_icon=\u00bb%%51%%\u00bb background_layout=\u00bblight\u00bb border_style=\u00bbsolid\u00bb disabled=\u00bboff\u00bb disabled_on=\u00bboff|off|off\u00bb gallery_ids=\u00bb4784,4785,4786,4787,4788,4789,4790,4791,4792&#8243; box_shadow_position_image=\u00bbouter\u00bb pagination_font_size_tablet=\u00bb51&#8243; pagination_line_height_tablet=\u00bb2&#8243; box_shadow_position=\u00bbouter\u00bb \/][et_pb_video _builder_version=\u00bb3.0.51&#8243; disabled=\u00bbon\u00bb disabled_on=\u00bbon|on|on\u00bb \/][\/et_pb_column][\/et_pb_row][\/et_pb_section]<\/p>\n","protected":false},"excerpt":{"rendered":"<p>LOS NI\u00d1OS DE 3\u00ba DE PRIMARIA VISITAN EL COLEGIO DE APADIS. Por 3\u00ba Primaria La ma\u00f1ana del martes, 17 de octubre, qued\u00f3 marcada en el coraz\u00f3n de los ni\u00f1os y ni\u00f1as de 3\u00ba de Primaria. Asistimos al colegio de APADIS para que nos ense\u00f1aran c\u00f3mo trabajan, c\u00f3mo juegan y, sobre todo, c\u00f3mo aprenden estos ni\u00f1os [&hellip;]<\/p>\n","protected":false},"author":8,"featured_media":0,"comment_status":"open","ping_status":"open","sticky":false,"template":"","format":"standard","meta":{"_et_pb_use_builder":"on","_et_pb_old_content":"","_et_gb_content_width":"","footnotes":""},"categories":[22],"tags":[],"class_list":["post-4774","post","type-post","status-publish","format-standard","hentry","category-colegio"],"yoast_head":"<!-- This site is optimized with the Yoast SEO plugin v28.3 - https:\/\/yoast.com\/product\/yoast-seo-wordpress\/ -->\n<title>GRANDES SONRISAS EN EL COLEGIO DE APADIS - Colegio Salesiano M\u00aa Auxiliadora Villena<\/title>\n<meta name=\"robots\" content=\"index, follow, max-snippet:-1, max-image-preview:large, max-video-preview:-1\" \/>\n<link rel=\"canonical\" href=\"https:\/\/villena.salesianos.edu\/colegio\/grandes-sonrisas-en-el-colegio-de-apadis\/\" \/>\n<meta property=\"og:locale\" content=\"es_ES\" \/>\n<meta property=\"og:type\" content=\"article\" \/>\n<meta property=\"og:title\" content=\"GRANDES SONRISAS EN EL COLEGIO DE APADIS - Colegio Salesiano M\u00aa Auxiliadora Villena\" \/>\n<meta property=\"og:description\" content=\"LOS NI\u00d1OS DE 3\u00ba DE PRIMARIA VISITAN EL COLEGIO DE APADIS. Por 3\u00ba Primaria La ma\u00f1ana del martes, 17 de octubre, qued\u00f3 marcada en el coraz\u00f3n de los ni\u00f1os y ni\u00f1as de 3\u00ba de Primaria. Asistimos al colegio de APADIS para que nos ense\u00f1aran c\u00f3mo trabajan, c\u00f3mo juegan y, sobre todo, c\u00f3mo aprenden estos ni\u00f1os [&hellip;]\" \/>\n<meta property=\"og:url\" content=\"https:\/\/villena.salesianos.edu\/colegio\/grandes-sonrisas-en-el-colegio-de-apadis\/\" \/>\n<meta property=\"og:site_name\" content=\"Colegio Salesiano M\u00aa Auxiliadora Villena\" \/>\n<meta property=\"article:published_time\" content=\"2017-10-19T09:15:59+00:00\" \/>\n<meta property=\"article:modified_time\" content=\"2017-10-19T12:25:22+00:00\" \/>\n<meta name=\"twitter:card\" content=\"summary_large_image\" \/>\n<meta name=\"twitter:label1\" content=\"Escrito por\" \/>\n\t<meta name=\"twitter:data1\" content=\"\" \/>\n\t<meta name=\"twitter:label2\" content=\"Tiempo de lectura\" \/>\n\t<meta name=\"twitter:data2\" content=\"2 minutos\" \/>\n<script type=\"application\/ld+json\" class=\"yoast-schema-graph\">{\"@context\":\"https:\\\/\\\/schema.org\",\"@graph\":[{\"@type\":\"Article\",\"@id\":\"https:\\\/\\\/villena.salesianos.edu\\\/colegio\\\/grandes-sonrisas-en-el-colegio-de-apadis\\\/#article\",\"isPartOf\":{\"@id\":\"https:\\\/\\\/villena.salesianos.edu\\\/colegio\\\/grandes-sonrisas-en-el-colegio-de-apadis\\\/\"},\"author\":{\"name\":\"\",\"@id\":\"\"},\"headline\":\"GRANDES SONRISAS EN EL COLEGIO DE APADIS\",\"datePublished\":\"2017-10-19T09:15:59+00:00\",\"dateModified\":\"2017-10-19T12:25:22+00:00\",\"mainEntityOfPage\":{\"@id\":\"https:\\\/\\\/villena.salesianos.edu\\\/colegio\\\/grandes-sonrisas-en-el-colegio-de-apadis\\\/\"},\"wordCount\":444,\"commentCount\":0,\"articleSection\":[\"Colegio\"],\"inLanguage\":\"es\",\"potentialAction\":[{\"@type\":\"CommentAction\",\"name\":\"Comment\",\"target\":[\"https:\\\/\\\/villena.salesianos.edu\\\/colegio\\\/grandes-sonrisas-en-el-colegio-de-apadis\\\/#respond\"]}]},{\"@type\":\"WebPage\",\"@id\":\"https:\\\/\\\/villena.salesianos.edu\\\/colegio\\\/grandes-sonrisas-en-el-colegio-de-apadis\\\/\",\"url\":\"https:\\\/\\\/villena.salesianos.edu\\\/colegio\\\/grandes-sonrisas-en-el-colegio-de-apadis\\\/\",\"name\":\"GRANDES SONRISAS EN EL COLEGIO DE APADIS - Colegio Salesiano M\u00aa Auxiliadora Villena\",\"isPartOf\":{\"@id\":\"https:\\\/\\\/villena.salesianos.edu\\\/colegio\\\/#website\"},\"datePublished\":\"2017-10-19T09:15:59+00:00\",\"dateModified\":\"2017-10-19T12:25:22+00:00\",\"author\":{\"@id\":\"\"},\"breadcrumb\":{\"@id\":\"https:\\\/\\\/villena.salesianos.edu\\\/colegio\\\/grandes-sonrisas-en-el-colegio-de-apadis\\\/#breadcrumb\"},\"inLanguage\":\"es\",\"potentialAction\":[{\"@type\":\"ReadAction\",\"target\":[\"https:\\\/\\\/villena.salesianos.edu\\\/colegio\\\/grandes-sonrisas-en-el-colegio-de-apadis\\\/\"]}]},{\"@type\":\"BreadcrumbList\",\"@id\":\"https:\\\/\\\/villena.salesianos.edu\\\/colegio\\\/grandes-sonrisas-en-el-colegio-de-apadis\\\/#breadcrumb\",\"itemListElement\":[{\"@type\":\"ListItem\",\"position\":1,\"name\":\"Portada\",\"item\":\"https:\\\/\\\/villena.salesianos.edu\\\/colegio\\\/\"},{\"@type\":\"ListItem\",\"position\":2,\"name\":\"GRANDES SONRISAS EN EL COLEGIO DE APADIS\"}]},{\"@type\":\"WebSite\",\"@id\":\"https:\\\/\\\/villena.salesianos.edu\\\/colegio\\\/#website\",\"url\":\"https:\\\/\\\/villena.salesianos.edu\\\/colegio\\\/\",\"name\":\"Colegio Salesiano M\u00aa Auxiliadora Villena\",\"description\":\"P\u00e1gina oficial Salesianos Villena\",\"potentialAction\":[{\"@type\":\"SearchAction\",\"target\":{\"@type\":\"EntryPoint\",\"urlTemplate\":\"https:\\\/\\\/villena.salesianos.edu\\\/colegio\\\/?s={search_term_string}\"},\"query-input\":{\"@type\":\"PropertyValueSpecification\",\"valueRequired\":true,\"valueName\":\"search_term_string\"}}],\"inLanguage\":\"es\"},{\"@type\":\"Person\",\"@id\":\"\"}]}<\/script>\n<!-- \/ Yoast SEO plugin. -->","yoast_head_json":{"title":"GRANDES SONRISAS EN EL COLEGIO DE APADIS - Colegio Salesiano M\u00aa Auxiliadora Villena","robots":{"index":"index","follow":"follow","max-snippet":"max-snippet:-1","max-image-preview":"max-image-preview:large","max-video-preview":"max-video-preview:-1"},"canonical":"https:\/\/villena.salesianos.edu\/colegio\/grandes-sonrisas-en-el-colegio-de-apadis\/","og_locale":"es_ES","og_type":"article","og_title":"GRANDES SONRISAS EN EL COLEGIO DE APADIS - Colegio Salesiano M\u00aa Auxiliadora Villena","og_description":"LOS NI\u00d1OS DE 3\u00ba DE PRIMARIA VISITAN EL COLEGIO DE APADIS. Por 3\u00ba Primaria La ma\u00f1ana del martes, 17 de octubre, qued\u00f3 marcada en el coraz\u00f3n de los ni\u00f1os y ni\u00f1as de 3\u00ba de Primaria. Asistimos al colegio de APADIS para que nos ense\u00f1aran c\u00f3mo trabajan, c\u00f3mo juegan y, sobre todo, c\u00f3mo aprenden estos ni\u00f1os [&hellip;]","og_url":"https:\/\/villena.salesianos.edu\/colegio\/grandes-sonrisas-en-el-colegio-de-apadis\/","og_site_name":"Colegio Salesiano M\u00aa Auxiliadora Villena","article_published_time":"2017-10-19T09:15:59+00:00","article_modified_time":"2017-10-19T12:25:22+00:00","twitter_card":"summary_large_image","twitter_misc":{"Escrito por":"","Tiempo de lectura":"2 minutos"},"schema":{"@context":"https:\/\/schema.org","@graph":[{"@type":"Article","@id":"https:\/\/villena.salesianos.edu\/colegio\/grandes-sonrisas-en-el-colegio-de-apadis\/#article","isPartOf":{"@id":"https:\/\/villena.salesianos.edu\/colegio\/grandes-sonrisas-en-el-colegio-de-apadis\/"},"author":{"name":"","@id":""},"headline":"GRANDES SONRISAS EN EL COLEGIO DE APADIS","datePublished":"2017-10-19T09:15:59+00:00","dateModified":"2017-10-19T12:25:22+00:00","mainEntityOfPage":{"@id":"https:\/\/villena.salesianos.edu\/colegio\/grandes-sonrisas-en-el-colegio-de-apadis\/"},"wordCount":444,"commentCount":0,"articleSection":["Colegio"],"inLanguage":"es","potentialAction":[{"@type":"CommentAction","name":"Comment","target":["https:\/\/villena.salesianos.edu\/colegio\/grandes-sonrisas-en-el-colegio-de-apadis\/#respond"]}]},{"@type":"WebPage","@id":"https:\/\/villena.salesianos.edu\/colegio\/grandes-sonrisas-en-el-colegio-de-apadis\/","url":"https:\/\/villena.salesianos.edu\/colegio\/grandes-sonrisas-en-el-colegio-de-apadis\/","name":"GRANDES SONRISAS EN EL COLEGIO DE APADIS - Colegio Salesiano M\u00aa Auxiliadora Villena","isPartOf":{"@id":"https:\/\/villena.salesianos.edu\/colegio\/#website"},"datePublished":"2017-10-19T09:15:59+00:00","dateModified":"2017-10-19T12:25:22+00:00","author":{"@id":""},"breadcrumb":{"@id":"https:\/\/villena.salesianos.edu\/colegio\/grandes-sonrisas-en-el-colegio-de-apadis\/#breadcrumb"},"inLanguage":"es","potentialAction":[{"@type":"ReadAction","target":["https:\/\/villena.salesianos.edu\/colegio\/grandes-sonrisas-en-el-colegio-de-apadis\/"]}]},{"@type":"BreadcrumbList","@id":"https:\/\/villena.salesianos.edu\/colegio\/grandes-sonrisas-en-el-colegio-de-apadis\/#breadcrumb","itemListElement":[{"@type":"ListItem","position":1,"name":"Portada","item":"https:\/\/villena.salesianos.edu\/colegio\/"},{"@type":"ListItem","position":2,"name":"GRANDES SONRISAS EN EL COLEGIO DE APADIS"}]},{"@type":"WebSite","@id":"https:\/\/villena.salesianos.edu\/colegio\/#website","url":"https:\/\/villena.salesianos.edu\/colegio\/","name":"Colegio Salesiano M\u00aa Auxiliadora Villena","description":"P\u00e1gina oficial Salesianos Villena","potentialAction":[{"@type":"SearchAction","target":{"@type":"EntryPoint","urlTemplate":"https:\/\/villena.salesianos.edu\/colegio\/?s={search_term_string}"},"query-input":{"@type":"PropertyValueSpecification","valueRequired":true,"valueName":"search_term_string"}}],"inLanguage":"es"},{"@type":"Person","@id":""}]}},"_links":{"self":[{"href":"https:\/\/villena.salesianos.edu\/colegio\/wp-json\/wp\/v2\/posts\/4774","targetHints":{"allow":["GET"]}}],"collection":[{"href":"https:\/\/villena.salesianos.edu\/colegio\/wp-json\/wp\/v2\/posts"}],"about":[{"href":"https:\/\/villena.salesianos.edu\/colegio\/wp-json\/wp\/v2\/types\/post"}],"author":[{"embeddable":true,"href":"https:\/\/villena.salesianos.edu\/colegio\/wp-json\/wp\/v2\/users\/8"}],"replies":[{"embeddable":true,"href":"https:\/\/villena.salesianos.edu\/colegio\/wp-json\/wp\/v2\/comments?post=4774"}],"version-history":[{"count":4,"href":"https:\/\/villena.salesianos.edu\/colegio\/wp-json\/wp\/v2\/posts\/4774\/revisions"}],"predecessor-version":[{"id":4805,"href":"https:\/\/villena.salesianos.edu\/colegio\/wp-json\/wp\/v2\/posts\/4774\/revisions\/4805"}],"wp:attachment":[{"href":"https:\/\/villena.salesianos.edu\/colegio\/wp-json\/wp\/v2\/media?parent=4774"}],"wp:term":[{"taxonomy":"category","embeddable":true,"href":"https:\/\/villena.salesianos.edu\/colegio\/wp-json\/wp\/v2\/categories?post=4774"},{"taxonomy":"post_tag","embeddable":true,"href":"https:\/\/villena.salesianos.edu\/colegio\/wp-json\/wp\/v2\/tags?post=4774"}],"curies":[{"name":"wp","href":"https:\/\/api.w.org\/{rel}","templated":true}]}}