{"id":4857,"date":"2017-10-24T12:01:05","date_gmt":"2017-10-24T11:01:05","guid":{"rendered":"https:\/\/villena.salesianos.edu\/colegio\/?p=4857"},"modified":"2017-10-24T21:55:12","modified_gmt":"2017-10-24T20:55:12","slug":"nombramiento-de-tutores-t-e-i-de-5o-primaria","status":"publish","type":"post","link":"https:\/\/villena.salesianos.edu\/colegio\/nombramiento-de-tutores-t-e-i-de-5o-primaria\/","title":{"rendered":"NOMBRAMIENTO DE TUTORES T.E.I. DE 5\u00ba PRIMARIA"},"content":{"rendered":"<p>[et_pb_section bb_built=\u00bb1&#8243; admin_label=\u00bbsection\u00bb][et_pb_row admin_label=\u00bbrow\u00bb background_position=\u00bbtop_left\u00bb background_repeat=\u00bbrepeat\u00bb background_size=\u00bbinitial\u00bb][et_pb_column type=\u00bb4_4&#8243;][et_pb_text admin_label=\u00bbEntradilla (Texto)\u00bb _builder_version=\u00bb3.0.82&#8243; background_layout=\u00bblight\u00bb text_orientation=\u00bbjustified\u00bb text_font=\u00bb|on|||\u00bb border_style=\u00bbsolid\u00bb box_shadow_position=\u00bbouter\u00bb module_alignment=\u00bbjustified\u00bb]<\/p>\n<p><strong>Este a\u00f1o seguimos afianzando en el colegio el Programa TEI (Tutor\u00eda Entre Iguales).\u00a0 <\/strong><\/p>\n<p>[\/et_pb_text][et_pb_text admin_label=\u00bbAutor (Texto)\u00bb _builder_version=\u00bb3.0.82&#8243; background_layout=\u00bblight\u00bb text_font=\u00bb||on||\u00bb border_style=\u00bbsolid\u00bb box_shadow_position=\u00bbouter\u00bb]<\/p>\n<p>Por Equipo TEI<\/p>\n<p>[\/et_pb_text][et_pb_text admin_label=\u00bbDesarrollo (Texto)\u00bb _builder_version=\u00bb3.0.82&#8243; background_layout=\u00bblight\u00bb text_orientation=\u00bbjustified\u00bb border_style=\u00bbsolid\u00bb box_shadow_position=\u00bbouter\u00bb module_alignment=\u00bbjustified\u00bb]<\/p>\n<p><strong>Es un programa de prevenci\u00f3n del acoso escolar y de la mejora de la convivencia.\u00a0 Uno de los objetivos principales es que en nuestro centro reine la TOLERANCIA CERO a todas esas situaciones de violencia verbal, f\u00edsica&#8230;<\/strong><\/p>\n<p>&nbsp;<\/p>\n<p>Todos nuestros chicos y chicas de 5\u00ba de Primaria del colegio firmaron un contrato de compromiso por el que se responsabilizaban a tutorizar a los de 3\u00ba de Primaria.\u00a0 Se han formado para ello, y seguir\u00e1n haci\u00e9ndolo durante todo el curso, y hoy se les reconoce y se les agradece con su diploma y su carnet TEI acreditativos el que hayan dicho aceptado este reto.\u00a0 El Director del centro, D. Rafael Hern\u00e1ndez, ha sido el encargado de entregarlos, realzando la importancia que este evento tiene.<\/p>\n<p>Este mismo viernes, en otro acto del Programa, conocer\u00e1n a sus tutorizados.\u00a0 Ah\u00ed comenzar\u00e1 de forma pr\u00e1ctica esta andadura.<\/p>\n<p>&nbsp;<\/p>\n<p>EQUIPO TEI<\/p>\n<p>[\/et_pb_text][et_pb_text admin_label=\u00bbT\u00edtulo: Galer\u00eda de fotos (Texto)\u00bb _builder_version=\u00bb3.0.51&#8243; background_layout=\u00bblight\u00bb text_orientation=\u00bbleft\u00bb text_font=\u00bb|on|||\u00bb text_text_color=\u00bb#dc001b\u00bb border_style=\u00bbsolid\u00bb disabled=\u00bbon\u00bb disabled_on=\u00bbon|on|on\u00bb module_alignment=\u00bbleft\u00bb]<\/p>\n<p>Galer\u00eda de im\u00e1genes<\/p>\n<p>[\/et_pb_text][et_pb_gallery _builder_version=\u00bb3.0.82&#8243; posts_number=\u00bb10&#8243; show_title_and_caption=\u00bboff\u00bb show_pagination=\u00bbon\u00bb fullwidth=\u00bboff\u00bb orientation=\u00bblandscape\u00bb zoom_icon_color=\u00bb#dc001b\u00bb hover_overlay_color=\u00bbrgba(255,255,255,0.9)\u00bb hover_icon=\u00bb%%51%%\u00bb background_layout=\u00bblight\u00bb border_style=\u00bbsolid\u00bb disabled=\u00bboff\u00bb disabled_on=\u00bboff|off|off\u00bb gallery_ids=\u00bb4858,4859,4860,4861,4862,4863,4864,4865,4866&#8243; box_shadow_position_image=\u00bbouter\u00bb pagination_font_size_tablet=\u00bb51&#8243; pagination_line_height_tablet=\u00bb2&#8243; box_shadow_position=\u00bbouter\u00bb \/][et_pb_video _builder_version=\u00bb3.0.51&#8243; disabled=\u00bbon\u00bb disabled_on=\u00bbon|on|on\u00bb \/][\/et_pb_column][\/et_pb_row][\/et_pb_section]<\/p>\n","protected":false},"excerpt":{"rendered":"<p>Este a\u00f1o seguimos afianzando en el colegio el Programa TEI (Tutor\u00eda Entre Iguales).\u00a0 Por Equipo TEI Es un programa de prevenci\u00f3n del acoso escolar y de la mejora de la convivencia.\u00a0 Uno de los objetivos principales es que en nuestro centro reine la TOLERANCIA CERO a todas esas situaciones de violencia verbal, f\u00edsica&#8230; &nbsp; Todos [&hellip;]<\/p>\n","protected":false},"author":8,"featured_media":0,"comment_status":"open","ping_status":"open","sticky":false,"template":"","format":"standard","meta":{"_et_pb_use_builder":"on","_et_pb_old_content":"","_et_gb_content_width":"","footnotes":""},"categories":[22,25],"tags":[],"class_list":["post-4857","post","type-post","status-publish","format-standard","hentry","category-colegio","category-primaria"],"yoast_head":"<!-- This site is optimized with the Yoast SEO plugin v28.3 - https:\/\/yoast.com\/product\/yoast-seo-wordpress\/ -->\n<title>NOMBRAMIENTO DE TUTORES T.E.I. DE 5\u00ba PRIMARIA - Colegio Salesiano M\u00aa Auxiliadora Villena<\/title>\n<meta name=\"robots\" content=\"index, follow, max-snippet:-1, max-image-preview:large, max-video-preview:-1\" \/>\n<link rel=\"canonical\" href=\"https:\/\/villena.salesianos.edu\/colegio\/nombramiento-de-tutores-t-e-i-de-5o-primaria\/\" \/>\n<meta property=\"og:locale\" content=\"es_ES\" \/>\n<meta property=\"og:type\" content=\"article\" \/>\n<meta property=\"og:title\" content=\"NOMBRAMIENTO DE TUTORES T.E.I. DE 5\u00ba PRIMARIA - Colegio Salesiano M\u00aa Auxiliadora Villena\" \/>\n<meta property=\"og:description\" content=\"Este a\u00f1o seguimos afianzando en el colegio el Programa TEI (Tutor\u00eda Entre Iguales).\u00a0 Por Equipo TEI Es un programa de prevenci\u00f3n del acoso escolar y de la mejora de la convivencia.\u00a0 Uno de los objetivos principales es que en nuestro centro reine la TOLERANCIA CERO a todas esas situaciones de violencia verbal, f\u00edsica... &nbsp; Todos [&hellip;]\" \/>\n<meta property=\"og:url\" content=\"https:\/\/villena.salesianos.edu\/colegio\/nombramiento-de-tutores-t-e-i-de-5o-primaria\/\" \/>\n<meta property=\"og:site_name\" content=\"Colegio Salesiano M\u00aa Auxiliadora Villena\" \/>\n<meta property=\"article:published_time\" content=\"2017-10-24T11:01:05+00:00\" \/>\n<meta property=\"article:modified_time\" content=\"2017-10-24T20:55:12+00:00\" \/>\n<meta name=\"twitter:card\" content=\"summary_large_image\" \/>\n<meta name=\"twitter:label1\" content=\"Escrito por\" \/>\n\t<meta name=\"twitter:data1\" content=\"\" \/>\n\t<meta name=\"twitter:label2\" content=\"Tiempo de lectura\" \/>\n\t<meta name=\"twitter:data2\" content=\"2 minutos\" \/>\n<script type=\"application\/ld+json\" class=\"yoast-schema-graph\">{\"@context\":\"https:\\\/\\\/schema.org\",\"@graph\":[{\"@type\":\"Article\",\"@id\":\"https:\\\/\\\/villena.salesianos.edu\\\/colegio\\\/nombramiento-de-tutores-t-e-i-de-5o-primaria\\\/#article\",\"isPartOf\":{\"@id\":\"https:\\\/\\\/villena.salesianos.edu\\\/colegio\\\/nombramiento-de-tutores-t-e-i-de-5o-primaria\\\/\"},\"author\":{\"name\":\"\",\"@id\":\"\"},\"headline\":\"NOMBRAMIENTO DE TUTORES T.E.I. DE 5\u00ba PRIMARIA\",\"datePublished\":\"2017-10-24T11:01:05+00:00\",\"dateModified\":\"2017-10-24T20:55:12+00:00\",\"mainEntityOfPage\":{\"@id\":\"https:\\\/\\\/villena.salesianos.edu\\\/colegio\\\/nombramiento-de-tutores-t-e-i-de-5o-primaria\\\/\"},\"wordCount\":420,\"commentCount\":0,\"articleSection\":[\"Colegio\",\"Primaria\"],\"inLanguage\":\"es\",\"potentialAction\":[{\"@type\":\"CommentAction\",\"name\":\"Comment\",\"target\":[\"https:\\\/\\\/villena.salesianos.edu\\\/colegio\\\/nombramiento-de-tutores-t-e-i-de-5o-primaria\\\/#respond\"]}]},{\"@type\":\"WebPage\",\"@id\":\"https:\\\/\\\/villena.salesianos.edu\\\/colegio\\\/nombramiento-de-tutores-t-e-i-de-5o-primaria\\\/\",\"url\":\"https:\\\/\\\/villena.salesianos.edu\\\/colegio\\\/nombramiento-de-tutores-t-e-i-de-5o-primaria\\\/\",\"name\":\"NOMBRAMIENTO DE TUTORES T.E.I. DE 5\u00ba PRIMARIA - Colegio Salesiano M\u00aa Auxiliadora Villena\",\"isPartOf\":{\"@id\":\"https:\\\/\\\/villena.salesianos.edu\\\/colegio\\\/#website\"},\"datePublished\":\"2017-10-24T11:01:05+00:00\",\"dateModified\":\"2017-10-24T20:55:12+00:00\",\"author\":{\"@id\":\"\"},\"breadcrumb\":{\"@id\":\"https:\\\/\\\/villena.salesianos.edu\\\/colegio\\\/nombramiento-de-tutores-t-e-i-de-5o-primaria\\\/#breadcrumb\"},\"inLanguage\":\"es\",\"potentialAction\":[{\"@type\":\"ReadAction\",\"target\":[\"https:\\\/\\\/villena.salesianos.edu\\\/colegio\\\/nombramiento-de-tutores-t-e-i-de-5o-primaria\\\/\"]}]},{\"@type\":\"BreadcrumbList\",\"@id\":\"https:\\\/\\\/villena.salesianos.edu\\\/colegio\\\/nombramiento-de-tutores-t-e-i-de-5o-primaria\\\/#breadcrumb\",\"itemListElement\":[{\"@type\":\"ListItem\",\"position\":1,\"name\":\"Portada\",\"item\":\"https:\\\/\\\/villena.salesianos.edu\\\/colegio\\\/\"},{\"@type\":\"ListItem\",\"position\":2,\"name\":\"NOMBRAMIENTO DE TUTORES T.E.I. DE 5\u00ba PRIMARIA\"}]},{\"@type\":\"WebSite\",\"@id\":\"https:\\\/\\\/villena.salesianos.edu\\\/colegio\\\/#website\",\"url\":\"https:\\\/\\\/villena.salesianos.edu\\\/colegio\\\/\",\"name\":\"Colegio Salesiano M\u00aa Auxiliadora Villena\",\"description\":\"P\u00e1gina oficial Salesianos Villena\",\"potentialAction\":[{\"@type\":\"SearchAction\",\"target\":{\"@type\":\"EntryPoint\",\"urlTemplate\":\"https:\\\/\\\/villena.salesianos.edu\\\/colegio\\\/?s={search_term_string}\"},\"query-input\":{\"@type\":\"PropertyValueSpecification\",\"valueRequired\":true,\"valueName\":\"search_term_string\"}}],\"inLanguage\":\"es\"},{\"@type\":\"Person\",\"@id\":\"\"}]}<\/script>\n<!-- \/ Yoast SEO plugin. -->","yoast_head_json":{"title":"NOMBRAMIENTO DE TUTORES T.E.I. DE 5\u00ba PRIMARIA - Colegio Salesiano M\u00aa Auxiliadora Villena","robots":{"index":"index","follow":"follow","max-snippet":"max-snippet:-1","max-image-preview":"max-image-preview:large","max-video-preview":"max-video-preview:-1"},"canonical":"https:\/\/villena.salesianos.edu\/colegio\/nombramiento-de-tutores-t-e-i-de-5o-primaria\/","og_locale":"es_ES","og_type":"article","og_title":"NOMBRAMIENTO DE TUTORES T.E.I. DE 5\u00ba PRIMARIA - Colegio Salesiano M\u00aa Auxiliadora Villena","og_description":"Este a\u00f1o seguimos afianzando en el colegio el Programa TEI (Tutor\u00eda Entre Iguales).\u00a0 Por Equipo TEI Es un programa de prevenci\u00f3n del acoso escolar y de la mejora de la convivencia.\u00a0 Uno de los objetivos principales es que en nuestro centro reine la TOLERANCIA CERO a todas esas situaciones de violencia verbal, f\u00edsica... &nbsp; Todos [&hellip;]","og_url":"https:\/\/villena.salesianos.edu\/colegio\/nombramiento-de-tutores-t-e-i-de-5o-primaria\/","og_site_name":"Colegio Salesiano M\u00aa Auxiliadora Villena","article_published_time":"2017-10-24T11:01:05+00:00","article_modified_time":"2017-10-24T20:55:12+00:00","twitter_card":"summary_large_image","twitter_misc":{"Escrito por":"","Tiempo de lectura":"2 minutos"},"schema":{"@context":"https:\/\/schema.org","@graph":[{"@type":"Article","@id":"https:\/\/villena.salesianos.edu\/colegio\/nombramiento-de-tutores-t-e-i-de-5o-primaria\/#article","isPartOf":{"@id":"https:\/\/villena.salesianos.edu\/colegio\/nombramiento-de-tutores-t-e-i-de-5o-primaria\/"},"author":{"name":"","@id":""},"headline":"NOMBRAMIENTO DE TUTORES T.E.I. DE 5\u00ba PRIMARIA","datePublished":"2017-10-24T11:01:05+00:00","dateModified":"2017-10-24T20:55:12+00:00","mainEntityOfPage":{"@id":"https:\/\/villena.salesianos.edu\/colegio\/nombramiento-de-tutores-t-e-i-de-5o-primaria\/"},"wordCount":420,"commentCount":0,"articleSection":["Colegio","Primaria"],"inLanguage":"es","potentialAction":[{"@type":"CommentAction","name":"Comment","target":["https:\/\/villena.salesianos.edu\/colegio\/nombramiento-de-tutores-t-e-i-de-5o-primaria\/#respond"]}]},{"@type":"WebPage","@id":"https:\/\/villena.salesianos.edu\/colegio\/nombramiento-de-tutores-t-e-i-de-5o-primaria\/","url":"https:\/\/villena.salesianos.edu\/colegio\/nombramiento-de-tutores-t-e-i-de-5o-primaria\/","name":"NOMBRAMIENTO DE TUTORES T.E.I. DE 5\u00ba PRIMARIA - Colegio Salesiano M\u00aa Auxiliadora Villena","isPartOf":{"@id":"https:\/\/villena.salesianos.edu\/colegio\/#website"},"datePublished":"2017-10-24T11:01:05+00:00","dateModified":"2017-10-24T20:55:12+00:00","author":{"@id":""},"breadcrumb":{"@id":"https:\/\/villena.salesianos.edu\/colegio\/nombramiento-de-tutores-t-e-i-de-5o-primaria\/#breadcrumb"},"inLanguage":"es","potentialAction":[{"@type":"ReadAction","target":["https:\/\/villena.salesianos.edu\/colegio\/nombramiento-de-tutores-t-e-i-de-5o-primaria\/"]}]},{"@type":"BreadcrumbList","@id":"https:\/\/villena.salesianos.edu\/colegio\/nombramiento-de-tutores-t-e-i-de-5o-primaria\/#breadcrumb","itemListElement":[{"@type":"ListItem","position":1,"name":"Portada","item":"https:\/\/villena.salesianos.edu\/colegio\/"},{"@type":"ListItem","position":2,"name":"NOMBRAMIENTO DE TUTORES T.E.I. DE 5\u00ba PRIMARIA"}]},{"@type":"WebSite","@id":"https:\/\/villena.salesianos.edu\/colegio\/#website","url":"https:\/\/villena.salesianos.edu\/colegio\/","name":"Colegio Salesiano M\u00aa Auxiliadora Villena","description":"P\u00e1gina oficial Salesianos Villena","potentialAction":[{"@type":"SearchAction","target":{"@type":"EntryPoint","urlTemplate":"https:\/\/villena.salesianos.edu\/colegio\/?s={search_term_string}"},"query-input":{"@type":"PropertyValueSpecification","valueRequired":true,"valueName":"search_term_string"}}],"inLanguage":"es"},{"@type":"Person","@id":""}]}},"_links":{"self":[{"href":"https:\/\/villena.salesianos.edu\/colegio\/wp-json\/wp\/v2\/posts\/4857","targetHints":{"allow":["GET"]}}],"collection":[{"href":"https:\/\/villena.salesianos.edu\/colegio\/wp-json\/wp\/v2\/posts"}],"about":[{"href":"https:\/\/villena.salesianos.edu\/colegio\/wp-json\/wp\/v2\/types\/post"}],"author":[{"embeddable":true,"href":"https:\/\/villena.salesianos.edu\/colegio\/wp-json\/wp\/v2\/users\/8"}],"replies":[{"embeddable":true,"href":"https:\/\/villena.salesianos.edu\/colegio\/wp-json\/wp\/v2\/comments?post=4857"}],"version-history":[{"count":2,"href":"https:\/\/villena.salesianos.edu\/colegio\/wp-json\/wp\/v2\/posts\/4857\/revisions"}],"predecessor-version":[{"id":4868,"href":"https:\/\/villena.salesianos.edu\/colegio\/wp-json\/wp\/v2\/posts\/4857\/revisions\/4868"}],"wp:attachment":[{"href":"https:\/\/villena.salesianos.edu\/colegio\/wp-json\/wp\/v2\/media?parent=4857"}],"wp:term":[{"taxonomy":"category","embeddable":true,"href":"https:\/\/villena.salesianos.edu\/colegio\/wp-json\/wp\/v2\/categories?post=4857"},{"taxonomy":"post_tag","embeddable":true,"href":"https:\/\/villena.salesianos.edu\/colegio\/wp-json\/wp\/v2\/tags?post=4857"}],"curies":[{"name":"wp","href":"https:\/\/api.w.org\/{rel}","templated":true}]}}