{"id":5023,"date":"2017-10-30T00:38:30","date_gmt":"2017-10-29T23:38:30","guid":{"rendered":"https:\/\/villena.salesianos.edu\/colegio\/?p=5023"},"modified":"2017-10-30T00:38:30","modified_gmt":"2017-10-29T23:38:30","slug":"jornadas-de-estilo-salesiano-2017","status":"publish","type":"post","link":"https:\/\/villena.salesianos.edu\/colegio\/jornadas-de-estilo-salesiano-2017\/","title":{"rendered":"Jornadas de Estilo Salesiano 2017"},"content":{"rendered":"<p>[et_pb_section bb_built=\u00bb1&#8243; _builder_version=\u00bb3.0.82&#8243;][et_pb_row _builder_version=\u00bb3.0.82&#8243;][et_pb_column type=\u00bb4_4&#8243;][et_pb_text _builder_version=\u00bb3.0.82&#8243; background_layout=\u00bblight\u00bb border_style=\u00bbsolid\u00bb box_shadow_position=\u00bbouter\u00bb]<\/p>\n<p>Desde el 24 hasta el 26 de octubre nuestros nuevos docentes, Ana Mart\u00ednez Robles y Andr\u00e9s S\u00e1ez Jover, acudieron a Godelleta a las jornadas de Estilo Salesiano donde coincidieron con m\u00e1s educadores de otras casas salesianas. En estas jornadas, aparte de recibir una formaci\u00f3n completa, pudieron intercambiar muchas experiencias con ponentes tales como: Pablo G\u00f3mez, Jose Joaqu\u00edn G\u00f3mez Palacios, Pablo Viudes y Jose Luis Navarro. Todo ello coordinado por Luis Miguel Notario Redondo, apostando fuerte por el valor que tiene la formaci\u00f3n de calidad.<\/p>\n<p>[\/et_pb_text][et_pb_text _builder_version=\u00bb3.0.82&#8243; background_layout=\u00bblight\u00bb border_style=\u00bbsolid\u00bb box_shadow_position=\u00bbouter\u00bb]<\/p>\n<p><em>Por Equpipo de Comunicaci\u00f3n Social y Marketing<\/em><\/p>\n<p>[\/et_pb_text][et_pb_image _builder_version=\u00bb3.0.82&#8243; src=\u00bbhttps:\/\/villena.salesianos.edu\/colegio\/wp-content\/uploads\/sites\/3\/2017\/10\/20171025_134805_opt.jpg\u00bb show_in_lightbox=\u00bboff\u00bb url_new_window=\u00bboff\u00bb use_overlay=\u00bboff\u00bb always_center_on_mobile=\u00bbon\u00bb border_style=\u00bbsolid\u00bb force_fullwidth=\u00bboff\u00bb show_bottom_space=\u00bbon\u00bb box_shadow_position=\u00bbouter\u00bb \/][\/et_pb_column][\/et_pb_row][\/et_pb_section]<\/p>\n","protected":false},"excerpt":{"rendered":"<p>Desde el 24 hasta el 26 de octubre nuestros nuevos docentes, Ana Mart\u00ednez Robles y Andr\u00e9s S\u00e1ez Jover, acudieron a Godelleta a las jornadas de Estilo Salesiano donde coincidieron con m\u00e1s educadores de otras casas salesianas. En estas jornadas, aparte de recibir una formaci\u00f3n completa, pudieron intercambiar muchas experiencias con ponentes tales como: Pablo G\u00f3mez, [&hellip;]<\/p>\n","protected":false},"author":10,"featured_media":5025,"comment_status":"open","ping_status":"open","sticky":false,"template":"","format":"standard","meta":{"_et_pb_use_builder":"on","_et_pb_old_content":"<p>[et_pb_section bb_built=\"1\" _builder_version=\"3.0.82\"][et_pb_row _builder_version=\"3.0.82\"][et_pb_column type=\"4_4\"][et_pb_text _builder_version=\"3.0.82\" background_layout=\"light\" border_style=\"solid\" box_shadow_position=\"outer\"]<\/p><p>Desde el 24 hasta el 26 de octubre nuestros nuevos docentes, Ana Mart\u00ednez Robles y Andr\u00e9s S\u00e1ez Jover, acudieron a Godelleta a las jornadas de Estilo Salesiano donde coincidieron con m\u00e1s educadores de otras casas salesianas. En estas jornadas, aparte de recibir una formaci\u00f3n completa, pudieron intercambiar muchas experiencias con ponentes tales como: Pablo G\u00f3mez, Jose Joaqu\u00edn G\u00f3mez Palacios, Pablo Viudes y Jose Luis Navarro. Todo ello coordinado por Luis Miguel Notario Redondo, apostando fuerte por el valor que tiene la formaci\u00f3n de calidad.<\/p><p>[\/et_pb_text][\/et_pb_column][\/et_pb_row][et_pb_row _builder_version=\"3.0.82\"][et_pb_column type=\"4_4\"][et_pb_image _builder_version=\"3.0.82\" \/][\/et_pb_column][\/et_pb_row][\/et_pb_section]<\/p>","_et_gb_content_width":"","footnotes":""},"categories":[22,23,25,26],"tags":[],"class_list":["post-5023","post","type-post","status-publish","format-standard","has-post-thumbnail","hentry","category-colegio","category-infantil","category-primaria","category-secundaria"],"yoast_head":"<!-- This site is optimized with the Yoast SEO plugin v28.3 - https:\/\/yoast.com\/product\/yoast-seo-wordpress\/ -->\n<title>Jornadas de Estilo Salesiano 2017 - Colegio Salesiano M\u00aa Auxiliadora Villena<\/title>\n<meta name=\"robots\" content=\"index, follow, max-snippet:-1, max-image-preview:large, max-video-preview:-1\" \/>\n<link rel=\"canonical\" href=\"https:\/\/villena.salesianos.edu\/colegio\/jornadas-de-estilo-salesiano-2017\/\" \/>\n<meta property=\"og:locale\" content=\"es_ES\" \/>\n<meta property=\"og:type\" content=\"article\" \/>\n<meta property=\"og:title\" content=\"Jornadas de Estilo Salesiano 2017 - Colegio Salesiano M\u00aa Auxiliadora Villena\" \/>\n<meta property=\"og:description\" content=\"Desde el 24 hasta el 26 de octubre nuestros nuevos docentes, Ana Mart\u00ednez Robles y Andr\u00e9s S\u00e1ez Jover, acudieron a Godelleta a las jornadas de Estilo Salesiano donde coincidieron con m\u00e1s educadores de otras casas salesianas. En estas jornadas, aparte de recibir una formaci\u00f3n completa, pudieron intercambiar muchas experiencias con ponentes tales como: Pablo G\u00f3mez, [&hellip;]\" \/>\n<meta property=\"og:url\" content=\"https:\/\/villena.salesianos.edu\/colegio\/jornadas-de-estilo-salesiano-2017\/\" \/>\n<meta property=\"og:site_name\" content=\"Colegio Salesiano M\u00aa Auxiliadora Villena\" \/>\n<meta property=\"article:published_time\" content=\"2017-10-29T23:38:30+00:00\" \/>\n<meta property=\"og:image\" content=\"https:\/\/villena.salesianos.edu\/colegio\/wp-content\/uploads\/sites\/3\/2017\/10\/20171025_134805_opt.jpg\" \/>\n\t<meta property=\"og:image:width\" content=\"400\" \/>\n\t<meta property=\"og:image:height\" content=\"300\" \/>\n\t<meta property=\"og:image:type\" content=\"image\/jpeg\" \/>\n<meta name=\"twitter:card\" content=\"summary_large_image\" \/>\n<meta name=\"twitter:label1\" content=\"Escrito por\" \/>\n\t<meta name=\"twitter:data1\" content=\"\" \/>\n\t<meta name=\"twitter:label2\" content=\"Tiempo de lectura\" \/>\n\t<meta name=\"twitter:data2\" content=\"1 minuto\" \/>\n<script type=\"application\/ld+json\" class=\"yoast-schema-graph\">{\"@context\":\"https:\\\/\\\/schema.org\",\"@graph\":[{\"@type\":\"Article\",\"@id\":\"https:\\\/\\\/villena.salesianos.edu\\\/colegio\\\/jornadas-de-estilo-salesiano-2017\\\/#article\",\"isPartOf\":{\"@id\":\"https:\\\/\\\/villena.salesianos.edu\\\/colegio\\\/jornadas-de-estilo-salesiano-2017\\\/\"},\"author\":{\"name\":\"\",\"@id\":\"\"},\"headline\":\"Jornadas de Estilo Salesiano 2017\",\"datePublished\":\"2017-10-29T23:38:30+00:00\",\"mainEntityOfPage\":{\"@id\":\"https:\\\/\\\/villena.salesianos.edu\\\/colegio\\\/jornadas-de-estilo-salesiano-2017\\\/\"},\"wordCount\":210,\"commentCount\":0,\"image\":{\"@id\":\"https:\\\/\\\/villena.salesianos.edu\\\/colegio\\\/jornadas-de-estilo-salesiano-2017\\\/#primaryimage\"},\"thumbnailUrl\":\"https:\\\/\\\/villena.salesianos.edu\\\/colegio\\\/wp-content\\\/uploads\\\/sites\\\/3\\\/2017\\\/10\\\/20171025_134805_opt.jpg\",\"articleSection\":[\"Colegio\",\"Infantil\",\"Primaria\",\"Secundaria\"],\"inLanguage\":\"es\",\"potentialAction\":[{\"@type\":\"CommentAction\",\"name\":\"Comment\",\"target\":[\"https:\\\/\\\/villena.salesianos.edu\\\/colegio\\\/jornadas-de-estilo-salesiano-2017\\\/#respond\"]}]},{\"@type\":\"WebPage\",\"@id\":\"https:\\\/\\\/villena.salesianos.edu\\\/colegio\\\/jornadas-de-estilo-salesiano-2017\\\/\",\"url\":\"https:\\\/\\\/villena.salesianos.edu\\\/colegio\\\/jornadas-de-estilo-salesiano-2017\\\/\",\"name\":\"Jornadas de Estilo Salesiano 2017 - Colegio Salesiano M\u00aa Auxiliadora Villena\",\"isPartOf\":{\"@id\":\"https:\\\/\\\/villena.salesianos.edu\\\/colegio\\\/#website\"},\"primaryImageOfPage\":{\"@id\":\"https:\\\/\\\/villena.salesianos.edu\\\/colegio\\\/jornadas-de-estilo-salesiano-2017\\\/#primaryimage\"},\"image\":{\"@id\":\"https:\\\/\\\/villena.salesianos.edu\\\/colegio\\\/jornadas-de-estilo-salesiano-2017\\\/#primaryimage\"},\"thumbnailUrl\":\"https:\\\/\\\/villena.salesianos.edu\\\/colegio\\\/wp-content\\\/uploads\\\/sites\\\/3\\\/2017\\\/10\\\/20171025_134805_opt.jpg\",\"datePublished\":\"2017-10-29T23:38:30+00:00\",\"author\":{\"@id\":\"\"},\"breadcrumb\":{\"@id\":\"https:\\\/\\\/villena.salesianos.edu\\\/colegio\\\/jornadas-de-estilo-salesiano-2017\\\/#breadcrumb\"},\"inLanguage\":\"es\",\"potentialAction\":[{\"@type\":\"ReadAction\",\"target\":[\"https:\\\/\\\/villena.salesianos.edu\\\/colegio\\\/jornadas-de-estilo-salesiano-2017\\\/\"]}]},{\"@type\":\"ImageObject\",\"inLanguage\":\"es\",\"@id\":\"https:\\\/\\\/villena.salesianos.edu\\\/colegio\\\/jornadas-de-estilo-salesiano-2017\\\/#primaryimage\",\"url\":\"https:\\\/\\\/villena.salesianos.edu\\\/colegio\\\/wp-content\\\/uploads\\\/sites\\\/3\\\/2017\\\/10\\\/20171025_134805_opt.jpg\",\"contentUrl\":\"https:\\\/\\\/villena.salesianos.edu\\\/colegio\\\/wp-content\\\/uploads\\\/sites\\\/3\\\/2017\\\/10\\\/20171025_134805_opt.jpg\",\"width\":400,\"height\":300},{\"@type\":\"BreadcrumbList\",\"@id\":\"https:\\\/\\\/villena.salesianos.edu\\\/colegio\\\/jornadas-de-estilo-salesiano-2017\\\/#breadcrumb\",\"itemListElement\":[{\"@type\":\"ListItem\",\"position\":1,\"name\":\"Portada\",\"item\":\"https:\\\/\\\/villena.salesianos.edu\\\/colegio\\\/\"},{\"@type\":\"ListItem\",\"position\":2,\"name\":\"Jornadas de Estilo Salesiano 2017\"}]},{\"@type\":\"WebSite\",\"@id\":\"https:\\\/\\\/villena.salesianos.edu\\\/colegio\\\/#website\",\"url\":\"https:\\\/\\\/villena.salesianos.edu\\\/colegio\\\/\",\"name\":\"Colegio Salesiano M\u00aa Auxiliadora Villena\",\"description\":\"P\u00e1gina oficial Salesianos Villena\",\"potentialAction\":[{\"@type\":\"SearchAction\",\"target\":{\"@type\":\"EntryPoint\",\"urlTemplate\":\"https:\\\/\\\/villena.salesianos.edu\\\/colegio\\\/?s={search_term_string}\"},\"query-input\":{\"@type\":\"PropertyValueSpecification\",\"valueRequired\":true,\"valueName\":\"search_term_string\"}}],\"inLanguage\":\"es\"},{\"@type\":\"Person\",\"@id\":\"\"}]}<\/script>\n<!-- \/ Yoast SEO plugin. -->","yoast_head_json":{"title":"Jornadas de Estilo Salesiano 2017 - Colegio Salesiano M\u00aa Auxiliadora Villena","robots":{"index":"index","follow":"follow","max-snippet":"max-snippet:-1","max-image-preview":"max-image-preview:large","max-video-preview":"max-video-preview:-1"},"canonical":"https:\/\/villena.salesianos.edu\/colegio\/jornadas-de-estilo-salesiano-2017\/","og_locale":"es_ES","og_type":"article","og_title":"Jornadas de Estilo Salesiano 2017 - Colegio Salesiano M\u00aa Auxiliadora Villena","og_description":"Desde el 24 hasta el 26 de octubre nuestros nuevos docentes, Ana Mart\u00ednez Robles y Andr\u00e9s S\u00e1ez Jover, acudieron a Godelleta a las jornadas de Estilo Salesiano donde coincidieron con m\u00e1s educadores de otras casas salesianas. En estas jornadas, aparte de recibir una formaci\u00f3n completa, pudieron intercambiar muchas experiencias con ponentes tales como: Pablo G\u00f3mez, [&hellip;]","og_url":"https:\/\/villena.salesianos.edu\/colegio\/jornadas-de-estilo-salesiano-2017\/","og_site_name":"Colegio Salesiano M\u00aa Auxiliadora Villena","article_published_time":"2017-10-29T23:38:30+00:00","og_image":[{"width":400,"height":300,"url":"https:\/\/villena.salesianos.edu\/colegio\/wp-content\/uploads\/sites\/3\/2017\/10\/20171025_134805_opt.jpg","type":"image\/jpeg"}],"twitter_card":"summary_large_image","twitter_misc":{"Escrito por":"","Tiempo de lectura":"1 minuto"},"schema":{"@context":"https:\/\/schema.org","@graph":[{"@type":"Article","@id":"https:\/\/villena.salesianos.edu\/colegio\/jornadas-de-estilo-salesiano-2017\/#article","isPartOf":{"@id":"https:\/\/villena.salesianos.edu\/colegio\/jornadas-de-estilo-salesiano-2017\/"},"author":{"name":"","@id":""},"headline":"Jornadas de Estilo Salesiano 2017","datePublished":"2017-10-29T23:38:30+00:00","mainEntityOfPage":{"@id":"https:\/\/villena.salesianos.edu\/colegio\/jornadas-de-estilo-salesiano-2017\/"},"wordCount":210,"commentCount":0,"image":{"@id":"https:\/\/villena.salesianos.edu\/colegio\/jornadas-de-estilo-salesiano-2017\/#primaryimage"},"thumbnailUrl":"https:\/\/villena.salesianos.edu\/colegio\/wp-content\/uploads\/sites\/3\/2017\/10\/20171025_134805_opt.jpg","articleSection":["Colegio","Infantil","Primaria","Secundaria"],"inLanguage":"es","potentialAction":[{"@type":"CommentAction","name":"Comment","target":["https:\/\/villena.salesianos.edu\/colegio\/jornadas-de-estilo-salesiano-2017\/#respond"]}]},{"@type":"WebPage","@id":"https:\/\/villena.salesianos.edu\/colegio\/jornadas-de-estilo-salesiano-2017\/","url":"https:\/\/villena.salesianos.edu\/colegio\/jornadas-de-estilo-salesiano-2017\/","name":"Jornadas de Estilo Salesiano 2017 - Colegio Salesiano M\u00aa Auxiliadora Villena","isPartOf":{"@id":"https:\/\/villena.salesianos.edu\/colegio\/#website"},"primaryImageOfPage":{"@id":"https:\/\/villena.salesianos.edu\/colegio\/jornadas-de-estilo-salesiano-2017\/#primaryimage"},"image":{"@id":"https:\/\/villena.salesianos.edu\/colegio\/jornadas-de-estilo-salesiano-2017\/#primaryimage"},"thumbnailUrl":"https:\/\/villena.salesianos.edu\/colegio\/wp-content\/uploads\/sites\/3\/2017\/10\/20171025_134805_opt.jpg","datePublished":"2017-10-29T23:38:30+00:00","author":{"@id":""},"breadcrumb":{"@id":"https:\/\/villena.salesianos.edu\/colegio\/jornadas-de-estilo-salesiano-2017\/#breadcrumb"},"inLanguage":"es","potentialAction":[{"@type":"ReadAction","target":["https:\/\/villena.salesianos.edu\/colegio\/jornadas-de-estilo-salesiano-2017\/"]}]},{"@type":"ImageObject","inLanguage":"es","@id":"https:\/\/villena.salesianos.edu\/colegio\/jornadas-de-estilo-salesiano-2017\/#primaryimage","url":"https:\/\/villena.salesianos.edu\/colegio\/wp-content\/uploads\/sites\/3\/2017\/10\/20171025_134805_opt.jpg","contentUrl":"https:\/\/villena.salesianos.edu\/colegio\/wp-content\/uploads\/sites\/3\/2017\/10\/20171025_134805_opt.jpg","width":400,"height":300},{"@type":"BreadcrumbList","@id":"https:\/\/villena.salesianos.edu\/colegio\/jornadas-de-estilo-salesiano-2017\/#breadcrumb","itemListElement":[{"@type":"ListItem","position":1,"name":"Portada","item":"https:\/\/villena.salesianos.edu\/colegio\/"},{"@type":"ListItem","position":2,"name":"Jornadas de Estilo Salesiano 2017"}]},{"@type":"WebSite","@id":"https:\/\/villena.salesianos.edu\/colegio\/#website","url":"https:\/\/villena.salesianos.edu\/colegio\/","name":"Colegio Salesiano M\u00aa Auxiliadora Villena","description":"P\u00e1gina oficial Salesianos Villena","potentialAction":[{"@type":"SearchAction","target":{"@type":"EntryPoint","urlTemplate":"https:\/\/villena.salesianos.edu\/colegio\/?s={search_term_string}"},"query-input":{"@type":"PropertyValueSpecification","valueRequired":true,"valueName":"search_term_string"}}],"inLanguage":"es"},{"@type":"Person","@id":""}]}},"_links":{"self":[{"href":"https:\/\/villena.salesianos.edu\/colegio\/wp-json\/wp\/v2\/posts\/5023","targetHints":{"allow":["GET"]}}],"collection":[{"href":"https:\/\/villena.salesianos.edu\/colegio\/wp-json\/wp\/v2\/posts"}],"about":[{"href":"https:\/\/villena.salesianos.edu\/colegio\/wp-json\/wp\/v2\/types\/post"}],"author":[{"embeddable":true,"href":"https:\/\/villena.salesianos.edu\/colegio\/wp-json\/wp\/v2\/users\/10"}],"replies":[{"embeddable":true,"href":"https:\/\/villena.salesianos.edu\/colegio\/wp-json\/wp\/v2\/comments?post=5023"}],"version-history":[{"count":1,"href":"https:\/\/villena.salesianos.edu\/colegio\/wp-json\/wp\/v2\/posts\/5023\/revisions"}],"predecessor-version":[{"id":5027,"href":"https:\/\/villena.salesianos.edu\/colegio\/wp-json\/wp\/v2\/posts\/5023\/revisions\/5027"}],"wp:featuredmedia":[{"embeddable":true,"href":"https:\/\/villena.salesianos.edu\/colegio\/wp-json\/wp\/v2\/media\/5025"}],"wp:attachment":[{"href":"https:\/\/villena.salesianos.edu\/colegio\/wp-json\/wp\/v2\/media?parent=5023"}],"wp:term":[{"taxonomy":"category","embeddable":true,"href":"https:\/\/villena.salesianos.edu\/colegio\/wp-json\/wp\/v2\/categories?post=5023"},{"taxonomy":"post_tag","embeddable":true,"href":"https:\/\/villena.salesianos.edu\/colegio\/wp-json\/wp\/v2\/tags?post=5023"}],"curies":[{"name":"wp","href":"https:\/\/api.w.org\/{rel}","templated":true}]}}