{"id":5079,"date":"2017-11-05T10:29:46","date_gmt":"2017-11-05T09:29:46","guid":{"rendered":"https:\/\/villena.salesianos.edu\/colegio\/?p=5079"},"modified":"2017-11-06T10:12:10","modified_gmt":"2017-11-06T09:12:10","slug":"tarde-de-reencuentro-con-nuestra-pareja-tei-en-primaria","status":"publish","type":"post","link":"https:\/\/villena.salesianos.edu\/colegio\/tarde-de-reencuentro-con-nuestra-pareja-tei-en-primaria\/","title":{"rendered":"TARDE DE REENCUENTRO CON NUESTRA PAREJA TEI EN PRIMARIA"},"content":{"rendered":"<p>[et_pb_section bb_built=\u00bb1&#8243; admin_label=\u00bbsection\u00bb][et_pb_row admin_label=\u00bbrow\u00bb background_position=\u00bbtop_left\u00bb background_repeat=\u00bbrepeat\u00bb background_size=\u00bbinitial\u00bb][et_pb_column type=\u00bb4_4&#8243;][et_pb_text admin_label=\u00bbEntradilla (Texto)\u00bb _builder_version=\u00bb3.0.82&#8243; background_layout=\u00bblight\u00bb text_orientation=\u00bbjustified\u00bb text_font=\u00bb|on|||\u00bb border_style=\u00bbsolid\u00bb box_shadow_position=\u00bbouter\u00bb]<\/p>\n<p>Para los alumnos de 4\u00ba y 6\u00ba ha sido un aut\u00e9ntico reencuentro.<\/p>\n<p>[\/et_pb_text][et_pb_text admin_label=\u00bbAutor (Texto)\u00bb _builder_version=\u00bb3.0.82&#8243; background_layout=\u00bblight\u00bb text_font=\u00bb||on||\u00bb border_style=\u00bbsolid\u00bb box_shadow_position=\u00bbouter\u00bb]<\/p>\n<p>Por Equipo TEI<\/p>\n<p>[\/et_pb_text][et_pb_text admin_label=\u00bbDesarrollo (Texto)\u00bb _builder_version=\u00bb3.0.82&#8243; background_layout=\u00bblight\u00bb text_orientation=\u00bbjustified\u00bb border_style=\u00bbsolid\u00bb box_shadow_position=\u00bbouter\u00bb]<\/p>\n<p>No se ve\u00edan desde junio y ya se echaban de menos. Saludos, abrazos, sonrisas\u2026 Juntos han realizado \u201cun abrazo\u201d dibujando los brazos de cada uno y escribiendo en ellos las cualidades de su pareja.<\/p>\n<p>Para los alumnos de 3\u00ba y 5\u00ba era un momento emocionante. Tras conocerse la semana pasada, hoy tocaba hacer la primera actividad juntos. Y hemos querido empezar con buen pie, haciendo un KOLAM. Desde hace cientos de a\u00f1os, en la India, cuando se levanta el sol cada ma\u00f1ana, las mujeres decoran la entrada de su casa haciendo un \u00abKolam\u00bb.\u00a0Se trata de unos dibujos geom\u00e9tricos hechos con polvo de arroz, sal, tiza, hojas secas de los \u00e1rboles o cualquier cosa que tengan a mano. Con este dibujo, dan la bienvenida a sus casas a los dioses hind\u00faes, y as\u00ed protegen el hogar, atraen suerte y prosperidad&#8230; Si se esfuerzan en hacer un buen kolam, el d\u00eda solo podr\u00e1 traer cosas buenas. Y cosas buenas es lo que nos va a traer este curso con el programa TEI que ya est\u00e1 funcionando.<\/p>\n<p>Hemos pasado una tarde muy divertida y hemos aprovechado para conocernos un poco m\u00e1s. \u00a1Cu\u00e1ntas cosas vamos a hacer juntos!<\/p>\n<p>[\/et_pb_text][et_pb_text admin_label=\u00bbT\u00edtulo: Galer\u00eda de fotos (Texto)\u00bb _builder_version=\u00bb3.0.51&#8243; background_layout=\u00bblight\u00bb text_orientation=\u00bbleft\u00bb text_font=\u00bb|on|||\u00bb text_text_color=\u00bb#dc001b\u00bb border_style=\u00bbsolid\u00bb disabled=\u00bbon\u00bb disabled_on=\u00bbon|on|on\u00bb]<\/p>\n<p>Galer\u00eda de im\u00e1genes<\/p>\n<p>[\/et_pb_text][et_pb_gallery _builder_version=\u00bb3.0.82&#8243; posts_number=\u00bb10&#8243; show_title_and_caption=\u00bboff\u00bb show_pagination=\u00bbon\u00bb fullwidth=\u00bboff\u00bb orientation=\u00bblandscape\u00bb zoom_icon_color=\u00bb#dc001b\u00bb hover_overlay_color=\u00bbrgba(255,255,255,0.9)\u00bb hover_icon=\u00bb%%51%%\u00bb background_layout=\u00bblight\u00bb border_style=\u00bbsolid\u00bb disabled=\u00bboff\u00bb disabled_on=\u00bboff|off|off\u00bb gallery_ids=\u00bb5080,5081,5082,5083,5084,5085,5086,5088,5089,5090&#8243; box_shadow_position_image=\u00bbouter\u00bb pagination_font_size_tablet=\u00bb51&#8243; pagination_line_height_tablet=\u00bb2&#8243; box_shadow_position=\u00bbouter\u00bb \/][et_pb_video _builder_version=\u00bb3.0.51&#8243; disabled=\u00bbon\u00bb disabled_on=\u00bbon|on|on\u00bb \/][\/et_pb_column][\/et_pb_row][\/et_pb_section]<\/p>\n","protected":false},"excerpt":{"rendered":"<p>Para los alumnos de 4\u00ba y 6\u00ba ha sido un aut\u00e9ntico reencuentro. Por Equipo TEI No se ve\u00edan desde junio y ya se echaban de menos. Saludos, abrazos, sonrisas\u2026 Juntos han realizado \u201cun abrazo\u201d dibujando los brazos de cada uno y escribiendo en ellos las cualidades de su pareja. Para los alumnos de 3\u00ba y [&hellip;]<\/p>\n","protected":false},"author":8,"featured_media":5083,"comment_status":"open","ping_status":"open","sticky":false,"template":"","format":"standard","meta":{"_et_pb_use_builder":"on","_et_pb_old_content":"","_et_gb_content_width":"","footnotes":""},"categories":[22,25],"tags":[],"class_list":["post-5079","post","type-post","status-publish","format-standard","has-post-thumbnail","hentry","category-colegio","category-primaria"],"yoast_head":"<!-- This site is optimized with the Yoast SEO plugin v28.3 - https:\/\/yoast.com\/product\/yoast-seo-wordpress\/ -->\n<title>TARDE DE REENCUENTRO CON NUESTRA PAREJA TEI EN PRIMARIA - Colegio Salesiano M\u00aa Auxiliadora Villena<\/title>\n<meta name=\"robots\" content=\"index, follow, max-snippet:-1, max-image-preview:large, max-video-preview:-1\" \/>\n<link rel=\"canonical\" href=\"https:\/\/villena.salesianos.edu\/colegio\/tarde-de-reencuentro-con-nuestra-pareja-tei-en-primaria\/\" \/>\n<meta property=\"og:locale\" content=\"es_ES\" \/>\n<meta property=\"og:type\" content=\"article\" \/>\n<meta property=\"og:title\" content=\"TARDE DE REENCUENTRO CON NUESTRA PAREJA TEI EN PRIMARIA - Colegio Salesiano M\u00aa Auxiliadora Villena\" \/>\n<meta property=\"og:description\" content=\"Para los alumnos de 4\u00ba y 6\u00ba ha sido un aut\u00e9ntico reencuentro. Por Equipo TEI No se ve\u00edan desde junio y ya se echaban de menos. Saludos, abrazos, sonrisas\u2026 Juntos han realizado \u201cun abrazo\u201d dibujando los brazos de cada uno y escribiendo en ellos las cualidades de su pareja. Para los alumnos de 3\u00ba y [&hellip;]\" \/>\n<meta property=\"og:url\" content=\"https:\/\/villena.salesianos.edu\/colegio\/tarde-de-reencuentro-con-nuestra-pareja-tei-en-primaria\/\" \/>\n<meta property=\"og:site_name\" content=\"Colegio Salesiano M\u00aa Auxiliadora Villena\" \/>\n<meta property=\"article:published_time\" content=\"2017-11-05T09:29:46+00:00\" \/>\n<meta property=\"article:modified_time\" content=\"2017-11-06T09:12:10+00:00\" \/>\n<meta property=\"og:image\" content=\"https:\/\/villena.salesianos.edu\/colegio\/wp-content\/uploads\/sites\/3\/2017\/11\/IMG-20171103-WA0008.jpg\" \/>\n\t<meta property=\"og:image:width\" content=\"1600\" \/>\n\t<meta property=\"og:image:height\" content=\"1200\" \/>\n\t<meta property=\"og:image:type\" content=\"image\/jpeg\" \/>\n<meta name=\"twitter:card\" content=\"summary_large_image\" \/>\n<meta name=\"twitter:label1\" content=\"Escrito por\" \/>\n\t<meta name=\"twitter:data1\" content=\"\" \/>\n\t<meta name=\"twitter:label2\" content=\"Tiempo de lectura\" \/>\n\t<meta name=\"twitter:data2\" content=\"2 minutos\" \/>\n<script type=\"application\/ld+json\" class=\"yoast-schema-graph\">{\"@context\":\"https:\\\/\\\/schema.org\",\"@graph\":[{\"@type\":\"Article\",\"@id\":\"https:\\\/\\\/villena.salesianos.edu\\\/colegio\\\/tarde-de-reencuentro-con-nuestra-pareja-tei-en-primaria\\\/#article\",\"isPartOf\":{\"@id\":\"https:\\\/\\\/villena.salesianos.edu\\\/colegio\\\/tarde-de-reencuentro-con-nuestra-pareja-tei-en-primaria\\\/\"},\"author\":{\"name\":\"\",\"@id\":\"\"},\"headline\":\"TARDE DE REENCUENTRO CON NUESTRA PAREJA TEI EN PRIMARIA\",\"datePublished\":\"2017-11-05T09:29:46+00:00\",\"dateModified\":\"2017-11-06T09:12:10+00:00\",\"mainEntityOfPage\":{\"@id\":\"https:\\\/\\\/villena.salesianos.edu\\\/colegio\\\/tarde-de-reencuentro-con-nuestra-pareja-tei-en-primaria\\\/\"},\"wordCount\":459,\"commentCount\":0,\"image\":{\"@id\":\"https:\\\/\\\/villena.salesianos.edu\\\/colegio\\\/tarde-de-reencuentro-con-nuestra-pareja-tei-en-primaria\\\/#primaryimage\"},\"thumbnailUrl\":\"https:\\\/\\\/villena.salesianos.edu\\\/colegio\\\/wp-content\\\/uploads\\\/sites\\\/3\\\/2017\\\/11\\\/IMG-20171103-WA0008.jpg\",\"articleSection\":[\"Colegio\",\"Primaria\"],\"inLanguage\":\"es\",\"potentialAction\":[{\"@type\":\"CommentAction\",\"name\":\"Comment\",\"target\":[\"https:\\\/\\\/villena.salesianos.edu\\\/colegio\\\/tarde-de-reencuentro-con-nuestra-pareja-tei-en-primaria\\\/#respond\"]}]},{\"@type\":\"WebPage\",\"@id\":\"https:\\\/\\\/villena.salesianos.edu\\\/colegio\\\/tarde-de-reencuentro-con-nuestra-pareja-tei-en-primaria\\\/\",\"url\":\"https:\\\/\\\/villena.salesianos.edu\\\/colegio\\\/tarde-de-reencuentro-con-nuestra-pareja-tei-en-primaria\\\/\",\"name\":\"TARDE DE REENCUENTRO CON NUESTRA PAREJA TEI EN PRIMARIA - Colegio Salesiano M\u00aa Auxiliadora Villena\",\"isPartOf\":{\"@id\":\"https:\\\/\\\/villena.salesianos.edu\\\/colegio\\\/#website\"},\"primaryImageOfPage\":{\"@id\":\"https:\\\/\\\/villena.salesianos.edu\\\/colegio\\\/tarde-de-reencuentro-con-nuestra-pareja-tei-en-primaria\\\/#primaryimage\"},\"image\":{\"@id\":\"https:\\\/\\\/villena.salesianos.edu\\\/colegio\\\/tarde-de-reencuentro-con-nuestra-pareja-tei-en-primaria\\\/#primaryimage\"},\"thumbnailUrl\":\"https:\\\/\\\/villena.salesianos.edu\\\/colegio\\\/wp-content\\\/uploads\\\/sites\\\/3\\\/2017\\\/11\\\/IMG-20171103-WA0008.jpg\",\"datePublished\":\"2017-11-05T09:29:46+00:00\",\"dateModified\":\"2017-11-06T09:12:10+00:00\",\"author\":{\"@id\":\"\"},\"breadcrumb\":{\"@id\":\"https:\\\/\\\/villena.salesianos.edu\\\/colegio\\\/tarde-de-reencuentro-con-nuestra-pareja-tei-en-primaria\\\/#breadcrumb\"},\"inLanguage\":\"es\",\"potentialAction\":[{\"@type\":\"ReadAction\",\"target\":[\"https:\\\/\\\/villena.salesianos.edu\\\/colegio\\\/tarde-de-reencuentro-con-nuestra-pareja-tei-en-primaria\\\/\"]}]},{\"@type\":\"ImageObject\",\"inLanguage\":\"es\",\"@id\":\"https:\\\/\\\/villena.salesianos.edu\\\/colegio\\\/tarde-de-reencuentro-con-nuestra-pareja-tei-en-primaria\\\/#primaryimage\",\"url\":\"https:\\\/\\\/villena.salesianos.edu\\\/colegio\\\/wp-content\\\/uploads\\\/sites\\\/3\\\/2017\\\/11\\\/IMG-20171103-WA0008.jpg\",\"contentUrl\":\"https:\\\/\\\/villena.salesianos.edu\\\/colegio\\\/wp-content\\\/uploads\\\/sites\\\/3\\\/2017\\\/11\\\/IMG-20171103-WA0008.jpg\",\"width\":1600,\"height\":1200},{\"@type\":\"BreadcrumbList\",\"@id\":\"https:\\\/\\\/villena.salesianos.edu\\\/colegio\\\/tarde-de-reencuentro-con-nuestra-pareja-tei-en-primaria\\\/#breadcrumb\",\"itemListElement\":[{\"@type\":\"ListItem\",\"position\":1,\"name\":\"Portada\",\"item\":\"https:\\\/\\\/villena.salesianos.edu\\\/colegio\\\/\"},{\"@type\":\"ListItem\",\"position\":2,\"name\":\"TARDE DE REENCUENTRO CON NUESTRA PAREJA TEI EN PRIMARIA\"}]},{\"@type\":\"WebSite\",\"@id\":\"https:\\\/\\\/villena.salesianos.edu\\\/colegio\\\/#website\",\"url\":\"https:\\\/\\\/villena.salesianos.edu\\\/colegio\\\/\",\"name\":\"Colegio Salesiano M\u00aa Auxiliadora Villena\",\"description\":\"P\u00e1gina oficial Salesianos Villena\",\"potentialAction\":[{\"@type\":\"SearchAction\",\"target\":{\"@type\":\"EntryPoint\",\"urlTemplate\":\"https:\\\/\\\/villena.salesianos.edu\\\/colegio\\\/?s={search_term_string}\"},\"query-input\":{\"@type\":\"PropertyValueSpecification\",\"valueRequired\":true,\"valueName\":\"search_term_string\"}}],\"inLanguage\":\"es\"},{\"@type\":\"Person\",\"@id\":\"\"}]}<\/script>\n<!-- \/ Yoast SEO plugin. -->","yoast_head_json":{"title":"TARDE DE REENCUENTRO CON NUESTRA PAREJA TEI EN PRIMARIA - Colegio Salesiano M\u00aa Auxiliadora Villena","robots":{"index":"index","follow":"follow","max-snippet":"max-snippet:-1","max-image-preview":"max-image-preview:large","max-video-preview":"max-video-preview:-1"},"canonical":"https:\/\/villena.salesianos.edu\/colegio\/tarde-de-reencuentro-con-nuestra-pareja-tei-en-primaria\/","og_locale":"es_ES","og_type":"article","og_title":"TARDE DE REENCUENTRO CON NUESTRA PAREJA TEI EN PRIMARIA - Colegio Salesiano M\u00aa Auxiliadora Villena","og_description":"Para los alumnos de 4\u00ba y 6\u00ba ha sido un aut\u00e9ntico reencuentro. Por Equipo TEI No se ve\u00edan desde junio y ya se echaban de menos. Saludos, abrazos, sonrisas\u2026 Juntos han realizado \u201cun abrazo\u201d dibujando los brazos de cada uno y escribiendo en ellos las cualidades de su pareja. Para los alumnos de 3\u00ba y [&hellip;]","og_url":"https:\/\/villena.salesianos.edu\/colegio\/tarde-de-reencuentro-con-nuestra-pareja-tei-en-primaria\/","og_site_name":"Colegio Salesiano M\u00aa Auxiliadora Villena","article_published_time":"2017-11-05T09:29:46+00:00","article_modified_time":"2017-11-06T09:12:10+00:00","og_image":[{"width":1600,"height":1200,"url":"https:\/\/villena.salesianos.edu\/colegio\/wp-content\/uploads\/sites\/3\/2017\/11\/IMG-20171103-WA0008.jpg","type":"image\/jpeg"}],"twitter_card":"summary_large_image","twitter_misc":{"Escrito por":"","Tiempo de lectura":"2 minutos"},"schema":{"@context":"https:\/\/schema.org","@graph":[{"@type":"Article","@id":"https:\/\/villena.salesianos.edu\/colegio\/tarde-de-reencuentro-con-nuestra-pareja-tei-en-primaria\/#article","isPartOf":{"@id":"https:\/\/villena.salesianos.edu\/colegio\/tarde-de-reencuentro-con-nuestra-pareja-tei-en-primaria\/"},"author":{"name":"","@id":""},"headline":"TARDE DE REENCUENTRO CON NUESTRA PAREJA TEI EN PRIMARIA","datePublished":"2017-11-05T09:29:46+00:00","dateModified":"2017-11-06T09:12:10+00:00","mainEntityOfPage":{"@id":"https:\/\/villena.salesianos.edu\/colegio\/tarde-de-reencuentro-con-nuestra-pareja-tei-en-primaria\/"},"wordCount":459,"commentCount":0,"image":{"@id":"https:\/\/villena.salesianos.edu\/colegio\/tarde-de-reencuentro-con-nuestra-pareja-tei-en-primaria\/#primaryimage"},"thumbnailUrl":"https:\/\/villena.salesianos.edu\/colegio\/wp-content\/uploads\/sites\/3\/2017\/11\/IMG-20171103-WA0008.jpg","articleSection":["Colegio","Primaria"],"inLanguage":"es","potentialAction":[{"@type":"CommentAction","name":"Comment","target":["https:\/\/villena.salesianos.edu\/colegio\/tarde-de-reencuentro-con-nuestra-pareja-tei-en-primaria\/#respond"]}]},{"@type":"WebPage","@id":"https:\/\/villena.salesianos.edu\/colegio\/tarde-de-reencuentro-con-nuestra-pareja-tei-en-primaria\/","url":"https:\/\/villena.salesianos.edu\/colegio\/tarde-de-reencuentro-con-nuestra-pareja-tei-en-primaria\/","name":"TARDE DE REENCUENTRO CON NUESTRA PAREJA TEI EN PRIMARIA - Colegio Salesiano M\u00aa Auxiliadora Villena","isPartOf":{"@id":"https:\/\/villena.salesianos.edu\/colegio\/#website"},"primaryImageOfPage":{"@id":"https:\/\/villena.salesianos.edu\/colegio\/tarde-de-reencuentro-con-nuestra-pareja-tei-en-primaria\/#primaryimage"},"image":{"@id":"https:\/\/villena.salesianos.edu\/colegio\/tarde-de-reencuentro-con-nuestra-pareja-tei-en-primaria\/#primaryimage"},"thumbnailUrl":"https:\/\/villena.salesianos.edu\/colegio\/wp-content\/uploads\/sites\/3\/2017\/11\/IMG-20171103-WA0008.jpg","datePublished":"2017-11-05T09:29:46+00:00","dateModified":"2017-11-06T09:12:10+00:00","author":{"@id":""},"breadcrumb":{"@id":"https:\/\/villena.salesianos.edu\/colegio\/tarde-de-reencuentro-con-nuestra-pareja-tei-en-primaria\/#breadcrumb"},"inLanguage":"es","potentialAction":[{"@type":"ReadAction","target":["https:\/\/villena.salesianos.edu\/colegio\/tarde-de-reencuentro-con-nuestra-pareja-tei-en-primaria\/"]}]},{"@type":"ImageObject","inLanguage":"es","@id":"https:\/\/villena.salesianos.edu\/colegio\/tarde-de-reencuentro-con-nuestra-pareja-tei-en-primaria\/#primaryimage","url":"https:\/\/villena.salesianos.edu\/colegio\/wp-content\/uploads\/sites\/3\/2017\/11\/IMG-20171103-WA0008.jpg","contentUrl":"https:\/\/villena.salesianos.edu\/colegio\/wp-content\/uploads\/sites\/3\/2017\/11\/IMG-20171103-WA0008.jpg","width":1600,"height":1200},{"@type":"BreadcrumbList","@id":"https:\/\/villena.salesianos.edu\/colegio\/tarde-de-reencuentro-con-nuestra-pareja-tei-en-primaria\/#breadcrumb","itemListElement":[{"@type":"ListItem","position":1,"name":"Portada","item":"https:\/\/villena.salesianos.edu\/colegio\/"},{"@type":"ListItem","position":2,"name":"TARDE DE REENCUENTRO CON NUESTRA PAREJA TEI EN PRIMARIA"}]},{"@type":"WebSite","@id":"https:\/\/villena.salesianos.edu\/colegio\/#website","url":"https:\/\/villena.salesianos.edu\/colegio\/","name":"Colegio Salesiano M\u00aa Auxiliadora Villena","description":"P\u00e1gina oficial Salesianos Villena","potentialAction":[{"@type":"SearchAction","target":{"@type":"EntryPoint","urlTemplate":"https:\/\/villena.salesianos.edu\/colegio\/?s={search_term_string}"},"query-input":{"@type":"PropertyValueSpecification","valueRequired":true,"valueName":"search_term_string"}}],"inLanguage":"es"},{"@type":"Person","@id":""}]}},"_links":{"self":[{"href":"https:\/\/villena.salesianos.edu\/colegio\/wp-json\/wp\/v2\/posts\/5079","targetHints":{"allow":["GET"]}}],"collection":[{"href":"https:\/\/villena.salesianos.edu\/colegio\/wp-json\/wp\/v2\/posts"}],"about":[{"href":"https:\/\/villena.salesianos.edu\/colegio\/wp-json\/wp\/v2\/types\/post"}],"author":[{"embeddable":true,"href":"https:\/\/villena.salesianos.edu\/colegio\/wp-json\/wp\/v2\/users\/8"}],"replies":[{"embeddable":true,"href":"https:\/\/villena.salesianos.edu\/colegio\/wp-json\/wp\/v2\/comments?post=5079"}],"version-history":[{"count":3,"href":"https:\/\/villena.salesianos.edu\/colegio\/wp-json\/wp\/v2\/posts\/5079\/revisions"}],"predecessor-version":[{"id":5092,"href":"https:\/\/villena.salesianos.edu\/colegio\/wp-json\/wp\/v2\/posts\/5079\/revisions\/5092"}],"wp:featuredmedia":[{"embeddable":true,"href":"https:\/\/villena.salesianos.edu\/colegio\/wp-json\/wp\/v2\/media\/5083"}],"wp:attachment":[{"href":"https:\/\/villena.salesianos.edu\/colegio\/wp-json\/wp\/v2\/media?parent=5079"}],"wp:term":[{"taxonomy":"category","embeddable":true,"href":"https:\/\/villena.salesianos.edu\/colegio\/wp-json\/wp\/v2\/categories?post=5079"},{"taxonomy":"post_tag","embeddable":true,"href":"https:\/\/villena.salesianos.edu\/colegio\/wp-json\/wp\/v2\/tags?post=5079"}],"curies":[{"name":"wp","href":"https:\/\/api.w.org\/{rel}","templated":true}]}}