{"id":5869,"date":"2018-02-21T11:02:09","date_gmt":"2018-02-21T10:02:09","guid":{"rendered":"https:\/\/villena.salesianos.edu\/colegio\/blog\/2018\/02\/21\/te-perdiste-la-charla-de-antonio-rios\/"},"modified":"2018-02-21T11:20:21","modified_gmt":"2018-02-21T10:20:21","slug":"te-perdiste-la-charla-de-antonio-rios","status":"publish","type":"post","link":"https:\/\/villena.salesianos.edu\/colegio\/te-perdiste-la-charla-de-antonio-rios\/","title":{"rendered":"\u00bfTe perdiste la Charla de Antonio R\u00edos?"},"content":{"rendered":"<p>[et_pb_section bb_built=\u00bb1&#8243; admin_label=\u00bbsection\u00bb][et_pb_row admin_label=\u00bbrow\u00bb background_position=\u00bbtop_left\u00bb background_repeat=\u00bbrepeat\u00bb background_size=\u00bbinitial\u00bb][et_pb_column type=\u00bb4_4&#8243;][et_pb_text admin_label=\u00bbAutor (Texto)\u00bb _builder_version=\u00bb3.0.92&#8243; background_layout=\u00bblight\u00bb text_font=\u00bb||on||\u00bb]<\/p>\n<p><em>Por AMPA<\/em><\/p>\n<p>[\/et_pb_text][et_pb_text admin_label=\u00bbDesarrollo (Texto)\u00bb _builder_version=\u00bb3.0.92&#8243; background_layout=\u00bblight\u00bb text_orientation=\u00bbjustified\u00bb]<\/p>\n<p>Si no pudiste venir a la interesante charla: \u00abCLAVES PARA ENTENDER SU HIJO\/A ADOLESCENTE HOY\u00bb o quieres recordar todo lo que nuestro ponente D. Antonio R\u00edos nos cont\u00f3. Os dejamos el documento que explica todo lo que el pasado mi\u00e9rcoles 7 de Febrero all\u00ed se dijo.<\/p>\n<p>[\/et_pb_text][et_pb_blurb admin_label=\u00bbAnuncio Men\u00fa Especial\u00bb title=\u00bbDescarga\u00bb url=\u00bbhttps:\/\/villena.salesianos.edu\/ampa\/wp-content\/uploads\/sites\/5\/2018\/02\/Claves-para-entender-a-su-hijo-adolescente&#8230;.pdf\u00bb use_icon=\u00bbon\u00bb font_icon=\u00bb%%72%%\u00bb icon_placement=\u00bbleft\u00bb text_orientation=\u00bbcenter\u00bb use_icon_font_size=\u00bbon\u00bb icon_font_size=\u00bb62px\u00bb _builder_version=\u00bb3.0.92&#8243; header_font_size=\u00bb20px\u00bb custom_margin=\u00bb40px|||\u00bb url_new_window=\u00bbon\u00bb use_circle=\u00bboff\u00bb use_circle_border=\u00bboff\u00bb background_layout=\u00bblight\u00bb max_width_tablet=\u00bb50px\u00bb icon_color=\u00bb#66757e\u00bb header_text_color=\u00bb#66757e\u00bb]<\/p>\n<p>Pincha en el bot\u00f3n para descargar\u00a0\u00ab<b>CLAVES PARA ENTENDER A SU HIJO\/A ADOLESCENTE HOY\u00bb<\/b><\/p>\n<p>[\/et_pb_blurb][\/et_pb_column][\/et_pb_row][\/et_pb_section]<\/p>\n","protected":false},"excerpt":{"rendered":"<p>Por AMPA Si no pudiste venir a la interesante charla: \u00abCLAVES PARA ENTENDER SU HIJO\/A ADOLESCENTE HOY\u00bb o quieres recordar todo lo que nuestro ponente D. Antonio R\u00edos nos cont\u00f3. Os dejamos el documento que explica todo lo que el pasado mi\u00e9rcoles 7 de Febrero all\u00ed se dijo. Pincha en el bot\u00f3n para descargar\u00a0\u00abCLAVES PARA [&hellip;]<\/p>\n","protected":false},"author":2,"featured_media":5870,"comment_status":"open","ping_status":"open","sticky":false,"template":"","format":"standard","meta":{"_et_pb_use_builder":"on","_et_pb_old_content":"","_et_gb_content_width":"","footnotes":""},"categories":[32,22,24],"tags":[],"class_list":["post-5869","post","type-post","status-publish","format-standard","has-post-thumbnail","hentry","category-ampa","category-colegio","category-portadanoticias"],"yoast_head":"<!-- This site is optimized with the Yoast SEO plugin v28.3 - https:\/\/yoast.com\/product\/yoast-seo-wordpress\/ -->\n<title>\u00bfTe perdiste la Charla de Antonio R\u00edos? - Colegio Salesiano M\u00aa Auxiliadora Villena<\/title>\n<meta name=\"robots\" content=\"index, follow, max-snippet:-1, max-image-preview:large, max-video-preview:-1\" \/>\n<link rel=\"canonical\" href=\"https:\/\/villena.salesianos.edu\/colegio\/te-perdiste-la-charla-de-antonio-rios\/\" \/>\n<meta property=\"og:locale\" content=\"es_ES\" \/>\n<meta property=\"og:type\" content=\"article\" \/>\n<meta property=\"og:title\" content=\"\u00bfTe perdiste la Charla de Antonio R\u00edos? - Colegio Salesiano M\u00aa Auxiliadora Villena\" \/>\n<meta property=\"og:description\" content=\"Por AMPA Si no pudiste venir a la interesante charla: &quot;CLAVES PARA ENTENDER SU HIJO\/A ADOLESCENTE HOY&quot; o quieres recordar todo lo que nuestro ponente D. Antonio R\u00edos nos cont\u00f3. Os dejamos el documento que explica todo lo que el pasado mi\u00e9rcoles 7 de Febrero all\u00ed se dijo. Pincha en el bot\u00f3n para descargar\u00a0&quot;CLAVES PARA [&hellip;]\" \/>\n<meta property=\"og:url\" content=\"https:\/\/villena.salesianos.edu\/colegio\/te-perdiste-la-charla-de-antonio-rios\/\" \/>\n<meta property=\"og:site_name\" content=\"Colegio Salesiano M\u00aa Auxiliadora Villena\" \/>\n<meta property=\"article:published_time\" content=\"2018-02-21T10:02:09+00:00\" \/>\n<meta property=\"article:modified_time\" content=\"2018-02-21T10:20:21+00:00\" \/>\n<meta property=\"og:image\" content=\"https:\/\/villena.salesianos.edu\/colegio\/wp-content\/uploads\/sites\/3\/2018\/02\/cartel-e1519207313675.jpg\" \/>\n\t<meta property=\"og:image:width\" content=\"669\" \/>\n\t<meta property=\"og:image:height\" content=\"448\" \/>\n\t<meta property=\"og:image:type\" content=\"image\/jpeg\" \/>\n<meta name=\"author\" content=\"Gestor Web\" \/>\n<meta name=\"twitter:card\" content=\"summary_large_image\" \/>\n<meta name=\"twitter:label1\" content=\"Escrito por\" \/>\n\t<meta name=\"twitter:data1\" content=\"Gestor Web\" \/>\n\t<meta name=\"twitter:label2\" content=\"Tiempo de lectura\" \/>\n\t<meta name=\"twitter:data2\" content=\"1 minuto\" \/>\n<script type=\"application\/ld+json\" class=\"yoast-schema-graph\">{\"@context\":\"https:\\\/\\\/schema.org\",\"@graph\":[{\"@type\":\"Article\",\"@id\":\"https:\\\/\\\/villena.salesianos.edu\\\/colegio\\\/te-perdiste-la-charla-de-antonio-rios\\\/#article\",\"isPartOf\":{\"@id\":\"https:\\\/\\\/villena.salesianos.edu\\\/colegio\\\/te-perdiste-la-charla-de-antonio-rios\\\/\"},\"author\":{\"name\":\"Gestor Web\",\"@id\":\"https:\\\/\\\/villena.salesianos.edu\\\/colegio\\\/#\\\/schema\\\/person\\\/737fd46edc5ae7d6c9b94da26c0e9302\"},\"headline\":\"\u00bfTe perdiste la Charla de Antonio R\u00edos?\",\"datePublished\":\"2018-02-21T10:02:09+00:00\",\"dateModified\":\"2018-02-21T10:20:21+00:00\",\"mainEntityOfPage\":{\"@id\":\"https:\\\/\\\/villena.salesianos.edu\\\/colegio\\\/te-perdiste-la-charla-de-antonio-rios\\\/\"},\"wordCount\":225,\"commentCount\":0,\"image\":{\"@id\":\"https:\\\/\\\/villena.salesianos.edu\\\/colegio\\\/te-perdiste-la-charla-de-antonio-rios\\\/#primaryimage\"},\"thumbnailUrl\":\"https:\\\/\\\/villena.salesianos.edu\\\/colegio\\\/wp-content\\\/uploads\\\/sites\\\/3\\\/2018\\\/02\\\/cartel-e1519207313675.jpg\",\"articleSection\":[\"AMPA\",\"Colegio\",\"Portada Noticias\"],\"inLanguage\":\"es\",\"potentialAction\":[{\"@type\":\"CommentAction\",\"name\":\"Comment\",\"target\":[\"https:\\\/\\\/villena.salesianos.edu\\\/colegio\\\/te-perdiste-la-charla-de-antonio-rios\\\/#respond\"]}]},{\"@type\":\"WebPage\",\"@id\":\"https:\\\/\\\/villena.salesianos.edu\\\/colegio\\\/te-perdiste-la-charla-de-antonio-rios\\\/\",\"url\":\"https:\\\/\\\/villena.salesianos.edu\\\/colegio\\\/te-perdiste-la-charla-de-antonio-rios\\\/\",\"name\":\"\u00bfTe perdiste la Charla de Antonio R\u00edos? - Colegio Salesiano M\u00aa Auxiliadora Villena\",\"isPartOf\":{\"@id\":\"https:\\\/\\\/villena.salesianos.edu\\\/colegio\\\/#website\"},\"primaryImageOfPage\":{\"@id\":\"https:\\\/\\\/villena.salesianos.edu\\\/colegio\\\/te-perdiste-la-charla-de-antonio-rios\\\/#primaryimage\"},\"image\":{\"@id\":\"https:\\\/\\\/villena.salesianos.edu\\\/colegio\\\/te-perdiste-la-charla-de-antonio-rios\\\/#primaryimage\"},\"thumbnailUrl\":\"https:\\\/\\\/villena.salesianos.edu\\\/colegio\\\/wp-content\\\/uploads\\\/sites\\\/3\\\/2018\\\/02\\\/cartel-e1519207313675.jpg\",\"datePublished\":\"2018-02-21T10:02:09+00:00\",\"dateModified\":\"2018-02-21T10:20:21+00:00\",\"author\":{\"@id\":\"https:\\\/\\\/villena.salesianos.edu\\\/colegio\\\/#\\\/schema\\\/person\\\/737fd46edc5ae7d6c9b94da26c0e9302\"},\"breadcrumb\":{\"@id\":\"https:\\\/\\\/villena.salesianos.edu\\\/colegio\\\/te-perdiste-la-charla-de-antonio-rios\\\/#breadcrumb\"},\"inLanguage\":\"es\",\"potentialAction\":[{\"@type\":\"ReadAction\",\"target\":[\"https:\\\/\\\/villena.salesianos.edu\\\/colegio\\\/te-perdiste-la-charla-de-antonio-rios\\\/\"]}]},{\"@type\":\"ImageObject\",\"inLanguage\":\"es\",\"@id\":\"https:\\\/\\\/villena.salesianos.edu\\\/colegio\\\/te-perdiste-la-charla-de-antonio-rios\\\/#primaryimage\",\"url\":\"https:\\\/\\\/villena.salesianos.edu\\\/colegio\\\/wp-content\\\/uploads\\\/sites\\\/3\\\/2018\\\/02\\\/cartel-e1519207313675.jpg\",\"contentUrl\":\"https:\\\/\\\/villena.salesianos.edu\\\/colegio\\\/wp-content\\\/uploads\\\/sites\\\/3\\\/2018\\\/02\\\/cartel-e1519207313675.jpg\",\"width\":669,\"height\":448},{\"@type\":\"BreadcrumbList\",\"@id\":\"https:\\\/\\\/villena.salesianos.edu\\\/colegio\\\/te-perdiste-la-charla-de-antonio-rios\\\/#breadcrumb\",\"itemListElement\":[{\"@type\":\"ListItem\",\"position\":1,\"name\":\"Portada\",\"item\":\"https:\\\/\\\/villena.salesianos.edu\\\/colegio\\\/\"},{\"@type\":\"ListItem\",\"position\":2,\"name\":\"\u00bfTe perdiste la Charla de Antonio R\u00edos?\"}]},{\"@type\":\"WebSite\",\"@id\":\"https:\\\/\\\/villena.salesianos.edu\\\/colegio\\\/#website\",\"url\":\"https:\\\/\\\/villena.salesianos.edu\\\/colegio\\\/\",\"name\":\"Colegio Salesiano M\u00aa Auxiliadora Villena\",\"description\":\"P\u00e1gina oficial Salesianos Villena\",\"potentialAction\":[{\"@type\":\"SearchAction\",\"target\":{\"@type\":\"EntryPoint\",\"urlTemplate\":\"https:\\\/\\\/villena.salesianos.edu\\\/colegio\\\/?s={search_term_string}\"},\"query-input\":{\"@type\":\"PropertyValueSpecification\",\"valueRequired\":true,\"valueName\":\"search_term_string\"}}],\"inLanguage\":\"es\"},{\"@type\":\"Person\",\"@id\":\"https:\\\/\\\/villena.salesianos.edu\\\/colegio\\\/#\\\/schema\\\/person\\\/737fd46edc5ae7d6c9b94da26c0e9302\",\"name\":\"Gestor Web\",\"image\":{\"@type\":\"ImageObject\",\"inLanguage\":\"es\",\"@id\":\"https:\\\/\\\/secure.gravatar.com\\\/avatar\\\/44469746e1b6443cd011d1759fdc3b9fdcdae4a08dc0ddd85247651cb065486d?s=96&d=mm&r=g\",\"url\":\"https:\\\/\\\/secure.gravatar.com\\\/avatar\\\/44469746e1b6443cd011d1759fdc3b9fdcdae4a08dc0ddd85247651cb065486d?s=96&d=mm&r=g\",\"contentUrl\":\"https:\\\/\\\/secure.gravatar.com\\\/avatar\\\/44469746e1b6443cd011d1759fdc3b9fdcdae4a08dc0ddd85247651cb065486d?s=96&d=mm&r=g\",\"caption\":\"Gestor Web\"}}]}<\/script>\n<!-- \/ Yoast SEO plugin. -->","yoast_head_json":{"title":"\u00bfTe perdiste la Charla de Antonio R\u00edos? - Colegio Salesiano M\u00aa Auxiliadora Villena","robots":{"index":"index","follow":"follow","max-snippet":"max-snippet:-1","max-image-preview":"max-image-preview:large","max-video-preview":"max-video-preview:-1"},"canonical":"https:\/\/villena.salesianos.edu\/colegio\/te-perdiste-la-charla-de-antonio-rios\/","og_locale":"es_ES","og_type":"article","og_title":"\u00bfTe perdiste la Charla de Antonio R\u00edos? - Colegio Salesiano M\u00aa Auxiliadora Villena","og_description":"Por AMPA Si no pudiste venir a la interesante charla: \"CLAVES PARA ENTENDER SU HIJO\/A ADOLESCENTE HOY\" o quieres recordar todo lo que nuestro ponente D. Antonio R\u00edos nos cont\u00f3. Os dejamos el documento que explica todo lo que el pasado mi\u00e9rcoles 7 de Febrero all\u00ed se dijo. Pincha en el bot\u00f3n para descargar\u00a0\"CLAVES PARA [&hellip;]","og_url":"https:\/\/villena.salesianos.edu\/colegio\/te-perdiste-la-charla-de-antonio-rios\/","og_site_name":"Colegio Salesiano M\u00aa Auxiliadora Villena","article_published_time":"2018-02-21T10:02:09+00:00","article_modified_time":"2018-02-21T10:20:21+00:00","og_image":[{"width":669,"height":448,"url":"https:\/\/villena.salesianos.edu\/colegio\/wp-content\/uploads\/sites\/3\/2018\/02\/cartel-e1519207313675.jpg","type":"image\/jpeg"}],"author":"Gestor Web","twitter_card":"summary_large_image","twitter_misc":{"Escrito por":"Gestor Web","Tiempo de lectura":"1 minuto"},"schema":{"@context":"https:\/\/schema.org","@graph":[{"@type":"Article","@id":"https:\/\/villena.salesianos.edu\/colegio\/te-perdiste-la-charla-de-antonio-rios\/#article","isPartOf":{"@id":"https:\/\/villena.salesianos.edu\/colegio\/te-perdiste-la-charla-de-antonio-rios\/"},"author":{"name":"Gestor Web","@id":"https:\/\/villena.salesianos.edu\/colegio\/#\/schema\/person\/737fd46edc5ae7d6c9b94da26c0e9302"},"headline":"\u00bfTe perdiste la Charla de Antonio R\u00edos?","datePublished":"2018-02-21T10:02:09+00:00","dateModified":"2018-02-21T10:20:21+00:00","mainEntityOfPage":{"@id":"https:\/\/villena.salesianos.edu\/colegio\/te-perdiste-la-charla-de-antonio-rios\/"},"wordCount":225,"commentCount":0,"image":{"@id":"https:\/\/villena.salesianos.edu\/colegio\/te-perdiste-la-charla-de-antonio-rios\/#primaryimage"},"thumbnailUrl":"https:\/\/villena.salesianos.edu\/colegio\/wp-content\/uploads\/sites\/3\/2018\/02\/cartel-e1519207313675.jpg","articleSection":["AMPA","Colegio","Portada Noticias"],"inLanguage":"es","potentialAction":[{"@type":"CommentAction","name":"Comment","target":["https:\/\/villena.salesianos.edu\/colegio\/te-perdiste-la-charla-de-antonio-rios\/#respond"]}]},{"@type":"WebPage","@id":"https:\/\/villena.salesianos.edu\/colegio\/te-perdiste-la-charla-de-antonio-rios\/","url":"https:\/\/villena.salesianos.edu\/colegio\/te-perdiste-la-charla-de-antonio-rios\/","name":"\u00bfTe perdiste la Charla de Antonio R\u00edos? - Colegio Salesiano M\u00aa Auxiliadora Villena","isPartOf":{"@id":"https:\/\/villena.salesianos.edu\/colegio\/#website"},"primaryImageOfPage":{"@id":"https:\/\/villena.salesianos.edu\/colegio\/te-perdiste-la-charla-de-antonio-rios\/#primaryimage"},"image":{"@id":"https:\/\/villena.salesianos.edu\/colegio\/te-perdiste-la-charla-de-antonio-rios\/#primaryimage"},"thumbnailUrl":"https:\/\/villena.salesianos.edu\/colegio\/wp-content\/uploads\/sites\/3\/2018\/02\/cartel-e1519207313675.jpg","datePublished":"2018-02-21T10:02:09+00:00","dateModified":"2018-02-21T10:20:21+00:00","author":{"@id":"https:\/\/villena.salesianos.edu\/colegio\/#\/schema\/person\/737fd46edc5ae7d6c9b94da26c0e9302"},"breadcrumb":{"@id":"https:\/\/villena.salesianos.edu\/colegio\/te-perdiste-la-charla-de-antonio-rios\/#breadcrumb"},"inLanguage":"es","potentialAction":[{"@type":"ReadAction","target":["https:\/\/villena.salesianos.edu\/colegio\/te-perdiste-la-charla-de-antonio-rios\/"]}]},{"@type":"ImageObject","inLanguage":"es","@id":"https:\/\/villena.salesianos.edu\/colegio\/te-perdiste-la-charla-de-antonio-rios\/#primaryimage","url":"https:\/\/villena.salesianos.edu\/colegio\/wp-content\/uploads\/sites\/3\/2018\/02\/cartel-e1519207313675.jpg","contentUrl":"https:\/\/villena.salesianos.edu\/colegio\/wp-content\/uploads\/sites\/3\/2018\/02\/cartel-e1519207313675.jpg","width":669,"height":448},{"@type":"BreadcrumbList","@id":"https:\/\/villena.salesianos.edu\/colegio\/te-perdiste-la-charla-de-antonio-rios\/#breadcrumb","itemListElement":[{"@type":"ListItem","position":1,"name":"Portada","item":"https:\/\/villena.salesianos.edu\/colegio\/"},{"@type":"ListItem","position":2,"name":"\u00bfTe perdiste la Charla de Antonio R\u00edos?"}]},{"@type":"WebSite","@id":"https:\/\/villena.salesianos.edu\/colegio\/#website","url":"https:\/\/villena.salesianos.edu\/colegio\/","name":"Colegio Salesiano M\u00aa Auxiliadora Villena","description":"P\u00e1gina oficial Salesianos Villena","potentialAction":[{"@type":"SearchAction","target":{"@type":"EntryPoint","urlTemplate":"https:\/\/villena.salesianos.edu\/colegio\/?s={search_term_string}"},"query-input":{"@type":"PropertyValueSpecification","valueRequired":true,"valueName":"search_term_string"}}],"inLanguage":"es"},{"@type":"Person","@id":"https:\/\/villena.salesianos.edu\/colegio\/#\/schema\/person\/737fd46edc5ae7d6c9b94da26c0e9302","name":"Gestor Web","image":{"@type":"ImageObject","inLanguage":"es","@id":"https:\/\/secure.gravatar.com\/avatar\/44469746e1b6443cd011d1759fdc3b9fdcdae4a08dc0ddd85247651cb065486d?s=96&d=mm&r=g","url":"https:\/\/secure.gravatar.com\/avatar\/44469746e1b6443cd011d1759fdc3b9fdcdae4a08dc0ddd85247651cb065486d?s=96&d=mm&r=g","contentUrl":"https:\/\/secure.gravatar.com\/avatar\/44469746e1b6443cd011d1759fdc3b9fdcdae4a08dc0ddd85247651cb065486d?s=96&d=mm&r=g","caption":"Gestor Web"}}]}},"_links":{"self":[{"href":"https:\/\/villena.salesianos.edu\/colegio\/wp-json\/wp\/v2\/posts\/5869","targetHints":{"allow":["GET"]}}],"collection":[{"href":"https:\/\/villena.salesianos.edu\/colegio\/wp-json\/wp\/v2\/posts"}],"about":[{"href":"https:\/\/villena.salesianos.edu\/colegio\/wp-json\/wp\/v2\/types\/post"}],"author":[{"embeddable":true,"href":"https:\/\/villena.salesianos.edu\/colegio\/wp-json\/wp\/v2\/users\/2"}],"replies":[{"embeddable":true,"href":"https:\/\/villena.salesianos.edu\/colegio\/wp-json\/wp\/v2\/comments?post=5869"}],"version-history":[{"count":3,"href":"https:\/\/villena.salesianos.edu\/colegio\/wp-json\/wp\/v2\/posts\/5869\/revisions"}],"predecessor-version":[{"id":5873,"href":"https:\/\/villena.salesianos.edu\/colegio\/wp-json\/wp\/v2\/posts\/5869\/revisions\/5873"}],"wp:featuredmedia":[{"embeddable":true,"href":"https:\/\/villena.salesianos.edu\/colegio\/wp-json\/wp\/v2\/media\/5870"}],"wp:attachment":[{"href":"https:\/\/villena.salesianos.edu\/colegio\/wp-json\/wp\/v2\/media?parent=5869"}],"wp:term":[{"taxonomy":"category","embeddable":true,"href":"https:\/\/villena.salesianos.edu\/colegio\/wp-json\/wp\/v2\/categories?post=5869"},{"taxonomy":"post_tag","embeddable":true,"href":"https:\/\/villena.salesianos.edu\/colegio\/wp-json\/wp\/v2\/tags?post=5869"}],"curies":[{"name":"wp","href":"https:\/\/api.w.org\/{rel}","templated":true}]}}