{"id":5874,"date":"2018-02-21T11:18:54","date_gmt":"2018-02-21T10:18:54","guid":{"rendered":"https:\/\/villena.salesianos.edu\/colegio\/blog\/2018\/02\/21\/el-ampa-sale-a-la-calle-para-celebrar-el-carnaval-2018\/"},"modified":"2018-02-21T11:18:55","modified_gmt":"2018-02-21T10:18:55","slug":"el-ampa-sale-a-la-calle-para-celebrar-el-carnaval-2018","status":"publish","type":"post","link":"https:\/\/villena.salesianos.edu\/colegio\/el-ampa-sale-a-la-calle-para-celebrar-el-carnaval-2018\/","title":{"rendered":"El AMPA sale a la calle para celebrar el Carnaval 2018"},"content":{"rendered":"<p>[et_pb_section bb_built=\u00bb1&#8243; admin_label=\u00bbsection\u00bb][et_pb_row admin_label=\u00bbrow\u00bb background_position=\u00bbtop_left\u00bb background_repeat=\u00bbrepeat\u00bb background_size=\u00bbinitial\u00bb][et_pb_column type=\u00bb4_4&#8243;][et_pb_text admin_label=\u00bbEntradilla (Texto)\u00bb _builder_version=\u00bb3.0.92&#8243; background_layout=\u00bblight\u00bb text_orientation=\u00bbjustified\u00bb text_font=\u00bb|on|||\u00bb border_style=\u00bbsolid\u00bb]<\/p>\n<p>La Asociaci\u00f3n de Madres y Padres muy implicados en la celebraci\u00f3n y animaci\u00f3n durante el fin de semana de Carnaval.<\/p>\n<p>[\/et_pb_text][et_pb_text admin_label=\u00bbAutor (Texto)\u00bb _builder_version=\u00bb3.0.92&#8243; background_layout=\u00bblight\u00bb text_font=\u00bb||on||\u00bb border_style=\u00bbsolid\u00bb]<\/p>\n<p><em>Por AMPA<\/em><\/p>\n<p>[\/et_pb_text][et_pb_text admin_label=\u00bbDesarrollo (Texto)\u00bb _builder_version=\u00bb3.0.92&#8243; background_layout=\u00bblight\u00bb text_orientation=\u00bbjustified\u00bb border_style=\u00bbsolid\u00bb]<\/p>\n<p>El fin de semana del 10 y 11 de Febrero, la Asociaci\u00f3n de Padres organiz\u00f3 y anim\u00f3, como cada a\u00f1o las celebraciones de Carnaval en nuestro colegio.<\/p>\n<p>El s\u00e1bado por la tarde, junto al Centro Juvenil Don Bosco, realizamos una serie de juegos y actividades para que nuestros ni\u00f1os, todos ellos disfrazados disfrutaran una tarde alegre. Finalizamos la tarde con la t\u00edpica merienda y concurso de disfraces, tanto individual como por grupo.<\/p>\n<p>Al d\u00eda siguiente, por la ma\u00f1ana, salimos a la calle para participar en el desfile de Carnaval Infantil que se celebran por las calles de nuestra ciudad, desfilando junto con el resto de colegios de la poblaci\u00f3n.<\/p>\n<p>Un fin de semana lleno de alegr\u00eda y diversi\u00f3n&#8230;<\/p>\n<hr \/>\n<style id=\"bwg-style-0\">    #bwg_container1_0 #bwg_container2_0 .bwg_album_extended_thumbnails_0 {      -moz-box-sizing: border-box;      box-sizing: border-box;      background-color: rgba(255, 255, 255, 0.00);      text-align: left;    }    #bwg_container1_0 #bwg_container2_0 .bwg-container-0.bwg-album-extended .bwg-extended-item {      display: flex;      flex-direction: row;      flex-wrap: wrap;      min-height: 150px;      border-bottom: 1px solid #E0E0E0;      background-color: rgba(255, 255, 255, 0.00);      border-radius: 0 0 0 0;      margin: 0 0 5px 0;      overflow: hidden;    }    #bwg_container1_0 #bwg_container2_0 .bwg-container-0.bwg-album-extended .bwg-extended-item0 {      margin: 10px 5px;      background-color: #FFFFFF;      border-radius: 0;      border: 1px solid #E8E8E8;      display: flex;      flex-direction: column;      padding: 5px;      justify-content: center;      max-width: 120px;    }    #bwg_container1_0 #bwg_container2_0 .bwg-container-0.bwg-album-extended .bwg-extended-item1 {      margin: 10px 5px;      background-color: #FFFFFF;      border-radius: 0;      border: 1px solid #E8E8E8;      display: flex;      flex-direction: column;      border-collapse: collapse;      padding: 5px;      justify-content: start;    }    #bwg_container1_0 #bwg_container2_0 .bwg-container-0.bwg-album-extended .bwg_title_spun_0 {      border: 1px none #CCCCCC;      color: #000000;      display: block;      font-family: segoe ui;      font-size: 16px;      font-weight: bold;      height: inherit;      margin-bottom: 2px;      padding: 2px;      text-align: left;      vertical-align: middle;      width: 100%;    }    #bwg_container1_0 #bwg_container2_0 .bwg-container-0.bwg-album-extended .bwg_description_spun1_0 a {      color: #000000;      font-size: 14px;      font-weight: normal;      font-family: segoe ui;    }    #bwg_container1_0 #bwg_container2_0 .bwg-container-0.bwg-album-extended .bwg_description_spun1_0 .bwg_description_short_0 p {      border: 1px none #CCCCCC;      display: inline-block;      color: #000000;      font-size: 14px;      font-weight: normal;      font-family: segoe ui;      height: inherit;      padding: 2px;      vertical-align: middle;      width: 100%;      word-wrap: break-word;      word-break: break-word;    }    #bwg_container1_0 #bwg_container2_0 .bwg-container-0.bwg-album-extended .bwg_description_spun1_0 * {      margin: 0;    }    #bwg_container1_0 #bwg_container2_0 .bwg-container-0.bwg-album-extended .bwg_description_spun2_0 {      float: left;    }    #bwg_container1_0 #bwg_container2_0 .bwg-container-0.bwg-album-extended .bwg_description_short_0 {      display: inline;    }    #bwg_container1_0 #bwg_container2_0 .bwg-container-0.bwg-album-extended .bwg_description_full {      display: none;    }    #bwg_container1_0 #bwg_container2_0 .bwg-container-0.bwg-album-extended .bwg_description_more_0 {      clear: both;      color: #F2D22E;      cursor: pointer;      float: right;      font-size: 12px;      font-weight: normal;    }    #bwg_container1_0 #bwg_container2_0 .bwg-container-0.bwg-album-extended .bwg-item0 {      padding: 0px;      background-color: #FFFFFF;      border-radius: 0;      border: 0px none #CCCCCC;      box-shadow: ;      margin: 2px;      opacity: 1.00;    }    #bwg_container1_0 #bwg_container2_0 .bwg-container-0.bwg-album-extended .bwg-item1 {      padding-top: 75%;    }          @media only screen and (min-width: 480px) {        #bwg_container1_0 #bwg_container2_0 .bwg-container-0.bwg-album-extended .bwg-item0 {                  }        #bwg_container1_0 #bwg_container2_0 .bwg-container-0.bwg-album-extended .bwg-item0:hover {          -ms-transform: scale(1.1);          -webkit-transform: scale(1.1);          transform: scale(1.1);        }        #bwg_container1_0 #bwg_container2_0 .bwg-container-0.bwg-album-extended .bwg-item1 img:hover {          -ms-transform: none;          -webkit-transform: none;          transform: none;        }      }          #bwg_container1_0 #bwg_container2_0 .bwg-container-0.bwg-standard-thumbnails {      width: 904px;              justify-content: center;        margin:0 auto !important;              background-color: rgba(255, 255, 255, 0.00);            padding-left: 4px;      padding-top: 4px;      max-width: 100%;            }        #bwg_container1_0 #bwg_container2_0 .bwg-container-0.bwg-standard-thumbnails .bwg-item {    justify-content: flex-start;      max-width: 180px;          }    #bwg_container1_0 #bwg_container2_0 .bwg-container-0.bwg-standard-thumbnails .bwg-item a {       margin-right: 4px;       margin-bottom: 4px;    }    #bwg_container1_0 #bwg_container2_0 .bwg-container-0.bwg-standard-thumbnails .bwg-item0 {      padding: 0px;            background-color:rgba(255,255,255, 0.30);      border: 0px none #CCCCCC;      opacity: 1.00;      border-radius: 0;      box-shadow: 0px 0px 0px #888888;    }    #bwg_container1_0 #bwg_container2_0 .bwg-container-0.bwg-standard-thumbnails .bwg-item1 img {      max-height: none;      max-width: none;      padding: 0 !important;    }        @media only screen and (min-width: 480px) {      #bwg_container1_0 #bwg_container2_0 .bwg-container-0.bwg-standard-thumbnails .bwg-item0 {        transition: all 0.3s ease 0s;-webkit-transition: all 0.3s ease 0s;      }      #bwg_container1_0 #bwg_container2_0 .bwg-container-0.bwg-standard-thumbnails .bwg-item0:hover {        -ms-transform: scale(1.1);        -webkit-transform: scale(1.1);        transform: scale(1.1);      }    }          #bwg_container1_0 #bwg_container2_0 .bwg-container-0.bwg-standard-thumbnails .bwg-item1 {      padding-top: 50%;    }        #bwg_container1_0 #bwg_container2_0 .bwg-container-0.bwg-standard-thumbnails .bwg-title2,    #bwg_container1_0 #bwg_container2_0 .bwg-container-0.bwg-standard-thumbnails .bwg-ecommerce2 {      color: #CCCCCC;      font-family: segoe ui;      font-size: 16px;      font-weight: bold;      padding: 2px;      text-shadow: 0px 0px 0px #888888;      max-height: 100%;    }    #bwg_container1_0 #bwg_container2_0 .bwg-container-0.bwg-standard-thumbnails .bwg-thumb-description span {    color: #323A45;    font-family: Ubuntu;    font-size: 12px;    max-height: 100%;    word-wrap: break-word;    }    #bwg_container1_0 #bwg_container2_0 .bwg-container-0.bwg-standard-thumbnails .bwg-play-icon2 {      font-size: 32px;    }    #bwg_container1_0 #bwg_container2_0 .bwg-container-0.bwg-standard-thumbnails .bwg-ecommerce2 {      font-size: 19.2px;      color: #CCCCCC;    }    <\/style>    <div id=\"bwg_container1_0\"         class=\"bwg_container bwg_thumbnail bwg_album_extended_preview bwg_thumbnail\"         data-right-click-protection=\"0\"         data-bwg=\"0\"         data-scroll=\"0\"         data-gallery-type=\"album_extended_preview\"         data-gallery-view-type=\"thumbnail\"         data-current-url=\"\/colegio\/wp-json\/wp\/v2\/posts\/5874\"         data-lightbox-url=\"https:\/\/villena.salesianos.edu\/colegio\/wp-admin\/admin-ajax.php?action=GalleryBox&#038;current_view=0&#038;gallery_id=0&#038;tag=0&#038;theme_id=1&#038;shortcode_id=12&#038;sort_by=order&#038;order_by=asc&#038;current_url=%2Fcolegio%2Fwp-json%2Fwp%2Fv2%2Fposts%2F5874\"         data-gallery-id=\"0\"         data-popup-width=\"800\"         data-popup-height=\"500\"         data-is-album=\"album\"         data-buttons-position=\"bottom\">      <div id=\"bwg_container2_0\">             <div id=\"ajax_loading_0\" class=\"bwg_loading_div_1\">      <div class=\"bwg_loading_div_2\">        <div class=\"bwg_loading_div_3\">          <div id=\"loading_div_0\" class=\"bwg_spider_ajax_loading\">          <\/div>        <\/div>      <\/div>    <\/div>            <form id=\"gal_front_form_0\"              class=\"bwg-hidden\"              method=\"post\"              action=\"#\"              data-current=\"0\"              data-shortcode-id=\"12\"              data-gallery-type=\"album_extended_preview\"              data-gallery-id=\"0\"              data-tag=\"0\"              data-album-id=\"3\"              data-theme-id=\"1\"              data-ajax-url=\"https:\/\/villena.salesianos.edu\/colegio\/wp-admin\/admin-ajax.php?action=bwg_frontend_data\">          <div id=\"bwg_container3_0\" class=\"bwg-background bwg-background-0\">                  <div data-max-count=\"2\"           data-thumbnail-width=\"120\"           data-global-spacing=\"0 0 5px 0\"           data-spacing=\"10\"           data-bwg=\"0\"           id=\"bwg_album_extended_0\"           class=\"bwg-album-extended bwg-border-box bwg-thumbnails bwg-container bwg-container-0 bwg-album-thumbnails bwg_album_extended_thumbnails_0\">        <div style=\"width:100%\"><div class=\"wd_error\"><p><strong>No se han encontrado resultados.<\/strong><\/p><\/div><\/div>      <\/div>          <input type=\"hidden\" id=\"bwg_album_breadcrumb_0\" name=\"bwg_album_breadcrumb_0\" value='[{&quot;id&quot;:&quot;3&quot;,&quot;page&quot;:1}]' \/>    <style>      \/*pagination styles*\/      #bwg_container1_0 #bwg_container2_0 .tablenav-pages_0 {\t\t\t\ttext-align: center;\t\t\t\tfont-size: 12px;\t\t\t\tfont-family: segoe ui;\t\t\t\tfont-weight: bold;\t\t\t\tcolor: #666666;\t\t\t\tmargin: 6px 0 4px;\t\t\t\tdisplay: block;      }      @media only screen and (max-width : 320px) {      #bwg_container1_0 #bwg_container2_0 .displaying-num_0 {     \t display: none;      }      }      #bwg_container1_0 #bwg_container2_0 .displaying-num_0 {\t\t\t\tfont-size: 12px;\t\t\t\tfont-family: segoe ui;\t\t\t\tfont-weight: bold;\t\t\t\tcolor: #666666;\t\t\t\tmargin-right: 10px;\t\t\t\tvertical-align: middle;      }      #bwg_container1_0 #bwg_container2_0 .paging-input_0 {\t\t\t\tfont-size: 12px;\t\t\t\tfont-family: segoe ui;\t\t\t\tfont-weight: bold;\t\t\t\tcolor: #666666;\t\t\t\tvertical-align: middle;      }      #bwg_container1_0 #bwg_container2_0 .tablenav-pages_0 a.disabled,      #bwg_container1_0 #bwg_container2_0 .tablenav-pages_0 a.disabled:hover,      #bwg_container1_0 #bwg_container2_0 .tablenav-pages_0 a.disabled:focus,\t\t\t#bwg_container1_0 #bwg_container2_0 .tablenav-pages_0 input.bwg_current_page {\t\t\t\tcursor: default;\t\t\t\tcolor: rgba(102, 102, 102, 0.5);      }      #bwg_container1_0 #bwg_container2_0 .tablenav-pages_0 a,      #bwg_container1_0 #bwg_container2_0 .tablenav-pages_0 input.bwg_current_page {\t\t\t\tcursor: pointer;\t\t\t\ttext-align: center;\t\t\t\tfont-size: 12px;\t\t\t\tfont-family: segoe ui;\t\t\t\tfont-weight: bold;\t\t\t\tcolor: #666666;\t\t\t\ttext-decoration: none;\t\t\t\tpadding: 3px 6px;\t\t\t\tmargin: 0;\t\t\t\tborder-radius: 0;\t\t\t\tborder-style: solid;\t\t\t\tborder-width: 1px;\t\t\t\tborder-color: #E3E3E3;\t\t\t\t\t\t\t\tbackground-color: rgba(255, 255, 255, 1.00);\t\t\t\tbox-shadow: 0;\t\t\t\ttransition: all 0.3s ease 0s;-webkit-transition: all 0.3s ease 0s;      }      <\/style>      <span class=\"bwg_nav_cont_0\">              <div class=\"tablenav-pages_0\">                  <\/div>                <input type=\"hidden\" id=\"page_number_0\" name=\"page_number_0\" value=\"1\" \/>      <script type=\"text\/javascript\">        if( jQuery('.bwg_nav_cont_0').length > 1 ) {          jQuery('.bwg_nav_cont_0').first().remove()        }        function spider_page_0(cur, x, y, load_more) {          if (typeof load_more == \"undefined\") {            var load_more = false;          }          if (jQuery(cur).hasClass('disabled')) {            return false;          }          var items_county_0 = 1;          switch (y) {            case 1:              if (x >= items_county_0) {                document.getElementById('page_number_0').value = items_county_0;              }              else {                document.getElementById('page_number_0').value = x + 1;              }              break;            case 2:              document.getElementById('page_number_0').value = items_county_0;              break;            case -1:              if (x == 1) {                document.getElementById('page_number_0').value = 1;              }              else {                document.getElementById('page_number_0').value = x - 1;              }              break;            case -2:              document.getElementById('page_number_0').value = 1;              break;\t\t\t\t\t\tcase 0:              document.getElementById('page_number_0').value = x;              break;            default:              document.getElementById('page_number_0').value = 1;          }          bwg_ajax('gal_front_form_0', '0', 'bwg_album_extended_0', '3', '', 'album', 0, '', '', load_more, '', 1);        }                    jQuery('.first-page-0').on('click', function () {              spider_page_0(this, 1, -2, 'numeric');              return false;            });            jQuery('.prev-page-0').on('click', function () {              spider_page_0(this, 1, -1, 'numeric');              return false;            });            jQuery('.next-page-0').on('click', function () {              spider_page_0(this, 1, 1, 'numeric');              return false;            });            jQuery('.last-page-0').on('click', function () {              spider_page_0(this, 1, 2, 'numeric');              return false;            });        \t\t\t\t\/* Change page on input enter. *\/        function bwg_change_page_0( e, that ) {          if (  e.key == 'Enter' ) {            var to_page = parseInt(jQuery(that).val());            var pages_count = jQuery(that).parents(\".pagination-links\").data(\"pages-count\");            var current_url_param = jQuery(that).attr('data-url-info');            if (to_page > pages_count) {              to_page = 1;            }\t \t\t\t\t\t\t\t\t\t\t\t\tspider_page_0(this, to_page, 0, 'numeric');\t\t\t\t\t\t\treturn false;\t\t\t\t\t\t          }          return true;        }        jQuery('.bwg_load_btn_0').on('click', function () {            spider_page_0(this, 1, 1, true);            return false;        });      <\/script>      <\/span>                <\/div>        <\/form>        <style>          #bwg_container1_0 #bwg_container2_0 #spider_popup_overlay_0 {          background-color: #000000;          opacity: 0.70;          }          <\/style>        <div id=\"bwg_spider_popup_loading_0\" class=\"bwg_spider_popup_loading\"><\/div>        <div id=\"spider_popup_overlay_0\" class=\"spider_popup_overlay\" onclick=\"spider_destroypopup(1000)\"><\/div>        <input type=\"hidden\" id=\"bwg_random_seed_0\" value=\"1522369309\">                <\/div>    <\/div>    <script>      if (document.readyState === 'complete') {        if( typeof bwg_main_ready == 'function' ) {          if ( jQuery(\"#bwg_container1_0\").height() ) {            bwg_main_ready(jQuery(\"#bwg_container1_0\"));          }        }      } else {        document.addEventListener('DOMContentLoaded', function() {          if( typeof bwg_main_ready == 'function' ) {            if ( jQuery(\"#bwg_container1_0\").height() ) {             bwg_main_ready(jQuery(\"#bwg_container1_0\"));            }          }        });      }    <\/script>    \n<p>[\/et_pb_text][et_pb_text admin_label=\u00bbT\u00edtulo: Galer\u00eda de fotos (Texto)\u00bb _builder_version=\u00bb3.0.51&#8243; background_layout=\u00bblight\u00bb text_orientation=\u00bbleft\u00bb text_font=\u00bb|on|||\u00bb text_text_color=\u00bb#dc001b\u00bb border_style=\u00bbsolid\u00bb disabled=\u00bbon\u00bb disabled_on=\u00bbon|on|on\u00bb]<\/p>\n<p>Galer\u00eda de im\u00e1genes<\/p>\n<p>[\/et_pb_text][et_pb_gallery _builder_version=\u00bb3.0.51&#8243; posts_number=\u00bb8&#8243; show_title_and_caption=\u00bboff\u00bb show_pagination=\u00bbon\u00bb fullwidth=\u00bboff\u00bb orientation=\u00bblandscape\u00bb zoom_icon_color=\u00bb#dc001b\u00bb hover_overlay_color=\u00bbrgba(255,255,255,0.9)\u00bb hover_icon=\u00bb%%51%%\u00bb background_layout=\u00bblight\u00bb border_style=\u00bbsolid\u00bb auto=\u00bboff\u00bb disabled=\u00bbon\u00bb disabled_on=\u00bbon|on|on\u00bb \/][et_pb_video _builder_version=\u00bb3.0.51&#8243; disabled=\u00bbon\u00bb disabled_on=\u00bbon|on|on\u00bb \/][\/et_pb_column][\/et_pb_row][\/et_pb_section]<\/p>\n","protected":false},"excerpt":{"rendered":"<p>La Asociaci\u00f3n de Madres y Padres muy implicados en la celebraci\u00f3n y animaci\u00f3n durante el fin de semana de Carnaval. Por AMPA El fin de semana del 10 y 11 de Febrero, la Asociaci\u00f3n de Padres organiz\u00f3 y anim\u00f3, como cada a\u00f1o las celebraciones de Carnaval en nuestro colegio. El s\u00e1bado por la tarde, junto [&hellip;]<\/p>\n","protected":false},"author":2,"featured_media":5875,"comment_status":"open","ping_status":"open","sticky":false,"template":"","format":"standard","meta":{"_et_pb_use_builder":"on","_et_pb_old_content":"","_et_gb_content_width":"","footnotes":""},"categories":[32,22],"tags":[],"class_list":["post-5874","post","type-post","status-publish","format-standard","has-post-thumbnail","hentry","category-ampa","category-colegio"],"yoast_head":"<!-- This site is optimized with the Yoast SEO plugin v28.3 - https:\/\/yoast.com\/product\/yoast-seo-wordpress\/ -->\n<title>El AMPA sale a la calle para celebrar el Carnaval 2018 - Colegio Salesiano M\u00aa Auxiliadora Villena<\/title>\n<meta name=\"robots\" content=\"index, follow, max-snippet:-1, max-image-preview:large, max-video-preview:-1\" \/>\n<link rel=\"canonical\" href=\"https:\/\/villena.salesianos.edu\/colegio\/el-ampa-sale-a-la-calle-para-celebrar-el-carnaval-2018\/\" \/>\n<meta property=\"og:locale\" content=\"es_ES\" \/>\n<meta property=\"og:type\" content=\"article\" \/>\n<meta property=\"og:title\" content=\"El AMPA sale a la calle para celebrar el Carnaval 2018 - Colegio Salesiano M\u00aa Auxiliadora Villena\" \/>\n<meta property=\"og:description\" content=\"La Asociaci\u00f3n de Madres y Padres muy implicados en la celebraci\u00f3n y animaci\u00f3n durante el fin de semana de Carnaval. Por AMPA El fin de semana del 10 y 11 de Febrero, la Asociaci\u00f3n de Padres organiz\u00f3 y anim\u00f3, como cada a\u00f1o las celebraciones de Carnaval en nuestro colegio. El s\u00e1bado por la tarde, junto [&hellip;]\" \/>\n<meta property=\"og:url\" content=\"https:\/\/villena.salesianos.edu\/colegio\/el-ampa-sale-a-la-calle-para-celebrar-el-carnaval-2018\/\" \/>\n<meta property=\"og:site_name\" content=\"Colegio Salesiano M\u00aa Auxiliadora Villena\" \/>\n<meta property=\"article:published_time\" content=\"2018-02-21T10:18:54+00:00\" \/>\n<meta property=\"article:modified_time\" content=\"2018-02-21T10:18:55+00:00\" \/>\n<meta property=\"og:image\" content=\"https:\/\/villena.salesianos.edu\/colegio\/wp-content\/uploads\/sites\/3\/2018\/02\/carnavalAMPA07.jpg\" \/>\n\t<meta property=\"og:image:width\" content=\"1024\" \/>\n\t<meta property=\"og:image:height\" content=\"768\" \/>\n\t<meta property=\"og:image:type\" content=\"image\/jpeg\" \/>\n<meta name=\"author\" content=\"Gestor Web\" \/>\n<meta name=\"twitter:card\" content=\"summary_large_image\" \/>\n<meta name=\"twitter:label1\" content=\"Escrito por\" \/>\n\t<meta name=\"twitter:data1\" content=\"Gestor Web\" \/>\n\t<meta name=\"twitter:label2\" content=\"Tiempo de lectura\" \/>\n\t<meta name=\"twitter:data2\" content=\"2 minutos\" \/>\n<script type=\"application\/ld+json\" class=\"yoast-schema-graph\">{\"@context\":\"https:\\\/\\\/schema.org\",\"@graph\":[{\"@type\":\"Article\",\"@id\":\"https:\\\/\\\/villena.salesianos.edu\\\/colegio\\\/el-ampa-sale-a-la-calle-para-celebrar-el-carnaval-2018\\\/#article\",\"isPartOf\":{\"@id\":\"https:\\\/\\\/villena.salesianos.edu\\\/colegio\\\/el-ampa-sale-a-la-calle-para-celebrar-el-carnaval-2018\\\/\"},\"author\":{\"name\":\"Gestor Web\",\"@id\":\"https:\\\/\\\/villena.salesianos.edu\\\/colegio\\\/#\\\/schema\\\/person\\\/737fd46edc5ae7d6c9b94da26c0e9302\"},\"headline\":\"El AMPA sale a la calle para celebrar el Carnaval 2018\",\"datePublished\":\"2018-02-21T10:18:54+00:00\",\"dateModified\":\"2018-02-21T10:18:55+00:00\",\"mainEntityOfPage\":{\"@id\":\"https:\\\/\\\/villena.salesianos.edu\\\/colegio\\\/el-ampa-sale-a-la-calle-para-celebrar-el-carnaval-2018\\\/\"},\"wordCount\":374,\"commentCount\":0,\"image\":{\"@id\":\"https:\\\/\\\/villena.salesianos.edu\\\/colegio\\\/el-ampa-sale-a-la-calle-para-celebrar-el-carnaval-2018\\\/#primaryimage\"},\"thumbnailUrl\":\"https:\\\/\\\/villena.salesianos.edu\\\/colegio\\\/wp-content\\\/uploads\\\/sites\\\/3\\\/2018\\\/02\\\/carnavalAMPA07.jpg\",\"articleSection\":[\"AMPA\",\"Colegio\"],\"inLanguage\":\"es\",\"potentialAction\":[{\"@type\":\"CommentAction\",\"name\":\"Comment\",\"target\":[\"https:\\\/\\\/villena.salesianos.edu\\\/colegio\\\/el-ampa-sale-a-la-calle-para-celebrar-el-carnaval-2018\\\/#respond\"]}]},{\"@type\":\"WebPage\",\"@id\":\"https:\\\/\\\/villena.salesianos.edu\\\/colegio\\\/el-ampa-sale-a-la-calle-para-celebrar-el-carnaval-2018\\\/\",\"url\":\"https:\\\/\\\/villena.salesianos.edu\\\/colegio\\\/el-ampa-sale-a-la-calle-para-celebrar-el-carnaval-2018\\\/\",\"name\":\"El AMPA sale a la calle para celebrar el Carnaval 2018 - Colegio Salesiano M\u00aa Auxiliadora Villena\",\"isPartOf\":{\"@id\":\"https:\\\/\\\/villena.salesianos.edu\\\/colegio\\\/#website\"},\"primaryImageOfPage\":{\"@id\":\"https:\\\/\\\/villena.salesianos.edu\\\/colegio\\\/el-ampa-sale-a-la-calle-para-celebrar-el-carnaval-2018\\\/#primaryimage\"},\"image\":{\"@id\":\"https:\\\/\\\/villena.salesianos.edu\\\/colegio\\\/el-ampa-sale-a-la-calle-para-celebrar-el-carnaval-2018\\\/#primaryimage\"},\"thumbnailUrl\":\"https:\\\/\\\/villena.salesianos.edu\\\/colegio\\\/wp-content\\\/uploads\\\/sites\\\/3\\\/2018\\\/02\\\/carnavalAMPA07.jpg\",\"datePublished\":\"2018-02-21T10:18:54+00:00\",\"dateModified\":\"2018-02-21T10:18:55+00:00\",\"author\":{\"@id\":\"https:\\\/\\\/villena.salesianos.edu\\\/colegio\\\/#\\\/schema\\\/person\\\/737fd46edc5ae7d6c9b94da26c0e9302\"},\"breadcrumb\":{\"@id\":\"https:\\\/\\\/villena.salesianos.edu\\\/colegio\\\/el-ampa-sale-a-la-calle-para-celebrar-el-carnaval-2018\\\/#breadcrumb\"},\"inLanguage\":\"es\",\"potentialAction\":[{\"@type\":\"ReadAction\",\"target\":[\"https:\\\/\\\/villena.salesianos.edu\\\/colegio\\\/el-ampa-sale-a-la-calle-para-celebrar-el-carnaval-2018\\\/\"]}]},{\"@type\":\"ImageObject\",\"inLanguage\":\"es\",\"@id\":\"https:\\\/\\\/villena.salesianos.edu\\\/colegio\\\/el-ampa-sale-a-la-calle-para-celebrar-el-carnaval-2018\\\/#primaryimage\",\"url\":\"https:\\\/\\\/villena.salesianos.edu\\\/colegio\\\/wp-content\\\/uploads\\\/sites\\\/3\\\/2018\\\/02\\\/carnavalAMPA07.jpg\",\"contentUrl\":\"https:\\\/\\\/villena.salesianos.edu\\\/colegio\\\/wp-content\\\/uploads\\\/sites\\\/3\\\/2018\\\/02\\\/carnavalAMPA07.jpg\",\"width\":1024,\"height\":768,\"caption\":\"cof\"},{\"@type\":\"BreadcrumbList\",\"@id\":\"https:\\\/\\\/villena.salesianos.edu\\\/colegio\\\/el-ampa-sale-a-la-calle-para-celebrar-el-carnaval-2018\\\/#breadcrumb\",\"itemListElement\":[{\"@type\":\"ListItem\",\"position\":1,\"name\":\"Portada\",\"item\":\"https:\\\/\\\/villena.salesianos.edu\\\/colegio\\\/\"},{\"@type\":\"ListItem\",\"position\":2,\"name\":\"El AMPA sale a la calle para celebrar el Carnaval 2018\"}]},{\"@type\":\"WebSite\",\"@id\":\"https:\\\/\\\/villena.salesianos.edu\\\/colegio\\\/#website\",\"url\":\"https:\\\/\\\/villena.salesianos.edu\\\/colegio\\\/\",\"name\":\"Colegio Salesiano M\u00aa Auxiliadora Villena\",\"description\":\"P\u00e1gina oficial Salesianos Villena\",\"potentialAction\":[{\"@type\":\"SearchAction\",\"target\":{\"@type\":\"EntryPoint\",\"urlTemplate\":\"https:\\\/\\\/villena.salesianos.edu\\\/colegio\\\/?s={search_term_string}\"},\"query-input\":{\"@type\":\"PropertyValueSpecification\",\"valueRequired\":true,\"valueName\":\"search_term_string\"}}],\"inLanguage\":\"es\"},{\"@type\":\"Person\",\"@id\":\"https:\\\/\\\/villena.salesianos.edu\\\/colegio\\\/#\\\/schema\\\/person\\\/737fd46edc5ae7d6c9b94da26c0e9302\",\"name\":\"Gestor Web\",\"image\":{\"@type\":\"ImageObject\",\"inLanguage\":\"es\",\"@id\":\"https:\\\/\\\/secure.gravatar.com\\\/avatar\\\/44469746e1b6443cd011d1759fdc3b9fdcdae4a08dc0ddd85247651cb065486d?s=96&d=mm&r=g\",\"url\":\"https:\\\/\\\/secure.gravatar.com\\\/avatar\\\/44469746e1b6443cd011d1759fdc3b9fdcdae4a08dc0ddd85247651cb065486d?s=96&d=mm&r=g\",\"contentUrl\":\"https:\\\/\\\/secure.gravatar.com\\\/avatar\\\/44469746e1b6443cd011d1759fdc3b9fdcdae4a08dc0ddd85247651cb065486d?s=96&d=mm&r=g\",\"caption\":\"Gestor Web\"}}]}<\/script>\n<!-- \/ Yoast SEO plugin. -->","yoast_head_json":{"title":"El AMPA sale a la calle para celebrar el Carnaval 2018 - Colegio Salesiano M\u00aa Auxiliadora Villena","robots":{"index":"index","follow":"follow","max-snippet":"max-snippet:-1","max-image-preview":"max-image-preview:large","max-video-preview":"max-video-preview:-1"},"canonical":"https:\/\/villena.salesianos.edu\/colegio\/el-ampa-sale-a-la-calle-para-celebrar-el-carnaval-2018\/","og_locale":"es_ES","og_type":"article","og_title":"El AMPA sale a la calle para celebrar el Carnaval 2018 - Colegio Salesiano M\u00aa Auxiliadora Villena","og_description":"La Asociaci\u00f3n de Madres y Padres muy implicados en la celebraci\u00f3n y animaci\u00f3n durante el fin de semana de Carnaval. Por AMPA El fin de semana del 10 y 11 de Febrero, la Asociaci\u00f3n de Padres organiz\u00f3 y anim\u00f3, como cada a\u00f1o las celebraciones de Carnaval en nuestro colegio. El s\u00e1bado por la tarde, junto [&hellip;]","og_url":"https:\/\/villena.salesianos.edu\/colegio\/el-ampa-sale-a-la-calle-para-celebrar-el-carnaval-2018\/","og_site_name":"Colegio Salesiano M\u00aa Auxiliadora Villena","article_published_time":"2018-02-21T10:18:54+00:00","article_modified_time":"2018-02-21T10:18:55+00:00","og_image":[{"width":1024,"height":768,"url":"https:\/\/villena.salesianos.edu\/colegio\/wp-content\/uploads\/sites\/3\/2018\/02\/carnavalAMPA07.jpg","type":"image\/jpeg"}],"author":"Gestor Web","twitter_card":"summary_large_image","twitter_misc":{"Escrito por":"Gestor Web","Tiempo de lectura":"2 minutos"},"schema":{"@context":"https:\/\/schema.org","@graph":[{"@type":"Article","@id":"https:\/\/villena.salesianos.edu\/colegio\/el-ampa-sale-a-la-calle-para-celebrar-el-carnaval-2018\/#article","isPartOf":{"@id":"https:\/\/villena.salesianos.edu\/colegio\/el-ampa-sale-a-la-calle-para-celebrar-el-carnaval-2018\/"},"author":{"name":"Gestor Web","@id":"https:\/\/villena.salesianos.edu\/colegio\/#\/schema\/person\/737fd46edc5ae7d6c9b94da26c0e9302"},"headline":"El AMPA sale a la calle para celebrar el Carnaval 2018","datePublished":"2018-02-21T10:18:54+00:00","dateModified":"2018-02-21T10:18:55+00:00","mainEntityOfPage":{"@id":"https:\/\/villena.salesianos.edu\/colegio\/el-ampa-sale-a-la-calle-para-celebrar-el-carnaval-2018\/"},"wordCount":374,"commentCount":0,"image":{"@id":"https:\/\/villena.salesianos.edu\/colegio\/el-ampa-sale-a-la-calle-para-celebrar-el-carnaval-2018\/#primaryimage"},"thumbnailUrl":"https:\/\/villena.salesianos.edu\/colegio\/wp-content\/uploads\/sites\/3\/2018\/02\/carnavalAMPA07.jpg","articleSection":["AMPA","Colegio"],"inLanguage":"es","potentialAction":[{"@type":"CommentAction","name":"Comment","target":["https:\/\/villena.salesianos.edu\/colegio\/el-ampa-sale-a-la-calle-para-celebrar-el-carnaval-2018\/#respond"]}]},{"@type":"WebPage","@id":"https:\/\/villena.salesianos.edu\/colegio\/el-ampa-sale-a-la-calle-para-celebrar-el-carnaval-2018\/","url":"https:\/\/villena.salesianos.edu\/colegio\/el-ampa-sale-a-la-calle-para-celebrar-el-carnaval-2018\/","name":"El AMPA sale a la calle para celebrar el Carnaval 2018 - Colegio Salesiano M\u00aa Auxiliadora Villena","isPartOf":{"@id":"https:\/\/villena.salesianos.edu\/colegio\/#website"},"primaryImageOfPage":{"@id":"https:\/\/villena.salesianos.edu\/colegio\/el-ampa-sale-a-la-calle-para-celebrar-el-carnaval-2018\/#primaryimage"},"image":{"@id":"https:\/\/villena.salesianos.edu\/colegio\/el-ampa-sale-a-la-calle-para-celebrar-el-carnaval-2018\/#primaryimage"},"thumbnailUrl":"https:\/\/villena.salesianos.edu\/colegio\/wp-content\/uploads\/sites\/3\/2018\/02\/carnavalAMPA07.jpg","datePublished":"2018-02-21T10:18:54+00:00","dateModified":"2018-02-21T10:18:55+00:00","author":{"@id":"https:\/\/villena.salesianos.edu\/colegio\/#\/schema\/person\/737fd46edc5ae7d6c9b94da26c0e9302"},"breadcrumb":{"@id":"https:\/\/villena.salesianos.edu\/colegio\/el-ampa-sale-a-la-calle-para-celebrar-el-carnaval-2018\/#breadcrumb"},"inLanguage":"es","potentialAction":[{"@type":"ReadAction","target":["https:\/\/villena.salesianos.edu\/colegio\/el-ampa-sale-a-la-calle-para-celebrar-el-carnaval-2018\/"]}]},{"@type":"ImageObject","inLanguage":"es","@id":"https:\/\/villena.salesianos.edu\/colegio\/el-ampa-sale-a-la-calle-para-celebrar-el-carnaval-2018\/#primaryimage","url":"https:\/\/villena.salesianos.edu\/colegio\/wp-content\/uploads\/sites\/3\/2018\/02\/carnavalAMPA07.jpg","contentUrl":"https:\/\/villena.salesianos.edu\/colegio\/wp-content\/uploads\/sites\/3\/2018\/02\/carnavalAMPA07.jpg","width":1024,"height":768,"caption":"cof"},{"@type":"BreadcrumbList","@id":"https:\/\/villena.salesianos.edu\/colegio\/el-ampa-sale-a-la-calle-para-celebrar-el-carnaval-2018\/#breadcrumb","itemListElement":[{"@type":"ListItem","position":1,"name":"Portada","item":"https:\/\/villena.salesianos.edu\/colegio\/"},{"@type":"ListItem","position":2,"name":"El AMPA sale a la calle para celebrar el Carnaval 2018"}]},{"@type":"WebSite","@id":"https:\/\/villena.salesianos.edu\/colegio\/#website","url":"https:\/\/villena.salesianos.edu\/colegio\/","name":"Colegio Salesiano M\u00aa Auxiliadora Villena","description":"P\u00e1gina oficial Salesianos Villena","potentialAction":[{"@type":"SearchAction","target":{"@type":"EntryPoint","urlTemplate":"https:\/\/villena.salesianos.edu\/colegio\/?s={search_term_string}"},"query-input":{"@type":"PropertyValueSpecification","valueRequired":true,"valueName":"search_term_string"}}],"inLanguage":"es"},{"@type":"Person","@id":"https:\/\/villena.salesianos.edu\/colegio\/#\/schema\/person\/737fd46edc5ae7d6c9b94da26c0e9302","name":"Gestor Web","image":{"@type":"ImageObject","inLanguage":"es","@id":"https:\/\/secure.gravatar.com\/avatar\/44469746e1b6443cd011d1759fdc3b9fdcdae4a08dc0ddd85247651cb065486d?s=96&d=mm&r=g","url":"https:\/\/secure.gravatar.com\/avatar\/44469746e1b6443cd011d1759fdc3b9fdcdae4a08dc0ddd85247651cb065486d?s=96&d=mm&r=g","contentUrl":"https:\/\/secure.gravatar.com\/avatar\/44469746e1b6443cd011d1759fdc3b9fdcdae4a08dc0ddd85247651cb065486d?s=96&d=mm&r=g","caption":"Gestor Web"}}]}},"_links":{"self":[{"href":"https:\/\/villena.salesianos.edu\/colegio\/wp-json\/wp\/v2\/posts\/5874","targetHints":{"allow":["GET"]}}],"collection":[{"href":"https:\/\/villena.salesianos.edu\/colegio\/wp-json\/wp\/v2\/posts"}],"about":[{"href":"https:\/\/villena.salesianos.edu\/colegio\/wp-json\/wp\/v2\/types\/post"}],"author":[{"embeddable":true,"href":"https:\/\/villena.salesianos.edu\/colegio\/wp-json\/wp\/v2\/users\/2"}],"replies":[{"embeddable":true,"href":"https:\/\/villena.salesianos.edu\/colegio\/wp-json\/wp\/v2\/comments?post=5874"}],"version-history":[{"count":1,"href":"https:\/\/villena.salesianos.edu\/colegio\/wp-json\/wp\/v2\/posts\/5874\/revisions"}],"predecessor-version":[{"id":5876,"href":"https:\/\/villena.salesianos.edu\/colegio\/wp-json\/wp\/v2\/posts\/5874\/revisions\/5876"}],"wp:featuredmedia":[{"embeddable":true,"href":"https:\/\/villena.salesianos.edu\/colegio\/wp-json\/wp\/v2\/media\/5875"}],"wp:attachment":[{"href":"https:\/\/villena.salesianos.edu\/colegio\/wp-json\/wp\/v2\/media?parent=5874"}],"wp:term":[{"taxonomy":"category","embeddable":true,"href":"https:\/\/villena.salesianos.edu\/colegio\/wp-json\/wp\/v2\/categories?post=5874"},{"taxonomy":"post_tag","embeddable":true,"href":"https:\/\/villena.salesianos.edu\/colegio\/wp-json\/wp\/v2\/tags?post=5874"}],"curies":[{"name":"wp","href":"https:\/\/api.w.org\/{rel}","templated":true}]}}