{"id":6363,"date":"2018-04-12T17:42:18","date_gmt":"2018-04-12T16:42:18","guid":{"rendered":"https:\/\/villena.salesianos.edu\/colegio\/?p=6363"},"modified":"2018-04-12T17:42:18","modified_gmt":"2018-04-12T16:42:18","slug":"la-aventura-continua-en-la-granja","status":"publish","type":"post","link":"https:\/\/villena.salesianos.edu\/colegio\/la-aventura-continua-en-la-granja\/","title":{"rendered":"La aventura contin\u00faa en la Granja"},"content":{"rendered":"<p>[et_pb_section bb_built=\u00bb1&#8243; admin_label=\u00bbsection\u00bb][et_pb_row admin_label=\u00bbrow\u00bb background_position=\u00bbtop_left\u00bb background_repeat=\u00bbrepeat\u00bb background_size=\u00bbinitial\u00bb][et_pb_column type=\u00bb4_4&#8243;][et_pb_text admin_label=\u00bbEntradilla (Texto)\u00bb _builder_version=\u00bb3.0.92&#8243; background_layout=\u00bblight\u00bb text_orientation=\u00bbjustified\u00bb text_font=\u00bb|on|||\u00bb border_style=\u00bbsolid\u00bb]<\/p>\n<p>Seguimos en nuestra aventura particular de convivencia y naturaleza.<\/p>\n<p>[\/et_pb_text][et_pb_text admin_label=\u00bbAutor (Texto)\u00bb _builder_version=\u00bb3.0.92&#8243; background_layout=\u00bblight\u00bb text_font=\u00bb||on||\u00bb border_style=\u00bbsolid\u00bb]<\/p>\n<p>Por Tutores de 4\u00ba de Priamria<\/p>\n<p>[\/et_pb_text][et_pb_text admin_label=\u00bbDesarrollo (Texto)\u00bb _builder_version=\u00bb3.0.92&#8243; background_layout=\u00bblight\u00bb text_orientation=\u00bbjustified\u00bb]<\/p>\n<p>Anoche terminamos la noche con una \u00abSugar Night\u00bb amenizada por los monitores. M\u00fasica, baile, dulces y mucha diversi\u00f3n para garantizar el descanso.<\/p>\n<p>Esta ma\u00f1ana, despu\u00e9s de reponer fuerzas con el desayuno, iniciamos las actividades con senderismo descubriendo secretos de la naturaleza: f\u00f3siles, plantas, madrigueras&#8230; De vuelta, antes de comer, hemos afinado la punter\u00eda con la actividad de tiro con arco.<\/p>\n<p>En la comida nos ha visitado el director de la obra salesiana, Jos\u00e9 Joaqu\u00edn, que nos ha obsequiado con unos dulces de chocolate.<\/p>\n<p>Por la tarde segu\u00edan las actividades de tirolina y el taller estrella de \u00abMasterchef\u00bb.<\/p>\n<p>Todos siguen bien divirti\u00e9ndose y pas\u00e1ndoselo en grande.<\/p>\n<p>Ma\u00f1ana&#8230; m\u00e1s.<\/p>\n<div style=\"width:100%\"><div class=\"wd_error\"><p><strong>No hay una galer\u00eda seleccionada o la galer\u00eda se ha eliminado.<\/strong><\/p><\/div><\/div>\n<p>[\/et_pb_text][et_pb_text admin_label=\u00bbT\u00edtulo: Galer\u00eda de fotos (Texto)\u00bb _builder_version=\u00bb3.0.51&#8243; background_layout=\u00bblight\u00bb text_orientation=\u00bbleft\u00bb text_font=\u00bb|on|||\u00bb text_text_color=\u00bb#dc001b\u00bb border_style=\u00bbsolid\u00bb disabled=\u00bbon\u00bb disabled_on=\u00bbon|on|on\u00bb]<\/p>\n<p>Galer\u00eda de im\u00e1genes<\/p>\n<p>[\/et_pb_text][et_pb_gallery _builder_version=\u00bb3.0.51&#8243; posts_number=\u00bb8&#8243; show_title_and_caption=\u00bboff\u00bb show_pagination=\u00bbon\u00bb fullwidth=\u00bboff\u00bb orientation=\u00bblandscape\u00bb zoom_icon_color=\u00bb#dc001b\u00bb hover_overlay_color=\u00bbrgba(255,255,255,0.9)\u00bb hover_icon=\u00bb%%51%%\u00bb background_layout=\u00bblight\u00bb border_style=\u00bbsolid\u00bb auto=\u00bboff\u00bb disabled=\u00bbon\u00bb disabled_on=\u00bbon|on|on\u00bb \/][et_pb_video _builder_version=\u00bb3.0.51&#8243; disabled=\u00bbon\u00bb disabled_on=\u00bbon|on|on\u00bb \/][\/et_pb_column][\/et_pb_row][\/et_pb_section]<\/p>\n","protected":false},"excerpt":{"rendered":"<p>Seguimos en nuestra aventura particular de convivencia y naturaleza. Por Tutores de 4\u00ba de Priamria Anoche terminamos la noche con una \u00abSugar Night\u00bb amenizada por los monitores. M\u00fasica, baile, dulces y mucha diversi\u00f3n para garantizar el descanso. Esta ma\u00f1ana, despu\u00e9s de reponer fuerzas con el desayuno, iniciamos las actividades con senderismo descubriendo secretos de la [&hellip;]<\/p>\n","protected":false},"author":8,"featured_media":6366,"comment_status":"open","ping_status":"open","sticky":false,"template":"","format":"standard","meta":{"_et_pb_use_builder":"on","_et_pb_old_content":"<p>[et_pb_section bb_built=\"1\" admin_label=\"section\"][et_pb_row admin_label=\"row\" background_position=\"top_left\" background_repeat=\"repeat\" background_size=\"initial\"][et_pb_column type=\"4_4\"][et_pb_text admin_label=\"Entradilla (Texto)\" _builder_version=\"3.0.92\" background_layout=\"light\" text_orientation=\"justified\" text_font=\"|on|||\" border_style=\"solid\"]<\/p><p>Seguimos en nuestra aventura particular de convivencia y naturaleza.<\/p><p>[\/et_pb_text][et_pb_text admin_label=\"Autor (Texto)\" _builder_version=\"3.0.92\" background_layout=\"light\" text_font=\"||on||\" border_style=\"solid\"]<\/p><p>Por Tutores de 4\u00ba de Priamria<\/p><p>[\/et_pb_text][et_pb_text admin_label=\"Desarrollo (Texto)\" _builder_version=\"3.0.92\" background_layout=\"light\" text_orientation=\"justified\" border_style=\"solid\" \/][et_pb_text admin_label=\"T\u00edtulo: Galer\u00eda de fotos (Texto)\" _builder_version=\"3.0.51\" background_layout=\"light\" text_orientation=\"left\" text_font=\"|on|||\" text_text_color=\"#dc001b\" border_style=\"solid\" disabled=\"on\" disabled_on=\"on|on|on\"]<\/p><p>Galer\u00eda de im\u00e1genes<\/p><p>[\/et_pb_text][et_pb_gallery _builder_version=\"3.0.51\" posts_number=\"8\" show_title_and_caption=\"off\" show_pagination=\"on\" fullwidth=\"off\" orientation=\"landscape\" zoom_icon_color=\"#dc001b\" hover_overlay_color=\"rgba(255,255,255,0.9)\" hover_icon=\"%%51%%\" background_layout=\"light\" border_style=\"solid\" auto=\"off\" disabled=\"on\" disabled_on=\"on|on|on\" \/][et_pb_video _builder_version=\"3.0.51\" disabled=\"on\" disabled_on=\"on|on|on\" \/][\/et_pb_column][\/et_pb_row][\/et_pb_section]<\/p>","_et_gb_content_width":"","footnotes":""},"categories":[22,25,1],"tags":[],"class_list":["post-6363","post","type-post","status-publish","format-standard","has-post-thumbnail","hentry","category-colegio","category-primaria","category-uncategorized"],"yoast_head":"<!-- This site is optimized with the Yoast SEO plugin v28.3 - https:\/\/yoast.com\/product\/yoast-seo-wordpress\/ -->\n<title>La aventura contin\u00faa en la Granja - Colegio Salesiano M\u00aa Auxiliadora Villena<\/title>\n<meta name=\"robots\" content=\"index, follow, max-snippet:-1, max-image-preview:large, max-video-preview:-1\" \/>\n<link rel=\"canonical\" href=\"https:\/\/villena.salesianos.edu\/colegio\/la-aventura-continua-en-la-granja\/\" \/>\n<meta property=\"og:locale\" content=\"es_ES\" \/>\n<meta property=\"og:type\" content=\"article\" \/>\n<meta property=\"og:title\" content=\"La aventura contin\u00faa en la Granja - Colegio Salesiano M\u00aa Auxiliadora Villena\" \/>\n<meta property=\"og:description\" content=\"Seguimos en nuestra aventura particular de convivencia y naturaleza. Por Tutores de 4\u00ba de Priamria Anoche terminamos la noche con una &quot;Sugar Night&quot; amenizada por los monitores. M\u00fasica, baile, dulces y mucha diversi\u00f3n para garantizar el descanso. Esta ma\u00f1ana, despu\u00e9s de reponer fuerzas con el desayuno, iniciamos las actividades con senderismo descubriendo secretos de la [&hellip;]\" \/>\n<meta property=\"og:url\" content=\"https:\/\/villena.salesianos.edu\/colegio\/la-aventura-continua-en-la-granja\/\" \/>\n<meta property=\"og:site_name\" content=\"Colegio Salesiano M\u00aa Auxiliadora Villena\" \/>\n<meta property=\"article:published_time\" content=\"2018-04-12T16:42:18+00:00\" \/>\n<meta property=\"og:image\" content=\"https:\/\/villena.salesianos.edu\/colegio\/wp-content\/uploads\/sites\/3\/2018\/04\/IMG_1738.jpg\" \/>\n\t<meta property=\"og:image:width\" content=\"1024\" \/>\n\t<meta property=\"og:image:height\" content=\"683\" \/>\n\t<meta property=\"og:image:type\" content=\"image\/jpeg\" \/>\n<meta name=\"twitter:card\" content=\"summary_large_image\" \/>\n<meta name=\"twitter:label1\" content=\"Escrito por\" \/>\n\t<meta name=\"twitter:data1\" content=\"\" \/>\n\t<meta name=\"twitter:label2\" content=\"Tiempo de lectura\" \/>\n\t<meta name=\"twitter:data2\" content=\"2 minutos\" \/>\n<script type=\"application\/ld+json\" class=\"yoast-schema-graph\">{\"@context\":\"https:\\\/\\\/schema.org\",\"@graph\":[{\"@type\":\"Article\",\"@id\":\"https:\\\/\\\/villena.salesianos.edu\\\/colegio\\\/la-aventura-continua-en-la-granja\\\/#article\",\"isPartOf\":{\"@id\":\"https:\\\/\\\/villena.salesianos.edu\\\/colegio\\\/la-aventura-continua-en-la-granja\\\/\"},\"author\":{\"name\":\"\",\"@id\":\"\"},\"headline\":\"La aventura contin\u00faa en la Granja\",\"datePublished\":\"2018-04-12T16:42:18+00:00\",\"mainEntityOfPage\":{\"@id\":\"https:\\\/\\\/villena.salesianos.edu\\\/colegio\\\/la-aventura-continua-en-la-granja\\\/\"},\"wordCount\":353,\"commentCount\":0,\"image\":{\"@id\":\"https:\\\/\\\/villena.salesianos.edu\\\/colegio\\\/la-aventura-continua-en-la-granja\\\/#primaryimage\"},\"thumbnailUrl\":\"https:\\\/\\\/villena.salesianos.edu\\\/colegio\\\/wp-content\\\/uploads\\\/sites\\\/3\\\/2018\\\/04\\\/IMG_1738.jpg\",\"articleSection\":[\"Colegio\",\"Primaria\",\"Uncategorized\"],\"inLanguage\":\"es\",\"potentialAction\":[{\"@type\":\"CommentAction\",\"name\":\"Comment\",\"target\":[\"https:\\\/\\\/villena.salesianos.edu\\\/colegio\\\/la-aventura-continua-en-la-granja\\\/#respond\"]}]},{\"@type\":\"WebPage\",\"@id\":\"https:\\\/\\\/villena.salesianos.edu\\\/colegio\\\/la-aventura-continua-en-la-granja\\\/\",\"url\":\"https:\\\/\\\/villena.salesianos.edu\\\/colegio\\\/la-aventura-continua-en-la-granja\\\/\",\"name\":\"La aventura contin\u00faa en la Granja - Colegio Salesiano M\u00aa Auxiliadora Villena\",\"isPartOf\":{\"@id\":\"https:\\\/\\\/villena.salesianos.edu\\\/colegio\\\/#website\"},\"primaryImageOfPage\":{\"@id\":\"https:\\\/\\\/villena.salesianos.edu\\\/colegio\\\/la-aventura-continua-en-la-granja\\\/#primaryimage\"},\"image\":{\"@id\":\"https:\\\/\\\/villena.salesianos.edu\\\/colegio\\\/la-aventura-continua-en-la-granja\\\/#primaryimage\"},\"thumbnailUrl\":\"https:\\\/\\\/villena.salesianos.edu\\\/colegio\\\/wp-content\\\/uploads\\\/sites\\\/3\\\/2018\\\/04\\\/IMG_1738.jpg\",\"datePublished\":\"2018-04-12T16:42:18+00:00\",\"author\":{\"@id\":\"\"},\"breadcrumb\":{\"@id\":\"https:\\\/\\\/villena.salesianos.edu\\\/colegio\\\/la-aventura-continua-en-la-granja\\\/#breadcrumb\"},\"inLanguage\":\"es\",\"potentialAction\":[{\"@type\":\"ReadAction\",\"target\":[\"https:\\\/\\\/villena.salesianos.edu\\\/colegio\\\/la-aventura-continua-en-la-granja\\\/\"]}]},{\"@type\":\"ImageObject\",\"inLanguage\":\"es\",\"@id\":\"https:\\\/\\\/villena.salesianos.edu\\\/colegio\\\/la-aventura-continua-en-la-granja\\\/#primaryimage\",\"url\":\"https:\\\/\\\/villena.salesianos.edu\\\/colegio\\\/wp-content\\\/uploads\\\/sites\\\/3\\\/2018\\\/04\\\/IMG_1738.jpg\",\"contentUrl\":\"https:\\\/\\\/villena.salesianos.edu\\\/colegio\\\/wp-content\\\/uploads\\\/sites\\\/3\\\/2018\\\/04\\\/IMG_1738.jpg\",\"width\":1024,\"height\":683},{\"@type\":\"BreadcrumbList\",\"@id\":\"https:\\\/\\\/villena.salesianos.edu\\\/colegio\\\/la-aventura-continua-en-la-granja\\\/#breadcrumb\",\"itemListElement\":[{\"@type\":\"ListItem\",\"position\":1,\"name\":\"Portada\",\"item\":\"https:\\\/\\\/villena.salesianos.edu\\\/colegio\\\/\"},{\"@type\":\"ListItem\",\"position\":2,\"name\":\"La aventura contin\u00faa en la Granja\"}]},{\"@type\":\"WebSite\",\"@id\":\"https:\\\/\\\/villena.salesianos.edu\\\/colegio\\\/#website\",\"url\":\"https:\\\/\\\/villena.salesianos.edu\\\/colegio\\\/\",\"name\":\"Colegio Salesiano M\u00aa Auxiliadora Villena\",\"description\":\"P\u00e1gina oficial Salesianos Villena\",\"potentialAction\":[{\"@type\":\"SearchAction\",\"target\":{\"@type\":\"EntryPoint\",\"urlTemplate\":\"https:\\\/\\\/villena.salesianos.edu\\\/colegio\\\/?s={search_term_string}\"},\"query-input\":{\"@type\":\"PropertyValueSpecification\",\"valueRequired\":true,\"valueName\":\"search_term_string\"}}],\"inLanguage\":\"es\"},{\"@type\":\"Person\",\"@id\":\"\"}]}<\/script>\n<!-- \/ Yoast SEO plugin. -->","yoast_head_json":{"title":"La aventura contin\u00faa en la Granja - Colegio Salesiano M\u00aa Auxiliadora Villena","robots":{"index":"index","follow":"follow","max-snippet":"max-snippet:-1","max-image-preview":"max-image-preview:large","max-video-preview":"max-video-preview:-1"},"canonical":"https:\/\/villena.salesianos.edu\/colegio\/la-aventura-continua-en-la-granja\/","og_locale":"es_ES","og_type":"article","og_title":"La aventura contin\u00faa en la Granja - Colegio Salesiano M\u00aa Auxiliadora Villena","og_description":"Seguimos en nuestra aventura particular de convivencia y naturaleza. Por Tutores de 4\u00ba de Priamria Anoche terminamos la noche con una \"Sugar Night\" amenizada por los monitores. M\u00fasica, baile, dulces y mucha diversi\u00f3n para garantizar el descanso. Esta ma\u00f1ana, despu\u00e9s de reponer fuerzas con el desayuno, iniciamos las actividades con senderismo descubriendo secretos de la [&hellip;]","og_url":"https:\/\/villena.salesianos.edu\/colegio\/la-aventura-continua-en-la-granja\/","og_site_name":"Colegio Salesiano M\u00aa Auxiliadora Villena","article_published_time":"2018-04-12T16:42:18+00:00","og_image":[{"width":1024,"height":683,"url":"https:\/\/villena.salesianos.edu\/colegio\/wp-content\/uploads\/sites\/3\/2018\/04\/IMG_1738.jpg","type":"image\/jpeg"}],"twitter_card":"summary_large_image","twitter_misc":{"Escrito por":"","Tiempo de lectura":"2 minutos"},"schema":{"@context":"https:\/\/schema.org","@graph":[{"@type":"Article","@id":"https:\/\/villena.salesianos.edu\/colegio\/la-aventura-continua-en-la-granja\/#article","isPartOf":{"@id":"https:\/\/villena.salesianos.edu\/colegio\/la-aventura-continua-en-la-granja\/"},"author":{"name":"","@id":""},"headline":"La aventura contin\u00faa en la Granja","datePublished":"2018-04-12T16:42:18+00:00","mainEntityOfPage":{"@id":"https:\/\/villena.salesianos.edu\/colegio\/la-aventura-continua-en-la-granja\/"},"wordCount":353,"commentCount":0,"image":{"@id":"https:\/\/villena.salesianos.edu\/colegio\/la-aventura-continua-en-la-granja\/#primaryimage"},"thumbnailUrl":"https:\/\/villena.salesianos.edu\/colegio\/wp-content\/uploads\/sites\/3\/2018\/04\/IMG_1738.jpg","articleSection":["Colegio","Primaria","Uncategorized"],"inLanguage":"es","potentialAction":[{"@type":"CommentAction","name":"Comment","target":["https:\/\/villena.salesianos.edu\/colegio\/la-aventura-continua-en-la-granja\/#respond"]}]},{"@type":"WebPage","@id":"https:\/\/villena.salesianos.edu\/colegio\/la-aventura-continua-en-la-granja\/","url":"https:\/\/villena.salesianos.edu\/colegio\/la-aventura-continua-en-la-granja\/","name":"La aventura contin\u00faa en la Granja - Colegio Salesiano M\u00aa Auxiliadora Villena","isPartOf":{"@id":"https:\/\/villena.salesianos.edu\/colegio\/#website"},"primaryImageOfPage":{"@id":"https:\/\/villena.salesianos.edu\/colegio\/la-aventura-continua-en-la-granja\/#primaryimage"},"image":{"@id":"https:\/\/villena.salesianos.edu\/colegio\/la-aventura-continua-en-la-granja\/#primaryimage"},"thumbnailUrl":"https:\/\/villena.salesianos.edu\/colegio\/wp-content\/uploads\/sites\/3\/2018\/04\/IMG_1738.jpg","datePublished":"2018-04-12T16:42:18+00:00","author":{"@id":""},"breadcrumb":{"@id":"https:\/\/villena.salesianos.edu\/colegio\/la-aventura-continua-en-la-granja\/#breadcrumb"},"inLanguage":"es","potentialAction":[{"@type":"ReadAction","target":["https:\/\/villena.salesianos.edu\/colegio\/la-aventura-continua-en-la-granja\/"]}]},{"@type":"ImageObject","inLanguage":"es","@id":"https:\/\/villena.salesianos.edu\/colegio\/la-aventura-continua-en-la-granja\/#primaryimage","url":"https:\/\/villena.salesianos.edu\/colegio\/wp-content\/uploads\/sites\/3\/2018\/04\/IMG_1738.jpg","contentUrl":"https:\/\/villena.salesianos.edu\/colegio\/wp-content\/uploads\/sites\/3\/2018\/04\/IMG_1738.jpg","width":1024,"height":683},{"@type":"BreadcrumbList","@id":"https:\/\/villena.salesianos.edu\/colegio\/la-aventura-continua-en-la-granja\/#breadcrumb","itemListElement":[{"@type":"ListItem","position":1,"name":"Portada","item":"https:\/\/villena.salesianos.edu\/colegio\/"},{"@type":"ListItem","position":2,"name":"La aventura contin\u00faa en la Granja"}]},{"@type":"WebSite","@id":"https:\/\/villena.salesianos.edu\/colegio\/#website","url":"https:\/\/villena.salesianos.edu\/colegio\/","name":"Colegio Salesiano M\u00aa Auxiliadora Villena","description":"P\u00e1gina oficial Salesianos Villena","potentialAction":[{"@type":"SearchAction","target":{"@type":"EntryPoint","urlTemplate":"https:\/\/villena.salesianos.edu\/colegio\/?s={search_term_string}"},"query-input":{"@type":"PropertyValueSpecification","valueRequired":true,"valueName":"search_term_string"}}],"inLanguage":"es"},{"@type":"Person","@id":""}]}},"_links":{"self":[{"href":"https:\/\/villena.salesianos.edu\/colegio\/wp-json\/wp\/v2\/posts\/6363","targetHints":{"allow":["GET"]}}],"collection":[{"href":"https:\/\/villena.salesianos.edu\/colegio\/wp-json\/wp\/v2\/posts"}],"about":[{"href":"https:\/\/villena.salesianos.edu\/colegio\/wp-json\/wp\/v2\/types\/post"}],"author":[{"embeddable":true,"href":"https:\/\/villena.salesianos.edu\/colegio\/wp-json\/wp\/v2\/users\/8"}],"replies":[{"embeddable":true,"href":"https:\/\/villena.salesianos.edu\/colegio\/wp-json\/wp\/v2\/comments?post=6363"}],"version-history":[{"count":3,"href":"https:\/\/villena.salesianos.edu\/colegio\/wp-json\/wp\/v2\/posts\/6363\/revisions"}],"predecessor-version":[{"id":6368,"href":"https:\/\/villena.salesianos.edu\/colegio\/wp-json\/wp\/v2\/posts\/6363\/revisions\/6368"}],"wp:featuredmedia":[{"embeddable":true,"href":"https:\/\/villena.salesianos.edu\/colegio\/wp-json\/wp\/v2\/media\/6366"}],"wp:attachment":[{"href":"https:\/\/villena.salesianos.edu\/colegio\/wp-json\/wp\/v2\/media?parent=6363"}],"wp:term":[{"taxonomy":"category","embeddable":true,"href":"https:\/\/villena.salesianos.edu\/colegio\/wp-json\/wp\/v2\/categories?post=6363"},{"taxonomy":"post_tag","embeddable":true,"href":"https:\/\/villena.salesianos.edu\/colegio\/wp-json\/wp\/v2\/tags?post=6363"}],"curies":[{"name":"wp","href":"https:\/\/api.w.org\/{rel}","templated":true}]}}