{"id":6776,"date":"2018-05-19T11:49:24","date_gmt":"2018-05-19T10:49:24","guid":{"rendered":"https:\/\/villena.salesianos.edu\/colegio\/?p=6776"},"modified":"2018-05-19T11:57:24","modified_gmt":"2018-05-19T10:57:24","slug":"quedan-inauguradas-las-olimpiadas-2018-en-honor-a-ma-auxiliadora","status":"publish","type":"post","link":"https:\/\/villena.salesianos.edu\/colegio\/quedan-inauguradas-las-olimpiadas-2018-en-honor-a-ma-auxiliadora\/","title":{"rendered":"Quedan Inauguradas las Olimpiadas 2018 en Honor a M\u00aa Auxiliadora"},"content":{"rendered":"<p>[et_pb_section bb_built=\u00bb1&#8243; admin_label=\u00bbsection\u00bb][et_pb_row admin_label=\u00bbrow\u00bb background_position=\u00bbtop_left\u00bb background_repeat=\u00bbrepeat\u00bb background_size=\u00bbinitial\u00bb][et_pb_column type=\u00bb4_4&#8243;][et_pb_text admin_label=\u00bbEntradilla (Texto)\u00bb _builder_version=\u00bb3.0.92&#8243; background_layout=\u00bblight\u00bb text_orientation=\u00bbjustified\u00bb text_font=\u00bb|on|||\u00bb]<\/p>\n<p><strong>Ceremonia cargada de espect\u00e1culos y momentos emotivos.<\/strong><\/p>\n<p>[\/et_pb_text][et_pb_text admin_label=\u00bbAutor (Texto)\u00bb _builder_version=\u00bb3.0.92&#8243; background_layout=\u00bblight\u00bb text_font=\u00bb||on||\u00bb border_style=\u00bbsolid\u00bb]<\/p>\n<p><em>Por Equipo Comunicaci\u00f3n y Marketing<\/em><\/p>\n<p>[\/et_pb_text][et_pb_text admin_label=\u00bbDesarrollo (Texto)\u00bb _builder_version=\u00bb3.0.92&#8243; background_layout=\u00bblight\u00bb text_orientation=\u00bbjustified\u00bb]<\/p>\n<p><span style=\"font-weight: 400;\">El acto se iniciaba con la presencia de los m\u00e1s peque\u00f1os con sus antorchas para encender el pebetero.<\/span><\/p>\n<p><span style=\"font-weight: 400;\">Seguidamente, las ni\u00f1as de la actividad extraescolar de danza, nos deleitaron con un bonito baile y nuestras alumnas pertenecientes al club de gimnasia r\u00edtmica de Villena, nos sorprendieron con una bonita actuaci\u00f3n. Adem\u00e1s de una incre\u00edble exhibici\u00f3n de patinaje por toda la pista cubierta; acrobacias, giros y saltos al alcance de muy pocos.<\/span><\/p>\n<p><span style=\"font-weight: 400;\">A continuaci\u00f3n, diferentes grupos deportivos, formados por alumnos del colegio, hac\u00edan una breve exhibici\u00f3n de sus talentos en deportes como voleibol, f\u00fatbol, baloncesto, malabares y tenis.<\/span><\/p>\n<p><span style=\"font-weight: 400;\">Una vez terminadas las diferentes actuaciones, se daba paso a un emotivo desfile de banderas; ni\u00f1os con sus grupos, mascotas, manifiestos\u2026<\/span><span style=\"font-weight: 400;\"><br \/>\n<\/span><span style=\"font-weight: 400;\">Como novedad este curso, durante el desfile de banderas se complet\u00f3 un panel con valores deportivos y que son lo que realmente perseguimos desde hace tanto a\u00f1os de participaci\u00f3n de estas olimpiadas.<\/span><\/p>\n<p><span style=\"font-weight: 400;\">Y por fin llegaba el gran momento, <strong>aparec\u00eda la antorcha<\/strong>, que desde el Santuario de la Virgen de las Virtudes, tra\u00edan encendida los alumnos de 4\u00ba de ESO.<\/span><\/p>\n<p><span style=\"font-weight: 400;\">Como todos los a\u00f1os\u2026 nuestros alumnos de 6\u00ba consiguieron hacernos mover el esqueleto a todo el colegio con la canci\u00f3n \u201cYo contigo, t\u00fa conmigo\u201d.<\/span><\/p>\n<p><span style=\"font-weight: 400;\">Tras el baile, los directores, Don Rafael Hern\u00e1ndez y Don Jos\u00e9 Joaqu\u00edn Coma Torres, nos dedicaron a todos unas bonitas palabras y, con una traca final, quedaron por fin <strong>inauguradas las Olimpiadas 2018<\/strong>.<\/span><\/p>\n<p><span style=\"font-weight: 400;\">Este a\u00f1o hemos querido hacer una menci\u00f3n y dedicatoria especial a nuestro querido<strong> Fernando Domene<\/strong>, fallecido en Diciembre del a\u00f1o pasado. Gran propulsor del deporte educativo en nuestro centro y localidad, form\u00f3 parte de la comisi\u00f3n para elegir los colores que actualmente definen nuestro centro, el verde y naranja. Nadie mejor representaba los valores que tanto defendemos con estas Olimpiadas: Alegr\u00eda, Cercan\u00eda, Solidaridad, Cooperaci\u00f3n y un largo etc\u00e9tera de sentimientos y emociones que durante la ma\u00f1ana de hoy se encontraron en el patio del colegio.<\/span><\/p>\n<p><span style=\"font-weight: 400;\">Esperamos que todos los alumnos disfruten de este tiempo deportivo que tanto nos une y nos enorgullece, pues son estos momentos los que m\u00e1s se recuerdan en el futuro, momentos cargados de experiencias vividas junto a nuestros compa\u00f1eros y profesores. <\/span><\/p>\n<h3><strong>\u00a1Felices olimpiadas!<\/strong><\/h3>\n<div style=\"width:100%\"><div class=\"wd_error\"><p><strong>No hay una galer\u00eda seleccionada o la galer\u00eda se ha eliminado.<\/strong><\/p><\/div><\/div>\n<div style=\"width:100%\"><div class=\"wd_error\"><p><strong>No hay una galer\u00eda seleccionada o la galer\u00eda se ha eliminado.<\/strong><\/p><\/div><\/div>\n<p>[\/et_pb_text][et_pb_text admin_label=\u00bbT\u00edtulo: Galer\u00eda de fotos (Texto)\u00bb _builder_version=\u00bb3.0.51&#8243; background_layout=\u00bblight\u00bb text_orientation=\u00bbleft\u00bb text_font=\u00bb|on|||\u00bb text_text_color=\u00bb#dc001b\u00bb border_style=\u00bbsolid\u00bb disabled=\u00bbon\u00bb disabled_on=\u00bbon|on|on\u00bb]<\/p>\n<p>Galer\u00eda de im\u00e1genes<\/p>\n<p>[\/et_pb_text][et_pb_gallery _builder_version=\u00bb3.0.51&#8243; posts_number=\u00bb8&#8243; show_title_and_caption=\u00bboff\u00bb show_pagination=\u00bbon\u00bb fullwidth=\u00bboff\u00bb orientation=\u00bblandscape\u00bb zoom_icon_color=\u00bb#dc001b\u00bb hover_overlay_color=\u00bbrgba(255,255,255,0.9)\u00bb hover_icon=\u00bb%%51%%\u00bb background_layout=\u00bblight\u00bb border_style=\u00bbsolid\u00bb auto=\u00bboff\u00bb disabled=\u00bbon\u00bb disabled_on=\u00bbon|on|on\u00bb \/][et_pb_video _builder_version=\u00bb3.0.51&#8243; disabled=\u00bbon\u00bb disabled_on=\u00bbon|on|on\u00bb \/][\/et_pb_column][\/et_pb_row][\/et_pb_section]<\/p>\n","protected":false},"excerpt":{"rendered":"<p>Ceremonia cargada de espect\u00e1culos y momentos emotivos. Por Equipo Comunicaci\u00f3n y Marketing El acto se iniciaba con la presencia de los m\u00e1s peque\u00f1os con sus antorchas para encender el pebetero. Seguidamente, las ni\u00f1as de la actividad extraescolar de danza, nos deleitaron con un bonito baile y nuestras alumnas pertenecientes al club de gimnasia r\u00edtmica de [&hellip;]<\/p>\n","protected":false},"author":2,"featured_media":6781,"comment_status":"open","ping_status":"open","sticky":false,"template":"","format":"standard","meta":{"_et_pb_use_builder":"on","_et_pb_old_content":"","_et_gb_content_width":"","footnotes":""},"categories":[22,30,24],"tags":[],"class_list":["post-6776","post","type-post","status-publish","format-standard","has-post-thumbnail","hentry","category-colegio","category-deporteeducativo","category-portadanoticias"],"yoast_head":"<!-- This site is optimized with the Yoast SEO plugin v28.3 - https:\/\/yoast.com\/product\/yoast-seo-wordpress\/ -->\n<title>Quedan Inauguradas las Olimpiadas 2018 en Honor a M\u00aa Auxiliadora - Colegio Salesiano M\u00aa Auxiliadora Villena<\/title>\n<meta name=\"robots\" content=\"index, follow, max-snippet:-1, max-image-preview:large, max-video-preview:-1\" \/>\n<link rel=\"canonical\" href=\"https:\/\/villena.salesianos.edu\/colegio\/quedan-inauguradas-las-olimpiadas-2018-en-honor-a-ma-auxiliadora\/\" \/>\n<meta property=\"og:locale\" content=\"es_ES\" \/>\n<meta property=\"og:type\" content=\"article\" \/>\n<meta property=\"og:title\" content=\"Quedan Inauguradas las Olimpiadas 2018 en Honor a M\u00aa Auxiliadora - Colegio Salesiano M\u00aa Auxiliadora Villena\" \/>\n<meta property=\"og:description\" content=\"Ceremonia cargada de espect\u00e1culos y momentos emotivos. Por Equipo Comunicaci\u00f3n y Marketing El acto se iniciaba con la presencia de los m\u00e1s peque\u00f1os con sus antorchas para encender el pebetero. Seguidamente, las ni\u00f1as de la actividad extraescolar de danza, nos deleitaron con un bonito baile y nuestras alumnas pertenecientes al club de gimnasia r\u00edtmica de [&hellip;]\" \/>\n<meta property=\"og:url\" content=\"https:\/\/villena.salesianos.edu\/colegio\/quedan-inauguradas-las-olimpiadas-2018-en-honor-a-ma-auxiliadora\/\" \/>\n<meta property=\"og:site_name\" content=\"Colegio Salesiano M\u00aa Auxiliadora Villena\" \/>\n<meta property=\"article:published_time\" content=\"2018-05-19T10:49:24+00:00\" \/>\n<meta property=\"article:modified_time\" content=\"2018-05-19T10:57:24+00:00\" \/>\n<meta property=\"og:image\" content=\"https:\/\/villena.salesianos.edu\/colegio\/wp-content\/uploads\/sites\/3\/2018\/05\/IMG_20180518_120617807-1024x768.jpg\" \/>\n\t<meta property=\"og:image:width\" content=\"1024\" \/>\n\t<meta property=\"og:image:height\" content=\"768\" \/>\n\t<meta property=\"og:image:type\" content=\"image\/jpeg\" \/>\n<meta name=\"author\" content=\"Gestor Web\" \/>\n<meta name=\"twitter:card\" content=\"summary_large_image\" \/>\n<meta name=\"twitter:label1\" content=\"Escrito por\" \/>\n\t<meta name=\"twitter:data1\" content=\"Gestor Web\" \/>\n\t<meta name=\"twitter:label2\" content=\"Tiempo de lectura\" \/>\n\t<meta name=\"twitter:data2\" content=\"3 minutos\" \/>\n<script type=\"application\/ld+json\" class=\"yoast-schema-graph\">{\"@context\":\"https:\\\/\\\/schema.org\",\"@graph\":[{\"@type\":\"Article\",\"@id\":\"https:\\\/\\\/villena.salesianos.edu\\\/colegio\\\/quedan-inauguradas-las-olimpiadas-2018-en-honor-a-ma-auxiliadora\\\/#article\",\"isPartOf\":{\"@id\":\"https:\\\/\\\/villena.salesianos.edu\\\/colegio\\\/quedan-inauguradas-las-olimpiadas-2018-en-honor-a-ma-auxiliadora\\\/\"},\"author\":{\"name\":\"Gestor Web\",\"@id\":\"https:\\\/\\\/villena.salesianos.edu\\\/colegio\\\/#\\\/schema\\\/person\\\/737fd46edc5ae7d6c9b94da26c0e9302\"},\"headline\":\"Quedan Inauguradas las Olimpiadas 2018 en Honor a M\u00aa Auxiliadora\",\"datePublished\":\"2018-05-19T10:49:24+00:00\",\"dateModified\":\"2018-05-19T10:57:24+00:00\",\"mainEntityOfPage\":{\"@id\":\"https:\\\/\\\/villena.salesianos.edu\\\/colegio\\\/quedan-inauguradas-las-olimpiadas-2018-en-honor-a-ma-auxiliadora\\\/\"},\"wordCount\":633,\"commentCount\":0,\"image\":{\"@id\":\"https:\\\/\\\/villena.salesianos.edu\\\/colegio\\\/quedan-inauguradas-las-olimpiadas-2018-en-honor-a-ma-auxiliadora\\\/#primaryimage\"},\"thumbnailUrl\":\"https:\\\/\\\/villena.salesianos.edu\\\/colegio\\\/wp-content\\\/uploads\\\/sites\\\/3\\\/2018\\\/05\\\/IMG_20180518_120617807.jpg\",\"articleSection\":[\"Colegio\",\"Deporte educativo\",\"Portada Noticias\"],\"inLanguage\":\"es\",\"potentialAction\":[{\"@type\":\"CommentAction\",\"name\":\"Comment\",\"target\":[\"https:\\\/\\\/villena.salesianos.edu\\\/colegio\\\/quedan-inauguradas-las-olimpiadas-2018-en-honor-a-ma-auxiliadora\\\/#respond\"]}]},{\"@type\":\"WebPage\",\"@id\":\"https:\\\/\\\/villena.salesianos.edu\\\/colegio\\\/quedan-inauguradas-las-olimpiadas-2018-en-honor-a-ma-auxiliadora\\\/\",\"url\":\"https:\\\/\\\/villena.salesianos.edu\\\/colegio\\\/quedan-inauguradas-las-olimpiadas-2018-en-honor-a-ma-auxiliadora\\\/\",\"name\":\"Quedan Inauguradas las Olimpiadas 2018 en Honor a M\u00aa Auxiliadora - Colegio Salesiano M\u00aa Auxiliadora Villena\",\"isPartOf\":{\"@id\":\"https:\\\/\\\/villena.salesianos.edu\\\/colegio\\\/#website\"},\"primaryImageOfPage\":{\"@id\":\"https:\\\/\\\/villena.salesianos.edu\\\/colegio\\\/quedan-inauguradas-las-olimpiadas-2018-en-honor-a-ma-auxiliadora\\\/#primaryimage\"},\"image\":{\"@id\":\"https:\\\/\\\/villena.salesianos.edu\\\/colegio\\\/quedan-inauguradas-las-olimpiadas-2018-en-honor-a-ma-auxiliadora\\\/#primaryimage\"},\"thumbnailUrl\":\"https:\\\/\\\/villena.salesianos.edu\\\/colegio\\\/wp-content\\\/uploads\\\/sites\\\/3\\\/2018\\\/05\\\/IMG_20180518_120617807.jpg\",\"datePublished\":\"2018-05-19T10:49:24+00:00\",\"dateModified\":\"2018-05-19T10:57:24+00:00\",\"author\":{\"@id\":\"https:\\\/\\\/villena.salesianos.edu\\\/colegio\\\/#\\\/schema\\\/person\\\/737fd46edc5ae7d6c9b94da26c0e9302\"},\"breadcrumb\":{\"@id\":\"https:\\\/\\\/villena.salesianos.edu\\\/colegio\\\/quedan-inauguradas-las-olimpiadas-2018-en-honor-a-ma-auxiliadora\\\/#breadcrumb\"},\"inLanguage\":\"es\",\"potentialAction\":[{\"@type\":\"ReadAction\",\"target\":[\"https:\\\/\\\/villena.salesianos.edu\\\/colegio\\\/quedan-inauguradas-las-olimpiadas-2018-en-honor-a-ma-auxiliadora\\\/\"]}]},{\"@type\":\"ImageObject\",\"inLanguage\":\"es\",\"@id\":\"https:\\\/\\\/villena.salesianos.edu\\\/colegio\\\/quedan-inauguradas-las-olimpiadas-2018-en-honor-a-ma-auxiliadora\\\/#primaryimage\",\"url\":\"https:\\\/\\\/villena.salesianos.edu\\\/colegio\\\/wp-content\\\/uploads\\\/sites\\\/3\\\/2018\\\/05\\\/IMG_20180518_120617807.jpg\",\"contentUrl\":\"https:\\\/\\\/villena.salesianos.edu\\\/colegio\\\/wp-content\\\/uploads\\\/sites\\\/3\\\/2018\\\/05\\\/IMG_20180518_120617807.jpg\",\"width\":4608,\"height\":3456},{\"@type\":\"BreadcrumbList\",\"@id\":\"https:\\\/\\\/villena.salesianos.edu\\\/colegio\\\/quedan-inauguradas-las-olimpiadas-2018-en-honor-a-ma-auxiliadora\\\/#breadcrumb\",\"itemListElement\":[{\"@type\":\"ListItem\",\"position\":1,\"name\":\"Portada\",\"item\":\"https:\\\/\\\/villena.salesianos.edu\\\/colegio\\\/\"},{\"@type\":\"ListItem\",\"position\":2,\"name\":\"Quedan Inauguradas las Olimpiadas 2018 en Honor a M\u00aa Auxiliadora\"}]},{\"@type\":\"WebSite\",\"@id\":\"https:\\\/\\\/villena.salesianos.edu\\\/colegio\\\/#website\",\"url\":\"https:\\\/\\\/villena.salesianos.edu\\\/colegio\\\/\",\"name\":\"Colegio Salesiano M\u00aa Auxiliadora Villena\",\"description\":\"P\u00e1gina oficial Salesianos Villena\",\"potentialAction\":[{\"@type\":\"SearchAction\",\"target\":{\"@type\":\"EntryPoint\",\"urlTemplate\":\"https:\\\/\\\/villena.salesianos.edu\\\/colegio\\\/?s={search_term_string}\"},\"query-input\":{\"@type\":\"PropertyValueSpecification\",\"valueRequired\":true,\"valueName\":\"search_term_string\"}}],\"inLanguage\":\"es\"},{\"@type\":\"Person\",\"@id\":\"https:\\\/\\\/villena.salesianos.edu\\\/colegio\\\/#\\\/schema\\\/person\\\/737fd46edc5ae7d6c9b94da26c0e9302\",\"name\":\"Gestor Web\",\"image\":{\"@type\":\"ImageObject\",\"inLanguage\":\"es\",\"@id\":\"https:\\\/\\\/secure.gravatar.com\\\/avatar\\\/44469746e1b6443cd011d1759fdc3b9fdcdae4a08dc0ddd85247651cb065486d?s=96&d=mm&r=g\",\"url\":\"https:\\\/\\\/secure.gravatar.com\\\/avatar\\\/44469746e1b6443cd011d1759fdc3b9fdcdae4a08dc0ddd85247651cb065486d?s=96&d=mm&r=g\",\"contentUrl\":\"https:\\\/\\\/secure.gravatar.com\\\/avatar\\\/44469746e1b6443cd011d1759fdc3b9fdcdae4a08dc0ddd85247651cb065486d?s=96&d=mm&r=g\",\"caption\":\"Gestor Web\"}}]}<\/script>\n<!-- \/ Yoast SEO plugin. -->","yoast_head_json":{"title":"Quedan Inauguradas las Olimpiadas 2018 en Honor a M\u00aa Auxiliadora - Colegio Salesiano M\u00aa Auxiliadora Villena","robots":{"index":"index","follow":"follow","max-snippet":"max-snippet:-1","max-image-preview":"max-image-preview:large","max-video-preview":"max-video-preview:-1"},"canonical":"https:\/\/villena.salesianos.edu\/colegio\/quedan-inauguradas-las-olimpiadas-2018-en-honor-a-ma-auxiliadora\/","og_locale":"es_ES","og_type":"article","og_title":"Quedan Inauguradas las Olimpiadas 2018 en Honor a M\u00aa Auxiliadora - Colegio Salesiano M\u00aa Auxiliadora Villena","og_description":"Ceremonia cargada de espect\u00e1culos y momentos emotivos. Por Equipo Comunicaci\u00f3n y Marketing El acto se iniciaba con la presencia de los m\u00e1s peque\u00f1os con sus antorchas para encender el pebetero. Seguidamente, las ni\u00f1as de la actividad extraescolar de danza, nos deleitaron con un bonito baile y nuestras alumnas pertenecientes al club de gimnasia r\u00edtmica de [&hellip;]","og_url":"https:\/\/villena.salesianos.edu\/colegio\/quedan-inauguradas-las-olimpiadas-2018-en-honor-a-ma-auxiliadora\/","og_site_name":"Colegio Salesiano M\u00aa Auxiliadora Villena","article_published_time":"2018-05-19T10:49:24+00:00","article_modified_time":"2018-05-19T10:57:24+00:00","og_image":[{"width":1024,"height":768,"url":"https:\/\/villena.salesianos.edu\/colegio\/wp-content\/uploads\/sites\/3\/2018\/05\/IMG_20180518_120617807-1024x768.jpg","type":"image\/jpeg"}],"author":"Gestor Web","twitter_card":"summary_large_image","twitter_misc":{"Escrito por":"Gestor Web","Tiempo de lectura":"3 minutos"},"schema":{"@context":"https:\/\/schema.org","@graph":[{"@type":"Article","@id":"https:\/\/villena.salesianos.edu\/colegio\/quedan-inauguradas-las-olimpiadas-2018-en-honor-a-ma-auxiliadora\/#article","isPartOf":{"@id":"https:\/\/villena.salesianos.edu\/colegio\/quedan-inauguradas-las-olimpiadas-2018-en-honor-a-ma-auxiliadora\/"},"author":{"name":"Gestor Web","@id":"https:\/\/villena.salesianos.edu\/colegio\/#\/schema\/person\/737fd46edc5ae7d6c9b94da26c0e9302"},"headline":"Quedan Inauguradas las Olimpiadas 2018 en Honor a M\u00aa Auxiliadora","datePublished":"2018-05-19T10:49:24+00:00","dateModified":"2018-05-19T10:57:24+00:00","mainEntityOfPage":{"@id":"https:\/\/villena.salesianos.edu\/colegio\/quedan-inauguradas-las-olimpiadas-2018-en-honor-a-ma-auxiliadora\/"},"wordCount":633,"commentCount":0,"image":{"@id":"https:\/\/villena.salesianos.edu\/colegio\/quedan-inauguradas-las-olimpiadas-2018-en-honor-a-ma-auxiliadora\/#primaryimage"},"thumbnailUrl":"https:\/\/villena.salesianos.edu\/colegio\/wp-content\/uploads\/sites\/3\/2018\/05\/IMG_20180518_120617807.jpg","articleSection":["Colegio","Deporte educativo","Portada Noticias"],"inLanguage":"es","potentialAction":[{"@type":"CommentAction","name":"Comment","target":["https:\/\/villena.salesianos.edu\/colegio\/quedan-inauguradas-las-olimpiadas-2018-en-honor-a-ma-auxiliadora\/#respond"]}]},{"@type":"WebPage","@id":"https:\/\/villena.salesianos.edu\/colegio\/quedan-inauguradas-las-olimpiadas-2018-en-honor-a-ma-auxiliadora\/","url":"https:\/\/villena.salesianos.edu\/colegio\/quedan-inauguradas-las-olimpiadas-2018-en-honor-a-ma-auxiliadora\/","name":"Quedan Inauguradas las Olimpiadas 2018 en Honor a M\u00aa Auxiliadora - Colegio Salesiano M\u00aa Auxiliadora Villena","isPartOf":{"@id":"https:\/\/villena.salesianos.edu\/colegio\/#website"},"primaryImageOfPage":{"@id":"https:\/\/villena.salesianos.edu\/colegio\/quedan-inauguradas-las-olimpiadas-2018-en-honor-a-ma-auxiliadora\/#primaryimage"},"image":{"@id":"https:\/\/villena.salesianos.edu\/colegio\/quedan-inauguradas-las-olimpiadas-2018-en-honor-a-ma-auxiliadora\/#primaryimage"},"thumbnailUrl":"https:\/\/villena.salesianos.edu\/colegio\/wp-content\/uploads\/sites\/3\/2018\/05\/IMG_20180518_120617807.jpg","datePublished":"2018-05-19T10:49:24+00:00","dateModified":"2018-05-19T10:57:24+00:00","author":{"@id":"https:\/\/villena.salesianos.edu\/colegio\/#\/schema\/person\/737fd46edc5ae7d6c9b94da26c0e9302"},"breadcrumb":{"@id":"https:\/\/villena.salesianos.edu\/colegio\/quedan-inauguradas-las-olimpiadas-2018-en-honor-a-ma-auxiliadora\/#breadcrumb"},"inLanguage":"es","potentialAction":[{"@type":"ReadAction","target":["https:\/\/villena.salesianos.edu\/colegio\/quedan-inauguradas-las-olimpiadas-2018-en-honor-a-ma-auxiliadora\/"]}]},{"@type":"ImageObject","inLanguage":"es","@id":"https:\/\/villena.salesianos.edu\/colegio\/quedan-inauguradas-las-olimpiadas-2018-en-honor-a-ma-auxiliadora\/#primaryimage","url":"https:\/\/villena.salesianos.edu\/colegio\/wp-content\/uploads\/sites\/3\/2018\/05\/IMG_20180518_120617807.jpg","contentUrl":"https:\/\/villena.salesianos.edu\/colegio\/wp-content\/uploads\/sites\/3\/2018\/05\/IMG_20180518_120617807.jpg","width":4608,"height":3456},{"@type":"BreadcrumbList","@id":"https:\/\/villena.salesianos.edu\/colegio\/quedan-inauguradas-las-olimpiadas-2018-en-honor-a-ma-auxiliadora\/#breadcrumb","itemListElement":[{"@type":"ListItem","position":1,"name":"Portada","item":"https:\/\/villena.salesianos.edu\/colegio\/"},{"@type":"ListItem","position":2,"name":"Quedan Inauguradas las Olimpiadas 2018 en Honor a M\u00aa Auxiliadora"}]},{"@type":"WebSite","@id":"https:\/\/villena.salesianos.edu\/colegio\/#website","url":"https:\/\/villena.salesianos.edu\/colegio\/","name":"Colegio Salesiano M\u00aa Auxiliadora Villena","description":"P\u00e1gina oficial Salesianos Villena","potentialAction":[{"@type":"SearchAction","target":{"@type":"EntryPoint","urlTemplate":"https:\/\/villena.salesianos.edu\/colegio\/?s={search_term_string}"},"query-input":{"@type":"PropertyValueSpecification","valueRequired":true,"valueName":"search_term_string"}}],"inLanguage":"es"},{"@type":"Person","@id":"https:\/\/villena.salesianos.edu\/colegio\/#\/schema\/person\/737fd46edc5ae7d6c9b94da26c0e9302","name":"Gestor Web","image":{"@type":"ImageObject","inLanguage":"es","@id":"https:\/\/secure.gravatar.com\/avatar\/44469746e1b6443cd011d1759fdc3b9fdcdae4a08dc0ddd85247651cb065486d?s=96&d=mm&r=g","url":"https:\/\/secure.gravatar.com\/avatar\/44469746e1b6443cd011d1759fdc3b9fdcdae4a08dc0ddd85247651cb065486d?s=96&d=mm&r=g","contentUrl":"https:\/\/secure.gravatar.com\/avatar\/44469746e1b6443cd011d1759fdc3b9fdcdae4a08dc0ddd85247651cb065486d?s=96&d=mm&r=g","caption":"Gestor Web"}}]}},"_links":{"self":[{"href":"https:\/\/villena.salesianos.edu\/colegio\/wp-json\/wp\/v2\/posts\/6776","targetHints":{"allow":["GET"]}}],"collection":[{"href":"https:\/\/villena.salesianos.edu\/colegio\/wp-json\/wp\/v2\/posts"}],"about":[{"href":"https:\/\/villena.salesianos.edu\/colegio\/wp-json\/wp\/v2\/types\/post"}],"author":[{"embeddable":true,"href":"https:\/\/villena.salesianos.edu\/colegio\/wp-json\/wp\/v2\/users\/2"}],"replies":[{"embeddable":true,"href":"https:\/\/villena.salesianos.edu\/colegio\/wp-json\/wp\/v2\/comments?post=6776"}],"version-history":[{"count":4,"href":"https:\/\/villena.salesianos.edu\/colegio\/wp-json\/wp\/v2\/posts\/6776\/revisions"}],"predecessor-version":[{"id":6782,"href":"https:\/\/villena.salesianos.edu\/colegio\/wp-json\/wp\/v2\/posts\/6776\/revisions\/6782"}],"wp:featuredmedia":[{"embeddable":true,"href":"https:\/\/villena.salesianos.edu\/colegio\/wp-json\/wp\/v2\/media\/6781"}],"wp:attachment":[{"href":"https:\/\/villena.salesianos.edu\/colegio\/wp-json\/wp\/v2\/media?parent=6776"}],"wp:term":[{"taxonomy":"category","embeddable":true,"href":"https:\/\/villena.salesianos.edu\/colegio\/wp-json\/wp\/v2\/categories?post=6776"},{"taxonomy":"post_tag","embeddable":true,"href":"https:\/\/villena.salesianos.edu\/colegio\/wp-json\/wp\/v2\/tags?post=6776"}],"curies":[{"name":"wp","href":"https:\/\/api.w.org\/{rel}","templated":true}]}}