{"id":6790,"date":"2018-05-21T08:38:55","date_gmt":"2018-05-21T07:38:55","guid":{"rendered":"https:\/\/villena.salesianos.edu\/colegio\/?p=6790"},"modified":"2018-05-21T08:38:55","modified_gmt":"2018-05-21T07:38:55","slug":"primeras-comuniones-2018","status":"publish","type":"post","link":"https:\/\/villena.salesianos.edu\/colegio\/primeras-comuniones-2018\/","title":{"rendered":"Primeras Comuniones 2018"},"content":{"rendered":"<p>[et_pb_section bb_built=\u00bb1&#8243; admin_label=\u00bbsection\u00bb][et_pb_row admin_label=\u00bbrow\u00bb background_position=\u00bbtop_left\u00bb background_repeat=\u00bbrepeat\u00bb background_size=\u00bbinitial\u00bb][et_pb_column type=\u00bb4_4&#8243;][et_pb_text admin_label=\u00bbEntradilla (Texto)\u00bb _builder_version=\u00bb3.0.92&#8243; background_layout=\u00bblight\u00bb text_orientation=\u00bbjustified\u00bb text_font=\u00bb|on|||\u00bb border_style=\u00bbsolid\u00bb]<\/p>\n<h2 class=\"western\"><span style=\"color: #494949;\"><span style=\"font-size: small;\"><b>Cuatro grupos de 50 ni\u00f1os, han hecho su primera comuni\u00f3n durante los d\u00edas 12, 13, 19 y 20 de Mayo.<\/b><\/span><\/span><\/h2>\n<p>[\/et_pb_text][et_pb_text admin_label=\u00bbAutor (Texto)\u00bb _builder_version=\u00bb3.0.92&#8243; background_layout=\u00bblight\u00bb text_font=\u00bb||on||\u00bb border_style=\u00bbsolid\u00bb]<\/p>\n<p><em>Por Equipo Comunicaci\u00f3n y Marketing<\/em><\/p>\n<p>[\/et_pb_text][et_pb_text admin_label=\u00bbDesarrollo (Texto)\u00bb _builder_version=\u00bb3.0.92&#8243; background_layout=\u00bblight\u00bb text_orientation=\u00bbjustified\u00bb border_style=\u00bbsolid\u00bb]<\/p>\n<p><span style=\"color: #494949;\"><span style=\"font-size: small;\">Despu\u00e9s de tres a\u00f1os participando en la catequesis para la primera comuni\u00f3n, lleg\u00f3 el esperado d\u00eda.<\/span><\/span><\/p>\n<p align=\"justify\"><span style=\"color: #494949;\"><span style=\"font-size: small;\">Han sido intensos estos a\u00f1os en preparaci\u00f3n y en horarios a\u00f1adidos a la jornada escolar o laboral, porque <\/span><\/span><span style=\"color: #494949;\"><span style=\"font-size: small;\"><b>tambi\u00e9n los pap\u00e1s han tenido que asistir a charlas e informaci\u00f3n<\/b><\/span><\/span><span style=\"color: #494949;\"><span style=\"font-size: small;\"> para que la participaci\u00f3n en el sacramento sea una experiencia sentida en lo m\u00e1s hondo y vivida en el propio quehacer de cada jornada.<\/span><\/span><\/p>\n<p align=\"justify\"><span style=\"color: #494949;\"><span style=\"font-size: small;\">Los tiempos transcurridos con las catequistas y con los mismos amigos y amigas, compa\u00f1eros en tareas y juegos, se han ido llenando de <\/span><\/span><span style=\"color: #494949;\"><span style=\"font-size: small;\"><b>vivencias profundas<\/b><\/span><\/span><span style=\"color: #494949;\"><span style=\"font-size: small;\">; todo para que no sea una pura ceremonia sino que <\/span><\/span><span style=\"color: #494949;\"><span style=\"font-size: small;\"><b>se constituya en sentimiento que se vive y ahonda en los cotidiano.<\/b><\/span><\/span><\/p>\n<p align=\"justify\"><span style=\"color: #494949;\"><span style=\"font-size: small;\"><b>Aprendizajes, convivencias, experiencias intensas y personales <\/b><\/span><\/span><span style=\"color: #494949;\"><span style=\"font-size: small;\">que se han ido acumulando hasta constituir un sacramento de Jes\u00fas: quien come de este pan vivir\u00e1 para siempre.<\/span><\/span><\/p>\n<p align=\"justify\"><span style=\"color: #494949;\"><span style=\"font-size: small;\">A lo largo de los a\u00f1os escolares -ocho a\u00f1os m\u00e1s- <\/span><\/span><span style=\"color: #494949;\"><span style=\"font-size: small;\"><b>se seguir\u00e1 fomentando y participando en el sacramento<\/b><\/span><\/span><span style=\"color: #494949;\"><span style=\"font-size: small;\"> en los momentos lit\u00fargicos m\u00e1s se\u00f1alados; as\u00ed la \u201cprimera comuni\u00f3n\u201d ser\u00e1 el comienzo de otros tantos gestos y participaciones para que crezca ni\u00f1o o ni\u00f1a en su compromiso de fe.<\/span><\/span><\/p>\n<p align=\"justify\"><span style=\"color: #494949;\"><span style=\"font-size: small;\">\u00a1Enhorabuena a padres y ni\u00f1os, a catequistas, a cuantos han contribuido en que todas las tareas!<\/span><\/span><\/p>\n<div style=\"width:100%\"><div class=\"wd_error\"><p><strong>No hay una galer\u00eda seleccionada o la galer\u00eda se ha eliminado.<\/strong><\/p><\/div><\/div>\n<p>[\/et_pb_text][et_pb_text admin_label=\u00bbT\u00edtulo: Galer\u00eda de fotos (Texto)\u00bb _builder_version=\u00bb3.0.51&#8243; background_layout=\u00bblight\u00bb text_orientation=\u00bbleft\u00bb text_font=\u00bb|on|||\u00bb text_text_color=\u00bb#dc001b\u00bb border_style=\u00bbsolid\u00bb disabled=\u00bbon\u00bb disabled_on=\u00bbon|on|on\u00bb]<\/p>\n<p>Galer\u00eda de im\u00e1genes<\/p>\n<p>[\/et_pb_text][et_pb_gallery _builder_version=\u00bb3.0.51&#8243; posts_number=\u00bb8&#8243; show_title_and_caption=\u00bboff\u00bb show_pagination=\u00bbon\u00bb fullwidth=\u00bboff\u00bb orientation=\u00bblandscape\u00bb zoom_icon_color=\u00bb#dc001b\u00bb hover_overlay_color=\u00bbrgba(255,255,255,0.9)\u00bb hover_icon=\u00bb%%51%%\u00bb background_layout=\u00bblight\u00bb border_style=\u00bbsolid\u00bb auto=\u00bboff\u00bb disabled=\u00bbon\u00bb disabled_on=\u00bbon|on|on\u00bb \/][et_pb_video _builder_version=\u00bb3.0.51&#8243; disabled=\u00bbon\u00bb disabled_on=\u00bbon|on|on\u00bb \/][\/et_pb_column][\/et_pb_row][\/et_pb_section]<\/p>\n","protected":false},"excerpt":{"rendered":"<p>Cuatro grupos de 50 ni\u00f1os, han hecho su primera comuni\u00f3n durante los d\u00edas 12, 13, 19 y 20 de Mayo. Por Equipo Comunicaci\u00f3n y Marketing Despu\u00e9s de tres a\u00f1os participando en la catequesis para la primera comuni\u00f3n, lleg\u00f3 el esperado d\u00eda. Han sido intensos estos a\u00f1os en preparaci\u00f3n y en horarios a\u00f1adidos a la jornada [&hellip;]<\/p>\n","protected":false},"author":2,"featured_media":6794,"comment_status":"open","ping_status":"open","sticky":false,"template":"","format":"standard","meta":{"_et_pb_use_builder":"on","_et_pb_old_content":"","_et_gb_content_width":"","footnotes":""},"categories":[22,24],"tags":[],"class_list":["post-6790","post","type-post","status-publish","format-standard","has-post-thumbnail","hentry","category-colegio","category-portadanoticias"],"yoast_head":"<!-- This site is optimized with the Yoast SEO plugin v28.3 - https:\/\/yoast.com\/product\/yoast-seo-wordpress\/ -->\n<title>Primeras Comuniones 2018 - Colegio Salesiano M\u00aa Auxiliadora Villena<\/title>\n<meta name=\"robots\" content=\"index, follow, max-snippet:-1, max-image-preview:large, max-video-preview:-1\" \/>\n<link rel=\"canonical\" href=\"https:\/\/villena.salesianos.edu\/colegio\/primeras-comuniones-2018\/\" \/>\n<meta property=\"og:locale\" content=\"es_ES\" \/>\n<meta property=\"og:type\" content=\"article\" \/>\n<meta property=\"og:title\" content=\"Primeras Comuniones 2018 - Colegio Salesiano M\u00aa Auxiliadora Villena\" \/>\n<meta property=\"og:description\" content=\"Cuatro grupos de 50 ni\u00f1os, han hecho su primera comuni\u00f3n durante los d\u00edas 12, 13, 19 y 20 de Mayo. Por Equipo Comunicaci\u00f3n y Marketing Despu\u00e9s de tres a\u00f1os participando en la catequesis para la primera comuni\u00f3n, lleg\u00f3 el esperado d\u00eda. Han sido intensos estos a\u00f1os en preparaci\u00f3n y en horarios a\u00f1adidos a la jornada [&hellip;]\" \/>\n<meta property=\"og:url\" content=\"https:\/\/villena.salesianos.edu\/colegio\/primeras-comuniones-2018\/\" \/>\n<meta property=\"og:site_name\" content=\"Colegio Salesiano M\u00aa Auxiliadora Villena\" \/>\n<meta property=\"article:published_time\" content=\"2018-05-21T07:38:55+00:00\" \/>\n<meta property=\"og:image\" content=\"https:\/\/villena.salesianos.edu\/colegio\/wp-content\/uploads\/sites\/3\/2018\/05\/comuniones09.jpg\" \/>\n\t<meta property=\"og:image:width\" content=\"1280\" \/>\n\t<meta property=\"og:image:height\" content=\"720\" \/>\n\t<meta property=\"og:image:type\" content=\"image\/jpeg\" \/>\n<meta name=\"author\" content=\"Gestor Web\" \/>\n<meta name=\"twitter:card\" content=\"summary_large_image\" \/>\n<meta name=\"twitter:label1\" content=\"Escrito por\" \/>\n\t<meta name=\"twitter:data1\" content=\"Gestor Web\" \/>\n\t<meta name=\"twitter:label2\" content=\"Tiempo de lectura\" \/>\n\t<meta name=\"twitter:data2\" content=\"2 minutos\" \/>\n<script type=\"application\/ld+json\" class=\"yoast-schema-graph\">{\"@context\":\"https:\\\/\\\/schema.org\",\"@graph\":[{\"@type\":\"Article\",\"@id\":\"https:\\\/\\\/villena.salesianos.edu\\\/colegio\\\/primeras-comuniones-2018\\\/#article\",\"isPartOf\":{\"@id\":\"https:\\\/\\\/villena.salesianos.edu\\\/colegio\\\/primeras-comuniones-2018\\\/\"},\"author\":{\"name\":\"Gestor Web\",\"@id\":\"https:\\\/\\\/villena.salesianos.edu\\\/colegio\\\/#\\\/schema\\\/person\\\/737fd46edc5ae7d6c9b94da26c0e9302\"},\"headline\":\"Primeras Comuniones 2018\",\"datePublished\":\"2018-05-21T07:38:55+00:00\",\"mainEntityOfPage\":{\"@id\":\"https:\\\/\\\/villena.salesianos.edu\\\/colegio\\\/primeras-comuniones-2018\\\/\"},\"wordCount\":468,\"commentCount\":0,\"image\":{\"@id\":\"https:\\\/\\\/villena.salesianos.edu\\\/colegio\\\/primeras-comuniones-2018\\\/#primaryimage\"},\"thumbnailUrl\":\"https:\\\/\\\/villena.salesianos.edu\\\/colegio\\\/wp-content\\\/uploads\\\/sites\\\/3\\\/2018\\\/05\\\/comuniones09.jpg\",\"articleSection\":[\"Colegio\",\"Portada Noticias\"],\"inLanguage\":\"es\",\"potentialAction\":[{\"@type\":\"CommentAction\",\"name\":\"Comment\",\"target\":[\"https:\\\/\\\/villena.salesianos.edu\\\/colegio\\\/primeras-comuniones-2018\\\/#respond\"]}]},{\"@type\":\"WebPage\",\"@id\":\"https:\\\/\\\/villena.salesianos.edu\\\/colegio\\\/primeras-comuniones-2018\\\/\",\"url\":\"https:\\\/\\\/villena.salesianos.edu\\\/colegio\\\/primeras-comuniones-2018\\\/\",\"name\":\"Primeras Comuniones 2018 - Colegio Salesiano M\u00aa Auxiliadora Villena\",\"isPartOf\":{\"@id\":\"https:\\\/\\\/villena.salesianos.edu\\\/colegio\\\/#website\"},\"primaryImageOfPage\":{\"@id\":\"https:\\\/\\\/villena.salesianos.edu\\\/colegio\\\/primeras-comuniones-2018\\\/#primaryimage\"},\"image\":{\"@id\":\"https:\\\/\\\/villena.salesianos.edu\\\/colegio\\\/primeras-comuniones-2018\\\/#primaryimage\"},\"thumbnailUrl\":\"https:\\\/\\\/villena.salesianos.edu\\\/colegio\\\/wp-content\\\/uploads\\\/sites\\\/3\\\/2018\\\/05\\\/comuniones09.jpg\",\"datePublished\":\"2018-05-21T07:38:55+00:00\",\"author\":{\"@id\":\"https:\\\/\\\/villena.salesianos.edu\\\/colegio\\\/#\\\/schema\\\/person\\\/737fd46edc5ae7d6c9b94da26c0e9302\"},\"breadcrumb\":{\"@id\":\"https:\\\/\\\/villena.salesianos.edu\\\/colegio\\\/primeras-comuniones-2018\\\/#breadcrumb\"},\"inLanguage\":\"es\",\"potentialAction\":[{\"@type\":\"ReadAction\",\"target\":[\"https:\\\/\\\/villena.salesianos.edu\\\/colegio\\\/primeras-comuniones-2018\\\/\"]}]},{\"@type\":\"ImageObject\",\"inLanguage\":\"es\",\"@id\":\"https:\\\/\\\/villena.salesianos.edu\\\/colegio\\\/primeras-comuniones-2018\\\/#primaryimage\",\"url\":\"https:\\\/\\\/villena.salesianos.edu\\\/colegio\\\/wp-content\\\/uploads\\\/sites\\\/3\\\/2018\\\/05\\\/comuniones09.jpg\",\"contentUrl\":\"https:\\\/\\\/villena.salesianos.edu\\\/colegio\\\/wp-content\\\/uploads\\\/sites\\\/3\\\/2018\\\/05\\\/comuniones09.jpg\",\"width\":1280,\"height\":720},{\"@type\":\"BreadcrumbList\",\"@id\":\"https:\\\/\\\/villena.salesianos.edu\\\/colegio\\\/primeras-comuniones-2018\\\/#breadcrumb\",\"itemListElement\":[{\"@type\":\"ListItem\",\"position\":1,\"name\":\"Portada\",\"item\":\"https:\\\/\\\/villena.salesianos.edu\\\/colegio\\\/\"},{\"@type\":\"ListItem\",\"position\":2,\"name\":\"Primeras Comuniones 2018\"}]},{\"@type\":\"WebSite\",\"@id\":\"https:\\\/\\\/villena.salesianos.edu\\\/colegio\\\/#website\",\"url\":\"https:\\\/\\\/villena.salesianos.edu\\\/colegio\\\/\",\"name\":\"Colegio Salesiano M\u00aa Auxiliadora Villena\",\"description\":\"P\u00e1gina oficial Salesianos Villena\",\"potentialAction\":[{\"@type\":\"SearchAction\",\"target\":{\"@type\":\"EntryPoint\",\"urlTemplate\":\"https:\\\/\\\/villena.salesianos.edu\\\/colegio\\\/?s={search_term_string}\"},\"query-input\":{\"@type\":\"PropertyValueSpecification\",\"valueRequired\":true,\"valueName\":\"search_term_string\"}}],\"inLanguage\":\"es\"},{\"@type\":\"Person\",\"@id\":\"https:\\\/\\\/villena.salesianos.edu\\\/colegio\\\/#\\\/schema\\\/person\\\/737fd46edc5ae7d6c9b94da26c0e9302\",\"name\":\"Gestor Web\",\"image\":{\"@type\":\"ImageObject\",\"inLanguage\":\"es\",\"@id\":\"https:\\\/\\\/secure.gravatar.com\\\/avatar\\\/44469746e1b6443cd011d1759fdc3b9fdcdae4a08dc0ddd85247651cb065486d?s=96&d=mm&r=g\",\"url\":\"https:\\\/\\\/secure.gravatar.com\\\/avatar\\\/44469746e1b6443cd011d1759fdc3b9fdcdae4a08dc0ddd85247651cb065486d?s=96&d=mm&r=g\",\"contentUrl\":\"https:\\\/\\\/secure.gravatar.com\\\/avatar\\\/44469746e1b6443cd011d1759fdc3b9fdcdae4a08dc0ddd85247651cb065486d?s=96&d=mm&r=g\",\"caption\":\"Gestor Web\"}}]}<\/script>\n<!-- \/ Yoast SEO plugin. -->","yoast_head_json":{"title":"Primeras Comuniones 2018 - Colegio Salesiano M\u00aa Auxiliadora Villena","robots":{"index":"index","follow":"follow","max-snippet":"max-snippet:-1","max-image-preview":"max-image-preview:large","max-video-preview":"max-video-preview:-1"},"canonical":"https:\/\/villena.salesianos.edu\/colegio\/primeras-comuniones-2018\/","og_locale":"es_ES","og_type":"article","og_title":"Primeras Comuniones 2018 - Colegio Salesiano M\u00aa Auxiliadora Villena","og_description":"Cuatro grupos de 50 ni\u00f1os, han hecho su primera comuni\u00f3n durante los d\u00edas 12, 13, 19 y 20 de Mayo. Por Equipo Comunicaci\u00f3n y Marketing Despu\u00e9s de tres a\u00f1os participando en la catequesis para la primera comuni\u00f3n, lleg\u00f3 el esperado d\u00eda. Han sido intensos estos a\u00f1os en preparaci\u00f3n y en horarios a\u00f1adidos a la jornada [&hellip;]","og_url":"https:\/\/villena.salesianos.edu\/colegio\/primeras-comuniones-2018\/","og_site_name":"Colegio Salesiano M\u00aa Auxiliadora Villena","article_published_time":"2018-05-21T07:38:55+00:00","og_image":[{"width":1280,"height":720,"url":"https:\/\/villena.salesianos.edu\/colegio\/wp-content\/uploads\/sites\/3\/2018\/05\/comuniones09.jpg","type":"image\/jpeg"}],"author":"Gestor Web","twitter_card":"summary_large_image","twitter_misc":{"Escrito por":"Gestor Web","Tiempo de lectura":"2 minutos"},"schema":{"@context":"https:\/\/schema.org","@graph":[{"@type":"Article","@id":"https:\/\/villena.salesianos.edu\/colegio\/primeras-comuniones-2018\/#article","isPartOf":{"@id":"https:\/\/villena.salesianos.edu\/colegio\/primeras-comuniones-2018\/"},"author":{"name":"Gestor Web","@id":"https:\/\/villena.salesianos.edu\/colegio\/#\/schema\/person\/737fd46edc5ae7d6c9b94da26c0e9302"},"headline":"Primeras Comuniones 2018","datePublished":"2018-05-21T07:38:55+00:00","mainEntityOfPage":{"@id":"https:\/\/villena.salesianos.edu\/colegio\/primeras-comuniones-2018\/"},"wordCount":468,"commentCount":0,"image":{"@id":"https:\/\/villena.salesianos.edu\/colegio\/primeras-comuniones-2018\/#primaryimage"},"thumbnailUrl":"https:\/\/villena.salesianos.edu\/colegio\/wp-content\/uploads\/sites\/3\/2018\/05\/comuniones09.jpg","articleSection":["Colegio","Portada Noticias"],"inLanguage":"es","potentialAction":[{"@type":"CommentAction","name":"Comment","target":["https:\/\/villena.salesianos.edu\/colegio\/primeras-comuniones-2018\/#respond"]}]},{"@type":"WebPage","@id":"https:\/\/villena.salesianos.edu\/colegio\/primeras-comuniones-2018\/","url":"https:\/\/villena.salesianos.edu\/colegio\/primeras-comuniones-2018\/","name":"Primeras Comuniones 2018 - Colegio Salesiano M\u00aa Auxiliadora Villena","isPartOf":{"@id":"https:\/\/villena.salesianos.edu\/colegio\/#website"},"primaryImageOfPage":{"@id":"https:\/\/villena.salesianos.edu\/colegio\/primeras-comuniones-2018\/#primaryimage"},"image":{"@id":"https:\/\/villena.salesianos.edu\/colegio\/primeras-comuniones-2018\/#primaryimage"},"thumbnailUrl":"https:\/\/villena.salesianos.edu\/colegio\/wp-content\/uploads\/sites\/3\/2018\/05\/comuniones09.jpg","datePublished":"2018-05-21T07:38:55+00:00","author":{"@id":"https:\/\/villena.salesianos.edu\/colegio\/#\/schema\/person\/737fd46edc5ae7d6c9b94da26c0e9302"},"breadcrumb":{"@id":"https:\/\/villena.salesianos.edu\/colegio\/primeras-comuniones-2018\/#breadcrumb"},"inLanguage":"es","potentialAction":[{"@type":"ReadAction","target":["https:\/\/villena.salesianos.edu\/colegio\/primeras-comuniones-2018\/"]}]},{"@type":"ImageObject","inLanguage":"es","@id":"https:\/\/villena.salesianos.edu\/colegio\/primeras-comuniones-2018\/#primaryimage","url":"https:\/\/villena.salesianos.edu\/colegio\/wp-content\/uploads\/sites\/3\/2018\/05\/comuniones09.jpg","contentUrl":"https:\/\/villena.salesianos.edu\/colegio\/wp-content\/uploads\/sites\/3\/2018\/05\/comuniones09.jpg","width":1280,"height":720},{"@type":"BreadcrumbList","@id":"https:\/\/villena.salesianos.edu\/colegio\/primeras-comuniones-2018\/#breadcrumb","itemListElement":[{"@type":"ListItem","position":1,"name":"Portada","item":"https:\/\/villena.salesianos.edu\/colegio\/"},{"@type":"ListItem","position":2,"name":"Primeras Comuniones 2018"}]},{"@type":"WebSite","@id":"https:\/\/villena.salesianos.edu\/colegio\/#website","url":"https:\/\/villena.salesianos.edu\/colegio\/","name":"Colegio Salesiano M\u00aa Auxiliadora Villena","description":"P\u00e1gina oficial Salesianos Villena","potentialAction":[{"@type":"SearchAction","target":{"@type":"EntryPoint","urlTemplate":"https:\/\/villena.salesianos.edu\/colegio\/?s={search_term_string}"},"query-input":{"@type":"PropertyValueSpecification","valueRequired":true,"valueName":"search_term_string"}}],"inLanguage":"es"},{"@type":"Person","@id":"https:\/\/villena.salesianos.edu\/colegio\/#\/schema\/person\/737fd46edc5ae7d6c9b94da26c0e9302","name":"Gestor Web","image":{"@type":"ImageObject","inLanguage":"es","@id":"https:\/\/secure.gravatar.com\/avatar\/44469746e1b6443cd011d1759fdc3b9fdcdae4a08dc0ddd85247651cb065486d?s=96&d=mm&r=g","url":"https:\/\/secure.gravatar.com\/avatar\/44469746e1b6443cd011d1759fdc3b9fdcdae4a08dc0ddd85247651cb065486d?s=96&d=mm&r=g","contentUrl":"https:\/\/secure.gravatar.com\/avatar\/44469746e1b6443cd011d1759fdc3b9fdcdae4a08dc0ddd85247651cb065486d?s=96&d=mm&r=g","caption":"Gestor Web"}}]}},"_links":{"self":[{"href":"https:\/\/villena.salesianos.edu\/colegio\/wp-json\/wp\/v2\/posts\/6790","targetHints":{"allow":["GET"]}}],"collection":[{"href":"https:\/\/villena.salesianos.edu\/colegio\/wp-json\/wp\/v2\/posts"}],"about":[{"href":"https:\/\/villena.salesianos.edu\/colegio\/wp-json\/wp\/v2\/types\/post"}],"author":[{"embeddable":true,"href":"https:\/\/villena.salesianos.edu\/colegio\/wp-json\/wp\/v2\/users\/2"}],"replies":[{"embeddable":true,"href":"https:\/\/villena.salesianos.edu\/colegio\/wp-json\/wp\/v2\/comments?post=6790"}],"version-history":[{"count":1,"href":"https:\/\/villena.salesianos.edu\/colegio\/wp-json\/wp\/v2\/posts\/6790\/revisions"}],"predecessor-version":[{"id":6795,"href":"https:\/\/villena.salesianos.edu\/colegio\/wp-json\/wp\/v2\/posts\/6790\/revisions\/6795"}],"wp:featuredmedia":[{"embeddable":true,"href":"https:\/\/villena.salesianos.edu\/colegio\/wp-json\/wp\/v2\/media\/6794"}],"wp:attachment":[{"href":"https:\/\/villena.salesianos.edu\/colegio\/wp-json\/wp\/v2\/media?parent=6790"}],"wp:term":[{"taxonomy":"category","embeddable":true,"href":"https:\/\/villena.salesianos.edu\/colegio\/wp-json\/wp\/v2\/categories?post=6790"},{"taxonomy":"post_tag","embeddable":true,"href":"https:\/\/villena.salesianos.edu\/colegio\/wp-json\/wp\/v2\/tags?post=6790"}],"curies":[{"name":"wp","href":"https:\/\/api.w.org\/{rel}","templated":true}]}}