{"id":6909,"date":"2018-05-25T14:59:18","date_gmt":"2018-05-25T13:59:18","guid":{"rendered":"https:\/\/villena.salesianos.edu\/colegio\/?p=6909"},"modified":"2018-05-25T15:02:42","modified_gmt":"2018-05-25T14:02:42","slug":"fiesta-escolar-en-honor-a-ma-auxiliadora","status":"publish","type":"post","link":"https:\/\/villena.salesianos.edu\/colegio\/fiesta-escolar-en-honor-a-ma-auxiliadora\/","title":{"rendered":"Fiesta Escolar en Honor a M\u00aa Auxiliadora"},"content":{"rendered":"<p>[et_pb_section bb_built=\u00bb1&#8243; admin_label=\u00bbsection\u00bb][et_pb_row admin_label=\u00bbrow\u00bb background_position=\u00bbtop_left\u00bb background_repeat=\u00bbrepeat\u00bb background_size=\u00bbinitial\u00bb][et_pb_column type=\u00bb4_4&#8243;][et_pb_text admin_label=\u00bbEntradilla (Texto)\u00bb _builder_version=\u00bb3.0.92&#8243; background_layout=\u00bblight\u00bb text_orientation=\u00bbjustified\u00bb text_font=\u00bb|on|||\u00bb border_style=\u00bbsolid\u00bb]<\/p>\n<p><strong>El d\u00eda 24 de Mayo celebramos en el colegio una de las fiestas m\u00e1s importantes del curso.<\/strong><span style=\"font-weight: 400;\"><br \/>\n<\/span><\/p>\n<p>[\/et_pb_text][et_pb_text admin_label=\u00bbAutor (Texto)\u00bb _builder_version=\u00bb3.0.92&#8243; background_layout=\u00bblight\u00bb text_font=\u00bb||on||\u00bb border_style=\u00bbsolid\u00bb]<\/p>\n<p><em>Por Equipo de Marketing y Comunicaci\u00f3n<\/em><\/p>\n<p>[\/et_pb_text][et_pb_text admin_label=\u00bbDesarrollo (Texto)\u00bb _builder_version=\u00bb3.0.92&#8243; background_layout=\u00bblight\u00bb text_orientation=\u00bbjustified\u00bb border_style=\u00bbsolid\u00bb]<\/p>\n<p><span style=\"font-weight: 400;\">Una bienvenida de flores y colorido para llenar de vida los patios y la Eucarist\u00eda.<\/span><span style=\"font-weight: 400;\"><br \/>\n<\/span><span style=\"font-weight: 400;\"><br \/>\n<\/span><span style=\"font-weight: 400;\">Animados por el coro, compartimos todos juntos un momento de familia dedicado a Mar\u00eda. Desde los m\u00e1s peque\u00f1os de 3 a\u00f1os, a los mayores de 4\u00ba de E.S.O. Estos son los momentos que no se olvidan jam\u00e1s. Cada curso ten\u00eda su protagonismo y, entre todos, dimos las gracias a Dios por Mar\u00eda Auxiliadora con canciones, gestos, ofrendas y flores.<\/span><span style=\"font-weight: 400;\"><br \/>\n<\/span><span style=\"font-weight: 400;\"><br \/>\n<\/span><span style=\"font-weight: 400;\">Y la fiesta sigui\u00f3&#8230; Sigui\u00f3 en dos lugares. Por un lado, los alumnos de Primaria en el polideportivo realizando las competiciones atl\u00e9ticas. Por el otro, lo alumnos de Secundaria e Infantil en el colegio con deportes y muchas actividades. Una tradici\u00f3n muy valorada en Villena que une el mes de mayo con el deporte. En toda casa salesiana resulta inseparable y muy distintivo de nuestra personalidad.<\/span><span style=\"font-weight: 400;\"><br \/>\n<\/span><span style=\"font-weight: 400;\"><br \/>\n<\/span><span style=\"font-weight: 400;\">Ya por la tarde, los alumnos de Infantil y Primaria tuvimos el esperado y conocido cine en el teatro. Pero \u00e9sto no acaba aqu\u00ed, durante la jornada del viernes 25 tambi\u00e9n hemos tenidos actividades relacionadas con el d\u00eda anterior. En este caso, los mayores de ESO disfrutaron de la Jornada Atl\u00e9tica en el Polideportivo Municipal y los ni\u00f1os de Primaria de la Jornada Deportiva en el patio del colegio.<\/span><span style=\"font-weight: 400;\"><br \/>\n<\/span><span style=\"font-weight: 400;\"><br \/>\n<\/span><span style=\"font-weight: 400;\">D\u00edas vividos a lo grande para recordar a Mar\u00eda y celebrar su fiesta.<\/span><\/p>\n<p>[\/et_pb_text][et_pb_text admin_label=\u00bbT\u00edtulo: Galer\u00eda de fotos (Texto)\u00bb _builder_version=\u00bb3.0.51&#8243; background_layout=\u00bblight\u00bb text_orientation=\u00bbleft\u00bb text_font=\u00bb|on|||\u00bb text_text_color=\u00bb#dc001b\u00bb border_style=\u00bbsolid\u00bb disabled=\u00bbon\u00bb disabled_on=\u00bbon|on|on\u00bb]<\/p>\n<p>Galer\u00eda de im\u00e1genes<\/p>\n<p>[\/et_pb_text][et_pb_gallery _builder_version=\u00bb3.0.51&#8243; posts_number=\u00bb8&#8243; show_title_and_caption=\u00bboff\u00bb show_pagination=\u00bbon\u00bb fullwidth=\u00bboff\u00bb orientation=\u00bblandscape\u00bb zoom_icon_color=\u00bb#dc001b\u00bb hover_overlay_color=\u00bbrgba(255,255,255,0.9)\u00bb hover_icon=\u00bb%%51%%\u00bb background_layout=\u00bblight\u00bb border_style=\u00bbsolid\u00bb auto=\u00bboff\u00bb disabled=\u00bbon\u00bb disabled_on=\u00bbon|on|on\u00bb \/][et_pb_video _builder_version=\u00bb3.0.51&#8243; disabled=\u00bbon\u00bb disabled_on=\u00bbon|on|on\u00bb \/][\/et_pb_column][\/et_pb_row][et_pb_row][et_pb_column type=\u00bb1_2&#8243;][et_pb_image src=\u00bbhttps:\/\/villena.salesianos.edu\/colegio\/wp-content\/uploads\/sites\/3\/2017\/11\/libreta.png\u00bb show_in_lightbox=\u00bboff\u00bb align=\u00bbcenter\u00bb max_width=\u00bb90px\u00bb max_width_last_edited=\u00bbon|desktop\u00bb _builder_version=\u00bb3.0.92&#8243; custom_margin=\u00bb46px|||\u00bb custom_margin_tablet=\u00bb0px|||\u00bb custom_margin_last_edited=\u00bboff|desktop\u00bb animation_style=\u00bbslide\u00bb animation_direction=\u00bbleft\u00bb animation_duration=\u00bb500ms\u00bb animation_intensity_slide=\u00bb10%\u00bb url_new_window=\u00bbon\u00bb use_overlay=\u00bboff\u00bb always_center_on_mobile=\u00bbon\u00bb force_fullwidth=\u00bboff\u00bb show_bottom_space=\u00bbon\u00bb url=\u00bbhttps:\/\/villena.salesianos.edu\/colegio\/galeria\/deporte-fotos\/\u00bb \/][et_pb_blurb admin_label=\u00bbTexto\u00bb title=\u00bbGaler\u00eda Im\u00e1genes Jornadas Deportiva y Atl\u00e9tica\u00bb url_new_window=\u00bbon\u00bb use_icon=\u00bboff\u00bb font_icon=\u00bb%%74%%\u00bb use_circle=\u00bbon\u00bb circle_color=\u00bb#ffffff\u00bb use_circle_border=\u00bbon\u00bb circle_border_color=\u00bb#727272&#8243; icon_placement=\u00bbtop\u00bb background_layout=\u00bblight\u00bb text_orientation=\u00bbcenter\u00bb use_icon_font_size=\u00bboff\u00bb body_font_size=\u00bb24&#8243; header_font_size=\u00bb14&#8243; background_position=\u00bbtop_left\u00bb background_repeat=\u00bbrepeat\u00bb background_size=\u00bbinitial\u00bb _builder_version=\u00bb3.0.92&#8243; url=\u00bbhttps:\/\/villena.salesianos.edu\/colegio\/galeria\/deporte-fotos\/\u00bb header_text_color=\u00bb#727272&#8243; \/][\/et_pb_column][et_pb_column type=\u00bb1_2&#8243;][et_pb_image src=\u00bbhttps:\/\/villena.salesianos.edu\/colegio\/wp-content\/uploads\/sites\/3\/2017\/11\/libreta.png\u00bb show_in_lightbox=\u00bboff\u00bb align=\u00bbcenter\u00bb max_width=\u00bb90px\u00bb max_width_last_edited=\u00bbon|desktop\u00bb _builder_version=\u00bb3.0.92&#8243; custom_margin=\u00bb46px|||\u00bb custom_margin_tablet=\u00bb0px|||\u00bb custom_margin_last_edited=\u00bboff|desktop\u00bb animation_style=\u00bbslide\u00bb animation_direction=\u00bbleft\u00bb animation_duration=\u00bb500ms\u00bb animation_intensity_slide=\u00bb10%\u00bb url_new_window=\u00bbon\u00bb use_overlay=\u00bboff\u00bb always_center_on_mobile=\u00bbon\u00bb force_fullwidth=\u00bboff\u00bb show_bottom_space=\u00bbon\u00bb url=\u00bbhttps:\/\/villena.salesianos.edu\/colegio\/galeria\/festividades-fotos\/\u00bb \/][et_pb_blurb admin_label=\u00bbTexto\u00bb title=\u00bbGaler\u00eda Im\u00e1genes Eucarist\u00eda Escolar\u00bb url_new_window=\u00bbon\u00bb use_icon=\u00bboff\u00bb font_icon=\u00bb%%74%%\u00bb use_circle=\u00bbon\u00bb circle_color=\u00bb#ffffff\u00bb use_circle_border=\u00bbon\u00bb circle_border_color=\u00bb#727272&#8243; icon_placement=\u00bbtop\u00bb background_layout=\u00bblight\u00bb text_orientation=\u00bbcenter\u00bb use_icon_font_size=\u00bboff\u00bb body_font_size=\u00bb24&#8243; header_font_size=\u00bb14&#8243; background_position=\u00bbtop_left\u00bb background_repeat=\u00bbrepeat\u00bb background_size=\u00bbinitial\u00bb _builder_version=\u00bb3.0.92&#8243; url=\u00bbhttps:\/\/villena.salesianos.edu\/colegio\/galeria\/festividades-fotos\/\u00bb header_text_color=\u00bb#727272&#8243; \/][\/et_pb_column][\/et_pb_row][\/et_pb_section]<\/p>\n","protected":false},"excerpt":{"rendered":"<p>El d\u00eda 24 de Mayo celebramos en el colegio una de las fiestas m\u00e1s importantes del curso. Por Equipo de Marketing y Comunicaci\u00f3n Una bienvenida de flores y colorido para llenar de vida los patios y la Eucarist\u00eda. Animados por el coro, compartimos todos juntos un momento de familia dedicado a Mar\u00eda. Desde los m\u00e1s [&hellip;]<\/p>\n","protected":false},"author":2,"featured_media":6911,"comment_status":"open","ping_status":"open","sticky":false,"template":"","format":"standard","meta":{"_et_pb_use_builder":"on","_et_pb_old_content":"","_et_gb_content_width":"","footnotes":""},"categories":[22,23,24,25,26],"tags":[],"class_list":["post-6909","post","type-post","status-publish","format-standard","has-post-thumbnail","hentry","category-colegio","category-infantil","category-portadanoticias","category-primaria","category-secundaria"],"yoast_head":"<!-- This site is optimized with the Yoast SEO plugin v28.3 - https:\/\/yoast.com\/product\/yoast-seo-wordpress\/ -->\n<title>Fiesta Escolar en Honor a M\u00aa Auxiliadora - Colegio Salesiano M\u00aa Auxiliadora Villena<\/title>\n<meta name=\"robots\" content=\"index, follow, max-snippet:-1, max-image-preview:large, max-video-preview:-1\" \/>\n<link rel=\"canonical\" href=\"https:\/\/villena.salesianos.edu\/colegio\/fiesta-escolar-en-honor-a-ma-auxiliadora\/\" \/>\n<meta property=\"og:locale\" content=\"es_ES\" \/>\n<meta property=\"og:type\" content=\"article\" \/>\n<meta property=\"og:title\" content=\"Fiesta Escolar en Honor a M\u00aa Auxiliadora - Colegio Salesiano M\u00aa Auxiliadora Villena\" \/>\n<meta property=\"og:description\" content=\"El d\u00eda 24 de Mayo celebramos en el colegio una de las fiestas m\u00e1s importantes del curso. Por Equipo de Marketing y Comunicaci\u00f3n Una bienvenida de flores y colorido para llenar de vida los patios y la Eucarist\u00eda. Animados por el coro, compartimos todos juntos un momento de familia dedicado a Mar\u00eda. Desde los m\u00e1s [&hellip;]\" \/>\n<meta property=\"og:url\" content=\"https:\/\/villena.salesianos.edu\/colegio\/fiesta-escolar-en-honor-a-ma-auxiliadora\/\" \/>\n<meta property=\"og:site_name\" content=\"Colegio Salesiano M\u00aa Auxiliadora Villena\" \/>\n<meta property=\"article:published_time\" content=\"2018-05-25T13:59:18+00:00\" \/>\n<meta property=\"article:modified_time\" content=\"2018-05-25T14:02:42+00:00\" \/>\n<meta property=\"og:image\" content=\"https:\/\/villena.salesianos.edu\/colegio\/wp-content\/uploads\/sites\/3\/2018\/05\/j.deportivaESO05.jpg\" \/>\n\t<meta property=\"og:image:width\" content=\"1280\" \/>\n\t<meta property=\"og:image:height\" content=\"640\" \/>\n\t<meta property=\"og:image:type\" content=\"image\/jpeg\" \/>\n<meta name=\"author\" content=\"Gestor Web\" \/>\n<meta name=\"twitter:card\" content=\"summary_large_image\" \/>\n<meta name=\"twitter:label1\" content=\"Escrito por\" \/>\n\t<meta name=\"twitter:data1\" content=\"Gestor Web\" \/>\n\t<meta name=\"twitter:label2\" content=\"Tiempo de lectura\" \/>\n\t<meta name=\"twitter:data2\" content=\"4 minutos\" \/>\n<script type=\"application\/ld+json\" class=\"yoast-schema-graph\">{\"@context\":\"https:\\\/\\\/schema.org\",\"@graph\":[{\"@type\":\"Article\",\"@id\":\"https:\\\/\\\/villena.salesianos.edu\\\/colegio\\\/fiesta-escolar-en-honor-a-ma-auxiliadora\\\/#article\",\"isPartOf\":{\"@id\":\"https:\\\/\\\/villena.salesianos.edu\\\/colegio\\\/fiesta-escolar-en-honor-a-ma-auxiliadora\\\/\"},\"author\":{\"name\":\"Gestor Web\",\"@id\":\"https:\\\/\\\/villena.salesianos.edu\\\/colegio\\\/#\\\/schema\\\/person\\\/737fd46edc5ae7d6c9b94da26c0e9302\"},\"headline\":\"Fiesta Escolar en Honor a M\u00aa Auxiliadora\",\"datePublished\":\"2018-05-25T13:59:18+00:00\",\"dateModified\":\"2018-05-25T14:02:42+00:00\",\"mainEntityOfPage\":{\"@id\":\"https:\\\/\\\/villena.salesianos.edu\\\/colegio\\\/fiesta-escolar-en-honor-a-ma-auxiliadora\\\/\"},\"wordCount\":821,\"commentCount\":0,\"image\":{\"@id\":\"https:\\\/\\\/villena.salesianos.edu\\\/colegio\\\/fiesta-escolar-en-honor-a-ma-auxiliadora\\\/#primaryimage\"},\"thumbnailUrl\":\"https:\\\/\\\/villena.salesianos.edu\\\/colegio\\\/wp-content\\\/uploads\\\/sites\\\/3\\\/2018\\\/05\\\/j.deportivaESO05.jpg\",\"articleSection\":[\"Colegio\",\"Infantil\",\"Portada Noticias\",\"Primaria\",\"Secundaria\"],\"inLanguage\":\"es\",\"potentialAction\":[{\"@type\":\"CommentAction\",\"name\":\"Comment\",\"target\":[\"https:\\\/\\\/villena.salesianos.edu\\\/colegio\\\/fiesta-escolar-en-honor-a-ma-auxiliadora\\\/#respond\"]}]},{\"@type\":\"WebPage\",\"@id\":\"https:\\\/\\\/villena.salesianos.edu\\\/colegio\\\/fiesta-escolar-en-honor-a-ma-auxiliadora\\\/\",\"url\":\"https:\\\/\\\/villena.salesianos.edu\\\/colegio\\\/fiesta-escolar-en-honor-a-ma-auxiliadora\\\/\",\"name\":\"Fiesta Escolar en Honor a M\u00aa Auxiliadora - Colegio Salesiano M\u00aa Auxiliadora Villena\",\"isPartOf\":{\"@id\":\"https:\\\/\\\/villena.salesianos.edu\\\/colegio\\\/#website\"},\"primaryImageOfPage\":{\"@id\":\"https:\\\/\\\/villena.salesianos.edu\\\/colegio\\\/fiesta-escolar-en-honor-a-ma-auxiliadora\\\/#primaryimage\"},\"image\":{\"@id\":\"https:\\\/\\\/villena.salesianos.edu\\\/colegio\\\/fiesta-escolar-en-honor-a-ma-auxiliadora\\\/#primaryimage\"},\"thumbnailUrl\":\"https:\\\/\\\/villena.salesianos.edu\\\/colegio\\\/wp-content\\\/uploads\\\/sites\\\/3\\\/2018\\\/05\\\/j.deportivaESO05.jpg\",\"datePublished\":\"2018-05-25T13:59:18+00:00\",\"dateModified\":\"2018-05-25T14:02:42+00:00\",\"author\":{\"@id\":\"https:\\\/\\\/villena.salesianos.edu\\\/colegio\\\/#\\\/schema\\\/person\\\/737fd46edc5ae7d6c9b94da26c0e9302\"},\"breadcrumb\":{\"@id\":\"https:\\\/\\\/villena.salesianos.edu\\\/colegio\\\/fiesta-escolar-en-honor-a-ma-auxiliadora\\\/#breadcrumb\"},\"inLanguage\":\"es\",\"potentialAction\":[{\"@type\":\"ReadAction\",\"target\":[\"https:\\\/\\\/villena.salesianos.edu\\\/colegio\\\/fiesta-escolar-en-honor-a-ma-auxiliadora\\\/\"]}]},{\"@type\":\"ImageObject\",\"inLanguage\":\"es\",\"@id\":\"https:\\\/\\\/villena.salesianos.edu\\\/colegio\\\/fiesta-escolar-en-honor-a-ma-auxiliadora\\\/#primaryimage\",\"url\":\"https:\\\/\\\/villena.salesianos.edu\\\/colegio\\\/wp-content\\\/uploads\\\/sites\\\/3\\\/2018\\\/05\\\/j.deportivaESO05.jpg\",\"contentUrl\":\"https:\\\/\\\/villena.salesianos.edu\\\/colegio\\\/wp-content\\\/uploads\\\/sites\\\/3\\\/2018\\\/05\\\/j.deportivaESO05.jpg\",\"width\":1280,\"height\":640},{\"@type\":\"BreadcrumbList\",\"@id\":\"https:\\\/\\\/villena.salesianos.edu\\\/colegio\\\/fiesta-escolar-en-honor-a-ma-auxiliadora\\\/#breadcrumb\",\"itemListElement\":[{\"@type\":\"ListItem\",\"position\":1,\"name\":\"Portada\",\"item\":\"https:\\\/\\\/villena.salesianos.edu\\\/colegio\\\/\"},{\"@type\":\"ListItem\",\"position\":2,\"name\":\"Fiesta Escolar en Honor a M\u00aa Auxiliadora\"}]},{\"@type\":\"WebSite\",\"@id\":\"https:\\\/\\\/villena.salesianos.edu\\\/colegio\\\/#website\",\"url\":\"https:\\\/\\\/villena.salesianos.edu\\\/colegio\\\/\",\"name\":\"Colegio Salesiano M\u00aa Auxiliadora Villena\",\"description\":\"P\u00e1gina oficial Salesianos Villena\",\"potentialAction\":[{\"@type\":\"SearchAction\",\"target\":{\"@type\":\"EntryPoint\",\"urlTemplate\":\"https:\\\/\\\/villena.salesianos.edu\\\/colegio\\\/?s={search_term_string}\"},\"query-input\":{\"@type\":\"PropertyValueSpecification\",\"valueRequired\":true,\"valueName\":\"search_term_string\"}}],\"inLanguage\":\"es\"},{\"@type\":\"Person\",\"@id\":\"https:\\\/\\\/villena.salesianos.edu\\\/colegio\\\/#\\\/schema\\\/person\\\/737fd46edc5ae7d6c9b94da26c0e9302\",\"name\":\"Gestor Web\",\"image\":{\"@type\":\"ImageObject\",\"inLanguage\":\"es\",\"@id\":\"https:\\\/\\\/secure.gravatar.com\\\/avatar\\\/44469746e1b6443cd011d1759fdc3b9fdcdae4a08dc0ddd85247651cb065486d?s=96&d=mm&r=g\",\"url\":\"https:\\\/\\\/secure.gravatar.com\\\/avatar\\\/44469746e1b6443cd011d1759fdc3b9fdcdae4a08dc0ddd85247651cb065486d?s=96&d=mm&r=g\",\"contentUrl\":\"https:\\\/\\\/secure.gravatar.com\\\/avatar\\\/44469746e1b6443cd011d1759fdc3b9fdcdae4a08dc0ddd85247651cb065486d?s=96&d=mm&r=g\",\"caption\":\"Gestor Web\"}}]}<\/script>\n<!-- \/ Yoast SEO plugin. -->","yoast_head_json":{"title":"Fiesta Escolar en Honor a M\u00aa Auxiliadora - Colegio Salesiano M\u00aa Auxiliadora Villena","robots":{"index":"index","follow":"follow","max-snippet":"max-snippet:-1","max-image-preview":"max-image-preview:large","max-video-preview":"max-video-preview:-1"},"canonical":"https:\/\/villena.salesianos.edu\/colegio\/fiesta-escolar-en-honor-a-ma-auxiliadora\/","og_locale":"es_ES","og_type":"article","og_title":"Fiesta Escolar en Honor a M\u00aa Auxiliadora - Colegio Salesiano M\u00aa Auxiliadora Villena","og_description":"El d\u00eda 24 de Mayo celebramos en el colegio una de las fiestas m\u00e1s importantes del curso. Por Equipo de Marketing y Comunicaci\u00f3n Una bienvenida de flores y colorido para llenar de vida los patios y la Eucarist\u00eda. Animados por el coro, compartimos todos juntos un momento de familia dedicado a Mar\u00eda. Desde los m\u00e1s [&hellip;]","og_url":"https:\/\/villena.salesianos.edu\/colegio\/fiesta-escolar-en-honor-a-ma-auxiliadora\/","og_site_name":"Colegio Salesiano M\u00aa Auxiliadora Villena","article_published_time":"2018-05-25T13:59:18+00:00","article_modified_time":"2018-05-25T14:02:42+00:00","og_image":[{"width":1280,"height":640,"url":"https:\/\/villena.salesianos.edu\/colegio\/wp-content\/uploads\/sites\/3\/2018\/05\/j.deportivaESO05.jpg","type":"image\/jpeg"}],"author":"Gestor Web","twitter_card":"summary_large_image","twitter_misc":{"Escrito por":"Gestor Web","Tiempo de lectura":"4 minutos"},"schema":{"@context":"https:\/\/schema.org","@graph":[{"@type":"Article","@id":"https:\/\/villena.salesianos.edu\/colegio\/fiesta-escolar-en-honor-a-ma-auxiliadora\/#article","isPartOf":{"@id":"https:\/\/villena.salesianos.edu\/colegio\/fiesta-escolar-en-honor-a-ma-auxiliadora\/"},"author":{"name":"Gestor Web","@id":"https:\/\/villena.salesianos.edu\/colegio\/#\/schema\/person\/737fd46edc5ae7d6c9b94da26c0e9302"},"headline":"Fiesta Escolar en Honor a M\u00aa Auxiliadora","datePublished":"2018-05-25T13:59:18+00:00","dateModified":"2018-05-25T14:02:42+00:00","mainEntityOfPage":{"@id":"https:\/\/villena.salesianos.edu\/colegio\/fiesta-escolar-en-honor-a-ma-auxiliadora\/"},"wordCount":821,"commentCount":0,"image":{"@id":"https:\/\/villena.salesianos.edu\/colegio\/fiesta-escolar-en-honor-a-ma-auxiliadora\/#primaryimage"},"thumbnailUrl":"https:\/\/villena.salesianos.edu\/colegio\/wp-content\/uploads\/sites\/3\/2018\/05\/j.deportivaESO05.jpg","articleSection":["Colegio","Infantil","Portada Noticias","Primaria","Secundaria"],"inLanguage":"es","potentialAction":[{"@type":"CommentAction","name":"Comment","target":["https:\/\/villena.salesianos.edu\/colegio\/fiesta-escolar-en-honor-a-ma-auxiliadora\/#respond"]}]},{"@type":"WebPage","@id":"https:\/\/villena.salesianos.edu\/colegio\/fiesta-escolar-en-honor-a-ma-auxiliadora\/","url":"https:\/\/villena.salesianos.edu\/colegio\/fiesta-escolar-en-honor-a-ma-auxiliadora\/","name":"Fiesta Escolar en Honor a M\u00aa Auxiliadora - Colegio Salesiano M\u00aa Auxiliadora Villena","isPartOf":{"@id":"https:\/\/villena.salesianos.edu\/colegio\/#website"},"primaryImageOfPage":{"@id":"https:\/\/villena.salesianos.edu\/colegio\/fiesta-escolar-en-honor-a-ma-auxiliadora\/#primaryimage"},"image":{"@id":"https:\/\/villena.salesianos.edu\/colegio\/fiesta-escolar-en-honor-a-ma-auxiliadora\/#primaryimage"},"thumbnailUrl":"https:\/\/villena.salesianos.edu\/colegio\/wp-content\/uploads\/sites\/3\/2018\/05\/j.deportivaESO05.jpg","datePublished":"2018-05-25T13:59:18+00:00","dateModified":"2018-05-25T14:02:42+00:00","author":{"@id":"https:\/\/villena.salesianos.edu\/colegio\/#\/schema\/person\/737fd46edc5ae7d6c9b94da26c0e9302"},"breadcrumb":{"@id":"https:\/\/villena.salesianos.edu\/colegio\/fiesta-escolar-en-honor-a-ma-auxiliadora\/#breadcrumb"},"inLanguage":"es","potentialAction":[{"@type":"ReadAction","target":["https:\/\/villena.salesianos.edu\/colegio\/fiesta-escolar-en-honor-a-ma-auxiliadora\/"]}]},{"@type":"ImageObject","inLanguage":"es","@id":"https:\/\/villena.salesianos.edu\/colegio\/fiesta-escolar-en-honor-a-ma-auxiliadora\/#primaryimage","url":"https:\/\/villena.salesianos.edu\/colegio\/wp-content\/uploads\/sites\/3\/2018\/05\/j.deportivaESO05.jpg","contentUrl":"https:\/\/villena.salesianos.edu\/colegio\/wp-content\/uploads\/sites\/3\/2018\/05\/j.deportivaESO05.jpg","width":1280,"height":640},{"@type":"BreadcrumbList","@id":"https:\/\/villena.salesianos.edu\/colegio\/fiesta-escolar-en-honor-a-ma-auxiliadora\/#breadcrumb","itemListElement":[{"@type":"ListItem","position":1,"name":"Portada","item":"https:\/\/villena.salesianos.edu\/colegio\/"},{"@type":"ListItem","position":2,"name":"Fiesta Escolar en Honor a M\u00aa Auxiliadora"}]},{"@type":"WebSite","@id":"https:\/\/villena.salesianos.edu\/colegio\/#website","url":"https:\/\/villena.salesianos.edu\/colegio\/","name":"Colegio Salesiano M\u00aa Auxiliadora Villena","description":"P\u00e1gina oficial Salesianos Villena","potentialAction":[{"@type":"SearchAction","target":{"@type":"EntryPoint","urlTemplate":"https:\/\/villena.salesianos.edu\/colegio\/?s={search_term_string}"},"query-input":{"@type":"PropertyValueSpecification","valueRequired":true,"valueName":"search_term_string"}}],"inLanguage":"es"},{"@type":"Person","@id":"https:\/\/villena.salesianos.edu\/colegio\/#\/schema\/person\/737fd46edc5ae7d6c9b94da26c0e9302","name":"Gestor Web","image":{"@type":"ImageObject","inLanguage":"es","@id":"https:\/\/secure.gravatar.com\/avatar\/44469746e1b6443cd011d1759fdc3b9fdcdae4a08dc0ddd85247651cb065486d?s=96&d=mm&r=g","url":"https:\/\/secure.gravatar.com\/avatar\/44469746e1b6443cd011d1759fdc3b9fdcdae4a08dc0ddd85247651cb065486d?s=96&d=mm&r=g","contentUrl":"https:\/\/secure.gravatar.com\/avatar\/44469746e1b6443cd011d1759fdc3b9fdcdae4a08dc0ddd85247651cb065486d?s=96&d=mm&r=g","caption":"Gestor Web"}}]}},"_links":{"self":[{"href":"https:\/\/villena.salesianos.edu\/colegio\/wp-json\/wp\/v2\/posts\/6909","targetHints":{"allow":["GET"]}}],"collection":[{"href":"https:\/\/villena.salesianos.edu\/colegio\/wp-json\/wp\/v2\/posts"}],"about":[{"href":"https:\/\/villena.salesianos.edu\/colegio\/wp-json\/wp\/v2\/types\/post"}],"author":[{"embeddable":true,"href":"https:\/\/villena.salesianos.edu\/colegio\/wp-json\/wp\/v2\/users\/2"}],"replies":[{"embeddable":true,"href":"https:\/\/villena.salesianos.edu\/colegio\/wp-json\/wp\/v2\/comments?post=6909"}],"version-history":[{"count":2,"href":"https:\/\/villena.salesianos.edu\/colegio\/wp-json\/wp\/v2\/posts\/6909\/revisions"}],"predecessor-version":[{"id":6912,"href":"https:\/\/villena.salesianos.edu\/colegio\/wp-json\/wp\/v2\/posts\/6909\/revisions\/6912"}],"wp:featuredmedia":[{"embeddable":true,"href":"https:\/\/villena.salesianos.edu\/colegio\/wp-json\/wp\/v2\/media\/6911"}],"wp:attachment":[{"href":"https:\/\/villena.salesianos.edu\/colegio\/wp-json\/wp\/v2\/media?parent=6909"}],"wp:term":[{"taxonomy":"category","embeddable":true,"href":"https:\/\/villena.salesianos.edu\/colegio\/wp-json\/wp\/v2\/categories?post=6909"},{"taxonomy":"post_tag","embeddable":true,"href":"https:\/\/villena.salesianos.edu\/colegio\/wp-json\/wp\/v2\/tags?post=6909"}],"curies":[{"name":"wp","href":"https:\/\/api.w.org\/{rel}","templated":true}]}}