{"id":7546,"date":"2018-11-05T11:46:11","date_gmt":"2018-11-05T10:46:11","guid":{"rendered":"https:\/\/villena.salesianos.edu\/colegio\/?p=7546"},"modified":"2018-11-05T11:46:11","modified_gmt":"2018-11-05T10:46:11","slug":"las-escuelas-salesianas-reciben-un-reconocimiento-honorifico-por-su-excelencia-educativa","status":"publish","type":"post","link":"https:\/\/villena.salesianos.edu\/colegio\/las-escuelas-salesianas-reciben-un-reconocimiento-honorifico-por-su-excelencia-educativa\/","title":{"rendered":"Las Escuelas Salesianas reciben un Reconocimiento Honor\u00edfico por su Excelencia Educativa"},"content":{"rendered":"<p>[et_pb_section bb_built=\u00bb1&#8243; admin_label=\u00bbsection\u00bb][et_pb_row admin_label=\u00bbrow\u00bb background_position=\u00bbtop_left\u00bb background_repeat=\u00bbrepeat\u00bb background_size=\u00bbinitial\u00bb][et_pb_column type=\u00bb4_4&#8243;][et_pb_text admin_label=\u00bbEntradilla (Texto)\u00bb _builder_version=\u00bb3.0.92&#8243; background_layout=\u00bblight\u00bb text_orientation=\u00bbjustified\u00bb text_font=\u00bb|on|||\u00bb border_style=\u00bbsolid\u00bb]<\/p>\n<p><strong>Por parte del Instituto Docente para la Excelencia e Innovaci\u00f3n<\/strong><\/p>\n<p>[\/et_pb_text][et_pb_text admin_label=\u00bbAutor (Texto)\u00bb _builder_version=\u00bb3.0.92&#8243; background_layout=\u00bblight\u00bb text_font=\u00bb||on||\u00bb border_style=\u00bbsolid\u00bb]<\/p>\n<p><em>Por Comunicaci\u00f3n<\/em><\/p>\n<p>[\/et_pb_text][et_pb_text admin_label=\u00bbDesarrollo (Texto)\u00bb _builder_version=\u00bb3.0.92&#8243; background_layout=\u00bblight\u00bb text_orientation=\u00bbjustified\u00bb border_style=\u00bbsolid\u00bb]<\/p>\n<p>Las Escuelas Salesianas de la Inspector\u00eda Mar\u00eda Auxiliadora han sido reconocidas por su excelencia educativa por el IDEI (Instituto Docente para la Excelencia e Innovaci\u00f3n). Este Reconocimiento Honor\u00edfico distingue a las Escuelas Salesianas\u00a0de la Comunidad Valenciana, Murcia y Zaragoza por el nivel de desarrollo en la implantaci\u00f3n del Modelo de la EFQM (European Foundation for Quality Management).<\/p>\n<p>\u201cEstos colegios salesianos destacan, entre otros elementos de gesti\u00f3n: por el conocimiento de las necesidades y expectativas de las familias y alumnos y la\u00a0planificaci\u00f3n para dar respuesta adecuada, el buen uso de los recursos disponibles,\u00a0la variedad de servicios que prestan y el control de los mismos, los planes de Innovaci\u00f3n educativa, la\u00a0monitorizaci\u00f3n de la satisfacci\u00f3n de las familias, alumnos, y personal, as\u00ed como por su capacidad para mantener en el tiempo resultado sobresalientes\u201d afirman los evaluadores del Instituto Docente para la Excelencia e Innovaci\u00f3n.<\/p>\n<p>\u201cA lo largo del curso pasado la colaboraci\u00f3n entre el IDEI y los colegios salesianos de la Comunidad Valenciana, Murcia y Zaragoza se ha intensificado, hasta el punto de que los colegios han abordado un proceso de unificaci\u00f3n en el nivel del sistema de gesti\u00f3n que abarca a 11 colegios salesianos y que esperamos que culmine con el logro de los objetivos pretendidos\u201d explica el director del IDEI,\u00a0Juan Ant\u00f3n.<\/p>\n<p>El reconocimiento se entregar\u00e1 en la XXII Jornada Nacional de Excelencia e Innovaci\u00f3n Educativa que tendr\u00e1 lugar el 19 de noviembre en la sede de la Comisi\u00f3n Europea, en Madrid, donde tambi\u00e9n recibir\u00e1n algunos centros salesianos el Reconocimiento acreditativo de su nivel de Excelencia en su gesti\u00f3n.<\/p>\n<p>Es el caso de los Colegios Salesianos Juan XXIII (Alcoy), San Vicente Ferrer (Alcoy), Mar\u00eda Auxiliadora (Villena) y Nuestra Se\u00f1ora del Pilar (Zaragoza) que obtendr\u00e1n el sello 400+. Mientras que recibir\u00e1n el sello 300+ los colegios San Juan Bautista (Burriana), Nuestra Se\u00f1ora de los Desamparados (Ibi), San Jos\u00e9 Artesano (Elche), San Rafael (Elche), Don Bosco (Alicante), Don Bosco (Cabezo de Torres), San Juan Bosco (Cartagena) y Laviaga-Castillo (La Almunia).<\/p>\n<p>Por otra parte, Salesianos San Antonio Abad (Valencia) y San Juan Bosco (Valencia) tambi\u00e9n han renovado recientemente el sello 500+.<\/p>\n<p>\u201cEstas Escuelas Salesianas, aunque llevan una dilatada trayectoria de mejora, comenzaron a trabajar en conjunto en sus sistemas de calidad el curso 2013-2014, y desde hace dos a\u00f1os empezaron un proceso de unificaci\u00f3n para certificarse por instituciones externas de experiencia contrastada en el sector\u201d, afirma su coordinador de Calidad, V\u00edctor Codo\u00f1er.<\/p>\n<p>[\/et_pb_text][et_pb_text admin_label=\u00bbT\u00edtulo: Galer\u00eda de fotos (Texto)\u00bb _builder_version=\u00bb3.0.51&#8243; background_layout=\u00bblight\u00bb text_orientation=\u00bbleft\u00bb text_font=\u00bb|on|||\u00bb text_text_color=\u00bb#dc001b\u00bb border_style=\u00bbsolid\u00bb disabled=\u00bbon\u00bb disabled_on=\u00bbon|on|on\u00bb]<\/p>\n<p>Galer\u00eda de im\u00e1genes<\/p>\n<p>[\/et_pb_text][et_pb_gallery _builder_version=\u00bb3.0.51&#8243; posts_number=\u00bb8&#8243; show_title_and_caption=\u00bboff\u00bb show_pagination=\u00bbon\u00bb fullwidth=\u00bboff\u00bb orientation=\u00bblandscape\u00bb zoom_icon_color=\u00bb#dc001b\u00bb hover_overlay_color=\u00bbrgba(255,255,255,0.9)\u00bb hover_icon=\u00bb%%51%%\u00bb background_layout=\u00bblight\u00bb border_style=\u00bbsolid\u00bb auto=\u00bboff\u00bb disabled=\u00bbon\u00bb disabled_on=\u00bbon|on|on\u00bb \/][et_pb_video _builder_version=\u00bb3.0.51&#8243; disabled=\u00bbon\u00bb disabled_on=\u00bbon|on|on\u00bb \/][\/et_pb_column][\/et_pb_row][\/et_pb_section]<\/p>\n","protected":false},"excerpt":{"rendered":"<p>Por parte del Instituto Docente para la Excelencia e Innovaci\u00f3n Por Comunicaci\u00f3n Las Escuelas Salesianas de la Inspector\u00eda Mar\u00eda Auxiliadora han sido reconocidas por su excelencia educativa por el IDEI (Instituto Docente para la Excelencia e Innovaci\u00f3n). Este Reconocimiento Honor\u00edfico distingue a las Escuelas Salesianas\u00a0de la Comunidad Valenciana, Murcia y Zaragoza por el nivel de [&hellip;]<\/p>\n","protected":false},"author":2,"featured_media":7547,"comment_status":"open","ping_status":"open","sticky":false,"template":"","format":"standard","meta":{"_et_pb_use_builder":"on","_et_pb_old_content":"","_et_gb_content_width":"","footnotes":""},"categories":[24],"tags":[],"class_list":["post-7546","post","type-post","status-publish","format-standard","has-post-thumbnail","hentry","category-portadanoticias"],"yoast_head":"<!-- This site is optimized with the Yoast SEO plugin v28.3 - https:\/\/yoast.com\/product\/yoast-seo-wordpress\/ -->\n<title>Las Escuelas Salesianas reciben un Reconocimiento Honor\u00edfico por su Excelencia Educativa - Colegio Salesiano M\u00aa Auxiliadora Villena<\/title>\n<meta name=\"robots\" content=\"index, follow, max-snippet:-1, max-image-preview:large, max-video-preview:-1\" \/>\n<link rel=\"canonical\" href=\"https:\/\/villena.salesianos.edu\/colegio\/las-escuelas-salesianas-reciben-un-reconocimiento-honorifico-por-su-excelencia-educativa\/\" \/>\n<meta property=\"og:locale\" content=\"es_ES\" \/>\n<meta property=\"og:type\" content=\"article\" \/>\n<meta property=\"og:title\" content=\"Las Escuelas Salesianas reciben un Reconocimiento Honor\u00edfico por su Excelencia Educativa - Colegio Salesiano M\u00aa Auxiliadora Villena\" \/>\n<meta property=\"og:description\" content=\"Por parte del Instituto Docente para la Excelencia e Innovaci\u00f3n Por Comunicaci\u00f3n Las Escuelas Salesianas de la Inspector\u00eda Mar\u00eda Auxiliadora han sido reconocidas por su excelencia educativa por el IDEI (Instituto Docente para la Excelencia e Innovaci\u00f3n). Este Reconocimiento Honor\u00edfico distingue a las Escuelas Salesianas\u00a0de la Comunidad Valenciana, Murcia y Zaragoza por el nivel de [&hellip;]\" \/>\n<meta property=\"og:url\" content=\"https:\/\/villena.salesianos.edu\/colegio\/las-escuelas-salesianas-reciben-un-reconocimiento-honorifico-por-su-excelencia-educativa\/\" \/>\n<meta property=\"og:site_name\" content=\"Colegio Salesiano M\u00aa Auxiliadora Villena\" \/>\n<meta property=\"article:published_time\" content=\"2018-11-05T10:46:11+00:00\" \/>\n<meta property=\"og:image\" content=\"https:\/\/villena.salesianos.edu\/colegio\/wp-content\/uploads\/sites\/3\/2018\/11\/IMG-20181105-WA0000.jpg\" \/>\n\t<meta property=\"og:image:width\" content=\"569\" \/>\n\t<meta property=\"og:image:height\" content=\"377\" \/>\n\t<meta property=\"og:image:type\" content=\"image\/jpeg\" \/>\n<meta name=\"author\" content=\"Gestor Web\" \/>\n<meta name=\"twitter:card\" content=\"summary_large_image\" \/>\n<meta name=\"twitter:label1\" content=\"Escrito por\" \/>\n\t<meta name=\"twitter:data1\" content=\"Gestor Web\" \/>\n\t<meta name=\"twitter:label2\" content=\"Tiempo de lectura\" \/>\n\t<meta name=\"twitter:data2\" content=\"3 minutos\" \/>\n<script type=\"application\/ld+json\" class=\"yoast-schema-graph\">{\"@context\":\"https:\\\/\\\/schema.org\",\"@graph\":[{\"@type\":\"Article\",\"@id\":\"https:\\\/\\\/villena.salesianos.edu\\\/colegio\\\/las-escuelas-salesianas-reciben-un-reconocimiento-honorifico-por-su-excelencia-educativa\\\/#article\",\"isPartOf\":{\"@id\":\"https:\\\/\\\/villena.salesianos.edu\\\/colegio\\\/las-escuelas-salesianas-reciben-un-reconocimiento-honorifico-por-su-excelencia-educativa\\\/\"},\"author\":{\"name\":\"Gestor Web\",\"@id\":\"https:\\\/\\\/villena.salesianos.edu\\\/colegio\\\/#\\\/schema\\\/person\\\/737fd46edc5ae7d6c9b94da26c0e9302\"},\"headline\":\"Las Escuelas Salesianas reciben un Reconocimiento Honor\u00edfico por su Excelencia Educativa\",\"datePublished\":\"2018-11-05T10:46:11+00:00\",\"mainEntityOfPage\":{\"@id\":\"https:\\\/\\\/villena.salesianos.edu\\\/colegio\\\/las-escuelas-salesianas-reciben-un-reconocimiento-honorifico-por-su-excelencia-educativa\\\/\"},\"wordCount\":659,\"commentCount\":0,\"image\":{\"@id\":\"https:\\\/\\\/villena.salesianos.edu\\\/colegio\\\/las-escuelas-salesianas-reciben-un-reconocimiento-honorifico-por-su-excelencia-educativa\\\/#primaryimage\"},\"thumbnailUrl\":\"https:\\\/\\\/villena.salesianos.edu\\\/colegio\\\/wp-content\\\/uploads\\\/sites\\\/3\\\/2018\\\/11\\\/IMG-20181105-WA0000.jpg\",\"articleSection\":[\"Portada Noticias\"],\"inLanguage\":\"es\",\"potentialAction\":[{\"@type\":\"CommentAction\",\"name\":\"Comment\",\"target\":[\"https:\\\/\\\/villena.salesianos.edu\\\/colegio\\\/las-escuelas-salesianas-reciben-un-reconocimiento-honorifico-por-su-excelencia-educativa\\\/#respond\"]}]},{\"@type\":\"WebPage\",\"@id\":\"https:\\\/\\\/villena.salesianos.edu\\\/colegio\\\/las-escuelas-salesianas-reciben-un-reconocimiento-honorifico-por-su-excelencia-educativa\\\/\",\"url\":\"https:\\\/\\\/villena.salesianos.edu\\\/colegio\\\/las-escuelas-salesianas-reciben-un-reconocimiento-honorifico-por-su-excelencia-educativa\\\/\",\"name\":\"Las Escuelas Salesianas reciben un Reconocimiento Honor\u00edfico por su Excelencia Educativa - Colegio Salesiano M\u00aa Auxiliadora Villena\",\"isPartOf\":{\"@id\":\"https:\\\/\\\/villena.salesianos.edu\\\/colegio\\\/#website\"},\"primaryImageOfPage\":{\"@id\":\"https:\\\/\\\/villena.salesianos.edu\\\/colegio\\\/las-escuelas-salesianas-reciben-un-reconocimiento-honorifico-por-su-excelencia-educativa\\\/#primaryimage\"},\"image\":{\"@id\":\"https:\\\/\\\/villena.salesianos.edu\\\/colegio\\\/las-escuelas-salesianas-reciben-un-reconocimiento-honorifico-por-su-excelencia-educativa\\\/#primaryimage\"},\"thumbnailUrl\":\"https:\\\/\\\/villena.salesianos.edu\\\/colegio\\\/wp-content\\\/uploads\\\/sites\\\/3\\\/2018\\\/11\\\/IMG-20181105-WA0000.jpg\",\"datePublished\":\"2018-11-05T10:46:11+00:00\",\"author\":{\"@id\":\"https:\\\/\\\/villena.salesianos.edu\\\/colegio\\\/#\\\/schema\\\/person\\\/737fd46edc5ae7d6c9b94da26c0e9302\"},\"breadcrumb\":{\"@id\":\"https:\\\/\\\/villena.salesianos.edu\\\/colegio\\\/las-escuelas-salesianas-reciben-un-reconocimiento-honorifico-por-su-excelencia-educativa\\\/#breadcrumb\"},\"inLanguage\":\"es\",\"potentialAction\":[{\"@type\":\"ReadAction\",\"target\":[\"https:\\\/\\\/villena.salesianos.edu\\\/colegio\\\/las-escuelas-salesianas-reciben-un-reconocimiento-honorifico-por-su-excelencia-educativa\\\/\"]}]},{\"@type\":\"ImageObject\",\"inLanguage\":\"es\",\"@id\":\"https:\\\/\\\/villena.salesianos.edu\\\/colegio\\\/las-escuelas-salesianas-reciben-un-reconocimiento-honorifico-por-su-excelencia-educativa\\\/#primaryimage\",\"url\":\"https:\\\/\\\/villena.salesianos.edu\\\/colegio\\\/wp-content\\\/uploads\\\/sites\\\/3\\\/2018\\\/11\\\/IMG-20181105-WA0000.jpg\",\"contentUrl\":\"https:\\\/\\\/villena.salesianos.edu\\\/colegio\\\/wp-content\\\/uploads\\\/sites\\\/3\\\/2018\\\/11\\\/IMG-20181105-WA0000.jpg\",\"width\":569,\"height\":377},{\"@type\":\"BreadcrumbList\",\"@id\":\"https:\\\/\\\/villena.salesianos.edu\\\/colegio\\\/las-escuelas-salesianas-reciben-un-reconocimiento-honorifico-por-su-excelencia-educativa\\\/#breadcrumb\",\"itemListElement\":[{\"@type\":\"ListItem\",\"position\":1,\"name\":\"Portada\",\"item\":\"https:\\\/\\\/villena.salesianos.edu\\\/colegio\\\/\"},{\"@type\":\"ListItem\",\"position\":2,\"name\":\"Las Escuelas Salesianas reciben un Reconocimiento Honor\u00edfico por su Excelencia Educativa\"}]},{\"@type\":\"WebSite\",\"@id\":\"https:\\\/\\\/villena.salesianos.edu\\\/colegio\\\/#website\",\"url\":\"https:\\\/\\\/villena.salesianos.edu\\\/colegio\\\/\",\"name\":\"Colegio Salesiano M\u00aa Auxiliadora Villena\",\"description\":\"P\u00e1gina oficial Salesianos Villena\",\"potentialAction\":[{\"@type\":\"SearchAction\",\"target\":{\"@type\":\"EntryPoint\",\"urlTemplate\":\"https:\\\/\\\/villena.salesianos.edu\\\/colegio\\\/?s={search_term_string}\"},\"query-input\":{\"@type\":\"PropertyValueSpecification\",\"valueRequired\":true,\"valueName\":\"search_term_string\"}}],\"inLanguage\":\"es\"},{\"@type\":\"Person\",\"@id\":\"https:\\\/\\\/villena.salesianos.edu\\\/colegio\\\/#\\\/schema\\\/person\\\/737fd46edc5ae7d6c9b94da26c0e9302\",\"name\":\"Gestor Web\",\"image\":{\"@type\":\"ImageObject\",\"inLanguage\":\"es\",\"@id\":\"https:\\\/\\\/secure.gravatar.com\\\/avatar\\\/44469746e1b6443cd011d1759fdc3b9fdcdae4a08dc0ddd85247651cb065486d?s=96&d=mm&r=g\",\"url\":\"https:\\\/\\\/secure.gravatar.com\\\/avatar\\\/44469746e1b6443cd011d1759fdc3b9fdcdae4a08dc0ddd85247651cb065486d?s=96&d=mm&r=g\",\"contentUrl\":\"https:\\\/\\\/secure.gravatar.com\\\/avatar\\\/44469746e1b6443cd011d1759fdc3b9fdcdae4a08dc0ddd85247651cb065486d?s=96&d=mm&r=g\",\"caption\":\"Gestor Web\"}}]}<\/script>\n<!-- \/ Yoast SEO plugin. -->","yoast_head_json":{"title":"Las Escuelas Salesianas reciben un Reconocimiento Honor\u00edfico por su Excelencia Educativa - Colegio Salesiano M\u00aa Auxiliadora Villena","robots":{"index":"index","follow":"follow","max-snippet":"max-snippet:-1","max-image-preview":"max-image-preview:large","max-video-preview":"max-video-preview:-1"},"canonical":"https:\/\/villena.salesianos.edu\/colegio\/las-escuelas-salesianas-reciben-un-reconocimiento-honorifico-por-su-excelencia-educativa\/","og_locale":"es_ES","og_type":"article","og_title":"Las Escuelas Salesianas reciben un Reconocimiento Honor\u00edfico por su Excelencia Educativa - Colegio Salesiano M\u00aa Auxiliadora Villena","og_description":"Por parte del Instituto Docente para la Excelencia e Innovaci\u00f3n Por Comunicaci\u00f3n Las Escuelas Salesianas de la Inspector\u00eda Mar\u00eda Auxiliadora han sido reconocidas por su excelencia educativa por el IDEI (Instituto Docente para la Excelencia e Innovaci\u00f3n). Este Reconocimiento Honor\u00edfico distingue a las Escuelas Salesianas\u00a0de la Comunidad Valenciana, Murcia y Zaragoza por el nivel de [&hellip;]","og_url":"https:\/\/villena.salesianos.edu\/colegio\/las-escuelas-salesianas-reciben-un-reconocimiento-honorifico-por-su-excelencia-educativa\/","og_site_name":"Colegio Salesiano M\u00aa Auxiliadora Villena","article_published_time":"2018-11-05T10:46:11+00:00","og_image":[{"width":569,"height":377,"url":"https:\/\/villena.salesianos.edu\/colegio\/wp-content\/uploads\/sites\/3\/2018\/11\/IMG-20181105-WA0000.jpg","type":"image\/jpeg"}],"author":"Gestor Web","twitter_card":"summary_large_image","twitter_misc":{"Escrito por":"Gestor Web","Tiempo de lectura":"3 minutos"},"schema":{"@context":"https:\/\/schema.org","@graph":[{"@type":"Article","@id":"https:\/\/villena.salesianos.edu\/colegio\/las-escuelas-salesianas-reciben-un-reconocimiento-honorifico-por-su-excelencia-educativa\/#article","isPartOf":{"@id":"https:\/\/villena.salesianos.edu\/colegio\/las-escuelas-salesianas-reciben-un-reconocimiento-honorifico-por-su-excelencia-educativa\/"},"author":{"name":"Gestor Web","@id":"https:\/\/villena.salesianos.edu\/colegio\/#\/schema\/person\/737fd46edc5ae7d6c9b94da26c0e9302"},"headline":"Las Escuelas Salesianas reciben un Reconocimiento Honor\u00edfico por su Excelencia Educativa","datePublished":"2018-11-05T10:46:11+00:00","mainEntityOfPage":{"@id":"https:\/\/villena.salesianos.edu\/colegio\/las-escuelas-salesianas-reciben-un-reconocimiento-honorifico-por-su-excelencia-educativa\/"},"wordCount":659,"commentCount":0,"image":{"@id":"https:\/\/villena.salesianos.edu\/colegio\/las-escuelas-salesianas-reciben-un-reconocimiento-honorifico-por-su-excelencia-educativa\/#primaryimage"},"thumbnailUrl":"https:\/\/villena.salesianos.edu\/colegio\/wp-content\/uploads\/sites\/3\/2018\/11\/IMG-20181105-WA0000.jpg","articleSection":["Portada Noticias"],"inLanguage":"es","potentialAction":[{"@type":"CommentAction","name":"Comment","target":["https:\/\/villena.salesianos.edu\/colegio\/las-escuelas-salesianas-reciben-un-reconocimiento-honorifico-por-su-excelencia-educativa\/#respond"]}]},{"@type":"WebPage","@id":"https:\/\/villena.salesianos.edu\/colegio\/las-escuelas-salesianas-reciben-un-reconocimiento-honorifico-por-su-excelencia-educativa\/","url":"https:\/\/villena.salesianos.edu\/colegio\/las-escuelas-salesianas-reciben-un-reconocimiento-honorifico-por-su-excelencia-educativa\/","name":"Las Escuelas Salesianas reciben un Reconocimiento Honor\u00edfico por su Excelencia Educativa - Colegio Salesiano M\u00aa Auxiliadora Villena","isPartOf":{"@id":"https:\/\/villena.salesianos.edu\/colegio\/#website"},"primaryImageOfPage":{"@id":"https:\/\/villena.salesianos.edu\/colegio\/las-escuelas-salesianas-reciben-un-reconocimiento-honorifico-por-su-excelencia-educativa\/#primaryimage"},"image":{"@id":"https:\/\/villena.salesianos.edu\/colegio\/las-escuelas-salesianas-reciben-un-reconocimiento-honorifico-por-su-excelencia-educativa\/#primaryimage"},"thumbnailUrl":"https:\/\/villena.salesianos.edu\/colegio\/wp-content\/uploads\/sites\/3\/2018\/11\/IMG-20181105-WA0000.jpg","datePublished":"2018-11-05T10:46:11+00:00","author":{"@id":"https:\/\/villena.salesianos.edu\/colegio\/#\/schema\/person\/737fd46edc5ae7d6c9b94da26c0e9302"},"breadcrumb":{"@id":"https:\/\/villena.salesianos.edu\/colegio\/las-escuelas-salesianas-reciben-un-reconocimiento-honorifico-por-su-excelencia-educativa\/#breadcrumb"},"inLanguage":"es","potentialAction":[{"@type":"ReadAction","target":["https:\/\/villena.salesianos.edu\/colegio\/las-escuelas-salesianas-reciben-un-reconocimiento-honorifico-por-su-excelencia-educativa\/"]}]},{"@type":"ImageObject","inLanguage":"es","@id":"https:\/\/villena.salesianos.edu\/colegio\/las-escuelas-salesianas-reciben-un-reconocimiento-honorifico-por-su-excelencia-educativa\/#primaryimage","url":"https:\/\/villena.salesianos.edu\/colegio\/wp-content\/uploads\/sites\/3\/2018\/11\/IMG-20181105-WA0000.jpg","contentUrl":"https:\/\/villena.salesianos.edu\/colegio\/wp-content\/uploads\/sites\/3\/2018\/11\/IMG-20181105-WA0000.jpg","width":569,"height":377},{"@type":"BreadcrumbList","@id":"https:\/\/villena.salesianos.edu\/colegio\/las-escuelas-salesianas-reciben-un-reconocimiento-honorifico-por-su-excelencia-educativa\/#breadcrumb","itemListElement":[{"@type":"ListItem","position":1,"name":"Portada","item":"https:\/\/villena.salesianos.edu\/colegio\/"},{"@type":"ListItem","position":2,"name":"Las Escuelas Salesianas reciben un Reconocimiento Honor\u00edfico por su Excelencia Educativa"}]},{"@type":"WebSite","@id":"https:\/\/villena.salesianos.edu\/colegio\/#website","url":"https:\/\/villena.salesianos.edu\/colegio\/","name":"Colegio Salesiano M\u00aa Auxiliadora Villena","description":"P\u00e1gina oficial Salesianos Villena","potentialAction":[{"@type":"SearchAction","target":{"@type":"EntryPoint","urlTemplate":"https:\/\/villena.salesianos.edu\/colegio\/?s={search_term_string}"},"query-input":{"@type":"PropertyValueSpecification","valueRequired":true,"valueName":"search_term_string"}}],"inLanguage":"es"},{"@type":"Person","@id":"https:\/\/villena.salesianos.edu\/colegio\/#\/schema\/person\/737fd46edc5ae7d6c9b94da26c0e9302","name":"Gestor Web","image":{"@type":"ImageObject","inLanguage":"es","@id":"https:\/\/secure.gravatar.com\/avatar\/44469746e1b6443cd011d1759fdc3b9fdcdae4a08dc0ddd85247651cb065486d?s=96&d=mm&r=g","url":"https:\/\/secure.gravatar.com\/avatar\/44469746e1b6443cd011d1759fdc3b9fdcdae4a08dc0ddd85247651cb065486d?s=96&d=mm&r=g","contentUrl":"https:\/\/secure.gravatar.com\/avatar\/44469746e1b6443cd011d1759fdc3b9fdcdae4a08dc0ddd85247651cb065486d?s=96&d=mm&r=g","caption":"Gestor Web"}}]}},"_links":{"self":[{"href":"https:\/\/villena.salesianos.edu\/colegio\/wp-json\/wp\/v2\/posts\/7546","targetHints":{"allow":["GET"]}}],"collection":[{"href":"https:\/\/villena.salesianos.edu\/colegio\/wp-json\/wp\/v2\/posts"}],"about":[{"href":"https:\/\/villena.salesianos.edu\/colegio\/wp-json\/wp\/v2\/types\/post"}],"author":[{"embeddable":true,"href":"https:\/\/villena.salesianos.edu\/colegio\/wp-json\/wp\/v2\/users\/2"}],"replies":[{"embeddable":true,"href":"https:\/\/villena.salesianos.edu\/colegio\/wp-json\/wp\/v2\/comments?post=7546"}],"version-history":[{"count":1,"href":"https:\/\/villena.salesianos.edu\/colegio\/wp-json\/wp\/v2\/posts\/7546\/revisions"}],"predecessor-version":[{"id":7548,"href":"https:\/\/villena.salesianos.edu\/colegio\/wp-json\/wp\/v2\/posts\/7546\/revisions\/7548"}],"wp:featuredmedia":[{"embeddable":true,"href":"https:\/\/villena.salesianos.edu\/colegio\/wp-json\/wp\/v2\/media\/7547"}],"wp:attachment":[{"href":"https:\/\/villena.salesianos.edu\/colegio\/wp-json\/wp\/v2\/media?parent=7546"}],"wp:term":[{"taxonomy":"category","embeddable":true,"href":"https:\/\/villena.salesianos.edu\/colegio\/wp-json\/wp\/v2\/categories?post=7546"},{"taxonomy":"post_tag","embeddable":true,"href":"https:\/\/villena.salesianos.edu\/colegio\/wp-json\/wp\/v2\/tags?post=7546"}],"curies":[{"name":"wp","href":"https:\/\/api.w.org\/{rel}","templated":true}]}}