{"id":7608,"date":"2018-11-09T22:02:58","date_gmt":"2018-11-09T21:02:58","guid":{"rendered":"https:\/\/villena.salesianos.edu\/colegio\/?p=7608"},"modified":"2018-11-11T17:56:07","modified_gmt":"2018-11-11T16:56:07","slug":"domingo-savio-el-santo-de-la-juventud","status":"publish","type":"post","link":"https:\/\/villena.salesianos.edu\/colegio\/domingo-savio-el-santo-de-la-juventud\/","title":{"rendered":"Domingo Savio, el SANTO de la JUVENTUD"},"content":{"rendered":"<p>[et_pb_section bb_built=\u00bb1&#8243; admin_label=\u00bbsection\u00bb][et_pb_row admin_label=\u00bbrow\u00bb background_position=\u00bbtop_left\u00bb background_repeat=\u00bbrepeat\u00bb background_size=\u00bbinitial\u00bb][et_pb_column type=\u00bb4_4&#8243;][et_pb_text admin_label=\u00bbEntradilla (Texto)\u00bb _builder_version=\u00bb3.0.92&#8243; background_layout=\u00bblight\u00bb text_orientation=\u00bbjustified\u00bb text_font=\u00bb|on|||\u00bb border_style=\u00bbsolid\u00bb]<\/p>\n<p><strong>Vivimos la ilusi\u00f3n y alegr\u00eda de Domingo Savio, el Santo de los j\u00f3venes.<\/strong><\/p>\n<p>[\/et_pb_text][et_pb_text admin_label=\u00bbAutor (Texto)\u00bb _builder_version=\u00bb3.0.92&#8243; background_layout=\u00bblight\u00bb text_font=\u00bb||on||\u00bb border_style=\u00bbsolid\u00bb]<\/p>\n<p><i>Por Equipo de Pastoral<\/i><\/p>\n<p>[\/et_pb_text][et_pb_text admin_label=\u00bbDesarrollo (Texto)\u00bb _builder_version=\u00bb3.0.92&#8243; background_layout=\u00bblight\u00bb text_orientation=\u00bbjustified\u00bb]<\/p>\n<p>Todo el d\u00eda del viernes 9 de Noviembre, se vivi\u00f3 y disfrut\u00f3 con ilusi\u00f3n recordando a este alumno ejemplar de Don Bosco. Ya sabemos que \u201coficialmente\u201d <strong>el d\u00eda de Santo Domingo Savio es el 6 de mayo<\/strong>, pero hemos decidido celebrarlo este trimestre para que las fiestas escolares est\u00e9n m\u00e1s repartidas durante el curso.<\/p>\n<p><a href=\"villena.salesianos.edu\/colegio\/secundaria\">Educaci\u00f3n Secundaria<\/a> lo hizo con una eucarist\u00eda, juegos y deportes por la ma\u00f1ana. Infantil y Primaria fue al teatro por la tarde para tener un momento de encuentro con Domingo y vivir su alegr\u00eda y entusiasmo con bailes, canciones, teatros y oraciones.<\/p>\n<p>Toda <a href=\"villena.salesianos.edu\/colegio\/primaria\">Primaria<\/a> e <a href=\"villena.salesianos.edu\/colegio\/infantil\">Infantil<\/a> fue al teatro para recordar a ese gran joven. Tras un saludo inicial, pudimos contemplar la proyecci\u00f3n sobre la vida de este joven santo que la Coordinadoras de <a href=\"villena.salesianos.edu\/colegio\/pastoral\">Pastoral<\/a> de Infantil y Primaria fueron narrando y haci\u00e9ndonos recordar.<\/p>\n<p>A continuaci\u00f3n el coro del cole subi\u00f3 al escenario, todos los ni\u00f1os bailaron y cantaron una marchosa canci\u00f3n, que hizo que todos los que all\u00ed est\u00e1bamos nos emocionara y alegrara.<\/p>\n<p>Despu\u00e9s de una calurosa ovaci\u00f3n, fueron los ni\u00f1os y ni\u00f1as de 2\u00ba de Primaria los que nos deleitaron con una representaci\u00f3n en la que se narraba un episodio de la vida de Domingo Savio: un valiente que no dud\u00f3 en ponerse entre dos compa\u00f1eros que estaban pele\u00e1ndose para convencerles de que esa no era la mejor manera de arreglar los problemas.<\/p>\n<p>Pero el momento m\u00e1s esperado por todos lleg\u00f3 cuando ni\u00f1os y ni\u00f1as de 5 a\u00f1os subieron acompa\u00f1ados por compa\u00f1eros y compa\u00f1eras de 6\u00ba curso y bajo el escenario alumnas de 1\u00ba de la ESO, para bailar la canci\u00f3n \u201cComo t\u00fa, Domingo\u201d, que es con diferencia la preferida de todo el colegio.<\/p>\n<p>Pues s\u00ed, como dice la letra de esta canci\u00f3n, todos le pedimos a Domingo Savio que nos ense\u00f1ara a vivir como \u00e9l \u201c\u2026para pintar el mundo como quiso Jes\u00fas\u201d. Porque\u2026 \u201cDomingo, los peque\u00f1os a\u00fan podemos so\u00f1ar que todo est\u00e1 arreglado si sabemos amar\u201d.<\/p>\n<p>No sabemos si llegaremos a ser santos, pero lo que s\u00ed que sabemos cu\u00e1l es el camino para conseguirlo\u2026 <strong>\u201cESTAR SIEMPRE ALEGRES\u201d.<\/strong><\/p>\n<hr \/>\n<p>&nbsp;<\/p>\n<p>Para ver las fotos de Secundaria <a href=\"https:\/\/villena.salesianos.edu\/colegio\/galeria\/primaria-fotos\/\"><strong>pincha aqu\u00ed<\/strong><\/a><\/p>\n<p>ara ver las fotos de Infantil y Primara <a href=\"https:\/\/villena.salesianos.edu\/colegio\/galeria\/secundaria-fotos\/\"><strong>pincha aqu\u00ed<\/strong><\/a><\/p>\n<p>[\/et_pb_text][et_pb_text admin_label=\u00bbT\u00edtulo: Galer\u00eda de fotos (Texto)\u00bb _builder_version=\u00bb3.0.51&#8243; background_layout=\u00bblight\u00bb text_orientation=\u00bbleft\u00bb text_font=\u00bb|on|||\u00bb text_text_color=\u00bb#dc001b\u00bb border_style=\u00bbsolid\u00bb disabled=\u00bbon\u00bb disabled_on=\u00bbon|on|on\u00bb]<\/p>\n<p>Galer\u00eda de im\u00e1genes<\/p>\n<p>[\/et_pb_text][et_pb_gallery _builder_version=\u00bb3.0.51&#8243; posts_number=\u00bb8&#8243; show_title_and_caption=\u00bboff\u00bb show_pagination=\u00bbon\u00bb fullwidth=\u00bboff\u00bb orientation=\u00bblandscape\u00bb zoom_icon_color=\u00bb#dc001b\u00bb hover_overlay_color=\u00bbrgba(255,255,255,0.9)\u00bb hover_icon=\u00bb%%51%%\u00bb background_layout=\u00bblight\u00bb border_style=\u00bbsolid\u00bb auto=\u00bboff\u00bb disabled=\u00bbon\u00bb disabled_on=\u00bbon|on|on\u00bb \/][et_pb_video _builder_version=\u00bb3.0.51&#8243; disabled=\u00bbon\u00bb disabled_on=\u00bbon|on|on\u00bb \/][\/et_pb_column][\/et_pb_row][\/et_pb_section]<\/p>\n","protected":false},"excerpt":{"rendered":"<p>Vivimos la ilusi\u00f3n y alegr\u00eda de Domingo Savio, el Santo de los j\u00f3venes. Por Equipo de Pastoral Todo el d\u00eda del viernes 9 de Noviembre, se vivi\u00f3 y disfrut\u00f3 con ilusi\u00f3n recordando a este alumno ejemplar de Don Bosco. Ya sabemos que \u201coficialmente\u201d el d\u00eda de Santo Domingo Savio es el 6 de mayo, pero [&hellip;]<\/p>\n","protected":false},"author":2,"featured_media":7612,"comment_status":"open","ping_status":"open","sticky":false,"template":"","format":"standard","meta":{"_et_pb_use_builder":"on","_et_pb_old_content":"","_et_gb_content_width":"","footnotes":""},"categories":[22],"tags":[],"class_list":["post-7608","post","type-post","status-publish","format-standard","has-post-thumbnail","hentry","category-colegio"],"yoast_head":"<!-- This site is optimized with the Yoast SEO plugin v28.3 - https:\/\/yoast.com\/product\/yoast-seo-wordpress\/ -->\n<title>Domingo Savio, el SANTO de la JUVENTUD - Colegio Salesiano M\u00aa Auxiliadora Villena<\/title>\n<meta name=\"robots\" content=\"index, follow, max-snippet:-1, max-image-preview:large, max-video-preview:-1\" \/>\n<link rel=\"canonical\" href=\"https:\/\/villena.salesianos.edu\/colegio\/domingo-savio-el-santo-de-la-juventud\/\" \/>\n<meta property=\"og:locale\" content=\"es_ES\" \/>\n<meta property=\"og:type\" content=\"article\" \/>\n<meta property=\"og:title\" content=\"Domingo Savio, el SANTO de la JUVENTUD - Colegio Salesiano M\u00aa Auxiliadora Villena\" \/>\n<meta property=\"og:description\" content=\"Vivimos la ilusi\u00f3n y alegr\u00eda de Domingo Savio, el Santo de los j\u00f3venes. Por Equipo de Pastoral Todo el d\u00eda del viernes 9 de Noviembre, se vivi\u00f3 y disfrut\u00f3 con ilusi\u00f3n recordando a este alumno ejemplar de Don Bosco. Ya sabemos que \u201coficialmente\u201d el d\u00eda de Santo Domingo Savio es el 6 de mayo, pero [&hellip;]\" \/>\n<meta property=\"og:url\" content=\"https:\/\/villena.salesianos.edu\/colegio\/domingo-savio-el-santo-de-la-juventud\/\" \/>\n<meta property=\"og:site_name\" content=\"Colegio Salesiano M\u00aa Auxiliadora Villena\" \/>\n<meta property=\"article:published_time\" content=\"2018-11-09T21:02:58+00:00\" \/>\n<meta property=\"article:modified_time\" content=\"2018-11-11T16:56:07+00:00\" \/>\n<meta property=\"og:image\" content=\"https:\/\/villena.salesianos.edu\/colegio\/wp-content\/uploads\/sites\/3\/2018\/11\/Domingo-Savio-5348.jpg\" \/>\n\t<meta property=\"og:image:width\" content=\"960\" \/>\n\t<meta property=\"og:image:height\" content=\"640\" \/>\n\t<meta property=\"og:image:type\" content=\"image\/jpeg\" \/>\n<meta name=\"author\" content=\"Gestor Web\" \/>\n<meta name=\"twitter:card\" content=\"summary_large_image\" \/>\n<meta name=\"twitter:label1\" content=\"Escrito por\" \/>\n\t<meta name=\"twitter:data1\" content=\"Gestor Web\" \/>\n\t<meta name=\"twitter:label2\" content=\"Tiempo de lectura\" \/>\n\t<meta name=\"twitter:data2\" content=\"3 minutos\" \/>\n<script type=\"application\/ld+json\" class=\"yoast-schema-graph\">{\"@context\":\"https:\\\/\\\/schema.org\",\"@graph\":[{\"@type\":\"Article\",\"@id\":\"https:\\\/\\\/villena.salesianos.edu\\\/colegio\\\/domingo-savio-el-santo-de-la-juventud\\\/#article\",\"isPartOf\":{\"@id\":\"https:\\\/\\\/villena.salesianos.edu\\\/colegio\\\/domingo-savio-el-santo-de-la-juventud\\\/\"},\"author\":{\"name\":\"Gestor Web\",\"@id\":\"https:\\\/\\\/villena.salesianos.edu\\\/colegio\\\/#\\\/schema\\\/person\\\/737fd46edc5ae7d6c9b94da26c0e9302\"},\"headline\":\"Domingo Savio, el SANTO de la JUVENTUD\",\"datePublished\":\"2018-11-09T21:02:58+00:00\",\"dateModified\":\"2018-11-11T16:56:07+00:00\",\"mainEntityOfPage\":{\"@id\":\"https:\\\/\\\/villena.salesianos.edu\\\/colegio\\\/domingo-savio-el-santo-de-la-juventud\\\/\"},\"wordCount\":625,\"commentCount\":0,\"image\":{\"@id\":\"https:\\\/\\\/villena.salesianos.edu\\\/colegio\\\/domingo-savio-el-santo-de-la-juventud\\\/#primaryimage\"},\"thumbnailUrl\":\"https:\\\/\\\/villena.salesianos.edu\\\/colegio\\\/wp-content\\\/uploads\\\/sites\\\/3\\\/2018\\\/11\\\/Domingo-Savio-5348.jpg\",\"articleSection\":[\"Colegio\"],\"inLanguage\":\"es\",\"potentialAction\":[{\"@type\":\"CommentAction\",\"name\":\"Comment\",\"target\":[\"https:\\\/\\\/villena.salesianos.edu\\\/colegio\\\/domingo-savio-el-santo-de-la-juventud\\\/#respond\"]}]},{\"@type\":\"WebPage\",\"@id\":\"https:\\\/\\\/villena.salesianos.edu\\\/colegio\\\/domingo-savio-el-santo-de-la-juventud\\\/\",\"url\":\"https:\\\/\\\/villena.salesianos.edu\\\/colegio\\\/domingo-savio-el-santo-de-la-juventud\\\/\",\"name\":\"Domingo Savio, el SANTO de la JUVENTUD - Colegio Salesiano M\u00aa Auxiliadora Villena\",\"isPartOf\":{\"@id\":\"https:\\\/\\\/villena.salesianos.edu\\\/colegio\\\/#website\"},\"primaryImageOfPage\":{\"@id\":\"https:\\\/\\\/villena.salesianos.edu\\\/colegio\\\/domingo-savio-el-santo-de-la-juventud\\\/#primaryimage\"},\"image\":{\"@id\":\"https:\\\/\\\/villena.salesianos.edu\\\/colegio\\\/domingo-savio-el-santo-de-la-juventud\\\/#primaryimage\"},\"thumbnailUrl\":\"https:\\\/\\\/villena.salesianos.edu\\\/colegio\\\/wp-content\\\/uploads\\\/sites\\\/3\\\/2018\\\/11\\\/Domingo-Savio-5348.jpg\",\"datePublished\":\"2018-11-09T21:02:58+00:00\",\"dateModified\":\"2018-11-11T16:56:07+00:00\",\"author\":{\"@id\":\"https:\\\/\\\/villena.salesianos.edu\\\/colegio\\\/#\\\/schema\\\/person\\\/737fd46edc5ae7d6c9b94da26c0e9302\"},\"breadcrumb\":{\"@id\":\"https:\\\/\\\/villena.salesianos.edu\\\/colegio\\\/domingo-savio-el-santo-de-la-juventud\\\/#breadcrumb\"},\"inLanguage\":\"es\",\"potentialAction\":[{\"@type\":\"ReadAction\",\"target\":[\"https:\\\/\\\/villena.salesianos.edu\\\/colegio\\\/domingo-savio-el-santo-de-la-juventud\\\/\"]}]},{\"@type\":\"ImageObject\",\"inLanguage\":\"es\",\"@id\":\"https:\\\/\\\/villena.salesianos.edu\\\/colegio\\\/domingo-savio-el-santo-de-la-juventud\\\/#primaryimage\",\"url\":\"https:\\\/\\\/villena.salesianos.edu\\\/colegio\\\/wp-content\\\/uploads\\\/sites\\\/3\\\/2018\\\/11\\\/Domingo-Savio-5348.jpg\",\"contentUrl\":\"https:\\\/\\\/villena.salesianos.edu\\\/colegio\\\/wp-content\\\/uploads\\\/sites\\\/3\\\/2018\\\/11\\\/Domingo-Savio-5348.jpg\",\"width\":960,\"height\":640},{\"@type\":\"BreadcrumbList\",\"@id\":\"https:\\\/\\\/villena.salesianos.edu\\\/colegio\\\/domingo-savio-el-santo-de-la-juventud\\\/#breadcrumb\",\"itemListElement\":[{\"@type\":\"ListItem\",\"position\":1,\"name\":\"Portada\",\"item\":\"https:\\\/\\\/villena.salesianos.edu\\\/colegio\\\/\"},{\"@type\":\"ListItem\",\"position\":2,\"name\":\"Domingo Savio, el SANTO de la JUVENTUD\"}]},{\"@type\":\"WebSite\",\"@id\":\"https:\\\/\\\/villena.salesianos.edu\\\/colegio\\\/#website\",\"url\":\"https:\\\/\\\/villena.salesianos.edu\\\/colegio\\\/\",\"name\":\"Colegio Salesiano M\u00aa Auxiliadora Villena\",\"description\":\"P\u00e1gina oficial Salesianos Villena\",\"potentialAction\":[{\"@type\":\"SearchAction\",\"target\":{\"@type\":\"EntryPoint\",\"urlTemplate\":\"https:\\\/\\\/villena.salesianos.edu\\\/colegio\\\/?s={search_term_string}\"},\"query-input\":{\"@type\":\"PropertyValueSpecification\",\"valueRequired\":true,\"valueName\":\"search_term_string\"}}],\"inLanguage\":\"es\"},{\"@type\":\"Person\",\"@id\":\"https:\\\/\\\/villena.salesianos.edu\\\/colegio\\\/#\\\/schema\\\/person\\\/737fd46edc5ae7d6c9b94da26c0e9302\",\"name\":\"Gestor Web\",\"image\":{\"@type\":\"ImageObject\",\"inLanguage\":\"es\",\"@id\":\"https:\\\/\\\/secure.gravatar.com\\\/avatar\\\/44469746e1b6443cd011d1759fdc3b9fdcdae4a08dc0ddd85247651cb065486d?s=96&d=mm&r=g\",\"url\":\"https:\\\/\\\/secure.gravatar.com\\\/avatar\\\/44469746e1b6443cd011d1759fdc3b9fdcdae4a08dc0ddd85247651cb065486d?s=96&d=mm&r=g\",\"contentUrl\":\"https:\\\/\\\/secure.gravatar.com\\\/avatar\\\/44469746e1b6443cd011d1759fdc3b9fdcdae4a08dc0ddd85247651cb065486d?s=96&d=mm&r=g\",\"caption\":\"Gestor Web\"}}]}<\/script>\n<!-- \/ Yoast SEO plugin. -->","yoast_head_json":{"title":"Domingo Savio, el SANTO de la JUVENTUD - Colegio Salesiano M\u00aa Auxiliadora Villena","robots":{"index":"index","follow":"follow","max-snippet":"max-snippet:-1","max-image-preview":"max-image-preview:large","max-video-preview":"max-video-preview:-1"},"canonical":"https:\/\/villena.salesianos.edu\/colegio\/domingo-savio-el-santo-de-la-juventud\/","og_locale":"es_ES","og_type":"article","og_title":"Domingo Savio, el SANTO de la JUVENTUD - Colegio Salesiano M\u00aa Auxiliadora Villena","og_description":"Vivimos la ilusi\u00f3n y alegr\u00eda de Domingo Savio, el Santo de los j\u00f3venes. Por Equipo de Pastoral Todo el d\u00eda del viernes 9 de Noviembre, se vivi\u00f3 y disfrut\u00f3 con ilusi\u00f3n recordando a este alumno ejemplar de Don Bosco. Ya sabemos que \u201coficialmente\u201d el d\u00eda de Santo Domingo Savio es el 6 de mayo, pero [&hellip;]","og_url":"https:\/\/villena.salesianos.edu\/colegio\/domingo-savio-el-santo-de-la-juventud\/","og_site_name":"Colegio Salesiano M\u00aa Auxiliadora Villena","article_published_time":"2018-11-09T21:02:58+00:00","article_modified_time":"2018-11-11T16:56:07+00:00","og_image":[{"width":960,"height":640,"url":"https:\/\/villena.salesianos.edu\/colegio\/wp-content\/uploads\/sites\/3\/2018\/11\/Domingo-Savio-5348.jpg","type":"image\/jpeg"}],"author":"Gestor Web","twitter_card":"summary_large_image","twitter_misc":{"Escrito por":"Gestor Web","Tiempo de lectura":"3 minutos"},"schema":{"@context":"https:\/\/schema.org","@graph":[{"@type":"Article","@id":"https:\/\/villena.salesianos.edu\/colegio\/domingo-savio-el-santo-de-la-juventud\/#article","isPartOf":{"@id":"https:\/\/villena.salesianos.edu\/colegio\/domingo-savio-el-santo-de-la-juventud\/"},"author":{"name":"Gestor Web","@id":"https:\/\/villena.salesianos.edu\/colegio\/#\/schema\/person\/737fd46edc5ae7d6c9b94da26c0e9302"},"headline":"Domingo Savio, el SANTO de la JUVENTUD","datePublished":"2018-11-09T21:02:58+00:00","dateModified":"2018-11-11T16:56:07+00:00","mainEntityOfPage":{"@id":"https:\/\/villena.salesianos.edu\/colegio\/domingo-savio-el-santo-de-la-juventud\/"},"wordCount":625,"commentCount":0,"image":{"@id":"https:\/\/villena.salesianos.edu\/colegio\/domingo-savio-el-santo-de-la-juventud\/#primaryimage"},"thumbnailUrl":"https:\/\/villena.salesianos.edu\/colegio\/wp-content\/uploads\/sites\/3\/2018\/11\/Domingo-Savio-5348.jpg","articleSection":["Colegio"],"inLanguage":"es","potentialAction":[{"@type":"CommentAction","name":"Comment","target":["https:\/\/villena.salesianos.edu\/colegio\/domingo-savio-el-santo-de-la-juventud\/#respond"]}]},{"@type":"WebPage","@id":"https:\/\/villena.salesianos.edu\/colegio\/domingo-savio-el-santo-de-la-juventud\/","url":"https:\/\/villena.salesianos.edu\/colegio\/domingo-savio-el-santo-de-la-juventud\/","name":"Domingo Savio, el SANTO de la JUVENTUD - Colegio Salesiano M\u00aa Auxiliadora Villena","isPartOf":{"@id":"https:\/\/villena.salesianos.edu\/colegio\/#website"},"primaryImageOfPage":{"@id":"https:\/\/villena.salesianos.edu\/colegio\/domingo-savio-el-santo-de-la-juventud\/#primaryimage"},"image":{"@id":"https:\/\/villena.salesianos.edu\/colegio\/domingo-savio-el-santo-de-la-juventud\/#primaryimage"},"thumbnailUrl":"https:\/\/villena.salesianos.edu\/colegio\/wp-content\/uploads\/sites\/3\/2018\/11\/Domingo-Savio-5348.jpg","datePublished":"2018-11-09T21:02:58+00:00","dateModified":"2018-11-11T16:56:07+00:00","author":{"@id":"https:\/\/villena.salesianos.edu\/colegio\/#\/schema\/person\/737fd46edc5ae7d6c9b94da26c0e9302"},"breadcrumb":{"@id":"https:\/\/villena.salesianos.edu\/colegio\/domingo-savio-el-santo-de-la-juventud\/#breadcrumb"},"inLanguage":"es","potentialAction":[{"@type":"ReadAction","target":["https:\/\/villena.salesianos.edu\/colegio\/domingo-savio-el-santo-de-la-juventud\/"]}]},{"@type":"ImageObject","inLanguage":"es","@id":"https:\/\/villena.salesianos.edu\/colegio\/domingo-savio-el-santo-de-la-juventud\/#primaryimage","url":"https:\/\/villena.salesianos.edu\/colegio\/wp-content\/uploads\/sites\/3\/2018\/11\/Domingo-Savio-5348.jpg","contentUrl":"https:\/\/villena.salesianos.edu\/colegio\/wp-content\/uploads\/sites\/3\/2018\/11\/Domingo-Savio-5348.jpg","width":960,"height":640},{"@type":"BreadcrumbList","@id":"https:\/\/villena.salesianos.edu\/colegio\/domingo-savio-el-santo-de-la-juventud\/#breadcrumb","itemListElement":[{"@type":"ListItem","position":1,"name":"Portada","item":"https:\/\/villena.salesianos.edu\/colegio\/"},{"@type":"ListItem","position":2,"name":"Domingo Savio, el SANTO de la JUVENTUD"}]},{"@type":"WebSite","@id":"https:\/\/villena.salesianos.edu\/colegio\/#website","url":"https:\/\/villena.salesianos.edu\/colegio\/","name":"Colegio Salesiano M\u00aa Auxiliadora Villena","description":"P\u00e1gina oficial Salesianos Villena","potentialAction":[{"@type":"SearchAction","target":{"@type":"EntryPoint","urlTemplate":"https:\/\/villena.salesianos.edu\/colegio\/?s={search_term_string}"},"query-input":{"@type":"PropertyValueSpecification","valueRequired":true,"valueName":"search_term_string"}}],"inLanguage":"es"},{"@type":"Person","@id":"https:\/\/villena.salesianos.edu\/colegio\/#\/schema\/person\/737fd46edc5ae7d6c9b94da26c0e9302","name":"Gestor Web","image":{"@type":"ImageObject","inLanguage":"es","@id":"https:\/\/secure.gravatar.com\/avatar\/44469746e1b6443cd011d1759fdc3b9fdcdae4a08dc0ddd85247651cb065486d?s=96&d=mm&r=g","url":"https:\/\/secure.gravatar.com\/avatar\/44469746e1b6443cd011d1759fdc3b9fdcdae4a08dc0ddd85247651cb065486d?s=96&d=mm&r=g","contentUrl":"https:\/\/secure.gravatar.com\/avatar\/44469746e1b6443cd011d1759fdc3b9fdcdae4a08dc0ddd85247651cb065486d?s=96&d=mm&r=g","caption":"Gestor Web"}}]}},"_links":{"self":[{"href":"https:\/\/villena.salesianos.edu\/colegio\/wp-json\/wp\/v2\/posts\/7608","targetHints":{"allow":["GET"]}}],"collection":[{"href":"https:\/\/villena.salesianos.edu\/colegio\/wp-json\/wp\/v2\/posts"}],"about":[{"href":"https:\/\/villena.salesianos.edu\/colegio\/wp-json\/wp\/v2\/types\/post"}],"author":[{"embeddable":true,"href":"https:\/\/villena.salesianos.edu\/colegio\/wp-json\/wp\/v2\/users\/2"}],"replies":[{"embeddable":true,"href":"https:\/\/villena.salesianos.edu\/colegio\/wp-json\/wp\/v2\/comments?post=7608"}],"version-history":[{"count":2,"href":"https:\/\/villena.salesianos.edu\/colegio\/wp-json\/wp\/v2\/posts\/7608\/revisions"}],"predecessor-version":[{"id":7613,"href":"https:\/\/villena.salesianos.edu\/colegio\/wp-json\/wp\/v2\/posts\/7608\/revisions\/7613"}],"wp:featuredmedia":[{"embeddable":true,"href":"https:\/\/villena.salesianos.edu\/colegio\/wp-json\/wp\/v2\/media\/7612"}],"wp:attachment":[{"href":"https:\/\/villena.salesianos.edu\/colegio\/wp-json\/wp\/v2\/media?parent=7608"}],"wp:term":[{"taxonomy":"category","embeddable":true,"href":"https:\/\/villena.salesianos.edu\/colegio\/wp-json\/wp\/v2\/categories?post=7608"},{"taxonomy":"post_tag","embeddable":true,"href":"https:\/\/villena.salesianos.edu\/colegio\/wp-json\/wp\/v2\/tags?post=7608"}],"curies":[{"name":"wp","href":"https:\/\/api.w.org\/{rel}","templated":true}]}}