{"id":7642,"date":"2018-11-20T10:16:18","date_gmt":"2018-11-20T09:16:18","guid":{"rendered":"https:\/\/villena.salesianos.edu\/colegio\/?p=7642"},"modified":"2018-11-20T10:21:41","modified_gmt":"2018-11-20T09:21:41","slug":"renovamos-el-sello-de-calidad-400","status":"publish","type":"post","link":"https:\/\/villena.salesianos.edu\/colegio\/renovamos-el-sello-de-calidad-400\/","title":{"rendered":"RENOVAMOS EL SELLO DE CALIDAD +400"},"content":{"rendered":"<p>[et_pb_section bb_built=\u00bb1&#8243; admin_label=\u00bbsection\u00bb][et_pb_row admin_label=\u00bbrow\u00bb background_position=\u00bbtop_left\u00bb background_repeat=\u00bbrepeat\u00bb background_size=\u00bbinitial\u00bb][et_pb_column type=\u00bb4_4&#8243;][et_pb_text admin_label=\u00bbEntradilla (Texto)\u00bb _builder_version=\u00bb3.0.92&#8243; background_layout=\u00bblight\u00bb text_orientation=\u00bbjustified\u00bb text_font=\u00bb|on|||\u00bb border_style=\u00bbsolid\u00bb]<\/p>\n<p align=\"justify\"><b style=\"font-family: Arial, sans-serif; font-size: medium;\">El <\/b><span style=\"font-family: Arial, sans-serif; font-size: medium;\"><b>Instituto<\/b><\/span><b style=\"font-family: Arial, sans-serif; font-size: medium;\">\u00a0Docente para la Excelencia y la Innovaci\u00f3n nos renueva el sello de calidad +400 y nos otorga una distinci\u00f3n como centro innovador.<\/b><\/p>\n<p>[\/et_pb_text][et_pb_text admin_label=\u00bbAutor (Texto)\u00bb _builder_version=\u00bb3.0.92&#8243; background_layout=\u00bblight\u00bb text_font=\u00bb||on||\u00bb border_style=\u00bbsolid\u00bb]<\/p>\n<p><em>Por Amalia G\u00f3mez, Coordinadora de Calidad<\/em><\/p>\n<p>[\/et_pb_text][et_pb_text admin_label=\u00bbDesarrollo (Texto)\u00bb _builder_version=\u00bb3.0.92&#8243; background_layout=\u00bblight\u00bb text_orientation=\u00bbjustified\u00bb border_style=\u00bbsolid\u00bb]<\/p>\n<p align=\"justify\"><span style=\"font-family: Arial, sans-serif;\"><span style=\"font-size: medium;\">Vivimos un momento dulce en la educaci\u00f3n, un momento de cambio, de reforma. Estamos estudiando nuevas formas de educar a nuestros alumnos, de entender nuestro papel como docentes, de formarles como personas. <\/span><\/span><\/p>\n<p align=\"justify\"><span style=\"font-family: Arial, sans-serif;\"><span style=\"font-size: medium;\">Esta mejora de la calidad educativa no es solo posible, es necesaria, y por ello todo el claustro de profesores, distribuidos en varios equipos, trabajan todo el a\u00f1o para llevar a cabo un proceso de mejora en la calidad educativa de nuestro centro, que se hace patente cada d\u00eda con la implantaci\u00f3n del <strong>Modelo EFQM de Excelencia<\/strong>. Este trabajo se ve reconocido por el <strong>IDEI (Instituto Docente para la Excelencia y la Innovaci\u00f3n)<\/strong>, que nos ha renovado el Reconocimiento a la Excelencia en Educaci\u00f3n en su <span style=\"color: #ff0000;\"><strong>categof\u00eda de +400<\/strong><\/span>. Fue en un acto celebrado ayer, d\u00eda 19 de noviembre, en la sede de la Uni\u00f3n Europea en Madrid, en el marco de la XXII Jornada e Excelencia en Gesti\u00f3n, Innovaci\u00f3n y Educaci\u00f3n Inclusiva. <\/span><\/span><\/p>\n<p align=\"justify\"><span style=\"font-family: Arial, sans-serif;\"><span style=\"font-size: medium;\">El IDEI nos ha otorgado, adem\u00e1s, una distinci\u00f3n como <span style=\"color: #ff0000;\"><strong>Centro Innovador<\/strong><\/span>, en su nivel base, para animarnos en la tarea de buscar nuevas propuestas educativas que funcionen en nuestras aulas y puedan ser la nueva educaci\u00f3n que nuestra sociedad necesita. <\/span><\/span><\/p>\n<p>[\/et_pb_text][et_pb_text admin_label=\u00bbT\u00edtulo: Galer\u00eda de fotos (Texto)\u00bb _builder_version=\u00bb3.0.92&#8243; background_layout=\u00bblight\u00bb text_font=\u00bb|on|||\u00bb text_text_color=\u00bb#dc001b\u00bb border_style=\u00bbsolid\u00bb disabled=\u00bboff\u00bb disabled_on=\u00bboff|off|off\u00bb]<\/p>\n<p>Momentos del acto<\/p>\n<p>[\/et_pb_text][et_pb_gallery _builder_version=\u00bb3.0.92&#8243; posts_number=\u00bb8&#8243; show_title_and_caption=\u00bboff\u00bb show_pagination=\u00bbon\u00bb fullwidth=\u00bboff\u00bb orientation=\u00bblandscape\u00bb zoom_icon_color=\u00bb#dc001b\u00bb hover_overlay_color=\u00bbrgba(255,255,255,0.9)\u00bb hover_icon=\u00bb%%51%%\u00bb background_layout=\u00bblight\u00bb disabled=\u00bboff\u00bb disabled_on=\u00bboff|off|off\u00bb gallery_ids=\u00bb7643,7644,7645,7646,7647,7648,7649,7650&#8243; pagination_font_size_tablet=\u00bb51&#8243; pagination_line_height_tablet=\u00bb2&#8243; \/][et_pb_video _builder_version=\u00bb3.0.51&#8243; disabled=\u00bbon\u00bb disabled_on=\u00bbon|on|on\u00bb \/][\/et_pb_column][\/et_pb_row][\/et_pb_section]<\/p>\n","protected":false},"excerpt":{"rendered":"<p>El Instituto\u00a0Docente para la Excelencia y la Innovaci\u00f3n nos renueva el sello de calidad +400 y nos otorga una distinci\u00f3n como centro innovador. Por Amalia G\u00f3mez, Coordinadora de Calidad Vivimos un momento dulce en la educaci\u00f3n, un momento de cambio, de reforma. Estamos estudiando nuevas formas de educar a nuestros alumnos, de entender nuestro papel [&hellip;]<\/p>\n","protected":false},"author":2,"featured_media":7645,"comment_status":"open","ping_status":"open","sticky":false,"template":"","format":"standard","meta":{"_et_pb_use_builder":"on","_et_pb_old_content":"","_et_gb_content_width":"","footnotes":""},"categories":[22,24],"tags":[],"class_list":["post-7642","post","type-post","status-publish","format-standard","has-post-thumbnail","hentry","category-colegio","category-portadanoticias"],"yoast_head":"<!-- This site is optimized with the Yoast SEO plugin v28.3 - https:\/\/yoast.com\/product\/yoast-seo-wordpress\/ -->\n<title>RENOVAMOS EL SELLO DE CALIDAD +400 - Colegio Salesiano M\u00aa Auxiliadora Villena<\/title>\n<meta name=\"robots\" content=\"index, follow, max-snippet:-1, max-image-preview:large, max-video-preview:-1\" \/>\n<link rel=\"canonical\" href=\"https:\/\/villena.salesianos.edu\/colegio\/renovamos-el-sello-de-calidad-400\/\" \/>\n<meta property=\"og:locale\" content=\"es_ES\" \/>\n<meta property=\"og:type\" content=\"article\" \/>\n<meta property=\"og:title\" content=\"RENOVAMOS EL SELLO DE CALIDAD +400 - Colegio Salesiano M\u00aa Auxiliadora Villena\" \/>\n<meta property=\"og:description\" content=\"El Instituto\u00a0Docente para la Excelencia y la Innovaci\u00f3n nos renueva el sello de calidad +400 y nos otorga una distinci\u00f3n como centro innovador. Por Amalia G\u00f3mez, Coordinadora de Calidad Vivimos un momento dulce en la educaci\u00f3n, un momento de cambio, de reforma. Estamos estudiando nuevas formas de educar a nuestros alumnos, de entender nuestro papel [&hellip;]\" \/>\n<meta property=\"og:url\" content=\"https:\/\/villena.salesianos.edu\/colegio\/renovamos-el-sello-de-calidad-400\/\" \/>\n<meta property=\"og:site_name\" content=\"Colegio Salesiano M\u00aa Auxiliadora Villena\" \/>\n<meta property=\"article:published_time\" content=\"2018-11-20T09:16:18+00:00\" \/>\n<meta property=\"article:modified_time\" content=\"2018-11-20T09:21:41+00:00\" \/>\n<meta property=\"og:image\" content=\"https:\/\/villena.salesianos.edu\/colegio\/wp-content\/uploads\/sites\/3\/2018\/11\/IMG-20181119-WA0010.jpg\" \/>\n\t<meta property=\"og:image:width\" content=\"1600\" \/>\n\t<meta property=\"og:image:height\" content=\"1200\" \/>\n\t<meta property=\"og:image:type\" content=\"image\/jpeg\" \/>\n<meta name=\"author\" content=\"Gestor Web\" \/>\n<meta name=\"twitter:card\" content=\"summary_large_image\" \/>\n<meta name=\"twitter:label1\" content=\"Escrito por\" \/>\n\t<meta name=\"twitter:data1\" content=\"Gestor Web\" \/>\n\t<meta name=\"twitter:label2\" content=\"Tiempo de lectura\" \/>\n\t<meta name=\"twitter:data2\" content=\"2 minutos\" \/>\n<script type=\"application\/ld+json\" class=\"yoast-schema-graph\">{\"@context\":\"https:\\\/\\\/schema.org\",\"@graph\":[{\"@type\":\"Article\",\"@id\":\"https:\\\/\\\/villena.salesianos.edu\\\/colegio\\\/renovamos-el-sello-de-calidad-400\\\/#article\",\"isPartOf\":{\"@id\":\"https:\\\/\\\/villena.salesianos.edu\\\/colegio\\\/renovamos-el-sello-de-calidad-400\\\/\"},\"author\":{\"name\":\"Gestor Web\",\"@id\":\"https:\\\/\\\/villena.salesianos.edu\\\/colegio\\\/#\\\/schema\\\/person\\\/737fd46edc5ae7d6c9b94da26c0e9302\"},\"headline\":\"RENOVAMOS EL SELLO DE CALIDAD +400\",\"datePublished\":\"2018-11-20T09:16:18+00:00\",\"dateModified\":\"2018-11-20T09:21:41+00:00\",\"mainEntityOfPage\":{\"@id\":\"https:\\\/\\\/villena.salesianos.edu\\\/colegio\\\/renovamos-el-sello-de-calidad-400\\\/\"},\"wordCount\":451,\"commentCount\":0,\"image\":{\"@id\":\"https:\\\/\\\/villena.salesianos.edu\\\/colegio\\\/renovamos-el-sello-de-calidad-400\\\/#primaryimage\"},\"thumbnailUrl\":\"https:\\\/\\\/villena.salesianos.edu\\\/colegio\\\/wp-content\\\/uploads\\\/sites\\\/3\\\/2018\\\/11\\\/IMG-20181119-WA0010.jpg\",\"articleSection\":[\"Colegio\",\"Portada Noticias\"],\"inLanguage\":\"es\",\"potentialAction\":[{\"@type\":\"CommentAction\",\"name\":\"Comment\",\"target\":[\"https:\\\/\\\/villena.salesianos.edu\\\/colegio\\\/renovamos-el-sello-de-calidad-400\\\/#respond\"]}]},{\"@type\":\"WebPage\",\"@id\":\"https:\\\/\\\/villena.salesianos.edu\\\/colegio\\\/renovamos-el-sello-de-calidad-400\\\/\",\"url\":\"https:\\\/\\\/villena.salesianos.edu\\\/colegio\\\/renovamos-el-sello-de-calidad-400\\\/\",\"name\":\"RENOVAMOS EL SELLO DE CALIDAD +400 - Colegio Salesiano M\u00aa Auxiliadora Villena\",\"isPartOf\":{\"@id\":\"https:\\\/\\\/villena.salesianos.edu\\\/colegio\\\/#website\"},\"primaryImageOfPage\":{\"@id\":\"https:\\\/\\\/villena.salesianos.edu\\\/colegio\\\/renovamos-el-sello-de-calidad-400\\\/#primaryimage\"},\"image\":{\"@id\":\"https:\\\/\\\/villena.salesianos.edu\\\/colegio\\\/renovamos-el-sello-de-calidad-400\\\/#primaryimage\"},\"thumbnailUrl\":\"https:\\\/\\\/villena.salesianos.edu\\\/colegio\\\/wp-content\\\/uploads\\\/sites\\\/3\\\/2018\\\/11\\\/IMG-20181119-WA0010.jpg\",\"datePublished\":\"2018-11-20T09:16:18+00:00\",\"dateModified\":\"2018-11-20T09:21:41+00:00\",\"author\":{\"@id\":\"https:\\\/\\\/villena.salesianos.edu\\\/colegio\\\/#\\\/schema\\\/person\\\/737fd46edc5ae7d6c9b94da26c0e9302\"},\"breadcrumb\":{\"@id\":\"https:\\\/\\\/villena.salesianos.edu\\\/colegio\\\/renovamos-el-sello-de-calidad-400\\\/#breadcrumb\"},\"inLanguage\":\"es\",\"potentialAction\":[{\"@type\":\"ReadAction\",\"target\":[\"https:\\\/\\\/villena.salesianos.edu\\\/colegio\\\/renovamos-el-sello-de-calidad-400\\\/\"]}]},{\"@type\":\"ImageObject\",\"inLanguage\":\"es\",\"@id\":\"https:\\\/\\\/villena.salesianos.edu\\\/colegio\\\/renovamos-el-sello-de-calidad-400\\\/#primaryimage\",\"url\":\"https:\\\/\\\/villena.salesianos.edu\\\/colegio\\\/wp-content\\\/uploads\\\/sites\\\/3\\\/2018\\\/11\\\/IMG-20181119-WA0010.jpg\",\"contentUrl\":\"https:\\\/\\\/villena.salesianos.edu\\\/colegio\\\/wp-content\\\/uploads\\\/sites\\\/3\\\/2018\\\/11\\\/IMG-20181119-WA0010.jpg\",\"width\":1600,\"height\":1200},{\"@type\":\"BreadcrumbList\",\"@id\":\"https:\\\/\\\/villena.salesianos.edu\\\/colegio\\\/renovamos-el-sello-de-calidad-400\\\/#breadcrumb\",\"itemListElement\":[{\"@type\":\"ListItem\",\"position\":1,\"name\":\"Portada\",\"item\":\"https:\\\/\\\/villena.salesianos.edu\\\/colegio\\\/\"},{\"@type\":\"ListItem\",\"position\":2,\"name\":\"RENOVAMOS EL SELLO DE CALIDAD +400\"}]},{\"@type\":\"WebSite\",\"@id\":\"https:\\\/\\\/villena.salesianos.edu\\\/colegio\\\/#website\",\"url\":\"https:\\\/\\\/villena.salesianos.edu\\\/colegio\\\/\",\"name\":\"Colegio Salesiano M\u00aa Auxiliadora Villena\",\"description\":\"P\u00e1gina oficial Salesianos Villena\",\"potentialAction\":[{\"@type\":\"SearchAction\",\"target\":{\"@type\":\"EntryPoint\",\"urlTemplate\":\"https:\\\/\\\/villena.salesianos.edu\\\/colegio\\\/?s={search_term_string}\"},\"query-input\":{\"@type\":\"PropertyValueSpecification\",\"valueRequired\":true,\"valueName\":\"search_term_string\"}}],\"inLanguage\":\"es\"},{\"@type\":\"Person\",\"@id\":\"https:\\\/\\\/villena.salesianos.edu\\\/colegio\\\/#\\\/schema\\\/person\\\/737fd46edc5ae7d6c9b94da26c0e9302\",\"name\":\"Gestor Web\",\"image\":{\"@type\":\"ImageObject\",\"inLanguage\":\"es\",\"@id\":\"https:\\\/\\\/secure.gravatar.com\\\/avatar\\\/44469746e1b6443cd011d1759fdc3b9fdcdae4a08dc0ddd85247651cb065486d?s=96&d=mm&r=g\",\"url\":\"https:\\\/\\\/secure.gravatar.com\\\/avatar\\\/44469746e1b6443cd011d1759fdc3b9fdcdae4a08dc0ddd85247651cb065486d?s=96&d=mm&r=g\",\"contentUrl\":\"https:\\\/\\\/secure.gravatar.com\\\/avatar\\\/44469746e1b6443cd011d1759fdc3b9fdcdae4a08dc0ddd85247651cb065486d?s=96&d=mm&r=g\",\"caption\":\"Gestor Web\"}}]}<\/script>\n<!-- \/ Yoast SEO plugin. -->","yoast_head_json":{"title":"RENOVAMOS EL SELLO DE CALIDAD +400 - Colegio Salesiano M\u00aa Auxiliadora Villena","robots":{"index":"index","follow":"follow","max-snippet":"max-snippet:-1","max-image-preview":"max-image-preview:large","max-video-preview":"max-video-preview:-1"},"canonical":"https:\/\/villena.salesianos.edu\/colegio\/renovamos-el-sello-de-calidad-400\/","og_locale":"es_ES","og_type":"article","og_title":"RENOVAMOS EL SELLO DE CALIDAD +400 - Colegio Salesiano M\u00aa Auxiliadora Villena","og_description":"El Instituto\u00a0Docente para la Excelencia y la Innovaci\u00f3n nos renueva el sello de calidad +400 y nos otorga una distinci\u00f3n como centro innovador. Por Amalia G\u00f3mez, Coordinadora de Calidad Vivimos un momento dulce en la educaci\u00f3n, un momento de cambio, de reforma. Estamos estudiando nuevas formas de educar a nuestros alumnos, de entender nuestro papel [&hellip;]","og_url":"https:\/\/villena.salesianos.edu\/colegio\/renovamos-el-sello-de-calidad-400\/","og_site_name":"Colegio Salesiano M\u00aa Auxiliadora Villena","article_published_time":"2018-11-20T09:16:18+00:00","article_modified_time":"2018-11-20T09:21:41+00:00","og_image":[{"width":1600,"height":1200,"url":"https:\/\/villena.salesianos.edu\/colegio\/wp-content\/uploads\/sites\/3\/2018\/11\/IMG-20181119-WA0010.jpg","type":"image\/jpeg"}],"author":"Gestor Web","twitter_card":"summary_large_image","twitter_misc":{"Escrito por":"Gestor Web","Tiempo de lectura":"2 minutos"},"schema":{"@context":"https:\/\/schema.org","@graph":[{"@type":"Article","@id":"https:\/\/villena.salesianos.edu\/colegio\/renovamos-el-sello-de-calidad-400\/#article","isPartOf":{"@id":"https:\/\/villena.salesianos.edu\/colegio\/renovamos-el-sello-de-calidad-400\/"},"author":{"name":"Gestor Web","@id":"https:\/\/villena.salesianos.edu\/colegio\/#\/schema\/person\/737fd46edc5ae7d6c9b94da26c0e9302"},"headline":"RENOVAMOS EL SELLO DE CALIDAD +400","datePublished":"2018-11-20T09:16:18+00:00","dateModified":"2018-11-20T09:21:41+00:00","mainEntityOfPage":{"@id":"https:\/\/villena.salesianos.edu\/colegio\/renovamos-el-sello-de-calidad-400\/"},"wordCount":451,"commentCount":0,"image":{"@id":"https:\/\/villena.salesianos.edu\/colegio\/renovamos-el-sello-de-calidad-400\/#primaryimage"},"thumbnailUrl":"https:\/\/villena.salesianos.edu\/colegio\/wp-content\/uploads\/sites\/3\/2018\/11\/IMG-20181119-WA0010.jpg","articleSection":["Colegio","Portada Noticias"],"inLanguage":"es","potentialAction":[{"@type":"CommentAction","name":"Comment","target":["https:\/\/villena.salesianos.edu\/colegio\/renovamos-el-sello-de-calidad-400\/#respond"]}]},{"@type":"WebPage","@id":"https:\/\/villena.salesianos.edu\/colegio\/renovamos-el-sello-de-calidad-400\/","url":"https:\/\/villena.salesianos.edu\/colegio\/renovamos-el-sello-de-calidad-400\/","name":"RENOVAMOS EL SELLO DE CALIDAD +400 - Colegio Salesiano M\u00aa Auxiliadora Villena","isPartOf":{"@id":"https:\/\/villena.salesianos.edu\/colegio\/#website"},"primaryImageOfPage":{"@id":"https:\/\/villena.salesianos.edu\/colegio\/renovamos-el-sello-de-calidad-400\/#primaryimage"},"image":{"@id":"https:\/\/villena.salesianos.edu\/colegio\/renovamos-el-sello-de-calidad-400\/#primaryimage"},"thumbnailUrl":"https:\/\/villena.salesianos.edu\/colegio\/wp-content\/uploads\/sites\/3\/2018\/11\/IMG-20181119-WA0010.jpg","datePublished":"2018-11-20T09:16:18+00:00","dateModified":"2018-11-20T09:21:41+00:00","author":{"@id":"https:\/\/villena.salesianos.edu\/colegio\/#\/schema\/person\/737fd46edc5ae7d6c9b94da26c0e9302"},"breadcrumb":{"@id":"https:\/\/villena.salesianos.edu\/colegio\/renovamos-el-sello-de-calidad-400\/#breadcrumb"},"inLanguage":"es","potentialAction":[{"@type":"ReadAction","target":["https:\/\/villena.salesianos.edu\/colegio\/renovamos-el-sello-de-calidad-400\/"]}]},{"@type":"ImageObject","inLanguage":"es","@id":"https:\/\/villena.salesianos.edu\/colegio\/renovamos-el-sello-de-calidad-400\/#primaryimage","url":"https:\/\/villena.salesianos.edu\/colegio\/wp-content\/uploads\/sites\/3\/2018\/11\/IMG-20181119-WA0010.jpg","contentUrl":"https:\/\/villena.salesianos.edu\/colegio\/wp-content\/uploads\/sites\/3\/2018\/11\/IMG-20181119-WA0010.jpg","width":1600,"height":1200},{"@type":"BreadcrumbList","@id":"https:\/\/villena.salesianos.edu\/colegio\/renovamos-el-sello-de-calidad-400\/#breadcrumb","itemListElement":[{"@type":"ListItem","position":1,"name":"Portada","item":"https:\/\/villena.salesianos.edu\/colegio\/"},{"@type":"ListItem","position":2,"name":"RENOVAMOS EL SELLO DE CALIDAD +400"}]},{"@type":"WebSite","@id":"https:\/\/villena.salesianos.edu\/colegio\/#website","url":"https:\/\/villena.salesianos.edu\/colegio\/","name":"Colegio Salesiano M\u00aa Auxiliadora Villena","description":"P\u00e1gina oficial Salesianos Villena","potentialAction":[{"@type":"SearchAction","target":{"@type":"EntryPoint","urlTemplate":"https:\/\/villena.salesianos.edu\/colegio\/?s={search_term_string}"},"query-input":{"@type":"PropertyValueSpecification","valueRequired":true,"valueName":"search_term_string"}}],"inLanguage":"es"},{"@type":"Person","@id":"https:\/\/villena.salesianos.edu\/colegio\/#\/schema\/person\/737fd46edc5ae7d6c9b94da26c0e9302","name":"Gestor Web","image":{"@type":"ImageObject","inLanguage":"es","@id":"https:\/\/secure.gravatar.com\/avatar\/44469746e1b6443cd011d1759fdc3b9fdcdae4a08dc0ddd85247651cb065486d?s=96&d=mm&r=g","url":"https:\/\/secure.gravatar.com\/avatar\/44469746e1b6443cd011d1759fdc3b9fdcdae4a08dc0ddd85247651cb065486d?s=96&d=mm&r=g","contentUrl":"https:\/\/secure.gravatar.com\/avatar\/44469746e1b6443cd011d1759fdc3b9fdcdae4a08dc0ddd85247651cb065486d?s=96&d=mm&r=g","caption":"Gestor Web"}}]}},"_links":{"self":[{"href":"https:\/\/villena.salesianos.edu\/colegio\/wp-json\/wp\/v2\/posts\/7642","targetHints":{"allow":["GET"]}}],"collection":[{"href":"https:\/\/villena.salesianos.edu\/colegio\/wp-json\/wp\/v2\/posts"}],"about":[{"href":"https:\/\/villena.salesianos.edu\/colegio\/wp-json\/wp\/v2\/types\/post"}],"author":[{"embeddable":true,"href":"https:\/\/villena.salesianos.edu\/colegio\/wp-json\/wp\/v2\/users\/2"}],"replies":[{"embeddable":true,"href":"https:\/\/villena.salesianos.edu\/colegio\/wp-json\/wp\/v2\/comments?post=7642"}],"version-history":[{"count":3,"href":"https:\/\/villena.salesianos.edu\/colegio\/wp-json\/wp\/v2\/posts\/7642\/revisions"}],"predecessor-version":[{"id":7653,"href":"https:\/\/villena.salesianos.edu\/colegio\/wp-json\/wp\/v2\/posts\/7642\/revisions\/7653"}],"wp:featuredmedia":[{"embeddable":true,"href":"https:\/\/villena.salesianos.edu\/colegio\/wp-json\/wp\/v2\/media\/7645"}],"wp:attachment":[{"href":"https:\/\/villena.salesianos.edu\/colegio\/wp-json\/wp\/v2\/media?parent=7642"}],"wp:term":[{"taxonomy":"category","embeddable":true,"href":"https:\/\/villena.salesianos.edu\/colegio\/wp-json\/wp\/v2\/categories?post=7642"},{"taxonomy":"post_tag","embeddable":true,"href":"https:\/\/villena.salesianos.edu\/colegio\/wp-json\/wp\/v2\/tags?post=7642"}],"curies":[{"name":"wp","href":"https:\/\/api.w.org\/{rel}","templated":true}]}}