{"id":7700,"date":"2018-11-27T10:42:44","date_gmt":"2018-11-27T09:42:44","guid":{"rendered":"https:\/\/villena.salesianos.edu\/colegio\/?p=7700"},"modified":"2018-11-27T10:53:51","modified_gmt":"2018-11-27T09:53:51","slug":"nuestro-centro-participa-en-el-vii-encuentro-internacional-de-comunidades-de-aprendizaje","status":"publish","type":"post","link":"https:\/\/villena.salesianos.edu\/colegio\/nuestro-centro-participa-en-el-vii-encuentro-internacional-de-comunidades-de-aprendizaje\/","title":{"rendered":"Nuestro Centro participa en el VII ENCUENTRO INTERNACIONAL DE COMUNIDADES DE APRENDIZAJE."},"content":{"rendered":"<p>[et_pb_section bb_built=\u00bb1&#8243; admin_label=\u00bbsection\u00bb][et_pb_row admin_label=\u00bbrow\u00bb background_position=\u00bbtop_left\u00bb background_repeat=\u00bbrepeat\u00bb background_size=\u00bbinitial\u00bb][et_pb_column type=\u00bb4_4&#8243;][et_pb_text admin_label=\u00bbEntradilla (Texto)\u00bb _builder_version=\u00bb3.0.92&#8243; background_layout=\u00bblight\u00bb text_orientation=\u00bbjustified\u00bb text_font=\u00bb|on|||\u00bb border_style=\u00bbsolid\u00bb]<\/p>\n<p class=\"western\" align=\"justify\"><span style=\"font-family: Arial, serif;\"><span style=\"font-size: medium;\"><i><b>El profesor Enrique Rubio representa a nuestro Centro en este encuentro internacional, celebrado en el Colegio Cardenal Sp\u00ednola de Madrid el s\u00e1bado 24 de noviembre.<\/b><\/i><\/span><\/span><\/p>\n<p>[\/et_pb_text][et_pb_text admin_label=\u00bbAutor (Texto)\u00bb _builder_version=\u00bb3.0.92&#8243; background_layout=\u00bblight\u00bb text_font=\u00bb||on||\u00bb border_style=\u00bbsolid\u00bb]<\/p>\n<p><em>Por Enrique Rubio<\/em><\/p>\n<p>[\/et_pb_text][et_pb_text admin_label=\u00bbDesarrollo (Texto)\u00bb _builder_version=\u00bb3.0.92&#8243; background_layout=\u00bblight\u00bb text_orientation=\u00bbjustified\u00bb]<\/p>\n<p class=\"western\" align=\"justify\"><span style=\"font-family: Arial, serif;\"><span style=\"font-size: medium;\">Enrique particip\u00f3 no s\u00f3lo como asistente, sino tambi\u00e9n como ponente. Junto con tres compa\u00f1eros, explicaron en quince minutos el Seminario a Hombros de Gigantes, un espacio dial\u00f3gico de formaci\u00f3n que se puso en marcha el curso pasado en la vecina poblaci\u00f3n de Elda. Esta formaci\u00f3n est\u00e1 teniendo un gran impacto en los centros de la comarca, ya que en algunos de ellos ya se est\u00e1n aplicando <\/span><\/span><span style=\"font-family: Arial, serif;\"><span style=\"font-size: medium;\"><b>Actuaciones Educativas de \u00c9xito (AEE)<\/b><\/span><\/span><span style=\"font-family: Arial, serif;\"><span style=\"font-size: medium;\">, como tertulias literarias, grupos interactivos o formaci\u00f3n de familiares.<\/span><\/span><\/p>\n<p class=\"western\" align=\"justify\"><a name=\"_GoBack\"><\/a> <span style=\"font-family: Arial, serif;\"><span style=\"font-size: medium;\">En este encuentro de Comunidades de Aprendizaje (CdA), colegios de nuestro pa\u00eds y de Inglaterra (Cambridge), Portugal (Sintra) y Chipre contaron al numeroso p\u00fablico las experiencias de sus centros en la aplicaci\u00f3n de las Actuaciones Educativas de \u00c9xito. Estas se pueden consultar en el <\/span><\/span><span style=\"font-family: Arial, serif;\"><span style=\"font-size: medium;\"><b>Proyecto UNCLUD-ED<\/b><\/span><\/span><span style=\"font-family: Arial, serif;\"><span style=\"font-size: medium;\"> (el mayor proyecto de investigaci\u00f3n realizado en el campo de las ciencias de la educaci\u00f3n en el mundo). Su aplicaci\u00f3n en cualquier centro de ense\u00f1anza mejora los resultados acad\u00e9micos de todo el alumnado, as\u00ed como la convivencia.<\/span><\/span><\/p>\n<p class=\"western\" align=\"justify\"><span style=\"font-family: Arial, serif;\"><span style=\"font-size: medium;\">Si est\u00e1is interesados en participar en las tertulias literarias o recibir informaci\u00f3n<\/span><\/span><span style=\"font-family: Arial, serif;\"><span style=\"font-size: medium;\"> sobre AEE y CdA, puedes ponerte en contacto con nosotros en <\/span><\/span><span style=\"color: #0563c1;\"><u><a href=\"mailto:comaprendizaje.villena@salesianos.edu\"><span style=\"font-family: Arial, serif;\"><span style=\"font-size: medium;\">comaprendizaje.villena@salesianos.edu<\/span><\/span><\/a><\/u><\/span><\/p>\n<p>&nbsp;<\/p>\n<p>[\/et_pb_text][et_pb_text admin_label=\u00bbT\u00edtulo: Galer\u00eda de fotos (Texto)\u00bb _builder_version=\u00bb3.0.51&#8243; background_layout=\u00bblight\u00bb text_orientation=\u00bbleft\u00bb text_font=\u00bb|on|||\u00bb text_text_color=\u00bb#dc001b\u00bb border_style=\u00bbsolid\u00bb disabled=\u00bbon\u00bb disabled_on=\u00bbon|on|on\u00bb]<\/p>\n<p>Galer\u00eda de im\u00e1genes<\/p>\n<p>[\/et_pb_text][et_pb_gallery _builder_version=\u00bb3.0.51&#8243; posts_number=\u00bb8&#8243; show_title_and_caption=\u00bboff\u00bb show_pagination=\u00bbon\u00bb fullwidth=\u00bboff\u00bb orientation=\u00bblandscape\u00bb zoom_icon_color=\u00bb#dc001b\u00bb hover_overlay_color=\u00bbrgba(255,255,255,0.9)\u00bb hover_icon=\u00bb%%51%%\u00bb background_layout=\u00bblight\u00bb border_style=\u00bbsolid\u00bb auto=\u00bboff\u00bb disabled=\u00bbon\u00bb disabled_on=\u00bbon|on|on\u00bb \/][et_pb_video _builder_version=\u00bb3.0.51&#8243; disabled=\u00bbon\u00bb disabled_on=\u00bbon|on|on\u00bb \/][\/et_pb_column][\/et_pb_row][\/et_pb_section]<\/p>\n","protected":false},"excerpt":{"rendered":"<p>El profesor Enrique Rubio representa a nuestro Centro en este encuentro internacional, celebrado en el Colegio Cardenal Sp\u00ednola de Madrid el s\u00e1bado 24 de noviembre. Por Enrique Rubio Enrique particip\u00f3 no s\u00f3lo como asistente, sino tambi\u00e9n como ponente. Junto con tres compa\u00f1eros, explicaron en quince minutos el Seminario a Hombros de Gigantes, un espacio dial\u00f3gico [&hellip;]<\/p>\n","protected":false},"author":2,"featured_media":7701,"comment_status":"open","ping_status":"open","sticky":false,"template":"","format":"standard","meta":{"_et_pb_use_builder":"on","_et_pb_old_content":"","_et_gb_content_width":"","footnotes":""},"categories":[22,24],"tags":[],"class_list":["post-7700","post","type-post","status-publish","format-standard","has-post-thumbnail","hentry","category-colegio","category-portadanoticias"],"yoast_head":"<!-- This site is optimized with the Yoast SEO plugin v28.3 - https:\/\/yoast.com\/product\/yoast-seo-wordpress\/ -->\n<title>Nuestro Centro participa en el VII ENCUENTRO INTERNACIONAL DE COMUNIDADES DE APRENDIZAJE. - Colegio Salesiano M\u00aa Auxiliadora Villena<\/title>\n<meta name=\"robots\" content=\"index, follow, max-snippet:-1, max-image-preview:large, max-video-preview:-1\" \/>\n<link rel=\"canonical\" href=\"https:\/\/villena.salesianos.edu\/colegio\/nuestro-centro-participa-en-el-vii-encuentro-internacional-de-comunidades-de-aprendizaje\/\" \/>\n<meta property=\"og:locale\" content=\"es_ES\" \/>\n<meta property=\"og:type\" content=\"article\" \/>\n<meta property=\"og:title\" content=\"Nuestro Centro participa en el VII ENCUENTRO INTERNACIONAL DE COMUNIDADES DE APRENDIZAJE. - Colegio Salesiano M\u00aa Auxiliadora Villena\" \/>\n<meta property=\"og:description\" content=\"El profesor Enrique Rubio representa a nuestro Centro en este encuentro internacional, celebrado en el Colegio Cardenal Sp\u00ednola de Madrid el s\u00e1bado 24 de noviembre. Por Enrique Rubio Enrique particip\u00f3 no s\u00f3lo como asistente, sino tambi\u00e9n como ponente. Junto con tres compa\u00f1eros, explicaron en quince minutos el Seminario a Hombros de Gigantes, un espacio dial\u00f3gico [&hellip;]\" \/>\n<meta property=\"og:url\" content=\"https:\/\/villena.salesianos.edu\/colegio\/nuestro-centro-participa-en-el-vii-encuentro-internacional-de-comunidades-de-aprendizaje\/\" \/>\n<meta property=\"og:site_name\" content=\"Colegio Salesiano M\u00aa Auxiliadora Villena\" \/>\n<meta property=\"article:published_time\" content=\"2018-11-27T09:42:44+00:00\" \/>\n<meta property=\"article:modified_time\" content=\"2018-11-27T09:53:51+00:00\" \/>\n<meta property=\"og:image\" content=\"https:\/\/villena.salesianos.edu\/colegio\/wp-content\/uploads\/sites\/3\/2018\/11\/IMG-20181126-WA0004.jpg\" \/>\n\t<meta property=\"og:image:width\" content=\"1600\" \/>\n\t<meta property=\"og:image:height\" content=\"1200\" \/>\n\t<meta property=\"og:image:type\" content=\"image\/jpeg\" \/>\n<meta name=\"author\" content=\"Gestor Web\" \/>\n<meta name=\"twitter:card\" content=\"summary_large_image\" \/>\n<meta name=\"twitter:label1\" content=\"Escrito por\" \/>\n\t<meta name=\"twitter:data1\" content=\"Gestor Web\" \/>\n\t<meta name=\"twitter:label2\" content=\"Tiempo de lectura\" \/>\n\t<meta name=\"twitter:data2\" content=\"2 minutos\" \/>\n<script type=\"application\/ld+json\" class=\"yoast-schema-graph\">{\"@context\":\"https:\\\/\\\/schema.org\",\"@graph\":[{\"@type\":\"Article\",\"@id\":\"https:\\\/\\\/villena.salesianos.edu\\\/colegio\\\/nuestro-centro-participa-en-el-vii-encuentro-internacional-de-comunidades-de-aprendizaje\\\/#article\",\"isPartOf\":{\"@id\":\"https:\\\/\\\/villena.salesianos.edu\\\/colegio\\\/nuestro-centro-participa-en-el-vii-encuentro-internacional-de-comunidades-de-aprendizaje\\\/\"},\"author\":{\"name\":\"Gestor Web\",\"@id\":\"https:\\\/\\\/villena.salesianos.edu\\\/colegio\\\/#\\\/schema\\\/person\\\/737fd46edc5ae7d6c9b94da26c0e9302\"},\"headline\":\"Nuestro Centro participa en el VII ENCUENTRO INTERNACIONAL DE COMUNIDADES DE APRENDIZAJE.\",\"datePublished\":\"2018-11-27T09:42:44+00:00\",\"dateModified\":\"2018-11-27T09:53:51+00:00\",\"mainEntityOfPage\":{\"@id\":\"https:\\\/\\\/villena.salesianos.edu\\\/colegio\\\/nuestro-centro-participa-en-el-vii-encuentro-internacional-de-comunidades-de-aprendizaje\\\/\"},\"wordCount\":454,\"commentCount\":0,\"image\":{\"@id\":\"https:\\\/\\\/villena.salesianos.edu\\\/colegio\\\/nuestro-centro-participa-en-el-vii-encuentro-internacional-de-comunidades-de-aprendizaje\\\/#primaryimage\"},\"thumbnailUrl\":\"https:\\\/\\\/villena.salesianos.edu\\\/colegio\\\/wp-content\\\/uploads\\\/sites\\\/3\\\/2018\\\/11\\\/IMG-20181126-WA0004.jpg\",\"articleSection\":[\"Colegio\",\"Portada Noticias\"],\"inLanguage\":\"es\",\"potentialAction\":[{\"@type\":\"CommentAction\",\"name\":\"Comment\",\"target\":[\"https:\\\/\\\/villena.salesianos.edu\\\/colegio\\\/nuestro-centro-participa-en-el-vii-encuentro-internacional-de-comunidades-de-aprendizaje\\\/#respond\"]}]},{\"@type\":\"WebPage\",\"@id\":\"https:\\\/\\\/villena.salesianos.edu\\\/colegio\\\/nuestro-centro-participa-en-el-vii-encuentro-internacional-de-comunidades-de-aprendizaje\\\/\",\"url\":\"https:\\\/\\\/villena.salesianos.edu\\\/colegio\\\/nuestro-centro-participa-en-el-vii-encuentro-internacional-de-comunidades-de-aprendizaje\\\/\",\"name\":\"Nuestro Centro participa en el VII ENCUENTRO INTERNACIONAL DE COMUNIDADES DE APRENDIZAJE. - Colegio Salesiano M\u00aa Auxiliadora Villena\",\"isPartOf\":{\"@id\":\"https:\\\/\\\/villena.salesianos.edu\\\/colegio\\\/#website\"},\"primaryImageOfPage\":{\"@id\":\"https:\\\/\\\/villena.salesianos.edu\\\/colegio\\\/nuestro-centro-participa-en-el-vii-encuentro-internacional-de-comunidades-de-aprendizaje\\\/#primaryimage\"},\"image\":{\"@id\":\"https:\\\/\\\/villena.salesianos.edu\\\/colegio\\\/nuestro-centro-participa-en-el-vii-encuentro-internacional-de-comunidades-de-aprendizaje\\\/#primaryimage\"},\"thumbnailUrl\":\"https:\\\/\\\/villena.salesianos.edu\\\/colegio\\\/wp-content\\\/uploads\\\/sites\\\/3\\\/2018\\\/11\\\/IMG-20181126-WA0004.jpg\",\"datePublished\":\"2018-11-27T09:42:44+00:00\",\"dateModified\":\"2018-11-27T09:53:51+00:00\",\"author\":{\"@id\":\"https:\\\/\\\/villena.salesianos.edu\\\/colegio\\\/#\\\/schema\\\/person\\\/737fd46edc5ae7d6c9b94da26c0e9302\"},\"breadcrumb\":{\"@id\":\"https:\\\/\\\/villena.salesianos.edu\\\/colegio\\\/nuestro-centro-participa-en-el-vii-encuentro-internacional-de-comunidades-de-aprendizaje\\\/#breadcrumb\"},\"inLanguage\":\"es\",\"potentialAction\":[{\"@type\":\"ReadAction\",\"target\":[\"https:\\\/\\\/villena.salesianos.edu\\\/colegio\\\/nuestro-centro-participa-en-el-vii-encuentro-internacional-de-comunidades-de-aprendizaje\\\/\"]}]},{\"@type\":\"ImageObject\",\"inLanguage\":\"es\",\"@id\":\"https:\\\/\\\/villena.salesianos.edu\\\/colegio\\\/nuestro-centro-participa-en-el-vii-encuentro-internacional-de-comunidades-de-aprendizaje\\\/#primaryimage\",\"url\":\"https:\\\/\\\/villena.salesianos.edu\\\/colegio\\\/wp-content\\\/uploads\\\/sites\\\/3\\\/2018\\\/11\\\/IMG-20181126-WA0004.jpg\",\"contentUrl\":\"https:\\\/\\\/villena.salesianos.edu\\\/colegio\\\/wp-content\\\/uploads\\\/sites\\\/3\\\/2018\\\/11\\\/IMG-20181126-WA0004.jpg\",\"width\":1600,\"height\":1200},{\"@type\":\"BreadcrumbList\",\"@id\":\"https:\\\/\\\/villena.salesianos.edu\\\/colegio\\\/nuestro-centro-participa-en-el-vii-encuentro-internacional-de-comunidades-de-aprendizaje\\\/#breadcrumb\",\"itemListElement\":[{\"@type\":\"ListItem\",\"position\":1,\"name\":\"Portada\",\"item\":\"https:\\\/\\\/villena.salesianos.edu\\\/colegio\\\/\"},{\"@type\":\"ListItem\",\"position\":2,\"name\":\"Nuestro Centro participa en el VII ENCUENTRO INTERNACIONAL DE COMUNIDADES DE APRENDIZAJE.\"}]},{\"@type\":\"WebSite\",\"@id\":\"https:\\\/\\\/villena.salesianos.edu\\\/colegio\\\/#website\",\"url\":\"https:\\\/\\\/villena.salesianos.edu\\\/colegio\\\/\",\"name\":\"Colegio Salesiano M\u00aa Auxiliadora Villena\",\"description\":\"P\u00e1gina oficial Salesianos Villena\",\"potentialAction\":[{\"@type\":\"SearchAction\",\"target\":{\"@type\":\"EntryPoint\",\"urlTemplate\":\"https:\\\/\\\/villena.salesianos.edu\\\/colegio\\\/?s={search_term_string}\"},\"query-input\":{\"@type\":\"PropertyValueSpecification\",\"valueRequired\":true,\"valueName\":\"search_term_string\"}}],\"inLanguage\":\"es\"},{\"@type\":\"Person\",\"@id\":\"https:\\\/\\\/villena.salesianos.edu\\\/colegio\\\/#\\\/schema\\\/person\\\/737fd46edc5ae7d6c9b94da26c0e9302\",\"name\":\"Gestor Web\",\"image\":{\"@type\":\"ImageObject\",\"inLanguage\":\"es\",\"@id\":\"https:\\\/\\\/secure.gravatar.com\\\/avatar\\\/44469746e1b6443cd011d1759fdc3b9fdcdae4a08dc0ddd85247651cb065486d?s=96&d=mm&r=g\",\"url\":\"https:\\\/\\\/secure.gravatar.com\\\/avatar\\\/44469746e1b6443cd011d1759fdc3b9fdcdae4a08dc0ddd85247651cb065486d?s=96&d=mm&r=g\",\"contentUrl\":\"https:\\\/\\\/secure.gravatar.com\\\/avatar\\\/44469746e1b6443cd011d1759fdc3b9fdcdae4a08dc0ddd85247651cb065486d?s=96&d=mm&r=g\",\"caption\":\"Gestor Web\"}}]}<\/script>\n<!-- \/ Yoast SEO plugin. -->","yoast_head_json":{"title":"Nuestro Centro participa en el VII ENCUENTRO INTERNACIONAL DE COMUNIDADES DE APRENDIZAJE. - Colegio Salesiano M\u00aa Auxiliadora Villena","robots":{"index":"index","follow":"follow","max-snippet":"max-snippet:-1","max-image-preview":"max-image-preview:large","max-video-preview":"max-video-preview:-1"},"canonical":"https:\/\/villena.salesianos.edu\/colegio\/nuestro-centro-participa-en-el-vii-encuentro-internacional-de-comunidades-de-aprendizaje\/","og_locale":"es_ES","og_type":"article","og_title":"Nuestro Centro participa en el VII ENCUENTRO INTERNACIONAL DE COMUNIDADES DE APRENDIZAJE. - Colegio Salesiano M\u00aa Auxiliadora Villena","og_description":"El profesor Enrique Rubio representa a nuestro Centro en este encuentro internacional, celebrado en el Colegio Cardenal Sp\u00ednola de Madrid el s\u00e1bado 24 de noviembre. Por Enrique Rubio Enrique particip\u00f3 no s\u00f3lo como asistente, sino tambi\u00e9n como ponente. Junto con tres compa\u00f1eros, explicaron en quince minutos el Seminario a Hombros de Gigantes, un espacio dial\u00f3gico [&hellip;]","og_url":"https:\/\/villena.salesianos.edu\/colegio\/nuestro-centro-participa-en-el-vii-encuentro-internacional-de-comunidades-de-aprendizaje\/","og_site_name":"Colegio Salesiano M\u00aa Auxiliadora Villena","article_published_time":"2018-11-27T09:42:44+00:00","article_modified_time":"2018-11-27T09:53:51+00:00","og_image":[{"width":1600,"height":1200,"url":"https:\/\/villena.salesianos.edu\/colegio\/wp-content\/uploads\/sites\/3\/2018\/11\/IMG-20181126-WA0004.jpg","type":"image\/jpeg"}],"author":"Gestor Web","twitter_card":"summary_large_image","twitter_misc":{"Escrito por":"Gestor Web","Tiempo de lectura":"2 minutos"},"schema":{"@context":"https:\/\/schema.org","@graph":[{"@type":"Article","@id":"https:\/\/villena.salesianos.edu\/colegio\/nuestro-centro-participa-en-el-vii-encuentro-internacional-de-comunidades-de-aprendizaje\/#article","isPartOf":{"@id":"https:\/\/villena.salesianos.edu\/colegio\/nuestro-centro-participa-en-el-vii-encuentro-internacional-de-comunidades-de-aprendizaje\/"},"author":{"name":"Gestor Web","@id":"https:\/\/villena.salesianos.edu\/colegio\/#\/schema\/person\/737fd46edc5ae7d6c9b94da26c0e9302"},"headline":"Nuestro Centro participa en el VII ENCUENTRO INTERNACIONAL DE COMUNIDADES DE APRENDIZAJE.","datePublished":"2018-11-27T09:42:44+00:00","dateModified":"2018-11-27T09:53:51+00:00","mainEntityOfPage":{"@id":"https:\/\/villena.salesianos.edu\/colegio\/nuestro-centro-participa-en-el-vii-encuentro-internacional-de-comunidades-de-aprendizaje\/"},"wordCount":454,"commentCount":0,"image":{"@id":"https:\/\/villena.salesianos.edu\/colegio\/nuestro-centro-participa-en-el-vii-encuentro-internacional-de-comunidades-de-aprendizaje\/#primaryimage"},"thumbnailUrl":"https:\/\/villena.salesianos.edu\/colegio\/wp-content\/uploads\/sites\/3\/2018\/11\/IMG-20181126-WA0004.jpg","articleSection":["Colegio","Portada Noticias"],"inLanguage":"es","potentialAction":[{"@type":"CommentAction","name":"Comment","target":["https:\/\/villena.salesianos.edu\/colegio\/nuestro-centro-participa-en-el-vii-encuentro-internacional-de-comunidades-de-aprendizaje\/#respond"]}]},{"@type":"WebPage","@id":"https:\/\/villena.salesianos.edu\/colegio\/nuestro-centro-participa-en-el-vii-encuentro-internacional-de-comunidades-de-aprendizaje\/","url":"https:\/\/villena.salesianos.edu\/colegio\/nuestro-centro-participa-en-el-vii-encuentro-internacional-de-comunidades-de-aprendizaje\/","name":"Nuestro Centro participa en el VII ENCUENTRO INTERNACIONAL DE COMUNIDADES DE APRENDIZAJE. - Colegio Salesiano M\u00aa Auxiliadora Villena","isPartOf":{"@id":"https:\/\/villena.salesianos.edu\/colegio\/#website"},"primaryImageOfPage":{"@id":"https:\/\/villena.salesianos.edu\/colegio\/nuestro-centro-participa-en-el-vii-encuentro-internacional-de-comunidades-de-aprendizaje\/#primaryimage"},"image":{"@id":"https:\/\/villena.salesianos.edu\/colegio\/nuestro-centro-participa-en-el-vii-encuentro-internacional-de-comunidades-de-aprendizaje\/#primaryimage"},"thumbnailUrl":"https:\/\/villena.salesianos.edu\/colegio\/wp-content\/uploads\/sites\/3\/2018\/11\/IMG-20181126-WA0004.jpg","datePublished":"2018-11-27T09:42:44+00:00","dateModified":"2018-11-27T09:53:51+00:00","author":{"@id":"https:\/\/villena.salesianos.edu\/colegio\/#\/schema\/person\/737fd46edc5ae7d6c9b94da26c0e9302"},"breadcrumb":{"@id":"https:\/\/villena.salesianos.edu\/colegio\/nuestro-centro-participa-en-el-vii-encuentro-internacional-de-comunidades-de-aprendizaje\/#breadcrumb"},"inLanguage":"es","potentialAction":[{"@type":"ReadAction","target":["https:\/\/villena.salesianos.edu\/colegio\/nuestro-centro-participa-en-el-vii-encuentro-internacional-de-comunidades-de-aprendizaje\/"]}]},{"@type":"ImageObject","inLanguage":"es","@id":"https:\/\/villena.salesianos.edu\/colegio\/nuestro-centro-participa-en-el-vii-encuentro-internacional-de-comunidades-de-aprendizaje\/#primaryimage","url":"https:\/\/villena.salesianos.edu\/colegio\/wp-content\/uploads\/sites\/3\/2018\/11\/IMG-20181126-WA0004.jpg","contentUrl":"https:\/\/villena.salesianos.edu\/colegio\/wp-content\/uploads\/sites\/3\/2018\/11\/IMG-20181126-WA0004.jpg","width":1600,"height":1200},{"@type":"BreadcrumbList","@id":"https:\/\/villena.salesianos.edu\/colegio\/nuestro-centro-participa-en-el-vii-encuentro-internacional-de-comunidades-de-aprendizaje\/#breadcrumb","itemListElement":[{"@type":"ListItem","position":1,"name":"Portada","item":"https:\/\/villena.salesianos.edu\/colegio\/"},{"@type":"ListItem","position":2,"name":"Nuestro Centro participa en el VII ENCUENTRO INTERNACIONAL DE COMUNIDADES DE APRENDIZAJE."}]},{"@type":"WebSite","@id":"https:\/\/villena.salesianos.edu\/colegio\/#website","url":"https:\/\/villena.salesianos.edu\/colegio\/","name":"Colegio Salesiano M\u00aa Auxiliadora Villena","description":"P\u00e1gina oficial Salesianos Villena","potentialAction":[{"@type":"SearchAction","target":{"@type":"EntryPoint","urlTemplate":"https:\/\/villena.salesianos.edu\/colegio\/?s={search_term_string}"},"query-input":{"@type":"PropertyValueSpecification","valueRequired":true,"valueName":"search_term_string"}}],"inLanguage":"es"},{"@type":"Person","@id":"https:\/\/villena.salesianos.edu\/colegio\/#\/schema\/person\/737fd46edc5ae7d6c9b94da26c0e9302","name":"Gestor Web","image":{"@type":"ImageObject","inLanguage":"es","@id":"https:\/\/secure.gravatar.com\/avatar\/44469746e1b6443cd011d1759fdc3b9fdcdae4a08dc0ddd85247651cb065486d?s=96&d=mm&r=g","url":"https:\/\/secure.gravatar.com\/avatar\/44469746e1b6443cd011d1759fdc3b9fdcdae4a08dc0ddd85247651cb065486d?s=96&d=mm&r=g","contentUrl":"https:\/\/secure.gravatar.com\/avatar\/44469746e1b6443cd011d1759fdc3b9fdcdae4a08dc0ddd85247651cb065486d?s=96&d=mm&r=g","caption":"Gestor Web"}}]}},"_links":{"self":[{"href":"https:\/\/villena.salesianos.edu\/colegio\/wp-json\/wp\/v2\/posts\/7700","targetHints":{"allow":["GET"]}}],"collection":[{"href":"https:\/\/villena.salesianos.edu\/colegio\/wp-json\/wp\/v2\/posts"}],"about":[{"href":"https:\/\/villena.salesianos.edu\/colegio\/wp-json\/wp\/v2\/types\/post"}],"author":[{"embeddable":true,"href":"https:\/\/villena.salesianos.edu\/colegio\/wp-json\/wp\/v2\/users\/2"}],"replies":[{"embeddable":true,"href":"https:\/\/villena.salesianos.edu\/colegio\/wp-json\/wp\/v2\/comments?post=7700"}],"version-history":[{"count":3,"href":"https:\/\/villena.salesianos.edu\/colegio\/wp-json\/wp\/v2\/posts\/7700\/revisions"}],"predecessor-version":[{"id":7762,"href":"https:\/\/villena.salesianos.edu\/colegio\/wp-json\/wp\/v2\/posts\/7700\/revisions\/7762"}],"wp:featuredmedia":[{"embeddable":true,"href":"https:\/\/villena.salesianos.edu\/colegio\/wp-json\/wp\/v2\/media\/7701"}],"wp:attachment":[{"href":"https:\/\/villena.salesianos.edu\/colegio\/wp-json\/wp\/v2\/media?parent=7700"}],"wp:term":[{"taxonomy":"category","embeddable":true,"href":"https:\/\/villena.salesianos.edu\/colegio\/wp-json\/wp\/v2\/categories?post=7700"},{"taxonomy":"post_tag","embeddable":true,"href":"https:\/\/villena.salesianos.edu\/colegio\/wp-json\/wp\/v2\/tags?post=7700"}],"curies":[{"name":"wp","href":"https:\/\/api.w.org\/{rel}","templated":true}]}}