{"id":7896,"date":"2019-01-22T10:51:27","date_gmt":"2019-01-22T09:51:27","guid":{"rendered":"https:\/\/villena.salesianos.edu\/colegio\/?p=7896"},"modified":"2019-01-22T10:51:27","modified_gmt":"2019-01-22T09:51:27","slug":"de-la-paz-en-el-hogar-a-la-paz-en-el-mundo","status":"publish","type":"post","link":"https:\/\/villena.salesianos.edu\/colegio\/de-la-paz-en-el-hogar-a-la-paz-en-el-mundo\/","title":{"rendered":"de la PAZ en el HOGAR a la PAZ en el MUNDO"},"content":{"rendered":"<p>[et_pb_section bb_built=\u00bb1&#8243; admin_label=\u00bbsection\u00bb][et_pb_row admin_label=\u00bbrow\u00bb background_position=\u00bbtop_left\u00bb background_repeat=\u00bbrepeat\u00bb background_size=\u00bbinitial\u00bb][et_pb_column type=\u00bb4_4&#8243;][et_pb_text admin_label=\u00bbEntradilla (Texto)\u00bb _builder_version=\u00bb3.18.7&#8243; text_orientation=\u00bbjustified\u00bb text_font=\u00bb|on|||\u00bb border_style=\u00bbsolid\u00bb]<\/p>\n<p><strong>Lema escogido para el d\u00eda de la Paz que se celebrar\u00e1 el pr\u00f3ximo mi\u00e9rcoles 30 de Enero.<\/strong><\/p>\n<p>[\/et_pb_text][et_pb_text admin_label=\u00bbAutor (Texto)\u00bb _builder_version=\u00bb3.18.7&#8243; text_font=\u00bb||on||\u00bb border_style=\u00bbsolid\u00bb]<\/p>\n<p><em>Por Equipo de Marketing y Comunicaci\u00f3n<\/em><\/p>\n<p>[\/et_pb_text][et_pb_text admin_label=\u00bbDesarrollo (Texto)\u00bb _builder_version=\u00bb3.18.7&#8243; text_orientation=\u00bbjustified\u00bb border_style=\u00bbsolid\u00bb]<\/p>\n<p>Durante esta semana nuestros alumnos tratar\u00e1n temas como:<\/p>\n<ul>\n<li>La paz no es solo la ausencia de guerra. Nuestro pa\u00eds no est\u00e1 en guerra y sin embargo escuchamos muchas situaciones en las que no hay paz.\u00a0<\/li>\n<li><span class=\"text_exposed_show\">La paz hay que vivirla cada d\u00eda. En el colegio, en casa, en la calle&#8230;<\/span><\/li>\n<li><span class=\"text_exposed_show\">La paz en el hogar. \u00bfC\u00f3mo puedo contribuir a que haya paz en mi familia?.<\/span><\/li>\n<\/ul>\n<p>\u00a0<\/p>\n<p>Desde siempre nuestro centro a apostado por la <strong>educaci\u00f3n en valores<\/strong> y la <strong>formaci\u00f3n integral<\/strong> de nuestro alumnado. Queremos transmitir, en esta ocasi\u00f3n, nuestro total rechazo a cualquier signo o acci\u00f3n de violencia, apostando por la PAZ; nacida desde nuestros hogares para hacerlo extensible al mundo en el que vivimos.<\/p>\n<p>Por que este a\u00f1o.. <span style=\"color: #ff0000;\"><strong>\u00abde la PAZ en el HOGAR a la PAZ en el MUNDO\u00bb<\/strong><\/span><\/p>\n<p>\u00a0<\/p>\n<div class=\"text_exposed_show\">\n<p><a class=\"_58cn\" href=\"https:\/\/www.facebook.com\/hashtag\/d%C3%ADadelapaz?source=feed_text&amp;epa=HASHTAG&amp;__xts__%5B0%5D=68.ARC-1C2JXNfDV3ls8-HybrfTrNkcaccCwi8VZA7syRCV58CMdtr60HrHXvba0vCuNTfdoIFQgUmzAShfHwSR31ILYRI3hPs1E9trejjKgEO74NWCZqFJA2XpdCkdSouqopEkDcnIMqSp6SwOpfBfl71hEg3DRFAC6qrlZj_lkqCQ94K8YQ3vG2CksAC5B7Z8tJGYSz7VobrZObm6FbkUha5OztVcQ31EgYIPhhpzCeRwpigxuzcVoqHZCnCWWZ7poxo-1HSH5G7kAJpNv6RRU7eG-nh5fYvQIUCYs2hBX07inAV-7uIcpHSrXsiOYz_VQR40nxzsTiRKRlJkbQLRCBTNxQ&amp;__tn__=%2ANK-R\" data-ft=\"{&quot;type&quot;:104,&quot;tn&quot;:&quot;*N&quot;}\"><span class=\"_5afx\"><span class=\"_58cl _5afz\" aria-label=\"hashtag\">#<\/span><span class=\"_58cm\">d\u00edadelaPAZ<\/span><\/span><\/a>\u00a0<a class=\"_58cn\" href=\"https:\/\/www.facebook.com\/hashtag\/primerolos%C3%BAltimos?source=feed_text&amp;epa=HASHTAG&amp;__xts__%5B0%5D=68.ARC-1C2JXNfDV3ls8-HybrfTrNkcaccCwi8VZA7syRCV58CMdtr60HrHXvba0vCuNTfdoIFQgUmzAShfHwSR31ILYRI3hPs1E9trejjKgEO74NWCZqFJA2XpdCkdSouqopEkDcnIMqSp6SwOpfBfl71hEg3DRFAC6qrlZj_lkqCQ94K8YQ3vG2CksAC5B7Z8tJGYSz7VobrZObm6FbkUha5OztVcQ31EgYIPhhpzCeRwpigxuzcVoqHZCnCWWZ7poxo-1HSH5G7kAJpNv6RRU7eG-nh5fYvQIUCYs2hBX07inAV-7uIcpHSrXsiOYz_VQR40nxzsTiRKRlJkbQLRCBTNxQ&amp;__tn__=%2ANK-R\" data-ft=\"{&quot;type&quot;:104,&quot;tn&quot;:&quot;*N&quot;}\"><span class=\"_5afx\"><span class=\"_58cl _5afz\" aria-label=\"hashtag\">#<\/span><span class=\"_58cm\">primerolos\u00faltimos<\/span><\/span><\/a>\u00a0<a class=\"_58cn\" href=\"https:\/\/www.facebook.com\/hashtag\/delapazenelhogaralapazenelmundo?source=feed_text&amp;epa=HASHTAG&amp;__xts__%5B0%5D=68.ARC-1C2JXNfDV3ls8-HybrfTrNkcaccCwi8VZA7syRCV58CMdtr60HrHXvba0vCuNTfdoIFQgUmzAShfHwSR31ILYRI3hPs1E9trejjKgEO74NWCZqFJA2XpdCkdSouqopEkDcnIMqSp6SwOpfBfl71hEg3DRFAC6qrlZj_lkqCQ94K8YQ3vG2CksAC5B7Z8tJGYSz7VobrZObm6FbkUha5OztVcQ31EgYIPhhpzCeRwpigxuzcVoqHZCnCWWZ7poxo-1HSH5G7kAJpNv6RRU7eG-nh5fYvQIUCYs2hBX07inAV-7uIcpHSrXsiOYz_VQR40nxzsTiRKRlJkbQLRCBTNxQ&amp;__tn__=%2ANK-R\" data-ft=\"{&quot;type&quot;:104,&quot;tn&quot;:&quot;*N&quot;}\"><span class=\"_5afx\"><span class=\"_58cl _5afz\" aria-label=\"hashtag\">#<\/span><span class=\"_58cm\">delaPAZenelHOGARalaPAZenelMUNDO<\/span><\/span><\/a><\/p>\n<\/div>\n<p>[\/et_pb_text][et_pb_text admin_label=\u00bbT\u00edtulo: Galer\u00eda de fotos (Texto)\u00bb _builder_version=\u00bb3.0.51&#8243; background_layout=\u00bblight\u00bb text_orientation=\u00bbleft\u00bb text_font=\u00bb|on|||\u00bb text_text_color=\u00bb#dc001b\u00bb border_style=\u00bbsolid\u00bb disabled=\u00bbon\u00bb disabled_on=\u00bbon|on|on\u00bb]<\/p>\n<p>Galer\u00eda de im\u00e1genes<\/p>\n<p>[\/et_pb_text][et_pb_gallery _builder_version=\u00bb3.0.51&#8243; posts_number=\u00bb8&#8243; show_title_and_caption=\u00bboff\u00bb show_pagination=\u00bbon\u00bb fullwidth=\u00bboff\u00bb orientation=\u00bblandscape\u00bb zoom_icon_color=\u00bb#dc001b\u00bb hover_overlay_color=\u00bbrgba(255,255,255,0.9)\u00bb hover_icon=\u00bb%%51%%\u00bb background_layout=\u00bblight\u00bb border_style=\u00bbsolid\u00bb auto=\u00bboff\u00bb disabled=\u00bbon\u00bb disabled_on=\u00bbon|on|on\u00bb \/][et_pb_video _builder_version=\u00bb3.0.51&#8243; disabled=\u00bbon\u00bb disabled_on=\u00bbon|on|on\u00bb \/][\/et_pb_column][\/et_pb_row][\/et_pb_section]<\/p>\n","protected":false},"excerpt":{"rendered":"<p>Lema escogido para el d\u00eda de la Paz que se celebrar\u00e1 el pr\u00f3ximo mi\u00e9rcoles 30 de Enero. Por Equipo de Marketing y Comunicaci\u00f3n Durante esta semana nuestros alumnos tratar\u00e1n temas como:La paz no es solo la ausencia de guerra. Nuestro pa\u00eds no est\u00e1 en guerra y sin embargo escuchamos muchas situaciones en las que no [&hellip;]<\/p>\n","protected":false},"author":2,"featured_media":7897,"comment_status":"open","ping_status":"open","sticky":false,"template":"","format":"standard","meta":{"_et_pb_use_builder":"on","_et_pb_old_content":"","_et_gb_content_width":"","footnotes":""},"categories":[24],"tags":[],"class_list":["post-7896","post","type-post","status-publish","format-standard","has-post-thumbnail","hentry","category-portadanoticias"],"yoast_head":"<!-- This site is optimized with the Yoast SEO plugin v28.3 - https:\/\/yoast.com\/product\/yoast-seo-wordpress\/ -->\n<title>de la PAZ en el HOGAR a la PAZ en el MUNDO - Colegio Salesiano M\u00aa Auxiliadora Villena<\/title>\n<meta name=\"robots\" content=\"index, follow, max-snippet:-1, max-image-preview:large, max-video-preview:-1\" \/>\n<link rel=\"canonical\" href=\"https:\/\/villena.salesianos.edu\/colegio\/de-la-paz-en-el-hogar-a-la-paz-en-el-mundo\/\" \/>\n<meta property=\"og:locale\" content=\"es_ES\" \/>\n<meta property=\"og:type\" content=\"article\" \/>\n<meta property=\"og:title\" content=\"de la PAZ en el HOGAR a la PAZ en el MUNDO - Colegio Salesiano M\u00aa Auxiliadora Villena\" \/>\n<meta property=\"og:description\" content=\"Lema escogido para el d\u00eda de la Paz que se celebrar\u00e1 el pr\u00f3ximo mi\u00e9rcoles 30 de Enero. Por Equipo de Marketing y Comunicaci\u00f3n Durante esta semana nuestros alumnos tratar\u00e1n temas como:La paz no es solo la ausencia de guerra. Nuestro pa\u00eds no est\u00e1 en guerra y sin embargo escuchamos muchas situaciones en las que no [&hellip;]\" \/>\n<meta property=\"og:url\" content=\"https:\/\/villena.salesianos.edu\/colegio\/de-la-paz-en-el-hogar-a-la-paz-en-el-mundo\/\" \/>\n<meta property=\"og:site_name\" content=\"Colegio Salesiano M\u00aa Auxiliadora Villena\" \/>\n<meta property=\"article:published_time\" content=\"2019-01-22T09:51:27+00:00\" \/>\n<meta property=\"og:image\" content=\"https:\/\/villena.salesianos.edu\/colegio\/wp-content\/uploads\/sites\/3\/2019\/01\/cartel-PAZ.png\" \/>\n\t<meta property=\"og:image:width\" content=\"1240\" \/>\n\t<meta property=\"og:image:height\" content=\"1754\" \/>\n\t<meta property=\"og:image:type\" content=\"image\/png\" \/>\n<meta name=\"author\" content=\"Gestor Web\" \/>\n<meta name=\"twitter:card\" content=\"summary_large_image\" \/>\n<meta name=\"twitter:label1\" content=\"Escrito por\" \/>\n\t<meta name=\"twitter:data1\" content=\"Gestor Web\" \/>\n\t<meta name=\"twitter:label2\" content=\"Tiempo de lectura\" \/>\n\t<meta name=\"twitter:data2\" content=\"2 minutos\" \/>\n<script type=\"application\/ld+json\" class=\"yoast-schema-graph\">{\"@context\":\"https:\\\/\\\/schema.org\",\"@graph\":[{\"@type\":\"Article\",\"@id\":\"https:\\\/\\\/villena.salesianos.edu\\\/colegio\\\/de-la-paz-en-el-hogar-a-la-paz-en-el-mundo\\\/#article\",\"isPartOf\":{\"@id\":\"https:\\\/\\\/villena.salesianos.edu\\\/colegio\\\/de-la-paz-en-el-hogar-a-la-paz-en-el-mundo\\\/\"},\"author\":{\"name\":\"Gestor Web\",\"@id\":\"https:\\\/\\\/villena.salesianos.edu\\\/colegio\\\/#\\\/schema\\\/person\\\/737fd46edc5ae7d6c9b94da26c0e9302\"},\"headline\":\"de la PAZ en el HOGAR a la PAZ en el MUNDO\",\"datePublished\":\"2019-01-22T09:51:27+00:00\",\"mainEntityOfPage\":{\"@id\":\"https:\\\/\\\/villena.salesianos.edu\\\/colegio\\\/de-la-paz-en-el-hogar-a-la-paz-en-el-mundo\\\/\"},\"wordCount\":380,\"commentCount\":0,\"image\":{\"@id\":\"https:\\\/\\\/villena.salesianos.edu\\\/colegio\\\/de-la-paz-en-el-hogar-a-la-paz-en-el-mundo\\\/#primaryimage\"},\"thumbnailUrl\":\"https:\\\/\\\/villena.salesianos.edu\\\/colegio\\\/wp-content\\\/uploads\\\/sites\\\/3\\\/2019\\\/01\\\/cartel-PAZ.png\",\"articleSection\":[\"Portada Noticias\"],\"inLanguage\":\"es\",\"potentialAction\":[{\"@type\":\"CommentAction\",\"name\":\"Comment\",\"target\":[\"https:\\\/\\\/villena.salesianos.edu\\\/colegio\\\/de-la-paz-en-el-hogar-a-la-paz-en-el-mundo\\\/#respond\"]}]},{\"@type\":\"WebPage\",\"@id\":\"https:\\\/\\\/villena.salesianos.edu\\\/colegio\\\/de-la-paz-en-el-hogar-a-la-paz-en-el-mundo\\\/\",\"url\":\"https:\\\/\\\/villena.salesianos.edu\\\/colegio\\\/de-la-paz-en-el-hogar-a-la-paz-en-el-mundo\\\/\",\"name\":\"de la PAZ en el HOGAR a la PAZ en el MUNDO - Colegio Salesiano M\u00aa Auxiliadora Villena\",\"isPartOf\":{\"@id\":\"https:\\\/\\\/villena.salesianos.edu\\\/colegio\\\/#website\"},\"primaryImageOfPage\":{\"@id\":\"https:\\\/\\\/villena.salesianos.edu\\\/colegio\\\/de-la-paz-en-el-hogar-a-la-paz-en-el-mundo\\\/#primaryimage\"},\"image\":{\"@id\":\"https:\\\/\\\/villena.salesianos.edu\\\/colegio\\\/de-la-paz-en-el-hogar-a-la-paz-en-el-mundo\\\/#primaryimage\"},\"thumbnailUrl\":\"https:\\\/\\\/villena.salesianos.edu\\\/colegio\\\/wp-content\\\/uploads\\\/sites\\\/3\\\/2019\\\/01\\\/cartel-PAZ.png\",\"datePublished\":\"2019-01-22T09:51:27+00:00\",\"author\":{\"@id\":\"https:\\\/\\\/villena.salesianos.edu\\\/colegio\\\/#\\\/schema\\\/person\\\/737fd46edc5ae7d6c9b94da26c0e9302\"},\"breadcrumb\":{\"@id\":\"https:\\\/\\\/villena.salesianos.edu\\\/colegio\\\/de-la-paz-en-el-hogar-a-la-paz-en-el-mundo\\\/#breadcrumb\"},\"inLanguage\":\"es\",\"potentialAction\":[{\"@type\":\"ReadAction\",\"target\":[\"https:\\\/\\\/villena.salesianos.edu\\\/colegio\\\/de-la-paz-en-el-hogar-a-la-paz-en-el-mundo\\\/\"]}]},{\"@type\":\"ImageObject\",\"inLanguage\":\"es\",\"@id\":\"https:\\\/\\\/villena.salesianos.edu\\\/colegio\\\/de-la-paz-en-el-hogar-a-la-paz-en-el-mundo\\\/#primaryimage\",\"url\":\"https:\\\/\\\/villena.salesianos.edu\\\/colegio\\\/wp-content\\\/uploads\\\/sites\\\/3\\\/2019\\\/01\\\/cartel-PAZ.png\",\"contentUrl\":\"https:\\\/\\\/villena.salesianos.edu\\\/colegio\\\/wp-content\\\/uploads\\\/sites\\\/3\\\/2019\\\/01\\\/cartel-PAZ.png\",\"width\":1240,\"height\":1754},{\"@type\":\"BreadcrumbList\",\"@id\":\"https:\\\/\\\/villena.salesianos.edu\\\/colegio\\\/de-la-paz-en-el-hogar-a-la-paz-en-el-mundo\\\/#breadcrumb\",\"itemListElement\":[{\"@type\":\"ListItem\",\"position\":1,\"name\":\"Portada\",\"item\":\"https:\\\/\\\/villena.salesianos.edu\\\/colegio\\\/\"},{\"@type\":\"ListItem\",\"position\":2,\"name\":\"de la PAZ en el HOGAR a la PAZ en el MUNDO\"}]},{\"@type\":\"WebSite\",\"@id\":\"https:\\\/\\\/villena.salesianos.edu\\\/colegio\\\/#website\",\"url\":\"https:\\\/\\\/villena.salesianos.edu\\\/colegio\\\/\",\"name\":\"Colegio Salesiano M\u00aa Auxiliadora Villena\",\"description\":\"P\u00e1gina oficial Salesianos Villena\",\"potentialAction\":[{\"@type\":\"SearchAction\",\"target\":{\"@type\":\"EntryPoint\",\"urlTemplate\":\"https:\\\/\\\/villena.salesianos.edu\\\/colegio\\\/?s={search_term_string}\"},\"query-input\":{\"@type\":\"PropertyValueSpecification\",\"valueRequired\":true,\"valueName\":\"search_term_string\"}}],\"inLanguage\":\"es\"},{\"@type\":\"Person\",\"@id\":\"https:\\\/\\\/villena.salesianos.edu\\\/colegio\\\/#\\\/schema\\\/person\\\/737fd46edc5ae7d6c9b94da26c0e9302\",\"name\":\"Gestor Web\",\"image\":{\"@type\":\"ImageObject\",\"inLanguage\":\"es\",\"@id\":\"https:\\\/\\\/secure.gravatar.com\\\/avatar\\\/44469746e1b6443cd011d1759fdc3b9fdcdae4a08dc0ddd85247651cb065486d?s=96&d=mm&r=g\",\"url\":\"https:\\\/\\\/secure.gravatar.com\\\/avatar\\\/44469746e1b6443cd011d1759fdc3b9fdcdae4a08dc0ddd85247651cb065486d?s=96&d=mm&r=g\",\"contentUrl\":\"https:\\\/\\\/secure.gravatar.com\\\/avatar\\\/44469746e1b6443cd011d1759fdc3b9fdcdae4a08dc0ddd85247651cb065486d?s=96&d=mm&r=g\",\"caption\":\"Gestor Web\"}}]}<\/script>\n<!-- \/ Yoast SEO plugin. -->","yoast_head_json":{"title":"de la PAZ en el HOGAR a la PAZ en el MUNDO - Colegio Salesiano M\u00aa Auxiliadora Villena","robots":{"index":"index","follow":"follow","max-snippet":"max-snippet:-1","max-image-preview":"max-image-preview:large","max-video-preview":"max-video-preview:-1"},"canonical":"https:\/\/villena.salesianos.edu\/colegio\/de-la-paz-en-el-hogar-a-la-paz-en-el-mundo\/","og_locale":"es_ES","og_type":"article","og_title":"de la PAZ en el HOGAR a la PAZ en el MUNDO - Colegio Salesiano M\u00aa Auxiliadora Villena","og_description":"Lema escogido para el d\u00eda de la Paz que se celebrar\u00e1 el pr\u00f3ximo mi\u00e9rcoles 30 de Enero. Por Equipo de Marketing y Comunicaci\u00f3n Durante esta semana nuestros alumnos tratar\u00e1n temas como:La paz no es solo la ausencia de guerra. Nuestro pa\u00eds no est\u00e1 en guerra y sin embargo escuchamos muchas situaciones en las que no [&hellip;]","og_url":"https:\/\/villena.salesianos.edu\/colegio\/de-la-paz-en-el-hogar-a-la-paz-en-el-mundo\/","og_site_name":"Colegio Salesiano M\u00aa Auxiliadora Villena","article_published_time":"2019-01-22T09:51:27+00:00","og_image":[{"width":1240,"height":1754,"url":"https:\/\/villena.salesianos.edu\/colegio\/wp-content\/uploads\/sites\/3\/2019\/01\/cartel-PAZ.png","type":"image\/png"}],"author":"Gestor Web","twitter_card":"summary_large_image","twitter_misc":{"Escrito por":"Gestor Web","Tiempo de lectura":"2 minutos"},"schema":{"@context":"https:\/\/schema.org","@graph":[{"@type":"Article","@id":"https:\/\/villena.salesianos.edu\/colegio\/de-la-paz-en-el-hogar-a-la-paz-en-el-mundo\/#article","isPartOf":{"@id":"https:\/\/villena.salesianos.edu\/colegio\/de-la-paz-en-el-hogar-a-la-paz-en-el-mundo\/"},"author":{"name":"Gestor Web","@id":"https:\/\/villena.salesianos.edu\/colegio\/#\/schema\/person\/737fd46edc5ae7d6c9b94da26c0e9302"},"headline":"de la PAZ en el HOGAR a la PAZ en el MUNDO","datePublished":"2019-01-22T09:51:27+00:00","mainEntityOfPage":{"@id":"https:\/\/villena.salesianos.edu\/colegio\/de-la-paz-en-el-hogar-a-la-paz-en-el-mundo\/"},"wordCount":380,"commentCount":0,"image":{"@id":"https:\/\/villena.salesianos.edu\/colegio\/de-la-paz-en-el-hogar-a-la-paz-en-el-mundo\/#primaryimage"},"thumbnailUrl":"https:\/\/villena.salesianos.edu\/colegio\/wp-content\/uploads\/sites\/3\/2019\/01\/cartel-PAZ.png","articleSection":["Portada Noticias"],"inLanguage":"es","potentialAction":[{"@type":"CommentAction","name":"Comment","target":["https:\/\/villena.salesianos.edu\/colegio\/de-la-paz-en-el-hogar-a-la-paz-en-el-mundo\/#respond"]}]},{"@type":"WebPage","@id":"https:\/\/villena.salesianos.edu\/colegio\/de-la-paz-en-el-hogar-a-la-paz-en-el-mundo\/","url":"https:\/\/villena.salesianos.edu\/colegio\/de-la-paz-en-el-hogar-a-la-paz-en-el-mundo\/","name":"de la PAZ en el HOGAR a la PAZ en el MUNDO - Colegio Salesiano M\u00aa Auxiliadora Villena","isPartOf":{"@id":"https:\/\/villena.salesianos.edu\/colegio\/#website"},"primaryImageOfPage":{"@id":"https:\/\/villena.salesianos.edu\/colegio\/de-la-paz-en-el-hogar-a-la-paz-en-el-mundo\/#primaryimage"},"image":{"@id":"https:\/\/villena.salesianos.edu\/colegio\/de-la-paz-en-el-hogar-a-la-paz-en-el-mundo\/#primaryimage"},"thumbnailUrl":"https:\/\/villena.salesianos.edu\/colegio\/wp-content\/uploads\/sites\/3\/2019\/01\/cartel-PAZ.png","datePublished":"2019-01-22T09:51:27+00:00","author":{"@id":"https:\/\/villena.salesianos.edu\/colegio\/#\/schema\/person\/737fd46edc5ae7d6c9b94da26c0e9302"},"breadcrumb":{"@id":"https:\/\/villena.salesianos.edu\/colegio\/de-la-paz-en-el-hogar-a-la-paz-en-el-mundo\/#breadcrumb"},"inLanguage":"es","potentialAction":[{"@type":"ReadAction","target":["https:\/\/villena.salesianos.edu\/colegio\/de-la-paz-en-el-hogar-a-la-paz-en-el-mundo\/"]}]},{"@type":"ImageObject","inLanguage":"es","@id":"https:\/\/villena.salesianos.edu\/colegio\/de-la-paz-en-el-hogar-a-la-paz-en-el-mundo\/#primaryimage","url":"https:\/\/villena.salesianos.edu\/colegio\/wp-content\/uploads\/sites\/3\/2019\/01\/cartel-PAZ.png","contentUrl":"https:\/\/villena.salesianos.edu\/colegio\/wp-content\/uploads\/sites\/3\/2019\/01\/cartel-PAZ.png","width":1240,"height":1754},{"@type":"BreadcrumbList","@id":"https:\/\/villena.salesianos.edu\/colegio\/de-la-paz-en-el-hogar-a-la-paz-en-el-mundo\/#breadcrumb","itemListElement":[{"@type":"ListItem","position":1,"name":"Portada","item":"https:\/\/villena.salesianos.edu\/colegio\/"},{"@type":"ListItem","position":2,"name":"de la PAZ en el HOGAR a la PAZ en el MUNDO"}]},{"@type":"WebSite","@id":"https:\/\/villena.salesianos.edu\/colegio\/#website","url":"https:\/\/villena.salesianos.edu\/colegio\/","name":"Colegio Salesiano M\u00aa Auxiliadora Villena","description":"P\u00e1gina oficial Salesianos Villena","potentialAction":[{"@type":"SearchAction","target":{"@type":"EntryPoint","urlTemplate":"https:\/\/villena.salesianos.edu\/colegio\/?s={search_term_string}"},"query-input":{"@type":"PropertyValueSpecification","valueRequired":true,"valueName":"search_term_string"}}],"inLanguage":"es"},{"@type":"Person","@id":"https:\/\/villena.salesianos.edu\/colegio\/#\/schema\/person\/737fd46edc5ae7d6c9b94da26c0e9302","name":"Gestor Web","image":{"@type":"ImageObject","inLanguage":"es","@id":"https:\/\/secure.gravatar.com\/avatar\/44469746e1b6443cd011d1759fdc3b9fdcdae4a08dc0ddd85247651cb065486d?s=96&d=mm&r=g","url":"https:\/\/secure.gravatar.com\/avatar\/44469746e1b6443cd011d1759fdc3b9fdcdae4a08dc0ddd85247651cb065486d?s=96&d=mm&r=g","contentUrl":"https:\/\/secure.gravatar.com\/avatar\/44469746e1b6443cd011d1759fdc3b9fdcdae4a08dc0ddd85247651cb065486d?s=96&d=mm&r=g","caption":"Gestor Web"}}]}},"_links":{"self":[{"href":"https:\/\/villena.salesianos.edu\/colegio\/wp-json\/wp\/v2\/posts\/7896","targetHints":{"allow":["GET"]}}],"collection":[{"href":"https:\/\/villena.salesianos.edu\/colegio\/wp-json\/wp\/v2\/posts"}],"about":[{"href":"https:\/\/villena.salesianos.edu\/colegio\/wp-json\/wp\/v2\/types\/post"}],"author":[{"embeddable":true,"href":"https:\/\/villena.salesianos.edu\/colegio\/wp-json\/wp\/v2\/users\/2"}],"replies":[{"embeddable":true,"href":"https:\/\/villena.salesianos.edu\/colegio\/wp-json\/wp\/v2\/comments?post=7896"}],"version-history":[{"count":1,"href":"https:\/\/villena.salesianos.edu\/colegio\/wp-json\/wp\/v2\/posts\/7896\/revisions"}],"predecessor-version":[{"id":7898,"href":"https:\/\/villena.salesianos.edu\/colegio\/wp-json\/wp\/v2\/posts\/7896\/revisions\/7898"}],"wp:featuredmedia":[{"embeddable":true,"href":"https:\/\/villena.salesianos.edu\/colegio\/wp-json\/wp\/v2\/media\/7897"}],"wp:attachment":[{"href":"https:\/\/villena.salesianos.edu\/colegio\/wp-json\/wp\/v2\/media?parent=7896"}],"wp:term":[{"taxonomy":"category","embeddable":true,"href":"https:\/\/villena.salesianos.edu\/colegio\/wp-json\/wp\/v2\/categories?post=7896"},{"taxonomy":"post_tag","embeddable":true,"href":"https:\/\/villena.salesianos.edu\/colegio\/wp-json\/wp\/v2\/tags?post=7896"}],"curies":[{"name":"wp","href":"https:\/\/api.w.org\/{rel}","templated":true}]}}