{"id":7899,"date":"2019-01-22T15:54:09","date_gmt":"2019-01-22T14:54:09","guid":{"rendered":"https:\/\/villena.salesianos.edu\/colegio\/?p=7899"},"modified":"2019-01-22T15:54:09","modified_gmt":"2019-01-22T14:54:09","slug":"escuelas-salesianas-apuesta-por-la-formacion-de-los-docentes-para-ofrecer-una-educacion-de-calidad","status":"publish","type":"post","link":"https:\/\/villena.salesianos.edu\/colegio\/escuelas-salesianas-apuesta-por-la-formacion-de-los-docentes-para-ofrecer-una-educacion-de-calidad\/","title":{"rendered":"Escuelas Salesianas apuesta por la formaci\u00f3n de los docentes para ofrecer una educaci\u00f3n de calidad"},"content":{"rendered":"<p>[et_pb_section bb_built=\u00bb1&#8243; admin_label=\u00bbsection\u00bb][et_pb_row admin_label=\u00bbrow\u00bb background_position=\u00bbtop_left\u00bb background_repeat=\u00bbrepeat\u00bb background_size=\u00bbinitial\u00bb][et_pb_column type=\u00bb4_4&#8243;][et_pb_text admin_label=\u00bbEntradilla (Texto)\u00bb _builder_version=\u00bb3.18.7&#8243; text_orientation=\u00bbjustified\u00bb text_font=\u00bb|on|||\u00bb]<\/p>\n<p align=\"justify\"><span style=\"font-family: Arial, sans-serif;\"><span style=\"font-size: small;\"><b>El pasado 18 de enero se celebr\u00f3 en la sede de la Inspector\u00eda Salesianos Santiago El Mayor (Madrid) la graduaci\u00f3n de los posgrados de\u00a0<\/b><\/span><\/span><strong><span style=\"font-family: Arial, sans-serif;\"><span style=\"font-size: small;\"><b>Direcci\u00f3n de Centros Educativos y Coordinadores\/as de Pastoral <\/b><\/span><\/span><\/strong><span style=\"font-family: Arial, sans-serif;\"><span style=\"font-size: small;\"><b>organizados por <a href=\"https:\/\/www.escuelassalesianas.com\">Escuelas Salesianas<\/a>. <\/b><\/span><\/span><span style=\"font-family: Arial, sans-serif;\"><span style=\"font-size: small;\"><b>A dicho acto asisti\u00f3 nuestro compa\u00f1ero y jefe de estudios de Secundaria, Eduardo Verd\u00fa.<\/b><\/span><\/span><\/p>\n<p>[\/et_pb_text][et_pb_text admin_label=\u00bbAutor (Texto)\u00bb _builder_version=\u00bb3.18.7&#8243; text_font=\u00bb||on||\u00bb]<\/p>\n<p><em>Por Comunicaci\u00f3n Escuelas Salesianas<\/em><\/p>\n<p>[\/et_pb_text][et_pb_text admin_label=\u00bbDesarrollo (Texto)\u00bb _builder_version=\u00bb3.18.7&#8243; text_orientation=\u00bbjustified\u00bb]<\/p>\n<p align=\"justify\"><span style=\"font-family: Arial, sans-serif;\"><span style=\"font-size: small;\">Con este acto se pone fin a estos cursos formativos (presencial y online) que han contado con 70 participantes de colegios\u00a0<\/span><\/span><strong><span style=\"font-family: Arial, sans-serif;\"><span style=\"font-size: small;\">Salesianos y Salesianas<\/span><\/span><\/strong><span style=\"font-family: Arial, sans-serif;\"><span style=\"font-size: small;\">\u00a0en Espa\u00f1a. La formaci\u00f3n de los docentes es uno de los elementos claves para\u00a0<\/span><\/span><strong><span style=\"font-family: Arial, sans-serif;\"><span style=\"font-size: small;\">ofrecer una educaci\u00f3n de calidad<\/span><\/span><\/strong><span style=\"font-family: Arial, sans-serif;\"><span style=\"font-size: small;\">\u00a0que responda a los desaf\u00edos que hoy nos presenta la sociedad.<\/span><\/span><\/p>\n<p align=\"justify\"><span style=\"font-family: Arial, sans-serif;\"><span style=\"font-size: small;\">El acto ha contado con la ponencia \u201cLiderar con inteligencia moral\u201d de Luis Fernando V\u00edlchez, Doctor en Filosof\u00eda y Ciencias de la Educaci\u00f3n y actual miembro del Centro Cat\u00f3lico Internacional de Cooperaci\u00f3n con la UNESCO, entre otras funciones. Para V\u00edlchez la inteligencia moral es \u201cla capacidad para razonar en t\u00e9rminos de bondad, de lo bueno y justo, de lo que es mejor, de lo que m\u00e1s humaniza, de lo que nos hace mejores\u201d. Apuntaba tambi\u00e9n que es \u201cla capacidad para discernir lo que es debido en cada momento, razonando y argumentando\u201d as\u00ed como\u00a0<\/span><\/span><strong><span style=\"font-family: Arial, sans-serif;\"><span style=\"font-size: small;\">la capacidad que nos impulsa a hacer acciones buenas,<\/span><\/span><\/strong><span style=\"font-family: Arial, sans-serif;\"><span style=\"font-size: small;\">\u00a0ayudadas de la habilidad emocional y social.<\/span><\/span><\/p>\n<p align=\"justify\"><span style=\"font-family: Arial, sans-serif;\"><span style=\"font-size: small;\">Tambi\u00e9n han tenido la palabra Beatriz Rivas (Salesianos Santander) y Esther Hermida (Salesianas Sueca), alumnas del Curso de Direcci\u00f3n de Centros Educativos, y Jes\u00fas Casanova (Salesianos Triana), alumno del Curso de Coordinaci\u00f3n de Pastoral. Un buen directivo es aquella persona \u201ccapaz de liderar equipo desde la humildad, el amor y la clara concepci\u00f3n de su puesto como un servicio\u201d expon\u00eda Beatriz en su intervenci\u00f3n sobre sus vivencias en esta formaci\u00f3n. Para Esther, este discurso era \u201cuna oportunidad de<\/span><\/span><strong><span style=\"font-family: Arial, sans-serif;\"><span style=\"font-size: small;\">\u00a0agradecer de coraz\u00f3n<\/span><\/span><\/strong><span style=\"font-family: Arial, sans-serif;\"><span style=\"font-size: small;\">\u00a0todo lo que hemos aprendido, compartido y vivido durante estas semanas\u201d. Los tres coincidieron en un compromiso claro: intentar extender esos aprendizajes al equipo docente y\u00a0<\/span><\/span><strong><span style=\"font-family: Arial, sans-serif;\"><span style=\"font-size: small;\">que sean transmitidos al alumnado<\/span><\/span><\/strong><span style=\"font-family: Arial, sans-serif;\"><span style=\"font-size: small;\">\u00a0\u201ccon mucha\u00a0<\/span><\/span><em><span style=\"font-family: Arial, sans-serif;\"><span style=\"font-size: small;\">amorevolezza<\/span><\/span><\/em><span style=\"font-family: Arial, sans-serif;\"><span style=\"font-size: small;\">\u201d.<\/span><\/span><\/p>\n<p align=\"justify\"><span style=\"font-family: Arial, sans-serif;\"><span style=\"font-size: small;\">Por \u00faltimo, \u00c1ngel Astorgano, Coordinador Nacional de Escuelas Salesianas, finaliz\u00f3 el acto de graduaci\u00f3n con un breve discurso en el que valor\u00f3 m\u00e1s all\u00e1 del aspecto acad\u00e9mico, el\u00a0<\/span><\/span><strong><span style=\"font-family: Arial, sans-serif;\"><span style=\"font-size: small;\">aspecto de encuentro<\/span><\/span><\/strong><span style=\"font-family: Arial, sans-serif;\"><span style=\"font-size: small;\">\u00a0y \u201cla prueba est\u00e1 en que os despedisteis entre l\u00e1grimas y hoy os recib\u00eds con abrazos, con el deseo de mantener el contacto en el futuro\u201d.<\/span><\/span><\/p>\n<p>[\/et_pb_text][et_pb_text admin_label=\u00bbT\u00edtulo: Galer\u00eda de fotos (Texto)\u00bb _builder_version=\u00bb3.0.51&#8243; background_layout=\u00bblight\u00bb text_orientation=\u00bbleft\u00bb text_font=\u00bb|on|||\u00bb text_text_color=\u00bb#dc001b\u00bb border_style=\u00bbsolid\u00bb disabled=\u00bbon\u00bb disabled_on=\u00bbon|on|on\u00bb]<\/p>\n<p>Galer\u00eda de im\u00e1genes<\/p>\n<p>[\/et_pb_text][et_pb_gallery _builder_version=\u00bb3.0.51&#8243; posts_number=\u00bb8&#8243; show_title_and_caption=\u00bboff\u00bb show_pagination=\u00bbon\u00bb fullwidth=\u00bboff\u00bb orientation=\u00bblandscape\u00bb zoom_icon_color=\u00bb#dc001b\u00bb hover_overlay_color=\u00bbrgba(255,255,255,0.9)\u00bb hover_icon=\u00bb%%51%%\u00bb background_layout=\u00bblight\u00bb border_style=\u00bbsolid\u00bb auto=\u00bboff\u00bb disabled=\u00bbon\u00bb disabled_on=\u00bbon|on|on\u00bb \/][et_pb_video _builder_version=\u00bb3.0.51&#8243; disabled=\u00bbon\u00bb disabled_on=\u00bbon|on|on\u00bb \/][\/et_pb_column][\/et_pb_row][\/et_pb_section]<\/p>\n","protected":false},"excerpt":{"rendered":"<p>El pasado 18 de enero se celebr\u00f3 en la sede de la Inspector\u00eda Salesianos Santiago El Mayor (Madrid) la graduaci\u00f3n de los posgrados de\u00a0Direcci\u00f3n de Centros Educativos y Coordinadores\/as de Pastoral organizados por Escuelas Salesianas. A dicho acto asisti\u00f3 nuestro compa\u00f1ero y jefe de estudios de Secundaria, Eduardo Verd\u00fa. Por Comunicaci\u00f3n Escuelas Salesianas Con este [&hellip;]<\/p>\n","protected":false},"author":2,"featured_media":7900,"comment_status":"open","ping_status":"open","sticky":false,"template":"","format":"standard","meta":{"_et_pb_use_builder":"on","_et_pb_old_content":"","_et_gb_content_width":"","footnotes":""},"categories":[22],"tags":[],"class_list":["post-7899","post","type-post","status-publish","format-standard","has-post-thumbnail","hentry","category-colegio"],"yoast_head":"<!-- This site is optimized with the Yoast SEO plugin v28.3 - https:\/\/yoast.com\/product\/yoast-seo-wordpress\/ -->\n<title>Escuelas Salesianas apuesta por la formaci\u00f3n de los docentes para ofrecer una educaci\u00f3n de calidad - Colegio Salesiano M\u00aa Auxiliadora Villena<\/title>\n<meta name=\"robots\" content=\"index, follow, max-snippet:-1, max-image-preview:large, max-video-preview:-1\" \/>\n<link rel=\"canonical\" href=\"https:\/\/villena.salesianos.edu\/colegio\/escuelas-salesianas-apuesta-por-la-formacion-de-los-docentes-para-ofrecer-una-educacion-de-calidad\/\" \/>\n<meta property=\"og:locale\" content=\"es_ES\" \/>\n<meta property=\"og:type\" content=\"article\" \/>\n<meta property=\"og:title\" content=\"Escuelas Salesianas apuesta por la formaci\u00f3n de los docentes para ofrecer una educaci\u00f3n de calidad - Colegio Salesiano M\u00aa Auxiliadora Villena\" \/>\n<meta property=\"og:description\" content=\"El pasado 18 de enero se celebr\u00f3 en la sede de la Inspector\u00eda Salesianos Santiago El Mayor (Madrid) la graduaci\u00f3n de los posgrados de\u00a0Direcci\u00f3n de Centros Educativos y Coordinadores\/as de Pastoral organizados por Escuelas Salesianas. A dicho acto asisti\u00f3 nuestro compa\u00f1ero y jefe de estudios de Secundaria, Eduardo Verd\u00fa. Por Comunicaci\u00f3n Escuelas Salesianas Con este [&hellip;]\" \/>\n<meta property=\"og:url\" content=\"https:\/\/villena.salesianos.edu\/colegio\/escuelas-salesianas-apuesta-por-la-formacion-de-los-docentes-para-ofrecer-una-educacion-de-calidad\/\" \/>\n<meta property=\"og:site_name\" content=\"Colegio Salesiano M\u00aa Auxiliadora Villena\" \/>\n<meta property=\"article:published_time\" content=\"2019-01-22T14:54:09+00:00\" \/>\n<meta property=\"og:image\" content=\"https:\/\/villena.salesianos.edu\/colegio\/wp-content\/uploads\/sites\/3\/2019\/01\/IMG_5904-1024x768.jpg\" \/>\n\t<meta property=\"og:image:width\" content=\"1024\" \/>\n\t<meta property=\"og:image:height\" content=\"768\" \/>\n\t<meta property=\"og:image:type\" content=\"image\/jpeg\" \/>\n<meta name=\"author\" content=\"Gestor Web\" \/>\n<meta name=\"twitter:card\" content=\"summary_large_image\" \/>\n<meta name=\"twitter:label1\" content=\"Escrito por\" \/>\n\t<meta name=\"twitter:data1\" content=\"Gestor Web\" \/>\n\t<meta name=\"twitter:label2\" content=\"Tiempo de lectura\" \/>\n\t<meta name=\"twitter:data2\" content=\"3 minutos\" \/>\n<script type=\"application\/ld+json\" class=\"yoast-schema-graph\">{\"@context\":\"https:\\\/\\\/schema.org\",\"@graph\":[{\"@type\":\"Article\",\"@id\":\"https:\\\/\\\/villena.salesianos.edu\\\/colegio\\\/escuelas-salesianas-apuesta-por-la-formacion-de-los-docentes-para-ofrecer-una-educacion-de-calidad\\\/#article\",\"isPartOf\":{\"@id\":\"https:\\\/\\\/villena.salesianos.edu\\\/colegio\\\/escuelas-salesianas-apuesta-por-la-formacion-de-los-docentes-para-ofrecer-una-educacion-de-calidad\\\/\"},\"author\":{\"name\":\"Gestor Web\",\"@id\":\"https:\\\/\\\/villena.salesianos.edu\\\/colegio\\\/#\\\/schema\\\/person\\\/737fd46edc5ae7d6c9b94da26c0e9302\"},\"headline\":\"Escuelas Salesianas apuesta por la formaci\u00f3n de los docentes para ofrecer una educaci\u00f3n de calidad\",\"datePublished\":\"2019-01-22T14:54:09+00:00\",\"mainEntityOfPage\":{\"@id\":\"https:\\\/\\\/villena.salesianos.edu\\\/colegio\\\/escuelas-salesianas-apuesta-por-la-formacion-de-los-docentes-para-ofrecer-una-educacion-de-calidad\\\/\"},\"wordCount\":625,\"commentCount\":0,\"image\":{\"@id\":\"https:\\\/\\\/villena.salesianos.edu\\\/colegio\\\/escuelas-salesianas-apuesta-por-la-formacion-de-los-docentes-para-ofrecer-una-educacion-de-calidad\\\/#primaryimage\"},\"thumbnailUrl\":\"https:\\\/\\\/villena.salesianos.edu\\\/colegio\\\/wp-content\\\/uploads\\\/sites\\\/3\\\/2019\\\/01\\\/IMG_5904.jpg\",\"articleSection\":[\"Colegio\"],\"inLanguage\":\"es\",\"potentialAction\":[{\"@type\":\"CommentAction\",\"name\":\"Comment\",\"target\":[\"https:\\\/\\\/villena.salesianos.edu\\\/colegio\\\/escuelas-salesianas-apuesta-por-la-formacion-de-los-docentes-para-ofrecer-una-educacion-de-calidad\\\/#respond\"]}]},{\"@type\":\"WebPage\",\"@id\":\"https:\\\/\\\/villena.salesianos.edu\\\/colegio\\\/escuelas-salesianas-apuesta-por-la-formacion-de-los-docentes-para-ofrecer-una-educacion-de-calidad\\\/\",\"url\":\"https:\\\/\\\/villena.salesianos.edu\\\/colegio\\\/escuelas-salesianas-apuesta-por-la-formacion-de-los-docentes-para-ofrecer-una-educacion-de-calidad\\\/\",\"name\":\"Escuelas Salesianas apuesta por la formaci\u00f3n de los docentes para ofrecer una educaci\u00f3n de calidad - Colegio Salesiano M\u00aa Auxiliadora Villena\",\"isPartOf\":{\"@id\":\"https:\\\/\\\/villena.salesianos.edu\\\/colegio\\\/#website\"},\"primaryImageOfPage\":{\"@id\":\"https:\\\/\\\/villena.salesianos.edu\\\/colegio\\\/escuelas-salesianas-apuesta-por-la-formacion-de-los-docentes-para-ofrecer-una-educacion-de-calidad\\\/#primaryimage\"},\"image\":{\"@id\":\"https:\\\/\\\/villena.salesianos.edu\\\/colegio\\\/escuelas-salesianas-apuesta-por-la-formacion-de-los-docentes-para-ofrecer-una-educacion-de-calidad\\\/#primaryimage\"},\"thumbnailUrl\":\"https:\\\/\\\/villena.salesianos.edu\\\/colegio\\\/wp-content\\\/uploads\\\/sites\\\/3\\\/2019\\\/01\\\/IMG_5904.jpg\",\"datePublished\":\"2019-01-22T14:54:09+00:00\",\"author\":{\"@id\":\"https:\\\/\\\/villena.salesianos.edu\\\/colegio\\\/#\\\/schema\\\/person\\\/737fd46edc5ae7d6c9b94da26c0e9302\"},\"breadcrumb\":{\"@id\":\"https:\\\/\\\/villena.salesianos.edu\\\/colegio\\\/escuelas-salesianas-apuesta-por-la-formacion-de-los-docentes-para-ofrecer-una-educacion-de-calidad\\\/#breadcrumb\"},\"inLanguage\":\"es\",\"potentialAction\":[{\"@type\":\"ReadAction\",\"target\":[\"https:\\\/\\\/villena.salesianos.edu\\\/colegio\\\/escuelas-salesianas-apuesta-por-la-formacion-de-los-docentes-para-ofrecer-una-educacion-de-calidad\\\/\"]}]},{\"@type\":\"ImageObject\",\"inLanguage\":\"es\",\"@id\":\"https:\\\/\\\/villena.salesianos.edu\\\/colegio\\\/escuelas-salesianas-apuesta-por-la-formacion-de-los-docentes-para-ofrecer-una-educacion-de-calidad\\\/#primaryimage\",\"url\":\"https:\\\/\\\/villena.salesianos.edu\\\/colegio\\\/wp-content\\\/uploads\\\/sites\\\/3\\\/2019\\\/01\\\/IMG_5904.jpg\",\"contentUrl\":\"https:\\\/\\\/villena.salesianos.edu\\\/colegio\\\/wp-content\\\/uploads\\\/sites\\\/3\\\/2019\\\/01\\\/IMG_5904.jpg\",\"width\":4032,\"height\":3024},{\"@type\":\"BreadcrumbList\",\"@id\":\"https:\\\/\\\/villena.salesianos.edu\\\/colegio\\\/escuelas-salesianas-apuesta-por-la-formacion-de-los-docentes-para-ofrecer-una-educacion-de-calidad\\\/#breadcrumb\",\"itemListElement\":[{\"@type\":\"ListItem\",\"position\":1,\"name\":\"Portada\",\"item\":\"https:\\\/\\\/villena.salesianos.edu\\\/colegio\\\/\"},{\"@type\":\"ListItem\",\"position\":2,\"name\":\"Escuelas Salesianas apuesta por la formaci\u00f3n de los docentes para ofrecer una educaci\u00f3n de calidad\"}]},{\"@type\":\"WebSite\",\"@id\":\"https:\\\/\\\/villena.salesianos.edu\\\/colegio\\\/#website\",\"url\":\"https:\\\/\\\/villena.salesianos.edu\\\/colegio\\\/\",\"name\":\"Colegio Salesiano M\u00aa Auxiliadora Villena\",\"description\":\"P\u00e1gina oficial Salesianos Villena\",\"potentialAction\":[{\"@type\":\"SearchAction\",\"target\":{\"@type\":\"EntryPoint\",\"urlTemplate\":\"https:\\\/\\\/villena.salesianos.edu\\\/colegio\\\/?s={search_term_string}\"},\"query-input\":{\"@type\":\"PropertyValueSpecification\",\"valueRequired\":true,\"valueName\":\"search_term_string\"}}],\"inLanguage\":\"es\"},{\"@type\":\"Person\",\"@id\":\"https:\\\/\\\/villena.salesianos.edu\\\/colegio\\\/#\\\/schema\\\/person\\\/737fd46edc5ae7d6c9b94da26c0e9302\",\"name\":\"Gestor Web\",\"image\":{\"@type\":\"ImageObject\",\"inLanguage\":\"es\",\"@id\":\"https:\\\/\\\/secure.gravatar.com\\\/avatar\\\/44469746e1b6443cd011d1759fdc3b9fdcdae4a08dc0ddd85247651cb065486d?s=96&d=mm&r=g\",\"url\":\"https:\\\/\\\/secure.gravatar.com\\\/avatar\\\/44469746e1b6443cd011d1759fdc3b9fdcdae4a08dc0ddd85247651cb065486d?s=96&d=mm&r=g\",\"contentUrl\":\"https:\\\/\\\/secure.gravatar.com\\\/avatar\\\/44469746e1b6443cd011d1759fdc3b9fdcdae4a08dc0ddd85247651cb065486d?s=96&d=mm&r=g\",\"caption\":\"Gestor Web\"}}]}<\/script>\n<!-- \/ Yoast SEO plugin. -->","yoast_head_json":{"title":"Escuelas Salesianas apuesta por la formaci\u00f3n de los docentes para ofrecer una educaci\u00f3n de calidad - Colegio Salesiano M\u00aa Auxiliadora Villena","robots":{"index":"index","follow":"follow","max-snippet":"max-snippet:-1","max-image-preview":"max-image-preview:large","max-video-preview":"max-video-preview:-1"},"canonical":"https:\/\/villena.salesianos.edu\/colegio\/escuelas-salesianas-apuesta-por-la-formacion-de-los-docentes-para-ofrecer-una-educacion-de-calidad\/","og_locale":"es_ES","og_type":"article","og_title":"Escuelas Salesianas apuesta por la formaci\u00f3n de los docentes para ofrecer una educaci\u00f3n de calidad - Colegio Salesiano M\u00aa Auxiliadora Villena","og_description":"El pasado 18 de enero se celebr\u00f3 en la sede de la Inspector\u00eda Salesianos Santiago El Mayor (Madrid) la graduaci\u00f3n de los posgrados de\u00a0Direcci\u00f3n de Centros Educativos y Coordinadores\/as de Pastoral organizados por Escuelas Salesianas. A dicho acto asisti\u00f3 nuestro compa\u00f1ero y jefe de estudios de Secundaria, Eduardo Verd\u00fa. Por Comunicaci\u00f3n Escuelas Salesianas Con este [&hellip;]","og_url":"https:\/\/villena.salesianos.edu\/colegio\/escuelas-salesianas-apuesta-por-la-formacion-de-los-docentes-para-ofrecer-una-educacion-de-calidad\/","og_site_name":"Colegio Salesiano M\u00aa Auxiliadora Villena","article_published_time":"2019-01-22T14:54:09+00:00","og_image":[{"width":1024,"height":768,"url":"https:\/\/villena.salesianos.edu\/colegio\/wp-content\/uploads\/sites\/3\/2019\/01\/IMG_5904-1024x768.jpg","type":"image\/jpeg"}],"author":"Gestor Web","twitter_card":"summary_large_image","twitter_misc":{"Escrito por":"Gestor Web","Tiempo de lectura":"3 minutos"},"schema":{"@context":"https:\/\/schema.org","@graph":[{"@type":"Article","@id":"https:\/\/villena.salesianos.edu\/colegio\/escuelas-salesianas-apuesta-por-la-formacion-de-los-docentes-para-ofrecer-una-educacion-de-calidad\/#article","isPartOf":{"@id":"https:\/\/villena.salesianos.edu\/colegio\/escuelas-salesianas-apuesta-por-la-formacion-de-los-docentes-para-ofrecer-una-educacion-de-calidad\/"},"author":{"name":"Gestor Web","@id":"https:\/\/villena.salesianos.edu\/colegio\/#\/schema\/person\/737fd46edc5ae7d6c9b94da26c0e9302"},"headline":"Escuelas Salesianas apuesta por la formaci\u00f3n de los docentes para ofrecer una educaci\u00f3n de calidad","datePublished":"2019-01-22T14:54:09+00:00","mainEntityOfPage":{"@id":"https:\/\/villena.salesianos.edu\/colegio\/escuelas-salesianas-apuesta-por-la-formacion-de-los-docentes-para-ofrecer-una-educacion-de-calidad\/"},"wordCount":625,"commentCount":0,"image":{"@id":"https:\/\/villena.salesianos.edu\/colegio\/escuelas-salesianas-apuesta-por-la-formacion-de-los-docentes-para-ofrecer-una-educacion-de-calidad\/#primaryimage"},"thumbnailUrl":"https:\/\/villena.salesianos.edu\/colegio\/wp-content\/uploads\/sites\/3\/2019\/01\/IMG_5904.jpg","articleSection":["Colegio"],"inLanguage":"es","potentialAction":[{"@type":"CommentAction","name":"Comment","target":["https:\/\/villena.salesianos.edu\/colegio\/escuelas-salesianas-apuesta-por-la-formacion-de-los-docentes-para-ofrecer-una-educacion-de-calidad\/#respond"]}]},{"@type":"WebPage","@id":"https:\/\/villena.salesianos.edu\/colegio\/escuelas-salesianas-apuesta-por-la-formacion-de-los-docentes-para-ofrecer-una-educacion-de-calidad\/","url":"https:\/\/villena.salesianos.edu\/colegio\/escuelas-salesianas-apuesta-por-la-formacion-de-los-docentes-para-ofrecer-una-educacion-de-calidad\/","name":"Escuelas Salesianas apuesta por la formaci\u00f3n de los docentes para ofrecer una educaci\u00f3n de calidad - Colegio Salesiano M\u00aa Auxiliadora Villena","isPartOf":{"@id":"https:\/\/villena.salesianos.edu\/colegio\/#website"},"primaryImageOfPage":{"@id":"https:\/\/villena.salesianos.edu\/colegio\/escuelas-salesianas-apuesta-por-la-formacion-de-los-docentes-para-ofrecer-una-educacion-de-calidad\/#primaryimage"},"image":{"@id":"https:\/\/villena.salesianos.edu\/colegio\/escuelas-salesianas-apuesta-por-la-formacion-de-los-docentes-para-ofrecer-una-educacion-de-calidad\/#primaryimage"},"thumbnailUrl":"https:\/\/villena.salesianos.edu\/colegio\/wp-content\/uploads\/sites\/3\/2019\/01\/IMG_5904.jpg","datePublished":"2019-01-22T14:54:09+00:00","author":{"@id":"https:\/\/villena.salesianos.edu\/colegio\/#\/schema\/person\/737fd46edc5ae7d6c9b94da26c0e9302"},"breadcrumb":{"@id":"https:\/\/villena.salesianos.edu\/colegio\/escuelas-salesianas-apuesta-por-la-formacion-de-los-docentes-para-ofrecer-una-educacion-de-calidad\/#breadcrumb"},"inLanguage":"es","potentialAction":[{"@type":"ReadAction","target":["https:\/\/villena.salesianos.edu\/colegio\/escuelas-salesianas-apuesta-por-la-formacion-de-los-docentes-para-ofrecer-una-educacion-de-calidad\/"]}]},{"@type":"ImageObject","inLanguage":"es","@id":"https:\/\/villena.salesianos.edu\/colegio\/escuelas-salesianas-apuesta-por-la-formacion-de-los-docentes-para-ofrecer-una-educacion-de-calidad\/#primaryimage","url":"https:\/\/villena.salesianos.edu\/colegio\/wp-content\/uploads\/sites\/3\/2019\/01\/IMG_5904.jpg","contentUrl":"https:\/\/villena.salesianos.edu\/colegio\/wp-content\/uploads\/sites\/3\/2019\/01\/IMG_5904.jpg","width":4032,"height":3024},{"@type":"BreadcrumbList","@id":"https:\/\/villena.salesianos.edu\/colegio\/escuelas-salesianas-apuesta-por-la-formacion-de-los-docentes-para-ofrecer-una-educacion-de-calidad\/#breadcrumb","itemListElement":[{"@type":"ListItem","position":1,"name":"Portada","item":"https:\/\/villena.salesianos.edu\/colegio\/"},{"@type":"ListItem","position":2,"name":"Escuelas Salesianas apuesta por la formaci\u00f3n de los docentes para ofrecer una educaci\u00f3n de calidad"}]},{"@type":"WebSite","@id":"https:\/\/villena.salesianos.edu\/colegio\/#website","url":"https:\/\/villena.salesianos.edu\/colegio\/","name":"Colegio Salesiano M\u00aa Auxiliadora Villena","description":"P\u00e1gina oficial Salesianos Villena","potentialAction":[{"@type":"SearchAction","target":{"@type":"EntryPoint","urlTemplate":"https:\/\/villena.salesianos.edu\/colegio\/?s={search_term_string}"},"query-input":{"@type":"PropertyValueSpecification","valueRequired":true,"valueName":"search_term_string"}}],"inLanguage":"es"},{"@type":"Person","@id":"https:\/\/villena.salesianos.edu\/colegio\/#\/schema\/person\/737fd46edc5ae7d6c9b94da26c0e9302","name":"Gestor Web","image":{"@type":"ImageObject","inLanguage":"es","@id":"https:\/\/secure.gravatar.com\/avatar\/44469746e1b6443cd011d1759fdc3b9fdcdae4a08dc0ddd85247651cb065486d?s=96&d=mm&r=g","url":"https:\/\/secure.gravatar.com\/avatar\/44469746e1b6443cd011d1759fdc3b9fdcdae4a08dc0ddd85247651cb065486d?s=96&d=mm&r=g","contentUrl":"https:\/\/secure.gravatar.com\/avatar\/44469746e1b6443cd011d1759fdc3b9fdcdae4a08dc0ddd85247651cb065486d?s=96&d=mm&r=g","caption":"Gestor Web"}}]}},"_links":{"self":[{"href":"https:\/\/villena.salesianos.edu\/colegio\/wp-json\/wp\/v2\/posts\/7899","targetHints":{"allow":["GET"]}}],"collection":[{"href":"https:\/\/villena.salesianos.edu\/colegio\/wp-json\/wp\/v2\/posts"}],"about":[{"href":"https:\/\/villena.salesianos.edu\/colegio\/wp-json\/wp\/v2\/types\/post"}],"author":[{"embeddable":true,"href":"https:\/\/villena.salesianos.edu\/colegio\/wp-json\/wp\/v2\/users\/2"}],"replies":[{"embeddable":true,"href":"https:\/\/villena.salesianos.edu\/colegio\/wp-json\/wp\/v2\/comments?post=7899"}],"version-history":[{"count":1,"href":"https:\/\/villena.salesianos.edu\/colegio\/wp-json\/wp\/v2\/posts\/7899\/revisions"}],"predecessor-version":[{"id":7901,"href":"https:\/\/villena.salesianos.edu\/colegio\/wp-json\/wp\/v2\/posts\/7899\/revisions\/7901"}],"wp:featuredmedia":[{"embeddable":true,"href":"https:\/\/villena.salesianos.edu\/colegio\/wp-json\/wp\/v2\/media\/7900"}],"wp:attachment":[{"href":"https:\/\/villena.salesianos.edu\/colegio\/wp-json\/wp\/v2\/media?parent=7899"}],"wp:term":[{"taxonomy":"category","embeddable":true,"href":"https:\/\/villena.salesianos.edu\/colegio\/wp-json\/wp\/v2\/categories?post=7899"},{"taxonomy":"post_tag","embeddable":true,"href":"https:\/\/villena.salesianos.edu\/colegio\/wp-json\/wp\/v2\/tags?post=7899"}],"curies":[{"name":"wp","href":"https:\/\/api.w.org\/{rel}","templated":true}]}}