{"id":7957,"date":"2019-02-04T16:27:07","date_gmt":"2019-02-04T15:27:07","guid":{"rendered":"https:\/\/villena.salesianos.edu\/colegio\/la-familia-salesiana-de-villena-celebra-durante-el-mes-de-enero-el-mes-de-don-bosco\/"},"modified":"2019-02-04T16:27:10","modified_gmt":"2019-02-04T15:27:10","slug":"la-familia-salesiana-de-villena-celebra-durante-el-mes-de-enero-el-mes-de-don-bosco","status":"publish","type":"post","link":"https:\/\/villena.salesianos.edu\/colegio\/la-familia-salesiana-de-villena-celebra-durante-el-mes-de-enero-el-mes-de-don-bosco\/","title":{"rendered":"La Familia Salesiana de Villena celebra durante el mes de Enero, el mes de Don Bosco"},"content":{"rendered":"<p>[et_pb_section bb_built=\u00bb1&#8243; admin_label=\u00bbsection\u00bb][et_pb_row admin_label=\u00bbrow\u00bb background_position=\u00bbtop_left\u00bb background_repeat=\u00bbrepeat\u00bb background_size=\u00bbinitial\u00bb][et_pb_column type=\u00bb4_4&#8243;][et_pb_text admin_label=\u00bbEntradilla (Texto)\u00bb _builder_version=\u00bb3.18.7&#8243; text_orientation=\u00bbjustified\u00bb text_font=\u00bb|on|||\u00bb]<\/p>\n<p><strong>Don Bosco \u201cpadre y maestro de la Juventud\u201d, creador del \u201cMovimiento Salesiano\u201d y santo de \u201cJ\u00f3venes, Magia y Formaci\u00f3n Profesional\u201d.<\/strong><\/p>\n<p>[\/et_pb_text][et_pb_text admin_label=\u00bbAutor (Texto)\u00bb _builder_version=\u00bb3.18.7&#8243; text_font=\u00bb||on||\u00bb]<\/p>\n<p><em>Por Equipo de Comunicaci\u00f3n y Marketing<\/em><\/p>\n<p>[\/et_pb_text][et_pb_text admin_label=\u00bbDesarrollo (Texto)\u00bb _builder_version=\u00bb3.18.7&#8243; text_orientation=\u00bbjustified\u00bb]<\/p>\n<p>Y es que Don Bosco dej\u00f3 como legado la Familia Salesiana, que se ha estado preparando durante todo el mes, para celebrar la fiesta de su fundador el pasado 31 de enero.<\/p>\n<p>M\u00e1s de 173.000 j\u00f3venes en toda Espa\u00f1a son atendidos en las diversas obras salesianas gracias a la labor de 944 salesianos, 653 salesianas y unos 12.500 educadores y colaboradores.<\/p>\n<p>En Villena, nuestros Salesianos no han parado de realizar eventos y actividades para conmemorar este gran acontecimiento.<\/p>\n<p>Desde el <a href=\"http:\/\/villena.salesianos.edu\/colegio\"><strong>colegio<\/strong><\/a>, durante todo el mes, se han ido realizando actividades para recordar y hablar sobre Don Bosco; buenos d\u00edas, asambleas, historias, canciones, talleres, concursos, jornadas deportivas, presentaciones, concurso de relatos&#8230; Todo ello para culminar en el d\u00eda grande, 31 de Enero con un gran d\u00eda festivo cargado de juegos, cine y celebraciones.<\/p>\n<p>La <a href=\"http:\/\/villena.salesianos.edu\/ampa\"><strong>Asociaci\u00f3n de Madres y Padres<\/strong><\/a> del centro, organiz\u00f3 la \u201cFiesta de la Comunidad Educativa San Juan Bosco\u201d, el pasado s\u00e1bado 26 con la gran chocolatada de la ma\u00f1ana y el concurso de dibujo para Primaria y por la tarde, la ya tradicional cena de gachamigas, realizadas por familias y antiguos alumnos. Por su parte, nuestro <a href=\"http:\/\/villena.salesianos.edu\/centrojuvenil\"><strong>Centro Juvenil<\/strong><\/a> realiz\u00f3 la \u201cFeria Don Bosco\u201d durante esa tarde, amenizando a todos los ni\u00f1os con juegos y bailes para que disfrutaran de la fiesta.<\/p>\n<p>Adem\u00e1s, durante el mes la <a href=\"https:\/\/villena.salesianos.edu\/familiasalesiana\"><strong>Familia Salesiana<\/strong><\/a> tambi\u00e9n ha podido disfrutar de diferentes eventos programados como las \u201cJornadas de Pastoral\u201d, realizadas el pasado s\u00e1bado 19 o el \u201cTriduo a Don Bosco\u201d del 28 al 31 de Enero.<\/p>\n<p>Para finalizar este gran abanico de eventos, la <a href=\"https:\/\/villena.salesianos.edu\/familiasalesiana\/antiguosalumnos\/\"><strong>Asociaci\u00f3n de Antiguos Alumnos<\/strong><\/a> el 3 de Febrero realiz\u00f3 la \u201cFiesta de la Uni\u00f3n\u201d con la realizaci\u00f3n de la Asamblea General, la imposici\u00f3n de insignias a los nuevos socios y de fidelidad durante la eucarist\u00eda y la tradicional comida de la Uni\u00f3n.<\/p>\n<p>\u00a0<\/p>\n<p>Como dec\u00eda el Papa Francisco, antiguo alumno salesiano, en la Jornada Mundial de la Juventud en Panam\u00e1:<\/p>\n<p><em>\u2026\u201dPienso por ejemplo en Don Bosco, que no se fue a buscar a los j\u00f3venes a ninguna parte lejana o especial, sino que aprendi\u00f3 a ver todo lo que pasaba en la ciudad con los ojos de Dios y, as\u00ed, fue golpeado por cientos de ni\u00f1os y j\u00f3venes abandonados sin estudio, sin trabajo y sin la mano amiga de una comunidad. Muchos viv\u00edan en la misma ciudad, muchos criticaban a esos j\u00f3venes, pero no sab\u00edan mirarlos con los ojos de Dios. \u00c9l lo hizo y se anim\u00f3 a dar el primer paso: abrazar la vida como se presenta y, a partir de ah\u00ed, no tuvo miedo de dar el segundo: crear con ellos una comunidad, una familia donde con trabajo y estudio se sintieran amados. Darles ra\u00edces desde donde sujetarse para que puedan llegar al cielo\u201d.<\/em><\/p>\n<p>\u00a0<\/p>\n<p>Para ver las fotos de la fiesta colegial <strong><a href=\"https:\/\/villena.salesianos.edu\/colegio\/galeria\/\">pincha aqu\u00ed<\/a><\/strong><\/p>\n<p>Para ver las fotos de la Fiesta Educativa organizada por AMPA y Centro Juvenil <a href=\"https:\/\/villena.salesianos.edu\/ampa\/galeria\/\"><strong>pincha aqu\u00ed<\/strong><\/a><\/p>\n<p>Para ver las fotos de la fiesta de la Uni\u00f3n de Antiguos alumnos\u00a0<a href=\"https:\/\/villena.salesianos.edu\/familiasalesiana\/galeria\/\"><strong>pincha aqu\u00ed<\/strong><\/a><\/p>\n<p>[\/et_pb_text][et_pb_text admin_label=\u00bbT\u00edtulo: Galer\u00eda de fotos (Texto)\u00bb _builder_version=\u00bb3.0.51&#8243; background_layout=\u00bblight\u00bb text_orientation=\u00bbleft\u00bb text_font=\u00bb|on|||\u00bb text_text_color=\u00bb#dc001b\u00bb border_style=\u00bbsolid\u00bb disabled=\u00bbon\u00bb disabled_on=\u00bbon|on|on\u00bb]<\/p>\n<p>Galer\u00eda de im\u00e1genes<\/p>\n<p>[\/et_pb_text][et_pb_gallery _builder_version=\u00bb3.0.51&#8243; posts_number=\u00bb8&#8243; show_title_and_caption=\u00bboff\u00bb show_pagination=\u00bbon\u00bb fullwidth=\u00bboff\u00bb orientation=\u00bblandscape\u00bb zoom_icon_color=\u00bb#dc001b\u00bb hover_overlay_color=\u00bbrgba(255,255,255,0.9)\u00bb hover_icon=\u00bb%%51%%\u00bb background_layout=\u00bblight\u00bb border_style=\u00bbsolid\u00bb auto=\u00bboff\u00bb disabled=\u00bbon\u00bb disabled_on=\u00bbon|on|on\u00bb \/][et_pb_video _builder_version=\u00bb3.0.51&#8243; disabled=\u00bbon\u00bb disabled_on=\u00bbon|on|on\u00bb \/][\/et_pb_column][\/et_pb_row][\/et_pb_section]<\/p>\n","protected":false},"excerpt":{"rendered":"<p>Don Bosco \u201cpadre y maestro de la Juventud\u201d, creador del \u201cMovimiento Salesiano\u201d y santo de \u201cJ\u00f3venes, Magia y Formaci\u00f3n Profesional\u201d. Por Equipo de Comunicaci\u00f3n y Marketing Y es que Don Bosco dej\u00f3 como legado la Familia Salesiana, que se ha estado preparando durante todo el mes, para celebrar la fiesta de su fundador el pasado [&hellip;]<\/p>\n","protected":false},"author":2,"featured_media":7958,"comment_status":"open","ping_status":"open","sticky":false,"template":"","format":"standard","meta":{"_et_pb_use_builder":"on","_et_pb_old_content":"","_et_gb_content_width":"","footnotes":""},"categories":[32,49,44,22,45,24],"tags":[],"class_list":["post-7957","post","type-post","status-publish","format-standard","has-post-thumbnail","hentry","category-ampa","category-antiguosalumnos","category-centrojuvenil","category-colegio","category-familiasalesiana","category-portadanoticias"],"yoast_head":"<!-- This site is optimized with the Yoast SEO plugin v28.3 - https:\/\/yoast.com\/product\/yoast-seo-wordpress\/ -->\n<title>La Familia Salesiana de Villena celebra durante el mes de Enero, el mes de Don Bosco - Colegio Salesiano M\u00aa Auxiliadora Villena<\/title>\n<meta name=\"robots\" content=\"index, follow, max-snippet:-1, max-image-preview:large, max-video-preview:-1\" \/>\n<link rel=\"canonical\" href=\"https:\/\/villena.salesianos.edu\/colegio\/la-familia-salesiana-de-villena-celebra-durante-el-mes-de-enero-el-mes-de-don-bosco\/\" \/>\n<meta property=\"og:locale\" content=\"es_ES\" \/>\n<meta property=\"og:type\" content=\"article\" \/>\n<meta property=\"og:title\" content=\"La Familia Salesiana de Villena celebra durante el mes de Enero, el mes de Don Bosco - Colegio Salesiano M\u00aa Auxiliadora Villena\" \/>\n<meta property=\"og:description\" content=\"Don Bosco \u201cpadre y maestro de la Juventud\u201d, creador del \u201cMovimiento Salesiano\u201d y santo de \u201cJ\u00f3venes, Magia y Formaci\u00f3n Profesional\u201d. Por Equipo de Comunicaci\u00f3n y Marketing Y es que Don Bosco dej\u00f3 como legado la Familia Salesiana, que se ha estado preparando durante todo el mes, para celebrar la fiesta de su fundador el pasado [&hellip;]\" \/>\n<meta property=\"og:url\" content=\"https:\/\/villena.salesianos.edu\/colegio\/la-familia-salesiana-de-villena-celebra-durante-el-mes-de-enero-el-mes-de-don-bosco\/\" \/>\n<meta property=\"og:site_name\" content=\"Colegio Salesiano M\u00aa Auxiliadora Villena\" \/>\n<meta property=\"article:published_time\" content=\"2019-02-04T15:27:07+00:00\" \/>\n<meta property=\"article:modified_time\" content=\"2019-02-04T15:27:10+00:00\" \/>\n<meta property=\"og:image\" content=\"https:\/\/villena.salesianos.edu\/colegio\/wp-content\/uploads\/sites\/3\/2019\/02\/Don_Bosco_PRI-5529-7.jpg\" \/>\n\t<meta property=\"og:image:width\" content=\"960\" \/>\n\t<meta property=\"og:image:height\" content=\"640\" \/>\n\t<meta property=\"og:image:type\" content=\"image\/jpeg\" \/>\n<meta name=\"author\" content=\"Gestor Web\" \/>\n<meta name=\"twitter:card\" content=\"summary_large_image\" \/>\n<meta name=\"twitter:label1\" content=\"Escrito por\" \/>\n\t<meta name=\"twitter:data1\" content=\"Gestor Web\" \/>\n\t<meta name=\"twitter:label2\" content=\"Tiempo de lectura\" \/>\n\t<meta name=\"twitter:data2\" content=\"4 minutos\" \/>\n<script type=\"application\/ld+json\" class=\"yoast-schema-graph\">{\"@context\":\"https:\\\/\\\/schema.org\",\"@graph\":[{\"@type\":\"Article\",\"@id\":\"https:\\\/\\\/villena.salesianos.edu\\\/colegio\\\/la-familia-salesiana-de-villena-celebra-durante-el-mes-de-enero-el-mes-de-don-bosco\\\/#article\",\"isPartOf\":{\"@id\":\"https:\\\/\\\/villena.salesianos.edu\\\/colegio\\\/la-familia-salesiana-de-villena-celebra-durante-el-mes-de-enero-el-mes-de-don-bosco\\\/\"},\"author\":{\"name\":\"Gestor Web\",\"@id\":\"https:\\\/\\\/villena.salesianos.edu\\\/colegio\\\/#\\\/schema\\\/person\\\/737fd46edc5ae7d6c9b94da26c0e9302\"},\"headline\":\"La Familia Salesiana de Villena celebra durante el mes de Enero, el mes de Don Bosco\",\"datePublished\":\"2019-02-04T15:27:07+00:00\",\"dateModified\":\"2019-02-04T15:27:10+00:00\",\"mainEntityOfPage\":{\"@id\":\"https:\\\/\\\/villena.salesianos.edu\\\/colegio\\\/la-familia-salesiana-de-villena-celebra-durante-el-mes-de-enero-el-mes-de-don-bosco\\\/\"},\"wordCount\":744,\"commentCount\":0,\"image\":{\"@id\":\"https:\\\/\\\/villena.salesianos.edu\\\/colegio\\\/la-familia-salesiana-de-villena-celebra-durante-el-mes-de-enero-el-mes-de-don-bosco\\\/#primaryimage\"},\"thumbnailUrl\":\"https:\\\/\\\/villena.salesianos.edu\\\/colegio\\\/wp-content\\\/uploads\\\/sites\\\/3\\\/2019\\\/02\\\/Don_Bosco_PRI-5529-7.jpg\",\"articleSection\":[\"AMPA\",\"Antiguos Alumnos\",\"Centro Juvenil\",\"Colegio\",\"Familia Salesiana\",\"Portada Noticias\"],\"inLanguage\":\"es\",\"potentialAction\":[{\"@type\":\"CommentAction\",\"name\":\"Comment\",\"target\":[\"https:\\\/\\\/villena.salesianos.edu\\\/colegio\\\/la-familia-salesiana-de-villena-celebra-durante-el-mes-de-enero-el-mes-de-don-bosco\\\/#respond\"]}]},{\"@type\":\"WebPage\",\"@id\":\"https:\\\/\\\/villena.salesianos.edu\\\/colegio\\\/la-familia-salesiana-de-villena-celebra-durante-el-mes-de-enero-el-mes-de-don-bosco\\\/\",\"url\":\"https:\\\/\\\/villena.salesianos.edu\\\/colegio\\\/la-familia-salesiana-de-villena-celebra-durante-el-mes-de-enero-el-mes-de-don-bosco\\\/\",\"name\":\"La Familia Salesiana de Villena celebra durante el mes de Enero, el mes de Don Bosco - Colegio Salesiano M\u00aa Auxiliadora Villena\",\"isPartOf\":{\"@id\":\"https:\\\/\\\/villena.salesianos.edu\\\/colegio\\\/#website\"},\"primaryImageOfPage\":{\"@id\":\"https:\\\/\\\/villena.salesianos.edu\\\/colegio\\\/la-familia-salesiana-de-villena-celebra-durante-el-mes-de-enero-el-mes-de-don-bosco\\\/#primaryimage\"},\"image\":{\"@id\":\"https:\\\/\\\/villena.salesianos.edu\\\/colegio\\\/la-familia-salesiana-de-villena-celebra-durante-el-mes-de-enero-el-mes-de-don-bosco\\\/#primaryimage\"},\"thumbnailUrl\":\"https:\\\/\\\/villena.salesianos.edu\\\/colegio\\\/wp-content\\\/uploads\\\/sites\\\/3\\\/2019\\\/02\\\/Don_Bosco_PRI-5529-7.jpg\",\"datePublished\":\"2019-02-04T15:27:07+00:00\",\"dateModified\":\"2019-02-04T15:27:10+00:00\",\"author\":{\"@id\":\"https:\\\/\\\/villena.salesianos.edu\\\/colegio\\\/#\\\/schema\\\/person\\\/737fd46edc5ae7d6c9b94da26c0e9302\"},\"breadcrumb\":{\"@id\":\"https:\\\/\\\/villena.salesianos.edu\\\/colegio\\\/la-familia-salesiana-de-villena-celebra-durante-el-mes-de-enero-el-mes-de-don-bosco\\\/#breadcrumb\"},\"inLanguage\":\"es\",\"potentialAction\":[{\"@type\":\"ReadAction\",\"target\":[\"https:\\\/\\\/villena.salesianos.edu\\\/colegio\\\/la-familia-salesiana-de-villena-celebra-durante-el-mes-de-enero-el-mes-de-don-bosco\\\/\"]}]},{\"@type\":\"ImageObject\",\"inLanguage\":\"es\",\"@id\":\"https:\\\/\\\/villena.salesianos.edu\\\/colegio\\\/la-familia-salesiana-de-villena-celebra-durante-el-mes-de-enero-el-mes-de-don-bosco\\\/#primaryimage\",\"url\":\"https:\\\/\\\/villena.salesianos.edu\\\/colegio\\\/wp-content\\\/uploads\\\/sites\\\/3\\\/2019\\\/02\\\/Don_Bosco_PRI-5529-7.jpg\",\"contentUrl\":\"https:\\\/\\\/villena.salesianos.edu\\\/colegio\\\/wp-content\\\/uploads\\\/sites\\\/3\\\/2019\\\/02\\\/Don_Bosco_PRI-5529-7.jpg\",\"width\":960,\"height\":640},{\"@type\":\"BreadcrumbList\",\"@id\":\"https:\\\/\\\/villena.salesianos.edu\\\/colegio\\\/la-familia-salesiana-de-villena-celebra-durante-el-mes-de-enero-el-mes-de-don-bosco\\\/#breadcrumb\",\"itemListElement\":[{\"@type\":\"ListItem\",\"position\":1,\"name\":\"Portada\",\"item\":\"https:\\\/\\\/villena.salesianos.edu\\\/colegio\\\/\"},{\"@type\":\"ListItem\",\"position\":2,\"name\":\"La Familia Salesiana de Villena celebra durante el mes de Enero, el mes de Don Bosco\"}]},{\"@type\":\"WebSite\",\"@id\":\"https:\\\/\\\/villena.salesianos.edu\\\/colegio\\\/#website\",\"url\":\"https:\\\/\\\/villena.salesianos.edu\\\/colegio\\\/\",\"name\":\"Colegio Salesiano M\u00aa Auxiliadora Villena\",\"description\":\"P\u00e1gina oficial Salesianos Villena\",\"potentialAction\":[{\"@type\":\"SearchAction\",\"target\":{\"@type\":\"EntryPoint\",\"urlTemplate\":\"https:\\\/\\\/villena.salesianos.edu\\\/colegio\\\/?s={search_term_string}\"},\"query-input\":{\"@type\":\"PropertyValueSpecification\",\"valueRequired\":true,\"valueName\":\"search_term_string\"}}],\"inLanguage\":\"es\"},{\"@type\":\"Person\",\"@id\":\"https:\\\/\\\/villena.salesianos.edu\\\/colegio\\\/#\\\/schema\\\/person\\\/737fd46edc5ae7d6c9b94da26c0e9302\",\"name\":\"Gestor Web\",\"image\":{\"@type\":\"ImageObject\",\"inLanguage\":\"es\",\"@id\":\"https:\\\/\\\/secure.gravatar.com\\\/avatar\\\/44469746e1b6443cd011d1759fdc3b9fdcdae4a08dc0ddd85247651cb065486d?s=96&d=mm&r=g\",\"url\":\"https:\\\/\\\/secure.gravatar.com\\\/avatar\\\/44469746e1b6443cd011d1759fdc3b9fdcdae4a08dc0ddd85247651cb065486d?s=96&d=mm&r=g\",\"contentUrl\":\"https:\\\/\\\/secure.gravatar.com\\\/avatar\\\/44469746e1b6443cd011d1759fdc3b9fdcdae4a08dc0ddd85247651cb065486d?s=96&d=mm&r=g\",\"caption\":\"Gestor Web\"}}]}<\/script>\n<!-- \/ Yoast SEO plugin. -->","yoast_head_json":{"title":"La Familia Salesiana de Villena celebra durante el mes de Enero, el mes de Don Bosco - Colegio Salesiano M\u00aa Auxiliadora Villena","robots":{"index":"index","follow":"follow","max-snippet":"max-snippet:-1","max-image-preview":"max-image-preview:large","max-video-preview":"max-video-preview:-1"},"canonical":"https:\/\/villena.salesianos.edu\/colegio\/la-familia-salesiana-de-villena-celebra-durante-el-mes-de-enero-el-mes-de-don-bosco\/","og_locale":"es_ES","og_type":"article","og_title":"La Familia Salesiana de Villena celebra durante el mes de Enero, el mes de Don Bosco - Colegio Salesiano M\u00aa Auxiliadora Villena","og_description":"Don Bosco \u201cpadre y maestro de la Juventud\u201d, creador del \u201cMovimiento Salesiano\u201d y santo de \u201cJ\u00f3venes, Magia y Formaci\u00f3n Profesional\u201d. Por Equipo de Comunicaci\u00f3n y Marketing Y es que Don Bosco dej\u00f3 como legado la Familia Salesiana, que se ha estado preparando durante todo el mes, para celebrar la fiesta de su fundador el pasado [&hellip;]","og_url":"https:\/\/villena.salesianos.edu\/colegio\/la-familia-salesiana-de-villena-celebra-durante-el-mes-de-enero-el-mes-de-don-bosco\/","og_site_name":"Colegio Salesiano M\u00aa Auxiliadora Villena","article_published_time":"2019-02-04T15:27:07+00:00","article_modified_time":"2019-02-04T15:27:10+00:00","og_image":[{"width":960,"height":640,"url":"https:\/\/villena.salesianos.edu\/colegio\/wp-content\/uploads\/sites\/3\/2019\/02\/Don_Bosco_PRI-5529-7.jpg","type":"image\/jpeg"}],"author":"Gestor Web","twitter_card":"summary_large_image","twitter_misc":{"Escrito por":"Gestor Web","Tiempo de lectura":"4 minutos"},"schema":{"@context":"https:\/\/schema.org","@graph":[{"@type":"Article","@id":"https:\/\/villena.salesianos.edu\/colegio\/la-familia-salesiana-de-villena-celebra-durante-el-mes-de-enero-el-mes-de-don-bosco\/#article","isPartOf":{"@id":"https:\/\/villena.salesianos.edu\/colegio\/la-familia-salesiana-de-villena-celebra-durante-el-mes-de-enero-el-mes-de-don-bosco\/"},"author":{"name":"Gestor Web","@id":"https:\/\/villena.salesianos.edu\/colegio\/#\/schema\/person\/737fd46edc5ae7d6c9b94da26c0e9302"},"headline":"La Familia Salesiana de Villena celebra durante el mes de Enero, el mes de Don Bosco","datePublished":"2019-02-04T15:27:07+00:00","dateModified":"2019-02-04T15:27:10+00:00","mainEntityOfPage":{"@id":"https:\/\/villena.salesianos.edu\/colegio\/la-familia-salesiana-de-villena-celebra-durante-el-mes-de-enero-el-mes-de-don-bosco\/"},"wordCount":744,"commentCount":0,"image":{"@id":"https:\/\/villena.salesianos.edu\/colegio\/la-familia-salesiana-de-villena-celebra-durante-el-mes-de-enero-el-mes-de-don-bosco\/#primaryimage"},"thumbnailUrl":"https:\/\/villena.salesianos.edu\/colegio\/wp-content\/uploads\/sites\/3\/2019\/02\/Don_Bosco_PRI-5529-7.jpg","articleSection":["AMPA","Antiguos Alumnos","Centro Juvenil","Colegio","Familia Salesiana","Portada Noticias"],"inLanguage":"es","potentialAction":[{"@type":"CommentAction","name":"Comment","target":["https:\/\/villena.salesianos.edu\/colegio\/la-familia-salesiana-de-villena-celebra-durante-el-mes-de-enero-el-mes-de-don-bosco\/#respond"]}]},{"@type":"WebPage","@id":"https:\/\/villena.salesianos.edu\/colegio\/la-familia-salesiana-de-villena-celebra-durante-el-mes-de-enero-el-mes-de-don-bosco\/","url":"https:\/\/villena.salesianos.edu\/colegio\/la-familia-salesiana-de-villena-celebra-durante-el-mes-de-enero-el-mes-de-don-bosco\/","name":"La Familia Salesiana de Villena celebra durante el mes de Enero, el mes de Don Bosco - Colegio Salesiano M\u00aa Auxiliadora Villena","isPartOf":{"@id":"https:\/\/villena.salesianos.edu\/colegio\/#website"},"primaryImageOfPage":{"@id":"https:\/\/villena.salesianos.edu\/colegio\/la-familia-salesiana-de-villena-celebra-durante-el-mes-de-enero-el-mes-de-don-bosco\/#primaryimage"},"image":{"@id":"https:\/\/villena.salesianos.edu\/colegio\/la-familia-salesiana-de-villena-celebra-durante-el-mes-de-enero-el-mes-de-don-bosco\/#primaryimage"},"thumbnailUrl":"https:\/\/villena.salesianos.edu\/colegio\/wp-content\/uploads\/sites\/3\/2019\/02\/Don_Bosco_PRI-5529-7.jpg","datePublished":"2019-02-04T15:27:07+00:00","dateModified":"2019-02-04T15:27:10+00:00","author":{"@id":"https:\/\/villena.salesianos.edu\/colegio\/#\/schema\/person\/737fd46edc5ae7d6c9b94da26c0e9302"},"breadcrumb":{"@id":"https:\/\/villena.salesianos.edu\/colegio\/la-familia-salesiana-de-villena-celebra-durante-el-mes-de-enero-el-mes-de-don-bosco\/#breadcrumb"},"inLanguage":"es","potentialAction":[{"@type":"ReadAction","target":["https:\/\/villena.salesianos.edu\/colegio\/la-familia-salesiana-de-villena-celebra-durante-el-mes-de-enero-el-mes-de-don-bosco\/"]}]},{"@type":"ImageObject","inLanguage":"es","@id":"https:\/\/villena.salesianos.edu\/colegio\/la-familia-salesiana-de-villena-celebra-durante-el-mes-de-enero-el-mes-de-don-bosco\/#primaryimage","url":"https:\/\/villena.salesianos.edu\/colegio\/wp-content\/uploads\/sites\/3\/2019\/02\/Don_Bosco_PRI-5529-7.jpg","contentUrl":"https:\/\/villena.salesianos.edu\/colegio\/wp-content\/uploads\/sites\/3\/2019\/02\/Don_Bosco_PRI-5529-7.jpg","width":960,"height":640},{"@type":"BreadcrumbList","@id":"https:\/\/villena.salesianos.edu\/colegio\/la-familia-salesiana-de-villena-celebra-durante-el-mes-de-enero-el-mes-de-don-bosco\/#breadcrumb","itemListElement":[{"@type":"ListItem","position":1,"name":"Portada","item":"https:\/\/villena.salesianos.edu\/colegio\/"},{"@type":"ListItem","position":2,"name":"La Familia Salesiana de Villena celebra durante el mes de Enero, el mes de Don Bosco"}]},{"@type":"WebSite","@id":"https:\/\/villena.salesianos.edu\/colegio\/#website","url":"https:\/\/villena.salesianos.edu\/colegio\/","name":"Colegio Salesiano M\u00aa Auxiliadora Villena","description":"P\u00e1gina oficial Salesianos Villena","potentialAction":[{"@type":"SearchAction","target":{"@type":"EntryPoint","urlTemplate":"https:\/\/villena.salesianos.edu\/colegio\/?s={search_term_string}"},"query-input":{"@type":"PropertyValueSpecification","valueRequired":true,"valueName":"search_term_string"}}],"inLanguage":"es"},{"@type":"Person","@id":"https:\/\/villena.salesianos.edu\/colegio\/#\/schema\/person\/737fd46edc5ae7d6c9b94da26c0e9302","name":"Gestor Web","image":{"@type":"ImageObject","inLanguage":"es","@id":"https:\/\/secure.gravatar.com\/avatar\/44469746e1b6443cd011d1759fdc3b9fdcdae4a08dc0ddd85247651cb065486d?s=96&d=mm&r=g","url":"https:\/\/secure.gravatar.com\/avatar\/44469746e1b6443cd011d1759fdc3b9fdcdae4a08dc0ddd85247651cb065486d?s=96&d=mm&r=g","contentUrl":"https:\/\/secure.gravatar.com\/avatar\/44469746e1b6443cd011d1759fdc3b9fdcdae4a08dc0ddd85247651cb065486d?s=96&d=mm&r=g","caption":"Gestor Web"}}]}},"_links":{"self":[{"href":"https:\/\/villena.salesianos.edu\/colegio\/wp-json\/wp\/v2\/posts\/7957","targetHints":{"allow":["GET"]}}],"collection":[{"href":"https:\/\/villena.salesianos.edu\/colegio\/wp-json\/wp\/v2\/posts"}],"about":[{"href":"https:\/\/villena.salesianos.edu\/colegio\/wp-json\/wp\/v2\/types\/post"}],"author":[{"embeddable":true,"href":"https:\/\/villena.salesianos.edu\/colegio\/wp-json\/wp\/v2\/users\/2"}],"replies":[{"embeddable":true,"href":"https:\/\/villena.salesianos.edu\/colegio\/wp-json\/wp\/v2\/comments?post=7957"}],"version-history":[{"count":1,"href":"https:\/\/villena.salesianos.edu\/colegio\/wp-json\/wp\/v2\/posts\/7957\/revisions"}],"predecessor-version":[{"id":7959,"href":"https:\/\/villena.salesianos.edu\/colegio\/wp-json\/wp\/v2\/posts\/7957\/revisions\/7959"}],"wp:featuredmedia":[{"embeddable":true,"href":"https:\/\/villena.salesianos.edu\/colegio\/wp-json\/wp\/v2\/media\/7958"}],"wp:attachment":[{"href":"https:\/\/villena.salesianos.edu\/colegio\/wp-json\/wp\/v2\/media?parent=7957"}],"wp:term":[{"taxonomy":"category","embeddable":true,"href":"https:\/\/villena.salesianos.edu\/colegio\/wp-json\/wp\/v2\/categories?post=7957"},{"taxonomy":"post_tag","embeddable":true,"href":"https:\/\/villena.salesianos.edu\/colegio\/wp-json\/wp\/v2\/tags?post=7957"}],"curies":[{"name":"wp","href":"https:\/\/api.w.org\/{rel}","templated":true}]}}