{"id":7975,"date":"2019-02-13T10:57:14","date_gmt":"2019-02-13T09:57:14","guid":{"rendered":"https:\/\/villena.salesianos.edu\/colegio\/fiesta-carnaval-2019\/"},"modified":"2019-02-13T10:57:22","modified_gmt":"2019-02-13T09:57:22","slug":"fiesta-carnaval-2019","status":"publish","type":"post","link":"https:\/\/villena.salesianos.edu\/colegio\/fiesta-carnaval-2019\/","title":{"rendered":"Fiesta Carnaval 2019"},"content":{"rendered":"<p>[et_pb_section bb_built=\u00bb1&#8243; admin_label=\u00bbsection\u00bb][et_pb_row admin_label=\u00bbrow\u00bb background_position=\u00bbtop_left\u00bb background_repeat=\u00bbrepeat\u00bb background_size=\u00bbinitial\u00bb][et_pb_column type=\u00bb4_4&#8243;][et_pb_text admin_label=\u00bbEntradilla (Texto)\u00bb _builder_version=\u00bb3.18.7&#8243; text_orientation=\u00bbjustified\u00bb text_font=\u00bb|on|||\u00bb]<\/p>\n<p class=\"western\" lang=\"es-ES\" style=\"text-align: left;\" align=\"center\"><span style=\"color: #c5000b;\"><span style=\"font-family: Decima Nova Pro;\"><span style=\"font-size: large;\"><u><b>YA ESTA AQU\u00cd EL CARNAVAL 2019. S\u00e1bado 23 y Domingo 24 de Febrero<\/b><\/u><\/span><\/span><\/span><\/p>\n<p>[\/et_pb_text][et_pb_text admin_label=\u00bbAutor (Texto)\u00bb _builder_version=\u00bb3.18.7&#8243; text_font=\u00bb||on||\u00bb]<\/p>\n<p><em>Por AMPA<\/em><\/p>\n<p>[\/et_pb_text][et_pb_text admin_label=\u00bbDesarrollo (Texto)\u00bb _builder_version=\u00bb3.18.7&#8243; text_orientation=\u00bbjustified\u00bb]<\/p>\n<p lang=\"es-ES\" align=\"justify\"><span style=\"font-family: Decima Nova Pro;\"><span style=\"font-size: small;\">Todo preparado para celebrar el Carnaval 2019, organizado por la <a href=\"https:\/\/villena.salesianos.edu\/ampa\"><strong>Asociaci\u00f3n de Madres y Padres<\/strong><\/a> y el<a href=\"https:\/\/villena.salesianos.edu\/centrojuvenil\/\"><strong> Centro Juvenil Don Bosco.<\/strong><\/a><\/span><\/span><\/p>\n<p lang=\"es-ES\" align=\"justify\"><span style=\"color: #c5000b;\"><span style=\"font-family: Decima Nova Pro;\"><span style=\"font-size: small;\"><b>SABADO 23 de FEBRERO<\/b><\/span> <span style=\"font-size: small;\"><b>17:00 horas<\/b><\/span><\/span><\/span><\/p>\n<p lang=\"es-ES\" align=\"justify\"><span style=\"font-family: Decima Nova Pro;\"><span style=\"font-size: small;\"><b>INFANTIL Y PRIMARIA<\/b><\/span><span style=\"font-size: small;\"> celebran su fiesta de <\/span><span style=\"font-size: small;\"><b>CARNAVAL<\/b><\/span><span style=\"font-size: small;\">.<\/span><\/span><\/p>\n<ul>\n<li>\n<p lang=\"es-ES\" align=\"justify\"><span style=\"font-family: Decima Nova Pro;\"><span style=\"font-size: small;\">ANIMACION <\/span><\/span><\/p>\n<\/li>\n<li>\n<p lang=\"es-ES\" align=\"justify\"><span style=\"font-family: Decima Nova Pro;\"><span style=\"font-size: small;\">BAILE <\/span><\/span><\/p>\n<\/li>\n<li>\n<p lang=\"es-ES\" align=\"justify\"><span style=\"font-family: Decima Nova Pro;\"><span style=\"font-size: small;\">ACTIVIDADES <\/span><\/span><\/p>\n<\/li>\n<\/ul>\n<p lang=\"es-ES\" align=\"justify\"><span style=\"font-family: Decima Nova Pro;\"><span style=\"font-size: small;\">Recordad que habr\u00e1 <\/span><span style=\"font-size: small;\"><b>PREMIOS <\/b><\/span><span style=\"font-size: small;\">para los MEJORES DISFRACES.<\/span><\/span><\/p>\n<p lang=\"es-ES\" align=\"justify\"><span style=\"font-family: Decima Nova Pro;\"><u><span style=\"font-size: small;\"><b>18:00 HS A MERENDAR<\/b><\/span><\/u><\/span><\/p>\n<p lang=\"es-ES\" align=\"justify\"><span style=\"font-family: Decima Nova Pro;\"><span style=\"font-size: small;\"><b>BOLLOS Y CHOCOLATINAS<\/b><\/span><span style=\"font-size: small;\"> a quienes previamente hayan adquirido su <\/span><span style=\"font-size: small;\"><b>TICKET<\/b><\/span><span style=\"font-size: small;\">.<\/span><\/span><\/p>\n<p lang=\"es-ES\" align=\"justify\"><span style=\"font-family: Decima Nova Pro;\"><span style=\"font-size: small;\">Los TICKETS se podr\u00e1n adquirir hasta el jueves, <\/span><span style=\"font-size: small;\"><b>21 de Febrero<\/b><\/span><span style=\"font-size: small;\">, en la CONSERJERIA DEL COLEGIO. Precio <\/span><span style=\"font-size: small;\"><b>1,00 EURO<\/b><\/span><span style=\"font-size: small;\">, <\/span><\/span><\/p>\n<p lang=\"es-ES\" align=\"justify\"><span style=\"color: #c5000b;\"><span style=\"font-family: Decima Nova Pro;\"><span style=\"font-size: small;\"><b>DOMINGO 24 DE FEBRERO. 12:00 hs<\/b><\/span><\/span><\/span><\/p>\n<p lang=\"es-ES\" align=\"justify\"><span style=\"font-family: Decima Nova Pro;\"><span style=\"font-size: small;\"><b>GRAN DESFILE DE CARNAVAL<\/b><\/span> <span style=\"font-size: small;\"><b>INFANTIL<\/b><\/span><span style=\"font-size: small;\"> organizado por el M.I. Ayuntamiento de Villena, el Colegio participa y pueden acudir todos los ni\u00f1os que lo deseen. Recordamos a <\/span><span style=\"font-size: small;\"><u>los <\/u><\/span><span style=\"font-size: small;\"><u><b>pap\u00e1s y mam\u00e1s<\/b><\/u><\/span><span style=\"font-size: small;\"><u> que vayan acompa\u00f1ando a los ni\u00f1os\/as, que <\/u><\/span><span style=\"font-size: small;\"><u><b>tambi\u00e9n deben ir disfrazados<\/b><\/u><\/span><span style=\"font-size: small;\"><u>.<\/u><\/span><\/span><\/p>\n<p lang=\"es-ES\" align=\"justify\"><span style=\"font-family: Decima Nova Pro;\"><span style=\"font-size: small;\">Iremos <\/span><span style=\"font-size: small;\"><b>todos en grupo con la pancarta del Colegio<\/b><\/span><span style=\"font-size: small;\"> y con una banda de m\u00fasica, <\/span><span style=\"font-size: small;\"><b>disfraz de libre elecci\u00f3n. <\/b><\/span><\/span><\/p>\n<p lang=\"es-ES\" align=\"justify\">\u00a0<\/p>\n<h2 lang=\"es-ES\" align=\"justify\"><span style=\"font-family: Decima Nova Pro;\"><span style=\"font-size: small;\">\u00a1Esperamos que lo pas\u00e9is estupendamente!<\/span><\/span><\/h2>\n<p>[\/et_pb_text][et_pb_text admin_label=\u00bbT\u00edtulo: Galer\u00eda de fotos (Texto)\u00bb _builder_version=\u00bb3.0.51&#8243; background_layout=\u00bblight\u00bb text_orientation=\u00bbleft\u00bb text_font=\u00bb|on|||\u00bb text_text_color=\u00bb#dc001b\u00bb border_style=\u00bbsolid\u00bb disabled=\u00bbon\u00bb disabled_on=\u00bbon|on|on\u00bb]<\/p>\n<p>Galer\u00eda de im\u00e1genes<\/p>\n<p>[\/et_pb_text][et_pb_gallery _builder_version=\u00bb3.0.51&#8243; posts_number=\u00bb8&#8243; show_title_and_caption=\u00bboff\u00bb show_pagination=\u00bbon\u00bb fullwidth=\u00bboff\u00bb orientation=\u00bblandscape\u00bb zoom_icon_color=\u00bb#dc001b\u00bb hover_overlay_color=\u00bbrgba(255,255,255,0.9)\u00bb hover_icon=\u00bb%%51%%\u00bb background_layout=\u00bblight\u00bb border_style=\u00bbsolid\u00bb auto=\u00bboff\u00bb disabled=\u00bbon\u00bb disabled_on=\u00bbon|on|on\u00bb \/][et_pb_video _builder_version=\u00bb3.0.51&#8243; disabled=\u00bbon\u00bb disabled_on=\u00bbon|on|on\u00bb \/][\/et_pb_column][\/et_pb_row][\/et_pb_section]<\/p>\n","protected":false},"excerpt":{"rendered":"<p>YA ESTA AQU\u00cd EL CARNAVAL 2019. S\u00e1bado 23 y Domingo 24 de Febrero Por AMPA Todo preparado para celebrar el Carnaval 2019, organizado por la Asociaci\u00f3n de Madres y Padres y el Centro Juvenil Don Bosco.SABADO 23 de FEBRERO 17:00 horasINFANTIL Y PRIMARIA celebran su fiesta de CARNAVAL.ANIMACION BAILE ACTIVIDADES Recordad que habr\u00e1 PREMIOS para [&hellip;]<\/p>\n","protected":false},"author":2,"featured_media":7976,"comment_status":"open","ping_status":"open","sticky":false,"template":"","format":"standard","meta":{"_et_pb_use_builder":"on","_et_pb_old_content":"","_et_gb_content_width":"","footnotes":""},"categories":[32,44,22,24],"tags":[],"class_list":["post-7975","post","type-post","status-publish","format-standard","has-post-thumbnail","hentry","category-ampa","category-centrojuvenil","category-colegio","category-portadanoticias"],"yoast_head":"<!-- This site is optimized with the Yoast SEO plugin v28.3 - https:\/\/yoast.com\/product\/yoast-seo-wordpress\/ -->\n<title>Fiesta Carnaval 2019 - Colegio Salesiano M\u00aa Auxiliadora Villena<\/title>\n<meta name=\"robots\" content=\"index, follow, max-snippet:-1, max-image-preview:large, max-video-preview:-1\" \/>\n<link rel=\"canonical\" href=\"https:\/\/villena.salesianos.edu\/colegio\/fiesta-carnaval-2019\/\" \/>\n<meta property=\"og:locale\" content=\"es_ES\" \/>\n<meta property=\"og:type\" content=\"article\" \/>\n<meta property=\"og:title\" content=\"Fiesta Carnaval 2019 - Colegio Salesiano M\u00aa Auxiliadora Villena\" \/>\n<meta property=\"og:description\" content=\"YA ESTA AQU\u00cd EL CARNAVAL 2019. S\u00e1bado 23 y Domingo 24 de Febrero Por AMPA Todo preparado para celebrar el Carnaval 2019, organizado por la Asociaci\u00f3n de Madres y Padres y el Centro Juvenil Don Bosco.SABADO 23 de FEBRERO 17:00 horasINFANTIL Y PRIMARIA celebran su fiesta de CARNAVAL.ANIMACION BAILE ACTIVIDADES Recordad que habr\u00e1 PREMIOS para [&hellip;]\" \/>\n<meta property=\"og:url\" content=\"https:\/\/villena.salesianos.edu\/colegio\/fiesta-carnaval-2019\/\" \/>\n<meta property=\"og:site_name\" content=\"Colegio Salesiano M\u00aa Auxiliadora Villena\" \/>\n<meta property=\"article:published_time\" content=\"2019-02-13T09:57:14+00:00\" \/>\n<meta property=\"article:modified_time\" content=\"2019-02-13T09:57:22+00:00\" \/>\n<meta property=\"og:image\" content=\"https:\/\/villena.salesianos.edu\/colegio\/wp-content\/uploads\/sites\/3\/2019\/02\/carnaval-f.png\" \/>\n\t<meta property=\"og:image:width\" content=\"1200\" \/>\n\t<meta property=\"og:image:height\" content=\"630\" \/>\n\t<meta property=\"og:image:type\" content=\"image\/png\" \/>\n<meta name=\"author\" content=\"Gestor Web\" \/>\n<meta name=\"twitter:card\" content=\"summary_large_image\" \/>\n<meta name=\"twitter:label1\" content=\"Escrito por\" \/>\n\t<meta name=\"twitter:data1\" content=\"Gestor Web\" \/>\n\t<meta name=\"twitter:label2\" content=\"Tiempo de lectura\" \/>\n\t<meta name=\"twitter:data2\" content=\"2 minutos\" \/>\n<script type=\"application\/ld+json\" class=\"yoast-schema-graph\">{\"@context\":\"https:\\\/\\\/schema.org\",\"@graph\":[{\"@type\":\"Article\",\"@id\":\"https:\\\/\\\/villena.salesianos.edu\\\/colegio\\\/fiesta-carnaval-2019\\\/#article\",\"isPartOf\":{\"@id\":\"https:\\\/\\\/villena.salesianos.edu\\\/colegio\\\/fiesta-carnaval-2019\\\/\"},\"author\":{\"name\":\"Gestor Web\",\"@id\":\"https:\\\/\\\/villena.salesianos.edu\\\/colegio\\\/#\\\/schema\\\/person\\\/737fd46edc5ae7d6c9b94da26c0e9302\"},\"headline\":\"Fiesta Carnaval 2019\",\"datePublished\":\"2019-02-13T09:57:14+00:00\",\"dateModified\":\"2019-02-13T09:57:22+00:00\",\"mainEntityOfPage\":{\"@id\":\"https:\\\/\\\/villena.salesianos.edu\\\/colegio\\\/fiesta-carnaval-2019\\\/\"},\"wordCount\":358,\"commentCount\":0,\"image\":{\"@id\":\"https:\\\/\\\/villena.salesianos.edu\\\/colegio\\\/fiesta-carnaval-2019\\\/#primaryimage\"},\"thumbnailUrl\":\"https:\\\/\\\/villena.salesianos.edu\\\/colegio\\\/wp-content\\\/uploads\\\/sites\\\/3\\\/2019\\\/02\\\/carnaval-f.png\",\"articleSection\":[\"AMPA\",\"Centro Juvenil\",\"Colegio\",\"Portada Noticias\"],\"inLanguage\":\"es\",\"potentialAction\":[{\"@type\":\"CommentAction\",\"name\":\"Comment\",\"target\":[\"https:\\\/\\\/villena.salesianos.edu\\\/colegio\\\/fiesta-carnaval-2019\\\/#respond\"]}]},{\"@type\":\"WebPage\",\"@id\":\"https:\\\/\\\/villena.salesianos.edu\\\/colegio\\\/fiesta-carnaval-2019\\\/\",\"url\":\"https:\\\/\\\/villena.salesianos.edu\\\/colegio\\\/fiesta-carnaval-2019\\\/\",\"name\":\"Fiesta Carnaval 2019 - Colegio Salesiano M\u00aa Auxiliadora Villena\",\"isPartOf\":{\"@id\":\"https:\\\/\\\/villena.salesianos.edu\\\/colegio\\\/#website\"},\"primaryImageOfPage\":{\"@id\":\"https:\\\/\\\/villena.salesianos.edu\\\/colegio\\\/fiesta-carnaval-2019\\\/#primaryimage\"},\"image\":{\"@id\":\"https:\\\/\\\/villena.salesianos.edu\\\/colegio\\\/fiesta-carnaval-2019\\\/#primaryimage\"},\"thumbnailUrl\":\"https:\\\/\\\/villena.salesianos.edu\\\/colegio\\\/wp-content\\\/uploads\\\/sites\\\/3\\\/2019\\\/02\\\/carnaval-f.png\",\"datePublished\":\"2019-02-13T09:57:14+00:00\",\"dateModified\":\"2019-02-13T09:57:22+00:00\",\"author\":{\"@id\":\"https:\\\/\\\/villena.salesianos.edu\\\/colegio\\\/#\\\/schema\\\/person\\\/737fd46edc5ae7d6c9b94da26c0e9302\"},\"breadcrumb\":{\"@id\":\"https:\\\/\\\/villena.salesianos.edu\\\/colegio\\\/fiesta-carnaval-2019\\\/#breadcrumb\"},\"inLanguage\":\"es\",\"potentialAction\":[{\"@type\":\"ReadAction\",\"target\":[\"https:\\\/\\\/villena.salesianos.edu\\\/colegio\\\/fiesta-carnaval-2019\\\/\"]}]},{\"@type\":\"ImageObject\",\"inLanguage\":\"es\",\"@id\":\"https:\\\/\\\/villena.salesianos.edu\\\/colegio\\\/fiesta-carnaval-2019\\\/#primaryimage\",\"url\":\"https:\\\/\\\/villena.salesianos.edu\\\/colegio\\\/wp-content\\\/uploads\\\/sites\\\/3\\\/2019\\\/02\\\/carnaval-f.png\",\"contentUrl\":\"https:\\\/\\\/villena.salesianos.edu\\\/colegio\\\/wp-content\\\/uploads\\\/sites\\\/3\\\/2019\\\/02\\\/carnaval-f.png\",\"width\":1200,\"height\":630},{\"@type\":\"BreadcrumbList\",\"@id\":\"https:\\\/\\\/villena.salesianos.edu\\\/colegio\\\/fiesta-carnaval-2019\\\/#breadcrumb\",\"itemListElement\":[{\"@type\":\"ListItem\",\"position\":1,\"name\":\"Portada\",\"item\":\"https:\\\/\\\/villena.salesianos.edu\\\/colegio\\\/\"},{\"@type\":\"ListItem\",\"position\":2,\"name\":\"Fiesta Carnaval 2019\"}]},{\"@type\":\"WebSite\",\"@id\":\"https:\\\/\\\/villena.salesianos.edu\\\/colegio\\\/#website\",\"url\":\"https:\\\/\\\/villena.salesianos.edu\\\/colegio\\\/\",\"name\":\"Colegio Salesiano M\u00aa Auxiliadora Villena\",\"description\":\"P\u00e1gina oficial Salesianos Villena\",\"potentialAction\":[{\"@type\":\"SearchAction\",\"target\":{\"@type\":\"EntryPoint\",\"urlTemplate\":\"https:\\\/\\\/villena.salesianos.edu\\\/colegio\\\/?s={search_term_string}\"},\"query-input\":{\"@type\":\"PropertyValueSpecification\",\"valueRequired\":true,\"valueName\":\"search_term_string\"}}],\"inLanguage\":\"es\"},{\"@type\":\"Person\",\"@id\":\"https:\\\/\\\/villena.salesianos.edu\\\/colegio\\\/#\\\/schema\\\/person\\\/737fd46edc5ae7d6c9b94da26c0e9302\",\"name\":\"Gestor Web\",\"image\":{\"@type\":\"ImageObject\",\"inLanguage\":\"es\",\"@id\":\"https:\\\/\\\/secure.gravatar.com\\\/avatar\\\/44469746e1b6443cd011d1759fdc3b9fdcdae4a08dc0ddd85247651cb065486d?s=96&d=mm&r=g\",\"url\":\"https:\\\/\\\/secure.gravatar.com\\\/avatar\\\/44469746e1b6443cd011d1759fdc3b9fdcdae4a08dc0ddd85247651cb065486d?s=96&d=mm&r=g\",\"contentUrl\":\"https:\\\/\\\/secure.gravatar.com\\\/avatar\\\/44469746e1b6443cd011d1759fdc3b9fdcdae4a08dc0ddd85247651cb065486d?s=96&d=mm&r=g\",\"caption\":\"Gestor Web\"}}]}<\/script>\n<!-- \/ Yoast SEO plugin. -->","yoast_head_json":{"title":"Fiesta Carnaval 2019 - Colegio Salesiano M\u00aa Auxiliadora Villena","robots":{"index":"index","follow":"follow","max-snippet":"max-snippet:-1","max-image-preview":"max-image-preview:large","max-video-preview":"max-video-preview:-1"},"canonical":"https:\/\/villena.salesianos.edu\/colegio\/fiesta-carnaval-2019\/","og_locale":"es_ES","og_type":"article","og_title":"Fiesta Carnaval 2019 - Colegio Salesiano M\u00aa Auxiliadora Villena","og_description":"YA ESTA AQU\u00cd EL CARNAVAL 2019. S\u00e1bado 23 y Domingo 24 de Febrero Por AMPA Todo preparado para celebrar el Carnaval 2019, organizado por la Asociaci\u00f3n de Madres y Padres y el Centro Juvenil Don Bosco.SABADO 23 de FEBRERO 17:00 horasINFANTIL Y PRIMARIA celebran su fiesta de CARNAVAL.ANIMACION BAILE ACTIVIDADES Recordad que habr\u00e1 PREMIOS para [&hellip;]","og_url":"https:\/\/villena.salesianos.edu\/colegio\/fiesta-carnaval-2019\/","og_site_name":"Colegio Salesiano M\u00aa Auxiliadora Villena","article_published_time":"2019-02-13T09:57:14+00:00","article_modified_time":"2019-02-13T09:57:22+00:00","og_image":[{"width":1200,"height":630,"url":"https:\/\/villena.salesianos.edu\/colegio\/wp-content\/uploads\/sites\/3\/2019\/02\/carnaval-f.png","type":"image\/png"}],"author":"Gestor Web","twitter_card":"summary_large_image","twitter_misc":{"Escrito por":"Gestor Web","Tiempo de lectura":"2 minutos"},"schema":{"@context":"https:\/\/schema.org","@graph":[{"@type":"Article","@id":"https:\/\/villena.salesianos.edu\/colegio\/fiesta-carnaval-2019\/#article","isPartOf":{"@id":"https:\/\/villena.salesianos.edu\/colegio\/fiesta-carnaval-2019\/"},"author":{"name":"Gestor Web","@id":"https:\/\/villena.salesianos.edu\/colegio\/#\/schema\/person\/737fd46edc5ae7d6c9b94da26c0e9302"},"headline":"Fiesta Carnaval 2019","datePublished":"2019-02-13T09:57:14+00:00","dateModified":"2019-02-13T09:57:22+00:00","mainEntityOfPage":{"@id":"https:\/\/villena.salesianos.edu\/colegio\/fiesta-carnaval-2019\/"},"wordCount":358,"commentCount":0,"image":{"@id":"https:\/\/villena.salesianos.edu\/colegio\/fiesta-carnaval-2019\/#primaryimage"},"thumbnailUrl":"https:\/\/villena.salesianos.edu\/colegio\/wp-content\/uploads\/sites\/3\/2019\/02\/carnaval-f.png","articleSection":["AMPA","Centro Juvenil","Colegio","Portada Noticias"],"inLanguage":"es","potentialAction":[{"@type":"CommentAction","name":"Comment","target":["https:\/\/villena.salesianos.edu\/colegio\/fiesta-carnaval-2019\/#respond"]}]},{"@type":"WebPage","@id":"https:\/\/villena.salesianos.edu\/colegio\/fiesta-carnaval-2019\/","url":"https:\/\/villena.salesianos.edu\/colegio\/fiesta-carnaval-2019\/","name":"Fiesta Carnaval 2019 - Colegio Salesiano M\u00aa Auxiliadora Villena","isPartOf":{"@id":"https:\/\/villena.salesianos.edu\/colegio\/#website"},"primaryImageOfPage":{"@id":"https:\/\/villena.salesianos.edu\/colegio\/fiesta-carnaval-2019\/#primaryimage"},"image":{"@id":"https:\/\/villena.salesianos.edu\/colegio\/fiesta-carnaval-2019\/#primaryimage"},"thumbnailUrl":"https:\/\/villena.salesianos.edu\/colegio\/wp-content\/uploads\/sites\/3\/2019\/02\/carnaval-f.png","datePublished":"2019-02-13T09:57:14+00:00","dateModified":"2019-02-13T09:57:22+00:00","author":{"@id":"https:\/\/villena.salesianos.edu\/colegio\/#\/schema\/person\/737fd46edc5ae7d6c9b94da26c0e9302"},"breadcrumb":{"@id":"https:\/\/villena.salesianos.edu\/colegio\/fiesta-carnaval-2019\/#breadcrumb"},"inLanguage":"es","potentialAction":[{"@type":"ReadAction","target":["https:\/\/villena.salesianos.edu\/colegio\/fiesta-carnaval-2019\/"]}]},{"@type":"ImageObject","inLanguage":"es","@id":"https:\/\/villena.salesianos.edu\/colegio\/fiesta-carnaval-2019\/#primaryimage","url":"https:\/\/villena.salesianos.edu\/colegio\/wp-content\/uploads\/sites\/3\/2019\/02\/carnaval-f.png","contentUrl":"https:\/\/villena.salesianos.edu\/colegio\/wp-content\/uploads\/sites\/3\/2019\/02\/carnaval-f.png","width":1200,"height":630},{"@type":"BreadcrumbList","@id":"https:\/\/villena.salesianos.edu\/colegio\/fiesta-carnaval-2019\/#breadcrumb","itemListElement":[{"@type":"ListItem","position":1,"name":"Portada","item":"https:\/\/villena.salesianos.edu\/colegio\/"},{"@type":"ListItem","position":2,"name":"Fiesta Carnaval 2019"}]},{"@type":"WebSite","@id":"https:\/\/villena.salesianos.edu\/colegio\/#website","url":"https:\/\/villena.salesianos.edu\/colegio\/","name":"Colegio Salesiano M\u00aa Auxiliadora Villena","description":"P\u00e1gina oficial Salesianos Villena","potentialAction":[{"@type":"SearchAction","target":{"@type":"EntryPoint","urlTemplate":"https:\/\/villena.salesianos.edu\/colegio\/?s={search_term_string}"},"query-input":{"@type":"PropertyValueSpecification","valueRequired":true,"valueName":"search_term_string"}}],"inLanguage":"es"},{"@type":"Person","@id":"https:\/\/villena.salesianos.edu\/colegio\/#\/schema\/person\/737fd46edc5ae7d6c9b94da26c0e9302","name":"Gestor Web","image":{"@type":"ImageObject","inLanguage":"es","@id":"https:\/\/secure.gravatar.com\/avatar\/44469746e1b6443cd011d1759fdc3b9fdcdae4a08dc0ddd85247651cb065486d?s=96&d=mm&r=g","url":"https:\/\/secure.gravatar.com\/avatar\/44469746e1b6443cd011d1759fdc3b9fdcdae4a08dc0ddd85247651cb065486d?s=96&d=mm&r=g","contentUrl":"https:\/\/secure.gravatar.com\/avatar\/44469746e1b6443cd011d1759fdc3b9fdcdae4a08dc0ddd85247651cb065486d?s=96&d=mm&r=g","caption":"Gestor Web"}}]}},"_links":{"self":[{"href":"https:\/\/villena.salesianos.edu\/colegio\/wp-json\/wp\/v2\/posts\/7975","targetHints":{"allow":["GET"]}}],"collection":[{"href":"https:\/\/villena.salesianos.edu\/colegio\/wp-json\/wp\/v2\/posts"}],"about":[{"href":"https:\/\/villena.salesianos.edu\/colegio\/wp-json\/wp\/v2\/types\/post"}],"author":[{"embeddable":true,"href":"https:\/\/villena.salesianos.edu\/colegio\/wp-json\/wp\/v2\/users\/2"}],"replies":[{"embeddable":true,"href":"https:\/\/villena.salesianos.edu\/colegio\/wp-json\/wp\/v2\/comments?post=7975"}],"version-history":[{"count":1,"href":"https:\/\/villena.salesianos.edu\/colegio\/wp-json\/wp\/v2\/posts\/7975\/revisions"}],"predecessor-version":[{"id":7977,"href":"https:\/\/villena.salesianos.edu\/colegio\/wp-json\/wp\/v2\/posts\/7975\/revisions\/7977"}],"wp:featuredmedia":[{"embeddable":true,"href":"https:\/\/villena.salesianos.edu\/colegio\/wp-json\/wp\/v2\/media\/7976"}],"wp:attachment":[{"href":"https:\/\/villena.salesianos.edu\/colegio\/wp-json\/wp\/v2\/media?parent=7975"}],"wp:term":[{"taxonomy":"category","embeddable":true,"href":"https:\/\/villena.salesianos.edu\/colegio\/wp-json\/wp\/v2\/categories?post=7975"},{"taxonomy":"post_tag","embeddable":true,"href":"https:\/\/villena.salesianos.edu\/colegio\/wp-json\/wp\/v2\/tags?post=7975"}],"curies":[{"name":"wp","href":"https:\/\/api.w.org\/{rel}","templated":true}]}}