{"id":8199,"date":"2019-03-16T12:32:12","date_gmt":"2019-03-16T11:32:12","guid":{"rendered":"https:\/\/villena.salesianos.edu\/colegio\/?p=8199"},"modified":"2019-03-16T12:32:12","modified_gmt":"2019-03-16T11:32:12","slug":"buscadores-de-suenos-en-color","status":"publish","type":"post","link":"https:\/\/villena.salesianos.edu\/colegio\/buscadores-de-suenos-en-color\/","title":{"rendered":"Buscadores de sue\u00f1os en color"},"content":{"rendered":"<p>[et_pb_section bb_built=\u00bb1&#8243; admin_label=\u00bbsection\u00bb][et_pb_row admin_label=\u00bbrow\u00bb background_position=\u00bbtop_left\u00bb background_repeat=\u00bbrepeat\u00bb background_size=\u00bbinitial\u00bb][et_pb_column type=\u00bb4_4&#8243;][et_pb_text admin_label=\u00bbEntradilla (Texto)\u00bb _builder_version=\u00bb3.19.18&#8243; text_orientation=\u00bbjustified\u00bb text_font=\u00bb|on|||\u00bb]<\/p>\n<p align=\"justify\"><span style=\"font-family: Arial, sans-serif;\"><b>Esta semana los ni\u00f1os y ni\u00f1as de 4 a\u00f1os hemos tenido doble visita de papis.<\/b><\/span><\/p>\n<p>[\/et_pb_text][et_pb_text admin_label=\u00bbAutor (Texto)\u00bb _builder_version=\u00bb3.19.18&#8243; text_font=\u00bb||on||\u00bb]<\/p>\n<p><em>Por Pepi e Isa. Tutoras 4 a\u00f1os<\/em><\/p>\n<p>[\/et_pb_text][et_pb_text admin_label=\u00bbDesarrollo (Texto)\u00bb _builder_version=\u00bb3.19.18&#8243; text_orientation=\u00bbjustified\u00bb]<\/p>\n<p align=\"justify\"><span style=\"font-family: Arial, sans-serif;\">El jueves vino a visitarnos Esther Perales, que es una investigadora del Grupo de Visi\u00f3n y Color en la Universidad de Alicante. <\/span><span style=\"font-family: Arial, sans-serif;\">Nos ense\u00f1\u00f3 qu\u00e9 es un m\u00e9todo cient\u00edfico y c\u00f3mo hay que usarlo para encontrar respuestas. <\/span><span style=\"font-family: Arial, sans-serif;\">Hablamos de c\u00f3mo nuestros ojos perciben los colores y cu\u00e1ntos colores somos capaces de ver: \u00a1Casi dos millones de colores!<\/span><\/p>\n<p align=\"justify\"><span style=\"font-family: Arial, sans-serif;\">Trajo de la Universidad un aparato que mide los colores con tres n\u00fameros y demostr\u00f3 c\u00f3mo cada mesa del cole es de un verde un poco diferente. <\/span><span style=\"font-family: Arial, sans-serif;\">Midi\u00f3 el color de la piel de algunos ni\u00f1os lo que nos result\u00f3 muy curioso. <\/span><span style=\"font-family: Arial, sans-serif;\">Tambi\u00e9n nos ense\u00f1\u00f3 que hay personas a las que no les funcionan los ojos como a los dem\u00e1s y ven los colores de forma diferente.<\/span><\/p>\n<p align=\"justify\"><span style=\"font-family: Arial, sans-serif;\">Fuimos cient\u00edficos en busca de colores por una tarde.<\/span><\/p>\n<hr \/>\n<p align=\"justify\"><span style=\"font-family: Arial, sans-serif;\">El viernes vinieron a pasar la tarde con nosotros Fabi\u00e1n Villena y Natalia Ruiz, formadores en competencias emocionales en el Instituto de Actitudes Positivas.<\/span><\/p>\n<p align=\"justify\"><span style=\"font-family: Arial, sans-serif;\">Hablamos de las emociones, de que todas son buenas y necesarias en nuestra vida aunque unas sean m\u00e1s agradables que otras. <\/span><span style=\"font-family: Arial, sans-serif;\">Hicimos juegos adivinando emociones, seg\u00fan las caras que pon\u00edan y luego nos toc\u00f3 a nosotros poner caras de enfadados, alegres, tristes, \u2026<\/span><\/p>\n<p align=\"justify\"><span style=\"font-family: Arial, sans-serif;\">Despu\u00e9s nos contaron un cuento de un ni\u00f1o que aunque no era demasiado habilidoso en muchas cosas, sab\u00eda hacer figuras de papel maravillosas pero nadie ten\u00eda tiempo de verlas. Hasta que por fin consigui\u00f3 ense\u00f1\u00e1rselas al mundo y todo cambi\u00f3 para \u00e9l porque todos somos especiales en algo. Nosotros tambi\u00e9n contamos en qu\u00e9 somos especiales.<\/span><\/p>\n<p align=\"justify\"><span style=\"font-family: Arial, sans-serif;\">Nos ense\u00f1aron el juego de las tres cosas bonitas antes de dormir&#8230;ya lo haremos en casa. Fue una tarde de emociones.<\/span><\/p>\n<p align=\"justify\">\u00a0<\/p>\n<p align=\"justify\"><span style=\"font-family: Arial, sans-serif;\">As\u00ed termina el ciclo de profesiones, con las emociones a flor de piel.<\/span><\/p>\n<p align=\"justify\"><span style=\"font-family: Arial, sans-serif;\">Para ver las fotos <a href=\"https:\/\/villena.salesianos.edu\/colegio\/galeria\/infantil-fotos\/\"><strong>pincha<\/strong> <b>aqu\u00ed<\/b><\/a><\/span><\/p>\n<p>[\/et_pb_text][et_pb_text admin_label=\u00bbT\u00edtulo: Galer\u00eda de fotos (Texto)\u00bb _builder_version=\u00bb3.0.51&#8243; background_layout=\u00bblight\u00bb text_orientation=\u00bbleft\u00bb text_font=\u00bb|on|||\u00bb text_text_color=\u00bb#dc001b\u00bb border_style=\u00bbsolid\u00bb disabled=\u00bbon\u00bb disabled_on=\u00bbon|on|on\u00bb]<\/p>\n<p>Galer\u00eda de im\u00e1genes<\/p>\n<p>[\/et_pb_text][et_pb_gallery _builder_version=\u00bb3.0.51&#8243; posts_number=\u00bb8&#8243; show_title_and_caption=\u00bboff\u00bb show_pagination=\u00bbon\u00bb fullwidth=\u00bboff\u00bb orientation=\u00bblandscape\u00bb zoom_icon_color=\u00bb#dc001b\u00bb hover_overlay_color=\u00bbrgba(255,255,255,0.9)\u00bb hover_icon=\u00bb%%51%%\u00bb background_layout=\u00bblight\u00bb border_style=\u00bbsolid\u00bb auto=\u00bboff\u00bb disabled=\u00bbon\u00bb disabled_on=\u00bbon|on|on\u00bb \/][et_pb_video _builder_version=\u00bb3.0.51&#8243; disabled=\u00bbon\u00bb disabled_on=\u00bbon|on|on\u00bb \/][\/et_pb_column][\/et_pb_row][\/et_pb_section]<\/p>\n","protected":false},"excerpt":{"rendered":"<p>Esta semana los ni\u00f1os y ni\u00f1as de 4 a\u00f1os hemos tenido doble visita de papis. Por Pepi e Isa. Tutoras 4 a\u00f1os El jueves vino a visitarnos Esther Perales, que es una investigadora del Grupo de Visi\u00f3n y Color en la Universidad de Alicante. Nos ense\u00f1\u00f3 qu\u00e9 es un m\u00e9todo cient\u00edfico y c\u00f3mo hay que [&hellip;]<\/p>\n","protected":false},"author":2,"featured_media":8200,"comment_status":"open","ping_status":"open","sticky":false,"template":"","format":"standard","meta":{"_et_pb_use_builder":"on","_et_pb_old_content":"","_et_gb_content_width":"","footnotes":""},"categories":[22,23],"tags":[],"class_list":["post-8199","post","type-post","status-publish","format-standard","has-post-thumbnail","hentry","category-colegio","category-infantil"],"yoast_head":"<!-- This site is optimized with the Yoast SEO plugin v28.3 - https:\/\/yoast.com\/product\/yoast-seo-wordpress\/ -->\n<title>Buscadores de sue\u00f1os en color - Colegio Salesiano M\u00aa Auxiliadora Villena<\/title>\n<meta name=\"robots\" content=\"index, follow, max-snippet:-1, max-image-preview:large, max-video-preview:-1\" \/>\n<link rel=\"canonical\" href=\"https:\/\/villena.salesianos.edu\/colegio\/buscadores-de-suenos-en-color\/\" \/>\n<meta property=\"og:locale\" content=\"es_ES\" \/>\n<meta property=\"og:type\" content=\"article\" \/>\n<meta property=\"og:title\" content=\"Buscadores de sue\u00f1os en color - Colegio Salesiano M\u00aa Auxiliadora Villena\" \/>\n<meta property=\"og:description\" content=\"Esta semana los ni\u00f1os y ni\u00f1as de 4 a\u00f1os hemos tenido doble visita de papis. Por Pepi e Isa. Tutoras 4 a\u00f1os El jueves vino a visitarnos Esther Perales, que es una investigadora del Grupo de Visi\u00f3n y Color en la Universidad de Alicante. Nos ense\u00f1\u00f3 qu\u00e9 es un m\u00e9todo cient\u00edfico y c\u00f3mo hay que [&hellip;]\" \/>\n<meta property=\"og:url\" content=\"https:\/\/villena.salesianos.edu\/colegio\/buscadores-de-suenos-en-color\/\" \/>\n<meta property=\"og:site_name\" content=\"Colegio Salesiano M\u00aa Auxiliadora Villena\" \/>\n<meta property=\"article:published_time\" content=\"2019-03-16T11:32:12+00:00\" \/>\n<meta property=\"og:image\" content=\"https:\/\/villena.salesianos.edu\/colegio\/wp-content\/uploads\/sites\/3\/2019\/03\/IMG-20190315-WA0116.jpg\" \/>\n\t<meta property=\"og:image:width\" content=\"1600\" \/>\n\t<meta property=\"og:image:height\" content=\"1200\" \/>\n\t<meta property=\"og:image:type\" content=\"image\/jpeg\" \/>\n<meta name=\"author\" content=\"Gestor Web\" \/>\n<meta name=\"twitter:card\" content=\"summary_large_image\" \/>\n<meta name=\"twitter:label1\" content=\"Escrito por\" \/>\n\t<meta name=\"twitter:data1\" content=\"Gestor Web\" \/>\n\t<meta name=\"twitter:label2\" content=\"Tiempo de lectura\" \/>\n\t<meta name=\"twitter:data2\" content=\"3 minutos\" \/>\n<script type=\"application\/ld+json\" class=\"yoast-schema-graph\">{\"@context\":\"https:\\\/\\\/schema.org\",\"@graph\":[{\"@type\":\"Article\",\"@id\":\"https:\\\/\\\/villena.salesianos.edu\\\/colegio\\\/buscadores-de-suenos-en-color\\\/#article\",\"isPartOf\":{\"@id\":\"https:\\\/\\\/villena.salesianos.edu\\\/colegio\\\/buscadores-de-suenos-en-color\\\/\"},\"author\":{\"name\":\"Gestor Web\",\"@id\":\"https:\\\/\\\/villena.salesianos.edu\\\/colegio\\\/#\\\/schema\\\/person\\\/737fd46edc5ae7d6c9b94da26c0e9302\"},\"headline\":\"Buscadores de sue\u00f1os en color\",\"datePublished\":\"2019-03-16T11:32:12+00:00\",\"mainEntityOfPage\":{\"@id\":\"https:\\\/\\\/villena.salesianos.edu\\\/colegio\\\/buscadores-de-suenos-en-color\\\/\"},\"wordCount\":536,\"commentCount\":0,\"image\":{\"@id\":\"https:\\\/\\\/villena.salesianos.edu\\\/colegio\\\/buscadores-de-suenos-en-color\\\/#primaryimage\"},\"thumbnailUrl\":\"https:\\\/\\\/villena.salesianos.edu\\\/colegio\\\/wp-content\\\/uploads\\\/sites\\\/3\\\/2019\\\/03\\\/IMG-20190315-WA0116.jpg\",\"articleSection\":[\"Colegio\",\"Infantil\"],\"inLanguage\":\"es\",\"potentialAction\":[{\"@type\":\"CommentAction\",\"name\":\"Comment\",\"target\":[\"https:\\\/\\\/villena.salesianos.edu\\\/colegio\\\/buscadores-de-suenos-en-color\\\/#respond\"]}]},{\"@type\":\"WebPage\",\"@id\":\"https:\\\/\\\/villena.salesianos.edu\\\/colegio\\\/buscadores-de-suenos-en-color\\\/\",\"url\":\"https:\\\/\\\/villena.salesianos.edu\\\/colegio\\\/buscadores-de-suenos-en-color\\\/\",\"name\":\"Buscadores de sue\u00f1os en color - Colegio Salesiano M\u00aa Auxiliadora Villena\",\"isPartOf\":{\"@id\":\"https:\\\/\\\/villena.salesianos.edu\\\/colegio\\\/#website\"},\"primaryImageOfPage\":{\"@id\":\"https:\\\/\\\/villena.salesianos.edu\\\/colegio\\\/buscadores-de-suenos-en-color\\\/#primaryimage\"},\"image\":{\"@id\":\"https:\\\/\\\/villena.salesianos.edu\\\/colegio\\\/buscadores-de-suenos-en-color\\\/#primaryimage\"},\"thumbnailUrl\":\"https:\\\/\\\/villena.salesianos.edu\\\/colegio\\\/wp-content\\\/uploads\\\/sites\\\/3\\\/2019\\\/03\\\/IMG-20190315-WA0116.jpg\",\"datePublished\":\"2019-03-16T11:32:12+00:00\",\"author\":{\"@id\":\"https:\\\/\\\/villena.salesianos.edu\\\/colegio\\\/#\\\/schema\\\/person\\\/737fd46edc5ae7d6c9b94da26c0e9302\"},\"breadcrumb\":{\"@id\":\"https:\\\/\\\/villena.salesianos.edu\\\/colegio\\\/buscadores-de-suenos-en-color\\\/#breadcrumb\"},\"inLanguage\":\"es\",\"potentialAction\":[{\"@type\":\"ReadAction\",\"target\":[\"https:\\\/\\\/villena.salesianos.edu\\\/colegio\\\/buscadores-de-suenos-en-color\\\/\"]}]},{\"@type\":\"ImageObject\",\"inLanguage\":\"es\",\"@id\":\"https:\\\/\\\/villena.salesianos.edu\\\/colegio\\\/buscadores-de-suenos-en-color\\\/#primaryimage\",\"url\":\"https:\\\/\\\/villena.salesianos.edu\\\/colegio\\\/wp-content\\\/uploads\\\/sites\\\/3\\\/2019\\\/03\\\/IMG-20190315-WA0116.jpg\",\"contentUrl\":\"https:\\\/\\\/villena.salesianos.edu\\\/colegio\\\/wp-content\\\/uploads\\\/sites\\\/3\\\/2019\\\/03\\\/IMG-20190315-WA0116.jpg\",\"width\":1600,\"height\":1200},{\"@type\":\"BreadcrumbList\",\"@id\":\"https:\\\/\\\/villena.salesianos.edu\\\/colegio\\\/buscadores-de-suenos-en-color\\\/#breadcrumb\",\"itemListElement\":[{\"@type\":\"ListItem\",\"position\":1,\"name\":\"Portada\",\"item\":\"https:\\\/\\\/villena.salesianos.edu\\\/colegio\\\/\"},{\"@type\":\"ListItem\",\"position\":2,\"name\":\"Buscadores de sue\u00f1os en color\"}]},{\"@type\":\"WebSite\",\"@id\":\"https:\\\/\\\/villena.salesianos.edu\\\/colegio\\\/#website\",\"url\":\"https:\\\/\\\/villena.salesianos.edu\\\/colegio\\\/\",\"name\":\"Colegio Salesiano M\u00aa Auxiliadora Villena\",\"description\":\"P\u00e1gina oficial Salesianos Villena\",\"potentialAction\":[{\"@type\":\"SearchAction\",\"target\":{\"@type\":\"EntryPoint\",\"urlTemplate\":\"https:\\\/\\\/villena.salesianos.edu\\\/colegio\\\/?s={search_term_string}\"},\"query-input\":{\"@type\":\"PropertyValueSpecification\",\"valueRequired\":true,\"valueName\":\"search_term_string\"}}],\"inLanguage\":\"es\"},{\"@type\":\"Person\",\"@id\":\"https:\\\/\\\/villena.salesianos.edu\\\/colegio\\\/#\\\/schema\\\/person\\\/737fd46edc5ae7d6c9b94da26c0e9302\",\"name\":\"Gestor Web\",\"image\":{\"@type\":\"ImageObject\",\"inLanguage\":\"es\",\"@id\":\"https:\\\/\\\/secure.gravatar.com\\\/avatar\\\/44469746e1b6443cd011d1759fdc3b9fdcdae4a08dc0ddd85247651cb065486d?s=96&d=mm&r=g\",\"url\":\"https:\\\/\\\/secure.gravatar.com\\\/avatar\\\/44469746e1b6443cd011d1759fdc3b9fdcdae4a08dc0ddd85247651cb065486d?s=96&d=mm&r=g\",\"contentUrl\":\"https:\\\/\\\/secure.gravatar.com\\\/avatar\\\/44469746e1b6443cd011d1759fdc3b9fdcdae4a08dc0ddd85247651cb065486d?s=96&d=mm&r=g\",\"caption\":\"Gestor Web\"}}]}<\/script>\n<!-- \/ Yoast SEO plugin. -->","yoast_head_json":{"title":"Buscadores de sue\u00f1os en color - Colegio Salesiano M\u00aa Auxiliadora Villena","robots":{"index":"index","follow":"follow","max-snippet":"max-snippet:-1","max-image-preview":"max-image-preview:large","max-video-preview":"max-video-preview:-1"},"canonical":"https:\/\/villena.salesianos.edu\/colegio\/buscadores-de-suenos-en-color\/","og_locale":"es_ES","og_type":"article","og_title":"Buscadores de sue\u00f1os en color - Colegio Salesiano M\u00aa Auxiliadora Villena","og_description":"Esta semana los ni\u00f1os y ni\u00f1as de 4 a\u00f1os hemos tenido doble visita de papis. Por Pepi e Isa. Tutoras 4 a\u00f1os El jueves vino a visitarnos Esther Perales, que es una investigadora del Grupo de Visi\u00f3n y Color en la Universidad de Alicante. Nos ense\u00f1\u00f3 qu\u00e9 es un m\u00e9todo cient\u00edfico y c\u00f3mo hay que [&hellip;]","og_url":"https:\/\/villena.salesianos.edu\/colegio\/buscadores-de-suenos-en-color\/","og_site_name":"Colegio Salesiano M\u00aa Auxiliadora Villena","article_published_time":"2019-03-16T11:32:12+00:00","og_image":[{"width":1600,"height":1200,"url":"https:\/\/villena.salesianos.edu\/colegio\/wp-content\/uploads\/sites\/3\/2019\/03\/IMG-20190315-WA0116.jpg","type":"image\/jpeg"}],"author":"Gestor Web","twitter_card":"summary_large_image","twitter_misc":{"Escrito por":"Gestor Web","Tiempo de lectura":"3 minutos"},"schema":{"@context":"https:\/\/schema.org","@graph":[{"@type":"Article","@id":"https:\/\/villena.salesianos.edu\/colegio\/buscadores-de-suenos-en-color\/#article","isPartOf":{"@id":"https:\/\/villena.salesianos.edu\/colegio\/buscadores-de-suenos-en-color\/"},"author":{"name":"Gestor Web","@id":"https:\/\/villena.salesianos.edu\/colegio\/#\/schema\/person\/737fd46edc5ae7d6c9b94da26c0e9302"},"headline":"Buscadores de sue\u00f1os en color","datePublished":"2019-03-16T11:32:12+00:00","mainEntityOfPage":{"@id":"https:\/\/villena.salesianos.edu\/colegio\/buscadores-de-suenos-en-color\/"},"wordCount":536,"commentCount":0,"image":{"@id":"https:\/\/villena.salesianos.edu\/colegio\/buscadores-de-suenos-en-color\/#primaryimage"},"thumbnailUrl":"https:\/\/villena.salesianos.edu\/colegio\/wp-content\/uploads\/sites\/3\/2019\/03\/IMG-20190315-WA0116.jpg","articleSection":["Colegio","Infantil"],"inLanguage":"es","potentialAction":[{"@type":"CommentAction","name":"Comment","target":["https:\/\/villena.salesianos.edu\/colegio\/buscadores-de-suenos-en-color\/#respond"]}]},{"@type":"WebPage","@id":"https:\/\/villena.salesianos.edu\/colegio\/buscadores-de-suenos-en-color\/","url":"https:\/\/villena.salesianos.edu\/colegio\/buscadores-de-suenos-en-color\/","name":"Buscadores de sue\u00f1os en color - Colegio Salesiano M\u00aa Auxiliadora Villena","isPartOf":{"@id":"https:\/\/villena.salesianos.edu\/colegio\/#website"},"primaryImageOfPage":{"@id":"https:\/\/villena.salesianos.edu\/colegio\/buscadores-de-suenos-en-color\/#primaryimage"},"image":{"@id":"https:\/\/villena.salesianos.edu\/colegio\/buscadores-de-suenos-en-color\/#primaryimage"},"thumbnailUrl":"https:\/\/villena.salesianos.edu\/colegio\/wp-content\/uploads\/sites\/3\/2019\/03\/IMG-20190315-WA0116.jpg","datePublished":"2019-03-16T11:32:12+00:00","author":{"@id":"https:\/\/villena.salesianos.edu\/colegio\/#\/schema\/person\/737fd46edc5ae7d6c9b94da26c0e9302"},"breadcrumb":{"@id":"https:\/\/villena.salesianos.edu\/colegio\/buscadores-de-suenos-en-color\/#breadcrumb"},"inLanguage":"es","potentialAction":[{"@type":"ReadAction","target":["https:\/\/villena.salesianos.edu\/colegio\/buscadores-de-suenos-en-color\/"]}]},{"@type":"ImageObject","inLanguage":"es","@id":"https:\/\/villena.salesianos.edu\/colegio\/buscadores-de-suenos-en-color\/#primaryimage","url":"https:\/\/villena.salesianos.edu\/colegio\/wp-content\/uploads\/sites\/3\/2019\/03\/IMG-20190315-WA0116.jpg","contentUrl":"https:\/\/villena.salesianos.edu\/colegio\/wp-content\/uploads\/sites\/3\/2019\/03\/IMG-20190315-WA0116.jpg","width":1600,"height":1200},{"@type":"BreadcrumbList","@id":"https:\/\/villena.salesianos.edu\/colegio\/buscadores-de-suenos-en-color\/#breadcrumb","itemListElement":[{"@type":"ListItem","position":1,"name":"Portada","item":"https:\/\/villena.salesianos.edu\/colegio\/"},{"@type":"ListItem","position":2,"name":"Buscadores de sue\u00f1os en color"}]},{"@type":"WebSite","@id":"https:\/\/villena.salesianos.edu\/colegio\/#website","url":"https:\/\/villena.salesianos.edu\/colegio\/","name":"Colegio Salesiano M\u00aa Auxiliadora Villena","description":"P\u00e1gina oficial Salesianos Villena","potentialAction":[{"@type":"SearchAction","target":{"@type":"EntryPoint","urlTemplate":"https:\/\/villena.salesianos.edu\/colegio\/?s={search_term_string}"},"query-input":{"@type":"PropertyValueSpecification","valueRequired":true,"valueName":"search_term_string"}}],"inLanguage":"es"},{"@type":"Person","@id":"https:\/\/villena.salesianos.edu\/colegio\/#\/schema\/person\/737fd46edc5ae7d6c9b94da26c0e9302","name":"Gestor Web","image":{"@type":"ImageObject","inLanguage":"es","@id":"https:\/\/secure.gravatar.com\/avatar\/44469746e1b6443cd011d1759fdc3b9fdcdae4a08dc0ddd85247651cb065486d?s=96&d=mm&r=g","url":"https:\/\/secure.gravatar.com\/avatar\/44469746e1b6443cd011d1759fdc3b9fdcdae4a08dc0ddd85247651cb065486d?s=96&d=mm&r=g","contentUrl":"https:\/\/secure.gravatar.com\/avatar\/44469746e1b6443cd011d1759fdc3b9fdcdae4a08dc0ddd85247651cb065486d?s=96&d=mm&r=g","caption":"Gestor Web"}}]}},"_links":{"self":[{"href":"https:\/\/villena.salesianos.edu\/colegio\/wp-json\/wp\/v2\/posts\/8199","targetHints":{"allow":["GET"]}}],"collection":[{"href":"https:\/\/villena.salesianos.edu\/colegio\/wp-json\/wp\/v2\/posts"}],"about":[{"href":"https:\/\/villena.salesianos.edu\/colegio\/wp-json\/wp\/v2\/types\/post"}],"author":[{"embeddable":true,"href":"https:\/\/villena.salesianos.edu\/colegio\/wp-json\/wp\/v2\/users\/2"}],"replies":[{"embeddable":true,"href":"https:\/\/villena.salesianos.edu\/colegio\/wp-json\/wp\/v2\/comments?post=8199"}],"version-history":[{"count":1,"href":"https:\/\/villena.salesianos.edu\/colegio\/wp-json\/wp\/v2\/posts\/8199\/revisions"}],"predecessor-version":[{"id":8201,"href":"https:\/\/villena.salesianos.edu\/colegio\/wp-json\/wp\/v2\/posts\/8199\/revisions\/8201"}],"wp:featuredmedia":[{"embeddable":true,"href":"https:\/\/villena.salesianos.edu\/colegio\/wp-json\/wp\/v2\/media\/8200"}],"wp:attachment":[{"href":"https:\/\/villena.salesianos.edu\/colegio\/wp-json\/wp\/v2\/media?parent=8199"}],"wp:term":[{"taxonomy":"category","embeddable":true,"href":"https:\/\/villena.salesianos.edu\/colegio\/wp-json\/wp\/v2\/categories?post=8199"},{"taxonomy":"post_tag","embeddable":true,"href":"https:\/\/villena.salesianos.edu\/colegio\/wp-json\/wp\/v2\/tags?post=8199"}],"curies":[{"name":"wp","href":"https:\/\/api.w.org\/{rel}","templated":true}]}}