{"id":8215,"date":"2019-03-21T16:14:34","date_gmt":"2019-03-21T15:14:34","guid":{"rendered":"https:\/\/villena.salesianos.edu\/colegio\/?p=8215"},"modified":"2019-03-21T16:14:34","modified_gmt":"2019-03-21T15:14:34","slug":"seguimos-conociendo-paris","status":"publish","type":"post","link":"https:\/\/villena.salesianos.edu\/colegio\/seguimos-conociendo-paris\/","title":{"rendered":"Seguimos conociendo Par\u00eds"},"content":{"rendered":"<p>[et_pb_section bb_built=\u00bb1&#8243; admin_label=\u00bbsection\u00bb][et_pb_row admin_label=\u00bbrow\u00bb background_position=\u00bbtop_left\u00bb background_repeat=\u00bbrepeat\u00bb background_size=\u00bbinitial\u00bb][et_pb_column type=\u00bb4_4&#8243;][et_pb_text admin_label=\u00bbEntradilla (Texto)\u00bb _builder_version=\u00bb3.19.18&#8243; text_orientation=\u00bbjustified\u00bb text_font=\u00bb|on|||\u00bb]<\/p>\n<p><span style=\"color: #222222;\"><span style=\"font-family: Arial, Helvetica, sans-serif;\"><span style=\"font-size: medium;\"><b>D\u00eda complet\u00edsimo en #PAR\u00cdS2019<\/b><\/span><\/span><\/span><\/p>\n<p>[\/et_pb_text][et_pb_text admin_label=\u00bbAutor (Texto)\u00bb _builder_version=\u00bb3.19.18&#8243; text_font=\u00bb||on||\u00bb]<\/p>\n<p><em>Por Rafa, Carolina y Gaspar. Profesores ESO en Par\u00eds<\/em><\/p>\n<p>[\/et_pb_text][et_pb_text admin_label=\u00bbDesarrollo (Texto)\u00bb _builder_version=\u00bb3.19.18&#8243; text_orientation=\u00bbjustified\u00bb]<\/p>\n<p><span style=\"color: #222222;\"><span style=\"font-family: Arial, Helvetica, sans-serif;\"><span style=\"font-size: medium;\">Durante la ma\u00f1ana del 20 de Marzo realizamos una visita panor\u00e1mica con Gu\u00eda por Par\u00eds.<\/span><\/span><\/span><\/p>\n<p><span style=\"color: #222222;\"><span style=\"font-family: Arial, Helvetica, sans-serif;\"><span style=\"font-size: medium;\">Tambi\u00e9n vivimos un paseo guiado por las principales salas del Museo m\u00e1s grande del mundo el <b>Louvre<\/b>. Con saludo especial a la Mona Lisa.<\/span><\/span><\/span><\/p>\n<p><span style=\"color: #222222;\"><span style=\"font-family: Arial, Helvetica, sans-serif;\"><span style=\"font-size: medium;\">Por la tarde visita al <b>emperador Napole\u00f3n<\/b>, a la <b>catedral de Notre Dame<\/b> y al <b>Arco del Triunfo<\/b> con paseo por los <b>Campo El\u00edseos<\/b>.<\/span><\/span><\/span><\/p>\n<p><span style=\"color: #222222;\"><span style=\"font-family: Arial, Helvetica, sans-serif;\"><span style=\"font-size: medium;\">Un completo y cansado d\u00eda, para disfrutar durante el d\u00eda de hoy de <b>Dis<\/b><b>neyland<\/b>. Ma\u00f1ana os contaremos&#8230;<\/span><\/span><\/span><\/p>\n<h3><span style=\"color: #222222;\"><span style=\"font-family: Arial, Helvetica, sans-serif;\"><span style=\"font-size: medium;\">\u00a1<\/span><\/span><\/span><span style=\"color: #222222;\"><span style=\"font-family: Arial, Helvetica, sans-serif;\"><span style=\"font-size: medium;\">No te pierdas nuestros directos <\/span><\/span><\/span><span style=\"color: #222222;\"><span style=\"font-family: Arial, Helvetica, sans-serif;\"><span style=\"font-size: medium;\">en Instragram<\/span><\/span><\/span><span style=\"color: #222222;\"><span style=\"font-family: Arial, Helvetica, sans-serif;\"><span style=\"font-size: medium;\">! <\/span><\/span><\/span><span style=\"color: #222222;\"><span style=\"font-family: Arial, Helvetica, sans-serif;\"><span style=\"font-size: medium;\"><b>@salesianosvna<\/b><\/span><\/span><\/span><\/h3>\n<p><span style=\"color: #222222;\"><span style=\"font-family: Arial, Helvetica, sans-serif;\"><span style=\"font-size: medium;\">Para ver las fotos <\/span><\/span><\/span><a href=\"https:\/\/villena.salesianos.edu\/colegio\/galeria\/secundaria-fotos\/\"><span style=\"color: #222222;\"><span style=\"font-family: Arial, Helvetica, sans-serif;\"><span style=\"font-size: medium;\"><b>pincha aqu\u00ed<\/b><\/span><\/span><\/span><\/a><\/p>\n<p>[\/et_pb_text][et_pb_text admin_label=\u00bbT\u00edtulo: Galer\u00eda de fotos (Texto)\u00bb _builder_version=\u00bb3.0.51&#8243; background_layout=\u00bblight\u00bb text_orientation=\u00bbleft\u00bb text_font=\u00bb|on|||\u00bb text_text_color=\u00bb#dc001b\u00bb border_style=\u00bbsolid\u00bb disabled=\u00bbon\u00bb disabled_on=\u00bbon|on|on\u00bb]<\/p>\n<p>Galer\u00eda de im\u00e1genes<\/p>\n<p>[\/et_pb_text][et_pb_gallery _builder_version=\u00bb3.0.51&#8243; posts_number=\u00bb8&#8243; show_title_and_caption=\u00bboff\u00bb show_pagination=\u00bbon\u00bb fullwidth=\u00bboff\u00bb orientation=\u00bblandscape\u00bb zoom_icon_color=\u00bb#dc001b\u00bb hover_overlay_color=\u00bbrgba(255,255,255,0.9)\u00bb hover_icon=\u00bb%%51%%\u00bb background_layout=\u00bblight\u00bb border_style=\u00bbsolid\u00bb auto=\u00bboff\u00bb disabled=\u00bbon\u00bb disabled_on=\u00bbon|on|on\u00bb \/][et_pb_video _builder_version=\u00bb3.0.51&#8243; disabled=\u00bbon\u00bb disabled_on=\u00bbon|on|on\u00bb \/][\/et_pb_column][\/et_pb_row][\/et_pb_section]<\/p>\n","protected":false},"excerpt":{"rendered":"<p>D\u00eda complet\u00edsimo en #PAR\u00cdS2019 Por Rafa, Carolina y Gaspar. Profesores ESO en Par\u00eds Durante la ma\u00f1ana del 20 de Marzo realizamos una visita panor\u00e1mica con Gu\u00eda por Par\u00eds.Tambi\u00e9n vivimos un paseo guiado por las principales salas del Museo m\u00e1s grande del mundo el Louvre. Con saludo especial a la Mona Lisa.Por la tarde visita al [&hellip;]<\/p>\n","protected":false},"author":2,"featured_media":8216,"comment_status":"open","ping_status":"open","sticky":false,"template":"","format":"standard","meta":{"_et_pb_use_builder":"on","_et_pb_old_content":"","_et_gb_content_width":"","footnotes":""},"categories":[22,26],"tags":[],"class_list":["post-8215","post","type-post","status-publish","format-standard","has-post-thumbnail","hentry","category-colegio","category-secundaria"],"yoast_head":"<!-- This site is optimized with the Yoast SEO plugin v28.3 - https:\/\/yoast.com\/product\/yoast-seo-wordpress\/ -->\n<title>Seguimos conociendo Par\u00eds - Colegio Salesiano M\u00aa Auxiliadora Villena<\/title>\n<meta name=\"robots\" content=\"index, follow, max-snippet:-1, max-image-preview:large, max-video-preview:-1\" \/>\n<link rel=\"canonical\" href=\"https:\/\/villena.salesianos.edu\/colegio\/seguimos-conociendo-paris\/\" \/>\n<meta property=\"og:locale\" content=\"es_ES\" \/>\n<meta property=\"og:type\" content=\"article\" \/>\n<meta property=\"og:title\" content=\"Seguimos conociendo Par\u00eds - Colegio Salesiano M\u00aa Auxiliadora Villena\" \/>\n<meta property=\"og:description\" content=\"D\u00eda complet\u00edsimo en #PAR\u00cdS2019 Por Rafa, Carolina y Gaspar. Profesores ESO en Par\u00eds Durante la ma\u00f1ana del 20 de Marzo realizamos una visita panor\u00e1mica con Gu\u00eda por Par\u00eds.Tambi\u00e9n vivimos un paseo guiado por las principales salas del Museo m\u00e1s grande del mundo el Louvre. Con saludo especial a la Mona Lisa.Por la tarde visita al [&hellip;]\" \/>\n<meta property=\"og:url\" content=\"https:\/\/villena.salesianos.edu\/colegio\/seguimos-conociendo-paris\/\" \/>\n<meta property=\"og:site_name\" content=\"Colegio Salesiano M\u00aa Auxiliadora Villena\" \/>\n<meta property=\"article:published_time\" content=\"2019-03-21T15:14:34+00:00\" \/>\n<meta property=\"og:image\" content=\"https:\/\/villena.salesianos.edu\/colegio\/wp-content\/uploads\/sites\/3\/2019\/03\/IMG_8867-min.jpg\" \/>\n\t<meta property=\"og:image:width\" content=\"3264\" \/>\n\t<meta property=\"og:image:height\" content=\"2448\" \/>\n\t<meta property=\"og:image:type\" content=\"image\/jpeg\" \/>\n<meta name=\"author\" content=\"Gestor Web\" \/>\n<meta name=\"twitter:card\" content=\"summary_large_image\" \/>\n<meta name=\"twitter:label1\" content=\"Escrito por\" \/>\n\t<meta name=\"twitter:data1\" content=\"Gestor Web\" \/>\n\t<meta name=\"twitter:label2\" content=\"Tiempo de lectura\" \/>\n\t<meta name=\"twitter:data2\" content=\"2 minutos\" \/>\n<script type=\"application\/ld+json\" class=\"yoast-schema-graph\">{\"@context\":\"https:\\\/\\\/schema.org\",\"@graph\":[{\"@type\":\"Article\",\"@id\":\"https:\\\/\\\/villena.salesianos.edu\\\/colegio\\\/seguimos-conociendo-paris\\\/#article\",\"isPartOf\":{\"@id\":\"https:\\\/\\\/villena.salesianos.edu\\\/colegio\\\/seguimos-conociendo-paris\\\/\"},\"author\":{\"name\":\"Gestor Web\",\"@id\":\"https:\\\/\\\/villena.salesianos.edu\\\/colegio\\\/#\\\/schema\\\/person\\\/737fd46edc5ae7d6c9b94da26c0e9302\"},\"headline\":\"Seguimos conociendo Par\u00eds\",\"datePublished\":\"2019-03-21T15:14:34+00:00\",\"mainEntityOfPage\":{\"@id\":\"https:\\\/\\\/villena.salesianos.edu\\\/colegio\\\/seguimos-conociendo-paris\\\/\"},\"wordCount\":314,\"commentCount\":0,\"image\":{\"@id\":\"https:\\\/\\\/villena.salesianos.edu\\\/colegio\\\/seguimos-conociendo-paris\\\/#primaryimage\"},\"thumbnailUrl\":\"https:\\\/\\\/villena.salesianos.edu\\\/colegio\\\/wp-content\\\/uploads\\\/sites\\\/3\\\/2019\\\/03\\\/IMG_8867-min.jpg\",\"articleSection\":[\"Colegio\",\"Secundaria\"],\"inLanguage\":\"es\",\"potentialAction\":[{\"@type\":\"CommentAction\",\"name\":\"Comment\",\"target\":[\"https:\\\/\\\/villena.salesianos.edu\\\/colegio\\\/seguimos-conociendo-paris\\\/#respond\"]}]},{\"@type\":\"WebPage\",\"@id\":\"https:\\\/\\\/villena.salesianos.edu\\\/colegio\\\/seguimos-conociendo-paris\\\/\",\"url\":\"https:\\\/\\\/villena.salesianos.edu\\\/colegio\\\/seguimos-conociendo-paris\\\/\",\"name\":\"Seguimos conociendo Par\u00eds - Colegio Salesiano M\u00aa Auxiliadora Villena\",\"isPartOf\":{\"@id\":\"https:\\\/\\\/villena.salesianos.edu\\\/colegio\\\/#website\"},\"primaryImageOfPage\":{\"@id\":\"https:\\\/\\\/villena.salesianos.edu\\\/colegio\\\/seguimos-conociendo-paris\\\/#primaryimage\"},\"image\":{\"@id\":\"https:\\\/\\\/villena.salesianos.edu\\\/colegio\\\/seguimos-conociendo-paris\\\/#primaryimage\"},\"thumbnailUrl\":\"https:\\\/\\\/villena.salesianos.edu\\\/colegio\\\/wp-content\\\/uploads\\\/sites\\\/3\\\/2019\\\/03\\\/IMG_8867-min.jpg\",\"datePublished\":\"2019-03-21T15:14:34+00:00\",\"author\":{\"@id\":\"https:\\\/\\\/villena.salesianos.edu\\\/colegio\\\/#\\\/schema\\\/person\\\/737fd46edc5ae7d6c9b94da26c0e9302\"},\"breadcrumb\":{\"@id\":\"https:\\\/\\\/villena.salesianos.edu\\\/colegio\\\/seguimos-conociendo-paris\\\/#breadcrumb\"},\"inLanguage\":\"es\",\"potentialAction\":[{\"@type\":\"ReadAction\",\"target\":[\"https:\\\/\\\/villena.salesianos.edu\\\/colegio\\\/seguimos-conociendo-paris\\\/\"]}]},{\"@type\":\"ImageObject\",\"inLanguage\":\"es\",\"@id\":\"https:\\\/\\\/villena.salesianos.edu\\\/colegio\\\/seguimos-conociendo-paris\\\/#primaryimage\",\"url\":\"https:\\\/\\\/villena.salesianos.edu\\\/colegio\\\/wp-content\\\/uploads\\\/sites\\\/3\\\/2019\\\/03\\\/IMG_8867-min.jpg\",\"contentUrl\":\"https:\\\/\\\/villena.salesianos.edu\\\/colegio\\\/wp-content\\\/uploads\\\/sites\\\/3\\\/2019\\\/03\\\/IMG_8867-min.jpg\",\"width\":3264,\"height\":2448},{\"@type\":\"BreadcrumbList\",\"@id\":\"https:\\\/\\\/villena.salesianos.edu\\\/colegio\\\/seguimos-conociendo-paris\\\/#breadcrumb\",\"itemListElement\":[{\"@type\":\"ListItem\",\"position\":1,\"name\":\"Portada\",\"item\":\"https:\\\/\\\/villena.salesianos.edu\\\/colegio\\\/\"},{\"@type\":\"ListItem\",\"position\":2,\"name\":\"Seguimos conociendo Par\u00eds\"}]},{\"@type\":\"WebSite\",\"@id\":\"https:\\\/\\\/villena.salesianos.edu\\\/colegio\\\/#website\",\"url\":\"https:\\\/\\\/villena.salesianos.edu\\\/colegio\\\/\",\"name\":\"Colegio Salesiano M\u00aa Auxiliadora Villena\",\"description\":\"P\u00e1gina oficial Salesianos Villena\",\"potentialAction\":[{\"@type\":\"SearchAction\",\"target\":{\"@type\":\"EntryPoint\",\"urlTemplate\":\"https:\\\/\\\/villena.salesianos.edu\\\/colegio\\\/?s={search_term_string}\"},\"query-input\":{\"@type\":\"PropertyValueSpecification\",\"valueRequired\":true,\"valueName\":\"search_term_string\"}}],\"inLanguage\":\"es\"},{\"@type\":\"Person\",\"@id\":\"https:\\\/\\\/villena.salesianos.edu\\\/colegio\\\/#\\\/schema\\\/person\\\/737fd46edc5ae7d6c9b94da26c0e9302\",\"name\":\"Gestor Web\",\"image\":{\"@type\":\"ImageObject\",\"inLanguage\":\"es\",\"@id\":\"https:\\\/\\\/secure.gravatar.com\\\/avatar\\\/44469746e1b6443cd011d1759fdc3b9fdcdae4a08dc0ddd85247651cb065486d?s=96&d=mm&r=g\",\"url\":\"https:\\\/\\\/secure.gravatar.com\\\/avatar\\\/44469746e1b6443cd011d1759fdc3b9fdcdae4a08dc0ddd85247651cb065486d?s=96&d=mm&r=g\",\"contentUrl\":\"https:\\\/\\\/secure.gravatar.com\\\/avatar\\\/44469746e1b6443cd011d1759fdc3b9fdcdae4a08dc0ddd85247651cb065486d?s=96&d=mm&r=g\",\"caption\":\"Gestor Web\"}}]}<\/script>\n<!-- \/ Yoast SEO plugin. -->","yoast_head_json":{"title":"Seguimos conociendo Par\u00eds - Colegio Salesiano M\u00aa Auxiliadora Villena","robots":{"index":"index","follow":"follow","max-snippet":"max-snippet:-1","max-image-preview":"max-image-preview:large","max-video-preview":"max-video-preview:-1"},"canonical":"https:\/\/villena.salesianos.edu\/colegio\/seguimos-conociendo-paris\/","og_locale":"es_ES","og_type":"article","og_title":"Seguimos conociendo Par\u00eds - Colegio Salesiano M\u00aa Auxiliadora Villena","og_description":"D\u00eda complet\u00edsimo en #PAR\u00cdS2019 Por Rafa, Carolina y Gaspar. Profesores ESO en Par\u00eds Durante la ma\u00f1ana del 20 de Marzo realizamos una visita panor\u00e1mica con Gu\u00eda por Par\u00eds.Tambi\u00e9n vivimos un paseo guiado por las principales salas del Museo m\u00e1s grande del mundo el Louvre. Con saludo especial a la Mona Lisa.Por la tarde visita al [&hellip;]","og_url":"https:\/\/villena.salesianos.edu\/colegio\/seguimos-conociendo-paris\/","og_site_name":"Colegio Salesiano M\u00aa Auxiliadora Villena","article_published_time":"2019-03-21T15:14:34+00:00","og_image":[{"width":3264,"height":2448,"url":"https:\/\/villena.salesianos.edu\/colegio\/wp-content\/uploads\/sites\/3\/2019\/03\/IMG_8867-min.jpg","type":"image\/jpeg"}],"author":"Gestor Web","twitter_card":"summary_large_image","twitter_misc":{"Escrito por":"Gestor Web","Tiempo de lectura":"2 minutos"},"schema":{"@context":"https:\/\/schema.org","@graph":[{"@type":"Article","@id":"https:\/\/villena.salesianos.edu\/colegio\/seguimos-conociendo-paris\/#article","isPartOf":{"@id":"https:\/\/villena.salesianos.edu\/colegio\/seguimos-conociendo-paris\/"},"author":{"name":"Gestor Web","@id":"https:\/\/villena.salesianos.edu\/colegio\/#\/schema\/person\/737fd46edc5ae7d6c9b94da26c0e9302"},"headline":"Seguimos conociendo Par\u00eds","datePublished":"2019-03-21T15:14:34+00:00","mainEntityOfPage":{"@id":"https:\/\/villena.salesianos.edu\/colegio\/seguimos-conociendo-paris\/"},"wordCount":314,"commentCount":0,"image":{"@id":"https:\/\/villena.salesianos.edu\/colegio\/seguimos-conociendo-paris\/#primaryimage"},"thumbnailUrl":"https:\/\/villena.salesianos.edu\/colegio\/wp-content\/uploads\/sites\/3\/2019\/03\/IMG_8867-min.jpg","articleSection":["Colegio","Secundaria"],"inLanguage":"es","potentialAction":[{"@type":"CommentAction","name":"Comment","target":["https:\/\/villena.salesianos.edu\/colegio\/seguimos-conociendo-paris\/#respond"]}]},{"@type":"WebPage","@id":"https:\/\/villena.salesianos.edu\/colegio\/seguimos-conociendo-paris\/","url":"https:\/\/villena.salesianos.edu\/colegio\/seguimos-conociendo-paris\/","name":"Seguimos conociendo Par\u00eds - Colegio Salesiano M\u00aa Auxiliadora Villena","isPartOf":{"@id":"https:\/\/villena.salesianos.edu\/colegio\/#website"},"primaryImageOfPage":{"@id":"https:\/\/villena.salesianos.edu\/colegio\/seguimos-conociendo-paris\/#primaryimage"},"image":{"@id":"https:\/\/villena.salesianos.edu\/colegio\/seguimos-conociendo-paris\/#primaryimage"},"thumbnailUrl":"https:\/\/villena.salesianos.edu\/colegio\/wp-content\/uploads\/sites\/3\/2019\/03\/IMG_8867-min.jpg","datePublished":"2019-03-21T15:14:34+00:00","author":{"@id":"https:\/\/villena.salesianos.edu\/colegio\/#\/schema\/person\/737fd46edc5ae7d6c9b94da26c0e9302"},"breadcrumb":{"@id":"https:\/\/villena.salesianos.edu\/colegio\/seguimos-conociendo-paris\/#breadcrumb"},"inLanguage":"es","potentialAction":[{"@type":"ReadAction","target":["https:\/\/villena.salesianos.edu\/colegio\/seguimos-conociendo-paris\/"]}]},{"@type":"ImageObject","inLanguage":"es","@id":"https:\/\/villena.salesianos.edu\/colegio\/seguimos-conociendo-paris\/#primaryimage","url":"https:\/\/villena.salesianos.edu\/colegio\/wp-content\/uploads\/sites\/3\/2019\/03\/IMG_8867-min.jpg","contentUrl":"https:\/\/villena.salesianos.edu\/colegio\/wp-content\/uploads\/sites\/3\/2019\/03\/IMG_8867-min.jpg","width":3264,"height":2448},{"@type":"BreadcrumbList","@id":"https:\/\/villena.salesianos.edu\/colegio\/seguimos-conociendo-paris\/#breadcrumb","itemListElement":[{"@type":"ListItem","position":1,"name":"Portada","item":"https:\/\/villena.salesianos.edu\/colegio\/"},{"@type":"ListItem","position":2,"name":"Seguimos conociendo Par\u00eds"}]},{"@type":"WebSite","@id":"https:\/\/villena.salesianos.edu\/colegio\/#website","url":"https:\/\/villena.salesianos.edu\/colegio\/","name":"Colegio Salesiano M\u00aa Auxiliadora Villena","description":"P\u00e1gina oficial Salesianos Villena","potentialAction":[{"@type":"SearchAction","target":{"@type":"EntryPoint","urlTemplate":"https:\/\/villena.salesianos.edu\/colegio\/?s={search_term_string}"},"query-input":{"@type":"PropertyValueSpecification","valueRequired":true,"valueName":"search_term_string"}}],"inLanguage":"es"},{"@type":"Person","@id":"https:\/\/villena.salesianos.edu\/colegio\/#\/schema\/person\/737fd46edc5ae7d6c9b94da26c0e9302","name":"Gestor Web","image":{"@type":"ImageObject","inLanguage":"es","@id":"https:\/\/secure.gravatar.com\/avatar\/44469746e1b6443cd011d1759fdc3b9fdcdae4a08dc0ddd85247651cb065486d?s=96&d=mm&r=g","url":"https:\/\/secure.gravatar.com\/avatar\/44469746e1b6443cd011d1759fdc3b9fdcdae4a08dc0ddd85247651cb065486d?s=96&d=mm&r=g","contentUrl":"https:\/\/secure.gravatar.com\/avatar\/44469746e1b6443cd011d1759fdc3b9fdcdae4a08dc0ddd85247651cb065486d?s=96&d=mm&r=g","caption":"Gestor Web"}}]}},"_links":{"self":[{"href":"https:\/\/villena.salesianos.edu\/colegio\/wp-json\/wp\/v2\/posts\/8215","targetHints":{"allow":["GET"]}}],"collection":[{"href":"https:\/\/villena.salesianos.edu\/colegio\/wp-json\/wp\/v2\/posts"}],"about":[{"href":"https:\/\/villena.salesianos.edu\/colegio\/wp-json\/wp\/v2\/types\/post"}],"author":[{"embeddable":true,"href":"https:\/\/villena.salesianos.edu\/colegio\/wp-json\/wp\/v2\/users\/2"}],"replies":[{"embeddable":true,"href":"https:\/\/villena.salesianos.edu\/colegio\/wp-json\/wp\/v2\/comments?post=8215"}],"version-history":[{"count":1,"href":"https:\/\/villena.salesianos.edu\/colegio\/wp-json\/wp\/v2\/posts\/8215\/revisions"}],"predecessor-version":[{"id":8217,"href":"https:\/\/villena.salesianos.edu\/colegio\/wp-json\/wp\/v2\/posts\/8215\/revisions\/8217"}],"wp:featuredmedia":[{"embeddable":true,"href":"https:\/\/villena.salesianos.edu\/colegio\/wp-json\/wp\/v2\/media\/8216"}],"wp:attachment":[{"href":"https:\/\/villena.salesianos.edu\/colegio\/wp-json\/wp\/v2\/media?parent=8215"}],"wp:term":[{"taxonomy":"category","embeddable":true,"href":"https:\/\/villena.salesianos.edu\/colegio\/wp-json\/wp\/v2\/categories?post=8215"},{"taxonomy":"post_tag","embeddable":true,"href":"https:\/\/villena.salesianos.edu\/colegio\/wp-json\/wp\/v2\/tags?post=8215"}],"curies":[{"name":"wp","href":"https:\/\/api.w.org\/{rel}","templated":true}]}}