{"id":8847,"date":"2019-04-17T15:23:18","date_gmt":"2019-04-17T14:23:18","guid":{"rendered":"https:\/\/villena.salesianos.edu\/colegio\/?p=8847"},"modified":"2019-04-17T15:23:18","modified_gmt":"2019-04-17T14:23:18","slug":"yo-participo-todos-x-igual","status":"publish","type":"post","link":"https:\/\/villena.salesianos.edu\/colegio\/yo-participo-todos-x-igual\/","title":{"rendered":"Yo Participo\u2026 Todos X Igual"},"content":{"rendered":"<p>[et_pb_section bb_built=\u00bb1&#8243; admin_label=\u00bbsection\u00bb][et_pb_row admin_label=\u00bbrow\u00bb background_position=\u00bbtop_left\u00bb background_repeat=\u00bbrepeat\u00bb background_size=\u00bbinitial\u00bb][et_pb_column type=\u00bb4_4&#8243;][et_pb_text admin_label=\u00bbEntradilla (Texto)\u00bb _builder_version=\u00bb3.19.18&#8243; text_orientation=\u00bbjustified\u00bb text_font=\u00bb|on|||\u00bb]<\/p>\n<p class=\"western\" align=\"justify\"><b>Semana Cultural celebrada en nuestro colegio centrada en la \u201cConstituci\u00f3n Espa\u00f1ola\u201d.<\/b><\/p>\n<p>[\/et_pb_text][et_pb_text admin_label=\u00bbAutor (Texto)\u00bb _builder_version=\u00bb3.19.18&#8243; text_font=\u00bb||on||\u00bb]<\/p>\n<p><em>Por Equipo de Comunicaci\u00f3n y Marketing.<\/em><\/p>\n<p>[\/et_pb_text][et_pb_text admin_label=\u00bbDesarrollo (Texto)\u00bb _builder_version=\u00bb3.19.18&#8243; text_orientation=\u00bbjustified\u00bb]<\/p>\n<p class=\"western\" align=\"justify\">Durante los d\u00edas 15, 16 y 17 de Abril nuestro centro ha variado su agenda celebrando la <b>Semana Cultural 2019<\/b> enfocada en la Constituci\u00f3n Espa\u00f1ola: Derechos y Deberes. Para ello, por etapas se han organizado diferentes actividades, talleres y juegos para vivir esta experiencia de una manera diferente.<\/p>\n<p align=\"justify\">\u00a0<\/p>\n<p class=\"western\" align=\"justify\">En <span style=\"color: #000080;\"><span lang=\"zxx\"><u><a href=\"https:\/\/villena.salesianos.edu\/colegio\/infantil\"><span style=\"color: #980000;\"><b>Educaci\u00f3n Infantil<\/b><\/span><\/a><\/u><\/span><\/span>, han creado su propia <b>\u201cConstituci\u00f3n Espa\u00f1ola de Infantil\u201d<\/b>, en donde cada aula ha <i>elegido democr\u00e1ticamente<\/i> a su presidente y consejo de Ministros, divididos en los Ministerios de <b>Igualdad, Medio Ambiente, Educaci\u00f3n, Sanidad y Justicia<\/b>.<\/p>\n<p class=\"western\" align=\"justify\">A partir de esa idea, nuestros alumnos han conocido un poquito m\u00e1s el pa\u00eds donde viven, algunos derechos y obligaciones y han aprendido lo importante que es el respetar y cuidar todo nuestro patrimonio; mediante las diferentes reuniones de ministerios, taller de creaci\u00f3n del libro de la Constituci\u00f3n, V\u00eddeo-F\u00f3rum sobre igualdad, reciclaje y plantaci\u00f3n de semillas para la mejora del Medio Ambiente, Juegos dirigidos a la igualdad, eliminando clasismos y normalizando el juego cooperativo por la igualdad de g\u00e9nero o nacionalidad.<\/p>\n<p align=\"justify\">\u00a0<\/p>\n<p class=\"western\" align=\"justify\">En <span style=\"color: #000080;\"><span lang=\"zxx\"><u><a href=\"https:\/\/villena.salesianos.edu\/colegio\/primaria\"><span style=\"color: #980000;\"><b>Educaci\u00f3n Primaria<\/b><\/span><\/a><\/u><\/span><\/span>, los m\u00e1s peque\u00f1os, empezaron el lunes visionando un<b> videocuento<\/b> <b>sobre la constituci\u00f3n espa\u00f1ola<\/b>, seguidamente realizaron un mural sobre Espa\u00f1a con su bandera, escudo&#8230;, mientras que los compa\u00f1eros de quinto de primaria estuvieron en una charla dada por nuestra querida profesora de Secundaria (antes senadora) donde les habl\u00f3 del estado espa\u00f1ol y su composici\u00f3n.<\/p>\n<p class=\"western\" align=\"justify\">En los recreos durante estos tres d\u00edas se ha disfrutado de juegos distintos a los habituales: meter gol con las manos pero con una <b>pelota gigante<\/b>, el front\u00f3n estaba lleno de aros, cubos\u2026 para que pudieran jugar con ellos, tambi\u00e9n en el comedor del colegio hab\u00eda<b> juegos de mesa<\/b>, en la sala domingo savio <b>baile,<\/b> y para darle color y diversi\u00f3n a nuestro patio, los maestros han pintado en el suelo juegos gigantes (<b>Twister, tres en raya, jump, futbolchapa<\/b>\u2026), con los que todos los ni\u00f1os han disfrutado. Por la tarde hemos seguido elaborando nuestro gran mural.<\/p>\n<p class=\"western\" align=\"justify\">El martes los ni\u00f1os disfrutaron toda la ma\u00f1ana de actividades montadas por <span style=\"color: #000080;\"><span lang=\"zxx\"><a href=\"https:\/\/cocemfealicante.org\/portfolio-items\/amif-2\/\"><span style=\"color: #800000;\"><b>COCEMFE<\/b><\/span><\/a><\/span><\/span><b> <\/b>(<span style=\"color: #545454;\"><i>Confederaci\u00f3n Espa\u00f1ola de Personas con Discapacidad F\u00edsica y Org\u00e1nic<\/i><\/span><span style=\"color: #545454;\">a)<\/span>: <b>l Reto por la Igualdad desde la cima del Mulhac\u00e9n<\/b>, desde Granada hasta la plaza del Ayuntamiento de Alicante (378 km con un nivel positivo de 4000 m). En el patio disfrutaron de juegos adaptados (boccia, slalom, f\u00fatbol para ciegos, vivencial) y conocieron a un<b> atleta paral\u00edmpico<\/b> que les cont\u00f3 su experiencia, en resumen un mont\u00f3n de experiencias los ni\u00f1os pudieron conocer y aprender que , gente que tiene una minusval\u00eda, puede y hace las mismas cosas que ellos pero de forma adaptada. Por la tarde el primer ciclo elabor\u00f3 el libros de la constituci\u00f3n con los derechos y deberes de los ni\u00f1os, y los dem\u00e1s siguieron montando su gran mural.<\/p>\n<p class=\"western\" align=\"justify\">Mi\u00e9rcoles por la ma\u00f1ana los ni\u00f1os vieron una pel\u00edcula de cine relacionada con las igualdades entre todas las personas. y seguidamente realizaron un coloquio para trabajar que todas las personas son iguales y tiene los mismos derechos. Por la tarde, en el patio, se unieron los ni\u00f1os de Infantil, donde todos juntos disfrutaron de juegos y se comieron la mona.<\/p>\n<p align=\"justify\">\u00a0<\/p>\n<p class=\"western\" align=\"justify\">Por su parte, <span style=\"color: #000080;\"><span lang=\"zxx\"><u><a href=\"https:\/\/villena.salesianos.edu\/colegio\/secundaria\"><span style=\"color: #980000;\"><b>Educaci\u00f3n Secundaria<\/b><\/span><\/a><\/u><\/span><\/span>, comenz\u00f3 la Semana Cultural en el teatro con el visionado de un video donde varios alumnos de Secundaria mostraron su opini\u00f3n sobre lo que son las leyes, la Constituci\u00f3n, la importancia de las normas en una sociedad para, seguidamente dar paso a la intervenci\u00f3n de Vicenta, nuestra reci\u00e9n llegada profesora, hablando sobre su experiencia como senadora en Madrid y sobre la importancia de las leyes constitucionales.<\/p>\n<p class=\"western\" align=\"justify\">La jornada transcurri\u00f3 con una serie de actividades l\u00fadico-educativas. Nuestros amigos de <span style=\"color: #000080;\"><span lang=\"zxx\"><a href=\"https:\/\/cocemfealicante.org\/portfolio-items\/amif-2\/\"><span style=\"color: #800000;\"><b>COCEMFE<\/b><\/span><\/a><\/span><\/span> relataron su emocionante <b>l Reto por la Igualdad desde la cima del Mulhac\u00e9n<\/b>, desde Granada hasta la plaza del Ayuntamiento de Alicante (378 km con un nivel positivo de 4000 m).<\/p>\n<p class=\"western\" align=\"justify\">En el patio nuestros alumnos y profesores disfrutaron de una serie de juegos adaptados (boccia, slalom, f\u00fatbol, vivencial) y conocieron de primera mano lo que es deporte paral\u00edmpico. Los alumnos de 4\u00baESO disfrutaron de las charlas sobre la felicidad gracias a <b>Actitudes Positivas<\/b> de Fabi\u00e1n Villena y para finalizar los alumnos de 1\u00b0, 2\u00ba y 3\u00ba trabajaron en el aula las normas de convivencia del colegio.<\/p>\n<p class=\"western\" align=\"justify\">El martes fue un d\u00eda de excursiones educativas: 1\u00ba y 3\u00ba de ESO visitaron la <a href=\"http:\/\/www.diputacionalicante.es\/\"><span style=\"color: #000080;\"><span lang=\"zxx\"><span style=\"color: #800000;\"><b>Diputaci\u00f3n de Alicante<\/b><\/span><\/span><\/span> <\/a>y el <b>castillo de Santa B\u00e1rbara<\/b>, 2\u00ba de ESO la <span style=\"color: #000080;\"><span lang=\"zxx\"><a href=\"https:\/\/www.umh.es\/\"><span style=\"color: #800000;\"><b>Universidad Miguel Hern\u00e1ndez<\/b><\/span><\/a><\/span><\/span><b> <\/b>y el<b> <\/b><span style=\"color: #000080;\"><span lang=\"zxx\"><a href=\"https:\/\/elche.salesianos.edu\/\"><span style=\"color: #800000;\"><b>Colegio Salesiano de Elche<\/b><\/span><\/a><\/span><\/span><b> <\/b>y 4\u00ba de ESO la <span style=\"color: #000080;\"><span lang=\"zxx\"><a href=\"https:\/\/www.ua.es\/\"><span style=\"color: #800000;\"><b>Universidad de Alicante<\/b><\/span><\/a><\/span><\/span><b>.<\/b><\/p>\n<p class=\"western\" align=\"justify\">Para finalizar esta Semana Cultural, el mi\u00e9rcoles se inici\u00f3 la ma\u00f1ana con una sesi\u00f3n de cine f\u00f3rum sobre la pel\u00edcula \u201cCampeones\u201d. Tras la pel\u00edcula los chicos de 4\u00ba de ESO asistieron a la 2\u00ba parte del taller sobre la felicidad mientras que los chicos de 1\u00ba, 2\u00ba y 3\u00ba de ESO dedicaron las siguientes dos sesiones a preparar la charla coloquio que se tuvo como colof\u00f3n de la Semana Cultural con representantes de los distintos partidos que forman parte del <span style=\"color: #000080;\"><span lang=\"zxx\"><a href=\"http:\/\/www.villena.es\/\"><span style=\"color: #800000;\"><b>Ayuntamiento de Villena<\/b><\/span><\/a><\/span><\/span>.<\/p>\n<p align=\"justify\">\u00a0<\/p>\n<p class=\"western\" align=\"justify\">Una gran experiencia de aprendizaje y sensibilizaci\u00f3n para finalizar este largo trimestre. Gracias a todas nuestras familias y asociaciones por toda la colaboraci\u00f3n mostrada.<\/p>\n<p class=\"western\" align=\"justify\">Para ver las fotos de esta semana <a href=\"https:\/\/villena.salesianos.edu\/colegio\/galeria\/\"><span style=\"color: #800000;\"><b>pincha aqu\u00ed <\/b><\/span><\/a>y accede a los \u00e1lbumes por etapas.<\/p>\n<p align=\"justify\">\u00a0<\/p>\n<p class=\"western\" align=\"justify\"><i>Y ya sab\u00e9is: <\/i><\/p>\n<h2 class=\"western\" align=\"justify\"><b>YO PARTICIPO\u2026 TODO X IGUAL<\/b><\/h2>\n<hr \/>\n<h2 class=\"western\" align=\"justify\">\u00a0<\/h2>\n<p>\u00a0<\/p>\n<p>[\/et_pb_text][et_pb_gallery _builder_version=\u00bb3.0.51&#8243; posts_number=\u00bb8&#8243; show_title_and_caption=\u00bboff\u00bb show_pagination=\u00bbon\u00bb fullwidth=\u00bboff\u00bb orientation=\u00bblandscape\u00bb zoom_icon_color=\u00bb#dc001b\u00bb hover_overlay_color=\u00bbrgba(255,255,255,0.9)\u00bb hover_icon=\u00bb%%51%%\u00bb background_layout=\u00bblight\u00bb border_style=\u00bbsolid\u00bb auto=\u00bboff\u00bb disabled=\u00bbon\u00bb disabled_on=\u00bbon|on|on\u00bb \/][et_pb_text admin_label=\u00bbT\u00edtulo: Galer\u00eda de fotos (Texto)\u00bb _builder_version=\u00bb3.19.18&#8243; text_font=\u00bb|on|||\u00bb text_text_color=\u00bb#dc001b\u00bb disabled=\u00bboff\u00bb disabled_on=\u00bboff|off|off\u00bb]<\/p>\n<p>V\u00eddeo sobre c\u00f3mo nuestros peque\u00f1os de Infantil han vivido esta Semana Cultural<\/p>\n<p>[\/et_pb_text][et_pb_video _builder_version=\u00bb3.19.18&#8243; disabled=\u00bboff\u00bb disabled_on=\u00bboff|off|off\u00bb src=\u00bbhttps:\/\/www.youtube.com\/watch?v=nNXdIovIEa0&#8243; \/][\/et_pb_column][\/et_pb_row][\/et_pb_section]<\/p>\n","protected":false},"excerpt":{"rendered":"<p>Semana Cultural celebrada en nuestro colegio centrada en la \u201cConstituci\u00f3n Espa\u00f1ola\u201d. Por Equipo de Comunicaci\u00f3n y Marketing. Durante los d\u00edas 15, 16 y 17 de Abril nuestro centro ha variado su agenda celebrando la Semana Cultural 2019 enfocada en la Constituci\u00f3n Espa\u00f1ola: Derechos y Deberes. Para ello, por etapas se han organizado diferentes actividades, talleres [&hellip;]<\/p>\n","protected":false},"author":2,"featured_media":8848,"comment_status":"open","ping_status":"open","sticky":false,"template":"","format":"standard","meta":{"_et_pb_use_builder":"on","_et_pb_old_content":"","_et_gb_content_width":"","footnotes":""},"categories":[22,23,24,25,26],"tags":[],"class_list":["post-8847","post","type-post","status-publish","format-standard","has-post-thumbnail","hentry","category-colegio","category-infantil","category-portadanoticias","category-primaria","category-secundaria"],"yoast_head":"<!-- This site is optimized with the Yoast SEO plugin v28.3 - https:\/\/yoast.com\/product\/yoast-seo-wordpress\/ -->\n<title>Yo Participo\u2026 Todos X Igual - Colegio Salesiano M\u00aa Auxiliadora Villena<\/title>\n<meta name=\"robots\" content=\"index, follow, max-snippet:-1, max-image-preview:large, max-video-preview:-1\" \/>\n<link rel=\"canonical\" href=\"https:\/\/villena.salesianos.edu\/colegio\/yo-participo-todos-x-igual\/\" \/>\n<meta property=\"og:locale\" content=\"es_ES\" \/>\n<meta property=\"og:type\" content=\"article\" \/>\n<meta property=\"og:title\" content=\"Yo Participo\u2026 Todos X Igual - Colegio Salesiano M\u00aa Auxiliadora Villena\" \/>\n<meta property=\"og:description\" content=\"Semana Cultural celebrada en nuestro colegio centrada en la \u201cConstituci\u00f3n Espa\u00f1ola\u201d. Por Equipo de Comunicaci\u00f3n y Marketing. Durante los d\u00edas 15, 16 y 17 de Abril nuestro centro ha variado su agenda celebrando la Semana Cultural 2019 enfocada en la Constituci\u00f3n Espa\u00f1ola: Derechos y Deberes. Para ello, por etapas se han organizado diferentes actividades, talleres [&hellip;]\" \/>\n<meta property=\"og:url\" content=\"https:\/\/villena.salesianos.edu\/colegio\/yo-participo-todos-x-igual\/\" \/>\n<meta property=\"og:site_name\" content=\"Colegio Salesiano M\u00aa Auxiliadora Villena\" \/>\n<meta property=\"article:published_time\" content=\"2019-04-17T14:23:18+00:00\" \/>\n<meta property=\"og:image\" content=\"https:\/\/villena.salesianos.edu\/colegio\/wp-content\/uploads\/sites\/3\/2019\/04\/Captura-de-pantalla-de-2019-04-17-12-01-55.png\" \/>\n\t<meta property=\"og:image:width\" content=\"507\" \/>\n\t<meta property=\"og:image:height\" content=\"318\" \/>\n\t<meta property=\"og:image:type\" content=\"image\/png\" \/>\n<meta name=\"author\" content=\"Gestor Web\" \/>\n<meta name=\"twitter:card\" content=\"summary_large_image\" \/>\n<meta name=\"twitter:label1\" content=\"Escrito por\" \/>\n\t<meta name=\"twitter:data1\" content=\"Gestor Web\" \/>\n\t<meta name=\"twitter:label2\" content=\"Tiempo de lectura\" \/>\n\t<meta name=\"twitter:data2\" content=\"6 minutos\" \/>\n<script type=\"application\/ld+json\" class=\"yoast-schema-graph\">{\"@context\":\"https:\\\/\\\/schema.org\",\"@graph\":[{\"@type\":\"Article\",\"@id\":\"https:\\\/\\\/villena.salesianos.edu\\\/colegio\\\/yo-participo-todos-x-igual\\\/#article\",\"isPartOf\":{\"@id\":\"https:\\\/\\\/villena.salesianos.edu\\\/colegio\\\/yo-participo-todos-x-igual\\\/\"},\"author\":{\"name\":\"Gestor Web\",\"@id\":\"https:\\\/\\\/villena.salesianos.edu\\\/colegio\\\/#\\\/schema\\\/person\\\/737fd46edc5ae7d6c9b94da26c0e9302\"},\"headline\":\"Yo Participo\u2026 Todos X Igual\",\"datePublished\":\"2019-04-17T14:23:18+00:00\",\"mainEntityOfPage\":{\"@id\":\"https:\\\/\\\/villena.salesianos.edu\\\/colegio\\\/yo-participo-todos-x-igual\\\/\"},\"wordCount\":1145,\"commentCount\":0,\"image\":{\"@id\":\"https:\\\/\\\/villena.salesianos.edu\\\/colegio\\\/yo-participo-todos-x-igual\\\/#primaryimage\"},\"thumbnailUrl\":\"https:\\\/\\\/villena.salesianos.edu\\\/colegio\\\/wp-content\\\/uploads\\\/sites\\\/3\\\/2019\\\/04\\\/Captura-de-pantalla-de-2019-04-17-12-01-55.png\",\"articleSection\":[\"Colegio\",\"Infantil\",\"Portada Noticias\",\"Primaria\",\"Secundaria\"],\"inLanguage\":\"es\",\"potentialAction\":[{\"@type\":\"CommentAction\",\"name\":\"Comment\",\"target\":[\"https:\\\/\\\/villena.salesianos.edu\\\/colegio\\\/yo-participo-todos-x-igual\\\/#respond\"]}]},{\"@type\":\"WebPage\",\"@id\":\"https:\\\/\\\/villena.salesianos.edu\\\/colegio\\\/yo-participo-todos-x-igual\\\/\",\"url\":\"https:\\\/\\\/villena.salesianos.edu\\\/colegio\\\/yo-participo-todos-x-igual\\\/\",\"name\":\"Yo Participo\u2026 Todos X Igual - Colegio Salesiano M\u00aa Auxiliadora Villena\",\"isPartOf\":{\"@id\":\"https:\\\/\\\/villena.salesianos.edu\\\/colegio\\\/#website\"},\"primaryImageOfPage\":{\"@id\":\"https:\\\/\\\/villena.salesianos.edu\\\/colegio\\\/yo-participo-todos-x-igual\\\/#primaryimage\"},\"image\":{\"@id\":\"https:\\\/\\\/villena.salesianos.edu\\\/colegio\\\/yo-participo-todos-x-igual\\\/#primaryimage\"},\"thumbnailUrl\":\"https:\\\/\\\/villena.salesianos.edu\\\/colegio\\\/wp-content\\\/uploads\\\/sites\\\/3\\\/2019\\\/04\\\/Captura-de-pantalla-de-2019-04-17-12-01-55.png\",\"datePublished\":\"2019-04-17T14:23:18+00:00\",\"author\":{\"@id\":\"https:\\\/\\\/villena.salesianos.edu\\\/colegio\\\/#\\\/schema\\\/person\\\/737fd46edc5ae7d6c9b94da26c0e9302\"},\"breadcrumb\":{\"@id\":\"https:\\\/\\\/villena.salesianos.edu\\\/colegio\\\/yo-participo-todos-x-igual\\\/#breadcrumb\"},\"inLanguage\":\"es\",\"potentialAction\":[{\"@type\":\"ReadAction\",\"target\":[\"https:\\\/\\\/villena.salesianos.edu\\\/colegio\\\/yo-participo-todos-x-igual\\\/\"]}]},{\"@type\":\"ImageObject\",\"inLanguage\":\"es\",\"@id\":\"https:\\\/\\\/villena.salesianos.edu\\\/colegio\\\/yo-participo-todos-x-igual\\\/#primaryimage\",\"url\":\"https:\\\/\\\/villena.salesianos.edu\\\/colegio\\\/wp-content\\\/uploads\\\/sites\\\/3\\\/2019\\\/04\\\/Captura-de-pantalla-de-2019-04-17-12-01-55.png\",\"contentUrl\":\"https:\\\/\\\/villena.salesianos.edu\\\/colegio\\\/wp-content\\\/uploads\\\/sites\\\/3\\\/2019\\\/04\\\/Captura-de-pantalla-de-2019-04-17-12-01-55.png\",\"width\":507,\"height\":318},{\"@type\":\"BreadcrumbList\",\"@id\":\"https:\\\/\\\/villena.salesianos.edu\\\/colegio\\\/yo-participo-todos-x-igual\\\/#breadcrumb\",\"itemListElement\":[{\"@type\":\"ListItem\",\"position\":1,\"name\":\"Portada\",\"item\":\"https:\\\/\\\/villena.salesianos.edu\\\/colegio\\\/\"},{\"@type\":\"ListItem\",\"position\":2,\"name\":\"Yo Participo\u2026 Todos X Igual\"}]},{\"@type\":\"WebSite\",\"@id\":\"https:\\\/\\\/villena.salesianos.edu\\\/colegio\\\/#website\",\"url\":\"https:\\\/\\\/villena.salesianos.edu\\\/colegio\\\/\",\"name\":\"Colegio Salesiano M\u00aa Auxiliadora Villena\",\"description\":\"P\u00e1gina oficial Salesianos Villena\",\"potentialAction\":[{\"@type\":\"SearchAction\",\"target\":{\"@type\":\"EntryPoint\",\"urlTemplate\":\"https:\\\/\\\/villena.salesianos.edu\\\/colegio\\\/?s={search_term_string}\"},\"query-input\":{\"@type\":\"PropertyValueSpecification\",\"valueRequired\":true,\"valueName\":\"search_term_string\"}}],\"inLanguage\":\"es\"},{\"@type\":\"Person\",\"@id\":\"https:\\\/\\\/villena.salesianos.edu\\\/colegio\\\/#\\\/schema\\\/person\\\/737fd46edc5ae7d6c9b94da26c0e9302\",\"name\":\"Gestor Web\",\"image\":{\"@type\":\"ImageObject\",\"inLanguage\":\"es\",\"@id\":\"https:\\\/\\\/secure.gravatar.com\\\/avatar\\\/44469746e1b6443cd011d1759fdc3b9fdcdae4a08dc0ddd85247651cb065486d?s=96&d=mm&r=g\",\"url\":\"https:\\\/\\\/secure.gravatar.com\\\/avatar\\\/44469746e1b6443cd011d1759fdc3b9fdcdae4a08dc0ddd85247651cb065486d?s=96&d=mm&r=g\",\"contentUrl\":\"https:\\\/\\\/secure.gravatar.com\\\/avatar\\\/44469746e1b6443cd011d1759fdc3b9fdcdae4a08dc0ddd85247651cb065486d?s=96&d=mm&r=g\",\"caption\":\"Gestor Web\"}}]}<\/script>\n<!-- \/ Yoast SEO plugin. -->","yoast_head_json":{"title":"Yo Participo\u2026 Todos X Igual - Colegio Salesiano M\u00aa Auxiliadora Villena","robots":{"index":"index","follow":"follow","max-snippet":"max-snippet:-1","max-image-preview":"max-image-preview:large","max-video-preview":"max-video-preview:-1"},"canonical":"https:\/\/villena.salesianos.edu\/colegio\/yo-participo-todos-x-igual\/","og_locale":"es_ES","og_type":"article","og_title":"Yo Participo\u2026 Todos X Igual - Colegio Salesiano M\u00aa Auxiliadora Villena","og_description":"Semana Cultural celebrada en nuestro colegio centrada en la \u201cConstituci\u00f3n Espa\u00f1ola\u201d. Por Equipo de Comunicaci\u00f3n y Marketing. Durante los d\u00edas 15, 16 y 17 de Abril nuestro centro ha variado su agenda celebrando la Semana Cultural 2019 enfocada en la Constituci\u00f3n Espa\u00f1ola: Derechos y Deberes. Para ello, por etapas se han organizado diferentes actividades, talleres [&hellip;]","og_url":"https:\/\/villena.salesianos.edu\/colegio\/yo-participo-todos-x-igual\/","og_site_name":"Colegio Salesiano M\u00aa Auxiliadora Villena","article_published_time":"2019-04-17T14:23:18+00:00","og_image":[{"width":507,"height":318,"url":"https:\/\/villena.salesianos.edu\/colegio\/wp-content\/uploads\/sites\/3\/2019\/04\/Captura-de-pantalla-de-2019-04-17-12-01-55.png","type":"image\/png"}],"author":"Gestor Web","twitter_card":"summary_large_image","twitter_misc":{"Escrito por":"Gestor Web","Tiempo de lectura":"6 minutos"},"schema":{"@context":"https:\/\/schema.org","@graph":[{"@type":"Article","@id":"https:\/\/villena.salesianos.edu\/colegio\/yo-participo-todos-x-igual\/#article","isPartOf":{"@id":"https:\/\/villena.salesianos.edu\/colegio\/yo-participo-todos-x-igual\/"},"author":{"name":"Gestor Web","@id":"https:\/\/villena.salesianos.edu\/colegio\/#\/schema\/person\/737fd46edc5ae7d6c9b94da26c0e9302"},"headline":"Yo Participo\u2026 Todos X Igual","datePublished":"2019-04-17T14:23:18+00:00","mainEntityOfPage":{"@id":"https:\/\/villena.salesianos.edu\/colegio\/yo-participo-todos-x-igual\/"},"wordCount":1145,"commentCount":0,"image":{"@id":"https:\/\/villena.salesianos.edu\/colegio\/yo-participo-todos-x-igual\/#primaryimage"},"thumbnailUrl":"https:\/\/villena.salesianos.edu\/colegio\/wp-content\/uploads\/sites\/3\/2019\/04\/Captura-de-pantalla-de-2019-04-17-12-01-55.png","articleSection":["Colegio","Infantil","Portada Noticias","Primaria","Secundaria"],"inLanguage":"es","potentialAction":[{"@type":"CommentAction","name":"Comment","target":["https:\/\/villena.salesianos.edu\/colegio\/yo-participo-todos-x-igual\/#respond"]}]},{"@type":"WebPage","@id":"https:\/\/villena.salesianos.edu\/colegio\/yo-participo-todos-x-igual\/","url":"https:\/\/villena.salesianos.edu\/colegio\/yo-participo-todos-x-igual\/","name":"Yo Participo\u2026 Todos X Igual - Colegio Salesiano M\u00aa Auxiliadora Villena","isPartOf":{"@id":"https:\/\/villena.salesianos.edu\/colegio\/#website"},"primaryImageOfPage":{"@id":"https:\/\/villena.salesianos.edu\/colegio\/yo-participo-todos-x-igual\/#primaryimage"},"image":{"@id":"https:\/\/villena.salesianos.edu\/colegio\/yo-participo-todos-x-igual\/#primaryimage"},"thumbnailUrl":"https:\/\/villena.salesianos.edu\/colegio\/wp-content\/uploads\/sites\/3\/2019\/04\/Captura-de-pantalla-de-2019-04-17-12-01-55.png","datePublished":"2019-04-17T14:23:18+00:00","author":{"@id":"https:\/\/villena.salesianos.edu\/colegio\/#\/schema\/person\/737fd46edc5ae7d6c9b94da26c0e9302"},"breadcrumb":{"@id":"https:\/\/villena.salesianos.edu\/colegio\/yo-participo-todos-x-igual\/#breadcrumb"},"inLanguage":"es","potentialAction":[{"@type":"ReadAction","target":["https:\/\/villena.salesianos.edu\/colegio\/yo-participo-todos-x-igual\/"]}]},{"@type":"ImageObject","inLanguage":"es","@id":"https:\/\/villena.salesianos.edu\/colegio\/yo-participo-todos-x-igual\/#primaryimage","url":"https:\/\/villena.salesianos.edu\/colegio\/wp-content\/uploads\/sites\/3\/2019\/04\/Captura-de-pantalla-de-2019-04-17-12-01-55.png","contentUrl":"https:\/\/villena.salesianos.edu\/colegio\/wp-content\/uploads\/sites\/3\/2019\/04\/Captura-de-pantalla-de-2019-04-17-12-01-55.png","width":507,"height":318},{"@type":"BreadcrumbList","@id":"https:\/\/villena.salesianos.edu\/colegio\/yo-participo-todos-x-igual\/#breadcrumb","itemListElement":[{"@type":"ListItem","position":1,"name":"Portada","item":"https:\/\/villena.salesianos.edu\/colegio\/"},{"@type":"ListItem","position":2,"name":"Yo Participo\u2026 Todos X Igual"}]},{"@type":"WebSite","@id":"https:\/\/villena.salesianos.edu\/colegio\/#website","url":"https:\/\/villena.salesianos.edu\/colegio\/","name":"Colegio Salesiano M\u00aa Auxiliadora Villena","description":"P\u00e1gina oficial Salesianos Villena","potentialAction":[{"@type":"SearchAction","target":{"@type":"EntryPoint","urlTemplate":"https:\/\/villena.salesianos.edu\/colegio\/?s={search_term_string}"},"query-input":{"@type":"PropertyValueSpecification","valueRequired":true,"valueName":"search_term_string"}}],"inLanguage":"es"},{"@type":"Person","@id":"https:\/\/villena.salesianos.edu\/colegio\/#\/schema\/person\/737fd46edc5ae7d6c9b94da26c0e9302","name":"Gestor Web","image":{"@type":"ImageObject","inLanguage":"es","@id":"https:\/\/secure.gravatar.com\/avatar\/44469746e1b6443cd011d1759fdc3b9fdcdae4a08dc0ddd85247651cb065486d?s=96&d=mm&r=g","url":"https:\/\/secure.gravatar.com\/avatar\/44469746e1b6443cd011d1759fdc3b9fdcdae4a08dc0ddd85247651cb065486d?s=96&d=mm&r=g","contentUrl":"https:\/\/secure.gravatar.com\/avatar\/44469746e1b6443cd011d1759fdc3b9fdcdae4a08dc0ddd85247651cb065486d?s=96&d=mm&r=g","caption":"Gestor Web"}}]}},"_links":{"self":[{"href":"https:\/\/villena.salesianos.edu\/colegio\/wp-json\/wp\/v2\/posts\/8847","targetHints":{"allow":["GET"]}}],"collection":[{"href":"https:\/\/villena.salesianos.edu\/colegio\/wp-json\/wp\/v2\/posts"}],"about":[{"href":"https:\/\/villena.salesianos.edu\/colegio\/wp-json\/wp\/v2\/types\/post"}],"author":[{"embeddable":true,"href":"https:\/\/villena.salesianos.edu\/colegio\/wp-json\/wp\/v2\/users\/2"}],"replies":[{"embeddable":true,"href":"https:\/\/villena.salesianos.edu\/colegio\/wp-json\/wp\/v2\/comments?post=8847"}],"version-history":[{"count":1,"href":"https:\/\/villena.salesianos.edu\/colegio\/wp-json\/wp\/v2\/posts\/8847\/revisions"}],"predecessor-version":[{"id":8849,"href":"https:\/\/villena.salesianos.edu\/colegio\/wp-json\/wp\/v2\/posts\/8847\/revisions\/8849"}],"wp:featuredmedia":[{"embeddable":true,"href":"https:\/\/villena.salesianos.edu\/colegio\/wp-json\/wp\/v2\/media\/8848"}],"wp:attachment":[{"href":"https:\/\/villena.salesianos.edu\/colegio\/wp-json\/wp\/v2\/media?parent=8847"}],"wp:term":[{"taxonomy":"category","embeddable":true,"href":"https:\/\/villena.salesianos.edu\/colegio\/wp-json\/wp\/v2\/categories?post=8847"},{"taxonomy":"post_tag","embeddable":true,"href":"https:\/\/villena.salesianos.edu\/colegio\/wp-json\/wp\/v2\/tags?post=8847"}],"curies":[{"name":"wp","href":"https:\/\/api.w.org\/{rel}","templated":true}]}}